{"id":33703,"date":"2016-10-17T12:18:16","date_gmt":"2016-10-17T09:18:16","guid":{"rendered":"http:\/\/urbeamea.ro\/albaiulia\/?p=33703"},"modified":"2016-10-17T12:18:16","modified_gmt":"2016-10-17T09:18:16","slug":"dosare-penale-pentru-doi-tineri-din-cugir-dupa-ce-au-condus-mopede-fara-permis","status":"publish","type":"post","link":"https:\/\/urbeamea.ro\/albaiulia\/dosare-penale-pentru-doi-tineri-din-cugir-dupa-ce-au-condus-mopede-fara-permis\/","title":{"rendered":"Dosare penale pentru doi tineri din Cugir dup\u0103 ce au condus mopede, f\u0103r\u0103 permis"},"content":{"rendered":"<p><strong><img loading=\"lazy\" decoding=\"async\" class=\"size-medium wp-image-32009 alignleft\" src=\"http:\/\/urbeamea.ro\/albaiulia\/wp-content\/uploads\/2016\/09\/radare-politie1-300x225.jpg\" alt=\"radare-politie1\" width=\"300\" height=\"225\" \/>Doi tineri \u00een v\u00e2rst\u0103 de 21, respectiv 27 de ani, din Cugir, sunt cerceta\u0163i de poli\u0163i\u015fti pentru conducere f\u0103r\u0103 permis.<\/strong><\/p>\n<p>Potrivit IPJ Alba, vineri, 14 octombrie, \u00een jurul orelor 16.00, poli\u0163i\u015ftii rutieri din Cugir au oprit pentru control, pe strada Principal\u0103 din localitatea Vinerea, dou\u0103 mopede ce erau conduse de doi tineri de 21 de ani, respectiv 27 de ani, ambii din Cugir.<\/p>\n<p>\u00cen urma verific\u0103rilor efectuate, poli\u0163i\u015ftii au constatat c\u0103 niciunul dintre mopedi\u015ftii controla\u0163i nu posedau permise de conducere, pentru nicio categorie de autovehicule.<\/p>\n<p>Fa\u0163\u0103 de cei doi tineri, cercet\u0103rile sunt continuate sub aspectul comiterii infrac\u021biunii de conducere f\u0103r\u0103 permis.<\/p>\n","protected":false},"excerpt":{"rendered":"<p>Doi tineri \u00een v\u00e2rst\u0103 de 21, respectiv 27 de ani, din Cugir, sunt cerceta\u0163i de poli\u0163i\u015fti pentru conducere f\u0103r\u0103 permis. Potrivit IPJ Alba, vineri, 14 octombrie, \u00een jurul orelor 16.00, poli\u0163i\u015ftii rutieri din Cugir au oprit pentru control, pe strada Principal\u0103 din localitatea Vinerea, dou\u0103 mopede ce erau conduse de doi tineri de 21 de &hellip;<\/p>\n","protected":false},"author":17,"featured_media":32009,"comment_status":"open","ping_status":"open","sticky":false,"template":"","format":"standard","meta":{"inline_featured_image":false,"footnotes":""},"categories":[2034],"tags":[307,1424,2938,6710,401,458,308,76],"class_list":["post-33703","post","type-post","status-publish","format-standard","has-post-thumbnail","hentry","category-social","tag-alba","tag-cugir","tag-infractiuni-rutiere","tag-mopedisti","tag-permis-de-conducere","tag-politisti","tag-stiri","tag-urbea-mea"],"yoast_head":"<!-- This site is optimized with the Yoast SEO plugin v28.3 - https:\/\/yoast.com\/product\/yoast-seo-wordpress\/ -->\n<title>Dosare penale pentru doi tineri din Cugir dup\u0103 ce au condus mopede, f\u0103r\u0103 permis - Revista Urbea Mea - Revista de Alba<\/title>\n<meta name=\"description\" content=\"Doi tineri \u00een v\u00e2rst\u0103 de 21, respectiv 27 de ani, din Cugir, sunt cerceta\u0163i de poli\u0163i\u015fti pentru conducere f\u0103r\u0103 permis. Potrivit IPJ Alba, vineri, 14\" \/>\n<meta name=\"robots\" content=\"index, follow, max-snippet:-1, max-image-preview:large, max-video-preview:-1\" \/>\n<link rel=\"canonical\" href=\"https:\/\/urbeamea.ro\/albaiulia\/dosare-penale-pentru-doi-tineri-din-cugir-dupa-ce-au-condus-mopede-fara-permis\/\" \/>\n<meta name=\"twitter:card\" content=\"summary_large_image\" \/>\n<meta name=\"twitter:title\" content=\"Dosare penale pentru doi tineri din Cugir dup\u0103 ce au condus mopede, f\u0103r\u0103 permis - Revista Urbea Mea - Revista de Alba\" \/>\n<meta name=\"twitter:description\" content=\"Doi tineri \u00een v\u00e2rst\u0103 de 21, respectiv 27 de ani, din Cugir, sunt cerceta\u0163i de poli\u0163i\u015fti pentru conducere f\u0103r\u0103 permis. Potrivit IPJ Alba, vineri, 14\" \/>\n<meta name=\"twitter:image\" content=\"https:\/\/urbeamea.ro\/albaiulia\/wp-content\/uploads\/2016\/09\/radare-politie1.jpg\" \/>\n<meta name=\"twitter:creator\" content=\"@urbeameaweb\" \/>\n<meta name=\"twitter:site\" content=\"@urbeameaweb\" \/>\n<script type=\"application\/ld+json\" class=\"yoast-schema-graph\">{\"@context\":\"https:\\\/\\\/schema.org\",\"@graph\":[{\"@type\":\"Article\",\"@id\":\"https:\\\/\\\/urbeamea.ro\\\/albaiulia\\\/dosare-penale-pentru-doi-tineri-din-cugir-dupa-ce-au-condus-mopede-fara-permis\\\/#article\",\"isPartOf\":{\"@id\":\"https:\\\/\\\/urbeamea.ro\\\/albaiulia\\\/dosare-penale-pentru-doi-tineri-din-cugir-dupa-ce-au-condus-mopede-fara-permis\\\/\"},\"author\":{\"name\":\"Cristina Ganga\",\"@id\":\"https:\\\/\\\/urbeamea.ro\\\/albaiulia\\\/#\\\/schema\\\/person\\\/9700d21fae21c4f038b0b56f4506264a\"},\"headline\":\"Dosare penale pentru doi tineri din Cugir dup\u0103 ce au condus mopede, f\u0103r\u0103 permis\",\"datePublished\":\"2016-10-17T09:18:16+00:00\",\"mainEntityOfPage\":{\"@id\":\"https:\\\/\\\/urbeamea.ro\\\/albaiulia\\\/dosare-penale-pentru-doi-tineri-din-cugir-dupa-ce-au-condus-mopede-fara-permis\\\/\"},\"wordCount\":125,\"commentCount\":0,\"image\":{\"@id\":\"https:\\\/\\\/urbeamea.ro\\\/albaiulia\\\/dosare-penale-pentru-doi-tineri-din-cugir-dupa-ce-au-condus-mopede-fara-permis\\\/#primaryimage\"},\"thumbnailUrl\":\"https:\\\/\\\/urbeamea.ro\\\/albaiulia\\\/wp-content\\\/uploads\\\/2016\\\/09\\\/radare-politie1.jpg\",\"keywords\":[\"alba\",\"cugir\",\"infractiuni rutiere\",\"mopedisti\",\"permis de conducere\",\"politisti\",\"stiri\",\"Urbea Mea\"],\"articleSection\":[\"Social\"],\"inLanguage\":\"ro-RO\",\"potentialAction\":[{\"@type\":\"CommentAction\",\"name\":\"Comment\",\"target\":[\"https:\\\/\\\/urbeamea.ro\\\/albaiulia\\\/dosare-penale-pentru-doi-tineri-din-cugir-dupa-ce-au-condus-mopede-fara-permis\\\/#respond\"]}]},{\"@type\":\"WebPage\",\"@id\":\"https:\\\/\\\/urbeamea.ro\\\/albaiulia\\\/dosare-penale-pentru-doi-tineri-din-cugir-dupa-ce-au-condus-mopede-fara-permis\\\/\",\"url\":\"https:\\\/\\\/urbeamea.ro\\\/albaiulia\\\/dosare-penale-pentru-doi-tineri-din-cugir-dupa-ce-au-condus-mopede-fara-permis\\\/\",\"name\":\"Dosare penale pentru doi tineri din Cugir dup\u0103 ce au condus mopede, f\u0103r\u0103 permis - Revista Urbea Mea - Revista de Alba\",\"isPartOf\":{\"@id\":\"https:\\\/\\\/urbeamea.ro\\\/albaiulia\\\/#website\"},\"primaryImageOfPage\":{\"@id\":\"https:\\\/\\\/urbeamea.ro\\\/albaiulia\\\/dosare-penale-pentru-doi-tineri-din-cugir-dupa-ce-au-condus-mopede-fara-permis\\\/#primaryimage\"},\"image\":{\"@id\":\"https:\\\/\\\/urbeamea.ro\\\/albaiulia\\\/dosare-penale-pentru-doi-tineri-din-cugir-dupa-ce-au-condus-mopede-fara-permis\\\/#primaryimage\"},\"thumbnailUrl\":\"https:\\\/\\\/urbeamea.ro\\\/albaiulia\\\/wp-content\\\/uploads\\\/2016\\\/09\\\/radare-politie1.jpg\",\"datePublished\":\"2016-10-17T09:18:16+00:00\",\"author\":{\"@id\":\"https:\\\/\\\/urbeamea.ro\\\/albaiulia\\\/#\\\/schema\\\/person\\\/9700d21fae21c4f038b0b56f4506264a\"},\"description\":\"Doi tineri \u00een v\u00e2rst\u0103 de 21, respectiv 27 de ani, din Cugir, sunt cerceta\u0163i de poli\u0163i\u015fti pentru conducere f\u0103r\u0103 permis. Potrivit IPJ Alba, vineri, 14\",\"breadcrumb\":{\"@id\":\"https:\\\/\\\/urbeamea.ro\\\/albaiulia\\\/dosare-penale-pentru-doi-tineri-din-cugir-dupa-ce-au-condus-mopede-fara-permis\\\/#breadcrumb\"},\"inLanguage\":\"ro-RO\",\"potentialAction\":[{\"@type\":\"ReadAction\",\"target\":[\"https:\\\/\\\/urbeamea.ro\\\/albaiulia\\\/dosare-penale-pentru-doi-tineri-din-cugir-dupa-ce-au-condus-mopede-fara-permis\\\/\"]}]},{\"@type\":\"ImageObject\",\"inLanguage\":\"ro-RO\",\"@id\":\"https:\\\/\\\/urbeamea.ro\\\/albaiulia\\\/dosare-penale-pentru-doi-tineri-din-cugir-dupa-ce-au-condus-mopede-fara-permis\\\/#primaryimage\",\"url\":\"https:\\\/\\\/urbeamea.ro\\\/albaiulia\\\/wp-content\\\/uploads\\\/2016\\\/09\\\/radare-politie1.jpg\",\"contentUrl\":\"https:\\\/\\\/urbeamea.ro\\\/albaiulia\\\/wp-content\\\/uploads\\\/2016\\\/09\\\/radare-politie1.jpg\",\"width\":646,\"height\":485},{\"@type\":\"BreadcrumbList\",\"@id\":\"https:\\\/\\\/urbeamea.ro\\\/albaiulia\\\/dosare-penale-pentru-doi-tineri-din-cugir-dupa-ce-au-condus-mopede-fara-permis\\\/#breadcrumb\",\"itemListElement\":[{\"@type\":\"ListItem\",\"position\":1,\"name\":\"Prima pagin\u0103\",\"item\":\"https:\\\/\\\/urbeamea.ro\\\/albaiulia\\\/\"},{\"@type\":\"ListItem\",\"position\":2,\"name\":\"Dosare penale pentru doi tineri din Cugir dup\u0103 ce au condus mopede, f\u0103r\u0103 permis\"}]},{\"@type\":\"WebSite\",\"@id\":\"https:\\\/\\\/urbeamea.ro\\\/albaiulia\\\/#website\",\"url\":\"https:\\\/\\\/urbeamea.ro\\\/albaiulia\\\/\",\"name\":\"Revista Urbea Mea, Stiri urbane\",\"description\":\"Evenimente \u0219i \u0219tiri din Alba Iulia, Sebe\u0219, Aiud, Blaj\",\"potentialAction\":[{\"@type\":\"SearchAction\",\"target\":{\"@type\":\"EntryPoint\",\"urlTemplate\":\"https:\\\/\\\/urbeamea.ro\\\/albaiulia\\\/?s={search_term_string}\"},\"query-input\":{\"@type\":\"PropertyValueSpecification\",\"valueRequired\":true,\"valueName\":\"search_term_string\"}}],\"inLanguage\":\"ro-RO\"},{\"@type\":\"Person\",\"@id\":\"https:\\\/\\\/urbeamea.ro\\\/albaiulia\\\/#\\\/schema\\\/person\\\/9700d21fae21c4f038b0b56f4506264a\",\"name\":\"Cristina Ganga\",\"image\":{\"@type\":\"ImageObject\",\"inLanguage\":\"ro-RO\",\"@id\":\"https:\\\/\\\/secure.gravatar.com\\\/avatar\\\/5a67661041f057b4a8ccaf26f5a8e86e2689372006d01faf3dd9eeb10b654bb4?s=96&d=mm&r=g\",\"url\":\"https:\\\/\\\/secure.gravatar.com\\\/avatar\\\/5a67661041f057b4a8ccaf26f5a8e86e2689372006d01faf3dd9eeb10b654bb4?s=96&d=mm&r=g\",\"contentUrl\":\"https:\\\/\\\/secure.gravatar.com\\\/avatar\\\/5a67661041f057b4a8ccaf26f5a8e86e2689372006d01faf3dd9eeb10b654bb4?s=96&d=mm&r=g\",\"caption\":\"Cristina Ganga\"},\"description\":\"Jurnalist\",\"sameAs\":[\"https:\\\/\\\/www.facebook.com\\\/cristina.nicola.587\"],\"url\":\"https:\\\/\\\/urbeamea.ro\\\/albaiulia\\\/author\\\/cristina-nicola\\\/\"}]}<\/script>\n<!-- \/ Yoast SEO plugin. -->","yoast_head_json":{"title":"Dosare penale pentru doi tineri din Cugir dup\u0103 ce au condus mopede, f\u0103r\u0103 permis - Revista Urbea Mea - Revista de Alba","description":"Doi tineri \u00een v\u00e2rst\u0103 de 21, respectiv 27 de ani, din Cugir, sunt cerceta\u0163i de poli\u0163i\u015fti pentru conducere f\u0103r\u0103 permis. Potrivit IPJ Alba, vineri, 14","robots":{"index":"index","follow":"follow","max-snippet":"max-snippet:-1","max-image-preview":"max-image-preview:large","max-video-preview":"max-video-preview:-1"},"canonical":"https:\/\/urbeamea.ro\/albaiulia\/dosare-penale-pentru-doi-tineri-din-cugir-dupa-ce-au-condus-mopede-fara-permis\/","twitter_card":"summary_large_image","twitter_title":"Dosare penale pentru doi tineri din Cugir dup\u0103 ce au condus mopede, f\u0103r\u0103 permis - Revista Urbea Mea - Revista de Alba","twitter_description":"Doi tineri \u00een v\u00e2rst\u0103 de 21, respectiv 27 de ani, din Cugir, sunt cerceta\u0163i de poli\u0163i\u015fti pentru conducere f\u0103r\u0103 permis. Potrivit IPJ Alba, vineri, 14","twitter_image":"https:\/\/urbeamea.ro\/albaiulia\/wp-content\/uploads\/2016\/09\/radare-politie1.jpg","twitter_creator":"@urbeameaweb","twitter_site":"@urbeameaweb","schema":{"@context":"https:\/\/schema.org","@graph":[{"@type":"Article","@id":"https:\/\/urbeamea.ro\/albaiulia\/dosare-penale-pentru-doi-tineri-din-cugir-dupa-ce-au-condus-mopede-fara-permis\/#article","isPartOf":{"@id":"https:\/\/urbeamea.ro\/albaiulia\/dosare-penale-pentru-doi-tineri-din-cugir-dupa-ce-au-condus-mopede-fara-permis\/"},"author":{"name":"Cristina Ganga","@id":"https:\/\/urbeamea.ro\/albaiulia\/#\/schema\/person\/9700d21fae21c4f038b0b56f4506264a"},"headline":"Dosare penale pentru doi tineri din Cugir dup\u0103 ce au condus mopede, f\u0103r\u0103 permis","datePublished":"2016-10-17T09:18:16+00:00","mainEntityOfPage":{"@id":"https:\/\/urbeamea.ro\/albaiulia\/dosare-penale-pentru-doi-tineri-din-cugir-dupa-ce-au-condus-mopede-fara-permis\/"},"wordCount":125,"commentCount":0,"image":{"@id":"https:\/\/urbeamea.ro\/albaiulia\/dosare-penale-pentru-doi-tineri-din-cugir-dupa-ce-au-condus-mopede-fara-permis\/#primaryimage"},"thumbnailUrl":"https:\/\/urbeamea.ro\/albaiulia\/wp-content\/uploads\/2016\/09\/radare-politie1.jpg","keywords":["alba","cugir","infractiuni rutiere","mopedisti","permis de conducere","politisti","stiri","Urbea Mea"],"articleSection":["Social"],"inLanguage":"ro-RO","potentialAction":[{"@type":"CommentAction","name":"Comment","target":["https:\/\/urbeamea.ro\/albaiulia\/dosare-penale-pentru-doi-tineri-din-cugir-dupa-ce-au-condus-mopede-fara-permis\/#respond"]}]},{"@type":"WebPage","@id":"https:\/\/urbeamea.ro\/albaiulia\/dosare-penale-pentru-doi-tineri-din-cugir-dupa-ce-au-condus-mopede-fara-permis\/","url":"https:\/\/urbeamea.ro\/albaiulia\/dosare-penale-pentru-doi-tineri-din-cugir-dupa-ce-au-condus-mopede-fara-permis\/","name":"Dosare penale pentru doi tineri din Cugir dup\u0103 ce au condus mopede, f\u0103r\u0103 permis - Revista Urbea Mea - Revista de Alba","isPartOf":{"@id":"https:\/\/urbeamea.ro\/albaiulia\/#website"},"primaryImageOfPage":{"@id":"https:\/\/urbeamea.ro\/albaiulia\/dosare-penale-pentru-doi-tineri-din-cugir-dupa-ce-au-condus-mopede-fara-permis\/#primaryimage"},"image":{"@id":"https:\/\/urbeamea.ro\/albaiulia\/dosare-penale-pentru-doi-tineri-din-cugir-dupa-ce-au-condus-mopede-fara-permis\/#primaryimage"},"thumbnailUrl":"https:\/\/urbeamea.ro\/albaiulia\/wp-content\/uploads\/2016\/09\/radare-politie1.jpg","datePublished":"2016-10-17T09:18:16+00:00","author":{"@id":"https:\/\/urbeamea.ro\/albaiulia\/#\/schema\/person\/9700d21fae21c4f038b0b56f4506264a"},"description":"Doi tineri \u00een v\u00e2rst\u0103 de 21, respectiv 27 de ani, din Cugir, sunt cerceta\u0163i de poli\u0163i\u015fti pentru conducere f\u0103r\u0103 permis. Potrivit IPJ Alba, vineri, 14","breadcrumb":{"@id":"https:\/\/urbeamea.ro\/albaiulia\/dosare-penale-pentru-doi-tineri-din-cugir-dupa-ce-au-condus-mopede-fara-permis\/#breadcrumb"},"inLanguage":"ro-RO","potentialAction":[{"@type":"ReadAction","target":["https:\/\/urbeamea.ro\/albaiulia\/dosare-penale-pentru-doi-tineri-din-cugir-dupa-ce-au-condus-mopede-fara-permis\/"]}]},{"@type":"ImageObject","inLanguage":"ro-RO","@id":"https:\/\/urbeamea.ro\/albaiulia\/dosare-penale-pentru-doi-tineri-din-cugir-dupa-ce-au-condus-mopede-fara-permis\/#primaryimage","url":"https:\/\/urbeamea.ro\/albaiulia\/wp-content\/uploads\/2016\/09\/radare-politie1.jpg","contentUrl":"https:\/\/urbeamea.ro\/albaiulia\/wp-content\/uploads\/2016\/09\/radare-politie1.jpg","width":646,"height":485},{"@type":"BreadcrumbList","@id":"https:\/\/urbeamea.ro\/albaiulia\/dosare-penale-pentru-doi-tineri-din-cugir-dupa-ce-au-condus-mopede-fara-permis\/#breadcrumb","itemListElement":[{"@type":"ListItem","position":1,"name":"Prima pagin\u0103","item":"https:\/\/urbeamea.ro\/albaiulia\/"},{"@type":"ListItem","position":2,"name":"Dosare penale pentru doi tineri din Cugir dup\u0103 ce au condus mopede, f\u0103r\u0103 permis"}]},{"@type":"WebSite","@id":"https:\/\/urbeamea.ro\/albaiulia\/#website","url":"https:\/\/urbeamea.ro\/albaiulia\/","name":"Revista Urbea Mea, Stiri urbane","description":"Evenimente \u0219i \u0219tiri din Alba Iulia, Sebe\u0219, Aiud, Blaj","potentialAction":[{"@type":"SearchAction","target":{"@type":"EntryPoint","urlTemplate":"https:\/\/urbeamea.ro\/albaiulia\/?s={search_term_string}"},"query-input":{"@type":"PropertyValueSpecification","valueRequired":true,"valueName":"search_term_string"}}],"inLanguage":"ro-RO"},{"@type":"Person","@id":"https:\/\/urbeamea.ro\/albaiulia\/#\/schema\/person\/9700d21fae21c4f038b0b56f4506264a","name":"Cristina Ganga","image":{"@type":"ImageObject","inLanguage":"ro-RO","@id":"https:\/\/secure.gravatar.com\/avatar\/5a67661041f057b4a8ccaf26f5a8e86e2689372006d01faf3dd9eeb10b654bb4?s=96&d=mm&r=g","url":"https:\/\/secure.gravatar.com\/avatar\/5a67661041f057b4a8ccaf26f5a8e86e2689372006d01faf3dd9eeb10b654bb4?s=96&d=mm&r=g","contentUrl":"https:\/\/secure.gravatar.com\/avatar\/5a67661041f057b4a8ccaf26f5a8e86e2689372006d01faf3dd9eeb10b654bb4?s=96&d=mm&r=g","caption":"Cristina Ganga"},"description":"Jurnalist","sameAs":["https:\/\/www.facebook.com\/cristina.nicola.587"],"url":"https:\/\/urbeamea.ro\/albaiulia\/author\/cristina-nicola\/"}]}},"_links":{"self":[{"href":"https:\/\/urbeamea.ro\/albaiulia\/wp-json\/wp\/v2\/posts\/33703","targetHints":{"allow":["GET"]}}],"collection":[{"href":"https:\/\/urbeamea.ro\/albaiulia\/wp-json\/wp\/v2\/posts"}],"about":[{"href":"https:\/\/urbeamea.ro\/albaiulia\/wp-json\/wp\/v2\/types\/post"}],"author":[{"embeddable":true,"href":"https:\/\/urbeamea.ro\/albaiulia\/wp-json\/wp\/v2\/users\/17"}],"replies":[{"embeddable":true,"href":"https:\/\/urbeamea.ro\/albaiulia\/wp-json\/wp\/v2\/comments?post=33703"}],"version-history":[{"count":0,"href":"https:\/\/urbeamea.ro\/albaiulia\/wp-json\/wp\/v2\/posts\/33703\/revisions"}],"wp:featuredmedia":[{"embeddable":true,"href":"https:\/\/urbeamea.ro\/albaiulia\/wp-json\/wp\/v2\/media\/32009"}],"wp:attachment":[{"href":"https:\/\/urbeamea.ro\/albaiulia\/wp-json\/wp\/v2\/media?parent=33703"}],"wp:term":[{"taxonomy":"category","embeddable":true,"href":"https:\/\/urbeamea.ro\/albaiulia\/wp-json\/wp\/v2\/categories?post=33703"},{"taxonomy":"post_tag","embeddable":true,"href":"https:\/\/urbeamea.ro\/albaiulia\/wp-json\/wp\/v2\/tags?post=33703"}],"curies":[{"name":"wp","href":"https:\/\/api.w.org\/{rel}","templated":true}]}}