{"id":33713,"date":"2016-10-17T15:00:59","date_gmt":"2016-10-17T12:00:59","guid":{"rendered":"http:\/\/urbeamea.ro\/albaiulia\/?p=33713"},"modified":"2016-10-17T15:00:59","modified_gmt":"2016-10-17T12:00:59","slug":"ambasadori-din-patru-tari-europene-au-vazut-cum-s-au-cheltuit-banii-europeni-in-alba","status":"publish","type":"post","link":"https:\/\/urbeamea.ro\/albaiulia\/ambasadori-din-patru-tari-europene-au-vazut-cum-s-au-cheltuit-banii-europeni-in-alba\/","title":{"rendered":"Ambasadori din patru \u021b\u0103ri europene au v\u0103zut cum s-au cheltuit banii europeni \u00een Alba"},"content":{"rendered":"<p><strong><img loading=\"lazy\" decoding=\"async\" class=\"alignleft size-medium wp-image-33715\" src=\"http:\/\/urbeamea.ro\/albaiulia\/wp-content\/uploads\/2016\/10\/Foto-2-300x161.jpg\" alt=\"foto-2\" width=\"300\" height=\"161\" srcset=\"https:\/\/urbeamea.ro\/albaiulia\/wp-content\/uploads\/2016\/10\/Foto-2-300x161.jpg 300w, https:\/\/urbeamea.ro\/albaiulia\/wp-content\/uploads\/2016\/10\/Foto-2-150x80.jpg 150w, https:\/\/urbeamea.ro\/albaiulia\/wp-content\/uploads\/2016\/10\/Foto-2.jpg 448w\" sizes=\"auto, (max-width: 300px) 100vw, 300px\" \/>La invita\u021bia Reprezentan\u021bei Comisiei Europene la Bucure\u0219ti, care deruleaz\u0103 <\/strong><strong>campania <em>\u201dYes, we care!\u201d<\/em> <em>(\u201dDa, ne pas\u0103!\u201d)<\/em>, pentru familiarizarea ambasadorilor statelor membre UE la Bucure\u0219ti cu proiectele finan\u021bate din fonduri europene \u00een Rom\u00e2nia, o delega\u021bie de ambasadori \u0219i reprezentan\u021bi oficiali din Slovacia, Irlanda, Cipru \u0219i Polonia a vizitat jude\u021bul Alba la sf\u00e2r\u0219itul s\u0103pt\u0103m\u00e2nii trecute. <\/strong><\/p>\n<p>Excelen\u021bele lor Jan Gabor, Ambasadorul plenipoten\u021biar al Slovaciei, Derek Feely, Ambasadorul plenipoten\u021biar al Irlandei, Dimitris Hatziargyrou, Ambasadorul plenipoten\u021biar al Ciprului, al\u0103turi de doamna Monica Loloiu, Consilier \u00een cadrul Reprezentan\u021bei CE (RCE) la Bucure\u0219ti \u0219i Arkadiusz Micho\u0144ski, Consilier Ministerial la Ambasada Poloniei, au v\u0103zut, \u00een total, 11 proiecte finan\u021bate prin Instrumentele Structurale \u00een Alba Iulia, Aiud \u0219i Pianu. Astfel au fost observate nemijlocit rezultatele concrete ob\u021binute \u00een urma derul\u0103rii ini\u021biativelor finan\u021bate prin trei importante programe de finan\u021bare: pentru investi\u021bii \u00een dezvoltare local\u0103 \u0219i regional\u0103 (POR 2007-2013), pentru dezvoltarea resurselor umane (POSDRU 2007-2013) \u0219i pentru modernizarea zonelor rurale (PNDR 2007-2013).<\/p>\n<p>Datorit\u0103 bunei colabor\u0103ri cu RCE, dezvoltate de-a lungul anilor, Agen\u021bia pentru Dezvoltare Regional\u0103 Centru \u0219i partenerii s\u0103i institu\u021bionali din jude\u021b &#8211; Consiliul Jude\u021bean Alba \u0219i Prim\u0103ria municipiului Alba Iulia \u2013 s-au implicat \u00een buna organizare a acestui eveniment, \u00een perioada 14-16 octombrie 2016. Acest eveniment va facilita, \u00een viitor, promovarea exemplelor locale de bune practici pentru implementarea proiectelor europene. Obiectivul campaniei RCE este de a sublinia realiz\u0103rile rom\u00e2ne\u0219ti \u00een utilizarea sprijinului UE pentru dezvoltarea \u021b\u0103rii. Tema celei de-a patra vizite din campania <em>\u201dYes, we care!\u201d<\/em> a fost <em>\u201dTransilvania, \u00eentre tradi\u021bie \u0219i re\u00eennoire!\u201d<\/em><\/p>\n<p>Pe latura de est a Cet\u0103\u021bii Vauban din Alba Iulia, Poarta a III-a, un obiectiv spectaculos din punct de vedere arhitectural \u0219i stilistic, a fost punctul de pornire \u00een vizita \u00eenal\u021bilor oaspe\u021bi str\u0103ini, care au parcurs un tur pietonal prin Istorie, dar \u0219i printre rezultatele proiectelor care au transformat citadela albaiulian\u0103 \u00eentr-o bijuterie arhitectonic\u0103 pentru \u00eentreaga Europ\u0103. Poarta a IV-a, Catedrala Romano-Catolic\u0103 \u201dSf\u00e2ntul Mihail\u201d, unde este \u00eenmorm\u00e2ntat \u0219i Iancu de Hunedoara, Catedrala Ortodox\u0103,\u00a0construit\u0103 cu scopul de a oferi un cadru adecvat \u00eencoron\u0103rii Regelui Ferdinand \u015fi\u00a0Reginei Maria \u0219i Latura de Vest a Cet\u0103\u021bii Alba Carolina, complet restaurat\u0103, au constituit atrac\u021bii deosebite pentru diploma\u021bii invita\u021bi la Alba Iulia. Muzeul Principia din Cetate, care con\u021bine vestigiile cl\u0103dirii comandamentului castrului roman Apulum \u0219i Sala Unirii, un punct de atrac\u021bie pentru iubitorii de istorie, locul unde s-a semnat declara\u021bia de Unire a Transilvaniei cu Rom\u00e2nia, sau statuile din bronz, care au rolul s\u0103 reflecte atmosfera de epoc\u0103, din zona interioar\u0103 a acestei fortifica\u021bii ce se \u00eentinde pe mai mult de 110 hectare au uimit oaspe\u021bii municipiului. De altfel, chiar \u00een Muzeul Principia, ADR Centru a organizat o \u00eent\u00e2lnire oficial\u0103 \u00eentre delega\u021bia de ambasadori \u0219i conducerea principalelor institu\u021bii publice din Alba Iulia.<\/p>\n<p>Au participat primarul Mircea Hava, viceprimarii Paul Voicu \u0219i Gabriel Ple\u0219a \u0219i City-managerul Nicolaie Moldovan, dar \u0219i vicepre\u0219edintele CJ Alba, Florin Roman, secretarul de stat din MFE, Dan Barna, precum \u0219i doamna Manuella Kadar, din partea Universit\u0103\u021bii \u201d1 Decembrie 1918\u201d. \u00cen cadrul acestei \u00eentrevederi, ADR Centru a prezentat nu numai atrac\u021biile din aceast\u0103 parte a Transilvaniei, \u201dgr\u0103dina Mun\u021bilor Carpa\u021bi\u201d, ci \u0219i oportunit\u0103\u021bile de dezvoltare a \u00eentregii Regiuni Centru, iar reprezentan\u021bii CJ Alba au subliniat posibilit\u0103\u021bile de investi\u021bii din jude\u021bul Alba. Tot \u00een cadrul Muzeului Principia, oaspe\u021bii au urm\u0103rit \u0219i c\u00e2teva din rezultatele ob\u021binute \u00een cadrul proiectului \u201dCentrul de Resurse \u2013 Academia Doamnelor\u201d, dezvoltat de Asocia\u021bia de Dezvoltare Intercomunitar\u0103 Alba, pentru a cre\u0219te implicarea \u00een via\u021ba comunit\u0103\u021bii a tuturor celor care consider\u0103 c\u0103 pot oferi societ\u0103\u021bii ceea ce au mai bun.<\/p>\n<p>La finalul acestei \u00eent\u00e2lniri, to\u021bi reprezentan\u021bii oficiali, rom\u00e2ni \u0219i str\u0103ini, au participat la ceremonialul Schimbului de Gard\u0103, simbol al Cet\u0103\u021bii Alba Carolina, care se desf\u0103\u0219oar\u0103 \u00een<br \/>\nfiecare zi de la ora 12.00, \u00een cadrul c\u0103ruia\u00a0\u201dsolda\u0163i\u201d \u00eembr\u0103ca\u0163i \u00een uniforme militare austriece similare cu cele de la jum\u0103tatea secolului XVIII, m\u0103r\u0219\u0103luiesc \u00een Cetatea Medieval\u0103, la final fiind trase salve de tun. Dup\u0103 acest periplu, delega\u021bia de ambasadori a avut, la Hotel Medieval, o important\u0103 \u00eent\u00e2lnire cu reprezentan\u021bii mediului de afaceri locali, la discu\u021bii fiind prezen\u021bi pre\u0219edintele CCIA Alba, Corneliu Orzea, directorul general al Parcului Industrial Cugir, Emil Muntean, precum \u0219i reprezentan\u021bi ai unor companii locale, \u00eentre care Transavia \u0219i Jidvei. Ulterior acestei \u00eentrevederi, \u00eenal\u021bii oaspe\u021bi au vizitat, la Aiud, proiectul prin care a fost reabilitat Colegiul Na\u021bional \u201dBethlen Gabor\u201d, complet modernizat \u0219i preg\u0103tit pentru o educa\u021bie de calitate, a\u0219a cum invita\u021bii au aflat de la doamna director Ildik\u00f6 Sz\u00f6cs.<\/p>\n<p>\u00cen ultima zi a vizitei oficiale \u00een Regiunea Centru, ambasadorii \u0219i reprezentan\u021bii \u021b\u0103rilor membre UE au vizitat Biblioteca Batthyaneum din Alba Iulia, precum \u0219i comuna Pianu, unde s-au derulat multe proiecte finan\u021bate din fonduri europene pentru dezvoltare rural\u0103. Practic, \u00een acest fel, oaspe\u021bii au observat, la fa\u021ba locului, rezultatele ob\u021binute prin 11 proiecte, cu o valoare total\u0103 de aproape 90 milioane euro, prin care au fost atrase pentru dezvoltare peste 51 milioane euro.<\/p>\n<p><em>\u00a0\u00a0 \u201d\u00cen urm\u0103 cu un an, \u00een cadrul acestei campanii, delega\u021bia de ambasadori ai \u021b\u0103rilor membre ale Uniunii Europene a vizitat proiecte europene din jude\u021bul Sibiu. Dup\u0103 cum \u0219ti\u021bi, ADR Centru urm\u0103re\u0219te o mai bun\u0103 promovare a oportunit\u0103\u021bilor conturate prin profilul economico-social \u0219i turistic al celor \u0219ase jude\u021be componente ale Regiunii, \u00een concordan\u021b\u0103 cu deciziile Consiliului pentru Dezvoltare Regional\u0103 Centru, pentru cre\u0219terea atractivit\u0103\u021bii Regiunii ca pol de dezvoltare economic\u0103, pe baza tuturor investi\u021biilor realizate inclusiv din fonduri europene \u00een ultimii ani. Vom avea \u0219i alte activit\u0103\u021bi de promovare a oportunit\u0103\u021bilor existente la nivel local \u0219i jude\u021bean, cu scopul atragerii de noi investitori \u0219i s\u0103 dezvolt\u0103m serviciile de sprijin pentru companii. Dorim s\u0103 multiplic\u0103m experien\u021bele pozitive privind proiectele europene, s\u0103 ar\u0103t\u0103m implicarea \u0219i preg\u0103tirea autorit\u0103\u021bilor publice locale \u2013 cum sunt CJ Alba \u0219i Prim\u0103ria Alba Iulia &#8211; dar \u0219i a mediului privat pentru dezvoltarea de noi investi\u021bii \u0219i parteneriate. Mul\u021bumim Consiliului Jude\u021bean \u0219i Prim\u0103riei albaiuliene c\u0103 au sus\u021binut ini\u021biativa noastr\u0103 \u0219i a Reprezentan\u021bei CE, c\u0103 se implic\u0103 \u00een promovarea oportunit\u0103\u021bilor regionale \u0219i \u00eembun\u0103t\u0103\u021birea poten\u021bialului economic\u201d<\/em>, a declarat, dup\u0103 derularea acestei vizite oficiale, domnul Simion Cre\u021bu, director general ADR Centru.<\/p>\n<p>Se poate men\u021biona \u0219i faptul c\u0103 \u00eenal\u021bii oaspe\u021bi prezen\u021bi la Alba Iulia au fost impresiona\u021bi de cele v\u0103zute, Excelen\u021bele lor men\u021bion\u00e2nd nu doar c\u0103 au constatat c\u0103 fondurile europene sunt chibzuit cheltuite \u00een jude\u021bul Alba, dar \u0219i-au exprimat \u0219i speran\u021ba c\u0103 \u00een jude\u021bul nostru vor veni \u0219i ceilal\u021bi reprezentan\u021bi oficiali ai \u021b\u0103rilor europene, pentru a se documenta despre realiz\u0103rile de excep\u021bie de aici, \u00een timp ce noii prieteni ai Regiunii centru \u0219i ai jude\u021bului Alba, inclusiv \u0219i \u00een special ai Alba Iuliei, ar dori fie s\u0103 locuiasc\u0103 \u00een zona noastr\u0103, fie s\u0103-\u0219i aloce mai mult timp personal, pentru a o explora a\u0219a cum se cuvine, al\u0103turi de oamenii care au f\u0103cut posibile toate aceste lucruri.<\/p>\n<div id='gallery-1' class='gallery galleryid-33713 gallery-columns-3 gallery-size-thumbnail'><figure class='gallery-item'>\n\t\t\t<div class='gallery-icon landscape'>\n\t\t\t\t<a href='https:\/\/urbeamea.ro\/albaiulia\/ambasadori-din-patru-tari-europene-au-vazut-cum-s-au-cheltuit-banii-europeni-in-alba\/foto-1-8\/'><img decoding=\"async\" width=\"150\" height=\"79\" src=\"data:image\/png;base64,iVBORw0KGgoAAAANSUhEUgAAAYYAAADcAQMAAABOLJSDAAAAA1BMVEUAAACnej3aAAAAAXRSTlMAQObYZgAAACJJREFUaIHtwTEBAAAAwqD1T20ND6AAAAAAAAAAAAAA4N8AKvgAAUFIrrEAAAAASUVORK5CYII=\" class=\"attachment-thumbnail size-thumbnail lazy-img\" alt=\"\" srcset=\"https:\/\/urbeamea.ro\/albaiulia\/wp-content\/uploads\/2016\/10\/Foto-1-150x79.jpg 150w, https:\/\/urbeamea.ro\/albaiulia\/wp-content\/uploads\/2016\/10\/Foto-1-300x157.jpg 300w, https:\/\/urbeamea.ro\/albaiulia\/wp-content\/uploads\/2016\/10\/Foto-1.jpg 448w\" sizes=\"auto, (max-width: 150px) 100vw, 150px\" data-src=\"https:\/\/urbeamea.ro\/albaiulia\/wp-content\/uploads\/2016\/10\/Foto-1-150x79.jpg\" loading=\"lazy\" \/><\/a>\n\t\t\t<\/div><\/figure><figure class='gallery-item'>\n\t\t\t<div class='gallery-icon landscape'>\n\t\t\t\t<a href='https:\/\/urbeamea.ro\/albaiulia\/ambasadori-din-patru-tari-europene-au-vazut-cum-s-au-cheltuit-banii-europeni-in-alba\/foto-2-10\/'><img decoding=\"async\" width=\"150\" height=\"80\" src=\"data:image\/png;base64,iVBORw0KGgoAAAANSUhEUgAAAYYAAADcAQMAAABOLJSDAAAAA1BMVEUAAACnej3aAAAAAXRSTlMAQObYZgAAACJJREFUaIHtwTEBAAAAwqD1T20ND6AAAAAAAAAAAAAA4N8AKvgAAUFIrrEAAAAASUVORK5CYII=\" class=\"attachment-thumbnail size-thumbnail lazy-img\" alt=\"\" srcset=\"https:\/\/urbeamea.ro\/albaiulia\/wp-content\/uploads\/2016\/10\/Foto-2-150x80.jpg 150w, https:\/\/urbeamea.ro\/albaiulia\/wp-content\/uploads\/2016\/10\/Foto-2-300x161.jpg 300w, https:\/\/urbeamea.ro\/albaiulia\/wp-content\/uploads\/2016\/10\/Foto-2.jpg 448w\" sizes=\"auto, (max-width: 150px) 100vw, 150px\" data-src=\"https:\/\/urbeamea.ro\/albaiulia\/wp-content\/uploads\/2016\/10\/Foto-2-150x80.jpg\" loading=\"lazy\" \/><\/a>\n\t\t\t<\/div><\/figure><figure class='gallery-item'>\n\t\t\t<div class='gallery-icon portrait'>\n\t\t\t\t<a href='https:\/\/urbeamea.ro\/albaiulia\/ambasadori-din-patru-tari-europene-au-vazut-cum-s-au-cheltuit-banii-europeni-in-alba\/foto-8-4\/'><img decoding=\"async\" width=\"135\" height=\"150\" src=\"data:image\/png;base64,iVBORw0KGgoAAAANSUhEUgAAAYYAAADcAQMAAABOLJSDAAAAA1BMVEUAAACnej3aAAAAAXRSTlMAQObYZgAAACJJREFUaIHtwTEBAAAAwqD1T20ND6AAAAAAAAAAAAAA4N8AKvgAAUFIrrEAAAAASUVORK5CYII=\" class=\"attachment-thumbnail size-thumbnail lazy-img\" alt=\"\" srcset=\"https:\/\/urbeamea.ro\/albaiulia\/wp-content\/uploads\/2016\/10\/Foto-8-135x150.jpg 135w, https:\/\/urbeamea.ro\/albaiulia\/wp-content\/uploads\/2016\/10\/Foto-8-270x300.jpg 270w, https:\/\/urbeamea.ro\/albaiulia\/wp-content\/uploads\/2016\/10\/Foto-8.jpg 336w\" sizes=\"auto, (max-width: 135px) 100vw, 135px\" data-src=\"https:\/\/urbeamea.ro\/albaiulia\/wp-content\/uploads\/2016\/10\/Foto-8-135x150.jpg\" loading=\"lazy\" \/><\/a>\n\t\t\t<\/div><\/figure><figure class='gallery-item'>\n\t\t\t<div class='gallery-icon landscape'>\n\t\t\t\t<a href='https:\/\/urbeamea.ro\/albaiulia\/ambasadori-din-patru-tari-europene-au-vazut-cum-s-au-cheltuit-banii-europeni-in-alba\/foto-9-4\/'><img decoding=\"async\" width=\"150\" height=\"103\" src=\"data:image\/png;base64,iVBORw0KGgoAAAANSUhEUgAAAYYAAADcAQMAAABOLJSDAAAAA1BMVEUAAACnej3aAAAAAXRSTlMAQObYZgAAACJJREFUaIHtwTEBAAAAwqD1T20ND6AAAAAAAAAAAAAA4N8AKvgAAUFIrrEAAAAASUVORK5CYII=\" class=\"attachment-thumbnail size-thumbnail lazy-img\" alt=\"\" srcset=\"https:\/\/urbeamea.ro\/albaiulia\/wp-content\/uploads\/2016\/10\/Foto-9-150x103.jpg 150w, https:\/\/urbeamea.ro\/albaiulia\/wp-content\/uploads\/2016\/10\/Foto-9-300x206.jpg 300w, https:\/\/urbeamea.ro\/albaiulia\/wp-content\/uploads\/2016\/10\/Foto-9.jpg 448w\" sizes=\"auto, (max-width: 150px) 100vw, 150px\" data-src=\"https:\/\/urbeamea.ro\/albaiulia\/wp-content\/uploads\/2016\/10\/Foto-9-150x103.jpg\" loading=\"lazy\" \/><\/a>\n\t\t\t<\/div><\/figure><figure class='gallery-item'>\n\t\t\t<div class='gallery-icon landscape'>\n\t\t\t\t<a href='https:\/\/urbeamea.ro\/albaiulia\/ambasadori-din-patru-tari-europene-au-vazut-cum-s-au-cheltuit-banii-europeni-in-alba\/foto-12-3\/'><img decoding=\"async\" width=\"150\" height=\"115\" src=\"data:image\/png;base64,iVBORw0KGgoAAAANSUhEUgAAAYYAAADcAQMAAABOLJSDAAAAA1BMVEUAAACnej3aAAAAAXRSTlMAQObYZgAAACJJREFUaIHtwTEBAAAAwqD1T20ND6AAAAAAAAAAAAAA4N8AKvgAAUFIrrEAAAAASUVORK5CYII=\" class=\"attachment-thumbnail size-thumbnail lazy-img\" alt=\"\" srcset=\"https:\/\/urbeamea.ro\/albaiulia\/wp-content\/uploads\/2016\/10\/Foto-12-150x115.jpg 150w, https:\/\/urbeamea.ro\/albaiulia\/wp-content\/uploads\/2016\/10\/Foto-12-300x229.jpg 300w, https:\/\/urbeamea.ro\/albaiulia\/wp-content\/uploads\/2016\/10\/Foto-12.jpg 440w\" sizes=\"auto, (max-width: 150px) 100vw, 150px\" data-src=\"https:\/\/urbeamea.ro\/albaiulia\/wp-content\/uploads\/2016\/10\/Foto-12-150x115.jpg\" loading=\"lazy\" \/><\/a>\n\t\t\t<\/div><\/figure><figure class='gallery-item'>\n\t\t\t<div class='gallery-icon landscape'>\n\t\t\t\t<a href='https:\/\/urbeamea.ro\/albaiulia\/ambasadori-din-patru-tari-europene-au-vazut-cum-s-au-cheltuit-banii-europeni-in-alba\/foto-13-3\/'><img decoding=\"async\" width=\"150\" height=\"110\" src=\"data:image\/png;base64,iVBORw0KGgoAAAANSUhEUgAAAYYAAADcAQMAAABOLJSDAAAAA1BMVEUAAACnej3aAAAAAXRSTlMAQObYZgAAACJJREFUaIHtwTEBAAAAwqD1T20ND6AAAAAAAAAAAAAA4N8AKvgAAUFIrrEAAAAASUVORK5CYII=\" class=\"attachment-thumbnail size-thumbnail lazy-img\" alt=\"\" srcset=\"https:\/\/urbeamea.ro\/albaiulia\/wp-content\/uploads\/2016\/10\/Foto-13-150x110.jpg 150w, https:\/\/urbeamea.ro\/albaiulia\/wp-content\/uploads\/2016\/10\/Foto-13-300x221.jpg 300w, https:\/\/urbeamea.ro\/albaiulia\/wp-content\/uploads\/2016\/10\/Foto-13.jpg 448w\" sizes=\"auto, (max-width: 150px) 100vw, 150px\" data-src=\"https:\/\/urbeamea.ro\/albaiulia\/wp-content\/uploads\/2016\/10\/Foto-13-150x110.jpg\" loading=\"lazy\" \/><\/a>\n\t\t\t<\/div><\/figure><figure class='gallery-item'>\n\t\t\t<div class='gallery-icon landscape'>\n\t\t\t\t<a href='https:\/\/urbeamea.ro\/albaiulia\/ambasadori-din-patru-tari-europene-au-vazut-cum-s-au-cheltuit-banii-europeni-in-alba\/foto-16\/'><img decoding=\"async\" width=\"150\" height=\"98\" src=\"data:image\/png;base64,iVBORw0KGgoAAAANSUhEUgAAAYYAAADcAQMAAABOLJSDAAAAA1BMVEUAAACnej3aAAAAAXRSTlMAQObYZgAAACJJREFUaIHtwTEBAAAAwqD1T20ND6AAAAAAAAAAAAAA4N8AKvgAAUFIrrEAAAAASUVORK5CYII=\" class=\"attachment-thumbnail size-thumbnail lazy-img\" alt=\"\" srcset=\"https:\/\/urbeamea.ro\/albaiulia\/wp-content\/uploads\/2016\/10\/Foto-16-150x98.jpg 150w, https:\/\/urbeamea.ro\/albaiulia\/wp-content\/uploads\/2016\/10\/Foto-16-300x196.jpg 300w, https:\/\/urbeamea.ro\/albaiulia\/wp-content\/uploads\/2016\/10\/Foto-16.jpg 448w\" sizes=\"auto, (max-width: 150px) 100vw, 150px\" data-src=\"https:\/\/urbeamea.ro\/albaiulia\/wp-content\/uploads\/2016\/10\/Foto-16-150x98.jpg\" loading=\"lazy\" \/><\/a>\n\t\t\t<\/div><\/figure><figure class='gallery-item'>\n\t\t\t<div class='gallery-icon landscape'>\n\t\t\t\t<a href='https:\/\/urbeamea.ro\/albaiulia\/ambasadori-din-patru-tari-europene-au-vazut-cum-s-au-cheltuit-banii-europeni-in-alba\/foto-27\/'><img decoding=\"async\" width=\"150\" height=\"88\" src=\"data:image\/png;base64,iVBORw0KGgoAAAANSUhEUgAAAYYAAADcAQMAAABOLJSDAAAAA1BMVEUAAACnej3aAAAAAXRSTlMAQObYZgAAACJJREFUaIHtwTEBAAAAwqD1T20ND6AAAAAAAAAAAAAA4N8AKvgAAUFIrrEAAAAASUVORK5CYII=\" class=\"attachment-thumbnail size-thumbnail lazy-img\" alt=\"\" srcset=\"https:\/\/urbeamea.ro\/albaiulia\/wp-content\/uploads\/2016\/10\/Foto-27-150x88.jpg 150w, https:\/\/urbeamea.ro\/albaiulia\/wp-content\/uploads\/2016\/10\/Foto-27-300x176.jpg 300w, https:\/\/urbeamea.ro\/albaiulia\/wp-content\/uploads\/2016\/10\/Foto-27.jpg 448w\" sizes=\"auto, (max-width: 150px) 100vw, 150px\" data-src=\"https:\/\/urbeamea.ro\/albaiulia\/wp-content\/uploads\/2016\/10\/Foto-27-150x88.jpg\" loading=\"lazy\" \/><\/a>\n\t\t\t<\/div><\/figure><figure class='gallery-item'>\n\t\t\t<div class='gallery-icon landscape'>\n\t\t\t\t<a href='https:\/\/urbeamea.ro\/albaiulia\/ambasadori-din-patru-tari-europene-au-vazut-cum-s-au-cheltuit-banii-europeni-in-alba\/foto-29\/'><img decoding=\"async\" width=\"150\" height=\"108\" src=\"data:image\/png;base64,iVBORw0KGgoAAAANSUhEUgAAAYYAAADcAQMAAABOLJSDAAAAA1BMVEUAAACnej3aAAAAAXRSTlMAQObYZgAAACJJREFUaIHtwTEBAAAAwqD1T20ND6AAAAAAAAAAAAAA4N8AKvgAAUFIrrEAAAAASUVORK5CYII=\" class=\"attachment-thumbnail size-thumbnail lazy-img\" alt=\"\" srcset=\"https:\/\/urbeamea.ro\/albaiulia\/wp-content\/uploads\/2016\/10\/Foto-29-150x108.jpg 150w, https:\/\/urbeamea.ro\/albaiulia\/wp-content\/uploads\/2016\/10\/Foto-29-300x216.jpg 300w, https:\/\/urbeamea.ro\/albaiulia\/wp-content\/uploads\/2016\/10\/Foto-29.jpg 448w\" sizes=\"auto, (max-width: 150px) 100vw, 150px\" data-src=\"https:\/\/urbeamea.ro\/albaiulia\/wp-content\/uploads\/2016\/10\/Foto-29-150x108.jpg\" loading=\"lazy\" \/><\/a>\n\t\t\t<\/div><\/figure>\n\t\t<\/div>\n\n","protected":false},"excerpt":{"rendered":"<p>La invita\u021bia Reprezentan\u021bei Comisiei Europene la Bucure\u0219ti, care deruleaz\u0103 campania \u201dYes, we care!\u201d (\u201dDa, ne pas\u0103!\u201d), pentru familiarizarea ambasadorilor statelor membre UE la Bucure\u0219ti cu proiectele finan\u021bate din fonduri europene \u00een Rom\u00e2nia, o delega\u021bie de ambasadori \u0219i reprezentan\u021bi oficiali din Slovacia, Irlanda, Cipru \u0219i Polonia a vizitat jude\u021bul Alba la sf\u00e2r\u0219itul s\u0103pt\u0103m\u00e2nii trecute. Excelen\u021bele lor &hellip;<\/p>\n","protected":false},"author":20,"featured_media":33715,"comment_status":"open","ping_status":"open","sticky":false,"template":"","format":"standard","meta":{"inline_featured_image":false,"footnotes":""},"categories":[2034],"tags":[1952,31,6984,4194,39,6696,1051,2155,2066,2068,380,6100,76,3832],"class_list":["post-33713","post","type-post","status-publish","format-standard","has-post-thumbnail","hentry","category-social","tag-adr","tag-alba-iulia","tag-ambasadori","tag-bani-europeni","tag-cetate","tag-cipru","tag-dezvoltare","tag-fonduri","tag-irlanda","tag-polonia","tag-proiect","tag-slovacia","tag-urbea-mea","tag-vizita"],"yoast_head":"<!-- This site is optimized with the Yoast SEO plugin v28.3 - https:\/\/yoast.com\/product\/yoast-seo-wordpress\/ -->\n<title>Ambasadori din patru \u021b\u0103ri europene au v\u0103zut cum s-au cheltuit banii europeni \u00een Alba - Revista Urbea Mea - Revista de Alba<\/title>\n<meta name=\"description\" content=\"La invita\u021bia Reprezentan\u021bei Comisiei Europene la Bucure\u0219ti, care deruleaz\u0103 campania \u201dYes, we care!\u201d (\u201dDa, ne pas\u0103!\u201d), pentru familiarizarea ambasadorilor\" \/>\n<meta name=\"robots\" content=\"index, follow, max-snippet:-1, max-image-preview:large, max-video-preview:-1\" \/>\n<link rel=\"canonical\" href=\"https:\/\/urbeamea.ro\/albaiulia\/ambasadori-din-patru-tari-europene-au-vazut-cum-s-au-cheltuit-banii-europeni-in-alba\/\" \/>\n<meta name=\"twitter:card\" content=\"summary_large_image\" \/>\n<meta name=\"twitter:title\" content=\"Ambasadori din patru \u021b\u0103ri europene au v\u0103zut cum s-au cheltuit banii europeni \u00een Alba - Revista Urbea Mea - Revista de Alba\" \/>\n<meta name=\"twitter:description\" content=\"La invita\u021bia Reprezentan\u021bei Comisiei Europene la Bucure\u0219ti, care deruleaz\u0103 campania \u201dYes, we care!\u201d (\u201dDa, ne pas\u0103!\u201d), pentru familiarizarea ambasadorilor\" \/>\n<meta name=\"twitter:image\" content=\"https:\/\/urbeamea.ro\/albaiulia\/wp-content\/uploads\/2016\/10\/Foto-2.jpg\" \/>\n<meta name=\"twitter:creator\" content=\"@urbeameaweb\" \/>\n<meta name=\"twitter:site\" content=\"@urbeameaweb\" \/>\n<script type=\"application\/ld+json\" class=\"yoast-schema-graph\">{\"@context\":\"https:\\\/\\\/schema.org\",\"@graph\":[{\"@type\":\"Article\",\"@id\":\"https:\\\/\\\/urbeamea.ro\\\/albaiulia\\\/ambasadori-din-patru-tari-europene-au-vazut-cum-s-au-cheltuit-banii-europeni-in-alba\\\/#article\",\"isPartOf\":{\"@id\":\"https:\\\/\\\/urbeamea.ro\\\/albaiulia\\\/ambasadori-din-patru-tari-europene-au-vazut-cum-s-au-cheltuit-banii-europeni-in-alba\\\/\"},\"author\":{\"name\":\"Adriana Avram\",\"@id\":\"https:\\\/\\\/urbeamea.ro\\\/albaiulia\\\/#\\\/schema\\\/person\\\/cfaa27fc3da4a9a2cf2fee3650afc5d0\"},\"headline\":\"Ambasadori din patru \u021b\u0103ri europene au v\u0103zut cum s-au cheltuit banii europeni \u00een Alba\",\"datePublished\":\"2016-10-17T12:00:59+00:00\",\"mainEntityOfPage\":{\"@id\":\"https:\\\/\\\/urbeamea.ro\\\/albaiulia\\\/ambasadori-din-patru-tari-europene-au-vazut-cum-s-au-cheltuit-banii-europeni-in-alba\\\/\"},\"wordCount\":1271,\"commentCount\":0,\"image\":{\"@id\":\"https:\\\/\\\/urbeamea.ro\\\/albaiulia\\\/ambasadori-din-patru-tari-europene-au-vazut-cum-s-au-cheltuit-banii-europeni-in-alba\\\/#primaryimage\"},\"thumbnailUrl\":\"https:\\\/\\\/urbeamea.ro\\\/albaiulia\\\/wp-content\\\/uploads\\\/2016\\\/10\\\/Foto-2.jpg\",\"keywords\":[\"ADR\",\"Alba Iulia\",\"ambasadori\",\"bani europeni\",\"cetate\",\"Cipru\",\"dezvoltare\",\"fonduri\",\"irlanda\",\"polonia\",\"proiect\",\"slovacia\",\"Urbea Mea\",\"vizita\"],\"articleSection\":[\"Social\"],\"inLanguage\":\"ro-RO\",\"potentialAction\":[{\"@type\":\"CommentAction\",\"name\":\"Comment\",\"target\":[\"https:\\\/\\\/urbeamea.ro\\\/albaiulia\\\/ambasadori-din-patru-tari-europene-au-vazut-cum-s-au-cheltuit-banii-europeni-in-alba\\\/#respond\"]}]},{\"@type\":\"WebPage\",\"@id\":\"https:\\\/\\\/urbeamea.ro\\\/albaiulia\\\/ambasadori-din-patru-tari-europene-au-vazut-cum-s-au-cheltuit-banii-europeni-in-alba\\\/\",\"url\":\"https:\\\/\\\/urbeamea.ro\\\/albaiulia\\\/ambasadori-din-patru-tari-europene-au-vazut-cum-s-au-cheltuit-banii-europeni-in-alba\\\/\",\"name\":\"Ambasadori din patru \u021b\u0103ri europene au v\u0103zut cum s-au cheltuit banii europeni \u00een Alba - Revista Urbea Mea - Revista de Alba\",\"isPartOf\":{\"@id\":\"https:\\\/\\\/urbeamea.ro\\\/albaiulia\\\/#website\"},\"primaryImageOfPage\":{\"@id\":\"https:\\\/\\\/urbeamea.ro\\\/albaiulia\\\/ambasadori-din-patru-tari-europene-au-vazut-cum-s-au-cheltuit-banii-europeni-in-alba\\\/#primaryimage\"},\"image\":{\"@id\":\"https:\\\/\\\/urbeamea.ro\\\/albaiulia\\\/ambasadori-din-patru-tari-europene-au-vazut-cum-s-au-cheltuit-banii-europeni-in-alba\\\/#primaryimage\"},\"thumbnailUrl\":\"https:\\\/\\\/urbeamea.ro\\\/albaiulia\\\/wp-content\\\/uploads\\\/2016\\\/10\\\/Foto-2.jpg\",\"datePublished\":\"2016-10-17T12:00:59+00:00\",\"author\":{\"@id\":\"https:\\\/\\\/urbeamea.ro\\\/albaiulia\\\/#\\\/schema\\\/person\\\/cfaa27fc3da4a9a2cf2fee3650afc5d0\"},\"description\":\"La invita\u021bia Reprezentan\u021bei Comisiei Europene la Bucure\u0219ti, care deruleaz\u0103 campania \u201dYes, we care!\u201d (\u201dDa, ne pas\u0103!\u201d), pentru familiarizarea ambasadorilor\",\"breadcrumb\":{\"@id\":\"https:\\\/\\\/urbeamea.ro\\\/albaiulia\\\/ambasadori-din-patru-tari-europene-au-vazut-cum-s-au-cheltuit-banii-europeni-in-alba\\\/#breadcrumb\"},\"inLanguage\":\"ro-RO\",\"potentialAction\":[{\"@type\":\"ReadAction\",\"target\":[\"https:\\\/\\\/urbeamea.ro\\\/albaiulia\\\/ambasadori-din-patru-tari-europene-au-vazut-cum-s-au-cheltuit-banii-europeni-in-alba\\\/\"]}]},{\"@type\":\"ImageObject\",\"inLanguage\":\"ro-RO\",\"@id\":\"https:\\\/\\\/urbeamea.ro\\\/albaiulia\\\/ambasadori-din-patru-tari-europene-au-vazut-cum-s-au-cheltuit-banii-europeni-in-alba\\\/#primaryimage\",\"url\":\"https:\\\/\\\/urbeamea.ro\\\/albaiulia\\\/wp-content\\\/uploads\\\/2016\\\/10\\\/Foto-2.jpg\",\"contentUrl\":\"https:\\\/\\\/urbeamea.ro\\\/albaiulia\\\/wp-content\\\/uploads\\\/2016\\\/10\\\/Foto-2.jpg\",\"width\":448,\"height\":240},{\"@type\":\"BreadcrumbList\",\"@id\":\"https:\\\/\\\/urbeamea.ro\\\/albaiulia\\\/ambasadori-din-patru-tari-europene-au-vazut-cum-s-au-cheltuit-banii-europeni-in-alba\\\/#breadcrumb\",\"itemListElement\":[{\"@type\":\"ListItem\",\"position\":1,\"name\":\"Prima pagin\u0103\",\"item\":\"https:\\\/\\\/urbeamea.ro\\\/albaiulia\\\/\"},{\"@type\":\"ListItem\",\"position\":2,\"name\":\"Ambasadori din patru \u021b\u0103ri europene au v\u0103zut cum s-au cheltuit banii europeni \u00een Alba\"}]},{\"@type\":\"WebSite\",\"@id\":\"https:\\\/\\\/urbeamea.ro\\\/albaiulia\\\/#website\",\"url\":\"https:\\\/\\\/urbeamea.ro\\\/albaiulia\\\/\",\"name\":\"Revista Urbea Mea, Stiri urbane\",\"description\":\"Evenimente \u0219i \u0219tiri din Alba Iulia, Sebe\u0219, Aiud, Blaj\",\"potentialAction\":[{\"@type\":\"SearchAction\",\"target\":{\"@type\":\"EntryPoint\",\"urlTemplate\":\"https:\\\/\\\/urbeamea.ro\\\/albaiulia\\\/?s={search_term_string}\"},\"query-input\":{\"@type\":\"PropertyValueSpecification\",\"valueRequired\":true,\"valueName\":\"search_term_string\"}}],\"inLanguage\":\"ro-RO\"},{\"@type\":\"Person\",\"@id\":\"https:\\\/\\\/urbeamea.ro\\\/albaiulia\\\/#\\\/schema\\\/person\\\/cfaa27fc3da4a9a2cf2fee3650afc5d0\",\"name\":\"Adriana Avram\",\"image\":{\"@type\":\"ImageObject\",\"inLanguage\":\"ro-RO\",\"@id\":\"https:\\\/\\\/secure.gravatar.com\\\/avatar\\\/3cc61eb1584088e0099c1763903a6421c5ce6cdf45fc2d424046dc621efc21f9?s=96&d=mm&r=g\",\"url\":\"https:\\\/\\\/secure.gravatar.com\\\/avatar\\\/3cc61eb1584088e0099c1763903a6421c5ce6cdf45fc2d424046dc621efc21f9?s=96&d=mm&r=g\",\"contentUrl\":\"https:\\\/\\\/secure.gravatar.com\\\/avatar\\\/3cc61eb1584088e0099c1763903a6421c5ce6cdf45fc2d424046dc621efc21f9?s=96&d=mm&r=g\",\"caption\":\"Adriana Avram\"},\"description\":\"Jurnalist\",\"sameAs\":[\"https:\\\/\\\/www.facebook.com\\\/avram.adriana.7?fref=ts\"],\"url\":\"https:\\\/\\\/urbeamea.ro\\\/albaiulia\\\/author\\\/adriana-avram\\\/\"}]}<\/script>\n<!-- \/ Yoast SEO plugin. -->","yoast_head_json":{"title":"Ambasadori din patru \u021b\u0103ri europene au v\u0103zut cum s-au cheltuit banii europeni \u00een Alba - Revista Urbea Mea - Revista de Alba","description":"La invita\u021bia Reprezentan\u021bei Comisiei Europene la Bucure\u0219ti, care deruleaz\u0103 campania \u201dYes, we care!\u201d (\u201dDa, ne pas\u0103!\u201d), pentru familiarizarea ambasadorilor","robots":{"index":"index","follow":"follow","max-snippet":"max-snippet:-1","max-image-preview":"max-image-preview:large","max-video-preview":"max-video-preview:-1"},"canonical":"https:\/\/urbeamea.ro\/albaiulia\/ambasadori-din-patru-tari-europene-au-vazut-cum-s-au-cheltuit-banii-europeni-in-alba\/","twitter_card":"summary_large_image","twitter_title":"Ambasadori din patru \u021b\u0103ri europene au v\u0103zut cum s-au cheltuit banii europeni \u00een Alba - Revista Urbea Mea - Revista de Alba","twitter_description":"La invita\u021bia Reprezentan\u021bei Comisiei Europene la Bucure\u0219ti, care deruleaz\u0103 campania \u201dYes, we care!\u201d (\u201dDa, ne pas\u0103!\u201d), pentru familiarizarea ambasadorilor","twitter_image":"https:\/\/urbeamea.ro\/albaiulia\/wp-content\/uploads\/2016\/10\/Foto-2.jpg","twitter_creator":"@urbeameaweb","twitter_site":"@urbeameaweb","schema":{"@context":"https:\/\/schema.org","@graph":[{"@type":"Article","@id":"https:\/\/urbeamea.ro\/albaiulia\/ambasadori-din-patru-tari-europene-au-vazut-cum-s-au-cheltuit-banii-europeni-in-alba\/#article","isPartOf":{"@id":"https:\/\/urbeamea.ro\/albaiulia\/ambasadori-din-patru-tari-europene-au-vazut-cum-s-au-cheltuit-banii-europeni-in-alba\/"},"author":{"name":"Adriana Avram","@id":"https:\/\/urbeamea.ro\/albaiulia\/#\/schema\/person\/cfaa27fc3da4a9a2cf2fee3650afc5d0"},"headline":"Ambasadori din patru \u021b\u0103ri europene au v\u0103zut cum s-au cheltuit banii europeni \u00een Alba","datePublished":"2016-10-17T12:00:59+00:00","mainEntityOfPage":{"@id":"https:\/\/urbeamea.ro\/albaiulia\/ambasadori-din-patru-tari-europene-au-vazut-cum-s-au-cheltuit-banii-europeni-in-alba\/"},"wordCount":1271,"commentCount":0,"image":{"@id":"https:\/\/urbeamea.ro\/albaiulia\/ambasadori-din-patru-tari-europene-au-vazut-cum-s-au-cheltuit-banii-europeni-in-alba\/#primaryimage"},"thumbnailUrl":"https:\/\/urbeamea.ro\/albaiulia\/wp-content\/uploads\/2016\/10\/Foto-2.jpg","keywords":["ADR","Alba Iulia","ambasadori","bani europeni","cetate","Cipru","dezvoltare","fonduri","irlanda","polonia","proiect","slovacia","Urbea Mea","vizita"],"articleSection":["Social"],"inLanguage":"ro-RO","potentialAction":[{"@type":"CommentAction","name":"Comment","target":["https:\/\/urbeamea.ro\/albaiulia\/ambasadori-din-patru-tari-europene-au-vazut-cum-s-au-cheltuit-banii-europeni-in-alba\/#respond"]}]},{"@type":"WebPage","@id":"https:\/\/urbeamea.ro\/albaiulia\/ambasadori-din-patru-tari-europene-au-vazut-cum-s-au-cheltuit-banii-europeni-in-alba\/","url":"https:\/\/urbeamea.ro\/albaiulia\/ambasadori-din-patru-tari-europene-au-vazut-cum-s-au-cheltuit-banii-europeni-in-alba\/","name":"Ambasadori din patru \u021b\u0103ri europene au v\u0103zut cum s-au cheltuit banii europeni \u00een Alba - Revista Urbea Mea - Revista de Alba","isPartOf":{"@id":"https:\/\/urbeamea.ro\/albaiulia\/#website"},"primaryImageOfPage":{"@id":"https:\/\/urbeamea.ro\/albaiulia\/ambasadori-din-patru-tari-europene-au-vazut-cum-s-au-cheltuit-banii-europeni-in-alba\/#primaryimage"},"image":{"@id":"https:\/\/urbeamea.ro\/albaiulia\/ambasadori-din-patru-tari-europene-au-vazut-cum-s-au-cheltuit-banii-europeni-in-alba\/#primaryimage"},"thumbnailUrl":"https:\/\/urbeamea.ro\/albaiulia\/wp-content\/uploads\/2016\/10\/Foto-2.jpg","datePublished":"2016-10-17T12:00:59+00:00","author":{"@id":"https:\/\/urbeamea.ro\/albaiulia\/#\/schema\/person\/cfaa27fc3da4a9a2cf2fee3650afc5d0"},"description":"La invita\u021bia Reprezentan\u021bei Comisiei Europene la Bucure\u0219ti, care deruleaz\u0103 campania \u201dYes, we care!\u201d (\u201dDa, ne pas\u0103!\u201d), pentru familiarizarea ambasadorilor","breadcrumb":{"@id":"https:\/\/urbeamea.ro\/albaiulia\/ambasadori-din-patru-tari-europene-au-vazut-cum-s-au-cheltuit-banii-europeni-in-alba\/#breadcrumb"},"inLanguage":"ro-RO","potentialAction":[{"@type":"ReadAction","target":["https:\/\/urbeamea.ro\/albaiulia\/ambasadori-din-patru-tari-europene-au-vazut-cum-s-au-cheltuit-banii-europeni-in-alba\/"]}]},{"@type":"ImageObject","inLanguage":"ro-RO","@id":"https:\/\/urbeamea.ro\/albaiulia\/ambasadori-din-patru-tari-europene-au-vazut-cum-s-au-cheltuit-banii-europeni-in-alba\/#primaryimage","url":"https:\/\/urbeamea.ro\/albaiulia\/wp-content\/uploads\/2016\/10\/Foto-2.jpg","contentUrl":"https:\/\/urbeamea.ro\/albaiulia\/wp-content\/uploads\/2016\/10\/Foto-2.jpg","width":448,"height":240},{"@type":"BreadcrumbList","@id":"https:\/\/urbeamea.ro\/albaiulia\/ambasadori-din-patru-tari-europene-au-vazut-cum-s-au-cheltuit-banii-europeni-in-alba\/#breadcrumb","itemListElement":[{"@type":"ListItem","position":1,"name":"Prima pagin\u0103","item":"https:\/\/urbeamea.ro\/albaiulia\/"},{"@type":"ListItem","position":2,"name":"Ambasadori din patru \u021b\u0103ri europene au v\u0103zut cum s-au cheltuit banii europeni \u00een Alba"}]},{"@type":"WebSite","@id":"https:\/\/urbeamea.ro\/albaiulia\/#website","url":"https:\/\/urbeamea.ro\/albaiulia\/","name":"Revista Urbea Mea, Stiri urbane","description":"Evenimente \u0219i \u0219tiri din Alba Iulia, Sebe\u0219, Aiud, Blaj","potentialAction":[{"@type":"SearchAction","target":{"@type":"EntryPoint","urlTemplate":"https:\/\/urbeamea.ro\/albaiulia\/?s={search_term_string}"},"query-input":{"@type":"PropertyValueSpecification","valueRequired":true,"valueName":"search_term_string"}}],"inLanguage":"ro-RO"},{"@type":"Person","@id":"https:\/\/urbeamea.ro\/albaiulia\/#\/schema\/person\/cfaa27fc3da4a9a2cf2fee3650afc5d0","name":"Adriana Avram","image":{"@type":"ImageObject","inLanguage":"ro-RO","@id":"https:\/\/secure.gravatar.com\/avatar\/3cc61eb1584088e0099c1763903a6421c5ce6cdf45fc2d424046dc621efc21f9?s=96&d=mm&r=g","url":"https:\/\/secure.gravatar.com\/avatar\/3cc61eb1584088e0099c1763903a6421c5ce6cdf45fc2d424046dc621efc21f9?s=96&d=mm&r=g","contentUrl":"https:\/\/secure.gravatar.com\/avatar\/3cc61eb1584088e0099c1763903a6421c5ce6cdf45fc2d424046dc621efc21f9?s=96&d=mm&r=g","caption":"Adriana Avram"},"description":"Jurnalist","sameAs":["https:\/\/www.facebook.com\/avram.adriana.7?fref=ts"],"url":"https:\/\/urbeamea.ro\/albaiulia\/author\/adriana-avram\/"}]}},"_links":{"self":[{"href":"https:\/\/urbeamea.ro\/albaiulia\/wp-json\/wp\/v2\/posts\/33713","targetHints":{"allow":["GET"]}}],"collection":[{"href":"https:\/\/urbeamea.ro\/albaiulia\/wp-json\/wp\/v2\/posts"}],"about":[{"href":"https:\/\/urbeamea.ro\/albaiulia\/wp-json\/wp\/v2\/types\/post"}],"author":[{"embeddable":true,"href":"https:\/\/urbeamea.ro\/albaiulia\/wp-json\/wp\/v2\/users\/20"}],"replies":[{"embeddable":true,"href":"https:\/\/urbeamea.ro\/albaiulia\/wp-json\/wp\/v2\/comments?post=33713"}],"version-history":[{"count":0,"href":"https:\/\/urbeamea.ro\/albaiulia\/wp-json\/wp\/v2\/posts\/33713\/revisions"}],"wp:featuredmedia":[{"embeddable":true,"href":"https:\/\/urbeamea.ro\/albaiulia\/wp-json\/wp\/v2\/media\/33715"}],"wp:attachment":[{"href":"https:\/\/urbeamea.ro\/albaiulia\/wp-json\/wp\/v2\/media?parent=33713"}],"wp:term":[{"taxonomy":"category","embeddable":true,"href":"https:\/\/urbeamea.ro\/albaiulia\/wp-json\/wp\/v2\/categories?post=33713"},{"taxonomy":"post_tag","embeddable":true,"href":"https:\/\/urbeamea.ro\/albaiulia\/wp-json\/wp\/v2\/tags?post=33713"}],"curies":[{"name":"wp","href":"https:\/\/api.w.org\/{rel}","templated":true}]}}