{"id":33735,"date":"2016-10-18T09:40:01","date_gmt":"2016-10-18T06:40:01","guid":{"rendered":"http:\/\/urbeamea.ro\/albaiulia\/?p=33735"},"modified":"2016-10-18T09:40:01","modified_gmt":"2016-10-18T06:40:01","slug":"foto-colectia-zestrea-a-creatoarei-liliana-turoiu-expusa-la-castelul-bethlen-haller-simbol-al-companiei-jidvei","status":"publish","type":"post","link":"https:\/\/urbeamea.ro\/albaiulia\/foto-colectia-zestrea-a-creatoarei-liliana-turoiu-expusa-la-castelul-bethlen-haller-simbol-al-companiei-jidvei\/","title":{"rendered":"FOTO: Colec\u0163ia \u201eZestrea\u201d a creatoarei Liliana \u0162uroiu, expus\u0103 la Castelul Bethlen-Haller, simbol al companiei Jidvei"},"content":{"rendered":"<p><strong><img loading=\"lazy\" decoding=\"async\" class=\"size-medium wp-image-33736 alignleft\" src=\"http:\/\/urbeamea.ro\/albaiulia\/wp-content\/uploads\/2016\/10\/Liliana-Turoiu-si-Ioana-Maria-Ardelean-300x200.jpg\" alt=\"liliana-turoiu-si-ioana-maria-ardelean\" width=\"300\" height=\"200\" \/>Piese pre\u0163ioase din colec\u0163ia \u201eZestrea\u201d, inspirate de straiele medievale ale domni\u021belor \u0219i reginelor, precum \u015fi de motivele iilor rom\u00e2ne\u015fti tradi\u0163ionale, sunt expuse \u00een luna octombrie la Castelul Bethlen-Haller, simbol de pre\u021b al companiei Jidvei.<\/strong><\/p>\n<p><strong>Colec\u021bia \u201eZestrea by Liliana \u0162uroiu\u201d, promotoare a valorilor autentice rom\u00e2ne\u015fti, fie ele etnografice, istorice sau oenologice, \u00ee\u0219i adaug\u0103, astfel, \u00eenc\u0103 un loc celebru, \u00eenc\u0103rcat de istorie \u0219i de simboluri, \u00een impresionantul palmares expozi\u021bional.<\/strong><\/p>\n<p>\u00cen\u00a0colec\u0163ia\u00a0\u201eZestrea\u201d, fota, ia, br\u00e2ul sau ilicul sunt surse de inspira\u0163ie pentru broderii moderne utilizate \u00een crea\u0163ii vestimentare contemporane, \u00eembin\u00e2nd m\u0103iestria materialelor pre\u0163ioase, precum dantel\u0103, tul, catifea \u015fi m\u0103tase metalizat\u0103 \u015fi a broderiilor elaborate, de inspira\u0163ie medieval\u0103. \u201eZestrea\u201d by Liliana \u0162uroiu este mai mult dec\u00e2t o colec\u0163ie de ve\u015fminte: este un proiect cultural de promovare a identit\u0103\u0163ii na\u0163ionale, cu un puternic caracter educa\u0163ional, intercultural \u015fi adresat celor preocupa\u0163i de tradi\u0163ie, valori autentice \u015fi mod\u0103. Proiectul cuprinde at\u00e2t colec\u0163ia vestimentar\u0103 modern\u0103, inspirat\u0103 din costumul tradi\u0163ional rom\u00e2nesc, c\u00e2t \u015fi un album de art\u0103 \u015fi costum, ale c\u0103rui fotografii au fost realizate \u00een Castelul Bran.<\/p>\n<p>Nu \u00eent\u00e2mpl\u0103tor, deci, zestrea rom\u00e2neasc\u0103 etnografic\u0103, cea cultural\u0103 \u015fi cea oenologic\u0103 s-au \u00eent\u00e2lnit \u00eentr-un parteneriat de succes, prin expozi\u021bia \u201cRoade de Zestre\u201d de la Castelul Bethlen-Haller, al c\u0103rei vernisaj a avut loc pe 15 octombrie.<\/p>\n<p><img loading=\"lazy\" decoding=\"async\" class=\"size-medium wp-image-33737 alignleft\" src=\"http:\/\/urbeamea.ro\/albaiulia\/wp-content\/uploads\/2016\/10\/concert-la-pian-sustinut-de-prof-Aurel-Mustatea-300x233.jpg\" alt=\"concert-la-pian-sustinut-de-prof-aurel-mustatea\" width=\"300\" height=\"233\" \/>Vernisajul a fost marcat de un recital inedit de folclor cu pian, sus\u021binut de interpreta Ioana Maria Ardelean \u0219i de profesorul Aurel Must\u0103\u021bea. Un recital-c\u0103l\u0103torie, cum le place protagoni\u0219tilor s\u0103 \u00eel numeasc\u0103, care i-a purtat pe cei prezen\u021bi \u00eenspre trecut \u0219i r\u0103d\u0103cini, aduc\u00e2nd \u00eentr-o lumin\u0103 nou\u0103, \u00een straie neobi\u0219nuite, c\u00e2ntecul popular din zona Bistri\u021bei-N\u0103s\u0103ud, a Mure\u0219ului \u0219i a Maramure\u0219ului.<\/p>\n<p>Expozi\u021bia va fi g\u0103zduit\u0103 de Castelul Bethlen-Haller p\u00e2n\u0103 la sf\u00e2r\u0219itul lunii octombrie 2016, continu\u00e2nd, astfel, tradi\u021bia companiei Jidvei de a organiza, \u00een zona Jidvei \u2013 Alba Iulia, evenimente \u0219i manifest\u0103ri menite s\u0103 promoveze cultura etnografic\u0103, p\u0103starea tradi\u021biilor, descoperirea sau sus\u021binerea talentelor care duc mai departe zestrea folcloric\u0103 rom\u00e2neasc\u0103, de o inestimabil\u0103 valoare.<\/p>\n<p>Construit \u00een 1560 de cancelarul Transilvaniei Bethlen Miklos \u0219i ref\u0103cut \u00een sec. 17 dup\u0103 modelul de arhitectur\u0103 renascentist\u0103 francez\u0103 a castelului Chambord de pe Valea Loirei, Castelul Bethlen-Haller domin\u0103 somptuos colina Cet\u0103\u021bii de Balt\u0103, fiind un simbol de pre\u021b al Jidveiului.<\/p>\n<p>Din 1560 dateaz\u0103, \u00eenc\u0103 nealterate, poarta veche a castelului, cu scripetele s\u0103u original, o u\u0219\u0103 frumos sculptat\u0103 \u00een piatr\u0103 \u0219i scara de lemn de intrare \u00een pivni\u021ba de la subsol. Actualmente proprietate a familiei Nec\u0219ulescu, fondatoarea companiei Jidvei, castelul, ce poart\u0103 \u00eenc\u0103 pe frontispiciu blazonul princiar original, este cu circuit \u00eenchis, fiind destinat oenoturismului \u2013 degust\u0103rilor \u0219i evenimentelor de promovarea celebrelor vinuri de Jidvei.<\/p>\n<p><img loading=\"lazy\" decoding=\"async\" class=\"size-medium wp-image-33738 alignleft\" src=\"http:\/\/urbeamea.ro\/albaiulia\/wp-content\/uploads\/2016\/10\/Zestrea-la-Castel-Jidvei-300x200.jpg\" alt=\"zestrea-la-castel-jidvei\" width=\"300\" height=\"200\" \/>Zestrea oenologic\u0103 a domeniului Jidvei o reprezint\u0103, evident, \u00eentinsa podgorie de pe T\u00e2rnave, cu soiurile albe de calitate, precum Feteasca Regal\u0103, Feteasc\u0103 Alb\u0103, Riesling Italian, Sauvignon Blanc, Chardonnay, Muscat Ottonel, dar \u0219i soiuri negre precum Pinot Noir, Cabernet Sauvignon, Merlot ori Syrah.<br \/>\nJidvei se m\u00e2ndre\u0219te cu vinuri nobile, a\u0219a cum sunt cele din gamele Castel, Tezaur, cupajele din gama Mysterium sau vinurile din gama Owner\u2019s Choice \u2014 aceast\u0103 gam\u0103 exclusivist\u0103 reunind unele dintre cele mai apreciate \u0219i impun\u0103toare vinuri produse de Jidvei, Ana \u0219i Maria, alese cu grij\u0103 pentru a face parte dintr-o colec\u021bie recomandat\u0103 de proprietar, dar \u0219i cu spumantele sale efervescente \u0219i rafinate, premiate de-a lungul anilor: Romantine, Jidvei \u0219i M\u0103rg\u0103ritar.<br \/>\nCu cele trei crame \u0219i vinurile celebre de origine controlat\u0103 de pe Valea T\u00e2rnavelor, distinse \u00een ultimii ani cu peste 150 de medalii \u00een cadrul celor mai prestigioase concursuri de profil din lume, compania Jidvei a ajuns ast\u0103zi unul dintre cei mai importan\u021bi produc\u0103tori de vinuri din Rom\u00e2nia \u0219i din Europa.<\/p>\n<p>\u201cZESTREA\u201d LA CASTEL<\/p>\n<p><img loading=\"lazy\" decoding=\"async\" class=\"size-medium wp-image-33739 alignleft\" src=\"http:\/\/urbeamea.ro\/albaiulia\/wp-content\/uploads\/2016\/10\/creatoarea-Liliana-Turoiu-si-Ioana-Maria-Ardelean-lowrez-300x205.jpg\" alt=\"creatoarea-liliana-turoiu-si-ioana-maria-ardelean-lowrez\" width=\"300\" height=\"205\" \/>Castelul Bethlen-Haller se al\u0103tur\u0103, astfel, \u00eentr-un mod natural, periplului cultural \u201cZestrea\u201d, de promovarea frumuse\u021bii sufletului rom\u00e2nesc prin culoare, simboluri \u0219i textur\u0103. \u0218i este, iat\u0103, \u00eenc\u0103 un loc special, cu istorie, arhitectur\u0103 somptuas\u0103 \u0219i renume \u00een care colec\u021bia a fost expus\u0103 \u00een 2015 \u0219i 2016:<br \/>\nMuzeul Na\u0163ional al Castelului Pele\u015f \u2013 \u00een Camera de Aur din Peli\u0219or, unde este depus\u0103 inima Reginei Maria (2015). Castelul Bran \u2013 \u00een Camera de Muzic\u0103 a Reginei Maria (2015). Cetatea F\u0103g\u0103ra\u0219ului \u2013 \u00een Sala Tronului (ianuarie-iulie 2016). Palatul Bragadiru \u2013 \u00een cadrul prestigioasei Gale International Wine Contest Bucharest (iunie 2016). Palatul Cesianu-Racovi\u021b\u0103, \u00een Galeria de Art\u0103 Artmark, Bucure\u0219ti, \u00een cadrul Licita\u021biei de Valori Tradi\u021bionale Rom\u00e2ne\u0219ti (septembrie 2016). Castelul Jaegerhof \u0219i Sala Schumann a Muzeului de Art\u0103, Dusseldorf, Germania \u2013 \u00een cadrul evenimentelor jubiliare dedicate celor 150 de ani de Regalitate \u00een Rom\u00e2nia, organizate de Institutul Cultural Rom\u00e2n \u0219i Asocia\u0163ia Cultural\u0103 Rom\u00e2no-German\u0103 Atheneum (sept. 2016). Palatul Sch\u00f6nbrunn, Sala Palmenhaus, Viena (2015)<\/p>\n<p>Galeria de Art\u0103 a Institutului Cultural Rom\u00e2n din Roma, la Accademia di Romania (2015). Pavilionul\u00a0Na\u021bional al Rom\u00e2niei din Milano, din cadrul expozi\u021biei\u00a0universale ExpoMilano (2015).<\/p>\n<p>Ca un adev\u0103rat ambasador al turismului \u015fi al valorilor rom\u00e2ne\u015fti, creatoarea Liliana \u0162uroiu \u2013 artist plastic \u0219i Lector Universitar Doctor \u00een cadrul Departamentului de Mod\u0103 al Universit\u0103\u0163ii Na\u0163ionale de Arte Bucure\u015fti \u2013 a sprijinit \u00eentotdeana cultura rom\u00e2neasc\u0103, at\u00e2t prin colec\u021biile \u0219i expozi\u0163iile sale de art\u0103 \u015fi costum contemporan, c\u00e2t \u015fi prin numeroase conferin\u0163e sus\u0163inute \u00een cadrul unor prestigioase institu\u0163ii academice rom\u00e2ne\u0219ti \u0219i interna\u021bionale.<\/p>\n","protected":false},"excerpt":{"rendered":"<p>Piese pre\u0163ioase din colec\u0163ia \u201eZestrea\u201d, inspirate de straiele medievale ale domni\u021belor \u0219i reginelor, precum \u015fi de motivele iilor rom\u00e2ne\u015fti tradi\u0163ionale, sunt expuse \u00een luna octombrie la Castelul Bethlen-Haller, simbol de pre\u021b al companiei Jidvei. Colec\u021bia \u201eZestrea by Liliana \u0162uroiu\u201d, promotoare a valorilor autentice rom\u00e2ne\u015fti, fie ele etnografice, istorice sau oenologice, \u00ee\u0219i adaug\u0103, astfel, \u00eenc\u0103 un &hellip;<\/p>\n","protected":false},"author":17,"featured_media":33736,"comment_status":"open","ping_status":"open","sticky":false,"template":"","format":"standard","meta":{"inline_featured_image":false,"footnotes":""},"categories":[2034],"tags":[307,8076,3946,8079,6591,8080,8081,4128,8077,354,308,76,8078,418],"class_list":["post-33735","post","type-post","status-publish","format-standard","has-post-thumbnail","hentry","category-social","tag-alba","tag-castel-jidvei","tag-colectie","tag-etnografice","tag-folclor","tag-istorice","tag-oenologice","tag-pian","tag-piese-pretioase","tag-recital","tag-stiri","tag-urbea-mea","tag-valori-autentice-romanesti","tag-vernisaj"],"yoast_head":"<!-- This site is optimized with the Yoast SEO plugin v28.3 - https:\/\/yoast.com\/product\/yoast-seo-wordpress\/ -->\n<title>FOTO: Colec\u0163ia \u201eZestrea\u201d a creatoarei Liliana \u0162uroiu, expus\u0103 la Castelul Bethlen-Haller, simbol al companiei Jidvei - Revista Urbea Mea - Revista de Alba<\/title>\n<meta name=\"description\" content=\"Piese pre\u0163ioase din colec\u0163ia \u201eZestrea\u201d, inspirate de straiele medievale ale domni\u021belor \u0219i reginelor, precum \u015fi de motivele iilor rom\u00e2ne\u015fti tradi\u0163ionale,\" \/>\n<meta name=\"robots\" content=\"index, follow, max-snippet:-1, max-image-preview:large, max-video-preview:-1\" \/>\n<link rel=\"canonical\" href=\"https:\/\/urbeamea.ro\/albaiulia\/foto-colectia-zestrea-a-creatoarei-liliana-turoiu-expusa-la-castelul-bethlen-haller-simbol-al-companiei-jidvei\/\" \/>\n<meta name=\"twitter:card\" content=\"summary_large_image\" \/>\n<meta name=\"twitter:title\" content=\"FOTO: Colec\u0163ia \u201eZestrea\u201d a creatoarei Liliana \u0162uroiu, expus\u0103 la Castelul Bethlen-Haller, simbol al companiei Jidvei - Revista Urbea Mea - Revista de Alba\" \/>\n<meta name=\"twitter:description\" content=\"Piese pre\u0163ioase din colec\u0163ia \u201eZestrea\u201d, inspirate de straiele medievale ale domni\u021belor \u0219i reginelor, precum \u015fi de motivele iilor rom\u00e2ne\u015fti tradi\u0163ionale,\" \/>\n<meta name=\"twitter:image\" content=\"https:\/\/urbeamea.ro\/albaiulia\/wp-content\/uploads\/2016\/10\/Liliana-Turoiu-si-Ioana-Maria-Ardelean.jpg\" \/>\n<meta name=\"twitter:creator\" content=\"@urbeameaweb\" \/>\n<meta name=\"twitter:site\" content=\"@urbeameaweb\" \/>\n<script type=\"application\/ld+json\" class=\"yoast-schema-graph\">{\"@context\":\"https:\\\/\\\/schema.org\",\"@graph\":[{\"@type\":\"Article\",\"@id\":\"https:\\\/\\\/urbeamea.ro\\\/albaiulia\\\/foto-colectia-zestrea-a-creatoarei-liliana-turoiu-expusa-la-castelul-bethlen-haller-simbol-al-companiei-jidvei\\\/#article\",\"isPartOf\":{\"@id\":\"https:\\\/\\\/urbeamea.ro\\\/albaiulia\\\/foto-colectia-zestrea-a-creatoarei-liliana-turoiu-expusa-la-castelul-bethlen-haller-simbol-al-companiei-jidvei\\\/\"},\"author\":{\"name\":\"Cristina Ganga\",\"@id\":\"https:\\\/\\\/urbeamea.ro\\\/albaiulia\\\/#\\\/schema\\\/person\\\/9700d21fae21c4f038b0b56f4506264a\"},\"headline\":\"FOTO: Colec\u0163ia \u201eZestrea\u201d a creatoarei Liliana \u0162uroiu, expus\u0103 la Castelul Bethlen-Haller, simbol al companiei Jidvei\",\"datePublished\":\"2016-10-18T06:40:01+00:00\",\"mainEntityOfPage\":{\"@id\":\"https:\\\/\\\/urbeamea.ro\\\/albaiulia\\\/foto-colectia-zestrea-a-creatoarei-liliana-turoiu-expusa-la-castelul-bethlen-haller-simbol-al-companiei-jidvei\\\/\"},\"wordCount\":948,\"commentCount\":0,\"image\":{\"@id\":\"https:\\\/\\\/urbeamea.ro\\\/albaiulia\\\/foto-colectia-zestrea-a-creatoarei-liliana-turoiu-expusa-la-castelul-bethlen-haller-simbol-al-companiei-jidvei\\\/#primaryimage\"},\"thumbnailUrl\":\"https:\\\/\\\/urbeamea.ro\\\/albaiulia\\\/wp-content\\\/uploads\\\/2016\\\/10\\\/Liliana-Turoiu-si-Ioana-Maria-Ardelean.jpg\",\"keywords\":[\"alba\",\"castel jidvei\",\"colectie\",\"etnografice\",\"folclor\",\"istorice\",\"oenologice\",\"pian\",\"piese pretioase\",\"recital\",\"stiri\",\"Urbea Mea\",\"valori autentice romanesti\",\"vernisaj\"],\"articleSection\":[\"Social\"],\"inLanguage\":\"ro-RO\",\"potentialAction\":[{\"@type\":\"CommentAction\",\"name\":\"Comment\",\"target\":[\"https:\\\/\\\/urbeamea.ro\\\/albaiulia\\\/foto-colectia-zestrea-a-creatoarei-liliana-turoiu-expusa-la-castelul-bethlen-haller-simbol-al-companiei-jidvei\\\/#respond\"]}]},{\"@type\":\"WebPage\",\"@id\":\"https:\\\/\\\/urbeamea.ro\\\/albaiulia\\\/foto-colectia-zestrea-a-creatoarei-liliana-turoiu-expusa-la-castelul-bethlen-haller-simbol-al-companiei-jidvei\\\/\",\"url\":\"https:\\\/\\\/urbeamea.ro\\\/albaiulia\\\/foto-colectia-zestrea-a-creatoarei-liliana-turoiu-expusa-la-castelul-bethlen-haller-simbol-al-companiei-jidvei\\\/\",\"name\":\"FOTO: Colec\u0163ia \u201eZestrea\u201d a creatoarei Liliana \u0162uroiu, expus\u0103 la Castelul Bethlen-Haller, simbol al companiei Jidvei - Revista Urbea Mea - Revista de Alba\",\"isPartOf\":{\"@id\":\"https:\\\/\\\/urbeamea.ro\\\/albaiulia\\\/#website\"},\"primaryImageOfPage\":{\"@id\":\"https:\\\/\\\/urbeamea.ro\\\/albaiulia\\\/foto-colectia-zestrea-a-creatoarei-liliana-turoiu-expusa-la-castelul-bethlen-haller-simbol-al-companiei-jidvei\\\/#primaryimage\"},\"image\":{\"@id\":\"https:\\\/\\\/urbeamea.ro\\\/albaiulia\\\/foto-colectia-zestrea-a-creatoarei-liliana-turoiu-expusa-la-castelul-bethlen-haller-simbol-al-companiei-jidvei\\\/#primaryimage\"},\"thumbnailUrl\":\"https:\\\/\\\/urbeamea.ro\\\/albaiulia\\\/wp-content\\\/uploads\\\/2016\\\/10\\\/Liliana-Turoiu-si-Ioana-Maria-Ardelean.jpg\",\"datePublished\":\"2016-10-18T06:40:01+00:00\",\"author\":{\"@id\":\"https:\\\/\\\/urbeamea.ro\\\/albaiulia\\\/#\\\/schema\\\/person\\\/9700d21fae21c4f038b0b56f4506264a\"},\"description\":\"Piese pre\u0163ioase din colec\u0163ia \u201eZestrea\u201d, inspirate de straiele medievale ale domni\u021belor \u0219i reginelor, precum \u015fi de motivele iilor rom\u00e2ne\u015fti tradi\u0163ionale,\",\"breadcrumb\":{\"@id\":\"https:\\\/\\\/urbeamea.ro\\\/albaiulia\\\/foto-colectia-zestrea-a-creatoarei-liliana-turoiu-expusa-la-castelul-bethlen-haller-simbol-al-companiei-jidvei\\\/#breadcrumb\"},\"inLanguage\":\"ro-RO\",\"potentialAction\":[{\"@type\":\"ReadAction\",\"target\":[\"https:\\\/\\\/urbeamea.ro\\\/albaiulia\\\/foto-colectia-zestrea-a-creatoarei-liliana-turoiu-expusa-la-castelul-bethlen-haller-simbol-al-companiei-jidvei\\\/\"]}]},{\"@type\":\"ImageObject\",\"inLanguage\":\"ro-RO\",\"@id\":\"https:\\\/\\\/urbeamea.ro\\\/albaiulia\\\/foto-colectia-zestrea-a-creatoarei-liliana-turoiu-expusa-la-castelul-bethlen-haller-simbol-al-companiei-jidvei\\\/#primaryimage\",\"url\":\"https:\\\/\\\/urbeamea.ro\\\/albaiulia\\\/wp-content\\\/uploads\\\/2016\\\/10\\\/Liliana-Turoiu-si-Ioana-Maria-Ardelean.jpg\",\"contentUrl\":\"https:\\\/\\\/urbeamea.ro\\\/albaiulia\\\/wp-content\\\/uploads\\\/2016\\\/10\\\/Liliana-Turoiu-si-Ioana-Maria-Ardelean.jpg\",\"width\":1280,\"height\":854},{\"@type\":\"BreadcrumbList\",\"@id\":\"https:\\\/\\\/urbeamea.ro\\\/albaiulia\\\/foto-colectia-zestrea-a-creatoarei-liliana-turoiu-expusa-la-castelul-bethlen-haller-simbol-al-companiei-jidvei\\\/#breadcrumb\",\"itemListElement\":[{\"@type\":\"ListItem\",\"position\":1,\"name\":\"Prima pagin\u0103\",\"item\":\"https:\\\/\\\/urbeamea.ro\\\/albaiulia\\\/\"},{\"@type\":\"ListItem\",\"position\":2,\"name\":\"FOTO: Colec\u0163ia \u201eZestrea\u201d a creatoarei Liliana \u0162uroiu, expus\u0103 la Castelul Bethlen-Haller, simbol al companiei Jidvei\"}]},{\"@type\":\"WebSite\",\"@id\":\"https:\\\/\\\/urbeamea.ro\\\/albaiulia\\\/#website\",\"url\":\"https:\\\/\\\/urbeamea.ro\\\/albaiulia\\\/\",\"name\":\"Revista Urbea Mea, Stiri urbane\",\"description\":\"Evenimente \u0219i \u0219tiri din Alba Iulia, Sebe\u0219, Aiud, Blaj\",\"potentialAction\":[{\"@type\":\"SearchAction\",\"target\":{\"@type\":\"EntryPoint\",\"urlTemplate\":\"https:\\\/\\\/urbeamea.ro\\\/albaiulia\\\/?s={search_term_string}\"},\"query-input\":{\"@type\":\"PropertyValueSpecification\",\"valueRequired\":true,\"valueName\":\"search_term_string\"}}],\"inLanguage\":\"ro-RO\"},{\"@type\":\"Person\",\"@id\":\"https:\\\/\\\/urbeamea.ro\\\/albaiulia\\\/#\\\/schema\\\/person\\\/9700d21fae21c4f038b0b56f4506264a\",\"name\":\"Cristina Ganga\",\"image\":{\"@type\":\"ImageObject\",\"inLanguage\":\"ro-RO\",\"@id\":\"https:\\\/\\\/secure.gravatar.com\\\/avatar\\\/5a67661041f057b4a8ccaf26f5a8e86e2689372006d01faf3dd9eeb10b654bb4?s=96&d=mm&r=g\",\"url\":\"https:\\\/\\\/secure.gravatar.com\\\/avatar\\\/5a67661041f057b4a8ccaf26f5a8e86e2689372006d01faf3dd9eeb10b654bb4?s=96&d=mm&r=g\",\"contentUrl\":\"https:\\\/\\\/secure.gravatar.com\\\/avatar\\\/5a67661041f057b4a8ccaf26f5a8e86e2689372006d01faf3dd9eeb10b654bb4?s=96&d=mm&r=g\",\"caption\":\"Cristina Ganga\"},\"description\":\"Jurnalist\",\"sameAs\":[\"https:\\\/\\\/www.facebook.com\\\/cristina.nicola.587\"],\"url\":\"https:\\\/\\\/urbeamea.ro\\\/albaiulia\\\/author\\\/cristina-nicola\\\/\"}]}<\/script>\n<!-- \/ Yoast SEO plugin. -->","yoast_head_json":{"title":"FOTO: Colec\u0163ia \u201eZestrea\u201d a creatoarei Liliana \u0162uroiu, expus\u0103 la Castelul Bethlen-Haller, simbol al companiei Jidvei - Revista Urbea Mea - Revista de Alba","description":"Piese pre\u0163ioase din colec\u0163ia \u201eZestrea\u201d, inspirate de straiele medievale ale domni\u021belor \u0219i reginelor, precum \u015fi de motivele iilor rom\u00e2ne\u015fti tradi\u0163ionale,","robots":{"index":"index","follow":"follow","max-snippet":"max-snippet:-1","max-image-preview":"max-image-preview:large","max-video-preview":"max-video-preview:-1"},"canonical":"https:\/\/urbeamea.ro\/albaiulia\/foto-colectia-zestrea-a-creatoarei-liliana-turoiu-expusa-la-castelul-bethlen-haller-simbol-al-companiei-jidvei\/","twitter_card":"summary_large_image","twitter_title":"FOTO: Colec\u0163ia \u201eZestrea\u201d a creatoarei Liliana \u0162uroiu, expus\u0103 la Castelul Bethlen-Haller, simbol al companiei Jidvei - Revista Urbea Mea - Revista de Alba","twitter_description":"Piese pre\u0163ioase din colec\u0163ia \u201eZestrea\u201d, inspirate de straiele medievale ale domni\u021belor \u0219i reginelor, precum \u015fi de motivele iilor rom\u00e2ne\u015fti tradi\u0163ionale,","twitter_image":"https:\/\/urbeamea.ro\/albaiulia\/wp-content\/uploads\/2016\/10\/Liliana-Turoiu-si-Ioana-Maria-Ardelean.jpg","twitter_creator":"@urbeameaweb","twitter_site":"@urbeameaweb","schema":{"@context":"https:\/\/schema.org","@graph":[{"@type":"Article","@id":"https:\/\/urbeamea.ro\/albaiulia\/foto-colectia-zestrea-a-creatoarei-liliana-turoiu-expusa-la-castelul-bethlen-haller-simbol-al-companiei-jidvei\/#article","isPartOf":{"@id":"https:\/\/urbeamea.ro\/albaiulia\/foto-colectia-zestrea-a-creatoarei-liliana-turoiu-expusa-la-castelul-bethlen-haller-simbol-al-companiei-jidvei\/"},"author":{"name":"Cristina Ganga","@id":"https:\/\/urbeamea.ro\/albaiulia\/#\/schema\/person\/9700d21fae21c4f038b0b56f4506264a"},"headline":"FOTO: Colec\u0163ia \u201eZestrea\u201d a creatoarei Liliana \u0162uroiu, expus\u0103 la Castelul Bethlen-Haller, simbol al companiei Jidvei","datePublished":"2016-10-18T06:40:01+00:00","mainEntityOfPage":{"@id":"https:\/\/urbeamea.ro\/albaiulia\/foto-colectia-zestrea-a-creatoarei-liliana-turoiu-expusa-la-castelul-bethlen-haller-simbol-al-companiei-jidvei\/"},"wordCount":948,"commentCount":0,"image":{"@id":"https:\/\/urbeamea.ro\/albaiulia\/foto-colectia-zestrea-a-creatoarei-liliana-turoiu-expusa-la-castelul-bethlen-haller-simbol-al-companiei-jidvei\/#primaryimage"},"thumbnailUrl":"https:\/\/urbeamea.ro\/albaiulia\/wp-content\/uploads\/2016\/10\/Liliana-Turoiu-si-Ioana-Maria-Ardelean.jpg","keywords":["alba","castel jidvei","colectie","etnografice","folclor","istorice","oenologice","pian","piese pretioase","recital","stiri","Urbea Mea","valori autentice romanesti","vernisaj"],"articleSection":["Social"],"inLanguage":"ro-RO","potentialAction":[{"@type":"CommentAction","name":"Comment","target":["https:\/\/urbeamea.ro\/albaiulia\/foto-colectia-zestrea-a-creatoarei-liliana-turoiu-expusa-la-castelul-bethlen-haller-simbol-al-companiei-jidvei\/#respond"]}]},{"@type":"WebPage","@id":"https:\/\/urbeamea.ro\/albaiulia\/foto-colectia-zestrea-a-creatoarei-liliana-turoiu-expusa-la-castelul-bethlen-haller-simbol-al-companiei-jidvei\/","url":"https:\/\/urbeamea.ro\/albaiulia\/foto-colectia-zestrea-a-creatoarei-liliana-turoiu-expusa-la-castelul-bethlen-haller-simbol-al-companiei-jidvei\/","name":"FOTO: Colec\u0163ia \u201eZestrea\u201d a creatoarei Liliana \u0162uroiu, expus\u0103 la Castelul Bethlen-Haller, simbol al companiei Jidvei - Revista Urbea Mea - Revista de Alba","isPartOf":{"@id":"https:\/\/urbeamea.ro\/albaiulia\/#website"},"primaryImageOfPage":{"@id":"https:\/\/urbeamea.ro\/albaiulia\/foto-colectia-zestrea-a-creatoarei-liliana-turoiu-expusa-la-castelul-bethlen-haller-simbol-al-companiei-jidvei\/#primaryimage"},"image":{"@id":"https:\/\/urbeamea.ro\/albaiulia\/foto-colectia-zestrea-a-creatoarei-liliana-turoiu-expusa-la-castelul-bethlen-haller-simbol-al-companiei-jidvei\/#primaryimage"},"thumbnailUrl":"https:\/\/urbeamea.ro\/albaiulia\/wp-content\/uploads\/2016\/10\/Liliana-Turoiu-si-Ioana-Maria-Ardelean.jpg","datePublished":"2016-10-18T06:40:01+00:00","author":{"@id":"https:\/\/urbeamea.ro\/albaiulia\/#\/schema\/person\/9700d21fae21c4f038b0b56f4506264a"},"description":"Piese pre\u0163ioase din colec\u0163ia \u201eZestrea\u201d, inspirate de straiele medievale ale domni\u021belor \u0219i reginelor, precum \u015fi de motivele iilor rom\u00e2ne\u015fti tradi\u0163ionale,","breadcrumb":{"@id":"https:\/\/urbeamea.ro\/albaiulia\/foto-colectia-zestrea-a-creatoarei-liliana-turoiu-expusa-la-castelul-bethlen-haller-simbol-al-companiei-jidvei\/#breadcrumb"},"inLanguage":"ro-RO","potentialAction":[{"@type":"ReadAction","target":["https:\/\/urbeamea.ro\/albaiulia\/foto-colectia-zestrea-a-creatoarei-liliana-turoiu-expusa-la-castelul-bethlen-haller-simbol-al-companiei-jidvei\/"]}]},{"@type":"ImageObject","inLanguage":"ro-RO","@id":"https:\/\/urbeamea.ro\/albaiulia\/foto-colectia-zestrea-a-creatoarei-liliana-turoiu-expusa-la-castelul-bethlen-haller-simbol-al-companiei-jidvei\/#primaryimage","url":"https:\/\/urbeamea.ro\/albaiulia\/wp-content\/uploads\/2016\/10\/Liliana-Turoiu-si-Ioana-Maria-Ardelean.jpg","contentUrl":"https:\/\/urbeamea.ro\/albaiulia\/wp-content\/uploads\/2016\/10\/Liliana-Turoiu-si-Ioana-Maria-Ardelean.jpg","width":1280,"height":854},{"@type":"BreadcrumbList","@id":"https:\/\/urbeamea.ro\/albaiulia\/foto-colectia-zestrea-a-creatoarei-liliana-turoiu-expusa-la-castelul-bethlen-haller-simbol-al-companiei-jidvei\/#breadcrumb","itemListElement":[{"@type":"ListItem","position":1,"name":"Prima pagin\u0103","item":"https:\/\/urbeamea.ro\/albaiulia\/"},{"@type":"ListItem","position":2,"name":"FOTO: Colec\u0163ia \u201eZestrea\u201d a creatoarei Liliana \u0162uroiu, expus\u0103 la Castelul Bethlen-Haller, simbol al companiei Jidvei"}]},{"@type":"WebSite","@id":"https:\/\/urbeamea.ro\/albaiulia\/#website","url":"https:\/\/urbeamea.ro\/albaiulia\/","name":"Revista Urbea Mea, Stiri urbane","description":"Evenimente \u0219i \u0219tiri din Alba Iulia, Sebe\u0219, Aiud, Blaj","potentialAction":[{"@type":"SearchAction","target":{"@type":"EntryPoint","urlTemplate":"https:\/\/urbeamea.ro\/albaiulia\/?s={search_term_string}"},"query-input":{"@type":"PropertyValueSpecification","valueRequired":true,"valueName":"search_term_string"}}],"inLanguage":"ro-RO"},{"@type":"Person","@id":"https:\/\/urbeamea.ro\/albaiulia\/#\/schema\/person\/9700d21fae21c4f038b0b56f4506264a","name":"Cristina Ganga","image":{"@type":"ImageObject","inLanguage":"ro-RO","@id":"https:\/\/secure.gravatar.com\/avatar\/5a67661041f057b4a8ccaf26f5a8e86e2689372006d01faf3dd9eeb10b654bb4?s=96&d=mm&r=g","url":"https:\/\/secure.gravatar.com\/avatar\/5a67661041f057b4a8ccaf26f5a8e86e2689372006d01faf3dd9eeb10b654bb4?s=96&d=mm&r=g","contentUrl":"https:\/\/secure.gravatar.com\/avatar\/5a67661041f057b4a8ccaf26f5a8e86e2689372006d01faf3dd9eeb10b654bb4?s=96&d=mm&r=g","caption":"Cristina Ganga"},"description":"Jurnalist","sameAs":["https:\/\/www.facebook.com\/cristina.nicola.587"],"url":"https:\/\/urbeamea.ro\/albaiulia\/author\/cristina-nicola\/"}]}},"_links":{"self":[{"href":"https:\/\/urbeamea.ro\/albaiulia\/wp-json\/wp\/v2\/posts\/33735","targetHints":{"allow":["GET"]}}],"collection":[{"href":"https:\/\/urbeamea.ro\/albaiulia\/wp-json\/wp\/v2\/posts"}],"about":[{"href":"https:\/\/urbeamea.ro\/albaiulia\/wp-json\/wp\/v2\/types\/post"}],"author":[{"embeddable":true,"href":"https:\/\/urbeamea.ro\/albaiulia\/wp-json\/wp\/v2\/users\/17"}],"replies":[{"embeddable":true,"href":"https:\/\/urbeamea.ro\/albaiulia\/wp-json\/wp\/v2\/comments?post=33735"}],"version-history":[{"count":0,"href":"https:\/\/urbeamea.ro\/albaiulia\/wp-json\/wp\/v2\/posts\/33735\/revisions"}],"wp:featuredmedia":[{"embeddable":true,"href":"https:\/\/urbeamea.ro\/albaiulia\/wp-json\/wp\/v2\/media\/33736"}],"wp:attachment":[{"href":"https:\/\/urbeamea.ro\/albaiulia\/wp-json\/wp\/v2\/media?parent=33735"}],"wp:term":[{"taxonomy":"category","embeddable":true,"href":"https:\/\/urbeamea.ro\/albaiulia\/wp-json\/wp\/v2\/categories?post=33735"},{"taxonomy":"post_tag","embeddable":true,"href":"https:\/\/urbeamea.ro\/albaiulia\/wp-json\/wp\/v2\/tags?post=33735"}],"curies":[{"name":"wp","href":"https:\/\/api.w.org\/{rel}","templated":true}]}}