{"id":33857,"date":"2016-10-21T10:34:54","date_gmt":"2016-10-21T07:34:54","guid":{"rendered":"http:\/\/urbeamea.ro\/albaiulia\/?p=33857"},"modified":"2016-10-21T14:38:35","modified_gmt":"2016-10-21T11:38:35","slug":"update-sedinta-de-consiliu-local-alba-iulia-deplasari-in-strainatate-si-finantare-pentru-conferinta-internationala-icmea","status":"publish","type":"post","link":"https:\/\/urbeamea.ro\/albaiulia\/update-sedinta-de-consiliu-local-alba-iulia-deplasari-in-strainatate-si-finantare-pentru-conferinta-internationala-icmea\/","title":{"rendered":"UPDATE: \u0218edin\u021b\u0103 de Consiliu Local Alba Iulia: deplas\u0103ri \u00een str\u0103in\u0103tate \u0219i finan\u021bare pentru Conferin\u021ba Interna\u021bional\u0103 ICMEA"},"content":{"rendered":"<p><strong><img loading=\"lazy\" decoding=\"async\" class=\"alignleft size-medium wp-image-30875\" src=\"http:\/\/urbeamea.ro\/albaiulia\/wp-content\/uploads\/2016\/08\/consiliul-local-300x225.jpg\" alt=\"consiliul local\" width=\"300\" height=\"225\" \/>Consilierii locali din Alba Iulia se \u00eentrunesc ast\u0103zi \u00een \u0219edin\u021ba ordinar\u0103 a acestei luni. Pe ordinea de zi se afl\u0103 cinci proiecte, plus unul suplimentar, printre care se num\u0103r\u0103 aprobarea unor deplas\u0103ri \u00een str\u0103n\u0103tate, precum \u0219i \u00eencheierea unui protocol de cooperare cu Universitatea \u201d1 Decembrie 1918\u201d \u0219i sprijinirea din punct de vedere financiar a\u00a0Conferin\u021bei Interna\u021bionale ICMEA.<\/strong><\/p>\n<p><strong>UPDATE: Toate proiectele de pe ordinea de zi au fost aprobate de c\u0103tre consilieri.<\/strong><\/p>\n<p>Ordinea de zi:<\/p>\n<p>1. Deplasarea unei delega\u021bii a Municipiului Alba Iulia \u00een ora\u0219ul Pi\u0142a \u2013 Polonia, \u00een perioada 6-12 noiembrie 2016<\/p>\n<p>2. Deplasarea unei delega\u021bii a Municipiului Alba Iulia Biograd na Moru \u2013 Croa\u021bia, \u00een perioada 20-24 noiembrie 2016<\/p>\n<p>3. Participarea Municipiului Alba Iulia \u00een cadrul proiectului \u201eTRANSFORMING YOUR CITY \u2013 Transnational workshops for youth involvement in decision-making on urban regeneration\u201d finan\u0163at de Uniunea European\u0103 \u00een cadrul programului european ERASMUS +, KA3 &#8211; Structured Dialogue. Meetings between young people and decision-makers in the field of youth.<\/p>\n<p>4. \u00cencheierea unui protocol de cooperare \u00eentre Municipiul Alba Iulia \u0219i Universitatea 1 Decembrie 1918 din Alba Iulia<\/p>\n<p>5. Acordarea unui sprijin financiar c\u0103tre Universitatea 1 Decembrie 1918 din Alba Iulia \u00een vederea organiz\u0103rii celei de-a 9-a edi\u021bii a Conferin\u021bei Interna\u021bionale ICMEA \u00een perioada 1-5 noiembrie 2016<\/p>\n<p>6. Revocarea prevederilor art.6 din H.C.L. 369\/20.11.2015 a Consiliului Local al municipiului Alba Iulia.<\/p>\n","protected":false},"excerpt":{"rendered":"<p>Consilierii locali din Alba Iulia se \u00eentrunesc ast\u0103zi \u00een \u0219edin\u021ba ordinar\u0103 a acestei luni. Pe ordinea de zi se afl\u0103 cinci proiecte, plus unul suplimentar, printre care se num\u0103r\u0103 aprobarea unor deplas\u0103ri \u00een str\u0103n\u0103tate, precum \u0219i \u00eencheierea unui protocol de cooperare cu Universitatea \u201d1 Decembrie 1918\u201d \u0219i sprijinirea din punct de vedere financiar a\u00a0Conferin\u021bei Interna\u021bionale &hellip;<\/p>\n","protected":false},"author":20,"featured_media":30875,"comment_status":"open","ping_status":"open","sticky":false,"template":"","format":"standard","meta":{"inline_featured_image":false,"footnotes":""},"categories":[1],"tags":[31,2227,2092,5984,7165,6522,8132,2128,3679,76],"class_list":["post-33857","post","type-post","status-publish","format-standard","has-post-thumbnail","hentry","category-stiri-urbane","tag-alba-iulia","tag-consilieri","tag-consiliu-local","tag-deplasare","tag-ordinara","tag-ordine-de-zi","tag-protocol","tag-sedinta","tag-universitatea-1-decembrie-1918-alba-iulia","tag-urbea-mea"],"yoast_head":"<!-- This site is optimized with the Yoast SEO plugin v28.3 - https:\/\/yoast.com\/product\/yoast-seo-wordpress\/ -->\n<title>UPDATE: \u0218edin\u021b\u0103 de Consiliu Local Alba Iulia: deplas\u0103ri \u00een str\u0103in\u0103tate \u0219i finan\u021bare pentru Conferin\u021ba Interna\u021bional\u0103 ICMEA - Revista Urbea Mea - Revista de Alba<\/title>\n<meta name=\"description\" content=\"Consilierii locali din Alba Iulia se \u00eentrunesc ast\u0103zi \u00een \u0219edin\u021ba ordinar\u0103 a acestei luni. Pe ordinea de zi se afl\u0103 cinci proiecte, plus unul suplimentar,\" \/>\n<meta name=\"robots\" content=\"index, follow, max-snippet:-1, max-image-preview:large, max-video-preview:-1\" \/>\n<link rel=\"canonical\" href=\"https:\/\/urbeamea.ro\/albaiulia\/update-sedinta-de-consiliu-local-alba-iulia-deplasari-in-strainatate-si-finantare-pentru-conferinta-internationala-icmea\/\" \/>\n<meta name=\"twitter:card\" content=\"summary_large_image\" \/>\n<meta name=\"twitter:title\" content=\"UPDATE: \u0218edin\u021b\u0103 de Consiliu Local Alba Iulia: deplas\u0103ri \u00een str\u0103in\u0103tate \u0219i finan\u021bare pentru Conferin\u021ba Interna\u021bional\u0103 ICMEA - Revista Urbea Mea - Revista de Alba\" \/>\n<meta name=\"twitter:description\" content=\"Consilierii locali din Alba Iulia se \u00eentrunesc ast\u0103zi \u00een \u0219edin\u021ba ordinar\u0103 a acestei luni. Pe ordinea de zi se afl\u0103 cinci proiecte, plus unul suplimentar,\" \/>\n<meta name=\"twitter:image\" content=\"https:\/\/urbeamea.ro\/albaiulia\/wp-content\/uploads\/2016\/08\/consiliul-local.jpg\" \/>\n<meta name=\"twitter:creator\" content=\"@urbeameaweb\" \/>\n<meta name=\"twitter:site\" content=\"@urbeameaweb\" \/>\n<script type=\"application\/ld+json\" class=\"yoast-schema-graph\">{\"@context\":\"https:\\\/\\\/schema.org\",\"@graph\":[{\"@type\":\"Article\",\"@id\":\"https:\\\/\\\/urbeamea.ro\\\/albaiulia\\\/update-sedinta-de-consiliu-local-alba-iulia-deplasari-in-strainatate-si-finantare-pentru-conferinta-internationala-icmea\\\/#article\",\"isPartOf\":{\"@id\":\"https:\\\/\\\/urbeamea.ro\\\/albaiulia\\\/update-sedinta-de-consiliu-local-alba-iulia-deplasari-in-strainatate-si-finantare-pentru-conferinta-internationala-icmea\\\/\"},\"author\":{\"name\":\"Adriana Avram\",\"@id\":\"https:\\\/\\\/urbeamea.ro\\\/albaiulia\\\/#\\\/schema\\\/person\\\/cfaa27fc3da4a9a2cf2fee3650afc5d0\"},\"headline\":\"UPDATE: \u0218edin\u021b\u0103 de Consiliu Local Alba Iulia: deplas\u0103ri \u00een str\u0103in\u0103tate \u0219i finan\u021bare pentru Conferin\u021ba Interna\u021bional\u0103 ICMEA\",\"datePublished\":\"2016-10-21T07:34:54+00:00\",\"dateModified\":\"2016-10-21T11:38:35+00:00\",\"mainEntityOfPage\":{\"@id\":\"https:\\\/\\\/urbeamea.ro\\\/albaiulia\\\/update-sedinta-de-consiliu-local-alba-iulia-deplasari-in-strainatate-si-finantare-pentru-conferinta-internationala-icmea\\\/\"},\"wordCount\":242,\"commentCount\":0,\"image\":{\"@id\":\"https:\\\/\\\/urbeamea.ro\\\/albaiulia\\\/update-sedinta-de-consiliu-local-alba-iulia-deplasari-in-strainatate-si-finantare-pentru-conferinta-internationala-icmea\\\/#primaryimage\"},\"thumbnailUrl\":\"https:\\\/\\\/urbeamea.ro\\\/albaiulia\\\/wp-content\\\/uploads\\\/2016\\\/08\\\/consiliul-local.jpg\",\"keywords\":[\"Alba Iulia\",\"consilieri\",\"consiliu local\",\"deplasare\",\"ordinara\",\"ordine de zi\",\"protocol\",\"sedinta\",\"Universitatea \u201e1 Decembrie 1918\u201d Alba Iulia\",\"Urbea Mea\"],\"articleSection\":[\"\u015etiri Urbane\"],\"inLanguage\":\"ro-RO\",\"potentialAction\":[{\"@type\":\"CommentAction\",\"name\":\"Comment\",\"target\":[\"https:\\\/\\\/urbeamea.ro\\\/albaiulia\\\/update-sedinta-de-consiliu-local-alba-iulia-deplasari-in-strainatate-si-finantare-pentru-conferinta-internationala-icmea\\\/#respond\"]}]},{\"@type\":\"WebPage\",\"@id\":\"https:\\\/\\\/urbeamea.ro\\\/albaiulia\\\/update-sedinta-de-consiliu-local-alba-iulia-deplasari-in-strainatate-si-finantare-pentru-conferinta-internationala-icmea\\\/\",\"url\":\"https:\\\/\\\/urbeamea.ro\\\/albaiulia\\\/update-sedinta-de-consiliu-local-alba-iulia-deplasari-in-strainatate-si-finantare-pentru-conferinta-internationala-icmea\\\/\",\"name\":\"UPDATE: \u0218edin\u021b\u0103 de Consiliu Local Alba Iulia: deplas\u0103ri \u00een str\u0103in\u0103tate \u0219i finan\u021bare pentru Conferin\u021ba Interna\u021bional\u0103 ICMEA - Revista Urbea Mea - Revista de Alba\",\"isPartOf\":{\"@id\":\"https:\\\/\\\/urbeamea.ro\\\/albaiulia\\\/#website\"},\"primaryImageOfPage\":{\"@id\":\"https:\\\/\\\/urbeamea.ro\\\/albaiulia\\\/update-sedinta-de-consiliu-local-alba-iulia-deplasari-in-strainatate-si-finantare-pentru-conferinta-internationala-icmea\\\/#primaryimage\"},\"image\":{\"@id\":\"https:\\\/\\\/urbeamea.ro\\\/albaiulia\\\/update-sedinta-de-consiliu-local-alba-iulia-deplasari-in-strainatate-si-finantare-pentru-conferinta-internationala-icmea\\\/#primaryimage\"},\"thumbnailUrl\":\"https:\\\/\\\/urbeamea.ro\\\/albaiulia\\\/wp-content\\\/uploads\\\/2016\\\/08\\\/consiliul-local.jpg\",\"datePublished\":\"2016-10-21T07:34:54+00:00\",\"dateModified\":\"2016-10-21T11:38:35+00:00\",\"author\":{\"@id\":\"https:\\\/\\\/urbeamea.ro\\\/albaiulia\\\/#\\\/schema\\\/person\\\/cfaa27fc3da4a9a2cf2fee3650afc5d0\"},\"description\":\"Consilierii locali din Alba Iulia se \u00eentrunesc ast\u0103zi \u00een \u0219edin\u021ba ordinar\u0103 a acestei luni. Pe ordinea de zi se afl\u0103 cinci proiecte, plus unul suplimentar,\",\"breadcrumb\":{\"@id\":\"https:\\\/\\\/urbeamea.ro\\\/albaiulia\\\/update-sedinta-de-consiliu-local-alba-iulia-deplasari-in-strainatate-si-finantare-pentru-conferinta-internationala-icmea\\\/#breadcrumb\"},\"inLanguage\":\"ro-RO\",\"potentialAction\":[{\"@type\":\"ReadAction\",\"target\":[\"https:\\\/\\\/urbeamea.ro\\\/albaiulia\\\/update-sedinta-de-consiliu-local-alba-iulia-deplasari-in-strainatate-si-finantare-pentru-conferinta-internationala-icmea\\\/\"]}]},{\"@type\":\"ImageObject\",\"inLanguage\":\"ro-RO\",\"@id\":\"https:\\\/\\\/urbeamea.ro\\\/albaiulia\\\/update-sedinta-de-consiliu-local-alba-iulia-deplasari-in-strainatate-si-finantare-pentru-conferinta-internationala-icmea\\\/#primaryimage\",\"url\":\"https:\\\/\\\/urbeamea.ro\\\/albaiulia\\\/wp-content\\\/uploads\\\/2016\\\/08\\\/consiliul-local.jpg\",\"contentUrl\":\"https:\\\/\\\/urbeamea.ro\\\/albaiulia\\\/wp-content\\\/uploads\\\/2016\\\/08\\\/consiliul-local.jpg\",\"width\":800,\"height\":600},{\"@type\":\"BreadcrumbList\",\"@id\":\"https:\\\/\\\/urbeamea.ro\\\/albaiulia\\\/update-sedinta-de-consiliu-local-alba-iulia-deplasari-in-strainatate-si-finantare-pentru-conferinta-internationala-icmea\\\/#breadcrumb\",\"itemListElement\":[{\"@type\":\"ListItem\",\"position\":1,\"name\":\"Prima pagin\u0103\",\"item\":\"https:\\\/\\\/urbeamea.ro\\\/albaiulia\\\/\"},{\"@type\":\"ListItem\",\"position\":2,\"name\":\"UPDATE: \u0218edin\u021b\u0103 de Consiliu Local Alba Iulia: deplas\u0103ri \u00een str\u0103in\u0103tate \u0219i finan\u021bare pentru Conferin\u021ba Interna\u021bional\u0103 ICMEA\"}]},{\"@type\":\"WebSite\",\"@id\":\"https:\\\/\\\/urbeamea.ro\\\/albaiulia\\\/#website\",\"url\":\"https:\\\/\\\/urbeamea.ro\\\/albaiulia\\\/\",\"name\":\"Revista Urbea Mea, Stiri urbane\",\"description\":\"Evenimente \u0219i \u0219tiri din Alba Iulia, Sebe\u0219, Aiud, Blaj\",\"potentialAction\":[{\"@type\":\"SearchAction\",\"target\":{\"@type\":\"EntryPoint\",\"urlTemplate\":\"https:\\\/\\\/urbeamea.ro\\\/albaiulia\\\/?s={search_term_string}\"},\"query-input\":{\"@type\":\"PropertyValueSpecification\",\"valueRequired\":true,\"valueName\":\"search_term_string\"}}],\"inLanguage\":\"ro-RO\"},{\"@type\":\"Person\",\"@id\":\"https:\\\/\\\/urbeamea.ro\\\/albaiulia\\\/#\\\/schema\\\/person\\\/cfaa27fc3da4a9a2cf2fee3650afc5d0\",\"name\":\"Adriana Avram\",\"image\":{\"@type\":\"ImageObject\",\"inLanguage\":\"ro-RO\",\"@id\":\"https:\\\/\\\/secure.gravatar.com\\\/avatar\\\/3cc61eb1584088e0099c1763903a6421c5ce6cdf45fc2d424046dc621efc21f9?s=96&d=mm&r=g\",\"url\":\"https:\\\/\\\/secure.gravatar.com\\\/avatar\\\/3cc61eb1584088e0099c1763903a6421c5ce6cdf45fc2d424046dc621efc21f9?s=96&d=mm&r=g\",\"contentUrl\":\"https:\\\/\\\/secure.gravatar.com\\\/avatar\\\/3cc61eb1584088e0099c1763903a6421c5ce6cdf45fc2d424046dc621efc21f9?s=96&d=mm&r=g\",\"caption\":\"Adriana Avram\"},\"description\":\"Jurnalist\",\"sameAs\":[\"https:\\\/\\\/www.facebook.com\\\/avram.adriana.7?fref=ts\"],\"url\":\"https:\\\/\\\/urbeamea.ro\\\/albaiulia\\\/author\\\/adriana-avram\\\/\"}]}<\/script>\n<!-- \/ Yoast SEO plugin. -->","yoast_head_json":{"title":"UPDATE: \u0218edin\u021b\u0103 de Consiliu Local Alba Iulia: deplas\u0103ri \u00een str\u0103in\u0103tate \u0219i finan\u021bare pentru Conferin\u021ba Interna\u021bional\u0103 ICMEA - Revista Urbea Mea - Revista de Alba","description":"Consilierii locali din Alba Iulia se \u00eentrunesc ast\u0103zi \u00een \u0219edin\u021ba ordinar\u0103 a acestei luni. Pe ordinea de zi se afl\u0103 cinci proiecte, plus unul suplimentar,","robots":{"index":"index","follow":"follow","max-snippet":"max-snippet:-1","max-image-preview":"max-image-preview:large","max-video-preview":"max-video-preview:-1"},"canonical":"https:\/\/urbeamea.ro\/albaiulia\/update-sedinta-de-consiliu-local-alba-iulia-deplasari-in-strainatate-si-finantare-pentru-conferinta-internationala-icmea\/","twitter_card":"summary_large_image","twitter_title":"UPDATE: \u0218edin\u021b\u0103 de Consiliu Local Alba Iulia: deplas\u0103ri \u00een str\u0103in\u0103tate \u0219i finan\u021bare pentru Conferin\u021ba Interna\u021bional\u0103 ICMEA - Revista Urbea Mea - Revista de Alba","twitter_description":"Consilierii locali din Alba Iulia se \u00eentrunesc ast\u0103zi \u00een \u0219edin\u021ba ordinar\u0103 a acestei luni. Pe ordinea de zi se afl\u0103 cinci proiecte, plus unul suplimentar,","twitter_image":"https:\/\/urbeamea.ro\/albaiulia\/wp-content\/uploads\/2016\/08\/consiliul-local.jpg","twitter_creator":"@urbeameaweb","twitter_site":"@urbeameaweb","schema":{"@context":"https:\/\/schema.org","@graph":[{"@type":"Article","@id":"https:\/\/urbeamea.ro\/albaiulia\/update-sedinta-de-consiliu-local-alba-iulia-deplasari-in-strainatate-si-finantare-pentru-conferinta-internationala-icmea\/#article","isPartOf":{"@id":"https:\/\/urbeamea.ro\/albaiulia\/update-sedinta-de-consiliu-local-alba-iulia-deplasari-in-strainatate-si-finantare-pentru-conferinta-internationala-icmea\/"},"author":{"name":"Adriana Avram","@id":"https:\/\/urbeamea.ro\/albaiulia\/#\/schema\/person\/cfaa27fc3da4a9a2cf2fee3650afc5d0"},"headline":"UPDATE: \u0218edin\u021b\u0103 de Consiliu Local Alba Iulia: deplas\u0103ri \u00een str\u0103in\u0103tate \u0219i finan\u021bare pentru Conferin\u021ba Interna\u021bional\u0103 ICMEA","datePublished":"2016-10-21T07:34:54+00:00","dateModified":"2016-10-21T11:38:35+00:00","mainEntityOfPage":{"@id":"https:\/\/urbeamea.ro\/albaiulia\/update-sedinta-de-consiliu-local-alba-iulia-deplasari-in-strainatate-si-finantare-pentru-conferinta-internationala-icmea\/"},"wordCount":242,"commentCount":0,"image":{"@id":"https:\/\/urbeamea.ro\/albaiulia\/update-sedinta-de-consiliu-local-alba-iulia-deplasari-in-strainatate-si-finantare-pentru-conferinta-internationala-icmea\/#primaryimage"},"thumbnailUrl":"https:\/\/urbeamea.ro\/albaiulia\/wp-content\/uploads\/2016\/08\/consiliul-local.jpg","keywords":["Alba Iulia","consilieri","consiliu local","deplasare","ordinara","ordine de zi","protocol","sedinta","Universitatea \u201e1 Decembrie 1918\u201d Alba Iulia","Urbea Mea"],"articleSection":["\u015etiri Urbane"],"inLanguage":"ro-RO","potentialAction":[{"@type":"CommentAction","name":"Comment","target":["https:\/\/urbeamea.ro\/albaiulia\/update-sedinta-de-consiliu-local-alba-iulia-deplasari-in-strainatate-si-finantare-pentru-conferinta-internationala-icmea\/#respond"]}]},{"@type":"WebPage","@id":"https:\/\/urbeamea.ro\/albaiulia\/update-sedinta-de-consiliu-local-alba-iulia-deplasari-in-strainatate-si-finantare-pentru-conferinta-internationala-icmea\/","url":"https:\/\/urbeamea.ro\/albaiulia\/update-sedinta-de-consiliu-local-alba-iulia-deplasari-in-strainatate-si-finantare-pentru-conferinta-internationala-icmea\/","name":"UPDATE: \u0218edin\u021b\u0103 de Consiliu Local Alba Iulia: deplas\u0103ri \u00een str\u0103in\u0103tate \u0219i finan\u021bare pentru Conferin\u021ba Interna\u021bional\u0103 ICMEA - Revista Urbea Mea - Revista de Alba","isPartOf":{"@id":"https:\/\/urbeamea.ro\/albaiulia\/#website"},"primaryImageOfPage":{"@id":"https:\/\/urbeamea.ro\/albaiulia\/update-sedinta-de-consiliu-local-alba-iulia-deplasari-in-strainatate-si-finantare-pentru-conferinta-internationala-icmea\/#primaryimage"},"image":{"@id":"https:\/\/urbeamea.ro\/albaiulia\/update-sedinta-de-consiliu-local-alba-iulia-deplasari-in-strainatate-si-finantare-pentru-conferinta-internationala-icmea\/#primaryimage"},"thumbnailUrl":"https:\/\/urbeamea.ro\/albaiulia\/wp-content\/uploads\/2016\/08\/consiliul-local.jpg","datePublished":"2016-10-21T07:34:54+00:00","dateModified":"2016-10-21T11:38:35+00:00","author":{"@id":"https:\/\/urbeamea.ro\/albaiulia\/#\/schema\/person\/cfaa27fc3da4a9a2cf2fee3650afc5d0"},"description":"Consilierii locali din Alba Iulia se \u00eentrunesc ast\u0103zi \u00een \u0219edin\u021ba ordinar\u0103 a acestei luni. Pe ordinea de zi se afl\u0103 cinci proiecte, plus unul suplimentar,","breadcrumb":{"@id":"https:\/\/urbeamea.ro\/albaiulia\/update-sedinta-de-consiliu-local-alba-iulia-deplasari-in-strainatate-si-finantare-pentru-conferinta-internationala-icmea\/#breadcrumb"},"inLanguage":"ro-RO","potentialAction":[{"@type":"ReadAction","target":["https:\/\/urbeamea.ro\/albaiulia\/update-sedinta-de-consiliu-local-alba-iulia-deplasari-in-strainatate-si-finantare-pentru-conferinta-internationala-icmea\/"]}]},{"@type":"ImageObject","inLanguage":"ro-RO","@id":"https:\/\/urbeamea.ro\/albaiulia\/update-sedinta-de-consiliu-local-alba-iulia-deplasari-in-strainatate-si-finantare-pentru-conferinta-internationala-icmea\/#primaryimage","url":"https:\/\/urbeamea.ro\/albaiulia\/wp-content\/uploads\/2016\/08\/consiliul-local.jpg","contentUrl":"https:\/\/urbeamea.ro\/albaiulia\/wp-content\/uploads\/2016\/08\/consiliul-local.jpg","width":800,"height":600},{"@type":"BreadcrumbList","@id":"https:\/\/urbeamea.ro\/albaiulia\/update-sedinta-de-consiliu-local-alba-iulia-deplasari-in-strainatate-si-finantare-pentru-conferinta-internationala-icmea\/#breadcrumb","itemListElement":[{"@type":"ListItem","position":1,"name":"Prima pagin\u0103","item":"https:\/\/urbeamea.ro\/albaiulia\/"},{"@type":"ListItem","position":2,"name":"UPDATE: \u0218edin\u021b\u0103 de Consiliu Local Alba Iulia: deplas\u0103ri \u00een str\u0103in\u0103tate \u0219i finan\u021bare pentru Conferin\u021ba Interna\u021bional\u0103 ICMEA"}]},{"@type":"WebSite","@id":"https:\/\/urbeamea.ro\/albaiulia\/#website","url":"https:\/\/urbeamea.ro\/albaiulia\/","name":"Revista Urbea Mea, Stiri urbane","description":"Evenimente \u0219i \u0219tiri din Alba Iulia, Sebe\u0219, Aiud, Blaj","potentialAction":[{"@type":"SearchAction","target":{"@type":"EntryPoint","urlTemplate":"https:\/\/urbeamea.ro\/albaiulia\/?s={search_term_string}"},"query-input":{"@type":"PropertyValueSpecification","valueRequired":true,"valueName":"search_term_string"}}],"inLanguage":"ro-RO"},{"@type":"Person","@id":"https:\/\/urbeamea.ro\/albaiulia\/#\/schema\/person\/cfaa27fc3da4a9a2cf2fee3650afc5d0","name":"Adriana Avram","image":{"@type":"ImageObject","inLanguage":"ro-RO","@id":"https:\/\/secure.gravatar.com\/avatar\/3cc61eb1584088e0099c1763903a6421c5ce6cdf45fc2d424046dc621efc21f9?s=96&d=mm&r=g","url":"https:\/\/secure.gravatar.com\/avatar\/3cc61eb1584088e0099c1763903a6421c5ce6cdf45fc2d424046dc621efc21f9?s=96&d=mm&r=g","contentUrl":"https:\/\/secure.gravatar.com\/avatar\/3cc61eb1584088e0099c1763903a6421c5ce6cdf45fc2d424046dc621efc21f9?s=96&d=mm&r=g","caption":"Adriana Avram"},"description":"Jurnalist","sameAs":["https:\/\/www.facebook.com\/avram.adriana.7?fref=ts"],"url":"https:\/\/urbeamea.ro\/albaiulia\/author\/adriana-avram\/"}]}},"_links":{"self":[{"href":"https:\/\/urbeamea.ro\/albaiulia\/wp-json\/wp\/v2\/posts\/33857","targetHints":{"allow":["GET"]}}],"collection":[{"href":"https:\/\/urbeamea.ro\/albaiulia\/wp-json\/wp\/v2\/posts"}],"about":[{"href":"https:\/\/urbeamea.ro\/albaiulia\/wp-json\/wp\/v2\/types\/post"}],"author":[{"embeddable":true,"href":"https:\/\/urbeamea.ro\/albaiulia\/wp-json\/wp\/v2\/users\/20"}],"replies":[{"embeddable":true,"href":"https:\/\/urbeamea.ro\/albaiulia\/wp-json\/wp\/v2\/comments?post=33857"}],"version-history":[{"count":0,"href":"https:\/\/urbeamea.ro\/albaiulia\/wp-json\/wp\/v2\/posts\/33857\/revisions"}],"wp:featuredmedia":[{"embeddable":true,"href":"https:\/\/urbeamea.ro\/albaiulia\/wp-json\/wp\/v2\/media\/30875"}],"wp:attachment":[{"href":"https:\/\/urbeamea.ro\/albaiulia\/wp-json\/wp\/v2\/media?parent=33857"}],"wp:term":[{"taxonomy":"category","embeddable":true,"href":"https:\/\/urbeamea.ro\/albaiulia\/wp-json\/wp\/v2\/categories?post=33857"},{"taxonomy":"post_tag","embeddable":true,"href":"https:\/\/urbeamea.ro\/albaiulia\/wp-json\/wp\/v2\/tags?post=33857"}],"curies":[{"name":"wp","href":"https:\/\/api.w.org\/{rel}","templated":true}]}}