{"id":33859,"date":"2016-10-21T11:09:13","date_gmt":"2016-10-21T08:09:13","guid":{"rendered":"http:\/\/urbeamea.ro\/albaiulia\/?p=33859"},"modified":"2016-10-21T11:09:13","modified_gmt":"2016-10-21T08:09:13","slug":"ipj-alba-inscrieri-la-concursul-pentru-cele-11-posturi-de-specialisti-cu-incadrare-din-sursa-externa-insclusiv-duminica","status":"publish","type":"post","link":"https:\/\/urbeamea.ro\/albaiulia\/ipj-alba-inscrieri-la-concursul-pentru-cele-11-posturi-de-specialisti-cu-incadrare-din-sursa-externa-insclusiv-duminica\/","title":{"rendered":"IPJ Alba: \u00censcrieri la concursul pentru cele 11 posturi de speciali\u015fti, cu \u00eencadrare din surs\u0103 extern\u0103, insclusiv duminic\u0103"},"content":{"rendered":"<p><span lang=\"ro-RO\"><strong><img loading=\"lazy\" decoding=\"async\" class=\"size-medium wp-image-7025 alignleft\" src=\"http:\/\/urbeamea.ro\/albaiulia\/wp-content\/uploads\/2015\/08\/30masiniIPJAlba-300x225.jpg\" alt=\"30masiniIPJAlba\" width=\"300\" height=\"225\" srcset=\"https:\/\/urbeamea.ro\/albaiulia\/wp-content\/uploads\/2015\/08\/30masiniIPJAlba-300x225.jpg 300w, https:\/\/urbeamea.ro\/albaiulia\/wp-content\/uploads\/2015\/08\/30masiniIPJAlba-150x113.jpg 150w, https:\/\/urbeamea.ro\/albaiulia\/wp-content\/uploads\/2015\/08\/30masiniIPJAlba.jpg 600w\" sizes=\"auto, (max-width: 300px) 100vw, 300px\" \/>Inspectoratul de Poli\u0163ie Jude\u0163ean Alba a scos la concurs, pentru \u00eencadrare din surs\u0103 extern\u0103, 11 posturi vacante de speciali\u015fti. Cei interesa\u021bi sunt a\u015ftepta\u0163i s\u0103 se \u00eenscrie, p\u00e2n\u0103 \u00een 23 octombrie, inclusiv s\u00e2mb\u0103t\u0103 \u015fi duminic\u0103.<\/strong><\/span><\/p>\n<p><span lang=\"ro-RO\">La data de 19 octombrie, au debutat \u00eenscrierile la concursul organizat de Inspectoratul de Poli\u0163ie Jude\u0163ean Alba, pentru \u00eencadrarea, din surs\u0103 extern\u0103 a unui num\u0103r de 11 func\u0163ii de speciali\u015fti, dup\u0103 cum urmeaz\u0103:<\/span><\/p>\n<ul>\n<li><span lang=\"ro-RO\">o func\u0163ie de ofi\u0163er sociolog la compartimentul de Analiz\u0103 \u015fi Prevenire a Criminalit\u0103\u0163ii;<\/span><\/li>\n<li><span lang=\"ro-RO\">3 func\u0163ii de ofi\u0163er, \u00een cadrul Serviciului de Investigare a Criminalit\u0103\u0163ii Economice din care una specialitatea silvicultur\u0103;<\/span><\/li>\n<li>o func\u0163ie de ofi\u0163er, specialitatea administrarea patrimoniului, la Serviciul Logistic;<\/li>\n<li><span lang=\"ro-RO\">dou\u0103 func\u0163ii de agent, specialitatea financiar, la Serviciul Financiar;<\/span><\/li>\n<li>dou\u0103 func\u0163ii de agent, specialitatea comunica\u0163ii \u015fi informatic\u0103, la Serviciul Comunica\u0163ii \u015fi Informatic\u0103;<\/li>\n<li>o func\u0163ie de agent, specialitatea achizi\u0163ii publice, la Serviciul Logistic;<\/li>\n<li><span lang=\"ro-RO\">o func\u0163ie de agent, specialitatea sisteme de securitate, la Serviciul Ordine Public\u0103;<\/span><\/li>\n<\/ul>\n<p><span lang=\"ro-RO\">Persoanele care doresc s\u0103 participe ca concurs, trebuie s\u0103 \u015ftie c\u0103:<\/span><\/p>\n<ul>\n<li>Exist\u0103 doar limit\u0103 minim\u0103 de v\u00e2rst\u0103 \u2013 18 ani;<\/li>\n<li>\u00cen\u0103l\u021bimea minima a candida\u021bilor este 1,65 m pentru femei \u0219i 1,70 m pentru b\u0103rba\u021bi;<\/li>\n<li><span lang=\"ro-RO\">Nu este nevoie de cazier judiciar;<\/span><\/li>\n<li>Nu este nevoie de copii legalizate ale actelor de studiu \u0219i cele de identitate, candidatul fiind obligat sa le prezinte pe cele originale;<\/li>\n<li><span lang=\"ro-RO\">Proba fizic\u0103 nu mai este luat\u0103 \u00een calcul la media final\u0103, fiind doar criteriu de departajare la nota testului scris; Pentru unele dintre specialit\u0103\u0163i nu se va sus\u0163ine proba fizic\u0103 (ex: specialitatea comunica\u021bii \u015fi informatic\u0103)<\/span><\/li>\n<\/ul>\n<p><span lang=\"ro-RO\">Condi\u0163iile ce trebuie \u00eendeplinite de c\u0103tre candida\u0163i, calendarul \u00eentregii activit\u0103\u0163i, tematica \u015fi bibliografia, precum \u015fi alte date de interes, se reg\u0103sesc pe <a href=\"https:\/\/ab.politiaromana.ro\/\" target=\"_blank\">site<\/a><\/span><span lang=\"ro-RO\">, la sec\u021biunea Carier\u0103 \u2013 Posturi scoase la concurs.<\/span><\/p>\n<p><span lang=\"ro-RO\">\u00censcrierile au loc vineri, 21 octombrie \u015fi s\u00e2mb\u0103t\u0103 22 octombrie, \u00eentre orele 9.00 \u2013 15.00, iar duminic\u0103, 23 octombrie, \u00eentre orele 9.00 \u2013 12.00.<\/span><\/p>\n<p><span lang=\"ro-RO\">Concursul va avea loc \u00een ziua de 26 noiembrie.<\/span><\/p>\n<p><em><span lang=\"ro-RO\">\u201eVino \u00een echipa IPJ Alba \u015fi vei avea:<\/span><\/em><\/p>\n<ul>\n<li><em><span lang=\"ro-RO\">oportunitatea dezvolt\u0103rii unei cariere \u00eentr-un mediu profesionist;<\/span><\/em><\/li>\n<li><em><span lang=\"ro-RO\">posibilitatea de a ap\u0103ra drepturile \u015fi libert\u0103\u0163ile cet\u0103\u0163enilor, de a asigura comunit\u0103\u0163ii un climat de ordine \u015fi siguran\u0163\u0103;<\/span><\/em><\/li>\n<\/ul>\n<p><em><span lang=\"ro-RO\">Avantajele profesiei de poli\u0163ist:<\/span><\/em><\/p>\n<ul>\n<li><em><span lang=\"ro-RO\">este o profesie interesant\u0103, palpitant\u0103, dinamic\u0103;<\/span><\/em><\/li>\n<\/ul>\n<p><em>Asigur\u0103:<\/em><\/p>\n<ul>\n<li><em><span lang=\"ro-RO\">Un l<\/span><span lang=\"ro-RO\">oc de munc\u0103 stabil<\/span><\/em><\/li>\n<li><em>Salariu motivant<\/em><\/li>\n<li><em>Preg\u0103tire complex\u0103<\/em><\/li>\n<li><em>Munc\u0103 \u00een echip\u0103<\/em><\/li>\n<li><em>Asisten\u0163\u0103 medical\u0103 gratuit\u0103<\/em><\/li>\n<li><em>Echipament gratuit\u201d<\/em>, au transmis reprezentan\u021bii IPJ Alba.<\/li>\n<\/ul>\n","protected":false},"excerpt":{"rendered":"<p>Inspectoratul de Poli\u0163ie Jude\u0163ean Alba a scos la concurs, pentru \u00eencadrare din surs\u0103 extern\u0103, 11 posturi vacante de speciali\u015fti. Cei interesa\u021bi sunt a\u015ftepta\u0163i s\u0103 se \u00eenscrie, p\u00e2n\u0103 \u00een 23 octombrie, inclusiv s\u00e2mb\u0103t\u0103 \u015fi duminic\u0103. La data de 19 octombrie, au debutat \u00eenscrierile la concursul organizat de Inspectoratul de Poli\u0163ie Jude\u0163ean Alba, pentru \u00eencadrarea, din surs\u0103 &hellip;<\/p>\n","protected":false},"author":17,"featured_media":7025,"comment_status":"open","ping_status":"open","sticky":false,"template":"","format":"standard","meta":{"inline_featured_image":false,"footnotes":""},"categories":[2034],"tags":[492,8133,203,2055,457,308,4539,76],"class_list":["post-33859","post","type-post","status-publish","format-standard","has-post-thumbnail","hentry","category-social","tag-concurs","tag-documente-necesare","tag-incadrari","tag-inscriere","tag-ipj-alba","tag-stiri","tag-sursa-externa","tag-urbea-mea"],"yoast_head":"<!-- This site is optimized with the Yoast SEO plugin v28.3 - https:\/\/yoast.com\/product\/yoast-seo-wordpress\/ -->\n<title>IPJ Alba: \u00censcrieri la concursul pentru cele 11 posturi de speciali\u015fti, cu \u00eencadrare din surs\u0103 extern\u0103, insclusiv duminic\u0103 - Revista Urbea Mea - Revista de Alba<\/title>\n<meta name=\"description\" content=\"Inspectoratul de Poli\u0163ie Jude\u0163ean Alba a scos la concurs, pentru \u00eencadrare din surs\u0103 extern\u0103, 11 posturi vacante de speciali\u015fti. Cei interesa\u021bi sunt\" \/>\n<meta name=\"robots\" content=\"index, follow, max-snippet:-1, max-image-preview:large, max-video-preview:-1\" \/>\n<link rel=\"canonical\" href=\"https:\/\/urbeamea.ro\/albaiulia\/ipj-alba-inscrieri-la-concursul-pentru-cele-11-posturi-de-specialisti-cu-incadrare-din-sursa-externa-insclusiv-duminica\/\" \/>\n<meta name=\"twitter:card\" content=\"summary_large_image\" \/>\n<meta name=\"twitter:title\" content=\"IPJ Alba: \u00censcrieri la concursul pentru cele 11 posturi de speciali\u015fti, cu \u00eencadrare din surs\u0103 extern\u0103, insclusiv duminic\u0103 - Revista Urbea Mea - Revista de Alba\" \/>\n<meta name=\"twitter:description\" content=\"Inspectoratul de Poli\u0163ie Jude\u0163ean Alba a scos la concurs, pentru \u00eencadrare din surs\u0103 extern\u0103, 11 posturi vacante de speciali\u015fti. Cei interesa\u021bi sunt\" \/>\n<meta name=\"twitter:image\" content=\"https:\/\/urbeamea.ro\/albaiulia\/wp-content\/uploads\/2015\/08\/30masiniIPJAlba.jpg\" \/>\n<meta name=\"twitter:creator\" content=\"@urbeameaweb\" \/>\n<meta name=\"twitter:site\" content=\"@urbeameaweb\" \/>\n<script type=\"application\/ld+json\" class=\"yoast-schema-graph\">{\"@context\":\"https:\\\/\\\/schema.org\",\"@graph\":[{\"@type\":\"Article\",\"@id\":\"https:\\\/\\\/urbeamea.ro\\\/albaiulia\\\/ipj-alba-inscrieri-la-concursul-pentru-cele-11-posturi-de-specialisti-cu-incadrare-din-sursa-externa-insclusiv-duminica\\\/#article\",\"isPartOf\":{\"@id\":\"https:\\\/\\\/urbeamea.ro\\\/albaiulia\\\/ipj-alba-inscrieri-la-concursul-pentru-cele-11-posturi-de-specialisti-cu-incadrare-din-sursa-externa-insclusiv-duminica\\\/\"},\"author\":{\"name\":\"Cristina Ganga\",\"@id\":\"https:\\\/\\\/urbeamea.ro\\\/albaiulia\\\/#\\\/schema\\\/person\\\/9700d21fae21c4f038b0b56f4506264a\"},\"headline\":\"IPJ Alba: \u00censcrieri la concursul pentru cele 11 posturi de speciali\u015fti, cu \u00eencadrare din surs\u0103 extern\u0103, insclusiv duminic\u0103\",\"datePublished\":\"2016-10-21T08:09:13+00:00\",\"mainEntityOfPage\":{\"@id\":\"https:\\\/\\\/urbeamea.ro\\\/albaiulia\\\/ipj-alba-inscrieri-la-concursul-pentru-cele-11-posturi-de-specialisti-cu-incadrare-din-sursa-externa-insclusiv-duminica\\\/\"},\"wordCount\":432,\"commentCount\":0,\"image\":{\"@id\":\"https:\\\/\\\/urbeamea.ro\\\/albaiulia\\\/ipj-alba-inscrieri-la-concursul-pentru-cele-11-posturi-de-specialisti-cu-incadrare-din-sursa-externa-insclusiv-duminica\\\/#primaryimage\"},\"thumbnailUrl\":\"https:\\\/\\\/urbeamea.ro\\\/albaiulia\\\/wp-content\\\/uploads\\\/2015\\\/08\\\/30masiniIPJAlba.jpg\",\"keywords\":[\"concurs\",\"documente necesare\",\"incadrari\",\"inscriere\",\"IPJ Alba\",\"stiri\",\"sursa externa\",\"Urbea Mea\"],\"articleSection\":[\"Social\"],\"inLanguage\":\"ro-RO\",\"potentialAction\":[{\"@type\":\"CommentAction\",\"name\":\"Comment\",\"target\":[\"https:\\\/\\\/urbeamea.ro\\\/albaiulia\\\/ipj-alba-inscrieri-la-concursul-pentru-cele-11-posturi-de-specialisti-cu-incadrare-din-sursa-externa-insclusiv-duminica\\\/#respond\"]}]},{\"@type\":\"WebPage\",\"@id\":\"https:\\\/\\\/urbeamea.ro\\\/albaiulia\\\/ipj-alba-inscrieri-la-concursul-pentru-cele-11-posturi-de-specialisti-cu-incadrare-din-sursa-externa-insclusiv-duminica\\\/\",\"url\":\"https:\\\/\\\/urbeamea.ro\\\/albaiulia\\\/ipj-alba-inscrieri-la-concursul-pentru-cele-11-posturi-de-specialisti-cu-incadrare-din-sursa-externa-insclusiv-duminica\\\/\",\"name\":\"IPJ Alba: \u00censcrieri la concursul pentru cele 11 posturi de speciali\u015fti, cu \u00eencadrare din surs\u0103 extern\u0103, insclusiv duminic\u0103 - Revista Urbea Mea - Revista de Alba\",\"isPartOf\":{\"@id\":\"https:\\\/\\\/urbeamea.ro\\\/albaiulia\\\/#website\"},\"primaryImageOfPage\":{\"@id\":\"https:\\\/\\\/urbeamea.ro\\\/albaiulia\\\/ipj-alba-inscrieri-la-concursul-pentru-cele-11-posturi-de-specialisti-cu-incadrare-din-sursa-externa-insclusiv-duminica\\\/#primaryimage\"},\"image\":{\"@id\":\"https:\\\/\\\/urbeamea.ro\\\/albaiulia\\\/ipj-alba-inscrieri-la-concursul-pentru-cele-11-posturi-de-specialisti-cu-incadrare-din-sursa-externa-insclusiv-duminica\\\/#primaryimage\"},\"thumbnailUrl\":\"https:\\\/\\\/urbeamea.ro\\\/albaiulia\\\/wp-content\\\/uploads\\\/2015\\\/08\\\/30masiniIPJAlba.jpg\",\"datePublished\":\"2016-10-21T08:09:13+00:00\",\"author\":{\"@id\":\"https:\\\/\\\/urbeamea.ro\\\/albaiulia\\\/#\\\/schema\\\/person\\\/9700d21fae21c4f038b0b56f4506264a\"},\"description\":\"Inspectoratul de Poli\u0163ie Jude\u0163ean Alba a scos la concurs, pentru \u00eencadrare din surs\u0103 extern\u0103, 11 posturi vacante de speciali\u015fti. Cei interesa\u021bi sunt\",\"breadcrumb\":{\"@id\":\"https:\\\/\\\/urbeamea.ro\\\/albaiulia\\\/ipj-alba-inscrieri-la-concursul-pentru-cele-11-posturi-de-specialisti-cu-incadrare-din-sursa-externa-insclusiv-duminica\\\/#breadcrumb\"},\"inLanguage\":\"ro-RO\",\"potentialAction\":[{\"@type\":\"ReadAction\",\"target\":[\"https:\\\/\\\/urbeamea.ro\\\/albaiulia\\\/ipj-alba-inscrieri-la-concursul-pentru-cele-11-posturi-de-specialisti-cu-incadrare-din-sursa-externa-insclusiv-duminica\\\/\"]}]},{\"@type\":\"ImageObject\",\"inLanguage\":\"ro-RO\",\"@id\":\"https:\\\/\\\/urbeamea.ro\\\/albaiulia\\\/ipj-alba-inscrieri-la-concursul-pentru-cele-11-posturi-de-specialisti-cu-incadrare-din-sursa-externa-insclusiv-duminica\\\/#primaryimage\",\"url\":\"https:\\\/\\\/urbeamea.ro\\\/albaiulia\\\/wp-content\\\/uploads\\\/2015\\\/08\\\/30masiniIPJAlba.jpg\",\"contentUrl\":\"https:\\\/\\\/urbeamea.ro\\\/albaiulia\\\/wp-content\\\/uploads\\\/2015\\\/08\\\/30masiniIPJAlba.jpg\",\"width\":600,\"height\":450},{\"@type\":\"BreadcrumbList\",\"@id\":\"https:\\\/\\\/urbeamea.ro\\\/albaiulia\\\/ipj-alba-inscrieri-la-concursul-pentru-cele-11-posturi-de-specialisti-cu-incadrare-din-sursa-externa-insclusiv-duminica\\\/#breadcrumb\",\"itemListElement\":[{\"@type\":\"ListItem\",\"position\":1,\"name\":\"Prima pagin\u0103\",\"item\":\"https:\\\/\\\/urbeamea.ro\\\/albaiulia\\\/\"},{\"@type\":\"ListItem\",\"position\":2,\"name\":\"IPJ Alba: \u00censcrieri la concursul pentru cele 11 posturi de speciali\u015fti, cu \u00eencadrare din surs\u0103 extern\u0103, insclusiv duminic\u0103\"}]},{\"@type\":\"WebSite\",\"@id\":\"https:\\\/\\\/urbeamea.ro\\\/albaiulia\\\/#website\",\"url\":\"https:\\\/\\\/urbeamea.ro\\\/albaiulia\\\/\",\"name\":\"Revista Urbea Mea, Stiri urbane\",\"description\":\"Evenimente \u0219i \u0219tiri din Alba Iulia, Sebe\u0219, Aiud, Blaj\",\"potentialAction\":[{\"@type\":\"SearchAction\",\"target\":{\"@type\":\"EntryPoint\",\"urlTemplate\":\"https:\\\/\\\/urbeamea.ro\\\/albaiulia\\\/?s={search_term_string}\"},\"query-input\":{\"@type\":\"PropertyValueSpecification\",\"valueRequired\":true,\"valueName\":\"search_term_string\"}}],\"inLanguage\":\"ro-RO\"},{\"@type\":\"Person\",\"@id\":\"https:\\\/\\\/urbeamea.ro\\\/albaiulia\\\/#\\\/schema\\\/person\\\/9700d21fae21c4f038b0b56f4506264a\",\"name\":\"Cristina Ganga\",\"image\":{\"@type\":\"ImageObject\",\"inLanguage\":\"ro-RO\",\"@id\":\"https:\\\/\\\/secure.gravatar.com\\\/avatar\\\/5a67661041f057b4a8ccaf26f5a8e86e2689372006d01faf3dd9eeb10b654bb4?s=96&d=mm&r=g\",\"url\":\"https:\\\/\\\/secure.gravatar.com\\\/avatar\\\/5a67661041f057b4a8ccaf26f5a8e86e2689372006d01faf3dd9eeb10b654bb4?s=96&d=mm&r=g\",\"contentUrl\":\"https:\\\/\\\/secure.gravatar.com\\\/avatar\\\/5a67661041f057b4a8ccaf26f5a8e86e2689372006d01faf3dd9eeb10b654bb4?s=96&d=mm&r=g\",\"caption\":\"Cristina Ganga\"},\"description\":\"Jurnalist\",\"sameAs\":[\"https:\\\/\\\/www.facebook.com\\\/cristina.nicola.587\"],\"url\":\"https:\\\/\\\/urbeamea.ro\\\/albaiulia\\\/author\\\/cristina-nicola\\\/\"}]}<\/script>\n<!-- \/ Yoast SEO plugin. -->","yoast_head_json":{"title":"IPJ Alba: \u00censcrieri la concursul pentru cele 11 posturi de speciali\u015fti, cu \u00eencadrare din surs\u0103 extern\u0103, insclusiv duminic\u0103 - Revista Urbea Mea - Revista de Alba","description":"Inspectoratul de Poli\u0163ie Jude\u0163ean Alba a scos la concurs, pentru \u00eencadrare din surs\u0103 extern\u0103, 11 posturi vacante de speciali\u015fti. Cei interesa\u021bi sunt","robots":{"index":"index","follow":"follow","max-snippet":"max-snippet:-1","max-image-preview":"max-image-preview:large","max-video-preview":"max-video-preview:-1"},"canonical":"https:\/\/urbeamea.ro\/albaiulia\/ipj-alba-inscrieri-la-concursul-pentru-cele-11-posturi-de-specialisti-cu-incadrare-din-sursa-externa-insclusiv-duminica\/","twitter_card":"summary_large_image","twitter_title":"IPJ Alba: \u00censcrieri la concursul pentru cele 11 posturi de speciali\u015fti, cu \u00eencadrare din surs\u0103 extern\u0103, insclusiv duminic\u0103 - Revista Urbea Mea - Revista de Alba","twitter_description":"Inspectoratul de Poli\u0163ie Jude\u0163ean Alba a scos la concurs, pentru \u00eencadrare din surs\u0103 extern\u0103, 11 posturi vacante de speciali\u015fti. Cei interesa\u021bi sunt","twitter_image":"https:\/\/urbeamea.ro\/albaiulia\/wp-content\/uploads\/2015\/08\/30masiniIPJAlba.jpg","twitter_creator":"@urbeameaweb","twitter_site":"@urbeameaweb","schema":{"@context":"https:\/\/schema.org","@graph":[{"@type":"Article","@id":"https:\/\/urbeamea.ro\/albaiulia\/ipj-alba-inscrieri-la-concursul-pentru-cele-11-posturi-de-specialisti-cu-incadrare-din-sursa-externa-insclusiv-duminica\/#article","isPartOf":{"@id":"https:\/\/urbeamea.ro\/albaiulia\/ipj-alba-inscrieri-la-concursul-pentru-cele-11-posturi-de-specialisti-cu-incadrare-din-sursa-externa-insclusiv-duminica\/"},"author":{"name":"Cristina Ganga","@id":"https:\/\/urbeamea.ro\/albaiulia\/#\/schema\/person\/9700d21fae21c4f038b0b56f4506264a"},"headline":"IPJ Alba: \u00censcrieri la concursul pentru cele 11 posturi de speciali\u015fti, cu \u00eencadrare din surs\u0103 extern\u0103, insclusiv duminic\u0103","datePublished":"2016-10-21T08:09:13+00:00","mainEntityOfPage":{"@id":"https:\/\/urbeamea.ro\/albaiulia\/ipj-alba-inscrieri-la-concursul-pentru-cele-11-posturi-de-specialisti-cu-incadrare-din-sursa-externa-insclusiv-duminica\/"},"wordCount":432,"commentCount":0,"image":{"@id":"https:\/\/urbeamea.ro\/albaiulia\/ipj-alba-inscrieri-la-concursul-pentru-cele-11-posturi-de-specialisti-cu-incadrare-din-sursa-externa-insclusiv-duminica\/#primaryimage"},"thumbnailUrl":"https:\/\/urbeamea.ro\/albaiulia\/wp-content\/uploads\/2015\/08\/30masiniIPJAlba.jpg","keywords":["concurs","documente necesare","incadrari","inscriere","IPJ Alba","stiri","sursa externa","Urbea Mea"],"articleSection":["Social"],"inLanguage":"ro-RO","potentialAction":[{"@type":"CommentAction","name":"Comment","target":["https:\/\/urbeamea.ro\/albaiulia\/ipj-alba-inscrieri-la-concursul-pentru-cele-11-posturi-de-specialisti-cu-incadrare-din-sursa-externa-insclusiv-duminica\/#respond"]}]},{"@type":"WebPage","@id":"https:\/\/urbeamea.ro\/albaiulia\/ipj-alba-inscrieri-la-concursul-pentru-cele-11-posturi-de-specialisti-cu-incadrare-din-sursa-externa-insclusiv-duminica\/","url":"https:\/\/urbeamea.ro\/albaiulia\/ipj-alba-inscrieri-la-concursul-pentru-cele-11-posturi-de-specialisti-cu-incadrare-din-sursa-externa-insclusiv-duminica\/","name":"IPJ Alba: \u00censcrieri la concursul pentru cele 11 posturi de speciali\u015fti, cu \u00eencadrare din surs\u0103 extern\u0103, insclusiv duminic\u0103 - Revista Urbea Mea - Revista de Alba","isPartOf":{"@id":"https:\/\/urbeamea.ro\/albaiulia\/#website"},"primaryImageOfPage":{"@id":"https:\/\/urbeamea.ro\/albaiulia\/ipj-alba-inscrieri-la-concursul-pentru-cele-11-posturi-de-specialisti-cu-incadrare-din-sursa-externa-insclusiv-duminica\/#primaryimage"},"image":{"@id":"https:\/\/urbeamea.ro\/albaiulia\/ipj-alba-inscrieri-la-concursul-pentru-cele-11-posturi-de-specialisti-cu-incadrare-din-sursa-externa-insclusiv-duminica\/#primaryimage"},"thumbnailUrl":"https:\/\/urbeamea.ro\/albaiulia\/wp-content\/uploads\/2015\/08\/30masiniIPJAlba.jpg","datePublished":"2016-10-21T08:09:13+00:00","author":{"@id":"https:\/\/urbeamea.ro\/albaiulia\/#\/schema\/person\/9700d21fae21c4f038b0b56f4506264a"},"description":"Inspectoratul de Poli\u0163ie Jude\u0163ean Alba a scos la concurs, pentru \u00eencadrare din surs\u0103 extern\u0103, 11 posturi vacante de speciali\u015fti. Cei interesa\u021bi sunt","breadcrumb":{"@id":"https:\/\/urbeamea.ro\/albaiulia\/ipj-alba-inscrieri-la-concursul-pentru-cele-11-posturi-de-specialisti-cu-incadrare-din-sursa-externa-insclusiv-duminica\/#breadcrumb"},"inLanguage":"ro-RO","potentialAction":[{"@type":"ReadAction","target":["https:\/\/urbeamea.ro\/albaiulia\/ipj-alba-inscrieri-la-concursul-pentru-cele-11-posturi-de-specialisti-cu-incadrare-din-sursa-externa-insclusiv-duminica\/"]}]},{"@type":"ImageObject","inLanguage":"ro-RO","@id":"https:\/\/urbeamea.ro\/albaiulia\/ipj-alba-inscrieri-la-concursul-pentru-cele-11-posturi-de-specialisti-cu-incadrare-din-sursa-externa-insclusiv-duminica\/#primaryimage","url":"https:\/\/urbeamea.ro\/albaiulia\/wp-content\/uploads\/2015\/08\/30masiniIPJAlba.jpg","contentUrl":"https:\/\/urbeamea.ro\/albaiulia\/wp-content\/uploads\/2015\/08\/30masiniIPJAlba.jpg","width":600,"height":450},{"@type":"BreadcrumbList","@id":"https:\/\/urbeamea.ro\/albaiulia\/ipj-alba-inscrieri-la-concursul-pentru-cele-11-posturi-de-specialisti-cu-incadrare-din-sursa-externa-insclusiv-duminica\/#breadcrumb","itemListElement":[{"@type":"ListItem","position":1,"name":"Prima pagin\u0103","item":"https:\/\/urbeamea.ro\/albaiulia\/"},{"@type":"ListItem","position":2,"name":"IPJ Alba: \u00censcrieri la concursul pentru cele 11 posturi de speciali\u015fti, cu \u00eencadrare din surs\u0103 extern\u0103, insclusiv duminic\u0103"}]},{"@type":"WebSite","@id":"https:\/\/urbeamea.ro\/albaiulia\/#website","url":"https:\/\/urbeamea.ro\/albaiulia\/","name":"Revista Urbea Mea, Stiri urbane","description":"Evenimente \u0219i \u0219tiri din Alba Iulia, Sebe\u0219, Aiud, Blaj","potentialAction":[{"@type":"SearchAction","target":{"@type":"EntryPoint","urlTemplate":"https:\/\/urbeamea.ro\/albaiulia\/?s={search_term_string}"},"query-input":{"@type":"PropertyValueSpecification","valueRequired":true,"valueName":"search_term_string"}}],"inLanguage":"ro-RO"},{"@type":"Person","@id":"https:\/\/urbeamea.ro\/albaiulia\/#\/schema\/person\/9700d21fae21c4f038b0b56f4506264a","name":"Cristina Ganga","image":{"@type":"ImageObject","inLanguage":"ro-RO","@id":"https:\/\/secure.gravatar.com\/avatar\/5a67661041f057b4a8ccaf26f5a8e86e2689372006d01faf3dd9eeb10b654bb4?s=96&d=mm&r=g","url":"https:\/\/secure.gravatar.com\/avatar\/5a67661041f057b4a8ccaf26f5a8e86e2689372006d01faf3dd9eeb10b654bb4?s=96&d=mm&r=g","contentUrl":"https:\/\/secure.gravatar.com\/avatar\/5a67661041f057b4a8ccaf26f5a8e86e2689372006d01faf3dd9eeb10b654bb4?s=96&d=mm&r=g","caption":"Cristina Ganga"},"description":"Jurnalist","sameAs":["https:\/\/www.facebook.com\/cristina.nicola.587"],"url":"https:\/\/urbeamea.ro\/albaiulia\/author\/cristina-nicola\/"}]}},"_links":{"self":[{"href":"https:\/\/urbeamea.ro\/albaiulia\/wp-json\/wp\/v2\/posts\/33859","targetHints":{"allow":["GET"]}}],"collection":[{"href":"https:\/\/urbeamea.ro\/albaiulia\/wp-json\/wp\/v2\/posts"}],"about":[{"href":"https:\/\/urbeamea.ro\/albaiulia\/wp-json\/wp\/v2\/types\/post"}],"author":[{"embeddable":true,"href":"https:\/\/urbeamea.ro\/albaiulia\/wp-json\/wp\/v2\/users\/17"}],"replies":[{"embeddable":true,"href":"https:\/\/urbeamea.ro\/albaiulia\/wp-json\/wp\/v2\/comments?post=33859"}],"version-history":[{"count":0,"href":"https:\/\/urbeamea.ro\/albaiulia\/wp-json\/wp\/v2\/posts\/33859\/revisions"}],"wp:featuredmedia":[{"embeddable":true,"href":"https:\/\/urbeamea.ro\/albaiulia\/wp-json\/wp\/v2\/media\/7025"}],"wp:attachment":[{"href":"https:\/\/urbeamea.ro\/albaiulia\/wp-json\/wp\/v2\/media?parent=33859"}],"wp:term":[{"taxonomy":"category","embeddable":true,"href":"https:\/\/urbeamea.ro\/albaiulia\/wp-json\/wp\/v2\/categories?post=33859"},{"taxonomy":"post_tag","embeddable":true,"href":"https:\/\/urbeamea.ro\/albaiulia\/wp-json\/wp\/v2\/tags?post=33859"}],"curies":[{"name":"wp","href":"https:\/\/api.w.org\/{rel}","templated":true}]}}