{"id":33900,"date":"2016-10-22T12:46:13","date_gmt":"2016-10-22T09:46:13","guid":{"rendered":"http:\/\/urbeamea.ro\/albaiulia\/?p=33900"},"modified":"2016-10-22T12:46:13","modified_gmt":"2016-10-22T09:46:13","slug":"teatrul-de-papusi-prichindel-a-obtinut-premiul-special-al-juriului-la-festivalul-international-al-teatrelor-de-papusi-si-marionete-puck-cluj-napoca","status":"publish","type":"post","link":"https:\/\/urbeamea.ro\/albaiulia\/teatrul-de-papusi-prichindel-a-obtinut-premiul-special-al-juriului-la-festivalul-international-al-teatrelor-de-papusi-si-marionete-puck-cluj-napoca\/","title":{"rendered":"Teatrul de P\u0103pu\u0219i \u201dPrichindel\u201d a ob\u021binut premiul special al juriului la Festivalul Interna\u021bional al Teatrelor de P\u0103pu\u0219i \u0219i Marionete Puck, Cluj Napoca"},"content":{"rendered":"<p><strong><img loading=\"lazy\" decoding=\"async\" class=\"alignleft size-medium wp-image-33901\" src=\"http:\/\/urbeamea.ro\/albaiulia\/wp-content\/uploads\/2016\/10\/14724540_1136891529680383_3211471147635777143_n-300x225.jpg\" alt=\"14724540_1136891529680383_3211471147635777143_n\" width=\"300\" height=\"225\" \/>Teatrul de P\u0103pu\u0219i \u201dPrichindel\u201d Alba Iulia a ob\u021binut premiul special al juriului la\u00a0Festivalul Interna\u021bional al Teatrelor de P\u0103pu\u0219i \u0219i Marionete Puck, Cluj Napoca. Spectacolul premiat este \u201dPovestea lui Muck cel mic\u201d.<\/strong><\/p>\n<p>Cea de-a 15-a edi\u021bie a Festivalului Interna\u021bional al Teatrelor de P\u0103pu\u0219i \u0219i Marionete \u201ePuck\u201d a adus\u00a0la Cluj, 22 de titluri \u0219i 32 spectacole puse \u00een scen\u0103 de arti\u0219ti din toat\u0103 \u021bara \u0219i de trupe de teatru din Rusia, Danemarca, Ungaria, Republica Moldova sau Slovenia. Edi\u021bia din acest an s-a desf\u0103\u0219urat \u00een perioada 17 &#8211; 21 octombrie.<\/p>\n<p>Spectacolul de teatru \u201dPovestea lui \u201dMuck cel mic\u201d, \u00een regia lui Todor Valov din Bulgaria, are\u00a0la baz\u0103 povestea cu acela\u0219i titlu scris\u0103 de poetul \u0219i prozatorul german Wilhelm Hauff.<\/p>\n<p>Regizorul Todor Valov spunea la premiera spectacolului c\u0103:<\/p>\n<blockquote><p>&#8216;Povestea lui Muck cel Mic&#8217; este o poveste moralizatoare a modului \u00een care aspectul exterior al omului nu se potrive\u0219te \u00eentotdeauna cu con\u021binutul, cu sufletul \u0219i calit\u0103\u021bile sale, precum g\u00e2ndirea, inteligen\u021ba, bun\u0103tatea, compasiunea, corectitudinea&#8230; Trebuie s\u0103 reamintim c\u0103 noble\u021bea naturii umane \u0219i puritatea spiritual\u0103 a omului sunt virtu\u021bi care trebuie respectate nu numai \u00een timpul romantismului european, al c\u0103rui reprezentant este Wilhelm Hauff. Aceste valori umane sunt ve\u0219nice. Totu\u0219i, \u00een timpul nostru, ele au devenit vagi, fiind mereu supuse agresiunii \u0219i cruzimii, fapt dezumanizant pentru societate. De aceea, credem c\u0103 subiectul este binevenit \u0219i necesar pentru aten\u021bia publicului, mai ales pus \u00een scen\u0103 prin intermediul teatrului de p\u0103pu\u0219i, spa\u021biu ludic \u0219i cu evidente func\u021bii educative.<\/p><\/blockquote>\n<p>Regizorul Todor Valov a produs peste 80 de spectacole pe scena interna\u021bional\u0103 din Bulgaria, Germania, Serbia, Muntenegru, Rom\u00e2nia, Bosnia \u0219i Her\u021begovina, este membru \u00een jurii interna\u021bionale ale festivalurilor de teatru fiind distins cu zeci de premii interna\u021bionale.<\/p>\n<p>Echipa spectacolului este format\u0103 din: regizor artistic: Todor Valov, scenografie: Natalia Gocheva (Bulgaria), dramatizarea: Darko Kovachovsky (Bulgaria), muzica: Mirchev Plamen (Bulgaria), distrbu\u021bia: Ramona Mincu Benchea, Irina Melnic, Teodora Popa, Viorica Boda, Radu H\u0103prian Dan, M\u0103d\u0103lin Costea, construc\u021bie p\u0103pu\u0219i: Masters of puppets Sofia \u2014 Bulgaria, realizare costume: Mirela T\u0103m\u0103\u0219an, lumini: Ovidiu T\u0103m\u0103\u0219an, sunet: Florin Andrea, tehnicieni scen\u0103: Ilie Petrescu, Horia Oarga.<\/p>\n","protected":false},"excerpt":{"rendered":"<p>Teatrul de P\u0103pu\u0219i \u201dPrichindel\u201d Alba Iulia a ob\u021binut premiul special al juriului la\u00a0Festivalul Interna\u021bional al Teatrelor de P\u0103pu\u0219i \u0219i Marionete Puck, Cluj Napoca. Spectacolul premiat este \u201dPovestea lui Muck cel mic\u201d. Cea de-a 15-a edi\u021bie a Festivalului Interna\u021bional al Teatrelor de P\u0103pu\u0219i \u0219i Marionete \u201ePuck\u201d a adus\u00a0la Cluj, 22 de titluri \u0219i 32 spectacole puse &hellip;<\/p>\n","protected":false},"author":20,"featured_media":33901,"comment_status":"open","ping_status":"open","sticky":false,"template":"","format":"standard","meta":{"inline_featured_image":false,"footnotes":""},"categories":[2038],"tags":[2513,31,903,507,645,656,5390,8163,508,909,3301,76],"class_list":["post-33900","post","type-post","status-publish","format-standard","has-post-thumbnail","hentry","category-cultura","tag-povestea-lui-muck-cel-mic","tag-alba-iulia","tag-cluj-napoca","tag-festival","tag-juriu","tag-piesa","tag-premiu","tag-puck","tag-regizor","tag-teatrul-de-papusi-prichindel","tag-todor-valov","tag-urbea-mea"],"yoast_head":"<!-- This site is optimized with the Yoast SEO plugin v28.3 - https:\/\/yoast.com\/product\/yoast-seo-wordpress\/ -->\n<title>Teatrul de P\u0103pu\u0219i \u201dPrichindel\u201d a ob\u021binut premiul special al juriului la Festivalul Interna\u021bional al Teatrelor de P\u0103pu\u0219i \u0219i Marionete Puck, Cluj Napoca - Revista Urbea Mea - Revista de Alba<\/title>\n<meta name=\"description\" content=\"Teatrul de P\u0103pu\u0219i \u201dPrichindel\u201d Alba Iulia a ob\u021binut premiul special al juriului la\u00a0Festivalul Interna\u021bional al Teatrelor de P\u0103pu\u0219i \u0219i Marionete Puck, Cluj\" \/>\n<meta name=\"robots\" content=\"index, follow, max-snippet:-1, max-image-preview:large, max-video-preview:-1\" \/>\n<link rel=\"canonical\" href=\"https:\/\/urbeamea.ro\/albaiulia\/teatrul-de-papusi-prichindel-a-obtinut-premiul-special-al-juriului-la-festivalul-international-al-teatrelor-de-papusi-si-marionete-puck-cluj-napoca\/\" \/>\n<meta name=\"twitter:card\" content=\"summary_large_image\" \/>\n<meta name=\"twitter:title\" content=\"Teatrul de P\u0103pu\u0219i \u201dPrichindel\u201d a ob\u021binut premiul special al juriului la Festivalul Interna\u021bional al Teatrelor de P\u0103pu\u0219i \u0219i Marionete Puck, Cluj Napoca - Revista Urbea Mea - Revista de Alba\" \/>\n<meta name=\"twitter:description\" content=\"Teatrul de P\u0103pu\u0219i \u201dPrichindel\u201d Alba Iulia a ob\u021binut premiul special al juriului la\u00a0Festivalul Interna\u021bional al Teatrelor de P\u0103pu\u0219i \u0219i Marionete Puck, Cluj\" \/>\n<meta name=\"twitter:image\" content=\"https:\/\/urbeamea.ro\/albaiulia\/wp-content\/uploads\/2016\/10\/14724540_1136891529680383_3211471147635777143_n.jpg\" \/>\n<meta name=\"twitter:creator\" content=\"@urbeameaweb\" \/>\n<meta name=\"twitter:site\" content=\"@urbeameaweb\" \/>\n<script type=\"application\/ld+json\" class=\"yoast-schema-graph\">{\"@context\":\"https:\\\/\\\/schema.org\",\"@graph\":[{\"@type\":\"Article\",\"@id\":\"https:\\\/\\\/urbeamea.ro\\\/albaiulia\\\/teatrul-de-papusi-prichindel-a-obtinut-premiul-special-al-juriului-la-festivalul-international-al-teatrelor-de-papusi-si-marionete-puck-cluj-napoca\\\/#article\",\"isPartOf\":{\"@id\":\"https:\\\/\\\/urbeamea.ro\\\/albaiulia\\\/teatrul-de-papusi-prichindel-a-obtinut-premiul-special-al-juriului-la-festivalul-international-al-teatrelor-de-papusi-si-marionete-puck-cluj-napoca\\\/\"},\"author\":{\"name\":\"Adriana Avram\",\"@id\":\"https:\\\/\\\/urbeamea.ro\\\/albaiulia\\\/#\\\/schema\\\/person\\\/cfaa27fc3da4a9a2cf2fee3650afc5d0\"},\"headline\":\"Teatrul de P\u0103pu\u0219i \u201dPrichindel\u201d a ob\u021binut premiul special al juriului la Festivalul Interna\u021bional al Teatrelor de P\u0103pu\u0219i \u0219i Marionete Puck, Cluj Napoca\",\"datePublished\":\"2016-10-22T09:46:13+00:00\",\"mainEntityOfPage\":{\"@id\":\"https:\\\/\\\/urbeamea.ro\\\/albaiulia\\\/teatrul-de-papusi-prichindel-a-obtinut-premiul-special-al-juriului-la-festivalul-international-al-teatrelor-de-papusi-si-marionete-puck-cluj-napoca\\\/\"},\"wordCount\":407,\"commentCount\":0,\"image\":{\"@id\":\"https:\\\/\\\/urbeamea.ro\\\/albaiulia\\\/teatrul-de-papusi-prichindel-a-obtinut-premiul-special-al-juriului-la-festivalul-international-al-teatrelor-de-papusi-si-marionete-puck-cluj-napoca\\\/#primaryimage\"},\"thumbnailUrl\":\"https:\\\/\\\/urbeamea.ro\\\/albaiulia\\\/wp-content\\\/uploads\\\/2016\\\/10\\\/14724540_1136891529680383_3211471147635777143_n.jpg\",\"keywords\":[\"\u201ePovestea lui Muck cel Mic\u201d\",\"Alba Iulia\",\"cluj napoca\",\"festival\",\"juriu\",\"piesa\",\"premiu\",\"Puck\",\"regizor\",\"Teatrul de p\u0103pu\u0219i \u201ePrichindel\u201d\",\"Todor Valov\",\"Urbea Mea\"],\"articleSection\":[\"Cultur\u0103\"],\"inLanguage\":\"ro-RO\",\"potentialAction\":[{\"@type\":\"CommentAction\",\"name\":\"Comment\",\"target\":[\"https:\\\/\\\/urbeamea.ro\\\/albaiulia\\\/teatrul-de-papusi-prichindel-a-obtinut-premiul-special-al-juriului-la-festivalul-international-al-teatrelor-de-papusi-si-marionete-puck-cluj-napoca\\\/#respond\"]}]},{\"@type\":\"WebPage\",\"@id\":\"https:\\\/\\\/urbeamea.ro\\\/albaiulia\\\/teatrul-de-papusi-prichindel-a-obtinut-premiul-special-al-juriului-la-festivalul-international-al-teatrelor-de-papusi-si-marionete-puck-cluj-napoca\\\/\",\"url\":\"https:\\\/\\\/urbeamea.ro\\\/albaiulia\\\/teatrul-de-papusi-prichindel-a-obtinut-premiul-special-al-juriului-la-festivalul-international-al-teatrelor-de-papusi-si-marionete-puck-cluj-napoca\\\/\",\"name\":\"Teatrul de P\u0103pu\u0219i \u201dPrichindel\u201d a ob\u021binut premiul special al juriului la Festivalul Interna\u021bional al Teatrelor de P\u0103pu\u0219i \u0219i Marionete Puck, Cluj Napoca - Revista Urbea Mea - Revista de Alba\",\"isPartOf\":{\"@id\":\"https:\\\/\\\/urbeamea.ro\\\/albaiulia\\\/#website\"},\"primaryImageOfPage\":{\"@id\":\"https:\\\/\\\/urbeamea.ro\\\/albaiulia\\\/teatrul-de-papusi-prichindel-a-obtinut-premiul-special-al-juriului-la-festivalul-international-al-teatrelor-de-papusi-si-marionete-puck-cluj-napoca\\\/#primaryimage\"},\"image\":{\"@id\":\"https:\\\/\\\/urbeamea.ro\\\/albaiulia\\\/teatrul-de-papusi-prichindel-a-obtinut-premiul-special-al-juriului-la-festivalul-international-al-teatrelor-de-papusi-si-marionete-puck-cluj-napoca\\\/#primaryimage\"},\"thumbnailUrl\":\"https:\\\/\\\/urbeamea.ro\\\/albaiulia\\\/wp-content\\\/uploads\\\/2016\\\/10\\\/14724540_1136891529680383_3211471147635777143_n.jpg\",\"datePublished\":\"2016-10-22T09:46:13+00:00\",\"author\":{\"@id\":\"https:\\\/\\\/urbeamea.ro\\\/albaiulia\\\/#\\\/schema\\\/person\\\/cfaa27fc3da4a9a2cf2fee3650afc5d0\"},\"description\":\"Teatrul de P\u0103pu\u0219i \u201dPrichindel\u201d Alba Iulia a ob\u021binut premiul special al juriului la\u00a0Festivalul Interna\u021bional al Teatrelor de P\u0103pu\u0219i \u0219i Marionete Puck, Cluj\",\"breadcrumb\":{\"@id\":\"https:\\\/\\\/urbeamea.ro\\\/albaiulia\\\/teatrul-de-papusi-prichindel-a-obtinut-premiul-special-al-juriului-la-festivalul-international-al-teatrelor-de-papusi-si-marionete-puck-cluj-napoca\\\/#breadcrumb\"},\"inLanguage\":\"ro-RO\",\"potentialAction\":[{\"@type\":\"ReadAction\",\"target\":[\"https:\\\/\\\/urbeamea.ro\\\/albaiulia\\\/teatrul-de-papusi-prichindel-a-obtinut-premiul-special-al-juriului-la-festivalul-international-al-teatrelor-de-papusi-si-marionete-puck-cluj-napoca\\\/\"]}]},{\"@type\":\"ImageObject\",\"inLanguage\":\"ro-RO\",\"@id\":\"https:\\\/\\\/urbeamea.ro\\\/albaiulia\\\/teatrul-de-papusi-prichindel-a-obtinut-premiul-special-al-juriului-la-festivalul-international-al-teatrelor-de-papusi-si-marionete-puck-cluj-napoca\\\/#primaryimage\",\"url\":\"https:\\\/\\\/urbeamea.ro\\\/albaiulia\\\/wp-content\\\/uploads\\\/2016\\\/10\\\/14724540_1136891529680383_3211471147635777143_n.jpg\",\"contentUrl\":\"https:\\\/\\\/urbeamea.ro\\\/albaiulia\\\/wp-content\\\/uploads\\\/2016\\\/10\\\/14724540_1136891529680383_3211471147635777143_n.jpg\",\"width\":960,\"height\":720},{\"@type\":\"BreadcrumbList\",\"@id\":\"https:\\\/\\\/urbeamea.ro\\\/albaiulia\\\/teatrul-de-papusi-prichindel-a-obtinut-premiul-special-al-juriului-la-festivalul-international-al-teatrelor-de-papusi-si-marionete-puck-cluj-napoca\\\/#breadcrumb\",\"itemListElement\":[{\"@type\":\"ListItem\",\"position\":1,\"name\":\"Prima pagin\u0103\",\"item\":\"https:\\\/\\\/urbeamea.ro\\\/albaiulia\\\/\"},{\"@type\":\"ListItem\",\"position\":2,\"name\":\"Teatrul de P\u0103pu\u0219i \u201dPrichindel\u201d a ob\u021binut premiul special al juriului la Festivalul Interna\u021bional al Teatrelor de P\u0103pu\u0219i \u0219i Marionete Puck, Cluj Napoca\"}]},{\"@type\":\"WebSite\",\"@id\":\"https:\\\/\\\/urbeamea.ro\\\/albaiulia\\\/#website\",\"url\":\"https:\\\/\\\/urbeamea.ro\\\/albaiulia\\\/\",\"name\":\"Revista Urbea Mea, Stiri urbane\",\"description\":\"Evenimente \u0219i \u0219tiri din Alba Iulia, Sebe\u0219, Aiud, Blaj\",\"potentialAction\":[{\"@type\":\"SearchAction\",\"target\":{\"@type\":\"EntryPoint\",\"urlTemplate\":\"https:\\\/\\\/urbeamea.ro\\\/albaiulia\\\/?s={search_term_string}\"},\"query-input\":{\"@type\":\"PropertyValueSpecification\",\"valueRequired\":true,\"valueName\":\"search_term_string\"}}],\"inLanguage\":\"ro-RO\"},{\"@type\":\"Person\",\"@id\":\"https:\\\/\\\/urbeamea.ro\\\/albaiulia\\\/#\\\/schema\\\/person\\\/cfaa27fc3da4a9a2cf2fee3650afc5d0\",\"name\":\"Adriana Avram\",\"image\":{\"@type\":\"ImageObject\",\"inLanguage\":\"ro-RO\",\"@id\":\"https:\\\/\\\/secure.gravatar.com\\\/avatar\\\/3cc61eb1584088e0099c1763903a6421c5ce6cdf45fc2d424046dc621efc21f9?s=96&d=mm&r=g\",\"url\":\"https:\\\/\\\/secure.gravatar.com\\\/avatar\\\/3cc61eb1584088e0099c1763903a6421c5ce6cdf45fc2d424046dc621efc21f9?s=96&d=mm&r=g\",\"contentUrl\":\"https:\\\/\\\/secure.gravatar.com\\\/avatar\\\/3cc61eb1584088e0099c1763903a6421c5ce6cdf45fc2d424046dc621efc21f9?s=96&d=mm&r=g\",\"caption\":\"Adriana Avram\"},\"description\":\"Jurnalist\",\"sameAs\":[\"https:\\\/\\\/www.facebook.com\\\/avram.adriana.7?fref=ts\"],\"url\":\"https:\\\/\\\/urbeamea.ro\\\/albaiulia\\\/author\\\/adriana-avram\\\/\"}]}<\/script>\n<!-- \/ Yoast SEO plugin. -->","yoast_head_json":{"title":"Teatrul de P\u0103pu\u0219i \u201dPrichindel\u201d a ob\u021binut premiul special al juriului la Festivalul Interna\u021bional al Teatrelor de P\u0103pu\u0219i \u0219i Marionete Puck, Cluj Napoca - Revista Urbea Mea - Revista de Alba","description":"Teatrul de P\u0103pu\u0219i \u201dPrichindel\u201d Alba Iulia a ob\u021binut premiul special al juriului la\u00a0Festivalul Interna\u021bional al Teatrelor de P\u0103pu\u0219i \u0219i Marionete Puck, Cluj","robots":{"index":"index","follow":"follow","max-snippet":"max-snippet:-1","max-image-preview":"max-image-preview:large","max-video-preview":"max-video-preview:-1"},"canonical":"https:\/\/urbeamea.ro\/albaiulia\/teatrul-de-papusi-prichindel-a-obtinut-premiul-special-al-juriului-la-festivalul-international-al-teatrelor-de-papusi-si-marionete-puck-cluj-napoca\/","twitter_card":"summary_large_image","twitter_title":"Teatrul de P\u0103pu\u0219i \u201dPrichindel\u201d a ob\u021binut premiul special al juriului la Festivalul Interna\u021bional al Teatrelor de P\u0103pu\u0219i \u0219i Marionete Puck, Cluj Napoca - Revista Urbea Mea - Revista de Alba","twitter_description":"Teatrul de P\u0103pu\u0219i \u201dPrichindel\u201d Alba Iulia a ob\u021binut premiul special al juriului la\u00a0Festivalul Interna\u021bional al Teatrelor de P\u0103pu\u0219i \u0219i Marionete Puck, Cluj","twitter_image":"https:\/\/urbeamea.ro\/albaiulia\/wp-content\/uploads\/2016\/10\/14724540_1136891529680383_3211471147635777143_n.jpg","twitter_creator":"@urbeameaweb","twitter_site":"@urbeameaweb","schema":{"@context":"https:\/\/schema.org","@graph":[{"@type":"Article","@id":"https:\/\/urbeamea.ro\/albaiulia\/teatrul-de-papusi-prichindel-a-obtinut-premiul-special-al-juriului-la-festivalul-international-al-teatrelor-de-papusi-si-marionete-puck-cluj-napoca\/#article","isPartOf":{"@id":"https:\/\/urbeamea.ro\/albaiulia\/teatrul-de-papusi-prichindel-a-obtinut-premiul-special-al-juriului-la-festivalul-international-al-teatrelor-de-papusi-si-marionete-puck-cluj-napoca\/"},"author":{"name":"Adriana Avram","@id":"https:\/\/urbeamea.ro\/albaiulia\/#\/schema\/person\/cfaa27fc3da4a9a2cf2fee3650afc5d0"},"headline":"Teatrul de P\u0103pu\u0219i \u201dPrichindel\u201d a ob\u021binut premiul special al juriului la Festivalul Interna\u021bional al Teatrelor de P\u0103pu\u0219i \u0219i Marionete Puck, Cluj Napoca","datePublished":"2016-10-22T09:46:13+00:00","mainEntityOfPage":{"@id":"https:\/\/urbeamea.ro\/albaiulia\/teatrul-de-papusi-prichindel-a-obtinut-premiul-special-al-juriului-la-festivalul-international-al-teatrelor-de-papusi-si-marionete-puck-cluj-napoca\/"},"wordCount":407,"commentCount":0,"image":{"@id":"https:\/\/urbeamea.ro\/albaiulia\/teatrul-de-papusi-prichindel-a-obtinut-premiul-special-al-juriului-la-festivalul-international-al-teatrelor-de-papusi-si-marionete-puck-cluj-napoca\/#primaryimage"},"thumbnailUrl":"https:\/\/urbeamea.ro\/albaiulia\/wp-content\/uploads\/2016\/10\/14724540_1136891529680383_3211471147635777143_n.jpg","keywords":["\u201ePovestea lui Muck cel Mic\u201d","Alba Iulia","cluj napoca","festival","juriu","piesa","premiu","Puck","regizor","Teatrul de p\u0103pu\u0219i \u201ePrichindel\u201d","Todor Valov","Urbea Mea"],"articleSection":["Cultur\u0103"],"inLanguage":"ro-RO","potentialAction":[{"@type":"CommentAction","name":"Comment","target":["https:\/\/urbeamea.ro\/albaiulia\/teatrul-de-papusi-prichindel-a-obtinut-premiul-special-al-juriului-la-festivalul-international-al-teatrelor-de-papusi-si-marionete-puck-cluj-napoca\/#respond"]}]},{"@type":"WebPage","@id":"https:\/\/urbeamea.ro\/albaiulia\/teatrul-de-papusi-prichindel-a-obtinut-premiul-special-al-juriului-la-festivalul-international-al-teatrelor-de-papusi-si-marionete-puck-cluj-napoca\/","url":"https:\/\/urbeamea.ro\/albaiulia\/teatrul-de-papusi-prichindel-a-obtinut-premiul-special-al-juriului-la-festivalul-international-al-teatrelor-de-papusi-si-marionete-puck-cluj-napoca\/","name":"Teatrul de P\u0103pu\u0219i \u201dPrichindel\u201d a ob\u021binut premiul special al juriului la Festivalul Interna\u021bional al Teatrelor de P\u0103pu\u0219i \u0219i Marionete Puck, Cluj Napoca - Revista Urbea Mea - Revista de Alba","isPartOf":{"@id":"https:\/\/urbeamea.ro\/albaiulia\/#website"},"primaryImageOfPage":{"@id":"https:\/\/urbeamea.ro\/albaiulia\/teatrul-de-papusi-prichindel-a-obtinut-premiul-special-al-juriului-la-festivalul-international-al-teatrelor-de-papusi-si-marionete-puck-cluj-napoca\/#primaryimage"},"image":{"@id":"https:\/\/urbeamea.ro\/albaiulia\/teatrul-de-papusi-prichindel-a-obtinut-premiul-special-al-juriului-la-festivalul-international-al-teatrelor-de-papusi-si-marionete-puck-cluj-napoca\/#primaryimage"},"thumbnailUrl":"https:\/\/urbeamea.ro\/albaiulia\/wp-content\/uploads\/2016\/10\/14724540_1136891529680383_3211471147635777143_n.jpg","datePublished":"2016-10-22T09:46:13+00:00","author":{"@id":"https:\/\/urbeamea.ro\/albaiulia\/#\/schema\/person\/cfaa27fc3da4a9a2cf2fee3650afc5d0"},"description":"Teatrul de P\u0103pu\u0219i \u201dPrichindel\u201d Alba Iulia a ob\u021binut premiul special al juriului la\u00a0Festivalul Interna\u021bional al Teatrelor de P\u0103pu\u0219i \u0219i Marionete Puck, Cluj","breadcrumb":{"@id":"https:\/\/urbeamea.ro\/albaiulia\/teatrul-de-papusi-prichindel-a-obtinut-premiul-special-al-juriului-la-festivalul-international-al-teatrelor-de-papusi-si-marionete-puck-cluj-napoca\/#breadcrumb"},"inLanguage":"ro-RO","potentialAction":[{"@type":"ReadAction","target":["https:\/\/urbeamea.ro\/albaiulia\/teatrul-de-papusi-prichindel-a-obtinut-premiul-special-al-juriului-la-festivalul-international-al-teatrelor-de-papusi-si-marionete-puck-cluj-napoca\/"]}]},{"@type":"ImageObject","inLanguage":"ro-RO","@id":"https:\/\/urbeamea.ro\/albaiulia\/teatrul-de-papusi-prichindel-a-obtinut-premiul-special-al-juriului-la-festivalul-international-al-teatrelor-de-papusi-si-marionete-puck-cluj-napoca\/#primaryimage","url":"https:\/\/urbeamea.ro\/albaiulia\/wp-content\/uploads\/2016\/10\/14724540_1136891529680383_3211471147635777143_n.jpg","contentUrl":"https:\/\/urbeamea.ro\/albaiulia\/wp-content\/uploads\/2016\/10\/14724540_1136891529680383_3211471147635777143_n.jpg","width":960,"height":720},{"@type":"BreadcrumbList","@id":"https:\/\/urbeamea.ro\/albaiulia\/teatrul-de-papusi-prichindel-a-obtinut-premiul-special-al-juriului-la-festivalul-international-al-teatrelor-de-papusi-si-marionete-puck-cluj-napoca\/#breadcrumb","itemListElement":[{"@type":"ListItem","position":1,"name":"Prima pagin\u0103","item":"https:\/\/urbeamea.ro\/albaiulia\/"},{"@type":"ListItem","position":2,"name":"Teatrul de P\u0103pu\u0219i \u201dPrichindel\u201d a ob\u021binut premiul special al juriului la Festivalul Interna\u021bional al Teatrelor de P\u0103pu\u0219i \u0219i Marionete Puck, Cluj Napoca"}]},{"@type":"WebSite","@id":"https:\/\/urbeamea.ro\/albaiulia\/#website","url":"https:\/\/urbeamea.ro\/albaiulia\/","name":"Revista Urbea Mea, Stiri urbane","description":"Evenimente \u0219i \u0219tiri din Alba Iulia, Sebe\u0219, Aiud, Blaj","potentialAction":[{"@type":"SearchAction","target":{"@type":"EntryPoint","urlTemplate":"https:\/\/urbeamea.ro\/albaiulia\/?s={search_term_string}"},"query-input":{"@type":"PropertyValueSpecification","valueRequired":true,"valueName":"search_term_string"}}],"inLanguage":"ro-RO"},{"@type":"Person","@id":"https:\/\/urbeamea.ro\/albaiulia\/#\/schema\/person\/cfaa27fc3da4a9a2cf2fee3650afc5d0","name":"Adriana Avram","image":{"@type":"ImageObject","inLanguage":"ro-RO","@id":"https:\/\/secure.gravatar.com\/avatar\/3cc61eb1584088e0099c1763903a6421c5ce6cdf45fc2d424046dc621efc21f9?s=96&d=mm&r=g","url":"https:\/\/secure.gravatar.com\/avatar\/3cc61eb1584088e0099c1763903a6421c5ce6cdf45fc2d424046dc621efc21f9?s=96&d=mm&r=g","contentUrl":"https:\/\/secure.gravatar.com\/avatar\/3cc61eb1584088e0099c1763903a6421c5ce6cdf45fc2d424046dc621efc21f9?s=96&d=mm&r=g","caption":"Adriana Avram"},"description":"Jurnalist","sameAs":["https:\/\/www.facebook.com\/avram.adriana.7?fref=ts"],"url":"https:\/\/urbeamea.ro\/albaiulia\/author\/adriana-avram\/"}]}},"_links":{"self":[{"href":"https:\/\/urbeamea.ro\/albaiulia\/wp-json\/wp\/v2\/posts\/33900","targetHints":{"allow":["GET"]}}],"collection":[{"href":"https:\/\/urbeamea.ro\/albaiulia\/wp-json\/wp\/v2\/posts"}],"about":[{"href":"https:\/\/urbeamea.ro\/albaiulia\/wp-json\/wp\/v2\/types\/post"}],"author":[{"embeddable":true,"href":"https:\/\/urbeamea.ro\/albaiulia\/wp-json\/wp\/v2\/users\/20"}],"replies":[{"embeddable":true,"href":"https:\/\/urbeamea.ro\/albaiulia\/wp-json\/wp\/v2\/comments?post=33900"}],"version-history":[{"count":0,"href":"https:\/\/urbeamea.ro\/albaiulia\/wp-json\/wp\/v2\/posts\/33900\/revisions"}],"wp:featuredmedia":[{"embeddable":true,"href":"https:\/\/urbeamea.ro\/albaiulia\/wp-json\/wp\/v2\/media\/33901"}],"wp:attachment":[{"href":"https:\/\/urbeamea.ro\/albaiulia\/wp-json\/wp\/v2\/media?parent=33900"}],"wp:term":[{"taxonomy":"category","embeddable":true,"href":"https:\/\/urbeamea.ro\/albaiulia\/wp-json\/wp\/v2\/categories?post=33900"},{"taxonomy":"post_tag","embeddable":true,"href":"https:\/\/urbeamea.ro\/albaiulia\/wp-json\/wp\/v2\/tags?post=33900"}],"curies":[{"name":"wp","href":"https:\/\/api.w.org\/{rel}","templated":true}]}}