{"id":33966,"date":"2016-10-31T17:00:56","date_gmt":"2016-10-31T15:00:56","guid":{"rendered":"http:\/\/urbeamea.ro\/albaiulia\/?p=33966"},"modified":"2016-10-31T16:58:18","modified_gmt":"2016-10-31T14:58:18","slug":"update-sedinta-de-consiliu-local-alba-iulia-aprobarea-planului-de-mobilitate-urbana-durabila-si-taxele-pentru-parcul-sarbatorilor-de-iarna-pe-ordinea-de-zi","status":"publish","type":"post","link":"https:\/\/urbeamea.ro\/albaiulia\/update-sedinta-de-consiliu-local-alba-iulia-aprobarea-planului-de-mobilitate-urbana-durabila-si-taxele-pentru-parcul-sarbatorilor-de-iarna-pe-ordinea-de-zi\/","title":{"rendered":"UPDATE: \u0218edin\u021b\u0103 de Consiliu Local Alba Iulia. Aprobarea Planului de Mobilitate Urban\u0103 Durabil\u0103 \u0219i taxele pentru Parcul S\u0103rb\u0103torilor de Iarn\u0103, pe ordinea de zi"},"content":{"rendered":"<p><strong><img loading=\"lazy\" decoding=\"async\" class=\"alignleft size-medium wp-image-30875\" src=\"http:\/\/urbeamea.ro\/albaiulia\/wp-content\/uploads\/2016\/08\/consiliul-local-300x225.jpg\" alt=\"consiliul local\" width=\"300\" height=\"225\" \/>Consilierii locali din Alba Iulia se vor \u00eentruni \u00een \u0219edin\u021b\u0103 pe data de 31 octombrie, la ora 13:00. Pe ordinea de zi a \u0219edin\u021bei se afl\u0103 29 de proiecte de hot\u0103r\u00e2re, printre care se num\u0103r\u0103 aprobarea Planului de Mobilitate Urban\u0103 Durabil\u0103<\/strong><strong>, protocol de colaborare cu\u00a0Ministerul Culturii \u015fi colectarea selectiv\u0103 a de\u015feurilor, dar \u0219i taxele pentru Parcul S\u0103rb\u0103torilor de Iarn\u0103.<\/strong><\/p>\n<p>Ordinea de zi este urm\u0103toarea:<\/p>\n<p>1. Rectificarea bugetului general de venituri \u0219i cheltuieli al municipiului\u00a0Alba Iulia, pe anul 2016 <strong>\u2013 APROBAT<\/strong><\/p>\n<p>2. Execu\u0163ia bugetului general de venituri \u015fi cheltuieli pe trimestrul III\u00a0anul 2016 al Municipiului Alba Iulia <strong>\u2013 APROBAT<\/strong><\/p>\n<p>3. Modificarea anexei la Hot\u0103r\u00e2rii nr. 6\/2016 a Consiliului local privind\u00a0aprobarea utiliz\u0103rii sumelor din excedentul bugetului local din anii\u00a0preceden\u021bi ca sursa de finan\u021bare a cheltuielilor sec\u021biunii de dezvoltare \u00een\u00a0anul 2016 cu modific\u0103rile \u0219i complet\u0103rile ulterioare <strong>\u2013 APROBAT<\/strong><\/p>\n<p>4. Modificarea anexei Hot\u0103r\u00e2rii nr. 202\/2016 a Consiliului local privind\u00a0documenta\u0163ia tehnico-economic\u0103, faza DALI pentru obiectivul de\u00a0investi\u0163ii \u201cReabilitare canal colector Hc 762 \u2013 Mice\u015fti, Alba Iulia\u201d <strong>\u2013 APROBAT<\/strong><\/p>\n<p>5. Aprobarea documenta\u021biei tehnico-economice \u2013 faza SF pentru\u00a0obiectivul: Amplasare machet\u0103 \u2013 \u201dAmprenta Cet\u0103\u021bii pe traseul por\u021bilor \u00een\u00a0zona Obelisc Alba Iulia\u201d <strong>\u2013 APROBAT<\/strong><\/p>\n<p>6. \u00censu\u0219irea investi\u021biilor\/achizi\u021biilor realizate din fonduri IID \u0219i darea \u00een\u00a0concesiune c\u0103tre SC Ap\u0103 CTTA SA Alba \u2013 Operatorul re\u021belelor de ap\u0103 \u0219i\u00a0canalizare din municipiul Alba Iulia <strong>\u2013 APROBAT<\/strong><\/p>\n<p>7. Deplasarea unei delega\u021bii oficiale a municipiului Alba Iulia la Barcelona (Spania),\u00a0\u00een perioada 13-19 noiembrie 2016 <strong>\u2013 APROBAT<\/strong><\/p>\n<p>8. Aprobarea proiectului \u201dEduca\u021bie \u0219i s\u0103n\u0103tate prin \u00eenot\u201d <strong>\u2013 APROBAT<\/strong><\/p>\n<p>9. Alocarea unei sume de bani din bugetul local pe 2016 pentru Parohia\u00a0Rom\u00e2n\u0103 Unit\u0103 cu Roma Greco Catolic\u0103, Alba Iulia I <strong>\u2013 APROBAT<\/strong><\/p>\n<p>10. Sus\u021binerea financiar\u0103 a Centrului educa\u021bional de zi \u201dSf\u00e2ntul Nicolae\u201d al\u00a0Asocia\u021biei Filantropia Ortodox\u0103 Alba Iulia pentru perioada 1.11.2016 \u2013\u00a031.10.2017 <strong>\u2013 APROBAT<\/strong><\/p>\n<p>11. Implementarea sistemului de colectare separat\u0103 pe patru frac\u021bii: h\u00e2rtie,\u00a0mase plastice, metale \u0219i sticl\u0103 <strong>\u2013 APROBAT<\/strong><\/p>\n<p>12. Aprobarea Planului de Mobilitate Urban\u0103 Durabil\u0103 al municipiului Alba\u00a0Iulia. <strong>\u2013 APROBAT<\/strong><\/p>\n<p>13. Participarea Municipiului Alba Iulia \u00een cadrul proiectului \u201d<em>Re\u021bea de\u00a0implementare a strategiilor privind valorificarea patrimoniului \u00een ora\u0219e\u00a0europene mici \u0219i mijlocii<\/em>\u201d, INT-HERIT (\u201dINT-HERIT.\u00a0Implementation Network of Heritage Strategies in small and mediumsized\u00a0European cities\u201d), finan\u021bat prin\u00a0Programul european URBACT III\u00a02014-2020 \u2013 Re\u021bele de implementare <strong>\u2013 APROBAT<\/strong><\/p>\n<p>14. Participarea Municipiului Alba Iulia \u00een cadrul proiectului SUITS \u2013\u00a0Integrated Transport Systems: Transferable tools for Authorities finan\u021bat prin programul european HORIZON 2020 <strong>\u2013 APROBAT<\/strong><\/p>\n<p>15. \u00cencheierea unui protocol de cooperare \u00eentre Municipiul Alba Iulia \u0219i\u00a0Ministerul Culturii <strong>\u2013 APROBAT<\/strong><\/p>\n<p>16. Participarea Municipiului Alba Iulia \u00een cadrul proiectului Re\u021bea\u00a0european\u0103 de parteneriate locale pentru ocuparea for\u021bei de munc\u0103 \u00een\u00a0r\u00e2ndul tinerilor (JobTown 2 \u2013 A European Network of Local\u00a0Partnerships for Youth Employment and Opportunity) , finan\u021bat \u00een cadrul\u00a0programului URBACT III <strong>\u2013 APROBAT<\/strong><\/p>\n<p>17. \u00censu\u0219irea \u201ePlanului de Ac\u021biuni pentru Energie Durabil\u0103 al municipiului\u00a0Alba Iulia\u201d (P.A.E.D.) \u2013 actualizat. <strong>\u2013 APROBAT<\/strong><\/p>\n<p>18.Aprobarea unor documentatii de urbanism:<br \/>\nArt.1: Avizeaz\u0103 Planul Urbanistic Zonal \u201eREGLEMENTARE ANSAMBLU\u00a0INDUSTRIAL \u2013 MODIFICARE PUZ aprobat prin HCL NR. 446\/12.2007, ART.18,\u00a0ALBA IULIA, SOSEAUA DE CENTURA, solicitant SC DELPHI ELECTRIC\u00a0SRL\u201d.<br \/>\nArt.2: Avizeaz\u0103 Planul Urbanistic Zonal \u201eREGLEMENTARE STRADA SI\u00a0CONSTRUIRE LOCUINTE INDIVIDUALE, ALBA IULIA, STR. HATEG, solicitant\u00a0ONEA ELENA SI TOTH GHEORGHE\u201d.<br \/>\nArt.3: Avizeaz\u0103 Planul Urbanistic Zonal \u201eEXTINDERE ZONA MIXTA LA\u00a0STR. ALESSANDRIA, ALBA IULIA, STR. ALESSANDRIA, solicitant IRIMIE\u00a0PETRU, IRIMIE IRINA\u201d.<br \/>\nArt.4: Avizeaz\u0103 Planul Urbanistic Zonal \u201eCONSTRUIRE LOCUINTE\u00a0INDIVIDUALE \u2013 MODIFICARE REGLEMENTARI URBANISTICE aprobate cu<br \/>\nHCL 108\/2008, LA STRADA NAZARETH ILLIT si STRADA ALEEA\u00a0STEJARILOR, ALBA IULIA, STR. NAZARETH ILLIT, NR. 57B, 59, 61, STR.\u00a0ALEEA STEJARILOR. NR. 1,3, solicitant MIREA IULIAN ILIE, MIREA\u00a0LILIANA CERASELA, POPA CONSTANTIN, POPA RODICA GEORGETA,\u00a0ZAHARESCU STEFAN, ZAHARESCU MIHAELA CODRUTA, STEAU\u00a0CORNEL\u201d.<br \/>\nArt.5: Avizeaz\u0103 Planul Urbanistic Zonal \u201eCONSTRUIRE LOCUINTE\u00a0INDIVIDUALE, ALBA IULIA, STR. VALEA DEVII, solicitant BALGRADEAN\u00a0MARIA\u201d.<br \/>\nArt.6: Avizeaz\u0103 Planul Urbanistic Zonal \u201eREACTUALIZARE PUZ DEALUL\u00a0FURCILOR, ALBA IULIA, STRAZILE IZVORULUI, PETUNIEI SI CRAITEI,\u00a0solicitant SC CATA &amp; MARY, CLONTA MARIANA, PASTIU NISTOR,\u00a0COJOCARU DORIN, SCHIAU SORIN, BERGHEAN CLEMENT, DATCU\u00a0ILIE\u201d.<br \/>\nArt.7: Aprob\u0103 Planul Urbanistic Detaliu \u201eCONSTRUIRE CENTRUL\u00a0REZIDENTIAL SFANTUL NICOLAE \u2013MODIFICARE PUD aprobat prin HCL NR.\u00a0334\/10.2015, ART.3, ALBA IULIA, STR. SLIVEN, NR.71, ASOCIATIA CASA SF.\u00a0NICOLAE\u201d.<br \/>\nArt.8: Aprob\u0103 Planul Urbanistic Detaliu \u201eCONSTRUIRE SI AMENAJARE\u00a0SPATIU EXPOZITIONAL MATERIAL FLORICOL SI DENDROLOGIC, ALBA<br \/>\nIULIA, ZONA PARAUL IOVULUI, solicitant SC BELL FLOVER SRL prin\u00a0MARGINEAN FLORIN\u201d.<br \/>\nArt.9: Aprob\u0103 Planul Urbanistic Detaliu \u201eCONSTRUIRE LOCUINTE\u00a0COLECTIVE SI IMPREJMUIRE, ALBA IULIA, STR. ALESSANDRIA, FN,<br \/>\nsolicitant MIREA IULIAN ILIE, MIREA LILIANA IRIMIE PETRU, IRIMIE\u00a0IRINA\u201d.<br \/>\nArt.10: Aprob\u0103 Planul Urbanistic Detaliu \u201eCONSTRUIRE LOCUINTE\u00a0INDIVIDUALE IN REGIM INSIRUIT, ALBA IULIA, STR. BUZIAS, NR.12-16,\u00a0solicitant SC MERCUR BUSINESS SRL\u201d.<br \/>\nArt.11: Aprob\u0103 LOCATIILE pentru \u201eAMPLASARE 5 PANOURI\u00a0PUBLICITARE IN ALBA IULIA: 1. B-dul REPUBLICII \u2013 Bl.30, 2. Str. N. \u00a0BALCESCU \u2013 Bl. D1, Sc.C; 3. B-dul REPUBLICII \u2013 ZONA SELGROS; 4. Str. \u00a0T.VLADIMIRESCU \u2013 LICEUL ALEXANDRU DOMSA, 5. Str. FERDINAND I \u2013\u00a0LA MOARA, solicitant MUNICIPIUL ALBA IULIA\u201d.<\/p>\n<p>19. \u00cencheierea unui act adi\u0163ional la contractul de asociere nr.30.210\/2007\u00a0\u00eencheiat \u00eentre Consiliul Local \u015fi Alba Cons SA. <strong>\u2013 APROBAT<\/strong><\/p>\n<p>20. \u00cencheierea unui act adi\u021bional la contractul de concesiune nr.101.664\/2015\u00a0\u00eencheiat \u00eentre municipiul Alba Iulia \u0219i Preciosa Team SRL. <strong>\u2013 APROBAT<\/strong><\/p>\n<p>21.Modificarea \u0219i completarea Hot\u0103r\u00e2rii nr.234\/2016 a Consiliului local cu\u00a0privire la aprobarea v\u00e2nz\u0103rii prin negociere direct\u0103 a unui imobil (teren)\u00a0situat \u00een Alba Iulia, str. \u0218tefan cel Mare, nr.6 <strong>\u2013 APROBAT<\/strong><\/p>\n<p>22. Aprobarea taxelor de utilizare temporar\u0103 a locurilor publice \u00een perioada 1\u00a0decembrie 2016 \u2013 1 februarie 2017 pentru amplasarea PARCULUI\u00a0S\u0102RB\u0102TORILOR DE IARN\u0102 \u00een municipiul Alba Iulia. <strong>\u2013 APROBAT<\/strong><\/p>\n<p>23.\u00censcrierea dreptului de proprietate a municipiului Alba Iulia \u0219i aprobarea\u00a0v\u00e2nz\u0103rii prin negociere direct\u0103 a unui imobil (teren) situat \u00een Alba Iulia,\u00a0str. Alexandru Ioan Cuza, nr.26 <strong>\u2013\u00a0AM\u00c2NAT<\/strong><\/p>\n<p>24. Expertiza tehnic\u0103 efectuat\u0103 \u00een Dosar nr. 3725\/176\/2014 aflat pe rol la\u00a0Judec\u0103toria Alba Iulia <strong>\u2013 APROBAT<\/strong><\/p>\n<p>25. Acceptarea dona\u021biei f\u0103cute municipiului Alba Iulia a unui imobil (drum)\u00a0situat \u00een Alba Iulia, strada Cornel Medrea <strong>\u2013 APROBAT<\/strong><\/p>\n<p>26. Acceptarea dona\u021biei f\u0103cute municipiului Alba Iulia a unui imobil (drum)\u00a0situat \u00een Alba Iulia, strada Nicolae Cre\u021bulescu <strong>\u2013 APROBAT<\/strong><\/p>\n<p>27. Acceptarea dona\u021biei f\u0103cute municipiului Alba Iulia a unui imobil (drum)\u00a0situat \u00een Alba Iulia \u2013 Oarda de Sus \u2013 zona Ghi\u015fi\u0163ele <strong>\u2013 APROBAT<\/strong><\/p>\n<p>28. \u00cenfiin\u021barea \u0219i aprobarea regulamentului de organizare \u0219i func\u021bionare al\u00a0Consiliului Consultativ pe probleme de Tineret<strong> &#8211; RESPINS\u00a0<\/strong><\/p>\n<p>29. Premierea unor sportivi din municipiul Alba Iulia<strong> &#8211; RESPINS\u00a0<\/strong><\/p>\n","protected":false},"excerpt":{"rendered":"<p>Consilierii locali din Alba Iulia se vor \u00eentruni \u00een \u0219edin\u021b\u0103 pe data de 31 octombrie, la ora 13:00. Pe ordinea de zi a \u0219edin\u021bei se afl\u0103 29 de proiecte de hot\u0103r\u00e2re, printre care se num\u0103r\u0103 aprobarea Planului de Mobilitate Urban\u0103 Durabil\u0103, protocol de colaborare cu\u00a0Ministerul Culturii \u015fi colectarea selectiv\u0103 a de\u015feurilor, dar \u0219i taxele pentru &hellip;<\/p>\n","protected":false},"author":20,"featured_media":30875,"comment_status":"open","ping_status":"open","sticky":false,"template":"","format":"standard","meta":{"inline_featured_image":false,"footnotes":""},"categories":[2034],"tags":[31,8203,2227,2358,2753,3535,8201,6779,8202,6522,625,2128,1959,76],"class_list":["post-33966","post","type-post","status-publish","format-standard","has-post-thumbnail","hentry","category-social","tag-alba-iulia","tag-colectare","tag-consilieri","tag-consiliu","tag-deseuri","tag-local","tag-macheta","tag-mobilitate-urbana","tag-obelisc","tag-ordine-de-zi","tag-proiecte","tag-sedinta","tag-taxe","tag-urbea-mea"],"yoast_head":"<!-- This site is optimized with the Yoast SEO plugin v28.3 - https:\/\/yoast.com\/product\/yoast-seo-wordpress\/ -->\n<title>UPDATE: \u0218edin\u021b\u0103 de Consiliu Local Alba Iulia. Aprobarea Planului de Mobilitate Urban\u0103 Durabil\u0103 \u0219i taxele pentru Parcul S\u0103rb\u0103torilor de Iarn\u0103, pe ordinea de zi - Revista Urbea Mea - Revista de Alba<\/title>\n<meta name=\"description\" content=\"Consilierii locali din Alba Iulia se vor \u00eentruni \u00een \u0219edin\u021b\u0103 pe data de 31 octombrie, la ora 13:00. Pe ordinea de zi a \u0219edin\u021bei se afl\u0103 29 de proiecte de\" \/>\n<meta name=\"robots\" content=\"index, follow, max-snippet:-1, max-image-preview:large, max-video-preview:-1\" \/>\n<link rel=\"canonical\" href=\"https:\/\/urbeamea.ro\/albaiulia\/update-sedinta-de-consiliu-local-alba-iulia-aprobarea-planului-de-mobilitate-urbana-durabila-si-taxele-pentru-parcul-sarbatorilor-de-iarna-pe-ordinea-de-zi\/\" \/>\n<meta name=\"twitter:card\" content=\"summary_large_image\" \/>\n<meta name=\"twitter:title\" content=\"UPDATE: \u0218edin\u021b\u0103 de Consiliu Local Alba Iulia. Aprobarea Planului de Mobilitate Urban\u0103 Durabil\u0103 \u0219i taxele pentru Parcul S\u0103rb\u0103torilor de Iarn\u0103, pe ordinea de zi - Revista Urbea Mea - Revista de Alba\" \/>\n<meta name=\"twitter:description\" content=\"Consilierii locali din Alba Iulia se vor \u00eentruni \u00een \u0219edin\u021b\u0103 pe data de 31 octombrie, la ora 13:00. Pe ordinea de zi a \u0219edin\u021bei se afl\u0103 29 de proiecte de\" \/>\n<meta name=\"twitter:image\" content=\"https:\/\/urbeamea.ro\/albaiulia\/wp-content\/uploads\/2016\/08\/consiliul-local.jpg\" \/>\n<meta name=\"twitter:creator\" content=\"@urbeameaweb\" \/>\n<meta name=\"twitter:site\" content=\"@urbeameaweb\" \/>\n<script type=\"application\/ld+json\" class=\"yoast-schema-graph\">{\"@context\":\"https:\\\/\\\/schema.org\",\"@graph\":[{\"@type\":\"Article\",\"@id\":\"https:\\\/\\\/urbeamea.ro\\\/albaiulia\\\/update-sedinta-de-consiliu-local-alba-iulia-aprobarea-planului-de-mobilitate-urbana-durabila-si-taxele-pentru-parcul-sarbatorilor-de-iarna-pe-ordinea-de-zi\\\/#article\",\"isPartOf\":{\"@id\":\"https:\\\/\\\/urbeamea.ro\\\/albaiulia\\\/update-sedinta-de-consiliu-local-alba-iulia-aprobarea-planului-de-mobilitate-urbana-durabila-si-taxele-pentru-parcul-sarbatorilor-de-iarna-pe-ordinea-de-zi\\\/\"},\"author\":{\"name\":\"Adriana Avram\",\"@id\":\"https:\\\/\\\/urbeamea.ro\\\/albaiulia\\\/#\\\/schema\\\/person\\\/cfaa27fc3da4a9a2cf2fee3650afc5d0\"},\"headline\":\"UPDATE: \u0218edin\u021b\u0103 de Consiliu Local Alba Iulia. Aprobarea Planului de Mobilitate Urban\u0103 Durabil\u0103 \u0219i taxele pentru Parcul S\u0103rb\u0103torilor de Iarn\u0103, pe ordinea de zi\",\"datePublished\":\"2016-10-31T15:00:56+00:00\",\"mainEntityOfPage\":{\"@id\":\"https:\\\/\\\/urbeamea.ro\\\/albaiulia\\\/update-sedinta-de-consiliu-local-alba-iulia-aprobarea-planului-de-mobilitate-urbana-durabila-si-taxele-pentru-parcul-sarbatorilor-de-iarna-pe-ordinea-de-zi\\\/\"},\"wordCount\":1050,\"commentCount\":0,\"image\":{\"@id\":\"https:\\\/\\\/urbeamea.ro\\\/albaiulia\\\/update-sedinta-de-consiliu-local-alba-iulia-aprobarea-planului-de-mobilitate-urbana-durabila-si-taxele-pentru-parcul-sarbatorilor-de-iarna-pe-ordinea-de-zi\\\/#primaryimage\"},\"thumbnailUrl\":\"https:\\\/\\\/urbeamea.ro\\\/albaiulia\\\/wp-content\\\/uploads\\\/2016\\\/08\\\/consiliul-local.jpg\",\"keywords\":[\"Alba Iulia\",\"colectare\",\"consilieri\",\"consiliu\",\"deseuri\",\"local\",\"macheta\",\"mobilitate urbana\",\"Obelisc\",\"ordine de zi\",\"proiecte\",\"sedinta\",\"taxe\",\"Urbea Mea\"],\"articleSection\":[\"Social\"],\"inLanguage\":\"ro-RO\",\"potentialAction\":[{\"@type\":\"CommentAction\",\"name\":\"Comment\",\"target\":[\"https:\\\/\\\/urbeamea.ro\\\/albaiulia\\\/update-sedinta-de-consiliu-local-alba-iulia-aprobarea-planului-de-mobilitate-urbana-durabila-si-taxele-pentru-parcul-sarbatorilor-de-iarna-pe-ordinea-de-zi\\\/#respond\"]}]},{\"@type\":\"WebPage\",\"@id\":\"https:\\\/\\\/urbeamea.ro\\\/albaiulia\\\/update-sedinta-de-consiliu-local-alba-iulia-aprobarea-planului-de-mobilitate-urbana-durabila-si-taxele-pentru-parcul-sarbatorilor-de-iarna-pe-ordinea-de-zi\\\/\",\"url\":\"https:\\\/\\\/urbeamea.ro\\\/albaiulia\\\/update-sedinta-de-consiliu-local-alba-iulia-aprobarea-planului-de-mobilitate-urbana-durabila-si-taxele-pentru-parcul-sarbatorilor-de-iarna-pe-ordinea-de-zi\\\/\",\"name\":\"UPDATE: \u0218edin\u021b\u0103 de Consiliu Local Alba Iulia. Aprobarea Planului de Mobilitate Urban\u0103 Durabil\u0103 \u0219i taxele pentru Parcul S\u0103rb\u0103torilor de Iarn\u0103, pe ordinea de zi - Revista Urbea Mea - Revista de Alba\",\"isPartOf\":{\"@id\":\"https:\\\/\\\/urbeamea.ro\\\/albaiulia\\\/#website\"},\"primaryImageOfPage\":{\"@id\":\"https:\\\/\\\/urbeamea.ro\\\/albaiulia\\\/update-sedinta-de-consiliu-local-alba-iulia-aprobarea-planului-de-mobilitate-urbana-durabila-si-taxele-pentru-parcul-sarbatorilor-de-iarna-pe-ordinea-de-zi\\\/#primaryimage\"},\"image\":{\"@id\":\"https:\\\/\\\/urbeamea.ro\\\/albaiulia\\\/update-sedinta-de-consiliu-local-alba-iulia-aprobarea-planului-de-mobilitate-urbana-durabila-si-taxele-pentru-parcul-sarbatorilor-de-iarna-pe-ordinea-de-zi\\\/#primaryimage\"},\"thumbnailUrl\":\"https:\\\/\\\/urbeamea.ro\\\/albaiulia\\\/wp-content\\\/uploads\\\/2016\\\/08\\\/consiliul-local.jpg\",\"datePublished\":\"2016-10-31T15:00:56+00:00\",\"author\":{\"@id\":\"https:\\\/\\\/urbeamea.ro\\\/albaiulia\\\/#\\\/schema\\\/person\\\/cfaa27fc3da4a9a2cf2fee3650afc5d0\"},\"description\":\"Consilierii locali din Alba Iulia se vor \u00eentruni \u00een \u0219edin\u021b\u0103 pe data de 31 octombrie, la ora 13:00. Pe ordinea de zi a \u0219edin\u021bei se afl\u0103 29 de proiecte de\",\"breadcrumb\":{\"@id\":\"https:\\\/\\\/urbeamea.ro\\\/albaiulia\\\/update-sedinta-de-consiliu-local-alba-iulia-aprobarea-planului-de-mobilitate-urbana-durabila-si-taxele-pentru-parcul-sarbatorilor-de-iarna-pe-ordinea-de-zi\\\/#breadcrumb\"},\"inLanguage\":\"ro-RO\",\"potentialAction\":[{\"@type\":\"ReadAction\",\"target\":[\"https:\\\/\\\/urbeamea.ro\\\/albaiulia\\\/update-sedinta-de-consiliu-local-alba-iulia-aprobarea-planului-de-mobilitate-urbana-durabila-si-taxele-pentru-parcul-sarbatorilor-de-iarna-pe-ordinea-de-zi\\\/\"]}]},{\"@type\":\"ImageObject\",\"inLanguage\":\"ro-RO\",\"@id\":\"https:\\\/\\\/urbeamea.ro\\\/albaiulia\\\/update-sedinta-de-consiliu-local-alba-iulia-aprobarea-planului-de-mobilitate-urbana-durabila-si-taxele-pentru-parcul-sarbatorilor-de-iarna-pe-ordinea-de-zi\\\/#primaryimage\",\"url\":\"https:\\\/\\\/urbeamea.ro\\\/albaiulia\\\/wp-content\\\/uploads\\\/2016\\\/08\\\/consiliul-local.jpg\",\"contentUrl\":\"https:\\\/\\\/urbeamea.ro\\\/albaiulia\\\/wp-content\\\/uploads\\\/2016\\\/08\\\/consiliul-local.jpg\",\"width\":800,\"height\":600},{\"@type\":\"BreadcrumbList\",\"@id\":\"https:\\\/\\\/urbeamea.ro\\\/albaiulia\\\/update-sedinta-de-consiliu-local-alba-iulia-aprobarea-planului-de-mobilitate-urbana-durabila-si-taxele-pentru-parcul-sarbatorilor-de-iarna-pe-ordinea-de-zi\\\/#breadcrumb\",\"itemListElement\":[{\"@type\":\"ListItem\",\"position\":1,\"name\":\"Prima pagin\u0103\",\"item\":\"https:\\\/\\\/urbeamea.ro\\\/albaiulia\\\/\"},{\"@type\":\"ListItem\",\"position\":2,\"name\":\"UPDATE: \u0218edin\u021b\u0103 de Consiliu Local Alba Iulia. Aprobarea Planului de Mobilitate Urban\u0103 Durabil\u0103 \u0219i taxele pentru Parcul S\u0103rb\u0103torilor de Iarn\u0103, pe ordinea de zi\"}]},{\"@type\":\"WebSite\",\"@id\":\"https:\\\/\\\/urbeamea.ro\\\/albaiulia\\\/#website\",\"url\":\"https:\\\/\\\/urbeamea.ro\\\/albaiulia\\\/\",\"name\":\"Revista Urbea Mea, Stiri urbane\",\"description\":\"Evenimente \u0219i \u0219tiri din Alba Iulia, Sebe\u0219, Aiud, Blaj\",\"potentialAction\":[{\"@type\":\"SearchAction\",\"target\":{\"@type\":\"EntryPoint\",\"urlTemplate\":\"https:\\\/\\\/urbeamea.ro\\\/albaiulia\\\/?s={search_term_string}\"},\"query-input\":{\"@type\":\"PropertyValueSpecification\",\"valueRequired\":true,\"valueName\":\"search_term_string\"}}],\"inLanguage\":\"ro-RO\"},{\"@type\":\"Person\",\"@id\":\"https:\\\/\\\/urbeamea.ro\\\/albaiulia\\\/#\\\/schema\\\/person\\\/cfaa27fc3da4a9a2cf2fee3650afc5d0\",\"name\":\"Adriana Avram\",\"image\":{\"@type\":\"ImageObject\",\"inLanguage\":\"ro-RO\",\"@id\":\"https:\\\/\\\/secure.gravatar.com\\\/avatar\\\/3cc61eb1584088e0099c1763903a6421c5ce6cdf45fc2d424046dc621efc21f9?s=96&d=mm&r=g\",\"url\":\"https:\\\/\\\/secure.gravatar.com\\\/avatar\\\/3cc61eb1584088e0099c1763903a6421c5ce6cdf45fc2d424046dc621efc21f9?s=96&d=mm&r=g\",\"contentUrl\":\"https:\\\/\\\/secure.gravatar.com\\\/avatar\\\/3cc61eb1584088e0099c1763903a6421c5ce6cdf45fc2d424046dc621efc21f9?s=96&d=mm&r=g\",\"caption\":\"Adriana Avram\"},\"description\":\"Jurnalist\",\"sameAs\":[\"https:\\\/\\\/www.facebook.com\\\/avram.adriana.7?fref=ts\"],\"url\":\"https:\\\/\\\/urbeamea.ro\\\/albaiulia\\\/author\\\/adriana-avram\\\/\"}]}<\/script>\n<!-- \/ Yoast SEO plugin. -->","yoast_head_json":{"title":"UPDATE: \u0218edin\u021b\u0103 de Consiliu Local Alba Iulia. Aprobarea Planului de Mobilitate Urban\u0103 Durabil\u0103 \u0219i taxele pentru Parcul S\u0103rb\u0103torilor de Iarn\u0103, pe ordinea de zi - Revista Urbea Mea - Revista de Alba","description":"Consilierii locali din Alba Iulia se vor \u00eentruni \u00een \u0219edin\u021b\u0103 pe data de 31 octombrie, la ora 13:00. Pe ordinea de zi a \u0219edin\u021bei se afl\u0103 29 de proiecte de","robots":{"index":"index","follow":"follow","max-snippet":"max-snippet:-1","max-image-preview":"max-image-preview:large","max-video-preview":"max-video-preview:-1"},"canonical":"https:\/\/urbeamea.ro\/albaiulia\/update-sedinta-de-consiliu-local-alba-iulia-aprobarea-planului-de-mobilitate-urbana-durabila-si-taxele-pentru-parcul-sarbatorilor-de-iarna-pe-ordinea-de-zi\/","twitter_card":"summary_large_image","twitter_title":"UPDATE: \u0218edin\u021b\u0103 de Consiliu Local Alba Iulia. Aprobarea Planului de Mobilitate Urban\u0103 Durabil\u0103 \u0219i taxele pentru Parcul S\u0103rb\u0103torilor de Iarn\u0103, pe ordinea de zi - Revista Urbea Mea - Revista de Alba","twitter_description":"Consilierii locali din Alba Iulia se vor \u00eentruni \u00een \u0219edin\u021b\u0103 pe data de 31 octombrie, la ora 13:00. Pe ordinea de zi a \u0219edin\u021bei se afl\u0103 29 de proiecte de","twitter_image":"https:\/\/urbeamea.ro\/albaiulia\/wp-content\/uploads\/2016\/08\/consiliul-local.jpg","twitter_creator":"@urbeameaweb","twitter_site":"@urbeameaweb","schema":{"@context":"https:\/\/schema.org","@graph":[{"@type":"Article","@id":"https:\/\/urbeamea.ro\/albaiulia\/update-sedinta-de-consiliu-local-alba-iulia-aprobarea-planului-de-mobilitate-urbana-durabila-si-taxele-pentru-parcul-sarbatorilor-de-iarna-pe-ordinea-de-zi\/#article","isPartOf":{"@id":"https:\/\/urbeamea.ro\/albaiulia\/update-sedinta-de-consiliu-local-alba-iulia-aprobarea-planului-de-mobilitate-urbana-durabila-si-taxele-pentru-parcul-sarbatorilor-de-iarna-pe-ordinea-de-zi\/"},"author":{"name":"Adriana Avram","@id":"https:\/\/urbeamea.ro\/albaiulia\/#\/schema\/person\/cfaa27fc3da4a9a2cf2fee3650afc5d0"},"headline":"UPDATE: \u0218edin\u021b\u0103 de Consiliu Local Alba Iulia. Aprobarea Planului de Mobilitate Urban\u0103 Durabil\u0103 \u0219i taxele pentru Parcul S\u0103rb\u0103torilor de Iarn\u0103, pe ordinea de zi","datePublished":"2016-10-31T15:00:56+00:00","mainEntityOfPage":{"@id":"https:\/\/urbeamea.ro\/albaiulia\/update-sedinta-de-consiliu-local-alba-iulia-aprobarea-planului-de-mobilitate-urbana-durabila-si-taxele-pentru-parcul-sarbatorilor-de-iarna-pe-ordinea-de-zi\/"},"wordCount":1050,"commentCount":0,"image":{"@id":"https:\/\/urbeamea.ro\/albaiulia\/update-sedinta-de-consiliu-local-alba-iulia-aprobarea-planului-de-mobilitate-urbana-durabila-si-taxele-pentru-parcul-sarbatorilor-de-iarna-pe-ordinea-de-zi\/#primaryimage"},"thumbnailUrl":"https:\/\/urbeamea.ro\/albaiulia\/wp-content\/uploads\/2016\/08\/consiliul-local.jpg","keywords":["Alba Iulia","colectare","consilieri","consiliu","deseuri","local","macheta","mobilitate urbana","Obelisc","ordine de zi","proiecte","sedinta","taxe","Urbea Mea"],"articleSection":["Social"],"inLanguage":"ro-RO","potentialAction":[{"@type":"CommentAction","name":"Comment","target":["https:\/\/urbeamea.ro\/albaiulia\/update-sedinta-de-consiliu-local-alba-iulia-aprobarea-planului-de-mobilitate-urbana-durabila-si-taxele-pentru-parcul-sarbatorilor-de-iarna-pe-ordinea-de-zi\/#respond"]}]},{"@type":"WebPage","@id":"https:\/\/urbeamea.ro\/albaiulia\/update-sedinta-de-consiliu-local-alba-iulia-aprobarea-planului-de-mobilitate-urbana-durabila-si-taxele-pentru-parcul-sarbatorilor-de-iarna-pe-ordinea-de-zi\/","url":"https:\/\/urbeamea.ro\/albaiulia\/update-sedinta-de-consiliu-local-alba-iulia-aprobarea-planului-de-mobilitate-urbana-durabila-si-taxele-pentru-parcul-sarbatorilor-de-iarna-pe-ordinea-de-zi\/","name":"UPDATE: \u0218edin\u021b\u0103 de Consiliu Local Alba Iulia. Aprobarea Planului de Mobilitate Urban\u0103 Durabil\u0103 \u0219i taxele pentru Parcul S\u0103rb\u0103torilor de Iarn\u0103, pe ordinea de zi - Revista Urbea Mea - Revista de Alba","isPartOf":{"@id":"https:\/\/urbeamea.ro\/albaiulia\/#website"},"primaryImageOfPage":{"@id":"https:\/\/urbeamea.ro\/albaiulia\/update-sedinta-de-consiliu-local-alba-iulia-aprobarea-planului-de-mobilitate-urbana-durabila-si-taxele-pentru-parcul-sarbatorilor-de-iarna-pe-ordinea-de-zi\/#primaryimage"},"image":{"@id":"https:\/\/urbeamea.ro\/albaiulia\/update-sedinta-de-consiliu-local-alba-iulia-aprobarea-planului-de-mobilitate-urbana-durabila-si-taxele-pentru-parcul-sarbatorilor-de-iarna-pe-ordinea-de-zi\/#primaryimage"},"thumbnailUrl":"https:\/\/urbeamea.ro\/albaiulia\/wp-content\/uploads\/2016\/08\/consiliul-local.jpg","datePublished":"2016-10-31T15:00:56+00:00","author":{"@id":"https:\/\/urbeamea.ro\/albaiulia\/#\/schema\/person\/cfaa27fc3da4a9a2cf2fee3650afc5d0"},"description":"Consilierii locali din Alba Iulia se vor \u00eentruni \u00een \u0219edin\u021b\u0103 pe data de 31 octombrie, la ora 13:00. Pe ordinea de zi a \u0219edin\u021bei se afl\u0103 29 de proiecte de","breadcrumb":{"@id":"https:\/\/urbeamea.ro\/albaiulia\/update-sedinta-de-consiliu-local-alba-iulia-aprobarea-planului-de-mobilitate-urbana-durabila-si-taxele-pentru-parcul-sarbatorilor-de-iarna-pe-ordinea-de-zi\/#breadcrumb"},"inLanguage":"ro-RO","potentialAction":[{"@type":"ReadAction","target":["https:\/\/urbeamea.ro\/albaiulia\/update-sedinta-de-consiliu-local-alba-iulia-aprobarea-planului-de-mobilitate-urbana-durabila-si-taxele-pentru-parcul-sarbatorilor-de-iarna-pe-ordinea-de-zi\/"]}]},{"@type":"ImageObject","inLanguage":"ro-RO","@id":"https:\/\/urbeamea.ro\/albaiulia\/update-sedinta-de-consiliu-local-alba-iulia-aprobarea-planului-de-mobilitate-urbana-durabila-si-taxele-pentru-parcul-sarbatorilor-de-iarna-pe-ordinea-de-zi\/#primaryimage","url":"https:\/\/urbeamea.ro\/albaiulia\/wp-content\/uploads\/2016\/08\/consiliul-local.jpg","contentUrl":"https:\/\/urbeamea.ro\/albaiulia\/wp-content\/uploads\/2016\/08\/consiliul-local.jpg","width":800,"height":600},{"@type":"BreadcrumbList","@id":"https:\/\/urbeamea.ro\/albaiulia\/update-sedinta-de-consiliu-local-alba-iulia-aprobarea-planului-de-mobilitate-urbana-durabila-si-taxele-pentru-parcul-sarbatorilor-de-iarna-pe-ordinea-de-zi\/#breadcrumb","itemListElement":[{"@type":"ListItem","position":1,"name":"Prima pagin\u0103","item":"https:\/\/urbeamea.ro\/albaiulia\/"},{"@type":"ListItem","position":2,"name":"UPDATE: \u0218edin\u021b\u0103 de Consiliu Local Alba Iulia. Aprobarea Planului de Mobilitate Urban\u0103 Durabil\u0103 \u0219i taxele pentru Parcul S\u0103rb\u0103torilor de Iarn\u0103, pe ordinea de zi"}]},{"@type":"WebSite","@id":"https:\/\/urbeamea.ro\/albaiulia\/#website","url":"https:\/\/urbeamea.ro\/albaiulia\/","name":"Revista Urbea Mea, Stiri urbane","description":"Evenimente \u0219i \u0219tiri din Alba Iulia, Sebe\u0219, Aiud, Blaj","potentialAction":[{"@type":"SearchAction","target":{"@type":"EntryPoint","urlTemplate":"https:\/\/urbeamea.ro\/albaiulia\/?s={search_term_string}"},"query-input":{"@type":"PropertyValueSpecification","valueRequired":true,"valueName":"search_term_string"}}],"inLanguage":"ro-RO"},{"@type":"Person","@id":"https:\/\/urbeamea.ro\/albaiulia\/#\/schema\/person\/cfaa27fc3da4a9a2cf2fee3650afc5d0","name":"Adriana Avram","image":{"@type":"ImageObject","inLanguage":"ro-RO","@id":"https:\/\/secure.gravatar.com\/avatar\/3cc61eb1584088e0099c1763903a6421c5ce6cdf45fc2d424046dc621efc21f9?s=96&d=mm&r=g","url":"https:\/\/secure.gravatar.com\/avatar\/3cc61eb1584088e0099c1763903a6421c5ce6cdf45fc2d424046dc621efc21f9?s=96&d=mm&r=g","contentUrl":"https:\/\/secure.gravatar.com\/avatar\/3cc61eb1584088e0099c1763903a6421c5ce6cdf45fc2d424046dc621efc21f9?s=96&d=mm&r=g","caption":"Adriana Avram"},"description":"Jurnalist","sameAs":["https:\/\/www.facebook.com\/avram.adriana.7?fref=ts"],"url":"https:\/\/urbeamea.ro\/albaiulia\/author\/adriana-avram\/"}]}},"_links":{"self":[{"href":"https:\/\/urbeamea.ro\/albaiulia\/wp-json\/wp\/v2\/posts\/33966","targetHints":{"allow":["GET"]}}],"collection":[{"href":"https:\/\/urbeamea.ro\/albaiulia\/wp-json\/wp\/v2\/posts"}],"about":[{"href":"https:\/\/urbeamea.ro\/albaiulia\/wp-json\/wp\/v2\/types\/post"}],"author":[{"embeddable":true,"href":"https:\/\/urbeamea.ro\/albaiulia\/wp-json\/wp\/v2\/users\/20"}],"replies":[{"embeddable":true,"href":"https:\/\/urbeamea.ro\/albaiulia\/wp-json\/wp\/v2\/comments?post=33966"}],"version-history":[{"count":0,"href":"https:\/\/urbeamea.ro\/albaiulia\/wp-json\/wp\/v2\/posts\/33966\/revisions"}],"wp:featuredmedia":[{"embeddable":true,"href":"https:\/\/urbeamea.ro\/albaiulia\/wp-json\/wp\/v2\/media\/30875"}],"wp:attachment":[{"href":"https:\/\/urbeamea.ro\/albaiulia\/wp-json\/wp\/v2\/media?parent=33966"}],"wp:term":[{"taxonomy":"category","embeddable":true,"href":"https:\/\/urbeamea.ro\/albaiulia\/wp-json\/wp\/v2\/categories?post=33966"},{"taxonomy":"post_tag","embeddable":true,"href":"https:\/\/urbeamea.ro\/albaiulia\/wp-json\/wp\/v2\/tags?post=33966"}],"curies":[{"name":"wp","href":"https:\/\/api.w.org\/{rel}","templated":true}]}}