{"id":34004,"date":"2016-10-25T16:48:01","date_gmt":"2016-10-25T13:48:01","guid":{"rendered":"http:\/\/urbeamea.ro\/albaiulia\/?p=34004"},"modified":"2016-10-25T16:48:01","modified_gmt":"2016-10-25T13:48:01","slug":"tineri-din-alba-iulia-si-sibiu-vor-fi-invatati-cum-sa-isi-dezvolte-propria-afacere","status":"publish","type":"post","link":"https:\/\/urbeamea.ro\/albaiulia\/tineri-din-alba-iulia-si-sibiu-vor-fi-invatati-cum-sa-isi-dezvolte-propria-afacere\/","title":{"rendered":"Tineri din Alba Iulia \u0219i Sibiu vor fi \u00eenv\u0103\u021ba\u021bi cum s\u0103 \u00ee\u0219i dezvolte propria afacere"},"content":{"rendered":"<p><strong><img loading=\"lazy\" decoding=\"async\" class=\"alignleft size-medium wp-image-34005\" src=\"http:\/\/urbeamea.ro\/albaiulia\/wp-content\/uploads\/2016\/10\/Vreau-sa-fiu-antreprenor-300x142.jpg\" alt=\"vreau-sa-fiu-antreprenor\" width=\"300\" height=\"142\" \/>VREAU S\u0102 FIU ANTREPRENOR este un eveniment la care sunt invita\u021bi s\u0103 participe to\u021bi tinerii care vor s\u0103 afle mai multe despre antreprenoriat \u0219i s\u0103 ia \u00een considerare aceast\u0103 alternativ\u0103 pentru viitorul lor. Cum au \u00eenceput propria afacere, cum se dezvolt\u0103 o afacere, dar \u0219i cum au f\u0103cut fa\u021b\u0103 e\u0219ecurilor, vor fi subiectele prezentate de doi antreprenori de succes de nivel local \u0219i na\u021bional, care vor sta apoi la dispozi\u021bia tinerilor pentru a le da sfaturi \u0219i a le asculta propriile lor idei de afaceri.<\/strong><\/p>\n<p>\u00cen 26 octombrie 2016, are loc un astfel de eveniment la Alba Iulia, ce se va desf\u0103\u0219ura \u00een intervalul 13:00 \u2013 15.00 \u00een Amfiteatrul A9 \u2013 Aula Magna de la Universitatea 1 Decembrie din Alba Iulia. Marius Maier, managing partner la societatea de asigur\u0103ri CMC GRUP RISK ADVISOR SRL\u00a0din Cluj, al\u0103turi de Amalia Baciu Sarmes, director la societatea AXA PORCELAINE din Alba Iulia, le vor prezenta tinerilor din sal\u0103 povestea evolu\u021biei lor, greut\u0103\u021bile \u0219i solu\u021biile care i-au ajutat s\u0103 aib\u0103\u00a0o afacere de succes.<\/p>\n<p>Evenimentele sunt organizate \u00een ora\u0219ele Alba Iulia \u0219i Sibiu de c\u0103tre Funda\u021bia Romanian Business Leaders, \u00een colaborare cu universit\u0103\u021bile \u0219i \u0219colile din ora\u0219ele \u00een care se desf\u0103\u0219oara evenimentul, precum \u0219i al\u0103turi de Centrul Europe Direct Regiunea Centru din cadrul Agen\u021biei pentru Dezvoltare Regional\u0103 Centru. Cei ce vor s\u0103 experimenteze mai mult din domeniul afacerilor, vor fi \u00eencuraja\u021bi s\u0103 ac\u021bioneze \u00een acest sens, av\u00e2nd posibilitatea de a participa la o platform\u0103 ce utilizeaz\u0103 jocuri interactive cu 6 niveluri pentru a-i ajuta s\u0103-\u0219i dezvolte g\u00e2ndirea antreprenorial\u0103\u00a0\u0219i o idee de business.<\/p>\n<p>Un num\u0103r de 15 tineri participan\u021bi la platforma de game vor fi selecta\u021bi apoi pentru a putea participa la programul de formare \u201dVreau s\u0103 fiu antreprenor!\u201d \u0219i timp 5 zile vor beneficia de work-shop-uri cu acces la mentori, \u00ee\u0219i vor structura \u0219i rafina o idee de afacere pe care o vor prezenta \u00een fa\u021ba unui juriu, care va decide care dintre ei va c\u00e2\u0219tiga un premiu de 3000 de euro \u0219i care va fi sprijinit \u00een elaborarea unui campanii de str\u00e2ngere de fonduri pentru propria afacere.<\/p>\n","protected":false},"excerpt":{"rendered":"<p>VREAU S\u0102 FIU ANTREPRENOR este un eveniment la care sunt invita\u021bi s\u0103 participe to\u021bi tinerii care vor s\u0103 afle mai multe despre antreprenoriat \u0219i s\u0103 ia \u00een considerare aceast\u0103 alternativ\u0103 pentru viitorul lor. Cum au \u00eenceput propria afacere, cum se dezvolt\u0103 o afacere, dar \u0219i cum au f\u0103cut fa\u021b\u0103 e\u0219ecurilor, vor fi subiectele prezentate de &hellip;<\/p>\n","protected":false},"author":20,"featured_media":34005,"comment_status":"open","ping_status":"open","sticky":false,"template":"","format":"standard","meta":{"inline_featured_image":false,"footnotes":""},"categories":[2034],"tags":[1952,1474,307,8218,8219,8217,8221,380,680,336,76,8220],"class_list":["post-34004","post","type-post","status-publish","format-standard","has-post-thumbnail","hentry","category-social","tag-adr","tag-afaceri","tag-alba","tag-antreprenori","tag-business","tag-iulia","tag-mentori","tag-proiect","tag-sibiu","tag-tineri","tag-urbea-mea","tag-work-shop"],"yoast_head":"<!-- This site is optimized with the Yoast SEO plugin v27.4 - https:\/\/yoast.com\/product\/yoast-seo-wordpress\/ -->\n<title>Tineri din Alba Iulia \u0219i Sibiu vor fi \u00eenv\u0103\u021ba\u021bi cum s\u0103 \u00ee\u0219i dezvolte propria afacere - Revista Urbea Mea - Revista de Alba<\/title>\n<meta name=\"description\" content=\"VREAU S\u0102 FIU ANTREPRENOR este un eveniment la care sunt invita\u021bi s\u0103 participe to\u021bi tinerii care vor s\u0103 afle mai multe despre antreprenoriat \u0219i s\u0103 ia \u00een\" \/>\n<meta name=\"robots\" content=\"index, follow, max-snippet:-1, max-image-preview:large, max-video-preview:-1\" \/>\n<link rel=\"canonical\" href=\"https:\/\/urbeamea.ro\/albaiulia\/tineri-din-alba-iulia-si-sibiu-vor-fi-invatati-cum-sa-isi-dezvolte-propria-afacere\/\" \/>\n<meta name=\"twitter:card\" content=\"summary_large_image\" \/>\n<meta name=\"twitter:title\" content=\"Tineri din Alba Iulia \u0219i Sibiu vor fi \u00eenv\u0103\u021ba\u021bi cum s\u0103 \u00ee\u0219i dezvolte propria afacere - Revista Urbea Mea - Revista de Alba\" \/>\n<meta name=\"twitter:description\" content=\"VREAU S\u0102 FIU ANTREPRENOR este un eveniment la care sunt invita\u021bi s\u0103 participe to\u021bi tinerii care vor s\u0103 afle mai multe despre antreprenoriat \u0219i s\u0103 ia \u00een\" \/>\n<meta name=\"twitter:image\" content=\"https:\/\/urbeamea.ro\/albaiulia\/wp-content\/uploads\/2016\/10\/Vreau-sa-fiu-antreprenor.jpg\" \/>\n<meta name=\"twitter:creator\" content=\"@urbeameaweb\" \/>\n<meta name=\"twitter:site\" content=\"@urbeameaweb\" \/>\n<script type=\"application\/ld+json\" class=\"yoast-schema-graph\">{\"@context\":\"https:\\\/\\\/schema.org\",\"@graph\":[{\"@type\":\"Article\",\"@id\":\"https:\\\/\\\/urbeamea.ro\\\/albaiulia\\\/tineri-din-alba-iulia-si-sibiu-vor-fi-invatati-cum-sa-isi-dezvolte-propria-afacere\\\/#article\",\"isPartOf\":{\"@id\":\"https:\\\/\\\/urbeamea.ro\\\/albaiulia\\\/tineri-din-alba-iulia-si-sibiu-vor-fi-invatati-cum-sa-isi-dezvolte-propria-afacere\\\/\"},\"author\":{\"name\":\"Adriana Avram\",\"@id\":\"https:\\\/\\\/urbeamea.ro\\\/albaiulia\\\/#\\\/schema\\\/person\\\/cfaa27fc3da4a9a2cf2fee3650afc5d0\"},\"headline\":\"Tineri din Alba Iulia \u0219i Sibiu vor fi \u00eenv\u0103\u021ba\u021bi cum s\u0103 \u00ee\u0219i dezvolte propria afacere\",\"datePublished\":\"2016-10-25T13:48:01+00:00\",\"mainEntityOfPage\":{\"@id\":\"https:\\\/\\\/urbeamea.ro\\\/albaiulia\\\/tineri-din-alba-iulia-si-sibiu-vor-fi-invatati-cum-sa-isi-dezvolte-propria-afacere\\\/\"},\"wordCount\":383,\"commentCount\":0,\"image\":{\"@id\":\"https:\\\/\\\/urbeamea.ro\\\/albaiulia\\\/tineri-din-alba-iulia-si-sibiu-vor-fi-invatati-cum-sa-isi-dezvolte-propria-afacere\\\/#primaryimage\"},\"thumbnailUrl\":\"https:\\\/\\\/urbeamea.ro\\\/albaiulia\\\/wp-content\\\/uploads\\\/2016\\\/10\\\/Vreau-sa-fiu-antreprenor.jpg\",\"keywords\":[\"ADR\",\"afaceri\",\"alba\",\"antreprenori\",\"business\",\"Iulia\",\"mentori\",\"proiect\",\"sibiu\",\"tineri\",\"Urbea Mea\",\"work-shop\"],\"articleSection\":[\"Social\"],\"inLanguage\":\"ro-RO\",\"potentialAction\":[{\"@type\":\"CommentAction\",\"name\":\"Comment\",\"target\":[\"https:\\\/\\\/urbeamea.ro\\\/albaiulia\\\/tineri-din-alba-iulia-si-sibiu-vor-fi-invatati-cum-sa-isi-dezvolte-propria-afacere\\\/#respond\"]}]},{\"@type\":\"WebPage\",\"@id\":\"https:\\\/\\\/urbeamea.ro\\\/albaiulia\\\/tineri-din-alba-iulia-si-sibiu-vor-fi-invatati-cum-sa-isi-dezvolte-propria-afacere\\\/\",\"url\":\"https:\\\/\\\/urbeamea.ro\\\/albaiulia\\\/tineri-din-alba-iulia-si-sibiu-vor-fi-invatati-cum-sa-isi-dezvolte-propria-afacere\\\/\",\"name\":\"Tineri din Alba Iulia \u0219i Sibiu vor fi \u00eenv\u0103\u021ba\u021bi cum s\u0103 \u00ee\u0219i dezvolte propria afacere - Revista Urbea Mea - Revista de Alba\",\"isPartOf\":{\"@id\":\"https:\\\/\\\/urbeamea.ro\\\/albaiulia\\\/#website\"},\"primaryImageOfPage\":{\"@id\":\"https:\\\/\\\/urbeamea.ro\\\/albaiulia\\\/tineri-din-alba-iulia-si-sibiu-vor-fi-invatati-cum-sa-isi-dezvolte-propria-afacere\\\/#primaryimage\"},\"image\":{\"@id\":\"https:\\\/\\\/urbeamea.ro\\\/albaiulia\\\/tineri-din-alba-iulia-si-sibiu-vor-fi-invatati-cum-sa-isi-dezvolte-propria-afacere\\\/#primaryimage\"},\"thumbnailUrl\":\"https:\\\/\\\/urbeamea.ro\\\/albaiulia\\\/wp-content\\\/uploads\\\/2016\\\/10\\\/Vreau-sa-fiu-antreprenor.jpg\",\"datePublished\":\"2016-10-25T13:48:01+00:00\",\"author\":{\"@id\":\"https:\\\/\\\/urbeamea.ro\\\/albaiulia\\\/#\\\/schema\\\/person\\\/cfaa27fc3da4a9a2cf2fee3650afc5d0\"},\"description\":\"VREAU S\u0102 FIU ANTREPRENOR este un eveniment la care sunt invita\u021bi s\u0103 participe to\u021bi tinerii care vor s\u0103 afle mai multe despre antreprenoriat \u0219i s\u0103 ia \u00een\",\"breadcrumb\":{\"@id\":\"https:\\\/\\\/urbeamea.ro\\\/albaiulia\\\/tineri-din-alba-iulia-si-sibiu-vor-fi-invatati-cum-sa-isi-dezvolte-propria-afacere\\\/#breadcrumb\"},\"inLanguage\":\"ro-RO\",\"potentialAction\":[{\"@type\":\"ReadAction\",\"target\":[\"https:\\\/\\\/urbeamea.ro\\\/albaiulia\\\/tineri-din-alba-iulia-si-sibiu-vor-fi-invatati-cum-sa-isi-dezvolte-propria-afacere\\\/\"]}]},{\"@type\":\"ImageObject\",\"inLanguage\":\"ro-RO\",\"@id\":\"https:\\\/\\\/urbeamea.ro\\\/albaiulia\\\/tineri-din-alba-iulia-si-sibiu-vor-fi-invatati-cum-sa-isi-dezvolte-propria-afacere\\\/#primaryimage\",\"url\":\"https:\\\/\\\/urbeamea.ro\\\/albaiulia\\\/wp-content\\\/uploads\\\/2016\\\/10\\\/Vreau-sa-fiu-antreprenor.jpg\",\"contentUrl\":\"https:\\\/\\\/urbeamea.ro\\\/albaiulia\\\/wp-content\\\/uploads\\\/2016\\\/10\\\/Vreau-sa-fiu-antreprenor.jpg\",\"width\":827,\"height\":392},{\"@type\":\"BreadcrumbList\",\"@id\":\"https:\\\/\\\/urbeamea.ro\\\/albaiulia\\\/tineri-din-alba-iulia-si-sibiu-vor-fi-invatati-cum-sa-isi-dezvolte-propria-afacere\\\/#breadcrumb\",\"itemListElement\":[{\"@type\":\"ListItem\",\"position\":1,\"name\":\"Prima pagin\u0103\",\"item\":\"https:\\\/\\\/urbeamea.ro\\\/albaiulia\\\/\"},{\"@type\":\"ListItem\",\"position\":2,\"name\":\"Tineri din Alba Iulia \u0219i Sibiu vor fi \u00eenv\u0103\u021ba\u021bi cum s\u0103 \u00ee\u0219i dezvolte propria afacere\"}]},{\"@type\":\"WebSite\",\"@id\":\"https:\\\/\\\/urbeamea.ro\\\/albaiulia\\\/#website\",\"url\":\"https:\\\/\\\/urbeamea.ro\\\/albaiulia\\\/\",\"name\":\"Revista Urbea Mea, Stiri urbane\",\"description\":\"Evenimente \u0219i \u0219tiri din Alba Iulia, Sebe\u0219, Aiud, Blaj\",\"potentialAction\":[{\"@type\":\"SearchAction\",\"target\":{\"@type\":\"EntryPoint\",\"urlTemplate\":\"https:\\\/\\\/urbeamea.ro\\\/albaiulia\\\/?s={search_term_string}\"},\"query-input\":{\"@type\":\"PropertyValueSpecification\",\"valueRequired\":true,\"valueName\":\"search_term_string\"}}],\"inLanguage\":\"ro-RO\"},{\"@type\":\"Person\",\"@id\":\"https:\\\/\\\/urbeamea.ro\\\/albaiulia\\\/#\\\/schema\\\/person\\\/cfaa27fc3da4a9a2cf2fee3650afc5d0\",\"name\":\"Adriana Avram\",\"image\":{\"@type\":\"ImageObject\",\"inLanguage\":\"ro-RO\",\"@id\":\"https:\\\/\\\/secure.gravatar.com\\\/avatar\\\/3cc61eb1584088e0099c1763903a6421c5ce6cdf45fc2d424046dc621efc21f9?s=96&d=mm&r=g\",\"url\":\"https:\\\/\\\/secure.gravatar.com\\\/avatar\\\/3cc61eb1584088e0099c1763903a6421c5ce6cdf45fc2d424046dc621efc21f9?s=96&d=mm&r=g\",\"contentUrl\":\"https:\\\/\\\/secure.gravatar.com\\\/avatar\\\/3cc61eb1584088e0099c1763903a6421c5ce6cdf45fc2d424046dc621efc21f9?s=96&d=mm&r=g\",\"caption\":\"Adriana Avram\"},\"description\":\"Jurnalist\",\"sameAs\":[\"https:\\\/\\\/www.facebook.com\\\/avram.adriana.7?fref=ts\"],\"url\":\"https:\\\/\\\/urbeamea.ro\\\/albaiulia\\\/author\\\/adriana-avram\\\/\"}]}<\/script>\n<!-- \/ Yoast SEO plugin. -->","yoast_head_json":{"title":"Tineri din Alba Iulia \u0219i Sibiu vor fi \u00eenv\u0103\u021ba\u021bi cum s\u0103 \u00ee\u0219i dezvolte propria afacere - Revista Urbea Mea - Revista de Alba","description":"VREAU S\u0102 FIU ANTREPRENOR este un eveniment la care sunt invita\u021bi s\u0103 participe to\u021bi tinerii care vor s\u0103 afle mai multe despre antreprenoriat \u0219i s\u0103 ia \u00een","robots":{"index":"index","follow":"follow","max-snippet":"max-snippet:-1","max-image-preview":"max-image-preview:large","max-video-preview":"max-video-preview:-1"},"canonical":"https:\/\/urbeamea.ro\/albaiulia\/tineri-din-alba-iulia-si-sibiu-vor-fi-invatati-cum-sa-isi-dezvolte-propria-afacere\/","twitter_card":"summary_large_image","twitter_title":"Tineri din Alba Iulia \u0219i Sibiu vor fi \u00eenv\u0103\u021ba\u021bi cum s\u0103 \u00ee\u0219i dezvolte propria afacere - Revista Urbea Mea - Revista de Alba","twitter_description":"VREAU S\u0102 FIU ANTREPRENOR este un eveniment la care sunt invita\u021bi s\u0103 participe to\u021bi tinerii care vor s\u0103 afle mai multe despre antreprenoriat \u0219i s\u0103 ia \u00een","twitter_image":"https:\/\/urbeamea.ro\/albaiulia\/wp-content\/uploads\/2016\/10\/Vreau-sa-fiu-antreprenor.jpg","twitter_creator":"@urbeameaweb","twitter_site":"@urbeameaweb","schema":{"@context":"https:\/\/schema.org","@graph":[{"@type":"Article","@id":"https:\/\/urbeamea.ro\/albaiulia\/tineri-din-alba-iulia-si-sibiu-vor-fi-invatati-cum-sa-isi-dezvolte-propria-afacere\/#article","isPartOf":{"@id":"https:\/\/urbeamea.ro\/albaiulia\/tineri-din-alba-iulia-si-sibiu-vor-fi-invatati-cum-sa-isi-dezvolte-propria-afacere\/"},"author":{"name":"Adriana Avram","@id":"https:\/\/urbeamea.ro\/albaiulia\/#\/schema\/person\/cfaa27fc3da4a9a2cf2fee3650afc5d0"},"headline":"Tineri din Alba Iulia \u0219i Sibiu vor fi \u00eenv\u0103\u021ba\u021bi cum s\u0103 \u00ee\u0219i dezvolte propria afacere","datePublished":"2016-10-25T13:48:01+00:00","mainEntityOfPage":{"@id":"https:\/\/urbeamea.ro\/albaiulia\/tineri-din-alba-iulia-si-sibiu-vor-fi-invatati-cum-sa-isi-dezvolte-propria-afacere\/"},"wordCount":383,"commentCount":0,"image":{"@id":"https:\/\/urbeamea.ro\/albaiulia\/tineri-din-alba-iulia-si-sibiu-vor-fi-invatati-cum-sa-isi-dezvolte-propria-afacere\/#primaryimage"},"thumbnailUrl":"https:\/\/urbeamea.ro\/albaiulia\/wp-content\/uploads\/2016\/10\/Vreau-sa-fiu-antreprenor.jpg","keywords":["ADR","afaceri","alba","antreprenori","business","Iulia","mentori","proiect","sibiu","tineri","Urbea Mea","work-shop"],"articleSection":["Social"],"inLanguage":"ro-RO","potentialAction":[{"@type":"CommentAction","name":"Comment","target":["https:\/\/urbeamea.ro\/albaiulia\/tineri-din-alba-iulia-si-sibiu-vor-fi-invatati-cum-sa-isi-dezvolte-propria-afacere\/#respond"]}]},{"@type":"WebPage","@id":"https:\/\/urbeamea.ro\/albaiulia\/tineri-din-alba-iulia-si-sibiu-vor-fi-invatati-cum-sa-isi-dezvolte-propria-afacere\/","url":"https:\/\/urbeamea.ro\/albaiulia\/tineri-din-alba-iulia-si-sibiu-vor-fi-invatati-cum-sa-isi-dezvolte-propria-afacere\/","name":"Tineri din Alba Iulia \u0219i Sibiu vor fi \u00eenv\u0103\u021ba\u021bi cum s\u0103 \u00ee\u0219i dezvolte propria afacere - Revista Urbea Mea - Revista de Alba","isPartOf":{"@id":"https:\/\/urbeamea.ro\/albaiulia\/#website"},"primaryImageOfPage":{"@id":"https:\/\/urbeamea.ro\/albaiulia\/tineri-din-alba-iulia-si-sibiu-vor-fi-invatati-cum-sa-isi-dezvolte-propria-afacere\/#primaryimage"},"image":{"@id":"https:\/\/urbeamea.ro\/albaiulia\/tineri-din-alba-iulia-si-sibiu-vor-fi-invatati-cum-sa-isi-dezvolte-propria-afacere\/#primaryimage"},"thumbnailUrl":"https:\/\/urbeamea.ro\/albaiulia\/wp-content\/uploads\/2016\/10\/Vreau-sa-fiu-antreprenor.jpg","datePublished":"2016-10-25T13:48:01+00:00","author":{"@id":"https:\/\/urbeamea.ro\/albaiulia\/#\/schema\/person\/cfaa27fc3da4a9a2cf2fee3650afc5d0"},"description":"VREAU S\u0102 FIU ANTREPRENOR este un eveniment la care sunt invita\u021bi s\u0103 participe to\u021bi tinerii care vor s\u0103 afle mai multe despre antreprenoriat \u0219i s\u0103 ia \u00een","breadcrumb":{"@id":"https:\/\/urbeamea.ro\/albaiulia\/tineri-din-alba-iulia-si-sibiu-vor-fi-invatati-cum-sa-isi-dezvolte-propria-afacere\/#breadcrumb"},"inLanguage":"ro-RO","potentialAction":[{"@type":"ReadAction","target":["https:\/\/urbeamea.ro\/albaiulia\/tineri-din-alba-iulia-si-sibiu-vor-fi-invatati-cum-sa-isi-dezvolte-propria-afacere\/"]}]},{"@type":"ImageObject","inLanguage":"ro-RO","@id":"https:\/\/urbeamea.ro\/albaiulia\/tineri-din-alba-iulia-si-sibiu-vor-fi-invatati-cum-sa-isi-dezvolte-propria-afacere\/#primaryimage","url":"https:\/\/urbeamea.ro\/albaiulia\/wp-content\/uploads\/2016\/10\/Vreau-sa-fiu-antreprenor.jpg","contentUrl":"https:\/\/urbeamea.ro\/albaiulia\/wp-content\/uploads\/2016\/10\/Vreau-sa-fiu-antreprenor.jpg","width":827,"height":392},{"@type":"BreadcrumbList","@id":"https:\/\/urbeamea.ro\/albaiulia\/tineri-din-alba-iulia-si-sibiu-vor-fi-invatati-cum-sa-isi-dezvolte-propria-afacere\/#breadcrumb","itemListElement":[{"@type":"ListItem","position":1,"name":"Prima pagin\u0103","item":"https:\/\/urbeamea.ro\/albaiulia\/"},{"@type":"ListItem","position":2,"name":"Tineri din Alba Iulia \u0219i Sibiu vor fi \u00eenv\u0103\u021ba\u021bi cum s\u0103 \u00ee\u0219i dezvolte propria afacere"}]},{"@type":"WebSite","@id":"https:\/\/urbeamea.ro\/albaiulia\/#website","url":"https:\/\/urbeamea.ro\/albaiulia\/","name":"Revista Urbea Mea, Stiri urbane","description":"Evenimente \u0219i \u0219tiri din Alba Iulia, Sebe\u0219, Aiud, Blaj","potentialAction":[{"@type":"SearchAction","target":{"@type":"EntryPoint","urlTemplate":"https:\/\/urbeamea.ro\/albaiulia\/?s={search_term_string}"},"query-input":{"@type":"PropertyValueSpecification","valueRequired":true,"valueName":"search_term_string"}}],"inLanguage":"ro-RO"},{"@type":"Person","@id":"https:\/\/urbeamea.ro\/albaiulia\/#\/schema\/person\/cfaa27fc3da4a9a2cf2fee3650afc5d0","name":"Adriana Avram","image":{"@type":"ImageObject","inLanguage":"ro-RO","@id":"https:\/\/secure.gravatar.com\/avatar\/3cc61eb1584088e0099c1763903a6421c5ce6cdf45fc2d424046dc621efc21f9?s=96&d=mm&r=g","url":"https:\/\/secure.gravatar.com\/avatar\/3cc61eb1584088e0099c1763903a6421c5ce6cdf45fc2d424046dc621efc21f9?s=96&d=mm&r=g","contentUrl":"https:\/\/secure.gravatar.com\/avatar\/3cc61eb1584088e0099c1763903a6421c5ce6cdf45fc2d424046dc621efc21f9?s=96&d=mm&r=g","caption":"Adriana Avram"},"description":"Jurnalist","sameAs":["https:\/\/www.facebook.com\/avram.adriana.7?fref=ts"],"url":"https:\/\/urbeamea.ro\/albaiulia\/author\/adriana-avram\/"}]}},"_links":{"self":[{"href":"https:\/\/urbeamea.ro\/albaiulia\/wp-json\/wp\/v2\/posts\/34004","targetHints":{"allow":["GET"]}}],"collection":[{"href":"https:\/\/urbeamea.ro\/albaiulia\/wp-json\/wp\/v2\/posts"}],"about":[{"href":"https:\/\/urbeamea.ro\/albaiulia\/wp-json\/wp\/v2\/types\/post"}],"author":[{"embeddable":true,"href":"https:\/\/urbeamea.ro\/albaiulia\/wp-json\/wp\/v2\/users\/20"}],"replies":[{"embeddable":true,"href":"https:\/\/urbeamea.ro\/albaiulia\/wp-json\/wp\/v2\/comments?post=34004"}],"version-history":[{"count":0,"href":"https:\/\/urbeamea.ro\/albaiulia\/wp-json\/wp\/v2\/posts\/34004\/revisions"}],"wp:featuredmedia":[{"embeddable":true,"href":"https:\/\/urbeamea.ro\/albaiulia\/wp-json\/wp\/v2\/media\/34005"}],"wp:attachment":[{"href":"https:\/\/urbeamea.ro\/albaiulia\/wp-json\/wp\/v2\/media?parent=34004"}],"wp:term":[{"taxonomy":"category","embeddable":true,"href":"https:\/\/urbeamea.ro\/albaiulia\/wp-json\/wp\/v2\/categories?post=34004"},{"taxonomy":"post_tag","embeddable":true,"href":"https:\/\/urbeamea.ro\/albaiulia\/wp-json\/wp\/v2\/tags?post=34004"}],"curies":[{"name":"wp","href":"https:\/\/api.w.org\/{rel}","templated":true}]}}