{"id":34011,"date":"2016-10-26T10:41:57","date_gmt":"2016-10-26T07:41:57","guid":{"rendered":"http:\/\/urbeamea.ro\/albaiulia\/?p=34011"},"modified":"2016-10-26T10:42:55","modified_gmt":"2016-10-26T07:42:55","slug":"incendiu-in-comuna-unirea-o-anexa-gospodareasca-a-fost-cuprinsa-de-flacari","status":"publish","type":"post","link":"https:\/\/urbeamea.ro\/albaiulia\/incendiu-in-comuna-unirea-o-anexa-gospodareasca-a-fost-cuprinsa-de-flacari\/","title":{"rendered":"Incendiu \u00een comuna Unirea: O anex\u0103 gospod\u0103reasc\u0103 a fost cuprins\u0103 de fl\u0103c\u0103ri"},"content":{"rendered":"<p><strong><img loading=\"lazy\" decoding=\"async\" class=\"size-medium wp-image-18788 alignleft\" src=\"http:\/\/urbeamea.ro\/albaiulia\/wp-content\/uploads\/2016\/02\/DSC_0011-8-300x200.jpg\" alt=\"pompieri\" width=\"300\" height=\"200\" \/>Pompierii di Aiud au fost solicita\u021bi s\u0103 intervin\u0103 mar\u021bi seara, la un incendiu izbucnit \u00een localitatea Unirea la o anex\u0103 gospod\u0103reasc\u0103. Potrivit ISU Alba incendiul a fost izolat.\u00a0<\/strong><\/p>\n<p>Deta<span lang=\"ro-RO\">\u0219<\/span>amentul de pompieri Aiud a intervenit ieri, la ora 19.56, \u00een loc. Unirea, pentru stingerea unui incendiu izbucnit la o anex\u0103 gospod\u0103reasc\u0103 (atelier), proprietatea lui F.V.<\/p>\n<p>Pompierii militari au intervenit cu dou\u0103 autospeciale de interven\u021bie \u0219i o ambulan\u021b\u0103 SMURD, \u00een cooperare cu Serviciul Voluntar pentru Situa\u021bii de Urgen\u021b\u0103 Unirea. Ca urmare a acestui incendiu, au ars anexa gospod\u0103reasc\u0103, terasa atelierului<span lang=\"ro-RO\"> confec\u021bionat\u0103 din lemn<\/span> par<span lang=\"ro-RO\">\u021bial,<\/span>utilaje (aparatur\u0103) de prelucrare a lemnului \u0219i metalului \u0219i s-au degradat instala\u021bia electric\u0103, tencuiala \u0219i s-au spart geamurile.<\/p>\n<p>Din cauza radia\u021biei termice a fost afectat\u0103 izola\u021bia termic\u0103 a unui perete pe o suprafa\u021b\u0103 de aproximativ 20 mp a casei vecinului. Cauza probabil\u0103 a acestui incendiu o reprezint\u0103 un co\u0219 de fum necur\u0103\u021bat de funingine.<\/p>\n<p>Inspectoratul pentru Situa\u0163ii de Urgen\u0163\u0103 \u201cUnirea\u201d al jude\u0163ului Alba reaminte\u015fte cet\u0103\u0163enilor unele m\u0103suri pentru aceast\u0103 perioad\u0103, \u015fi anume:<\/p>\n<ul>\n<li>Verificarea, repararea, izolarea termica si curatarea periodica a cosurilor de evacuare a fumului sunt obligatorii;<\/li>\n<\/ul>\n<p>\u2022 Cosurile de fum trebuie curatate periodic pentru eliminarea depunerilor de funingine care se pot aprinde sau pot obtura canalele de evacuare;<\/p>\n<p>\u2022 Cosurile de fum trebuie izolate termic fata de elementele combustibile ale planseului sau acoperisului (grinzi, astereala de lemn si altele asemenea)<\/p>\n<p>Echipajele SMURD ale Inspectoratului pentru Situa\u021bii de Urgen\u021b\u0103 \u201cUnirea\u201d al jude\u021bului Alba au intervenit \u00een data de 25.10.2016, la 10 solicit\u0103ri medicale.<\/p>\n","protected":false},"excerpt":{"rendered":"<p>Pompierii di Aiud au fost solicita\u021bi s\u0103 intervin\u0103 mar\u021bi seara, la un incendiu izbucnit \u00een localitatea Unirea la o anex\u0103 gospod\u0103reasc\u0103. Potrivit ISU Alba incendiul a fost izolat.\u00a0 Deta\u0219amentul de pompieri Aiud a intervenit ieri, la ora 19.56, \u00een loc. Unirea, pentru stingerea unui incendiu izbucnit la o anex\u0103 gospod\u0103reasc\u0103 (atelier), proprietatea lui F.V. Pompierii &hellip;<\/p>\n","protected":false},"author":17,"featured_media":18788,"comment_status":"open","ping_status":"open","sticky":false,"template":"","format":"standard","meta":{"inline_featured_image":false,"footnotes":""},"categories":[2034],"tags":[385,307,3189,419,2732,312,6945,308,2686,76],"class_list":["post-34011","post","type-post","status-publish","format-standard","has-post-thumbnail","hentry","category-social","tag-aiud","tag-alba","tag-anexa-gospodareasca","tag-atelier","tag-incendiu","tag-pompieri","tag-stingere","tag-stiri","tag-unirea","tag-urbea-mea"],"yoast_head":"<!-- This site is optimized with the Yoast SEO plugin v27.4 - https:\/\/yoast.com\/product\/yoast-seo-wordpress\/ -->\n<title>Incendiu \u00een comuna Unirea: O anex\u0103 gospod\u0103reasc\u0103 a fost cuprins\u0103 de fl\u0103c\u0103ri - Revista Urbea Mea - Revista de Alba<\/title>\n<meta name=\"description\" content=\"Pompierii di Aiud au fost solicita\u021bi s\u0103 intervin\u0103 mar\u021bi seara, la un incendiu izbucnit \u00een localitatea Unirea la o anex\u0103 gospod\u0103reasc\u0103. Potrivit ISU Alba\" \/>\n<meta name=\"robots\" content=\"index, follow, max-snippet:-1, max-image-preview:large, max-video-preview:-1\" \/>\n<link rel=\"canonical\" href=\"https:\/\/urbeamea.ro\/albaiulia\/incendiu-in-comuna-unirea-o-anexa-gospodareasca-a-fost-cuprinsa-de-flacari\/\" \/>\n<meta name=\"twitter:card\" content=\"summary_large_image\" \/>\n<meta name=\"twitter:title\" content=\"Incendiu \u00een comuna Unirea: O anex\u0103 gospod\u0103reasc\u0103 a fost cuprins\u0103 de fl\u0103c\u0103ri - Revista Urbea Mea - Revista de Alba\" \/>\n<meta name=\"twitter:description\" content=\"Pompierii di Aiud au fost solicita\u021bi s\u0103 intervin\u0103 mar\u021bi seara, la un incendiu izbucnit \u00een localitatea Unirea la o anex\u0103 gospod\u0103reasc\u0103. Potrivit ISU Alba\" \/>\n<meta name=\"twitter:image\" content=\"https:\/\/urbeamea.ro\/albaiulia\/wp-content\/uploads\/2016\/02\/DSC_0011-8.jpg\" \/>\n<meta name=\"twitter:creator\" content=\"@urbeameaweb\" \/>\n<meta name=\"twitter:site\" content=\"@urbeameaweb\" \/>\n<script type=\"application\/ld+json\" class=\"yoast-schema-graph\">{\"@context\":\"https:\\\/\\\/schema.org\",\"@graph\":[{\"@type\":\"Article\",\"@id\":\"https:\\\/\\\/urbeamea.ro\\\/albaiulia\\\/incendiu-in-comuna-unirea-o-anexa-gospodareasca-a-fost-cuprinsa-de-flacari\\\/#article\",\"isPartOf\":{\"@id\":\"https:\\\/\\\/urbeamea.ro\\\/albaiulia\\\/incendiu-in-comuna-unirea-o-anexa-gospodareasca-a-fost-cuprinsa-de-flacari\\\/\"},\"author\":{\"name\":\"Cristina Ganga\",\"@id\":\"https:\\\/\\\/urbeamea.ro\\\/albaiulia\\\/#\\\/schema\\\/person\\\/9700d21fae21c4f038b0b56f4506264a\"},\"headline\":\"Incendiu \u00een comuna Unirea: O anex\u0103 gospod\u0103reasc\u0103 a fost cuprins\u0103 de fl\u0103c\u0103ri\",\"datePublished\":\"2016-10-26T07:41:57+00:00\",\"dateModified\":\"2016-10-26T07:42:55+00:00\",\"mainEntityOfPage\":{\"@id\":\"https:\\\/\\\/urbeamea.ro\\\/albaiulia\\\/incendiu-in-comuna-unirea-o-anexa-gospodareasca-a-fost-cuprinsa-de-flacari\\\/\"},\"wordCount\":277,\"commentCount\":0,\"image\":{\"@id\":\"https:\\\/\\\/urbeamea.ro\\\/albaiulia\\\/incendiu-in-comuna-unirea-o-anexa-gospodareasca-a-fost-cuprinsa-de-flacari\\\/#primaryimage\"},\"thumbnailUrl\":\"https:\\\/\\\/urbeamea.ro\\\/albaiulia\\\/wp-content\\\/uploads\\\/2016\\\/02\\\/DSC_0011-8.jpg\",\"keywords\":[\"aiud\",\"alba\",\"anexa gospodareasca\",\"atelier\",\"incendiu\",\"pompieri\",\"stingere\",\"stiri\",\"unirea\",\"Urbea Mea\"],\"articleSection\":[\"Social\"],\"inLanguage\":\"ro-RO\",\"potentialAction\":[{\"@type\":\"CommentAction\",\"name\":\"Comment\",\"target\":[\"https:\\\/\\\/urbeamea.ro\\\/albaiulia\\\/incendiu-in-comuna-unirea-o-anexa-gospodareasca-a-fost-cuprinsa-de-flacari\\\/#respond\"]}]},{\"@type\":\"WebPage\",\"@id\":\"https:\\\/\\\/urbeamea.ro\\\/albaiulia\\\/incendiu-in-comuna-unirea-o-anexa-gospodareasca-a-fost-cuprinsa-de-flacari\\\/\",\"url\":\"https:\\\/\\\/urbeamea.ro\\\/albaiulia\\\/incendiu-in-comuna-unirea-o-anexa-gospodareasca-a-fost-cuprinsa-de-flacari\\\/\",\"name\":\"Incendiu \u00een comuna Unirea: O anex\u0103 gospod\u0103reasc\u0103 a fost cuprins\u0103 de fl\u0103c\u0103ri - Revista Urbea Mea - Revista de Alba\",\"isPartOf\":{\"@id\":\"https:\\\/\\\/urbeamea.ro\\\/albaiulia\\\/#website\"},\"primaryImageOfPage\":{\"@id\":\"https:\\\/\\\/urbeamea.ro\\\/albaiulia\\\/incendiu-in-comuna-unirea-o-anexa-gospodareasca-a-fost-cuprinsa-de-flacari\\\/#primaryimage\"},\"image\":{\"@id\":\"https:\\\/\\\/urbeamea.ro\\\/albaiulia\\\/incendiu-in-comuna-unirea-o-anexa-gospodareasca-a-fost-cuprinsa-de-flacari\\\/#primaryimage\"},\"thumbnailUrl\":\"https:\\\/\\\/urbeamea.ro\\\/albaiulia\\\/wp-content\\\/uploads\\\/2016\\\/02\\\/DSC_0011-8.jpg\",\"datePublished\":\"2016-10-26T07:41:57+00:00\",\"dateModified\":\"2016-10-26T07:42:55+00:00\",\"author\":{\"@id\":\"https:\\\/\\\/urbeamea.ro\\\/albaiulia\\\/#\\\/schema\\\/person\\\/9700d21fae21c4f038b0b56f4506264a\"},\"description\":\"Pompierii di Aiud au fost solicita\u021bi s\u0103 intervin\u0103 mar\u021bi seara, la un incendiu izbucnit \u00een localitatea Unirea la o anex\u0103 gospod\u0103reasc\u0103. Potrivit ISU Alba\",\"breadcrumb\":{\"@id\":\"https:\\\/\\\/urbeamea.ro\\\/albaiulia\\\/incendiu-in-comuna-unirea-o-anexa-gospodareasca-a-fost-cuprinsa-de-flacari\\\/#breadcrumb\"},\"inLanguage\":\"ro-RO\",\"potentialAction\":[{\"@type\":\"ReadAction\",\"target\":[\"https:\\\/\\\/urbeamea.ro\\\/albaiulia\\\/incendiu-in-comuna-unirea-o-anexa-gospodareasca-a-fost-cuprinsa-de-flacari\\\/\"]}]},{\"@type\":\"ImageObject\",\"inLanguage\":\"ro-RO\",\"@id\":\"https:\\\/\\\/urbeamea.ro\\\/albaiulia\\\/incendiu-in-comuna-unirea-o-anexa-gospodareasca-a-fost-cuprinsa-de-flacari\\\/#primaryimage\",\"url\":\"https:\\\/\\\/urbeamea.ro\\\/albaiulia\\\/wp-content\\\/uploads\\\/2016\\\/02\\\/DSC_0011-8.jpg\",\"contentUrl\":\"https:\\\/\\\/urbeamea.ro\\\/albaiulia\\\/wp-content\\\/uploads\\\/2016\\\/02\\\/DSC_0011-8.jpg\",\"width\":1280,\"height\":853},{\"@type\":\"BreadcrumbList\",\"@id\":\"https:\\\/\\\/urbeamea.ro\\\/albaiulia\\\/incendiu-in-comuna-unirea-o-anexa-gospodareasca-a-fost-cuprinsa-de-flacari\\\/#breadcrumb\",\"itemListElement\":[{\"@type\":\"ListItem\",\"position\":1,\"name\":\"Prima pagin\u0103\",\"item\":\"https:\\\/\\\/urbeamea.ro\\\/albaiulia\\\/\"},{\"@type\":\"ListItem\",\"position\":2,\"name\":\"Incendiu \u00een comuna Unirea: O anex\u0103 gospod\u0103reasc\u0103 a fost cuprins\u0103 de fl\u0103c\u0103ri\"}]},{\"@type\":\"WebSite\",\"@id\":\"https:\\\/\\\/urbeamea.ro\\\/albaiulia\\\/#website\",\"url\":\"https:\\\/\\\/urbeamea.ro\\\/albaiulia\\\/\",\"name\":\"Revista Urbea Mea, Stiri urbane\",\"description\":\"Evenimente \u0219i \u0219tiri din Alba Iulia, Sebe\u0219, Aiud, Blaj\",\"potentialAction\":[{\"@type\":\"SearchAction\",\"target\":{\"@type\":\"EntryPoint\",\"urlTemplate\":\"https:\\\/\\\/urbeamea.ro\\\/albaiulia\\\/?s={search_term_string}\"},\"query-input\":{\"@type\":\"PropertyValueSpecification\",\"valueRequired\":true,\"valueName\":\"search_term_string\"}}],\"inLanguage\":\"ro-RO\"},{\"@type\":\"Person\",\"@id\":\"https:\\\/\\\/urbeamea.ro\\\/albaiulia\\\/#\\\/schema\\\/person\\\/9700d21fae21c4f038b0b56f4506264a\",\"name\":\"Cristina Ganga\",\"image\":{\"@type\":\"ImageObject\",\"inLanguage\":\"ro-RO\",\"@id\":\"https:\\\/\\\/secure.gravatar.com\\\/avatar\\\/5a67661041f057b4a8ccaf26f5a8e86e2689372006d01faf3dd9eeb10b654bb4?s=96&d=mm&r=g\",\"url\":\"https:\\\/\\\/secure.gravatar.com\\\/avatar\\\/5a67661041f057b4a8ccaf26f5a8e86e2689372006d01faf3dd9eeb10b654bb4?s=96&d=mm&r=g\",\"contentUrl\":\"https:\\\/\\\/secure.gravatar.com\\\/avatar\\\/5a67661041f057b4a8ccaf26f5a8e86e2689372006d01faf3dd9eeb10b654bb4?s=96&d=mm&r=g\",\"caption\":\"Cristina Ganga\"},\"description\":\"Jurnalist\",\"sameAs\":[\"https:\\\/\\\/www.facebook.com\\\/cristina.nicola.587\"],\"url\":\"https:\\\/\\\/urbeamea.ro\\\/albaiulia\\\/author\\\/cristina-nicola\\\/\"}]}<\/script>\n<!-- \/ Yoast SEO plugin. -->","yoast_head_json":{"title":"Incendiu \u00een comuna Unirea: O anex\u0103 gospod\u0103reasc\u0103 a fost cuprins\u0103 de fl\u0103c\u0103ri - Revista Urbea Mea - Revista de Alba","description":"Pompierii di Aiud au fost solicita\u021bi s\u0103 intervin\u0103 mar\u021bi seara, la un incendiu izbucnit \u00een localitatea Unirea la o anex\u0103 gospod\u0103reasc\u0103. Potrivit ISU Alba","robots":{"index":"index","follow":"follow","max-snippet":"max-snippet:-1","max-image-preview":"max-image-preview:large","max-video-preview":"max-video-preview:-1"},"canonical":"https:\/\/urbeamea.ro\/albaiulia\/incendiu-in-comuna-unirea-o-anexa-gospodareasca-a-fost-cuprinsa-de-flacari\/","twitter_card":"summary_large_image","twitter_title":"Incendiu \u00een comuna Unirea: O anex\u0103 gospod\u0103reasc\u0103 a fost cuprins\u0103 de fl\u0103c\u0103ri - Revista Urbea Mea - Revista de Alba","twitter_description":"Pompierii di Aiud au fost solicita\u021bi s\u0103 intervin\u0103 mar\u021bi seara, la un incendiu izbucnit \u00een localitatea Unirea la o anex\u0103 gospod\u0103reasc\u0103. Potrivit ISU Alba","twitter_image":"https:\/\/urbeamea.ro\/albaiulia\/wp-content\/uploads\/2016\/02\/DSC_0011-8.jpg","twitter_creator":"@urbeameaweb","twitter_site":"@urbeameaweb","schema":{"@context":"https:\/\/schema.org","@graph":[{"@type":"Article","@id":"https:\/\/urbeamea.ro\/albaiulia\/incendiu-in-comuna-unirea-o-anexa-gospodareasca-a-fost-cuprinsa-de-flacari\/#article","isPartOf":{"@id":"https:\/\/urbeamea.ro\/albaiulia\/incendiu-in-comuna-unirea-o-anexa-gospodareasca-a-fost-cuprinsa-de-flacari\/"},"author":{"name":"Cristina Ganga","@id":"https:\/\/urbeamea.ro\/albaiulia\/#\/schema\/person\/9700d21fae21c4f038b0b56f4506264a"},"headline":"Incendiu \u00een comuna Unirea: O anex\u0103 gospod\u0103reasc\u0103 a fost cuprins\u0103 de fl\u0103c\u0103ri","datePublished":"2016-10-26T07:41:57+00:00","dateModified":"2016-10-26T07:42:55+00:00","mainEntityOfPage":{"@id":"https:\/\/urbeamea.ro\/albaiulia\/incendiu-in-comuna-unirea-o-anexa-gospodareasca-a-fost-cuprinsa-de-flacari\/"},"wordCount":277,"commentCount":0,"image":{"@id":"https:\/\/urbeamea.ro\/albaiulia\/incendiu-in-comuna-unirea-o-anexa-gospodareasca-a-fost-cuprinsa-de-flacari\/#primaryimage"},"thumbnailUrl":"https:\/\/urbeamea.ro\/albaiulia\/wp-content\/uploads\/2016\/02\/DSC_0011-8.jpg","keywords":["aiud","alba","anexa gospodareasca","atelier","incendiu","pompieri","stingere","stiri","unirea","Urbea Mea"],"articleSection":["Social"],"inLanguage":"ro-RO","potentialAction":[{"@type":"CommentAction","name":"Comment","target":["https:\/\/urbeamea.ro\/albaiulia\/incendiu-in-comuna-unirea-o-anexa-gospodareasca-a-fost-cuprinsa-de-flacari\/#respond"]}]},{"@type":"WebPage","@id":"https:\/\/urbeamea.ro\/albaiulia\/incendiu-in-comuna-unirea-o-anexa-gospodareasca-a-fost-cuprinsa-de-flacari\/","url":"https:\/\/urbeamea.ro\/albaiulia\/incendiu-in-comuna-unirea-o-anexa-gospodareasca-a-fost-cuprinsa-de-flacari\/","name":"Incendiu \u00een comuna Unirea: O anex\u0103 gospod\u0103reasc\u0103 a fost cuprins\u0103 de fl\u0103c\u0103ri - Revista Urbea Mea - Revista de Alba","isPartOf":{"@id":"https:\/\/urbeamea.ro\/albaiulia\/#website"},"primaryImageOfPage":{"@id":"https:\/\/urbeamea.ro\/albaiulia\/incendiu-in-comuna-unirea-o-anexa-gospodareasca-a-fost-cuprinsa-de-flacari\/#primaryimage"},"image":{"@id":"https:\/\/urbeamea.ro\/albaiulia\/incendiu-in-comuna-unirea-o-anexa-gospodareasca-a-fost-cuprinsa-de-flacari\/#primaryimage"},"thumbnailUrl":"https:\/\/urbeamea.ro\/albaiulia\/wp-content\/uploads\/2016\/02\/DSC_0011-8.jpg","datePublished":"2016-10-26T07:41:57+00:00","dateModified":"2016-10-26T07:42:55+00:00","author":{"@id":"https:\/\/urbeamea.ro\/albaiulia\/#\/schema\/person\/9700d21fae21c4f038b0b56f4506264a"},"description":"Pompierii di Aiud au fost solicita\u021bi s\u0103 intervin\u0103 mar\u021bi seara, la un incendiu izbucnit \u00een localitatea Unirea la o anex\u0103 gospod\u0103reasc\u0103. Potrivit ISU Alba","breadcrumb":{"@id":"https:\/\/urbeamea.ro\/albaiulia\/incendiu-in-comuna-unirea-o-anexa-gospodareasca-a-fost-cuprinsa-de-flacari\/#breadcrumb"},"inLanguage":"ro-RO","potentialAction":[{"@type":"ReadAction","target":["https:\/\/urbeamea.ro\/albaiulia\/incendiu-in-comuna-unirea-o-anexa-gospodareasca-a-fost-cuprinsa-de-flacari\/"]}]},{"@type":"ImageObject","inLanguage":"ro-RO","@id":"https:\/\/urbeamea.ro\/albaiulia\/incendiu-in-comuna-unirea-o-anexa-gospodareasca-a-fost-cuprinsa-de-flacari\/#primaryimage","url":"https:\/\/urbeamea.ro\/albaiulia\/wp-content\/uploads\/2016\/02\/DSC_0011-8.jpg","contentUrl":"https:\/\/urbeamea.ro\/albaiulia\/wp-content\/uploads\/2016\/02\/DSC_0011-8.jpg","width":1280,"height":853},{"@type":"BreadcrumbList","@id":"https:\/\/urbeamea.ro\/albaiulia\/incendiu-in-comuna-unirea-o-anexa-gospodareasca-a-fost-cuprinsa-de-flacari\/#breadcrumb","itemListElement":[{"@type":"ListItem","position":1,"name":"Prima pagin\u0103","item":"https:\/\/urbeamea.ro\/albaiulia\/"},{"@type":"ListItem","position":2,"name":"Incendiu \u00een comuna Unirea: O anex\u0103 gospod\u0103reasc\u0103 a fost cuprins\u0103 de fl\u0103c\u0103ri"}]},{"@type":"WebSite","@id":"https:\/\/urbeamea.ro\/albaiulia\/#website","url":"https:\/\/urbeamea.ro\/albaiulia\/","name":"Revista Urbea Mea, Stiri urbane","description":"Evenimente \u0219i \u0219tiri din Alba Iulia, Sebe\u0219, Aiud, Blaj","potentialAction":[{"@type":"SearchAction","target":{"@type":"EntryPoint","urlTemplate":"https:\/\/urbeamea.ro\/albaiulia\/?s={search_term_string}"},"query-input":{"@type":"PropertyValueSpecification","valueRequired":true,"valueName":"search_term_string"}}],"inLanguage":"ro-RO"},{"@type":"Person","@id":"https:\/\/urbeamea.ro\/albaiulia\/#\/schema\/person\/9700d21fae21c4f038b0b56f4506264a","name":"Cristina Ganga","image":{"@type":"ImageObject","inLanguage":"ro-RO","@id":"https:\/\/secure.gravatar.com\/avatar\/5a67661041f057b4a8ccaf26f5a8e86e2689372006d01faf3dd9eeb10b654bb4?s=96&d=mm&r=g","url":"https:\/\/secure.gravatar.com\/avatar\/5a67661041f057b4a8ccaf26f5a8e86e2689372006d01faf3dd9eeb10b654bb4?s=96&d=mm&r=g","contentUrl":"https:\/\/secure.gravatar.com\/avatar\/5a67661041f057b4a8ccaf26f5a8e86e2689372006d01faf3dd9eeb10b654bb4?s=96&d=mm&r=g","caption":"Cristina Ganga"},"description":"Jurnalist","sameAs":["https:\/\/www.facebook.com\/cristina.nicola.587"],"url":"https:\/\/urbeamea.ro\/albaiulia\/author\/cristina-nicola\/"}]}},"_links":{"self":[{"href":"https:\/\/urbeamea.ro\/albaiulia\/wp-json\/wp\/v2\/posts\/34011","targetHints":{"allow":["GET"]}}],"collection":[{"href":"https:\/\/urbeamea.ro\/albaiulia\/wp-json\/wp\/v2\/posts"}],"about":[{"href":"https:\/\/urbeamea.ro\/albaiulia\/wp-json\/wp\/v2\/types\/post"}],"author":[{"embeddable":true,"href":"https:\/\/urbeamea.ro\/albaiulia\/wp-json\/wp\/v2\/users\/17"}],"replies":[{"embeddable":true,"href":"https:\/\/urbeamea.ro\/albaiulia\/wp-json\/wp\/v2\/comments?post=34011"}],"version-history":[{"count":0,"href":"https:\/\/urbeamea.ro\/albaiulia\/wp-json\/wp\/v2\/posts\/34011\/revisions"}],"wp:featuredmedia":[{"embeddable":true,"href":"https:\/\/urbeamea.ro\/albaiulia\/wp-json\/wp\/v2\/media\/18788"}],"wp:attachment":[{"href":"https:\/\/urbeamea.ro\/albaiulia\/wp-json\/wp\/v2\/media?parent=34011"}],"wp:term":[{"taxonomy":"category","embeddable":true,"href":"https:\/\/urbeamea.ro\/albaiulia\/wp-json\/wp\/v2\/categories?post=34011"},{"taxonomy":"post_tag","embeddable":true,"href":"https:\/\/urbeamea.ro\/albaiulia\/wp-json\/wp\/v2\/tags?post=34011"}],"curies":[{"name":"wp","href":"https:\/\/api.w.org\/{rel}","templated":true}]}}