{"id":34015,"date":"2016-10-26T10:51:08","date_gmt":"2016-10-26T07:51:08","guid":{"rendered":"http:\/\/urbeamea.ro\/albaiulia\/?p=34015"},"modified":"2016-10-26T10:51:08","modified_gmt":"2016-10-26T07:51:08","slug":"joi-exercitiu-de-interventie-la-zlatna-in-cazul-unui-accident-rutier","status":"publish","type":"post","link":"https:\/\/urbeamea.ro\/albaiulia\/joi-exercitiu-de-interventie-la-zlatna-in-cazul-unui-accident-rutier\/","title":{"rendered":"JOI: Exerci\u021biu de interven\u021bie la Zlatna, \u00een cazul unui accident rutier"},"content":{"rendered":"<p><strong><span lang=\"ro-RO\"><img loading=\"lazy\" decoding=\"async\" class=\"size-medium wp-image-30547 alignleft\" src=\"http:\/\/urbeamea.ro\/albaiulia\/wp-content\/uploads\/2016\/08\/14102142_1164430476952749_4326082876828359834_n-300x200.jpg\" alt=\"pompieri\" width=\"300\" height=\"200\" \/>\u00cen baza Planului de preg\u0103tire \u00een domeniul situa\u0163iilor de urgen\u0163\u0103 pe anul 2016,<\/span><span lang=\"it-IT\"> joi, 27 octombrie, \u00eencep\u00e2nd cu ora 11.00, <\/span><span lang=\"ro-RO\">\u00een ora\u0219ul Zlatna va avea loc un exerci\u021biu<\/span><span lang=\"ro-RO\"> cu for\u0163e \u015fi mijloace \u00een teren pentru gestionarea unei situa\u021bii de urgen\u021b\u0103 generate de accident grav pe c\u0103i de comunica\u021bii.<\/span><\/strong><\/p>\n<p>Scopul exerci\u021biului este de a verifica viabilitatea planurilor de interven\u021bie, de urgen\u021b\u0103 intern\u0103 \u0219i extern\u0103, cooperarea interinstitu\u021bional\u0103, asigurarea fluxului informa\u021bional \u0219i deprinderea procedurilor de interven\u021bie.<\/p>\n<p><span lang=\"fr-FR\">\u00cen scenariul exerci\u0163iului, pentru \u00eendeplinirea obiectivelor propuse, s-a prev\u0103zut gestionarea unei situa\u0163ii de urgen\u0163\u0103: pe fondul efectu\u0103rii unor lucr\u0103ri de repara\u021bii la DN 74 \u00een ora\u0219ul Zlatna, traficul este \u00eengreunat, fapt ce duce la producerea unui accident rutier \u00een care sunt implicate un autoturism \u0219i o autocistern\u0103 ce transport\u0103 o substan\u021b\u0103 care se scurge \u0219i are un miros \u00een\u021bep\u0103tor \u2013 \u00een autoturism sunt trei victime, iar \u00een autocistern\u0103 este \u0219oferul.<\/span><\/p>\n<p><span lang=\"it-IT\">Pentru gestionarea situa\u021biilor de urgen\u021b\u0103, vor participa la exerci\u021biu urm\u0103toarele for\u021be:<\/span><\/p>\n<ul>\n<li><span lang=\"it-IT\">Reprezentan\u021bi ai Comitetului Jude\u0163ean pentru Situa\u0163ii de Urgen\u0163\u0103 Alba;<\/span><\/li>\n<li>Inspectoratul pentru Situa\u0163ii de Urgen\u0163\u0103 \u201eUnirea\u201d al jude\u0163ului Alba;<\/li>\n<li><span lang=\"fr-FR\">Comitetul Local pentru Situa\u0163ii de Urgen\u0163\u0103 \u015fi Serviciul Voluntar pentru Situa\u0163ii de Urgen\u0163\u0103 Zlatna;<\/span><\/li>\n<li><span lang=\"fr-FR\">Inspectoratul de Poli\u021bie al Jude\u021bului Alba;<\/span><\/li>\n<li><span lang=\"fr-FR\">Inspectoratul Jude\u021bean de Jandarmi Alba;<\/span><\/li>\n<li><span lang=\"fr-FR\">Serviciul de Ambulan\u021b\u0103 Jude\u021bean Alba;<\/span><\/li>\n<li>Unitatea de Primiri Urgen\u021be a Spitalului Jude\u021bean de Urgen\u021b\u0103 Alba\u00a0;<\/li>\n<li><span lang=\"fr-FR\">Reprezentan\u021bii furnizorilor de utilit\u0103\u021bi publice.<\/span><\/li>\n<\/ul>\n<p><em>foto: arhiv\u0103<\/em><\/p>\n","protected":false},"excerpt":{"rendered":"<p>\u00cen baza Planului de preg\u0103tire \u00een domeniul situa\u0163iilor de urgen\u0163\u0103 pe anul 2016, joi, 27 octombrie, \u00eencep\u00e2nd cu ora 11.00, \u00een ora\u0219ul Zlatna va avea loc un exerci\u021biu cu for\u0163e \u015fi mijloace \u00een teren pentru gestionarea unei situa\u021bii de urgen\u021b\u0103 generate de accident grav pe c\u0103i de comunica\u021bii. Scopul exerci\u021biului este de a verifica viabilitatea &hellip;<\/p>\n","protected":false},"author":17,"featured_media":30547,"comment_status":"open","ping_status":"open","sticky":false,"template":"","format":"standard","meta":{"inline_featured_image":false,"footnotes":""},"categories":[2034],"tags":[8226,307,8227,8224,8225,308,76,1274],"class_list":["post-34015","post","type-post","status-publish","format-standard","has-post-thumbnail","hentry","category-social","tag-accident-grav","tag-alba","tag-cai-de-comunicatii","tag-exercitiu-in-teren","tag-situatie-de-urgenta","tag-stiri","tag-urbea-mea","tag-zlatna"],"yoast_head":"<!-- This site is optimized with the Yoast SEO plugin v27.4 - https:\/\/yoast.com\/product\/yoast-seo-wordpress\/ -->\n<title>JOI: Exerci\u021biu de interven\u021bie la Zlatna, \u00een cazul unui accident rutier - Revista Urbea Mea - Revista de Alba<\/title>\n<meta name=\"description\" content=\"\u00cen baza Planului de preg\u0103tire \u00een domeniul situa\u0163iilor de urgen\u0163\u0103 pe anul 2016, joi, 27 octombrie, \u00eencep\u00e2nd cu ora 11.00, \u00een ora\u0219ul Zlatna va avea loc un\" \/>\n<meta name=\"robots\" content=\"index, follow, max-snippet:-1, max-image-preview:large, max-video-preview:-1\" \/>\n<link rel=\"canonical\" href=\"https:\/\/urbeamea.ro\/albaiulia\/joi-exercitiu-de-interventie-la-zlatna-in-cazul-unui-accident-rutier\/\" \/>\n<meta name=\"twitter:card\" content=\"summary_large_image\" \/>\n<meta name=\"twitter:title\" content=\"JOI: Exerci\u021biu de interven\u021bie la Zlatna, \u00een cazul unui accident rutier - Revista Urbea Mea - Revista de Alba\" \/>\n<meta name=\"twitter:description\" content=\"\u00cen baza Planului de preg\u0103tire \u00een domeniul situa\u0163iilor de urgen\u0163\u0103 pe anul 2016, joi, 27 octombrie, \u00eencep\u00e2nd cu ora 11.00, \u00een ora\u0219ul Zlatna va avea loc un\" \/>\n<meta name=\"twitter:image\" content=\"https:\/\/urbeamea.ro\/albaiulia\/wp-content\/uploads\/2016\/08\/14102142_1164430476952749_4326082876828359834_n.jpg\" \/>\n<meta name=\"twitter:creator\" content=\"@urbeameaweb\" \/>\n<meta name=\"twitter:site\" content=\"@urbeameaweb\" \/>\n<script type=\"application\/ld+json\" class=\"yoast-schema-graph\">{\"@context\":\"https:\\\/\\\/schema.org\",\"@graph\":[{\"@type\":\"Article\",\"@id\":\"https:\\\/\\\/urbeamea.ro\\\/albaiulia\\\/joi-exercitiu-de-interventie-la-zlatna-in-cazul-unui-accident-rutier\\\/#article\",\"isPartOf\":{\"@id\":\"https:\\\/\\\/urbeamea.ro\\\/albaiulia\\\/joi-exercitiu-de-interventie-la-zlatna-in-cazul-unui-accident-rutier\\\/\"},\"author\":{\"name\":\"Cristina Ganga\",\"@id\":\"https:\\\/\\\/urbeamea.ro\\\/albaiulia\\\/#\\\/schema\\\/person\\\/9700d21fae21c4f038b0b56f4506264a\"},\"headline\":\"JOI: Exerci\u021biu de interven\u021bie la Zlatna, \u00een cazul unui accident rutier\",\"datePublished\":\"2016-10-26T07:51:08+00:00\",\"mainEntityOfPage\":{\"@id\":\"https:\\\/\\\/urbeamea.ro\\\/albaiulia\\\/joi-exercitiu-de-interventie-la-zlatna-in-cazul-unui-accident-rutier\\\/\"},\"wordCount\":269,\"commentCount\":0,\"image\":{\"@id\":\"https:\\\/\\\/urbeamea.ro\\\/albaiulia\\\/joi-exercitiu-de-interventie-la-zlatna-in-cazul-unui-accident-rutier\\\/#primaryimage\"},\"thumbnailUrl\":\"https:\\\/\\\/urbeamea.ro\\\/albaiulia\\\/wp-content\\\/uploads\\\/2016\\\/08\\\/14102142_1164430476952749_4326082876828359834_n.jpg\",\"keywords\":[\"accident grav\",\"alba\",\"cai de comunicatii\",\"exercitiu in teren\",\"situatie de urgenta\",\"stiri\",\"Urbea Mea\",\"zlatna\"],\"articleSection\":[\"Social\"],\"inLanguage\":\"ro-RO\",\"potentialAction\":[{\"@type\":\"CommentAction\",\"name\":\"Comment\",\"target\":[\"https:\\\/\\\/urbeamea.ro\\\/albaiulia\\\/joi-exercitiu-de-interventie-la-zlatna-in-cazul-unui-accident-rutier\\\/#respond\"]}]},{\"@type\":\"WebPage\",\"@id\":\"https:\\\/\\\/urbeamea.ro\\\/albaiulia\\\/joi-exercitiu-de-interventie-la-zlatna-in-cazul-unui-accident-rutier\\\/\",\"url\":\"https:\\\/\\\/urbeamea.ro\\\/albaiulia\\\/joi-exercitiu-de-interventie-la-zlatna-in-cazul-unui-accident-rutier\\\/\",\"name\":\"JOI: Exerci\u021biu de interven\u021bie la Zlatna, \u00een cazul unui accident rutier - Revista Urbea Mea - Revista de Alba\",\"isPartOf\":{\"@id\":\"https:\\\/\\\/urbeamea.ro\\\/albaiulia\\\/#website\"},\"primaryImageOfPage\":{\"@id\":\"https:\\\/\\\/urbeamea.ro\\\/albaiulia\\\/joi-exercitiu-de-interventie-la-zlatna-in-cazul-unui-accident-rutier\\\/#primaryimage\"},\"image\":{\"@id\":\"https:\\\/\\\/urbeamea.ro\\\/albaiulia\\\/joi-exercitiu-de-interventie-la-zlatna-in-cazul-unui-accident-rutier\\\/#primaryimage\"},\"thumbnailUrl\":\"https:\\\/\\\/urbeamea.ro\\\/albaiulia\\\/wp-content\\\/uploads\\\/2016\\\/08\\\/14102142_1164430476952749_4326082876828359834_n.jpg\",\"datePublished\":\"2016-10-26T07:51:08+00:00\",\"author\":{\"@id\":\"https:\\\/\\\/urbeamea.ro\\\/albaiulia\\\/#\\\/schema\\\/person\\\/9700d21fae21c4f038b0b56f4506264a\"},\"description\":\"\u00cen baza Planului de preg\u0103tire \u00een domeniul situa\u0163iilor de urgen\u0163\u0103 pe anul 2016, joi, 27 octombrie, \u00eencep\u00e2nd cu ora 11.00, \u00een ora\u0219ul Zlatna va avea loc un\",\"breadcrumb\":{\"@id\":\"https:\\\/\\\/urbeamea.ro\\\/albaiulia\\\/joi-exercitiu-de-interventie-la-zlatna-in-cazul-unui-accident-rutier\\\/#breadcrumb\"},\"inLanguage\":\"ro-RO\",\"potentialAction\":[{\"@type\":\"ReadAction\",\"target\":[\"https:\\\/\\\/urbeamea.ro\\\/albaiulia\\\/joi-exercitiu-de-interventie-la-zlatna-in-cazul-unui-accident-rutier\\\/\"]}]},{\"@type\":\"ImageObject\",\"inLanguage\":\"ro-RO\",\"@id\":\"https:\\\/\\\/urbeamea.ro\\\/albaiulia\\\/joi-exercitiu-de-interventie-la-zlatna-in-cazul-unui-accident-rutier\\\/#primaryimage\",\"url\":\"https:\\\/\\\/urbeamea.ro\\\/albaiulia\\\/wp-content\\\/uploads\\\/2016\\\/08\\\/14102142_1164430476952749_4326082876828359834_n.jpg\",\"contentUrl\":\"https:\\\/\\\/urbeamea.ro\\\/albaiulia\\\/wp-content\\\/uploads\\\/2016\\\/08\\\/14102142_1164430476952749_4326082876828359834_n.jpg\",\"width\":800,\"height\":532},{\"@type\":\"BreadcrumbList\",\"@id\":\"https:\\\/\\\/urbeamea.ro\\\/albaiulia\\\/joi-exercitiu-de-interventie-la-zlatna-in-cazul-unui-accident-rutier\\\/#breadcrumb\",\"itemListElement\":[{\"@type\":\"ListItem\",\"position\":1,\"name\":\"Prima pagin\u0103\",\"item\":\"https:\\\/\\\/urbeamea.ro\\\/albaiulia\\\/\"},{\"@type\":\"ListItem\",\"position\":2,\"name\":\"JOI: Exerci\u021biu de interven\u021bie la Zlatna, \u00een cazul unui accident rutier\"}]},{\"@type\":\"WebSite\",\"@id\":\"https:\\\/\\\/urbeamea.ro\\\/albaiulia\\\/#website\",\"url\":\"https:\\\/\\\/urbeamea.ro\\\/albaiulia\\\/\",\"name\":\"Revista Urbea Mea, Stiri urbane\",\"description\":\"Evenimente \u0219i \u0219tiri din Alba Iulia, Sebe\u0219, Aiud, Blaj\",\"potentialAction\":[{\"@type\":\"SearchAction\",\"target\":{\"@type\":\"EntryPoint\",\"urlTemplate\":\"https:\\\/\\\/urbeamea.ro\\\/albaiulia\\\/?s={search_term_string}\"},\"query-input\":{\"@type\":\"PropertyValueSpecification\",\"valueRequired\":true,\"valueName\":\"search_term_string\"}}],\"inLanguage\":\"ro-RO\"},{\"@type\":\"Person\",\"@id\":\"https:\\\/\\\/urbeamea.ro\\\/albaiulia\\\/#\\\/schema\\\/person\\\/9700d21fae21c4f038b0b56f4506264a\",\"name\":\"Cristina Ganga\",\"image\":{\"@type\":\"ImageObject\",\"inLanguage\":\"ro-RO\",\"@id\":\"https:\\\/\\\/secure.gravatar.com\\\/avatar\\\/5a67661041f057b4a8ccaf26f5a8e86e2689372006d01faf3dd9eeb10b654bb4?s=96&d=mm&r=g\",\"url\":\"https:\\\/\\\/secure.gravatar.com\\\/avatar\\\/5a67661041f057b4a8ccaf26f5a8e86e2689372006d01faf3dd9eeb10b654bb4?s=96&d=mm&r=g\",\"contentUrl\":\"https:\\\/\\\/secure.gravatar.com\\\/avatar\\\/5a67661041f057b4a8ccaf26f5a8e86e2689372006d01faf3dd9eeb10b654bb4?s=96&d=mm&r=g\",\"caption\":\"Cristina Ganga\"},\"description\":\"Jurnalist\",\"sameAs\":[\"https:\\\/\\\/www.facebook.com\\\/cristina.nicola.587\"],\"url\":\"https:\\\/\\\/urbeamea.ro\\\/albaiulia\\\/author\\\/cristina-nicola\\\/\"}]}<\/script>\n<!-- \/ Yoast SEO plugin. -->","yoast_head_json":{"title":"JOI: Exerci\u021biu de interven\u021bie la Zlatna, \u00een cazul unui accident rutier - Revista Urbea Mea - Revista de Alba","description":"\u00cen baza Planului de preg\u0103tire \u00een domeniul situa\u0163iilor de urgen\u0163\u0103 pe anul 2016, joi, 27 octombrie, \u00eencep\u00e2nd cu ora 11.00, \u00een ora\u0219ul Zlatna va avea loc un","robots":{"index":"index","follow":"follow","max-snippet":"max-snippet:-1","max-image-preview":"max-image-preview:large","max-video-preview":"max-video-preview:-1"},"canonical":"https:\/\/urbeamea.ro\/albaiulia\/joi-exercitiu-de-interventie-la-zlatna-in-cazul-unui-accident-rutier\/","twitter_card":"summary_large_image","twitter_title":"JOI: Exerci\u021biu de interven\u021bie la Zlatna, \u00een cazul unui accident rutier - Revista Urbea Mea - Revista de Alba","twitter_description":"\u00cen baza Planului de preg\u0103tire \u00een domeniul situa\u0163iilor de urgen\u0163\u0103 pe anul 2016, joi, 27 octombrie, \u00eencep\u00e2nd cu ora 11.00, \u00een ora\u0219ul Zlatna va avea loc un","twitter_image":"https:\/\/urbeamea.ro\/albaiulia\/wp-content\/uploads\/2016\/08\/14102142_1164430476952749_4326082876828359834_n.jpg","twitter_creator":"@urbeameaweb","twitter_site":"@urbeameaweb","schema":{"@context":"https:\/\/schema.org","@graph":[{"@type":"Article","@id":"https:\/\/urbeamea.ro\/albaiulia\/joi-exercitiu-de-interventie-la-zlatna-in-cazul-unui-accident-rutier\/#article","isPartOf":{"@id":"https:\/\/urbeamea.ro\/albaiulia\/joi-exercitiu-de-interventie-la-zlatna-in-cazul-unui-accident-rutier\/"},"author":{"name":"Cristina Ganga","@id":"https:\/\/urbeamea.ro\/albaiulia\/#\/schema\/person\/9700d21fae21c4f038b0b56f4506264a"},"headline":"JOI: Exerci\u021biu de interven\u021bie la Zlatna, \u00een cazul unui accident rutier","datePublished":"2016-10-26T07:51:08+00:00","mainEntityOfPage":{"@id":"https:\/\/urbeamea.ro\/albaiulia\/joi-exercitiu-de-interventie-la-zlatna-in-cazul-unui-accident-rutier\/"},"wordCount":269,"commentCount":0,"image":{"@id":"https:\/\/urbeamea.ro\/albaiulia\/joi-exercitiu-de-interventie-la-zlatna-in-cazul-unui-accident-rutier\/#primaryimage"},"thumbnailUrl":"https:\/\/urbeamea.ro\/albaiulia\/wp-content\/uploads\/2016\/08\/14102142_1164430476952749_4326082876828359834_n.jpg","keywords":["accident grav","alba","cai de comunicatii","exercitiu in teren","situatie de urgenta","stiri","Urbea Mea","zlatna"],"articleSection":["Social"],"inLanguage":"ro-RO","potentialAction":[{"@type":"CommentAction","name":"Comment","target":["https:\/\/urbeamea.ro\/albaiulia\/joi-exercitiu-de-interventie-la-zlatna-in-cazul-unui-accident-rutier\/#respond"]}]},{"@type":"WebPage","@id":"https:\/\/urbeamea.ro\/albaiulia\/joi-exercitiu-de-interventie-la-zlatna-in-cazul-unui-accident-rutier\/","url":"https:\/\/urbeamea.ro\/albaiulia\/joi-exercitiu-de-interventie-la-zlatna-in-cazul-unui-accident-rutier\/","name":"JOI: Exerci\u021biu de interven\u021bie la Zlatna, \u00een cazul unui accident rutier - Revista Urbea Mea - Revista de Alba","isPartOf":{"@id":"https:\/\/urbeamea.ro\/albaiulia\/#website"},"primaryImageOfPage":{"@id":"https:\/\/urbeamea.ro\/albaiulia\/joi-exercitiu-de-interventie-la-zlatna-in-cazul-unui-accident-rutier\/#primaryimage"},"image":{"@id":"https:\/\/urbeamea.ro\/albaiulia\/joi-exercitiu-de-interventie-la-zlatna-in-cazul-unui-accident-rutier\/#primaryimage"},"thumbnailUrl":"https:\/\/urbeamea.ro\/albaiulia\/wp-content\/uploads\/2016\/08\/14102142_1164430476952749_4326082876828359834_n.jpg","datePublished":"2016-10-26T07:51:08+00:00","author":{"@id":"https:\/\/urbeamea.ro\/albaiulia\/#\/schema\/person\/9700d21fae21c4f038b0b56f4506264a"},"description":"\u00cen baza Planului de preg\u0103tire \u00een domeniul situa\u0163iilor de urgen\u0163\u0103 pe anul 2016, joi, 27 octombrie, \u00eencep\u00e2nd cu ora 11.00, \u00een ora\u0219ul Zlatna va avea loc un","breadcrumb":{"@id":"https:\/\/urbeamea.ro\/albaiulia\/joi-exercitiu-de-interventie-la-zlatna-in-cazul-unui-accident-rutier\/#breadcrumb"},"inLanguage":"ro-RO","potentialAction":[{"@type":"ReadAction","target":["https:\/\/urbeamea.ro\/albaiulia\/joi-exercitiu-de-interventie-la-zlatna-in-cazul-unui-accident-rutier\/"]}]},{"@type":"ImageObject","inLanguage":"ro-RO","@id":"https:\/\/urbeamea.ro\/albaiulia\/joi-exercitiu-de-interventie-la-zlatna-in-cazul-unui-accident-rutier\/#primaryimage","url":"https:\/\/urbeamea.ro\/albaiulia\/wp-content\/uploads\/2016\/08\/14102142_1164430476952749_4326082876828359834_n.jpg","contentUrl":"https:\/\/urbeamea.ro\/albaiulia\/wp-content\/uploads\/2016\/08\/14102142_1164430476952749_4326082876828359834_n.jpg","width":800,"height":532},{"@type":"BreadcrumbList","@id":"https:\/\/urbeamea.ro\/albaiulia\/joi-exercitiu-de-interventie-la-zlatna-in-cazul-unui-accident-rutier\/#breadcrumb","itemListElement":[{"@type":"ListItem","position":1,"name":"Prima pagin\u0103","item":"https:\/\/urbeamea.ro\/albaiulia\/"},{"@type":"ListItem","position":2,"name":"JOI: Exerci\u021biu de interven\u021bie la Zlatna, \u00een cazul unui accident rutier"}]},{"@type":"WebSite","@id":"https:\/\/urbeamea.ro\/albaiulia\/#website","url":"https:\/\/urbeamea.ro\/albaiulia\/","name":"Revista Urbea Mea, Stiri urbane","description":"Evenimente \u0219i \u0219tiri din Alba Iulia, Sebe\u0219, Aiud, Blaj","potentialAction":[{"@type":"SearchAction","target":{"@type":"EntryPoint","urlTemplate":"https:\/\/urbeamea.ro\/albaiulia\/?s={search_term_string}"},"query-input":{"@type":"PropertyValueSpecification","valueRequired":true,"valueName":"search_term_string"}}],"inLanguage":"ro-RO"},{"@type":"Person","@id":"https:\/\/urbeamea.ro\/albaiulia\/#\/schema\/person\/9700d21fae21c4f038b0b56f4506264a","name":"Cristina Ganga","image":{"@type":"ImageObject","inLanguage":"ro-RO","@id":"https:\/\/secure.gravatar.com\/avatar\/5a67661041f057b4a8ccaf26f5a8e86e2689372006d01faf3dd9eeb10b654bb4?s=96&d=mm&r=g","url":"https:\/\/secure.gravatar.com\/avatar\/5a67661041f057b4a8ccaf26f5a8e86e2689372006d01faf3dd9eeb10b654bb4?s=96&d=mm&r=g","contentUrl":"https:\/\/secure.gravatar.com\/avatar\/5a67661041f057b4a8ccaf26f5a8e86e2689372006d01faf3dd9eeb10b654bb4?s=96&d=mm&r=g","caption":"Cristina Ganga"},"description":"Jurnalist","sameAs":["https:\/\/www.facebook.com\/cristina.nicola.587"],"url":"https:\/\/urbeamea.ro\/albaiulia\/author\/cristina-nicola\/"}]}},"_links":{"self":[{"href":"https:\/\/urbeamea.ro\/albaiulia\/wp-json\/wp\/v2\/posts\/34015","targetHints":{"allow":["GET"]}}],"collection":[{"href":"https:\/\/urbeamea.ro\/albaiulia\/wp-json\/wp\/v2\/posts"}],"about":[{"href":"https:\/\/urbeamea.ro\/albaiulia\/wp-json\/wp\/v2\/types\/post"}],"author":[{"embeddable":true,"href":"https:\/\/urbeamea.ro\/albaiulia\/wp-json\/wp\/v2\/users\/17"}],"replies":[{"embeddable":true,"href":"https:\/\/urbeamea.ro\/albaiulia\/wp-json\/wp\/v2\/comments?post=34015"}],"version-history":[{"count":0,"href":"https:\/\/urbeamea.ro\/albaiulia\/wp-json\/wp\/v2\/posts\/34015\/revisions"}],"wp:featuredmedia":[{"embeddable":true,"href":"https:\/\/urbeamea.ro\/albaiulia\/wp-json\/wp\/v2\/media\/30547"}],"wp:attachment":[{"href":"https:\/\/urbeamea.ro\/albaiulia\/wp-json\/wp\/v2\/media?parent=34015"}],"wp:term":[{"taxonomy":"category","embeddable":true,"href":"https:\/\/urbeamea.ro\/albaiulia\/wp-json\/wp\/v2\/categories?post=34015"},{"taxonomy":"post_tag","embeddable":true,"href":"https:\/\/urbeamea.ro\/albaiulia\/wp-json\/wp\/v2\/tags?post=34015"}],"curies":[{"name":"wp","href":"https:\/\/api.w.org\/{rel}","templated":true}]}}