{"id":34020,"date":"2016-10-26T11:10:27","date_gmt":"2016-10-26T08:10:27","guid":{"rendered":"http:\/\/urbeamea.ro\/albaiulia\/?p=34020"},"modified":"2016-10-26T11:10:27","modified_gmt":"2016-10-26T08:10:27","slug":"sofer-din-blaj-prins-cu-viteza-excesiva-si-cu-permisul-suspendat","status":"publish","type":"post","link":"https:\/\/urbeamea.ro\/albaiulia\/sofer-din-blaj-prins-cu-viteza-excesiva-si-cu-permisul-suspendat\/","title":{"rendered":"\u0218ofer din Blaj prins cu vitez\u0103 excesiv\u0103 \u0219i cu permisul suspendat"},"content":{"rendered":"<p><strong><img loading=\"lazy\" decoding=\"async\" class=\"alignleft size-medium wp-image-32818\" src=\"http:\/\/urbeamea.ro\/albaiulia\/wp-content\/uploads\/2016\/10\/politie-radare-300x174.jpg\" alt=\"politie-radare\" width=\"300\" height=\"174\" srcset=\"https:\/\/urbeamea.ro\/albaiulia\/wp-content\/uploads\/2016\/10\/politie-radare-300x174.jpg 300w, https:\/\/urbeamea.ro\/albaiulia\/wp-content\/uploads\/2016\/10\/politie-radare-150x87.jpg 150w, https:\/\/urbeamea.ro\/albaiulia\/wp-content\/uploads\/2016\/10\/politie-radare.jpg 630w\" sizes=\"auto, (max-width: 300px) 100vw, 300px\" \/>La data de 25.10.2016, \u00een jurul orelor 10.55, poli\u0163i\u015ftii din cadrul Serviciului Rutier &#8211; Biroul Drumuri Na\u021bionale \u0219i Europene au depistat in trafic, pe Drumul Jude\u0163ean 107, un b\u0103rbat de 28 de ani, din municipiul Blaj, \u00een timp ce acesta conducea un autoturism cu vitez\u0103 peste limita legal\u0103.<\/strong><\/p>\n<p>Fa\u0163\u0103 de conduc\u0103torul auto, cercet\u0103rile sunt continuate sub aspectul comiterii infrac\u021biunii de conducere pe drumurile publice a unui vehicul av\u00e2nd exercitarea dreptului de a conduce suspendat\u0103.<\/p>\n","protected":false},"excerpt":{"rendered":"<p>La data de 25.10.2016, \u00een jurul orelor 10.55, poli\u0163i\u015ftii din cadrul Serviciului Rutier &#8211; Biroul Drumuri Na\u021bionale \u0219i Europene au depistat in trafic, pe Drumul Jude\u0163ean 107, un b\u0103rbat de 28 de ani, din municipiul Blaj, \u00een timp ce acesta conducea un autoturism cu vitez\u0103 peste limita legal\u0103. Fa\u0163\u0103 de conduc\u0103torul auto, cercet\u0103rile sunt continuate &hellip;<\/p>\n","protected":false},"author":20,"featured_media":32818,"comment_status":"open","ping_status":"open","sticky":false,"template":"","format":"standard","meta":{"inline_featured_image":false,"footnotes":""},"categories":[2034],"tags":[2416,170,1216,401,2894,2602,76,4524,1742],"class_list":["post-34020","post","type-post","status-publish","format-standard","has-post-thumbnail","hentry","category-social","tag-autoturism","tag-blaj","tag-drum","tag-permis-de-conducere","tag-sofer","tag-suspendat","tag-urbea-mea","tag-vehicul","tag-viteza"],"yoast_head":"<!-- This site is optimized with the Yoast SEO plugin v28.3 - https:\/\/yoast.com\/product\/yoast-seo-wordpress\/ -->\n<title>\u0218ofer din Blaj prins cu vitez\u0103 excesiv\u0103 \u0219i cu permisul suspendat - Revista Urbea Mea - Revista de Alba<\/title>\n<meta name=\"description\" content=\"La data de 25.10.2016, \u00een jurul orelor 10.55, poli\u0163i\u015ftii din cadrul Serviciului Rutier - Biroul Drumuri Na\u021bionale \u0219i Europene au depistat in trafic, pe\" \/>\n<meta name=\"robots\" content=\"index, follow, max-snippet:-1, max-image-preview:large, max-video-preview:-1\" \/>\n<link rel=\"canonical\" href=\"https:\/\/urbeamea.ro\/albaiulia\/sofer-din-blaj-prins-cu-viteza-excesiva-si-cu-permisul-suspendat\/\" \/>\n<meta name=\"twitter:card\" content=\"summary_large_image\" \/>\n<meta name=\"twitter:title\" content=\"\u0218ofer din Blaj prins cu vitez\u0103 excesiv\u0103 \u0219i cu permisul suspendat - Revista Urbea Mea - Revista de Alba\" \/>\n<meta name=\"twitter:description\" content=\"La data de 25.10.2016, \u00een jurul orelor 10.55, poli\u0163i\u015ftii din cadrul Serviciului Rutier - Biroul Drumuri Na\u021bionale \u0219i Europene au depistat in trafic, pe\" \/>\n<meta name=\"twitter:image\" content=\"https:\/\/urbeamea.ro\/albaiulia\/wp-content\/uploads\/2016\/10\/politie-radare.jpg\" \/>\n<meta name=\"twitter:creator\" content=\"@urbeameaweb\" \/>\n<meta name=\"twitter:site\" content=\"@urbeameaweb\" \/>\n<script type=\"application\/ld+json\" class=\"yoast-schema-graph\">{\"@context\":\"https:\\\/\\\/schema.org\",\"@graph\":[{\"@type\":\"Article\",\"@id\":\"https:\\\/\\\/urbeamea.ro\\\/albaiulia\\\/sofer-din-blaj-prins-cu-viteza-excesiva-si-cu-permisul-suspendat\\\/#article\",\"isPartOf\":{\"@id\":\"https:\\\/\\\/urbeamea.ro\\\/albaiulia\\\/sofer-din-blaj-prins-cu-viteza-excesiva-si-cu-permisul-suspendat\\\/\"},\"author\":{\"name\":\"Adriana Avram\",\"@id\":\"https:\\\/\\\/urbeamea.ro\\\/albaiulia\\\/#\\\/schema\\\/person\\\/cfaa27fc3da4a9a2cf2fee3650afc5d0\"},\"headline\":\"\u0218ofer din Blaj prins cu vitez\u0103 excesiv\u0103 \u0219i cu permisul suspendat\",\"datePublished\":\"2016-10-26T08:10:27+00:00\",\"mainEntityOfPage\":{\"@id\":\"https:\\\/\\\/urbeamea.ro\\\/albaiulia\\\/sofer-din-blaj-prins-cu-viteza-excesiva-si-cu-permisul-suspendat\\\/\"},\"wordCount\":90,\"commentCount\":0,\"image\":{\"@id\":\"https:\\\/\\\/urbeamea.ro\\\/albaiulia\\\/sofer-din-blaj-prins-cu-viteza-excesiva-si-cu-permisul-suspendat\\\/#primaryimage\"},\"thumbnailUrl\":\"https:\\\/\\\/urbeamea.ro\\\/albaiulia\\\/wp-content\\\/uploads\\\/2016\\\/10\\\/politie-radare.jpg\",\"keywords\":[\"autoturism\",\"blaj\",\"drum\",\"permis de conducere\",\"sofer\",\"suspendat\",\"Urbea Mea\",\"vehicul\",\"viteza\"],\"articleSection\":[\"Social\"],\"inLanguage\":\"ro-RO\",\"potentialAction\":[{\"@type\":\"CommentAction\",\"name\":\"Comment\",\"target\":[\"https:\\\/\\\/urbeamea.ro\\\/albaiulia\\\/sofer-din-blaj-prins-cu-viteza-excesiva-si-cu-permisul-suspendat\\\/#respond\"]}]},{\"@type\":\"WebPage\",\"@id\":\"https:\\\/\\\/urbeamea.ro\\\/albaiulia\\\/sofer-din-blaj-prins-cu-viteza-excesiva-si-cu-permisul-suspendat\\\/\",\"url\":\"https:\\\/\\\/urbeamea.ro\\\/albaiulia\\\/sofer-din-blaj-prins-cu-viteza-excesiva-si-cu-permisul-suspendat\\\/\",\"name\":\"\u0218ofer din Blaj prins cu vitez\u0103 excesiv\u0103 \u0219i cu permisul suspendat - Revista Urbea Mea - Revista de Alba\",\"isPartOf\":{\"@id\":\"https:\\\/\\\/urbeamea.ro\\\/albaiulia\\\/#website\"},\"primaryImageOfPage\":{\"@id\":\"https:\\\/\\\/urbeamea.ro\\\/albaiulia\\\/sofer-din-blaj-prins-cu-viteza-excesiva-si-cu-permisul-suspendat\\\/#primaryimage\"},\"image\":{\"@id\":\"https:\\\/\\\/urbeamea.ro\\\/albaiulia\\\/sofer-din-blaj-prins-cu-viteza-excesiva-si-cu-permisul-suspendat\\\/#primaryimage\"},\"thumbnailUrl\":\"https:\\\/\\\/urbeamea.ro\\\/albaiulia\\\/wp-content\\\/uploads\\\/2016\\\/10\\\/politie-radare.jpg\",\"datePublished\":\"2016-10-26T08:10:27+00:00\",\"author\":{\"@id\":\"https:\\\/\\\/urbeamea.ro\\\/albaiulia\\\/#\\\/schema\\\/person\\\/cfaa27fc3da4a9a2cf2fee3650afc5d0\"},\"description\":\"La data de 25.10.2016, \u00een jurul orelor 10.55, poli\u0163i\u015ftii din cadrul Serviciului Rutier - Biroul Drumuri Na\u021bionale \u0219i Europene au depistat in trafic, pe\",\"breadcrumb\":{\"@id\":\"https:\\\/\\\/urbeamea.ro\\\/albaiulia\\\/sofer-din-blaj-prins-cu-viteza-excesiva-si-cu-permisul-suspendat\\\/#breadcrumb\"},\"inLanguage\":\"ro-RO\",\"potentialAction\":[{\"@type\":\"ReadAction\",\"target\":[\"https:\\\/\\\/urbeamea.ro\\\/albaiulia\\\/sofer-din-blaj-prins-cu-viteza-excesiva-si-cu-permisul-suspendat\\\/\"]}]},{\"@type\":\"ImageObject\",\"inLanguage\":\"ro-RO\",\"@id\":\"https:\\\/\\\/urbeamea.ro\\\/albaiulia\\\/sofer-din-blaj-prins-cu-viteza-excesiva-si-cu-permisul-suspendat\\\/#primaryimage\",\"url\":\"https:\\\/\\\/urbeamea.ro\\\/albaiulia\\\/wp-content\\\/uploads\\\/2016\\\/10\\\/politie-radare.jpg\",\"contentUrl\":\"https:\\\/\\\/urbeamea.ro\\\/albaiulia\\\/wp-content\\\/uploads\\\/2016\\\/10\\\/politie-radare.jpg\",\"width\":630,\"height\":365},{\"@type\":\"BreadcrumbList\",\"@id\":\"https:\\\/\\\/urbeamea.ro\\\/albaiulia\\\/sofer-din-blaj-prins-cu-viteza-excesiva-si-cu-permisul-suspendat\\\/#breadcrumb\",\"itemListElement\":[{\"@type\":\"ListItem\",\"position\":1,\"name\":\"Prima pagin\u0103\",\"item\":\"https:\\\/\\\/urbeamea.ro\\\/albaiulia\\\/\"},{\"@type\":\"ListItem\",\"position\":2,\"name\":\"\u0218ofer din Blaj prins cu vitez\u0103 excesiv\u0103 \u0219i cu permisul suspendat\"}]},{\"@type\":\"WebSite\",\"@id\":\"https:\\\/\\\/urbeamea.ro\\\/albaiulia\\\/#website\",\"url\":\"https:\\\/\\\/urbeamea.ro\\\/albaiulia\\\/\",\"name\":\"Revista Urbea Mea, Stiri urbane\",\"description\":\"Evenimente \u0219i \u0219tiri din Alba Iulia, Sebe\u0219, Aiud, Blaj\",\"potentialAction\":[{\"@type\":\"SearchAction\",\"target\":{\"@type\":\"EntryPoint\",\"urlTemplate\":\"https:\\\/\\\/urbeamea.ro\\\/albaiulia\\\/?s={search_term_string}\"},\"query-input\":{\"@type\":\"PropertyValueSpecification\",\"valueRequired\":true,\"valueName\":\"search_term_string\"}}],\"inLanguage\":\"ro-RO\"},{\"@type\":\"Person\",\"@id\":\"https:\\\/\\\/urbeamea.ro\\\/albaiulia\\\/#\\\/schema\\\/person\\\/cfaa27fc3da4a9a2cf2fee3650afc5d0\",\"name\":\"Adriana Avram\",\"image\":{\"@type\":\"ImageObject\",\"inLanguage\":\"ro-RO\",\"@id\":\"https:\\\/\\\/secure.gravatar.com\\\/avatar\\\/3cc61eb1584088e0099c1763903a6421c5ce6cdf45fc2d424046dc621efc21f9?s=96&d=mm&r=g\",\"url\":\"https:\\\/\\\/secure.gravatar.com\\\/avatar\\\/3cc61eb1584088e0099c1763903a6421c5ce6cdf45fc2d424046dc621efc21f9?s=96&d=mm&r=g\",\"contentUrl\":\"https:\\\/\\\/secure.gravatar.com\\\/avatar\\\/3cc61eb1584088e0099c1763903a6421c5ce6cdf45fc2d424046dc621efc21f9?s=96&d=mm&r=g\",\"caption\":\"Adriana Avram\"},\"description\":\"Jurnalist\",\"sameAs\":[\"https:\\\/\\\/www.facebook.com\\\/avram.adriana.7?fref=ts\"],\"url\":\"https:\\\/\\\/urbeamea.ro\\\/albaiulia\\\/author\\\/adriana-avram\\\/\"}]}<\/script>\n<!-- \/ Yoast SEO plugin. -->","yoast_head_json":{"title":"\u0218ofer din Blaj prins cu vitez\u0103 excesiv\u0103 \u0219i cu permisul suspendat - Revista Urbea Mea - Revista de Alba","description":"La data de 25.10.2016, \u00een jurul orelor 10.55, poli\u0163i\u015ftii din cadrul Serviciului Rutier - Biroul Drumuri Na\u021bionale \u0219i Europene au depistat in trafic, pe","robots":{"index":"index","follow":"follow","max-snippet":"max-snippet:-1","max-image-preview":"max-image-preview:large","max-video-preview":"max-video-preview:-1"},"canonical":"https:\/\/urbeamea.ro\/albaiulia\/sofer-din-blaj-prins-cu-viteza-excesiva-si-cu-permisul-suspendat\/","twitter_card":"summary_large_image","twitter_title":"\u0218ofer din Blaj prins cu vitez\u0103 excesiv\u0103 \u0219i cu permisul suspendat - Revista Urbea Mea - Revista de Alba","twitter_description":"La data de 25.10.2016, \u00een jurul orelor 10.55, poli\u0163i\u015ftii din cadrul Serviciului Rutier - Biroul Drumuri Na\u021bionale \u0219i Europene au depistat in trafic, pe","twitter_image":"https:\/\/urbeamea.ro\/albaiulia\/wp-content\/uploads\/2016\/10\/politie-radare.jpg","twitter_creator":"@urbeameaweb","twitter_site":"@urbeameaweb","schema":{"@context":"https:\/\/schema.org","@graph":[{"@type":"Article","@id":"https:\/\/urbeamea.ro\/albaiulia\/sofer-din-blaj-prins-cu-viteza-excesiva-si-cu-permisul-suspendat\/#article","isPartOf":{"@id":"https:\/\/urbeamea.ro\/albaiulia\/sofer-din-blaj-prins-cu-viteza-excesiva-si-cu-permisul-suspendat\/"},"author":{"name":"Adriana Avram","@id":"https:\/\/urbeamea.ro\/albaiulia\/#\/schema\/person\/cfaa27fc3da4a9a2cf2fee3650afc5d0"},"headline":"\u0218ofer din Blaj prins cu vitez\u0103 excesiv\u0103 \u0219i cu permisul suspendat","datePublished":"2016-10-26T08:10:27+00:00","mainEntityOfPage":{"@id":"https:\/\/urbeamea.ro\/albaiulia\/sofer-din-blaj-prins-cu-viteza-excesiva-si-cu-permisul-suspendat\/"},"wordCount":90,"commentCount":0,"image":{"@id":"https:\/\/urbeamea.ro\/albaiulia\/sofer-din-blaj-prins-cu-viteza-excesiva-si-cu-permisul-suspendat\/#primaryimage"},"thumbnailUrl":"https:\/\/urbeamea.ro\/albaiulia\/wp-content\/uploads\/2016\/10\/politie-radare.jpg","keywords":["autoturism","blaj","drum","permis de conducere","sofer","suspendat","Urbea Mea","vehicul","viteza"],"articleSection":["Social"],"inLanguage":"ro-RO","potentialAction":[{"@type":"CommentAction","name":"Comment","target":["https:\/\/urbeamea.ro\/albaiulia\/sofer-din-blaj-prins-cu-viteza-excesiva-si-cu-permisul-suspendat\/#respond"]}]},{"@type":"WebPage","@id":"https:\/\/urbeamea.ro\/albaiulia\/sofer-din-blaj-prins-cu-viteza-excesiva-si-cu-permisul-suspendat\/","url":"https:\/\/urbeamea.ro\/albaiulia\/sofer-din-blaj-prins-cu-viteza-excesiva-si-cu-permisul-suspendat\/","name":"\u0218ofer din Blaj prins cu vitez\u0103 excesiv\u0103 \u0219i cu permisul suspendat - Revista Urbea Mea - Revista de Alba","isPartOf":{"@id":"https:\/\/urbeamea.ro\/albaiulia\/#website"},"primaryImageOfPage":{"@id":"https:\/\/urbeamea.ro\/albaiulia\/sofer-din-blaj-prins-cu-viteza-excesiva-si-cu-permisul-suspendat\/#primaryimage"},"image":{"@id":"https:\/\/urbeamea.ro\/albaiulia\/sofer-din-blaj-prins-cu-viteza-excesiva-si-cu-permisul-suspendat\/#primaryimage"},"thumbnailUrl":"https:\/\/urbeamea.ro\/albaiulia\/wp-content\/uploads\/2016\/10\/politie-radare.jpg","datePublished":"2016-10-26T08:10:27+00:00","author":{"@id":"https:\/\/urbeamea.ro\/albaiulia\/#\/schema\/person\/cfaa27fc3da4a9a2cf2fee3650afc5d0"},"description":"La data de 25.10.2016, \u00een jurul orelor 10.55, poli\u0163i\u015ftii din cadrul Serviciului Rutier - Biroul Drumuri Na\u021bionale \u0219i Europene au depistat in trafic, pe","breadcrumb":{"@id":"https:\/\/urbeamea.ro\/albaiulia\/sofer-din-blaj-prins-cu-viteza-excesiva-si-cu-permisul-suspendat\/#breadcrumb"},"inLanguage":"ro-RO","potentialAction":[{"@type":"ReadAction","target":["https:\/\/urbeamea.ro\/albaiulia\/sofer-din-blaj-prins-cu-viteza-excesiva-si-cu-permisul-suspendat\/"]}]},{"@type":"ImageObject","inLanguage":"ro-RO","@id":"https:\/\/urbeamea.ro\/albaiulia\/sofer-din-blaj-prins-cu-viteza-excesiva-si-cu-permisul-suspendat\/#primaryimage","url":"https:\/\/urbeamea.ro\/albaiulia\/wp-content\/uploads\/2016\/10\/politie-radare.jpg","contentUrl":"https:\/\/urbeamea.ro\/albaiulia\/wp-content\/uploads\/2016\/10\/politie-radare.jpg","width":630,"height":365},{"@type":"BreadcrumbList","@id":"https:\/\/urbeamea.ro\/albaiulia\/sofer-din-blaj-prins-cu-viteza-excesiva-si-cu-permisul-suspendat\/#breadcrumb","itemListElement":[{"@type":"ListItem","position":1,"name":"Prima pagin\u0103","item":"https:\/\/urbeamea.ro\/albaiulia\/"},{"@type":"ListItem","position":2,"name":"\u0218ofer din Blaj prins cu vitez\u0103 excesiv\u0103 \u0219i cu permisul suspendat"}]},{"@type":"WebSite","@id":"https:\/\/urbeamea.ro\/albaiulia\/#website","url":"https:\/\/urbeamea.ro\/albaiulia\/","name":"Revista Urbea Mea, Stiri urbane","description":"Evenimente \u0219i \u0219tiri din Alba Iulia, Sebe\u0219, Aiud, Blaj","potentialAction":[{"@type":"SearchAction","target":{"@type":"EntryPoint","urlTemplate":"https:\/\/urbeamea.ro\/albaiulia\/?s={search_term_string}"},"query-input":{"@type":"PropertyValueSpecification","valueRequired":true,"valueName":"search_term_string"}}],"inLanguage":"ro-RO"},{"@type":"Person","@id":"https:\/\/urbeamea.ro\/albaiulia\/#\/schema\/person\/cfaa27fc3da4a9a2cf2fee3650afc5d0","name":"Adriana Avram","image":{"@type":"ImageObject","inLanguage":"ro-RO","@id":"https:\/\/secure.gravatar.com\/avatar\/3cc61eb1584088e0099c1763903a6421c5ce6cdf45fc2d424046dc621efc21f9?s=96&d=mm&r=g","url":"https:\/\/secure.gravatar.com\/avatar\/3cc61eb1584088e0099c1763903a6421c5ce6cdf45fc2d424046dc621efc21f9?s=96&d=mm&r=g","contentUrl":"https:\/\/secure.gravatar.com\/avatar\/3cc61eb1584088e0099c1763903a6421c5ce6cdf45fc2d424046dc621efc21f9?s=96&d=mm&r=g","caption":"Adriana Avram"},"description":"Jurnalist","sameAs":["https:\/\/www.facebook.com\/avram.adriana.7?fref=ts"],"url":"https:\/\/urbeamea.ro\/albaiulia\/author\/adriana-avram\/"}]}},"_links":{"self":[{"href":"https:\/\/urbeamea.ro\/albaiulia\/wp-json\/wp\/v2\/posts\/34020","targetHints":{"allow":["GET"]}}],"collection":[{"href":"https:\/\/urbeamea.ro\/albaiulia\/wp-json\/wp\/v2\/posts"}],"about":[{"href":"https:\/\/urbeamea.ro\/albaiulia\/wp-json\/wp\/v2\/types\/post"}],"author":[{"embeddable":true,"href":"https:\/\/urbeamea.ro\/albaiulia\/wp-json\/wp\/v2\/users\/20"}],"replies":[{"embeddable":true,"href":"https:\/\/urbeamea.ro\/albaiulia\/wp-json\/wp\/v2\/comments?post=34020"}],"version-history":[{"count":0,"href":"https:\/\/urbeamea.ro\/albaiulia\/wp-json\/wp\/v2\/posts\/34020\/revisions"}],"wp:featuredmedia":[{"embeddable":true,"href":"https:\/\/urbeamea.ro\/albaiulia\/wp-json\/wp\/v2\/media\/32818"}],"wp:attachment":[{"href":"https:\/\/urbeamea.ro\/albaiulia\/wp-json\/wp\/v2\/media?parent=34020"}],"wp:term":[{"taxonomy":"category","embeddable":true,"href":"https:\/\/urbeamea.ro\/albaiulia\/wp-json\/wp\/v2\/categories?post=34020"},{"taxonomy":"post_tag","embeddable":true,"href":"https:\/\/urbeamea.ro\/albaiulia\/wp-json\/wp\/v2\/tags?post=34020"}],"curies":[{"name":"wp","href":"https:\/\/api.w.org\/{rel}","templated":true}]}}