{"id":34072,"date":"2016-10-27T11:37:32","date_gmt":"2016-10-27T08:37:32","guid":{"rendered":"http:\/\/urbeamea.ro\/albaiulia\/?p=34072"},"modified":"2016-10-27T11:37:32","modified_gmt":"2016-10-27T08:37:32","slug":"barbat-din-daia-romana-cu-dosar-penal-pentru-conducere-sub-influenta-alcoolului","status":"publish","type":"post","link":"https:\/\/urbeamea.ro\/albaiulia\/barbat-din-daia-romana-cu-dosar-penal-pentru-conducere-sub-influenta-alcoolului\/","title":{"rendered":"B\u0103rbat din Daia Rom\u00e2n\u0103, cu dosar penal pentru conducere sub influen\u021ba alcoolului"},"content":{"rendered":"<p align=\"JUSTIFY\"><strong><img loading=\"lazy\" decoding=\"async\" class=\"size-medium wp-image-30034 alignleft\" src=\"http:\/\/urbeamea.ro\/albaiulia\/wp-content\/uploads\/2016\/08\/etilotest-300x146.jpg\" alt=\"etilotest\" width=\"300\" height=\"146\" \/>Un b\u0103rbat \u00een v\u00e2rst\u0103 de 39 de ani din comuna Daia Rom\u00e2n\u0103 s-a ales cu dosar penal dup\u0103 ce a fost depistat de poli\u0163i\u015fti \u00een timp ce conducea un autoturism sub influen\u021ba alcoolului. Avea 0,91 mg\/litru alcool pur \u00een aerul expirat.<\/strong><\/p>\n<p align=\"JUSTIFY\"><span lang=\"ro-RO\">Potrivit IPJ Alba, la data de 26 octombrie, \u00een jurul orei 20.30, poli\u0163i\u015ftii Biroului Rutier Sebe\u015f l-au depistat pe R.A., de 39 de ani, din comuna Daia Rom\u00e2n\u0103, \u00een timp ce conducea un autoturism pe strada Principal\u0103 din comun\u0103, fiind sub influen\u0163a alcoolului.<\/span><\/p>\n<p align=\"JUSTIFY\"><span lang=\"ro-RO\">\u00cen urma test\u0103rii conduc\u0103torului auto cu aparatul etilotest, a rezultat valoarea de 0,91 mg\/l alcool pur \u00een aerul expirat, motiv pentru care a fost condus la spitalul din Sebe\u015f unde i-au fost recoltate mostre de s\u00e2nge, \u00een vederea stabilirii alcoolemiei.<\/span><\/p>\n<p lang=\"ro-RO\" align=\"JUSTIFY\">Fa\u0163\u0103 de R.A., cercet\u0103rile sunt continuate sub aspectul comiterii infrac\u021biunii de conducere sub influen\u0163a alcoolului.<\/p>\n","protected":false},"excerpt":{"rendered":"<p>Un b\u0103rbat \u00een v\u00e2rst\u0103 de 39 de ani din comuna Daia Rom\u00e2n\u0103 s-a ales cu dosar penal dup\u0103 ce a fost depistat de poli\u0163i\u015fti \u00een timp ce conducea un autoturism sub influen\u021ba alcoolului. Avea 0,91 mg\/litru alcool pur \u00een aerul expirat. Potrivit IPJ Alba, la data de 26 octombrie, \u00een jurul orei 20.30, poli\u0163i\u015ftii Biroului &hellip;<\/p>\n","protected":false},"author":17,"featured_media":30034,"comment_status":"open","ping_status":"open","sticky":false,"template":"","format":"standard","meta":{"inline_featured_image":false,"footnotes":""},"categories":[2034],"tags":[307,1364,2684,3716,2506,458,1223,308,76],"class_list":["post-34072","post","type-post","status-publish","format-standard","has-post-thumbnail","hentry","category-social","tag-alba","tag-alcool","tag-aparat-etilotest","tag-daia-romana","tag-dosar-penal","tag-politisti","tag-sebes","tag-stiri","tag-urbea-mea"],"yoast_head":"<!-- This site is optimized with the Yoast SEO plugin v27.4 - https:\/\/yoast.com\/product\/yoast-seo-wordpress\/ -->\n<title>B\u0103rbat din Daia Rom\u00e2n\u0103, cu dosar penal pentru conducere sub influen\u021ba alcoolului - Revista Urbea Mea - Revista de Alba<\/title>\n<meta name=\"description\" content=\"Un b\u0103rbat \u00een v\u00e2rst\u0103 de 39 de ani din comuna Daia Rom\u00e2n\u0103 s-a ales cu dosar penal dup\u0103 ce a fost depistat de poli\u0163i\u015fti \u00een timp ce conducea un autoturism sub\" \/>\n<meta name=\"robots\" content=\"index, follow, max-snippet:-1, max-image-preview:large, max-video-preview:-1\" \/>\n<link rel=\"canonical\" href=\"https:\/\/urbeamea.ro\/albaiulia\/barbat-din-daia-romana-cu-dosar-penal-pentru-conducere-sub-influenta-alcoolului\/\" \/>\n<meta name=\"twitter:card\" content=\"summary_large_image\" \/>\n<meta name=\"twitter:title\" content=\"B\u0103rbat din Daia Rom\u00e2n\u0103, cu dosar penal pentru conducere sub influen\u021ba alcoolului - Revista Urbea Mea - Revista de Alba\" \/>\n<meta name=\"twitter:description\" content=\"Un b\u0103rbat \u00een v\u00e2rst\u0103 de 39 de ani din comuna Daia Rom\u00e2n\u0103 s-a ales cu dosar penal dup\u0103 ce a fost depistat de poli\u0163i\u015fti \u00een timp ce conducea un autoturism sub\" \/>\n<meta name=\"twitter:image\" content=\"https:\/\/urbeamea.ro\/albaiulia\/wp-content\/uploads\/2016\/08\/etilotest.jpg\" \/>\n<meta name=\"twitter:creator\" content=\"@urbeameaweb\" \/>\n<meta name=\"twitter:site\" content=\"@urbeameaweb\" \/>\n<script type=\"application\/ld+json\" class=\"yoast-schema-graph\">{\"@context\":\"https:\\\/\\\/schema.org\",\"@graph\":[{\"@type\":\"Article\",\"@id\":\"https:\\\/\\\/urbeamea.ro\\\/albaiulia\\\/barbat-din-daia-romana-cu-dosar-penal-pentru-conducere-sub-influenta-alcoolului\\\/#article\",\"isPartOf\":{\"@id\":\"https:\\\/\\\/urbeamea.ro\\\/albaiulia\\\/barbat-din-daia-romana-cu-dosar-penal-pentru-conducere-sub-influenta-alcoolului\\\/\"},\"author\":{\"name\":\"Cristina Ganga\",\"@id\":\"https:\\\/\\\/urbeamea.ro\\\/albaiulia\\\/#\\\/schema\\\/person\\\/9700d21fae21c4f038b0b56f4506264a\"},\"headline\":\"B\u0103rbat din Daia Rom\u00e2n\u0103, cu dosar penal pentru conducere sub influen\u021ba alcoolului\",\"datePublished\":\"2016-10-27T08:37:32+00:00\",\"mainEntityOfPage\":{\"@id\":\"https:\\\/\\\/urbeamea.ro\\\/albaiulia\\\/barbat-din-daia-romana-cu-dosar-penal-pentru-conducere-sub-influenta-alcoolului\\\/\"},\"wordCount\":168,\"commentCount\":0,\"image\":{\"@id\":\"https:\\\/\\\/urbeamea.ro\\\/albaiulia\\\/barbat-din-daia-romana-cu-dosar-penal-pentru-conducere-sub-influenta-alcoolului\\\/#primaryimage\"},\"thumbnailUrl\":\"https:\\\/\\\/urbeamea.ro\\\/albaiulia\\\/wp-content\\\/uploads\\\/2016\\\/08\\\/etilotest.jpg\",\"keywords\":[\"alba\",\"alcool\",\"aparat etilotest\",\"daia romana\",\"dosar penal\",\"politisti\",\"sebes\",\"stiri\",\"Urbea Mea\"],\"articleSection\":[\"Social\"],\"inLanguage\":\"ro-RO\",\"potentialAction\":[{\"@type\":\"CommentAction\",\"name\":\"Comment\",\"target\":[\"https:\\\/\\\/urbeamea.ro\\\/albaiulia\\\/barbat-din-daia-romana-cu-dosar-penal-pentru-conducere-sub-influenta-alcoolului\\\/#respond\"]}]},{\"@type\":\"WebPage\",\"@id\":\"https:\\\/\\\/urbeamea.ro\\\/albaiulia\\\/barbat-din-daia-romana-cu-dosar-penal-pentru-conducere-sub-influenta-alcoolului\\\/\",\"url\":\"https:\\\/\\\/urbeamea.ro\\\/albaiulia\\\/barbat-din-daia-romana-cu-dosar-penal-pentru-conducere-sub-influenta-alcoolului\\\/\",\"name\":\"B\u0103rbat din Daia Rom\u00e2n\u0103, cu dosar penal pentru conducere sub influen\u021ba alcoolului - Revista Urbea Mea - Revista de Alba\",\"isPartOf\":{\"@id\":\"https:\\\/\\\/urbeamea.ro\\\/albaiulia\\\/#website\"},\"primaryImageOfPage\":{\"@id\":\"https:\\\/\\\/urbeamea.ro\\\/albaiulia\\\/barbat-din-daia-romana-cu-dosar-penal-pentru-conducere-sub-influenta-alcoolului\\\/#primaryimage\"},\"image\":{\"@id\":\"https:\\\/\\\/urbeamea.ro\\\/albaiulia\\\/barbat-din-daia-romana-cu-dosar-penal-pentru-conducere-sub-influenta-alcoolului\\\/#primaryimage\"},\"thumbnailUrl\":\"https:\\\/\\\/urbeamea.ro\\\/albaiulia\\\/wp-content\\\/uploads\\\/2016\\\/08\\\/etilotest.jpg\",\"datePublished\":\"2016-10-27T08:37:32+00:00\",\"author\":{\"@id\":\"https:\\\/\\\/urbeamea.ro\\\/albaiulia\\\/#\\\/schema\\\/person\\\/9700d21fae21c4f038b0b56f4506264a\"},\"description\":\"Un b\u0103rbat \u00een v\u00e2rst\u0103 de 39 de ani din comuna Daia Rom\u00e2n\u0103 s-a ales cu dosar penal dup\u0103 ce a fost depistat de poli\u0163i\u015fti \u00een timp ce conducea un autoturism sub\",\"breadcrumb\":{\"@id\":\"https:\\\/\\\/urbeamea.ro\\\/albaiulia\\\/barbat-din-daia-romana-cu-dosar-penal-pentru-conducere-sub-influenta-alcoolului\\\/#breadcrumb\"},\"inLanguage\":\"ro-RO\",\"potentialAction\":[{\"@type\":\"ReadAction\",\"target\":[\"https:\\\/\\\/urbeamea.ro\\\/albaiulia\\\/barbat-din-daia-romana-cu-dosar-penal-pentru-conducere-sub-influenta-alcoolului\\\/\"]}]},{\"@type\":\"ImageObject\",\"inLanguage\":\"ro-RO\",\"@id\":\"https:\\\/\\\/urbeamea.ro\\\/albaiulia\\\/barbat-din-daia-romana-cu-dosar-penal-pentru-conducere-sub-influenta-alcoolului\\\/#primaryimage\",\"url\":\"https:\\\/\\\/urbeamea.ro\\\/albaiulia\\\/wp-content\\\/uploads\\\/2016\\\/08\\\/etilotest.jpg\",\"contentUrl\":\"https:\\\/\\\/urbeamea.ro\\\/albaiulia\\\/wp-content\\\/uploads\\\/2016\\\/08\\\/etilotest.jpg\",\"width\":740,\"height\":360},{\"@type\":\"BreadcrumbList\",\"@id\":\"https:\\\/\\\/urbeamea.ro\\\/albaiulia\\\/barbat-din-daia-romana-cu-dosar-penal-pentru-conducere-sub-influenta-alcoolului\\\/#breadcrumb\",\"itemListElement\":[{\"@type\":\"ListItem\",\"position\":1,\"name\":\"Prima pagin\u0103\",\"item\":\"https:\\\/\\\/urbeamea.ro\\\/albaiulia\\\/\"},{\"@type\":\"ListItem\",\"position\":2,\"name\":\"B\u0103rbat din Daia Rom\u00e2n\u0103, cu dosar penal pentru conducere sub influen\u021ba alcoolului\"}]},{\"@type\":\"WebSite\",\"@id\":\"https:\\\/\\\/urbeamea.ro\\\/albaiulia\\\/#website\",\"url\":\"https:\\\/\\\/urbeamea.ro\\\/albaiulia\\\/\",\"name\":\"Revista Urbea Mea, Stiri urbane\",\"description\":\"Evenimente \u0219i \u0219tiri din Alba Iulia, Sebe\u0219, Aiud, Blaj\",\"potentialAction\":[{\"@type\":\"SearchAction\",\"target\":{\"@type\":\"EntryPoint\",\"urlTemplate\":\"https:\\\/\\\/urbeamea.ro\\\/albaiulia\\\/?s={search_term_string}\"},\"query-input\":{\"@type\":\"PropertyValueSpecification\",\"valueRequired\":true,\"valueName\":\"search_term_string\"}}],\"inLanguage\":\"ro-RO\"},{\"@type\":\"Person\",\"@id\":\"https:\\\/\\\/urbeamea.ro\\\/albaiulia\\\/#\\\/schema\\\/person\\\/9700d21fae21c4f038b0b56f4506264a\",\"name\":\"Cristina Ganga\",\"image\":{\"@type\":\"ImageObject\",\"inLanguage\":\"ro-RO\",\"@id\":\"https:\\\/\\\/secure.gravatar.com\\\/avatar\\\/5a67661041f057b4a8ccaf26f5a8e86e2689372006d01faf3dd9eeb10b654bb4?s=96&d=mm&r=g\",\"url\":\"https:\\\/\\\/secure.gravatar.com\\\/avatar\\\/5a67661041f057b4a8ccaf26f5a8e86e2689372006d01faf3dd9eeb10b654bb4?s=96&d=mm&r=g\",\"contentUrl\":\"https:\\\/\\\/secure.gravatar.com\\\/avatar\\\/5a67661041f057b4a8ccaf26f5a8e86e2689372006d01faf3dd9eeb10b654bb4?s=96&d=mm&r=g\",\"caption\":\"Cristina Ganga\"},\"description\":\"Jurnalist\",\"sameAs\":[\"https:\\\/\\\/www.facebook.com\\\/cristina.nicola.587\"],\"url\":\"https:\\\/\\\/urbeamea.ro\\\/albaiulia\\\/author\\\/cristina-nicola\\\/\"}]}<\/script>\n<!-- \/ Yoast SEO plugin. -->","yoast_head_json":{"title":"B\u0103rbat din Daia Rom\u00e2n\u0103, cu dosar penal pentru conducere sub influen\u021ba alcoolului - Revista Urbea Mea - Revista de Alba","description":"Un b\u0103rbat \u00een v\u00e2rst\u0103 de 39 de ani din comuna Daia Rom\u00e2n\u0103 s-a ales cu dosar penal dup\u0103 ce a fost depistat de poli\u0163i\u015fti \u00een timp ce conducea un autoturism sub","robots":{"index":"index","follow":"follow","max-snippet":"max-snippet:-1","max-image-preview":"max-image-preview:large","max-video-preview":"max-video-preview:-1"},"canonical":"https:\/\/urbeamea.ro\/albaiulia\/barbat-din-daia-romana-cu-dosar-penal-pentru-conducere-sub-influenta-alcoolului\/","twitter_card":"summary_large_image","twitter_title":"B\u0103rbat din Daia Rom\u00e2n\u0103, cu dosar penal pentru conducere sub influen\u021ba alcoolului - Revista Urbea Mea - Revista de Alba","twitter_description":"Un b\u0103rbat \u00een v\u00e2rst\u0103 de 39 de ani din comuna Daia Rom\u00e2n\u0103 s-a ales cu dosar penal dup\u0103 ce a fost depistat de poli\u0163i\u015fti \u00een timp ce conducea un autoturism sub","twitter_image":"https:\/\/urbeamea.ro\/albaiulia\/wp-content\/uploads\/2016\/08\/etilotest.jpg","twitter_creator":"@urbeameaweb","twitter_site":"@urbeameaweb","schema":{"@context":"https:\/\/schema.org","@graph":[{"@type":"Article","@id":"https:\/\/urbeamea.ro\/albaiulia\/barbat-din-daia-romana-cu-dosar-penal-pentru-conducere-sub-influenta-alcoolului\/#article","isPartOf":{"@id":"https:\/\/urbeamea.ro\/albaiulia\/barbat-din-daia-romana-cu-dosar-penal-pentru-conducere-sub-influenta-alcoolului\/"},"author":{"name":"Cristina Ganga","@id":"https:\/\/urbeamea.ro\/albaiulia\/#\/schema\/person\/9700d21fae21c4f038b0b56f4506264a"},"headline":"B\u0103rbat din Daia Rom\u00e2n\u0103, cu dosar penal pentru conducere sub influen\u021ba alcoolului","datePublished":"2016-10-27T08:37:32+00:00","mainEntityOfPage":{"@id":"https:\/\/urbeamea.ro\/albaiulia\/barbat-din-daia-romana-cu-dosar-penal-pentru-conducere-sub-influenta-alcoolului\/"},"wordCount":168,"commentCount":0,"image":{"@id":"https:\/\/urbeamea.ro\/albaiulia\/barbat-din-daia-romana-cu-dosar-penal-pentru-conducere-sub-influenta-alcoolului\/#primaryimage"},"thumbnailUrl":"https:\/\/urbeamea.ro\/albaiulia\/wp-content\/uploads\/2016\/08\/etilotest.jpg","keywords":["alba","alcool","aparat etilotest","daia romana","dosar penal","politisti","sebes","stiri","Urbea Mea"],"articleSection":["Social"],"inLanguage":"ro-RO","potentialAction":[{"@type":"CommentAction","name":"Comment","target":["https:\/\/urbeamea.ro\/albaiulia\/barbat-din-daia-romana-cu-dosar-penal-pentru-conducere-sub-influenta-alcoolului\/#respond"]}]},{"@type":"WebPage","@id":"https:\/\/urbeamea.ro\/albaiulia\/barbat-din-daia-romana-cu-dosar-penal-pentru-conducere-sub-influenta-alcoolului\/","url":"https:\/\/urbeamea.ro\/albaiulia\/barbat-din-daia-romana-cu-dosar-penal-pentru-conducere-sub-influenta-alcoolului\/","name":"B\u0103rbat din Daia Rom\u00e2n\u0103, cu dosar penal pentru conducere sub influen\u021ba alcoolului - Revista Urbea Mea - Revista de Alba","isPartOf":{"@id":"https:\/\/urbeamea.ro\/albaiulia\/#website"},"primaryImageOfPage":{"@id":"https:\/\/urbeamea.ro\/albaiulia\/barbat-din-daia-romana-cu-dosar-penal-pentru-conducere-sub-influenta-alcoolului\/#primaryimage"},"image":{"@id":"https:\/\/urbeamea.ro\/albaiulia\/barbat-din-daia-romana-cu-dosar-penal-pentru-conducere-sub-influenta-alcoolului\/#primaryimage"},"thumbnailUrl":"https:\/\/urbeamea.ro\/albaiulia\/wp-content\/uploads\/2016\/08\/etilotest.jpg","datePublished":"2016-10-27T08:37:32+00:00","author":{"@id":"https:\/\/urbeamea.ro\/albaiulia\/#\/schema\/person\/9700d21fae21c4f038b0b56f4506264a"},"description":"Un b\u0103rbat \u00een v\u00e2rst\u0103 de 39 de ani din comuna Daia Rom\u00e2n\u0103 s-a ales cu dosar penal dup\u0103 ce a fost depistat de poli\u0163i\u015fti \u00een timp ce conducea un autoturism sub","breadcrumb":{"@id":"https:\/\/urbeamea.ro\/albaiulia\/barbat-din-daia-romana-cu-dosar-penal-pentru-conducere-sub-influenta-alcoolului\/#breadcrumb"},"inLanguage":"ro-RO","potentialAction":[{"@type":"ReadAction","target":["https:\/\/urbeamea.ro\/albaiulia\/barbat-din-daia-romana-cu-dosar-penal-pentru-conducere-sub-influenta-alcoolului\/"]}]},{"@type":"ImageObject","inLanguage":"ro-RO","@id":"https:\/\/urbeamea.ro\/albaiulia\/barbat-din-daia-romana-cu-dosar-penal-pentru-conducere-sub-influenta-alcoolului\/#primaryimage","url":"https:\/\/urbeamea.ro\/albaiulia\/wp-content\/uploads\/2016\/08\/etilotest.jpg","contentUrl":"https:\/\/urbeamea.ro\/albaiulia\/wp-content\/uploads\/2016\/08\/etilotest.jpg","width":740,"height":360},{"@type":"BreadcrumbList","@id":"https:\/\/urbeamea.ro\/albaiulia\/barbat-din-daia-romana-cu-dosar-penal-pentru-conducere-sub-influenta-alcoolului\/#breadcrumb","itemListElement":[{"@type":"ListItem","position":1,"name":"Prima pagin\u0103","item":"https:\/\/urbeamea.ro\/albaiulia\/"},{"@type":"ListItem","position":2,"name":"B\u0103rbat din Daia Rom\u00e2n\u0103, cu dosar penal pentru conducere sub influen\u021ba alcoolului"}]},{"@type":"WebSite","@id":"https:\/\/urbeamea.ro\/albaiulia\/#website","url":"https:\/\/urbeamea.ro\/albaiulia\/","name":"Revista Urbea Mea, Stiri urbane","description":"Evenimente \u0219i \u0219tiri din Alba Iulia, Sebe\u0219, Aiud, Blaj","potentialAction":[{"@type":"SearchAction","target":{"@type":"EntryPoint","urlTemplate":"https:\/\/urbeamea.ro\/albaiulia\/?s={search_term_string}"},"query-input":{"@type":"PropertyValueSpecification","valueRequired":true,"valueName":"search_term_string"}}],"inLanguage":"ro-RO"},{"@type":"Person","@id":"https:\/\/urbeamea.ro\/albaiulia\/#\/schema\/person\/9700d21fae21c4f038b0b56f4506264a","name":"Cristina Ganga","image":{"@type":"ImageObject","inLanguage":"ro-RO","@id":"https:\/\/secure.gravatar.com\/avatar\/5a67661041f057b4a8ccaf26f5a8e86e2689372006d01faf3dd9eeb10b654bb4?s=96&d=mm&r=g","url":"https:\/\/secure.gravatar.com\/avatar\/5a67661041f057b4a8ccaf26f5a8e86e2689372006d01faf3dd9eeb10b654bb4?s=96&d=mm&r=g","contentUrl":"https:\/\/secure.gravatar.com\/avatar\/5a67661041f057b4a8ccaf26f5a8e86e2689372006d01faf3dd9eeb10b654bb4?s=96&d=mm&r=g","caption":"Cristina Ganga"},"description":"Jurnalist","sameAs":["https:\/\/www.facebook.com\/cristina.nicola.587"],"url":"https:\/\/urbeamea.ro\/albaiulia\/author\/cristina-nicola\/"}]}},"_links":{"self":[{"href":"https:\/\/urbeamea.ro\/albaiulia\/wp-json\/wp\/v2\/posts\/34072","targetHints":{"allow":["GET"]}}],"collection":[{"href":"https:\/\/urbeamea.ro\/albaiulia\/wp-json\/wp\/v2\/posts"}],"about":[{"href":"https:\/\/urbeamea.ro\/albaiulia\/wp-json\/wp\/v2\/types\/post"}],"author":[{"embeddable":true,"href":"https:\/\/urbeamea.ro\/albaiulia\/wp-json\/wp\/v2\/users\/17"}],"replies":[{"embeddable":true,"href":"https:\/\/urbeamea.ro\/albaiulia\/wp-json\/wp\/v2\/comments?post=34072"}],"version-history":[{"count":0,"href":"https:\/\/urbeamea.ro\/albaiulia\/wp-json\/wp\/v2\/posts\/34072\/revisions"}],"wp:featuredmedia":[{"embeddable":true,"href":"https:\/\/urbeamea.ro\/albaiulia\/wp-json\/wp\/v2\/media\/30034"}],"wp:attachment":[{"href":"https:\/\/urbeamea.ro\/albaiulia\/wp-json\/wp\/v2\/media?parent=34072"}],"wp:term":[{"taxonomy":"category","embeddable":true,"href":"https:\/\/urbeamea.ro\/albaiulia\/wp-json\/wp\/v2\/categories?post=34072"},{"taxonomy":"post_tag","embeddable":true,"href":"https:\/\/urbeamea.ro\/albaiulia\/wp-json\/wp\/v2\/tags?post=34072"}],"curies":[{"name":"wp","href":"https:\/\/api.w.org\/{rel}","templated":true}]}}