{"id":34143,"date":"2016-10-28T11:19:05","date_gmt":"2016-10-28T08:19:05","guid":{"rendered":"http:\/\/urbeamea.ro\/albaiulia\/?p=34143"},"modified":"2016-10-28T11:19:05","modified_gmt":"2016-10-28T08:19:05","slug":"accident-in-alba-iulia-o-tanara-a-intrat-cu-masina-pe-trotuar-si-a-acrosat-un-pieton","status":"publish","type":"post","link":"https:\/\/urbeamea.ro\/albaiulia\/accident-in-alba-iulia-o-tanara-a-intrat-cu-masina-pe-trotuar-si-a-acrosat-un-pieton\/","title":{"rendered":"Accident \u00een Alba Iulia: O t\u00e2n\u0103r\u0103 a intrat cu ma\u0219ina pe trotuar \u0219i a acro\u0219at un pieton"},"content":{"rendered":"<p><strong><img loading=\"lazy\" decoding=\"async\" class=\"size-medium wp-image-32779 alignleft\" src=\"http:\/\/urbeamea.ro\/albaiulia\/wp-content\/uploads\/2016\/10\/masina-politie-1.400x-300x169.jpg\" alt=\"masina-politie-1-400x\" width=\"300\" height=\"169\" srcset=\"https:\/\/urbeamea.ro\/albaiulia\/wp-content\/uploads\/2016\/10\/masina-politie-1.400x-300x169.jpg 300w, https:\/\/urbeamea.ro\/albaiulia\/wp-content\/uploads\/2016\/10\/masina-politie-1.400x-150x84.jpg 150w, https:\/\/urbeamea.ro\/albaiulia\/wp-content\/uploads\/2016\/10\/masina-politie-1.400x.jpg 400w\" sizes=\"auto, (max-width: 300px) 100vw, 300px\" \/>O t\u00e2n\u0103r\u0103 \u00een v\u00e2rst\u0103 de 31 de ani a ajuns la spital \u00een urma unui accident petrecut joi, pe Bulevardul Revolu\u021biei din Alba Iulia. Aceasta mergea pe trotuar \u00een timp ce o t\u00e2n\u0103r\u0103 din Alba Iulia \u00eencerca s\u0103 \u00ee\u0219i parcheze ma\u0219ina \u0219i a pierdut controlul volanului, acro\u0219\u00e2nd-o.<\/strong><\/p>\n<p>Potrivit IPJ Alba, la data de 27.10.2016, \u00een jurul orelor 17.39, pe b-dul Revolu\u0163iei din Alba Iulia, T.I., o t\u00e2n\u0103r\u0103 de 27 de ani, din Alba Iulia, \u00een timp ce efectua o manevr\u0103 de parcare a unui autoturism, a pierdut controlul asupra acestuia, a p\u0103truns pe trotuar \u015fi a acro\u015fat-o pe o femeie \u00een v\u00e2rst\u0103 de 31 de ani.<\/p>\n<p>\u00cen urma accidentului, femeia ce se afla pe trotuar a suferit leziuni la un picior \u015fi a fost transportat\u0103 la spitalul din Alba Iulia unde a primit \u00eengrijiri medicale.<\/p>\n<p>Conduc\u0103toarea auto a fost testat\u0103 cu aparatul etilotest, rezultatul fiind negativ.<\/p>\n<p>Cercet\u0103rile sunt continuate.<\/p>\n","protected":false},"excerpt":{"rendered":"<p>O t\u00e2n\u0103r\u0103 \u00een v\u00e2rst\u0103 de 31 de ani a ajuns la spital \u00een urma unui accident petrecut joi, pe Bulevardul Revolu\u021biei din Alba Iulia. Aceasta mergea pe trotuar \u00een timp ce o t\u00e2n\u0103r\u0103 din Alba Iulia \u00eencerca s\u0103 \u00ee\u0219i parcheze ma\u0219ina \u0219i a pierdut controlul volanului, acro\u0219\u00e2nd-o. Potrivit IPJ Alba, la data de 27.10.2016, \u00een &hellip;<\/p>\n","protected":false},"author":17,"featured_media":32779,"comment_status":"open","ping_status":"open","sticky":false,"template":"","format":"standard","meta":{"inline_featured_image":false,"footnotes":""},"categories":[2034],"tags":[83,31,4205,2445,1473,2198,308,8260,76],"class_list":["post-34143","post","type-post","status-publish","format-standard","has-post-thumbnail","hentry","category-social","tag-accident","tag-alba-iulia","tag-bulevardul-revolutiei","tag-ingrijiri-medicale","tag-masina","tag-spital","tag-stiri","tag-trotuar","tag-urbea-mea"],"yoast_head":"<!-- This site is optimized with the Yoast SEO plugin v27.4 - https:\/\/yoast.com\/product\/yoast-seo-wordpress\/ -->\n<title>Accident \u00een Alba Iulia: O t\u00e2n\u0103r\u0103 a intrat cu ma\u0219ina pe trotuar \u0219i a acro\u0219at un pieton - Revista Urbea Mea - Revista de Alba<\/title>\n<meta name=\"description\" content=\"O t\u00e2n\u0103r\u0103 \u00een v\u00e2rst\u0103 de 31 de ani a ajuns la spital \u00een urma unui accident petrecut joi, pe Bulevardul Revolu\u021biei din Alba Iulia. Aceasta mergea pe trotuar\" \/>\n<meta name=\"robots\" content=\"index, follow, max-snippet:-1, max-image-preview:large, max-video-preview:-1\" \/>\n<link rel=\"canonical\" href=\"https:\/\/urbeamea.ro\/albaiulia\/accident-in-alba-iulia-o-tanara-a-intrat-cu-masina-pe-trotuar-si-a-acrosat-un-pieton\/\" \/>\n<meta name=\"twitter:card\" content=\"summary_large_image\" \/>\n<meta name=\"twitter:title\" content=\"Accident \u00een Alba Iulia: O t\u00e2n\u0103r\u0103 a intrat cu ma\u0219ina pe trotuar \u0219i a acro\u0219at un pieton - Revista Urbea Mea - Revista de Alba\" \/>\n<meta name=\"twitter:description\" content=\"O t\u00e2n\u0103r\u0103 \u00een v\u00e2rst\u0103 de 31 de ani a ajuns la spital \u00een urma unui accident petrecut joi, pe Bulevardul Revolu\u021biei din Alba Iulia. Aceasta mergea pe trotuar\" \/>\n<meta name=\"twitter:image\" content=\"https:\/\/urbeamea.ro\/albaiulia\/wp-content\/uploads\/2016\/10\/masina-politie-1.400x.jpg\" \/>\n<meta name=\"twitter:creator\" content=\"@urbeameaweb\" \/>\n<meta name=\"twitter:site\" content=\"@urbeameaweb\" \/>\n<script type=\"application\/ld+json\" class=\"yoast-schema-graph\">{\"@context\":\"https:\\\/\\\/schema.org\",\"@graph\":[{\"@type\":\"Article\",\"@id\":\"https:\\\/\\\/urbeamea.ro\\\/albaiulia\\\/accident-in-alba-iulia-o-tanara-a-intrat-cu-masina-pe-trotuar-si-a-acrosat-un-pieton\\\/#article\",\"isPartOf\":{\"@id\":\"https:\\\/\\\/urbeamea.ro\\\/albaiulia\\\/accident-in-alba-iulia-o-tanara-a-intrat-cu-masina-pe-trotuar-si-a-acrosat-un-pieton\\\/\"},\"author\":{\"name\":\"Cristina Ganga\",\"@id\":\"https:\\\/\\\/urbeamea.ro\\\/albaiulia\\\/#\\\/schema\\\/person\\\/9700d21fae21c4f038b0b56f4506264a\"},\"headline\":\"Accident \u00een Alba Iulia: O t\u00e2n\u0103r\u0103 a intrat cu ma\u0219ina pe trotuar \u0219i a acro\u0219at un pieton\",\"datePublished\":\"2016-10-28T08:19:05+00:00\",\"mainEntityOfPage\":{\"@id\":\"https:\\\/\\\/urbeamea.ro\\\/albaiulia\\\/accident-in-alba-iulia-o-tanara-a-intrat-cu-masina-pe-trotuar-si-a-acrosat-un-pieton\\\/\"},\"wordCount\":182,\"commentCount\":0,\"image\":{\"@id\":\"https:\\\/\\\/urbeamea.ro\\\/albaiulia\\\/accident-in-alba-iulia-o-tanara-a-intrat-cu-masina-pe-trotuar-si-a-acrosat-un-pieton\\\/#primaryimage\"},\"thumbnailUrl\":\"https:\\\/\\\/urbeamea.ro\\\/albaiulia\\\/wp-content\\\/uploads\\\/2016\\\/10\\\/masina-politie-1.400x.jpg\",\"keywords\":[\"accident\",\"Alba Iulia\",\"bulevardul revolutiei\",\"ingrijiri medicale\",\"masina\",\"spital\",\"stiri\",\"trotuar\",\"Urbea Mea\"],\"articleSection\":[\"Social\"],\"inLanguage\":\"ro-RO\",\"potentialAction\":[{\"@type\":\"CommentAction\",\"name\":\"Comment\",\"target\":[\"https:\\\/\\\/urbeamea.ro\\\/albaiulia\\\/accident-in-alba-iulia-o-tanara-a-intrat-cu-masina-pe-trotuar-si-a-acrosat-un-pieton\\\/#respond\"]}]},{\"@type\":\"WebPage\",\"@id\":\"https:\\\/\\\/urbeamea.ro\\\/albaiulia\\\/accident-in-alba-iulia-o-tanara-a-intrat-cu-masina-pe-trotuar-si-a-acrosat-un-pieton\\\/\",\"url\":\"https:\\\/\\\/urbeamea.ro\\\/albaiulia\\\/accident-in-alba-iulia-o-tanara-a-intrat-cu-masina-pe-trotuar-si-a-acrosat-un-pieton\\\/\",\"name\":\"Accident \u00een Alba Iulia: O t\u00e2n\u0103r\u0103 a intrat cu ma\u0219ina pe trotuar \u0219i a acro\u0219at un pieton - Revista Urbea Mea - Revista de Alba\",\"isPartOf\":{\"@id\":\"https:\\\/\\\/urbeamea.ro\\\/albaiulia\\\/#website\"},\"primaryImageOfPage\":{\"@id\":\"https:\\\/\\\/urbeamea.ro\\\/albaiulia\\\/accident-in-alba-iulia-o-tanara-a-intrat-cu-masina-pe-trotuar-si-a-acrosat-un-pieton\\\/#primaryimage\"},\"image\":{\"@id\":\"https:\\\/\\\/urbeamea.ro\\\/albaiulia\\\/accident-in-alba-iulia-o-tanara-a-intrat-cu-masina-pe-trotuar-si-a-acrosat-un-pieton\\\/#primaryimage\"},\"thumbnailUrl\":\"https:\\\/\\\/urbeamea.ro\\\/albaiulia\\\/wp-content\\\/uploads\\\/2016\\\/10\\\/masina-politie-1.400x.jpg\",\"datePublished\":\"2016-10-28T08:19:05+00:00\",\"author\":{\"@id\":\"https:\\\/\\\/urbeamea.ro\\\/albaiulia\\\/#\\\/schema\\\/person\\\/9700d21fae21c4f038b0b56f4506264a\"},\"description\":\"O t\u00e2n\u0103r\u0103 \u00een v\u00e2rst\u0103 de 31 de ani a ajuns la spital \u00een urma unui accident petrecut joi, pe Bulevardul Revolu\u021biei din Alba Iulia. Aceasta mergea pe trotuar\",\"breadcrumb\":{\"@id\":\"https:\\\/\\\/urbeamea.ro\\\/albaiulia\\\/accident-in-alba-iulia-o-tanara-a-intrat-cu-masina-pe-trotuar-si-a-acrosat-un-pieton\\\/#breadcrumb\"},\"inLanguage\":\"ro-RO\",\"potentialAction\":[{\"@type\":\"ReadAction\",\"target\":[\"https:\\\/\\\/urbeamea.ro\\\/albaiulia\\\/accident-in-alba-iulia-o-tanara-a-intrat-cu-masina-pe-trotuar-si-a-acrosat-un-pieton\\\/\"]}]},{\"@type\":\"ImageObject\",\"inLanguage\":\"ro-RO\",\"@id\":\"https:\\\/\\\/urbeamea.ro\\\/albaiulia\\\/accident-in-alba-iulia-o-tanara-a-intrat-cu-masina-pe-trotuar-si-a-acrosat-un-pieton\\\/#primaryimage\",\"url\":\"https:\\\/\\\/urbeamea.ro\\\/albaiulia\\\/wp-content\\\/uploads\\\/2016\\\/10\\\/masina-politie-1.400x.jpg\",\"contentUrl\":\"https:\\\/\\\/urbeamea.ro\\\/albaiulia\\\/wp-content\\\/uploads\\\/2016\\\/10\\\/masina-politie-1.400x.jpg\",\"width\":400,\"height\":225},{\"@type\":\"BreadcrumbList\",\"@id\":\"https:\\\/\\\/urbeamea.ro\\\/albaiulia\\\/accident-in-alba-iulia-o-tanara-a-intrat-cu-masina-pe-trotuar-si-a-acrosat-un-pieton\\\/#breadcrumb\",\"itemListElement\":[{\"@type\":\"ListItem\",\"position\":1,\"name\":\"Prima pagin\u0103\",\"item\":\"https:\\\/\\\/urbeamea.ro\\\/albaiulia\\\/\"},{\"@type\":\"ListItem\",\"position\":2,\"name\":\"Accident \u00een Alba Iulia: O t\u00e2n\u0103r\u0103 a intrat cu ma\u0219ina pe trotuar \u0219i a acro\u0219at un pieton\"}]},{\"@type\":\"WebSite\",\"@id\":\"https:\\\/\\\/urbeamea.ro\\\/albaiulia\\\/#website\",\"url\":\"https:\\\/\\\/urbeamea.ro\\\/albaiulia\\\/\",\"name\":\"Revista Urbea Mea, Stiri urbane\",\"description\":\"Evenimente \u0219i \u0219tiri din Alba Iulia, Sebe\u0219, Aiud, Blaj\",\"potentialAction\":[{\"@type\":\"SearchAction\",\"target\":{\"@type\":\"EntryPoint\",\"urlTemplate\":\"https:\\\/\\\/urbeamea.ro\\\/albaiulia\\\/?s={search_term_string}\"},\"query-input\":{\"@type\":\"PropertyValueSpecification\",\"valueRequired\":true,\"valueName\":\"search_term_string\"}}],\"inLanguage\":\"ro-RO\"},{\"@type\":\"Person\",\"@id\":\"https:\\\/\\\/urbeamea.ro\\\/albaiulia\\\/#\\\/schema\\\/person\\\/9700d21fae21c4f038b0b56f4506264a\",\"name\":\"Cristina Ganga\",\"image\":{\"@type\":\"ImageObject\",\"inLanguage\":\"ro-RO\",\"@id\":\"https:\\\/\\\/secure.gravatar.com\\\/avatar\\\/5a67661041f057b4a8ccaf26f5a8e86e2689372006d01faf3dd9eeb10b654bb4?s=96&d=mm&r=g\",\"url\":\"https:\\\/\\\/secure.gravatar.com\\\/avatar\\\/5a67661041f057b4a8ccaf26f5a8e86e2689372006d01faf3dd9eeb10b654bb4?s=96&d=mm&r=g\",\"contentUrl\":\"https:\\\/\\\/secure.gravatar.com\\\/avatar\\\/5a67661041f057b4a8ccaf26f5a8e86e2689372006d01faf3dd9eeb10b654bb4?s=96&d=mm&r=g\",\"caption\":\"Cristina Ganga\"},\"description\":\"Jurnalist\",\"sameAs\":[\"https:\\\/\\\/www.facebook.com\\\/cristina.nicola.587\"],\"url\":\"https:\\\/\\\/urbeamea.ro\\\/albaiulia\\\/author\\\/cristina-nicola\\\/\"}]}<\/script>\n<!-- \/ Yoast SEO plugin. -->","yoast_head_json":{"title":"Accident \u00een Alba Iulia: O t\u00e2n\u0103r\u0103 a intrat cu ma\u0219ina pe trotuar \u0219i a acro\u0219at un pieton - Revista Urbea Mea - Revista de Alba","description":"O t\u00e2n\u0103r\u0103 \u00een v\u00e2rst\u0103 de 31 de ani a ajuns la spital \u00een urma unui accident petrecut joi, pe Bulevardul Revolu\u021biei din Alba Iulia. Aceasta mergea pe trotuar","robots":{"index":"index","follow":"follow","max-snippet":"max-snippet:-1","max-image-preview":"max-image-preview:large","max-video-preview":"max-video-preview:-1"},"canonical":"https:\/\/urbeamea.ro\/albaiulia\/accident-in-alba-iulia-o-tanara-a-intrat-cu-masina-pe-trotuar-si-a-acrosat-un-pieton\/","twitter_card":"summary_large_image","twitter_title":"Accident \u00een Alba Iulia: O t\u00e2n\u0103r\u0103 a intrat cu ma\u0219ina pe trotuar \u0219i a acro\u0219at un pieton - Revista Urbea Mea - Revista de Alba","twitter_description":"O t\u00e2n\u0103r\u0103 \u00een v\u00e2rst\u0103 de 31 de ani a ajuns la spital \u00een urma unui accident petrecut joi, pe Bulevardul Revolu\u021biei din Alba Iulia. Aceasta mergea pe trotuar","twitter_image":"https:\/\/urbeamea.ro\/albaiulia\/wp-content\/uploads\/2016\/10\/masina-politie-1.400x.jpg","twitter_creator":"@urbeameaweb","twitter_site":"@urbeameaweb","schema":{"@context":"https:\/\/schema.org","@graph":[{"@type":"Article","@id":"https:\/\/urbeamea.ro\/albaiulia\/accident-in-alba-iulia-o-tanara-a-intrat-cu-masina-pe-trotuar-si-a-acrosat-un-pieton\/#article","isPartOf":{"@id":"https:\/\/urbeamea.ro\/albaiulia\/accident-in-alba-iulia-o-tanara-a-intrat-cu-masina-pe-trotuar-si-a-acrosat-un-pieton\/"},"author":{"name":"Cristina Ganga","@id":"https:\/\/urbeamea.ro\/albaiulia\/#\/schema\/person\/9700d21fae21c4f038b0b56f4506264a"},"headline":"Accident \u00een Alba Iulia: O t\u00e2n\u0103r\u0103 a intrat cu ma\u0219ina pe trotuar \u0219i a acro\u0219at un pieton","datePublished":"2016-10-28T08:19:05+00:00","mainEntityOfPage":{"@id":"https:\/\/urbeamea.ro\/albaiulia\/accident-in-alba-iulia-o-tanara-a-intrat-cu-masina-pe-trotuar-si-a-acrosat-un-pieton\/"},"wordCount":182,"commentCount":0,"image":{"@id":"https:\/\/urbeamea.ro\/albaiulia\/accident-in-alba-iulia-o-tanara-a-intrat-cu-masina-pe-trotuar-si-a-acrosat-un-pieton\/#primaryimage"},"thumbnailUrl":"https:\/\/urbeamea.ro\/albaiulia\/wp-content\/uploads\/2016\/10\/masina-politie-1.400x.jpg","keywords":["accident","Alba Iulia","bulevardul revolutiei","ingrijiri medicale","masina","spital","stiri","trotuar","Urbea Mea"],"articleSection":["Social"],"inLanguage":"ro-RO","potentialAction":[{"@type":"CommentAction","name":"Comment","target":["https:\/\/urbeamea.ro\/albaiulia\/accident-in-alba-iulia-o-tanara-a-intrat-cu-masina-pe-trotuar-si-a-acrosat-un-pieton\/#respond"]}]},{"@type":"WebPage","@id":"https:\/\/urbeamea.ro\/albaiulia\/accident-in-alba-iulia-o-tanara-a-intrat-cu-masina-pe-trotuar-si-a-acrosat-un-pieton\/","url":"https:\/\/urbeamea.ro\/albaiulia\/accident-in-alba-iulia-o-tanara-a-intrat-cu-masina-pe-trotuar-si-a-acrosat-un-pieton\/","name":"Accident \u00een Alba Iulia: O t\u00e2n\u0103r\u0103 a intrat cu ma\u0219ina pe trotuar \u0219i a acro\u0219at un pieton - Revista Urbea Mea - Revista de Alba","isPartOf":{"@id":"https:\/\/urbeamea.ro\/albaiulia\/#website"},"primaryImageOfPage":{"@id":"https:\/\/urbeamea.ro\/albaiulia\/accident-in-alba-iulia-o-tanara-a-intrat-cu-masina-pe-trotuar-si-a-acrosat-un-pieton\/#primaryimage"},"image":{"@id":"https:\/\/urbeamea.ro\/albaiulia\/accident-in-alba-iulia-o-tanara-a-intrat-cu-masina-pe-trotuar-si-a-acrosat-un-pieton\/#primaryimage"},"thumbnailUrl":"https:\/\/urbeamea.ro\/albaiulia\/wp-content\/uploads\/2016\/10\/masina-politie-1.400x.jpg","datePublished":"2016-10-28T08:19:05+00:00","author":{"@id":"https:\/\/urbeamea.ro\/albaiulia\/#\/schema\/person\/9700d21fae21c4f038b0b56f4506264a"},"description":"O t\u00e2n\u0103r\u0103 \u00een v\u00e2rst\u0103 de 31 de ani a ajuns la spital \u00een urma unui accident petrecut joi, pe Bulevardul Revolu\u021biei din Alba Iulia. Aceasta mergea pe trotuar","breadcrumb":{"@id":"https:\/\/urbeamea.ro\/albaiulia\/accident-in-alba-iulia-o-tanara-a-intrat-cu-masina-pe-trotuar-si-a-acrosat-un-pieton\/#breadcrumb"},"inLanguage":"ro-RO","potentialAction":[{"@type":"ReadAction","target":["https:\/\/urbeamea.ro\/albaiulia\/accident-in-alba-iulia-o-tanara-a-intrat-cu-masina-pe-trotuar-si-a-acrosat-un-pieton\/"]}]},{"@type":"ImageObject","inLanguage":"ro-RO","@id":"https:\/\/urbeamea.ro\/albaiulia\/accident-in-alba-iulia-o-tanara-a-intrat-cu-masina-pe-trotuar-si-a-acrosat-un-pieton\/#primaryimage","url":"https:\/\/urbeamea.ro\/albaiulia\/wp-content\/uploads\/2016\/10\/masina-politie-1.400x.jpg","contentUrl":"https:\/\/urbeamea.ro\/albaiulia\/wp-content\/uploads\/2016\/10\/masina-politie-1.400x.jpg","width":400,"height":225},{"@type":"BreadcrumbList","@id":"https:\/\/urbeamea.ro\/albaiulia\/accident-in-alba-iulia-o-tanara-a-intrat-cu-masina-pe-trotuar-si-a-acrosat-un-pieton\/#breadcrumb","itemListElement":[{"@type":"ListItem","position":1,"name":"Prima pagin\u0103","item":"https:\/\/urbeamea.ro\/albaiulia\/"},{"@type":"ListItem","position":2,"name":"Accident \u00een Alba Iulia: O t\u00e2n\u0103r\u0103 a intrat cu ma\u0219ina pe trotuar \u0219i a acro\u0219at un pieton"}]},{"@type":"WebSite","@id":"https:\/\/urbeamea.ro\/albaiulia\/#website","url":"https:\/\/urbeamea.ro\/albaiulia\/","name":"Revista Urbea Mea, Stiri urbane","description":"Evenimente \u0219i \u0219tiri din Alba Iulia, Sebe\u0219, Aiud, Blaj","potentialAction":[{"@type":"SearchAction","target":{"@type":"EntryPoint","urlTemplate":"https:\/\/urbeamea.ro\/albaiulia\/?s={search_term_string}"},"query-input":{"@type":"PropertyValueSpecification","valueRequired":true,"valueName":"search_term_string"}}],"inLanguage":"ro-RO"},{"@type":"Person","@id":"https:\/\/urbeamea.ro\/albaiulia\/#\/schema\/person\/9700d21fae21c4f038b0b56f4506264a","name":"Cristina Ganga","image":{"@type":"ImageObject","inLanguage":"ro-RO","@id":"https:\/\/secure.gravatar.com\/avatar\/5a67661041f057b4a8ccaf26f5a8e86e2689372006d01faf3dd9eeb10b654bb4?s=96&d=mm&r=g","url":"https:\/\/secure.gravatar.com\/avatar\/5a67661041f057b4a8ccaf26f5a8e86e2689372006d01faf3dd9eeb10b654bb4?s=96&d=mm&r=g","contentUrl":"https:\/\/secure.gravatar.com\/avatar\/5a67661041f057b4a8ccaf26f5a8e86e2689372006d01faf3dd9eeb10b654bb4?s=96&d=mm&r=g","caption":"Cristina Ganga"},"description":"Jurnalist","sameAs":["https:\/\/www.facebook.com\/cristina.nicola.587"],"url":"https:\/\/urbeamea.ro\/albaiulia\/author\/cristina-nicola\/"}]}},"_links":{"self":[{"href":"https:\/\/urbeamea.ro\/albaiulia\/wp-json\/wp\/v2\/posts\/34143","targetHints":{"allow":["GET"]}}],"collection":[{"href":"https:\/\/urbeamea.ro\/albaiulia\/wp-json\/wp\/v2\/posts"}],"about":[{"href":"https:\/\/urbeamea.ro\/albaiulia\/wp-json\/wp\/v2\/types\/post"}],"author":[{"embeddable":true,"href":"https:\/\/urbeamea.ro\/albaiulia\/wp-json\/wp\/v2\/users\/17"}],"replies":[{"embeddable":true,"href":"https:\/\/urbeamea.ro\/albaiulia\/wp-json\/wp\/v2\/comments?post=34143"}],"version-history":[{"count":0,"href":"https:\/\/urbeamea.ro\/albaiulia\/wp-json\/wp\/v2\/posts\/34143\/revisions"}],"wp:featuredmedia":[{"embeddable":true,"href":"https:\/\/urbeamea.ro\/albaiulia\/wp-json\/wp\/v2\/media\/32779"}],"wp:attachment":[{"href":"https:\/\/urbeamea.ro\/albaiulia\/wp-json\/wp\/v2\/media?parent=34143"}],"wp:term":[{"taxonomy":"category","embeddable":true,"href":"https:\/\/urbeamea.ro\/albaiulia\/wp-json\/wp\/v2\/categories?post=34143"},{"taxonomy":"post_tag","embeddable":true,"href":"https:\/\/urbeamea.ro\/albaiulia\/wp-json\/wp\/v2\/tags?post=34143"}],"curies":[{"name":"wp","href":"https:\/\/api.w.org\/{rel}","templated":true}]}}