{"id":34320,"date":"2016-11-01T13:23:29","date_gmt":"2016-11-01T11:23:29","guid":{"rendered":"http:\/\/urbeamea.ro\/albaiulia\/?p=34320"},"modified":"2016-11-01T13:23:29","modified_gmt":"2016-11-01T11:23:29","slug":"accident-rutier-pe-soseaua-de-centura-a-orasului-alba-iulia-doua-persoane-au-fost-ranite-dupa-ce-doua-tir-uri-s-au-lovit-frontal","status":"publish","type":"post","link":"https:\/\/urbeamea.ro\/albaiulia\/accident-rutier-pe-soseaua-de-centura-a-orasului-alba-iulia-doua-persoane-au-fost-ranite-dupa-ce-doua-tir-uri-s-au-lovit-frontal\/","title":{"rendered":"Accident rutier pe \u0219oseaua de centur\u0103 a ora\u0219ului Alba Iulia: Dou\u0103 persoane au fost r\u0103nite dup\u0103 ce dou\u0103 TIR-uri s-au lovit frontal"},"content":{"rendered":"<p><strong><img loading=\"lazy\" decoding=\"async\" class=\"size-medium wp-image-32779 alignleft\" src=\"http:\/\/urbeamea.ro\/albaiulia\/wp-content\/uploads\/2016\/10\/masina-politie-1.400x-300x169.jpg\" alt=\"masina-politie-1-400x\" width=\"300\" height=\"169\" srcset=\"https:\/\/urbeamea.ro\/albaiulia\/wp-content\/uploads\/2016\/10\/masina-politie-1.400x-300x169.jpg 300w, https:\/\/urbeamea.ro\/albaiulia\/wp-content\/uploads\/2016\/10\/masina-politie-1.400x-150x84.jpg 150w, https:\/\/urbeamea.ro\/albaiulia\/wp-content\/uploads\/2016\/10\/masina-politie-1.400x.jpg 400w\" sizes=\"auto, (max-width: 300px) 100vw, 300px\" \/>Dou\u0103 persoane au fost r\u0103nite \u00een urma unui accident rutier petrecut luni, \u00een jurul orei 15.00, pe \u015foseaua de centur\u0103 a ora\u015fului Alba Iulia. Dou\u0103 TIR-uri s-au lovit frontal, \u00een zona intersec\u0163iei cu drumul spre Dr\u00e2mbar.<\/strong><\/p>\n<p>Potrivit IPJ Alba, l<span lang=\"ro-RO\">a data de 31 octombrie, \u00een jurul orei 15.15, pe \u015foseaua ocolitoare a municipiului Alba Iulia, V.V.,<\/span><span lang=\"ro-RO\"> de 45 de ani, din comuna Lup\u015fa, jude\u0163ul Alba, \u00een timp ce conducea o autoutilitar\u0103 \u00een direc\u0163ia Teiu\u015f \u2013 Sebe\u015f, s-a angajat \u00eentr-o dep\u0103\u015fire neregulamentar\u0103 \u015fi a intrat \u00een coliziune cu o autoutilitar\u0103 condusa de un b\u0103rbat de 36 de ani, din comuna Pianu, jude\u0163ul Alba.<\/span><\/p>\n<p><span lang=\"ro-RO\">\u00cen urma accidentului, \u015foferul vinovat de producerea lui a suferit leziuni grave, iar cel\u0103lalt conduc\u0103tor auto a fost r\u0103nit u\u015for, f\u0103r\u0103 a r\u0103m\u00e2ne internat \u00een spital.<\/span><\/p>\n<p><span lang=\"ro-RO\">Conduc\u0103torii auto au fost testa\u0163i cu aparatul etilotest, rezultatul fiind negativ, \u00een ambele cazuri.<\/span><\/p>\n<p><span lang=\"ro-RO\">Cercet\u0103rile sunt continuate.<\/span><\/p>\n","protected":false},"excerpt":{"rendered":"<p>Dou\u0103 persoane au fost r\u0103nite \u00een urma unui accident rutier petrecut luni, \u00een jurul orei 15.00, pe \u015foseaua de centur\u0103 a ora\u015fului Alba Iulia. Dou\u0103 TIR-uri s-au lovit frontal, \u00een zona intersec\u0163iei cu drumul spre Dr\u00e2mbar. Potrivit IPJ Alba, la data de 31 octombrie, \u00een jurul orei 15.15, pe \u015foseaua ocolitoare a municipiului Alba Iulia, &hellip;<\/p>\n","protected":false},"author":17,"featured_media":32779,"comment_status":"open","ping_status":"open","sticky":false,"template":"","format":"standard","meta":{"inline_featured_image":false,"footnotes":""},"categories":[2034],"tags":[2443,31,6124,1115,2940,2198,308,8337,76],"class_list":["post-34320","post","type-post","status-publish","format-standard","has-post-thumbnail","hentry","category-social","tag-accident-rutier","tag-alba-iulia","tag-lovit-frontal","tag-soferi","tag-soseaua-de-centura","tag-spital","tag-stiri","tag-tir-uri","tag-urbea-mea"],"yoast_head":"<!-- This site is optimized with the Yoast SEO plugin v28.3 - https:\/\/yoast.com\/product\/yoast-seo-wordpress\/ -->\n<title>Accident rutier pe \u0219oseaua de centur\u0103 a ora\u0219ului Alba Iulia: Dou\u0103 persoane au fost r\u0103nite dup\u0103 ce dou\u0103 TIR-uri s-au lovit frontal - Revista Urbea Mea - Revista de Alba<\/title>\n<meta name=\"description\" content=\"Dou\u0103 persoane au fost r\u0103nite \u00een urma unui accident rutier petrecut luni, \u00een jurul orei 15.00, pe \u015foseaua de centur\u0103 a ora\u015fului Alba Iulia. Dou\u0103 TIR-uri\" \/>\n<meta name=\"robots\" content=\"index, follow, max-snippet:-1, max-image-preview:large, max-video-preview:-1\" \/>\n<link rel=\"canonical\" href=\"https:\/\/urbeamea.ro\/albaiulia\/accident-rutier-pe-soseaua-de-centura-a-orasului-alba-iulia-doua-persoane-au-fost-ranite-dupa-ce-doua-tir-uri-s-au-lovit-frontal\/\" \/>\n<meta name=\"twitter:card\" content=\"summary_large_image\" \/>\n<meta name=\"twitter:title\" content=\"Accident rutier pe \u0219oseaua de centur\u0103 a ora\u0219ului Alba Iulia: Dou\u0103 persoane au fost r\u0103nite dup\u0103 ce dou\u0103 TIR-uri s-au lovit frontal - Revista Urbea Mea - Revista de Alba\" \/>\n<meta name=\"twitter:description\" content=\"Dou\u0103 persoane au fost r\u0103nite \u00een urma unui accident rutier petrecut luni, \u00een jurul orei 15.00, pe \u015foseaua de centur\u0103 a ora\u015fului Alba Iulia. Dou\u0103 TIR-uri\" \/>\n<meta name=\"twitter:image\" content=\"https:\/\/urbeamea.ro\/albaiulia\/wp-content\/uploads\/2016\/10\/masina-politie-1.400x.jpg\" \/>\n<meta name=\"twitter:creator\" content=\"@urbeameaweb\" \/>\n<meta name=\"twitter:site\" content=\"@urbeameaweb\" \/>\n<script type=\"application\/ld+json\" class=\"yoast-schema-graph\">{\"@context\":\"https:\\\/\\\/schema.org\",\"@graph\":[{\"@type\":\"Article\",\"@id\":\"https:\\\/\\\/urbeamea.ro\\\/albaiulia\\\/accident-rutier-pe-soseaua-de-centura-a-orasului-alba-iulia-doua-persoane-au-fost-ranite-dupa-ce-doua-tir-uri-s-au-lovit-frontal\\\/#article\",\"isPartOf\":{\"@id\":\"https:\\\/\\\/urbeamea.ro\\\/albaiulia\\\/accident-rutier-pe-soseaua-de-centura-a-orasului-alba-iulia-doua-persoane-au-fost-ranite-dupa-ce-doua-tir-uri-s-au-lovit-frontal\\\/\"},\"author\":{\"name\":\"Cristina Ganga\",\"@id\":\"https:\\\/\\\/urbeamea.ro\\\/albaiulia\\\/#\\\/schema\\\/person\\\/9700d21fae21c4f038b0b56f4506264a\"},\"headline\":\"Accident rutier pe \u0219oseaua de centur\u0103 a ora\u0219ului Alba Iulia: Dou\u0103 persoane au fost r\u0103nite dup\u0103 ce dou\u0103 TIR-uri s-au lovit frontal\",\"datePublished\":\"2016-11-01T11:23:29+00:00\",\"mainEntityOfPage\":{\"@id\":\"https:\\\/\\\/urbeamea.ro\\\/albaiulia\\\/accident-rutier-pe-soseaua-de-centura-a-orasului-alba-iulia-doua-persoane-au-fost-ranite-dupa-ce-doua-tir-uri-s-au-lovit-frontal\\\/\"},\"wordCount\":184,\"commentCount\":0,\"image\":{\"@id\":\"https:\\\/\\\/urbeamea.ro\\\/albaiulia\\\/accident-rutier-pe-soseaua-de-centura-a-orasului-alba-iulia-doua-persoane-au-fost-ranite-dupa-ce-doua-tir-uri-s-au-lovit-frontal\\\/#primaryimage\"},\"thumbnailUrl\":\"https:\\\/\\\/urbeamea.ro\\\/albaiulia\\\/wp-content\\\/uploads\\\/2016\\\/10\\\/masina-politie-1.400x.jpg\",\"keywords\":[\"accident rutier\",\"Alba Iulia\",\"lovit frontal\",\"soferi\",\"soseaua de centura\",\"spital\",\"stiri\",\"tir-uri\",\"Urbea Mea\"],\"articleSection\":[\"Social\"],\"inLanguage\":\"ro-RO\",\"potentialAction\":[{\"@type\":\"CommentAction\",\"name\":\"Comment\",\"target\":[\"https:\\\/\\\/urbeamea.ro\\\/albaiulia\\\/accident-rutier-pe-soseaua-de-centura-a-orasului-alba-iulia-doua-persoane-au-fost-ranite-dupa-ce-doua-tir-uri-s-au-lovit-frontal\\\/#respond\"]}]},{\"@type\":\"WebPage\",\"@id\":\"https:\\\/\\\/urbeamea.ro\\\/albaiulia\\\/accident-rutier-pe-soseaua-de-centura-a-orasului-alba-iulia-doua-persoane-au-fost-ranite-dupa-ce-doua-tir-uri-s-au-lovit-frontal\\\/\",\"url\":\"https:\\\/\\\/urbeamea.ro\\\/albaiulia\\\/accident-rutier-pe-soseaua-de-centura-a-orasului-alba-iulia-doua-persoane-au-fost-ranite-dupa-ce-doua-tir-uri-s-au-lovit-frontal\\\/\",\"name\":\"Accident rutier pe \u0219oseaua de centur\u0103 a ora\u0219ului Alba Iulia: Dou\u0103 persoane au fost r\u0103nite dup\u0103 ce dou\u0103 TIR-uri s-au lovit frontal - Revista Urbea Mea - Revista de Alba\",\"isPartOf\":{\"@id\":\"https:\\\/\\\/urbeamea.ro\\\/albaiulia\\\/#website\"},\"primaryImageOfPage\":{\"@id\":\"https:\\\/\\\/urbeamea.ro\\\/albaiulia\\\/accident-rutier-pe-soseaua-de-centura-a-orasului-alba-iulia-doua-persoane-au-fost-ranite-dupa-ce-doua-tir-uri-s-au-lovit-frontal\\\/#primaryimage\"},\"image\":{\"@id\":\"https:\\\/\\\/urbeamea.ro\\\/albaiulia\\\/accident-rutier-pe-soseaua-de-centura-a-orasului-alba-iulia-doua-persoane-au-fost-ranite-dupa-ce-doua-tir-uri-s-au-lovit-frontal\\\/#primaryimage\"},\"thumbnailUrl\":\"https:\\\/\\\/urbeamea.ro\\\/albaiulia\\\/wp-content\\\/uploads\\\/2016\\\/10\\\/masina-politie-1.400x.jpg\",\"datePublished\":\"2016-11-01T11:23:29+00:00\",\"author\":{\"@id\":\"https:\\\/\\\/urbeamea.ro\\\/albaiulia\\\/#\\\/schema\\\/person\\\/9700d21fae21c4f038b0b56f4506264a\"},\"description\":\"Dou\u0103 persoane au fost r\u0103nite \u00een urma unui accident rutier petrecut luni, \u00een jurul orei 15.00, pe \u015foseaua de centur\u0103 a ora\u015fului Alba Iulia. Dou\u0103 TIR-uri\",\"breadcrumb\":{\"@id\":\"https:\\\/\\\/urbeamea.ro\\\/albaiulia\\\/accident-rutier-pe-soseaua-de-centura-a-orasului-alba-iulia-doua-persoane-au-fost-ranite-dupa-ce-doua-tir-uri-s-au-lovit-frontal\\\/#breadcrumb\"},\"inLanguage\":\"ro-RO\",\"potentialAction\":[{\"@type\":\"ReadAction\",\"target\":[\"https:\\\/\\\/urbeamea.ro\\\/albaiulia\\\/accident-rutier-pe-soseaua-de-centura-a-orasului-alba-iulia-doua-persoane-au-fost-ranite-dupa-ce-doua-tir-uri-s-au-lovit-frontal\\\/\"]}]},{\"@type\":\"ImageObject\",\"inLanguage\":\"ro-RO\",\"@id\":\"https:\\\/\\\/urbeamea.ro\\\/albaiulia\\\/accident-rutier-pe-soseaua-de-centura-a-orasului-alba-iulia-doua-persoane-au-fost-ranite-dupa-ce-doua-tir-uri-s-au-lovit-frontal\\\/#primaryimage\",\"url\":\"https:\\\/\\\/urbeamea.ro\\\/albaiulia\\\/wp-content\\\/uploads\\\/2016\\\/10\\\/masina-politie-1.400x.jpg\",\"contentUrl\":\"https:\\\/\\\/urbeamea.ro\\\/albaiulia\\\/wp-content\\\/uploads\\\/2016\\\/10\\\/masina-politie-1.400x.jpg\",\"width\":400,\"height\":225},{\"@type\":\"BreadcrumbList\",\"@id\":\"https:\\\/\\\/urbeamea.ro\\\/albaiulia\\\/accident-rutier-pe-soseaua-de-centura-a-orasului-alba-iulia-doua-persoane-au-fost-ranite-dupa-ce-doua-tir-uri-s-au-lovit-frontal\\\/#breadcrumb\",\"itemListElement\":[{\"@type\":\"ListItem\",\"position\":1,\"name\":\"Prima pagin\u0103\",\"item\":\"https:\\\/\\\/urbeamea.ro\\\/albaiulia\\\/\"},{\"@type\":\"ListItem\",\"position\":2,\"name\":\"Accident rutier pe \u0219oseaua de centur\u0103 a ora\u0219ului Alba Iulia: Dou\u0103 persoane au fost r\u0103nite dup\u0103 ce dou\u0103 TIR-uri s-au lovit frontal\"}]},{\"@type\":\"WebSite\",\"@id\":\"https:\\\/\\\/urbeamea.ro\\\/albaiulia\\\/#website\",\"url\":\"https:\\\/\\\/urbeamea.ro\\\/albaiulia\\\/\",\"name\":\"Revista Urbea Mea, Stiri urbane\",\"description\":\"Evenimente \u0219i \u0219tiri din Alba Iulia, Sebe\u0219, Aiud, Blaj\",\"potentialAction\":[{\"@type\":\"SearchAction\",\"target\":{\"@type\":\"EntryPoint\",\"urlTemplate\":\"https:\\\/\\\/urbeamea.ro\\\/albaiulia\\\/?s={search_term_string}\"},\"query-input\":{\"@type\":\"PropertyValueSpecification\",\"valueRequired\":true,\"valueName\":\"search_term_string\"}}],\"inLanguage\":\"ro-RO\"},{\"@type\":\"Person\",\"@id\":\"https:\\\/\\\/urbeamea.ro\\\/albaiulia\\\/#\\\/schema\\\/person\\\/9700d21fae21c4f038b0b56f4506264a\",\"name\":\"Cristina Ganga\",\"image\":{\"@type\":\"ImageObject\",\"inLanguage\":\"ro-RO\",\"@id\":\"https:\\\/\\\/secure.gravatar.com\\\/avatar\\\/5a67661041f057b4a8ccaf26f5a8e86e2689372006d01faf3dd9eeb10b654bb4?s=96&d=mm&r=g\",\"url\":\"https:\\\/\\\/secure.gravatar.com\\\/avatar\\\/5a67661041f057b4a8ccaf26f5a8e86e2689372006d01faf3dd9eeb10b654bb4?s=96&d=mm&r=g\",\"contentUrl\":\"https:\\\/\\\/secure.gravatar.com\\\/avatar\\\/5a67661041f057b4a8ccaf26f5a8e86e2689372006d01faf3dd9eeb10b654bb4?s=96&d=mm&r=g\",\"caption\":\"Cristina Ganga\"},\"description\":\"Jurnalist\",\"sameAs\":[\"https:\\\/\\\/www.facebook.com\\\/cristina.nicola.587\"],\"url\":\"https:\\\/\\\/urbeamea.ro\\\/albaiulia\\\/author\\\/cristina-nicola\\\/\"}]}<\/script>\n<!-- \/ Yoast SEO plugin. -->","yoast_head_json":{"title":"Accident rutier pe \u0219oseaua de centur\u0103 a ora\u0219ului Alba Iulia: Dou\u0103 persoane au fost r\u0103nite dup\u0103 ce dou\u0103 TIR-uri s-au lovit frontal - Revista Urbea Mea - Revista de Alba","description":"Dou\u0103 persoane au fost r\u0103nite \u00een urma unui accident rutier petrecut luni, \u00een jurul orei 15.00, pe \u015foseaua de centur\u0103 a ora\u015fului Alba Iulia. Dou\u0103 TIR-uri","robots":{"index":"index","follow":"follow","max-snippet":"max-snippet:-1","max-image-preview":"max-image-preview:large","max-video-preview":"max-video-preview:-1"},"canonical":"https:\/\/urbeamea.ro\/albaiulia\/accident-rutier-pe-soseaua-de-centura-a-orasului-alba-iulia-doua-persoane-au-fost-ranite-dupa-ce-doua-tir-uri-s-au-lovit-frontal\/","twitter_card":"summary_large_image","twitter_title":"Accident rutier pe \u0219oseaua de centur\u0103 a ora\u0219ului Alba Iulia: Dou\u0103 persoane au fost r\u0103nite dup\u0103 ce dou\u0103 TIR-uri s-au lovit frontal - Revista Urbea Mea - Revista de Alba","twitter_description":"Dou\u0103 persoane au fost r\u0103nite \u00een urma unui accident rutier petrecut luni, \u00een jurul orei 15.00, pe \u015foseaua de centur\u0103 a ora\u015fului Alba Iulia. Dou\u0103 TIR-uri","twitter_image":"https:\/\/urbeamea.ro\/albaiulia\/wp-content\/uploads\/2016\/10\/masina-politie-1.400x.jpg","twitter_creator":"@urbeameaweb","twitter_site":"@urbeameaweb","schema":{"@context":"https:\/\/schema.org","@graph":[{"@type":"Article","@id":"https:\/\/urbeamea.ro\/albaiulia\/accident-rutier-pe-soseaua-de-centura-a-orasului-alba-iulia-doua-persoane-au-fost-ranite-dupa-ce-doua-tir-uri-s-au-lovit-frontal\/#article","isPartOf":{"@id":"https:\/\/urbeamea.ro\/albaiulia\/accident-rutier-pe-soseaua-de-centura-a-orasului-alba-iulia-doua-persoane-au-fost-ranite-dupa-ce-doua-tir-uri-s-au-lovit-frontal\/"},"author":{"name":"Cristina Ganga","@id":"https:\/\/urbeamea.ro\/albaiulia\/#\/schema\/person\/9700d21fae21c4f038b0b56f4506264a"},"headline":"Accident rutier pe \u0219oseaua de centur\u0103 a ora\u0219ului Alba Iulia: Dou\u0103 persoane au fost r\u0103nite dup\u0103 ce dou\u0103 TIR-uri s-au lovit frontal","datePublished":"2016-11-01T11:23:29+00:00","mainEntityOfPage":{"@id":"https:\/\/urbeamea.ro\/albaiulia\/accident-rutier-pe-soseaua-de-centura-a-orasului-alba-iulia-doua-persoane-au-fost-ranite-dupa-ce-doua-tir-uri-s-au-lovit-frontal\/"},"wordCount":184,"commentCount":0,"image":{"@id":"https:\/\/urbeamea.ro\/albaiulia\/accident-rutier-pe-soseaua-de-centura-a-orasului-alba-iulia-doua-persoane-au-fost-ranite-dupa-ce-doua-tir-uri-s-au-lovit-frontal\/#primaryimage"},"thumbnailUrl":"https:\/\/urbeamea.ro\/albaiulia\/wp-content\/uploads\/2016\/10\/masina-politie-1.400x.jpg","keywords":["accident rutier","Alba Iulia","lovit frontal","soferi","soseaua de centura","spital","stiri","tir-uri","Urbea Mea"],"articleSection":["Social"],"inLanguage":"ro-RO","potentialAction":[{"@type":"CommentAction","name":"Comment","target":["https:\/\/urbeamea.ro\/albaiulia\/accident-rutier-pe-soseaua-de-centura-a-orasului-alba-iulia-doua-persoane-au-fost-ranite-dupa-ce-doua-tir-uri-s-au-lovit-frontal\/#respond"]}]},{"@type":"WebPage","@id":"https:\/\/urbeamea.ro\/albaiulia\/accident-rutier-pe-soseaua-de-centura-a-orasului-alba-iulia-doua-persoane-au-fost-ranite-dupa-ce-doua-tir-uri-s-au-lovit-frontal\/","url":"https:\/\/urbeamea.ro\/albaiulia\/accident-rutier-pe-soseaua-de-centura-a-orasului-alba-iulia-doua-persoane-au-fost-ranite-dupa-ce-doua-tir-uri-s-au-lovit-frontal\/","name":"Accident rutier pe \u0219oseaua de centur\u0103 a ora\u0219ului Alba Iulia: Dou\u0103 persoane au fost r\u0103nite dup\u0103 ce dou\u0103 TIR-uri s-au lovit frontal - Revista Urbea Mea - Revista de Alba","isPartOf":{"@id":"https:\/\/urbeamea.ro\/albaiulia\/#website"},"primaryImageOfPage":{"@id":"https:\/\/urbeamea.ro\/albaiulia\/accident-rutier-pe-soseaua-de-centura-a-orasului-alba-iulia-doua-persoane-au-fost-ranite-dupa-ce-doua-tir-uri-s-au-lovit-frontal\/#primaryimage"},"image":{"@id":"https:\/\/urbeamea.ro\/albaiulia\/accident-rutier-pe-soseaua-de-centura-a-orasului-alba-iulia-doua-persoane-au-fost-ranite-dupa-ce-doua-tir-uri-s-au-lovit-frontal\/#primaryimage"},"thumbnailUrl":"https:\/\/urbeamea.ro\/albaiulia\/wp-content\/uploads\/2016\/10\/masina-politie-1.400x.jpg","datePublished":"2016-11-01T11:23:29+00:00","author":{"@id":"https:\/\/urbeamea.ro\/albaiulia\/#\/schema\/person\/9700d21fae21c4f038b0b56f4506264a"},"description":"Dou\u0103 persoane au fost r\u0103nite \u00een urma unui accident rutier petrecut luni, \u00een jurul orei 15.00, pe \u015foseaua de centur\u0103 a ora\u015fului Alba Iulia. Dou\u0103 TIR-uri","breadcrumb":{"@id":"https:\/\/urbeamea.ro\/albaiulia\/accident-rutier-pe-soseaua-de-centura-a-orasului-alba-iulia-doua-persoane-au-fost-ranite-dupa-ce-doua-tir-uri-s-au-lovit-frontal\/#breadcrumb"},"inLanguage":"ro-RO","potentialAction":[{"@type":"ReadAction","target":["https:\/\/urbeamea.ro\/albaiulia\/accident-rutier-pe-soseaua-de-centura-a-orasului-alba-iulia-doua-persoane-au-fost-ranite-dupa-ce-doua-tir-uri-s-au-lovit-frontal\/"]}]},{"@type":"ImageObject","inLanguage":"ro-RO","@id":"https:\/\/urbeamea.ro\/albaiulia\/accident-rutier-pe-soseaua-de-centura-a-orasului-alba-iulia-doua-persoane-au-fost-ranite-dupa-ce-doua-tir-uri-s-au-lovit-frontal\/#primaryimage","url":"https:\/\/urbeamea.ro\/albaiulia\/wp-content\/uploads\/2016\/10\/masina-politie-1.400x.jpg","contentUrl":"https:\/\/urbeamea.ro\/albaiulia\/wp-content\/uploads\/2016\/10\/masina-politie-1.400x.jpg","width":400,"height":225},{"@type":"BreadcrumbList","@id":"https:\/\/urbeamea.ro\/albaiulia\/accident-rutier-pe-soseaua-de-centura-a-orasului-alba-iulia-doua-persoane-au-fost-ranite-dupa-ce-doua-tir-uri-s-au-lovit-frontal\/#breadcrumb","itemListElement":[{"@type":"ListItem","position":1,"name":"Prima pagin\u0103","item":"https:\/\/urbeamea.ro\/albaiulia\/"},{"@type":"ListItem","position":2,"name":"Accident rutier pe \u0219oseaua de centur\u0103 a ora\u0219ului Alba Iulia: Dou\u0103 persoane au fost r\u0103nite dup\u0103 ce dou\u0103 TIR-uri s-au lovit frontal"}]},{"@type":"WebSite","@id":"https:\/\/urbeamea.ro\/albaiulia\/#website","url":"https:\/\/urbeamea.ro\/albaiulia\/","name":"Revista Urbea Mea, Stiri urbane","description":"Evenimente \u0219i \u0219tiri din Alba Iulia, Sebe\u0219, Aiud, Blaj","potentialAction":[{"@type":"SearchAction","target":{"@type":"EntryPoint","urlTemplate":"https:\/\/urbeamea.ro\/albaiulia\/?s={search_term_string}"},"query-input":{"@type":"PropertyValueSpecification","valueRequired":true,"valueName":"search_term_string"}}],"inLanguage":"ro-RO"},{"@type":"Person","@id":"https:\/\/urbeamea.ro\/albaiulia\/#\/schema\/person\/9700d21fae21c4f038b0b56f4506264a","name":"Cristina Ganga","image":{"@type":"ImageObject","inLanguage":"ro-RO","@id":"https:\/\/secure.gravatar.com\/avatar\/5a67661041f057b4a8ccaf26f5a8e86e2689372006d01faf3dd9eeb10b654bb4?s=96&d=mm&r=g","url":"https:\/\/secure.gravatar.com\/avatar\/5a67661041f057b4a8ccaf26f5a8e86e2689372006d01faf3dd9eeb10b654bb4?s=96&d=mm&r=g","contentUrl":"https:\/\/secure.gravatar.com\/avatar\/5a67661041f057b4a8ccaf26f5a8e86e2689372006d01faf3dd9eeb10b654bb4?s=96&d=mm&r=g","caption":"Cristina Ganga"},"description":"Jurnalist","sameAs":["https:\/\/www.facebook.com\/cristina.nicola.587"],"url":"https:\/\/urbeamea.ro\/albaiulia\/author\/cristina-nicola\/"}]}},"_links":{"self":[{"href":"https:\/\/urbeamea.ro\/albaiulia\/wp-json\/wp\/v2\/posts\/34320","targetHints":{"allow":["GET"]}}],"collection":[{"href":"https:\/\/urbeamea.ro\/albaiulia\/wp-json\/wp\/v2\/posts"}],"about":[{"href":"https:\/\/urbeamea.ro\/albaiulia\/wp-json\/wp\/v2\/types\/post"}],"author":[{"embeddable":true,"href":"https:\/\/urbeamea.ro\/albaiulia\/wp-json\/wp\/v2\/users\/17"}],"replies":[{"embeddable":true,"href":"https:\/\/urbeamea.ro\/albaiulia\/wp-json\/wp\/v2\/comments?post=34320"}],"version-history":[{"count":0,"href":"https:\/\/urbeamea.ro\/albaiulia\/wp-json\/wp\/v2\/posts\/34320\/revisions"}],"wp:featuredmedia":[{"embeddable":true,"href":"https:\/\/urbeamea.ro\/albaiulia\/wp-json\/wp\/v2\/media\/32779"}],"wp:attachment":[{"href":"https:\/\/urbeamea.ro\/albaiulia\/wp-json\/wp\/v2\/media?parent=34320"}],"wp:term":[{"taxonomy":"category","embeddable":true,"href":"https:\/\/urbeamea.ro\/albaiulia\/wp-json\/wp\/v2\/categories?post=34320"},{"taxonomy":"post_tag","embeddable":true,"href":"https:\/\/urbeamea.ro\/albaiulia\/wp-json\/wp\/v2\/tags?post=34320"}],"curies":[{"name":"wp","href":"https:\/\/api.w.org\/{rel}","templated":true}]}}