{"id":34385,"date":"2016-11-09T12:20:58","date_gmt":"2016-11-09T10:20:58","guid":{"rendered":"http:\/\/urbeamea.ro\/albaiulia\/?p=34385"},"modified":"2016-11-09T12:27:06","modified_gmt":"2016-11-09T10:27:06","slug":"9-11-noiembrie-conferinta-managementul-carierei-la-universitatea-1-decembrie-1918-din-alba-iulia","status":"publish","type":"post","link":"https:\/\/urbeamea.ro\/albaiulia\/9-11-noiembrie-conferinta-managementul-carierei-la-universitatea-1-decembrie-1918-din-alba-iulia\/","title":{"rendered":"9-11 noiembrie: Conferin\u021ba \u201eManagementul carierei\u201d, la Universitatea \u201e1 Decembrie 1918\u201d din Alba Iulia"},"content":{"rendered":"<p><strong><img loading=\"lazy\" decoding=\"async\" class=\"size-medium wp-image-9877 alignleft\" src=\"http:\/\/urbeamea.ro\/albaiulia\/wp-content\/uploads\/2015\/10\/universitatea-1-decembrie-300x201.jpg\" alt=\"universitatea-1-decembrie\" width=\"300\" height=\"201\" \/>\u00cen perioada 9- 11 noiembrie, la Universitatea \u201e1 Decembrie 1918\u201d din Alba Iulia va avea loc cea de-a IV-a edi\u021bie a conferin\u021bei \u201eManagementul carierei\u201d, unde speakeri \u0219i modele \u00een dezvoltarea unei cariere profesionale vor vorbi despre carier\u0103, evolu\u021bie \u0219i succes.<\/strong><\/p>\n<p>Cele trei zile ale evenimentului vor reuni auditoriul interesat (studen\u021bi, elevi, absolven\u021bi, cadre didactice, angajatori) \u00eentr-un program intens, \u00een cadrul c\u0103ruia participan\u021bii vor avea parte de ateliere dedicate dezvolt\u0103rii personale \u0219i profesionale \u0219i prelegeri, care se vor derula \u00eentr-o manier\u0103 interactiv\u0103.<\/p>\n<p>La fel ca \u0219i \u00een cadrul primelor trei edi\u021bii ale conferin\u021bei, corpul de voluntari al Centrului de Informare, Consiliere \u0219i Orientare \u00een Carier\u0103 al Universit\u0103\u021bii \u201e1 Decembrie 1918\u201d din Alba Iulia (CICOC- UAB), format din studen\u021bi de la mai multe facult\u0103\u021bi, este implicat activ \u00een organizarea evenimentului, pentru ca acesta s\u0103 se desf\u0103\u0219oare \u00een cele mai bune condi\u021bii pentru cei prezen\u021bi.<\/p>\n<p>\u00cen prima zi a conferin\u021bei, 9 noiembrie 2016, \u00een intervalul orar 9:30 \u2013 15:30, vor avea loc un num\u0103r de cinci ateliere deschise, cu num\u0103r limitat de participan\u021bi, dup\u0103 cum urmeaz\u0103:<\/p>\n<ul>\n<li>Atelierul \u201eDezvoltarea personal\u0103 \u0219i succesul profesional: a face, a privi, a g\u00e2ndi, a planifica\u201d, sus\u021binut de c\u0103tre Ovidiu Panaite, trainer, \u00een Sala Aula Mic\u0103 a UAB, interval orar: 9:30-11:30, num\u0103r de participan\u021bi: 25.<\/li>\n<li>Atelierul \u201eVrei s\u0103 fii fericit? Fii recunosc\u0103tor!\u201d, sus\u021binut de c\u0103tre Valeriu St\u00e2nea, antreprenor, \u00een Sala Senatului UAB, interval orar: 10:00-11:30, num\u0103r de participan\u021bi: 25.<\/li>\n<li>Atelierul \u201eDe ce nu \u00eemi spune \u0219i mie cineva?! Kit de supravie\u021buire \u00een mediul profesional\u201d, sus\u021binut de c\u0103tre Andreea Groza, trainer, \u00een Sala Consiliului Administra\u021bie al UAB, interval orar: 10:00-11:30, num\u0103r de participan\u021bi: 20.<\/li>\n<li>Atelierul <span lang=\"fr-FR\">\u201e<\/span>De vorba cu tine, despre primii pa\u0219i \u00een carier\u0103!\u201d, sus\u021binut de c\u0103tre Larisa Dragolea, trainer, consilier orientare privind cariera, \u00een Sala Senatului UAB, interval orar: 12:00-13:30, num\u0103r de participan\u021bi: 30.<\/li>\n<li>Atelierul \u201eG\u00e2ndirea \u0219i abilit\u0103\u021bile unui antreprenor inovativ\u201d, sus\u021binut de c\u0103tre Alexandru Roja, Director executiv Startup Transilvania Cluj Napoca, \u00een Sala Senatului UAB, interval orar: 14:00-15:30, num\u0103r de participan\u021bi: 45.<\/li>\n<\/ul>\n<p>\u00cen cea de a doua zi a Conferin\u021bei (joi, 10 noiembrie 2016), vor avea loc 3 prelegeri publice, cu sesiune de O&amp;A aferente, sus\u021binute de c\u0103tre invita\u021bii: Dan S\u0103rm\u0103\u0219an, Sendy \u021a\u0103lnar \u0219i Cezar Grigoriu, dup\u0103 urm\u0103torul desf\u0103\u0219ur\u0103tor:<\/p>\n<ul>\n<li>9:30-10:00 \u2013 Deschiderea Conferin\u021bei<\/li>\n<li>10:00-11:00 \u2013 Dan S\u0103rm\u0103\u0219an, pre\u0219edintele consiliului de supraveghere al Agra\u2019s<\/li>\n<li>11:00-11:30 \u2013 Sesiune de \u00eentreb\u0103ri \u0219i r\u0103spunsuri<\/li>\n<li>11:30-12:30 \u2013 Sendy \u021a\u0103lnar, manager \u0219i trainer la propriul club de sport din ora\u0219ul Alba Iulia, Sendy Club<\/li>\n<li>12:30-12:45 \u2013 Sesiune de \u00eentreb\u0103ri \u0219i r\u0103spunsuri<\/li>\n<li>12:45-13:00 \u2013 Pauz\u0103<\/li>\n<li>13:00-14:00 \u2013 Cezar Grigoriu, trainer, autor, public speaker<\/li>\n<li>14:00-14:30 \u2013 Sesiune de \u00eentreb\u0103ri \u0219i r\u0103spunsuri<\/li>\n<\/ul>\n<p>Concluzii \u0219i feedback din partea participan\u021bilor.Acordarea certificatelor de participare<\/p>\n<p>A treia zi a evenimentului, 11 noiembrie, va g\u0103zdui o mas\u0103 rotund\u0103 cu tema: \u201eParteneriatul Universitate \u2013 absolvent \u2013 angajator. Modele de succes \u00een carier\u0103 \u00een comunitatea albaiulian\u0103\u201d, moderat\u0103 de Dorin Sava, Director Executiv Funda\u021bia Comunitar\u0103 Alba. Locul de desf\u0103\u0219urare va fi Sala Senatului UAB, \u00een intervalul orar: 14:00-16:00. Sunt invita\u021bi s\u0103 participe angajatori, studen\u021bi, cadre didactice din toate domeniile conexe programelor de studii ale Universit\u0103\u021bii.<\/p>\n<p>Participarea la ateliere \u0219i\/sau prelegerile publice se face doar pe baz\u0103 de invita\u0163ie nominal\u0103, care se distribuie\u00a0gratuit.\u00a0Invita\u0163iile pot fi ridicate \u00een zilele de 4, 7 \u0219i 8 noiembrie, de la biroul Centrului de Informare, Consiliere \u0219i Orientare \u00een Carier\u0103 (CICOC) al Universit\u0103\u021bii ,,1 Decembrie 1918\u201d din Alba Iulia (Palatul Apor, etajul 1), \u00een intervalul orar 9:00-16:00.<\/p>\n<p>Evenimentul este organizat de c\u0103tre Centrul de Informare, Consiliere \u0219i Orientare \u00een Carier\u0103 al Universit\u0103\u021bii \u201e1 Decembrie 1918\u201d din Alba Iulia (CICOC-UAB), \u00een parteneriat Consiliul Jude\u021bean Alba, \u0219i se bucur\u0103 de sus\u021binerea Centrului Europe Direct Alba Iulia, Funda\u021bia Comunitar\u0103 Alba, Agen\u021bia Jude\u021bean\u0103 de Ocupare a For\u021bei de Munc\u0103 Alba,Alumni UAB, Liga studen\u021bilor din UAB.<\/p>\n","protected":false},"excerpt":{"rendered":"<p>\u00cen perioada 9- 11 noiembrie, la Universitatea \u201e1 Decembrie 1918\u201d din Alba Iulia va avea loc cea de-a IV-a edi\u021bie a conferin\u021bei \u201eManagementul carierei\u201d, unde speakeri \u0219i modele \u00een dezvoltarea unei cariere profesionale vor vorbi despre carier\u0103, evolu\u021bie \u0219i succes. Cele trei zile ale evenimentului vor reuni auditoriul interesat (studen\u021bi, elevi, absolven\u021bi, cadre didactice, angajatori) &hellip;<\/p>\n","protected":false},"author":17,"featured_media":9877,"comment_status":"open","ping_status":"open","sticky":false,"template":"","format":"standard","meta":{"inline_featured_image":false,"footnotes":""},"categories":[2034],"tags":[8349,31,860,8351,1108,1051,8352,8350,308,1475,387,76],"class_list":["post-34385","post","type-post","status-publish","format-standard","has-post-thumbnail","hentry","category-social","tag-managementul-carierei","tag-alba-iulia","tag-cariera","tag-cariera-profesionala","tag-conferinta","tag-dezvoltare","tag-evolutie","tag-speakeri","tag-stiri","tag-succes","tag-universitatea-1-decembrie-1918","tag-urbea-mea"],"yoast_head":"<!-- This site is optimized with the Yoast SEO plugin v28.3 - https:\/\/yoast.com\/product\/yoast-seo-wordpress\/ -->\n<title>9-11 noiembrie: Conferin\u021ba \u201eManagementul carierei\u201d, la Universitatea \u201e1 Decembrie 1918\u201d din Alba Iulia - Revista Urbea Mea - Revista de Alba<\/title>\n<meta name=\"description\" content=\"\u00cen perioada 9- 11 noiembrie, la Universitatea \u201e1 Decembrie 1918\u201d din Alba Iulia va avea loc cea de-a IV-a edi\u021bie a conferin\u021bei \u201eManagementul carierei\u201d,\" \/>\n<meta name=\"robots\" content=\"index, follow, max-snippet:-1, max-image-preview:large, max-video-preview:-1\" \/>\n<link rel=\"canonical\" href=\"https:\/\/urbeamea.ro\/albaiulia\/9-11-noiembrie-conferinta-managementul-carierei-la-universitatea-1-decembrie-1918-din-alba-iulia\/\" \/>\n<meta name=\"twitter:card\" content=\"summary_large_image\" \/>\n<meta name=\"twitter:title\" content=\"9-11 noiembrie: Conferin\u021ba \u201eManagementul carierei\u201d, la Universitatea \u201e1 Decembrie 1918\u201d din Alba Iulia - Revista Urbea Mea - Revista de Alba\" \/>\n<meta name=\"twitter:description\" content=\"\u00cen perioada 9- 11 noiembrie, la Universitatea \u201e1 Decembrie 1918\u201d din Alba Iulia va avea loc cea de-a IV-a edi\u021bie a conferin\u021bei \u201eManagementul carierei\u201d,\" \/>\n<meta name=\"twitter:image\" content=\"https:\/\/urbeamea.ro\/albaiulia\/wp-content\/uploads\/2015\/10\/universitatea-1-decembrie.jpg\" \/>\n<meta name=\"twitter:creator\" content=\"@urbeameaweb\" \/>\n<meta name=\"twitter:site\" content=\"@urbeameaweb\" \/>\n<script type=\"application\/ld+json\" class=\"yoast-schema-graph\">{\"@context\":\"https:\\\/\\\/schema.org\",\"@graph\":[{\"@type\":\"Article\",\"@id\":\"https:\\\/\\\/urbeamea.ro\\\/albaiulia\\\/9-11-noiembrie-conferinta-managementul-carierei-la-universitatea-1-decembrie-1918-din-alba-iulia\\\/#article\",\"isPartOf\":{\"@id\":\"https:\\\/\\\/urbeamea.ro\\\/albaiulia\\\/9-11-noiembrie-conferinta-managementul-carierei-la-universitatea-1-decembrie-1918-din-alba-iulia\\\/\"},\"author\":{\"name\":\"Cristina Ganga\",\"@id\":\"https:\\\/\\\/urbeamea.ro\\\/albaiulia\\\/#\\\/schema\\\/person\\\/9700d21fae21c4f038b0b56f4506264a\"},\"headline\":\"9-11 noiembrie: Conferin\u021ba \u201eManagementul carierei\u201d, la Universitatea \u201e1 Decembrie 1918\u201d din Alba Iulia\",\"datePublished\":\"2016-11-09T10:20:58+00:00\",\"dateModified\":\"2016-11-09T10:27:06+00:00\",\"mainEntityOfPage\":{\"@id\":\"https:\\\/\\\/urbeamea.ro\\\/albaiulia\\\/9-11-noiembrie-conferinta-managementul-carierei-la-universitatea-1-decembrie-1918-din-alba-iulia\\\/\"},\"wordCount\":680,\"commentCount\":0,\"image\":{\"@id\":\"https:\\\/\\\/urbeamea.ro\\\/albaiulia\\\/9-11-noiembrie-conferinta-managementul-carierei-la-universitatea-1-decembrie-1918-din-alba-iulia\\\/#primaryimage\"},\"thumbnailUrl\":\"https:\\\/\\\/urbeamea.ro\\\/albaiulia\\\/wp-content\\\/uploads\\\/2015\\\/10\\\/universitatea-1-decembrie.jpg\",\"keywords\":[\"\u201eManagementul carierei\u201d\",\"Alba Iulia\",\"cariera\",\"cariera profesionala\",\"conferinta\",\"dezvoltare\",\"evolutie\",\"speakeri\",\"stiri\",\"succes\",\"universitatea 1 Decembrie 1918\",\"Urbea Mea\"],\"articleSection\":[\"Social\"],\"inLanguage\":\"ro-RO\",\"potentialAction\":[{\"@type\":\"CommentAction\",\"name\":\"Comment\",\"target\":[\"https:\\\/\\\/urbeamea.ro\\\/albaiulia\\\/9-11-noiembrie-conferinta-managementul-carierei-la-universitatea-1-decembrie-1918-din-alba-iulia\\\/#respond\"]}]},{\"@type\":\"WebPage\",\"@id\":\"https:\\\/\\\/urbeamea.ro\\\/albaiulia\\\/9-11-noiembrie-conferinta-managementul-carierei-la-universitatea-1-decembrie-1918-din-alba-iulia\\\/\",\"url\":\"https:\\\/\\\/urbeamea.ro\\\/albaiulia\\\/9-11-noiembrie-conferinta-managementul-carierei-la-universitatea-1-decembrie-1918-din-alba-iulia\\\/\",\"name\":\"9-11 noiembrie: Conferin\u021ba \u201eManagementul carierei\u201d, la Universitatea \u201e1 Decembrie 1918\u201d din Alba Iulia - Revista Urbea Mea - Revista de Alba\",\"isPartOf\":{\"@id\":\"https:\\\/\\\/urbeamea.ro\\\/albaiulia\\\/#website\"},\"primaryImageOfPage\":{\"@id\":\"https:\\\/\\\/urbeamea.ro\\\/albaiulia\\\/9-11-noiembrie-conferinta-managementul-carierei-la-universitatea-1-decembrie-1918-din-alba-iulia\\\/#primaryimage\"},\"image\":{\"@id\":\"https:\\\/\\\/urbeamea.ro\\\/albaiulia\\\/9-11-noiembrie-conferinta-managementul-carierei-la-universitatea-1-decembrie-1918-din-alba-iulia\\\/#primaryimage\"},\"thumbnailUrl\":\"https:\\\/\\\/urbeamea.ro\\\/albaiulia\\\/wp-content\\\/uploads\\\/2015\\\/10\\\/universitatea-1-decembrie.jpg\",\"datePublished\":\"2016-11-09T10:20:58+00:00\",\"dateModified\":\"2016-11-09T10:27:06+00:00\",\"author\":{\"@id\":\"https:\\\/\\\/urbeamea.ro\\\/albaiulia\\\/#\\\/schema\\\/person\\\/9700d21fae21c4f038b0b56f4506264a\"},\"description\":\"\u00cen perioada 9- 11 noiembrie, la Universitatea \u201e1 Decembrie 1918\u201d din Alba Iulia va avea loc cea de-a IV-a edi\u021bie a conferin\u021bei \u201eManagementul carierei\u201d,\",\"breadcrumb\":{\"@id\":\"https:\\\/\\\/urbeamea.ro\\\/albaiulia\\\/9-11-noiembrie-conferinta-managementul-carierei-la-universitatea-1-decembrie-1918-din-alba-iulia\\\/#breadcrumb\"},\"inLanguage\":\"ro-RO\",\"potentialAction\":[{\"@type\":\"ReadAction\",\"target\":[\"https:\\\/\\\/urbeamea.ro\\\/albaiulia\\\/9-11-noiembrie-conferinta-managementul-carierei-la-universitatea-1-decembrie-1918-din-alba-iulia\\\/\"]}]},{\"@type\":\"ImageObject\",\"inLanguage\":\"ro-RO\",\"@id\":\"https:\\\/\\\/urbeamea.ro\\\/albaiulia\\\/9-11-noiembrie-conferinta-managementul-carierei-la-universitatea-1-decembrie-1918-din-alba-iulia\\\/#primaryimage\",\"url\":\"https:\\\/\\\/urbeamea.ro\\\/albaiulia\\\/wp-content\\\/uploads\\\/2015\\\/10\\\/universitatea-1-decembrie.jpg\",\"contentUrl\":\"https:\\\/\\\/urbeamea.ro\\\/albaiulia\\\/wp-content\\\/uploads\\\/2015\\\/10\\\/universitatea-1-decembrie.jpg\",\"width\":1280,\"height\":857},{\"@type\":\"BreadcrumbList\",\"@id\":\"https:\\\/\\\/urbeamea.ro\\\/albaiulia\\\/9-11-noiembrie-conferinta-managementul-carierei-la-universitatea-1-decembrie-1918-din-alba-iulia\\\/#breadcrumb\",\"itemListElement\":[{\"@type\":\"ListItem\",\"position\":1,\"name\":\"Prima pagin\u0103\",\"item\":\"https:\\\/\\\/urbeamea.ro\\\/albaiulia\\\/\"},{\"@type\":\"ListItem\",\"position\":2,\"name\":\"9-11 noiembrie: Conferin\u021ba \u201eManagementul carierei\u201d, la Universitatea \u201e1 Decembrie 1918\u201d din Alba Iulia\"}]},{\"@type\":\"WebSite\",\"@id\":\"https:\\\/\\\/urbeamea.ro\\\/albaiulia\\\/#website\",\"url\":\"https:\\\/\\\/urbeamea.ro\\\/albaiulia\\\/\",\"name\":\"Revista Urbea Mea, Stiri urbane\",\"description\":\"Evenimente \u0219i \u0219tiri din Alba Iulia, Sebe\u0219, Aiud, Blaj\",\"potentialAction\":[{\"@type\":\"SearchAction\",\"target\":{\"@type\":\"EntryPoint\",\"urlTemplate\":\"https:\\\/\\\/urbeamea.ro\\\/albaiulia\\\/?s={search_term_string}\"},\"query-input\":{\"@type\":\"PropertyValueSpecification\",\"valueRequired\":true,\"valueName\":\"search_term_string\"}}],\"inLanguage\":\"ro-RO\"},{\"@type\":\"Person\",\"@id\":\"https:\\\/\\\/urbeamea.ro\\\/albaiulia\\\/#\\\/schema\\\/person\\\/9700d21fae21c4f038b0b56f4506264a\",\"name\":\"Cristina Ganga\",\"image\":{\"@type\":\"ImageObject\",\"inLanguage\":\"ro-RO\",\"@id\":\"https:\\\/\\\/secure.gravatar.com\\\/avatar\\\/5a67661041f057b4a8ccaf26f5a8e86e2689372006d01faf3dd9eeb10b654bb4?s=96&d=mm&r=g\",\"url\":\"https:\\\/\\\/secure.gravatar.com\\\/avatar\\\/5a67661041f057b4a8ccaf26f5a8e86e2689372006d01faf3dd9eeb10b654bb4?s=96&d=mm&r=g\",\"contentUrl\":\"https:\\\/\\\/secure.gravatar.com\\\/avatar\\\/5a67661041f057b4a8ccaf26f5a8e86e2689372006d01faf3dd9eeb10b654bb4?s=96&d=mm&r=g\",\"caption\":\"Cristina Ganga\"},\"description\":\"Jurnalist\",\"sameAs\":[\"https:\\\/\\\/www.facebook.com\\\/cristina.nicola.587\"],\"url\":\"https:\\\/\\\/urbeamea.ro\\\/albaiulia\\\/author\\\/cristina-nicola\\\/\"}]}<\/script>\n<!-- \/ Yoast SEO plugin. -->","yoast_head_json":{"title":"9-11 noiembrie: Conferin\u021ba \u201eManagementul carierei\u201d, la Universitatea \u201e1 Decembrie 1918\u201d din Alba Iulia - Revista Urbea Mea - Revista de Alba","description":"\u00cen perioada 9- 11 noiembrie, la Universitatea \u201e1 Decembrie 1918\u201d din Alba Iulia va avea loc cea de-a IV-a edi\u021bie a conferin\u021bei \u201eManagementul carierei\u201d,","robots":{"index":"index","follow":"follow","max-snippet":"max-snippet:-1","max-image-preview":"max-image-preview:large","max-video-preview":"max-video-preview:-1"},"canonical":"https:\/\/urbeamea.ro\/albaiulia\/9-11-noiembrie-conferinta-managementul-carierei-la-universitatea-1-decembrie-1918-din-alba-iulia\/","twitter_card":"summary_large_image","twitter_title":"9-11 noiembrie: Conferin\u021ba \u201eManagementul carierei\u201d, la Universitatea \u201e1 Decembrie 1918\u201d din Alba Iulia - Revista Urbea Mea - Revista de Alba","twitter_description":"\u00cen perioada 9- 11 noiembrie, la Universitatea \u201e1 Decembrie 1918\u201d din Alba Iulia va avea loc cea de-a IV-a edi\u021bie a conferin\u021bei \u201eManagementul carierei\u201d,","twitter_image":"https:\/\/urbeamea.ro\/albaiulia\/wp-content\/uploads\/2015\/10\/universitatea-1-decembrie.jpg","twitter_creator":"@urbeameaweb","twitter_site":"@urbeameaweb","schema":{"@context":"https:\/\/schema.org","@graph":[{"@type":"Article","@id":"https:\/\/urbeamea.ro\/albaiulia\/9-11-noiembrie-conferinta-managementul-carierei-la-universitatea-1-decembrie-1918-din-alba-iulia\/#article","isPartOf":{"@id":"https:\/\/urbeamea.ro\/albaiulia\/9-11-noiembrie-conferinta-managementul-carierei-la-universitatea-1-decembrie-1918-din-alba-iulia\/"},"author":{"name":"Cristina Ganga","@id":"https:\/\/urbeamea.ro\/albaiulia\/#\/schema\/person\/9700d21fae21c4f038b0b56f4506264a"},"headline":"9-11 noiembrie: Conferin\u021ba \u201eManagementul carierei\u201d, la Universitatea \u201e1 Decembrie 1918\u201d din Alba Iulia","datePublished":"2016-11-09T10:20:58+00:00","dateModified":"2016-11-09T10:27:06+00:00","mainEntityOfPage":{"@id":"https:\/\/urbeamea.ro\/albaiulia\/9-11-noiembrie-conferinta-managementul-carierei-la-universitatea-1-decembrie-1918-din-alba-iulia\/"},"wordCount":680,"commentCount":0,"image":{"@id":"https:\/\/urbeamea.ro\/albaiulia\/9-11-noiembrie-conferinta-managementul-carierei-la-universitatea-1-decembrie-1918-din-alba-iulia\/#primaryimage"},"thumbnailUrl":"https:\/\/urbeamea.ro\/albaiulia\/wp-content\/uploads\/2015\/10\/universitatea-1-decembrie.jpg","keywords":["\u201eManagementul carierei\u201d","Alba Iulia","cariera","cariera profesionala","conferinta","dezvoltare","evolutie","speakeri","stiri","succes","universitatea 1 Decembrie 1918","Urbea Mea"],"articleSection":["Social"],"inLanguage":"ro-RO","potentialAction":[{"@type":"CommentAction","name":"Comment","target":["https:\/\/urbeamea.ro\/albaiulia\/9-11-noiembrie-conferinta-managementul-carierei-la-universitatea-1-decembrie-1918-din-alba-iulia\/#respond"]}]},{"@type":"WebPage","@id":"https:\/\/urbeamea.ro\/albaiulia\/9-11-noiembrie-conferinta-managementul-carierei-la-universitatea-1-decembrie-1918-din-alba-iulia\/","url":"https:\/\/urbeamea.ro\/albaiulia\/9-11-noiembrie-conferinta-managementul-carierei-la-universitatea-1-decembrie-1918-din-alba-iulia\/","name":"9-11 noiembrie: Conferin\u021ba \u201eManagementul carierei\u201d, la Universitatea \u201e1 Decembrie 1918\u201d din Alba Iulia - Revista Urbea Mea - Revista de Alba","isPartOf":{"@id":"https:\/\/urbeamea.ro\/albaiulia\/#website"},"primaryImageOfPage":{"@id":"https:\/\/urbeamea.ro\/albaiulia\/9-11-noiembrie-conferinta-managementul-carierei-la-universitatea-1-decembrie-1918-din-alba-iulia\/#primaryimage"},"image":{"@id":"https:\/\/urbeamea.ro\/albaiulia\/9-11-noiembrie-conferinta-managementul-carierei-la-universitatea-1-decembrie-1918-din-alba-iulia\/#primaryimage"},"thumbnailUrl":"https:\/\/urbeamea.ro\/albaiulia\/wp-content\/uploads\/2015\/10\/universitatea-1-decembrie.jpg","datePublished":"2016-11-09T10:20:58+00:00","dateModified":"2016-11-09T10:27:06+00:00","author":{"@id":"https:\/\/urbeamea.ro\/albaiulia\/#\/schema\/person\/9700d21fae21c4f038b0b56f4506264a"},"description":"\u00cen perioada 9- 11 noiembrie, la Universitatea \u201e1 Decembrie 1918\u201d din Alba Iulia va avea loc cea de-a IV-a edi\u021bie a conferin\u021bei \u201eManagementul carierei\u201d,","breadcrumb":{"@id":"https:\/\/urbeamea.ro\/albaiulia\/9-11-noiembrie-conferinta-managementul-carierei-la-universitatea-1-decembrie-1918-din-alba-iulia\/#breadcrumb"},"inLanguage":"ro-RO","potentialAction":[{"@type":"ReadAction","target":["https:\/\/urbeamea.ro\/albaiulia\/9-11-noiembrie-conferinta-managementul-carierei-la-universitatea-1-decembrie-1918-din-alba-iulia\/"]}]},{"@type":"ImageObject","inLanguage":"ro-RO","@id":"https:\/\/urbeamea.ro\/albaiulia\/9-11-noiembrie-conferinta-managementul-carierei-la-universitatea-1-decembrie-1918-din-alba-iulia\/#primaryimage","url":"https:\/\/urbeamea.ro\/albaiulia\/wp-content\/uploads\/2015\/10\/universitatea-1-decembrie.jpg","contentUrl":"https:\/\/urbeamea.ro\/albaiulia\/wp-content\/uploads\/2015\/10\/universitatea-1-decembrie.jpg","width":1280,"height":857},{"@type":"BreadcrumbList","@id":"https:\/\/urbeamea.ro\/albaiulia\/9-11-noiembrie-conferinta-managementul-carierei-la-universitatea-1-decembrie-1918-din-alba-iulia\/#breadcrumb","itemListElement":[{"@type":"ListItem","position":1,"name":"Prima pagin\u0103","item":"https:\/\/urbeamea.ro\/albaiulia\/"},{"@type":"ListItem","position":2,"name":"9-11 noiembrie: Conferin\u021ba \u201eManagementul carierei\u201d, la Universitatea \u201e1 Decembrie 1918\u201d din Alba Iulia"}]},{"@type":"WebSite","@id":"https:\/\/urbeamea.ro\/albaiulia\/#website","url":"https:\/\/urbeamea.ro\/albaiulia\/","name":"Revista Urbea Mea, Stiri urbane","description":"Evenimente \u0219i \u0219tiri din Alba Iulia, Sebe\u0219, Aiud, Blaj","potentialAction":[{"@type":"SearchAction","target":{"@type":"EntryPoint","urlTemplate":"https:\/\/urbeamea.ro\/albaiulia\/?s={search_term_string}"},"query-input":{"@type":"PropertyValueSpecification","valueRequired":true,"valueName":"search_term_string"}}],"inLanguage":"ro-RO"},{"@type":"Person","@id":"https:\/\/urbeamea.ro\/albaiulia\/#\/schema\/person\/9700d21fae21c4f038b0b56f4506264a","name":"Cristina Ganga","image":{"@type":"ImageObject","inLanguage":"ro-RO","@id":"https:\/\/secure.gravatar.com\/avatar\/5a67661041f057b4a8ccaf26f5a8e86e2689372006d01faf3dd9eeb10b654bb4?s=96&d=mm&r=g","url":"https:\/\/secure.gravatar.com\/avatar\/5a67661041f057b4a8ccaf26f5a8e86e2689372006d01faf3dd9eeb10b654bb4?s=96&d=mm&r=g","contentUrl":"https:\/\/secure.gravatar.com\/avatar\/5a67661041f057b4a8ccaf26f5a8e86e2689372006d01faf3dd9eeb10b654bb4?s=96&d=mm&r=g","caption":"Cristina Ganga"},"description":"Jurnalist","sameAs":["https:\/\/www.facebook.com\/cristina.nicola.587"],"url":"https:\/\/urbeamea.ro\/albaiulia\/author\/cristina-nicola\/"}]}},"_links":{"self":[{"href":"https:\/\/urbeamea.ro\/albaiulia\/wp-json\/wp\/v2\/posts\/34385","targetHints":{"allow":["GET"]}}],"collection":[{"href":"https:\/\/urbeamea.ro\/albaiulia\/wp-json\/wp\/v2\/posts"}],"about":[{"href":"https:\/\/urbeamea.ro\/albaiulia\/wp-json\/wp\/v2\/types\/post"}],"author":[{"embeddable":true,"href":"https:\/\/urbeamea.ro\/albaiulia\/wp-json\/wp\/v2\/users\/17"}],"replies":[{"embeddable":true,"href":"https:\/\/urbeamea.ro\/albaiulia\/wp-json\/wp\/v2\/comments?post=34385"}],"version-history":[{"count":0,"href":"https:\/\/urbeamea.ro\/albaiulia\/wp-json\/wp\/v2\/posts\/34385\/revisions"}],"wp:featuredmedia":[{"embeddable":true,"href":"https:\/\/urbeamea.ro\/albaiulia\/wp-json\/wp\/v2\/media\/9877"}],"wp:attachment":[{"href":"https:\/\/urbeamea.ro\/albaiulia\/wp-json\/wp\/v2\/media?parent=34385"}],"wp:term":[{"taxonomy":"category","embeddable":true,"href":"https:\/\/urbeamea.ro\/albaiulia\/wp-json\/wp\/v2\/categories?post=34385"},{"taxonomy":"post_tag","embeddable":true,"href":"https:\/\/urbeamea.ro\/albaiulia\/wp-json\/wp\/v2\/tags?post=34385"}],"curies":[{"name":"wp","href":"https:\/\/api.w.org\/{rel}","templated":true}]}}