{"id":34456,"date":"2016-11-03T19:47:52","date_gmt":"2016-11-03T17:47:52","guid":{"rendered":"http:\/\/urbeamea.ro\/albaiulia\/?p=34456"},"modified":"2016-11-03T19:47:52","modified_gmt":"2016-11-03T17:47:52","slug":"premiu-pentru-judetul-alba-la-festivalul-national-de-muzica-usoara-ritmuri-in-mileniul-3-adelina-bunea-cursanta-a-scolii-de-arte-din-cadrul-centrului-de-cultura-augustin-b","status":"publish","type":"post","link":"https:\/\/urbeamea.ro\/albaiulia\/premiu-pentru-judetul-alba-la-festivalul-national-de-muzica-usoara-ritmuri-in-mileniul-3-adelina-bunea-cursanta-a-scolii-de-arte-din-cadrul-centrului-de-cultura-augustin-b\/","title":{"rendered":"Premiu pentru jude\u0163ul Alba la Festivalul Na\u0163ional de Muzic\u0103 U\u015foar\u0103 \u201eRitmuri \u00een mileniul 3\u201d: Adelina Bunea, cursant\u0103 a \u015ecolii de Arte din cadrul Centrului de Cultur\u0103 \u201eAugustin Bena\u201d, a c\u00e2\u015ftigat premiul III"},"content":{"rendered":"<p><strong><img loading=\"lazy\" decoding=\"async\" class=\"size-medium wp-image-34457 alignleft\" src=\"http:\/\/urbeamea.ro\/albaiulia\/wp-content\/uploads\/2016\/11\/poza-festival-grup-300x169.jpg\" alt=\"poza-festival-grup\" width=\"300\" height=\"169\" \/>T\u00e2n\u0103ra Adelina Bunea, cursant\u0103 a \u015ecolii de Arte din cadrul Centrului de Cultur\u0103 \u201eAugustin Bena\u201d Alba, a c\u00e2\u015ftigat, joi, premiul III la Festivalul Na\u0163ional de Muzic\u0103 U\u015foar\u0103 pentru Copii \u015fi Tineri \u201eRitmuri \u00een mileniul 3\u201d de la Berzasca (jude\u0163ul Cara\u015f-Severin).<\/strong><\/p>\n<p>Aflat\u0103 doar la cea de-a doua prezen\u0163\u0103 la un concurs na\u0163ional de interpretare, t\u00e2n\u0103ra a reu\u015fit s\u0103 c\u00e2\u015ftige voturile juriului de specialitate \u015fi s\u0103 urce pe podiumul festivalului. Adelina Bunea este elev\u0103 \u00een clasa a X-a la Liceul de Arte \u201eRegina Maria\u201d din Alba Iulia dar \u015fi cursant\u0103 a \u015ecolii de Arte din cadrul Centrului de Cultur\u0103 \u201eAugustin Bena\u201d Alba studiind canto &#8211; muzic\u0103 u\u015foar\u0103 cu profesoara Marinela Popa.<\/p>\n<p><img loading=\"lazy\" decoding=\"async\" class=\"size-medium wp-image-34458 alignleft\" src=\"http:\/\/urbeamea.ro\/albaiulia\/wp-content\/uploads\/2016\/11\/poza-festival-premiu-169x300.jpg\" alt=\"poza-festival-premiu\" width=\"169\" height=\"300\" \/>La acest festival concurs jude\u0163ul Alba a fost reprezentat \u015fi de t\u00e2n\u0103ra Ana-Maria Oltean, cursant\u0103 \u00een anul II la canto &#8211; muzic\u0103 u\u015foar\u0103 \u00een cadru \u015ecolii de Arte, aceasta fiind la prima participare la un concurs na\u0163ional.<\/p>\n<p><em>\u201eNe bucur\u0103 acest premiu \u015fi suntem \u00eenc\u00e2nta\u0163i de modul \u00een care cele dou\u0103 tinere interprete au reprezentat jude\u0163ul Alba la acest important festival na\u0163ional. Al\u0103turi de numeroasele premii c\u00e2\u015ftigate de cursan\u0163ii no\u015ftri \u00een acest an, premiul de la Festivalul Na\u0163ional de Muzic\u0103 U\u015foar\u0103 pentru Copii \u015fi Tineri \u201eRitmuri \u00een mileniul 3\u201d este \u00eenc\u0103 o recunoa\u015ftere pentru \u015ecoala de Arte din cadrul Centrului de Cultur\u0103 \u201eAugustin Bena\u201d Alba dar \u015fi o dovad\u0103 c\u0103 \u00een jude\u0163ul Alba exist\u0103 tineri extrem de talenta\u0163i\u201d<\/em> a spus prof. Marinela Popa, \u015feful \u015ecolii de Arte \u015fi Me\u015fte\u015fuguri din cadrul Centrului de Cultur\u0103 \u201eAugustin Bena\u201d Alba.<\/p>\n<p><img loading=\"lazy\" decoding=\"async\" class=\"size-medium wp-image-34459 alignleft\" src=\"http:\/\/urbeamea.ro\/albaiulia\/wp-content\/uploads\/2016\/11\/poza-festival-300x169.jpg\" alt=\"poza-festival\" width=\"300\" height=\"169\" \/>\u015ecoala de Arte \u015fi Me\u015fte\u015fuguri a fost \u00eenfiin\u0163at\u0103 \u00een 1969, iar din 2007 func\u0163ioneaz\u0103 \u00een cadrul Centrului de Cultur\u0103 \u201eAugustin Bena\u201d Alba. \u015ecoala vine \u00een \u00eent\u00e2mpinarea cererilor tot mai numeroase de formare continu\u0103 \u015fi se vrea a fi o \u201epepinier\u0103\u201d de speciali\u015fti talenta\u0163i pentru celelalte servicii. Disciplinele din cadrul \u015fcolii sunt: arte plastice, arte vizuale moderne, arte vizuale clasice, canto muzic\u0103 popular\u0103, canto muzic\u0103 u\u015foar\u0103, teorie \u015fi solfegii, chitar\u0103, instrumente de suflat, instrumente cu clape, teatru, dans modern, dans de societate, dans popular, \u0163es\u0103turi \u015fi cus\u0103turi tradi\u0163ionale, ceramic\u0103, arta lemnului, pictur\u0103 religioas\u0103.<\/p>\n","protected":false},"excerpt":{"rendered":"<p>T\u00e2n\u0103ra Adelina Bunea, cursant\u0103 a \u015ecolii de Arte din cadrul Centrului de Cultur\u0103 \u201eAugustin Bena\u201d Alba, a c\u00e2\u015ftigat, joi, premiul III la Festivalul Na\u0163ional de Muzic\u0103 U\u015foar\u0103 pentru Copii \u015fi Tineri \u201eRitmuri \u00een mileniul 3\u201d de la Berzasca (jude\u0163ul Cara\u015f-Severin). Aflat\u0103 doar la cea de-a doua prezen\u0163\u0103 la un concurs na\u0163ional de interpretare, t\u00e2n\u0103ra a &hellip;<\/p>\n","protected":false},"author":17,"featured_media":34457,"comment_status":"open","ping_status":"open","sticky":false,"template":"","format":"standard","meta":{"inline_featured_image":false,"footnotes":""},"categories":[2034],"tags":[8404,8401,307,8405,910,8402,8403,6013,308,76],"class_list":["post-34456","post","type-post","status-publish","format-standard","has-post-thumbnail","hentry","category-social","tag-ritmuri-in-mileniul-3","tag-adelina-bunea","tag-alba","tag-berzeasca","tag-centrul-de-cultura-augustin-bena","tag-cursanta","tag-festival-national-de-muzica-usoara","tag-scoala-de-arte","tag-stiri","tag-urbea-mea"],"yoast_head":"<!-- This site is optimized with the Yoast SEO plugin v28.3 - https:\/\/yoast.com\/product\/yoast-seo-wordpress\/ -->\n<title>Premiu pentru jude\u0163ul Alba la Festivalul Na\u0163ional de Muzic\u0103 U\u015foar\u0103 \u201eRitmuri \u00een mileniul 3\u201d: Adelina Bunea, cursant\u0103 a \u015ecolii de Arte din cadrul Centrului de Cultur\u0103 \u201eAugustin Bena\u201d, a c\u00e2\u015ftigat premiul III - Revista Urbea Mea - Revista de Alba<\/title>\n<meta name=\"description\" content=\"T\u00e2n\u0103ra Adelina Bunea, cursant\u0103 a \u015ecolii de Arte din cadrul Centrului de Cultur\u0103 \u201eAugustin Bena\u201d Alba, a c\u00e2\u015ftigat, joi, premiul III la Festivalul Na\u0163ional\" \/>\n<meta name=\"robots\" content=\"index, follow, max-snippet:-1, max-image-preview:large, max-video-preview:-1\" \/>\n<link rel=\"canonical\" href=\"https:\/\/urbeamea.ro\/albaiulia\/premiu-pentru-judetul-alba-la-festivalul-national-de-muzica-usoara-ritmuri-in-mileniul-3-adelina-bunea-cursanta-a-scolii-de-arte-din-cadrul-centrului-de-cultura-augustin-b\/\" \/>\n<meta name=\"twitter:card\" content=\"summary_large_image\" \/>\n<meta name=\"twitter:title\" content=\"Premiu pentru jude\u0163ul Alba la Festivalul Na\u0163ional de Muzic\u0103 U\u015foar\u0103 \u201eRitmuri \u00een mileniul 3\u201d: Adelina Bunea, cursant\u0103 a \u015ecolii de Arte din cadrul Centrului de Cultur\u0103 \u201eAugustin Bena\u201d, a c\u00e2\u015ftigat premiul III - Revista Urbea Mea - Revista de Alba\" \/>\n<meta name=\"twitter:description\" content=\"T\u00e2n\u0103ra Adelina Bunea, cursant\u0103 a \u015ecolii de Arte din cadrul Centrului de Cultur\u0103 \u201eAugustin Bena\u201d Alba, a c\u00e2\u015ftigat, joi, premiul III la Festivalul Na\u0163ional\" \/>\n<meta name=\"twitter:image\" content=\"https:\/\/urbeamea.ro\/albaiulia\/wp-content\/uploads\/2016\/11\/poza-festival-grup.jpg\" \/>\n<meta name=\"twitter:creator\" content=\"@urbeameaweb\" \/>\n<meta name=\"twitter:site\" content=\"@urbeameaweb\" \/>\n<script type=\"application\/ld+json\" class=\"yoast-schema-graph\">{\"@context\":\"https:\\\/\\\/schema.org\",\"@graph\":[{\"@type\":\"Article\",\"@id\":\"https:\\\/\\\/urbeamea.ro\\\/albaiulia\\\/premiu-pentru-judetul-alba-la-festivalul-national-de-muzica-usoara-ritmuri-in-mileniul-3-adelina-bunea-cursanta-a-scolii-de-arte-din-cadrul-centrului-de-cultura-augustin-b\\\/#article\",\"isPartOf\":{\"@id\":\"https:\\\/\\\/urbeamea.ro\\\/albaiulia\\\/premiu-pentru-judetul-alba-la-festivalul-national-de-muzica-usoara-ritmuri-in-mileniul-3-adelina-bunea-cursanta-a-scolii-de-arte-din-cadrul-centrului-de-cultura-augustin-b\\\/\"},\"author\":{\"name\":\"Cristina Ganga\",\"@id\":\"https:\\\/\\\/urbeamea.ro\\\/albaiulia\\\/#\\\/schema\\\/person\\\/9700d21fae21c4f038b0b56f4506264a\"},\"headline\":\"Premiu pentru jude\u0163ul Alba la Festivalul Na\u0163ional de Muzic\u0103 U\u015foar\u0103 \u201eRitmuri \u00een mileniul 3\u201d: Adelina Bunea, cursant\u0103 a \u015ecolii de Arte din cadrul Centrului de Cultur\u0103 \u201eAugustin Bena\u201d, a c\u00e2\u015ftigat premiul III\",\"datePublished\":\"2016-11-03T17:47:52+00:00\",\"mainEntityOfPage\":{\"@id\":\"https:\\\/\\\/urbeamea.ro\\\/albaiulia\\\/premiu-pentru-judetul-alba-la-festivalul-national-de-muzica-usoara-ritmuri-in-mileniul-3-adelina-bunea-cursanta-a-scolii-de-arte-din-cadrul-centrului-de-cultura-augustin-b\\\/\"},\"wordCount\":412,\"commentCount\":0,\"image\":{\"@id\":\"https:\\\/\\\/urbeamea.ro\\\/albaiulia\\\/premiu-pentru-judetul-alba-la-festivalul-national-de-muzica-usoara-ritmuri-in-mileniul-3-adelina-bunea-cursanta-a-scolii-de-arte-din-cadrul-centrului-de-cultura-augustin-b\\\/#primaryimage\"},\"thumbnailUrl\":\"https:\\\/\\\/urbeamea.ro\\\/albaiulia\\\/wp-content\\\/uploads\\\/2016\\\/11\\\/poza-festival-grup.jpg\",\"keywords\":[\"\u201eRitmuri \u00een mileniul 3\u201d\",\"adelina bunea\",\"alba\",\"berzeasca\",\"Centrul de Cultur\u0103 \u201eAugustin Bena\u201d\",\"cursanta\",\"festival national de muzica usoara\",\"scoala de arte\",\"stiri\",\"Urbea Mea\"],\"articleSection\":[\"Social\"],\"inLanguage\":\"ro-RO\",\"potentialAction\":[{\"@type\":\"CommentAction\",\"name\":\"Comment\",\"target\":[\"https:\\\/\\\/urbeamea.ro\\\/albaiulia\\\/premiu-pentru-judetul-alba-la-festivalul-national-de-muzica-usoara-ritmuri-in-mileniul-3-adelina-bunea-cursanta-a-scolii-de-arte-din-cadrul-centrului-de-cultura-augustin-b\\\/#respond\"]}]},{\"@type\":\"WebPage\",\"@id\":\"https:\\\/\\\/urbeamea.ro\\\/albaiulia\\\/premiu-pentru-judetul-alba-la-festivalul-national-de-muzica-usoara-ritmuri-in-mileniul-3-adelina-bunea-cursanta-a-scolii-de-arte-din-cadrul-centrului-de-cultura-augustin-b\\\/\",\"url\":\"https:\\\/\\\/urbeamea.ro\\\/albaiulia\\\/premiu-pentru-judetul-alba-la-festivalul-national-de-muzica-usoara-ritmuri-in-mileniul-3-adelina-bunea-cursanta-a-scolii-de-arte-din-cadrul-centrului-de-cultura-augustin-b\\\/\",\"name\":\"Premiu pentru jude\u0163ul Alba la Festivalul Na\u0163ional de Muzic\u0103 U\u015foar\u0103 \u201eRitmuri \u00een mileniul 3\u201d: Adelina Bunea, cursant\u0103 a \u015ecolii de Arte din cadrul Centrului de Cultur\u0103 \u201eAugustin Bena\u201d, a c\u00e2\u015ftigat premiul III - Revista Urbea Mea - Revista de Alba\",\"isPartOf\":{\"@id\":\"https:\\\/\\\/urbeamea.ro\\\/albaiulia\\\/#website\"},\"primaryImageOfPage\":{\"@id\":\"https:\\\/\\\/urbeamea.ro\\\/albaiulia\\\/premiu-pentru-judetul-alba-la-festivalul-national-de-muzica-usoara-ritmuri-in-mileniul-3-adelina-bunea-cursanta-a-scolii-de-arte-din-cadrul-centrului-de-cultura-augustin-b\\\/#primaryimage\"},\"image\":{\"@id\":\"https:\\\/\\\/urbeamea.ro\\\/albaiulia\\\/premiu-pentru-judetul-alba-la-festivalul-national-de-muzica-usoara-ritmuri-in-mileniul-3-adelina-bunea-cursanta-a-scolii-de-arte-din-cadrul-centrului-de-cultura-augustin-b\\\/#primaryimage\"},\"thumbnailUrl\":\"https:\\\/\\\/urbeamea.ro\\\/albaiulia\\\/wp-content\\\/uploads\\\/2016\\\/11\\\/poza-festival-grup.jpg\",\"datePublished\":\"2016-11-03T17:47:52+00:00\",\"author\":{\"@id\":\"https:\\\/\\\/urbeamea.ro\\\/albaiulia\\\/#\\\/schema\\\/person\\\/9700d21fae21c4f038b0b56f4506264a\"},\"description\":\"T\u00e2n\u0103ra Adelina Bunea, cursant\u0103 a \u015ecolii de Arte din cadrul Centrului de Cultur\u0103 \u201eAugustin Bena\u201d Alba, a c\u00e2\u015ftigat, joi, premiul III la Festivalul Na\u0163ional\",\"breadcrumb\":{\"@id\":\"https:\\\/\\\/urbeamea.ro\\\/albaiulia\\\/premiu-pentru-judetul-alba-la-festivalul-national-de-muzica-usoara-ritmuri-in-mileniul-3-adelina-bunea-cursanta-a-scolii-de-arte-din-cadrul-centrului-de-cultura-augustin-b\\\/#breadcrumb\"},\"inLanguage\":\"ro-RO\",\"potentialAction\":[{\"@type\":\"ReadAction\",\"target\":[\"https:\\\/\\\/urbeamea.ro\\\/albaiulia\\\/premiu-pentru-judetul-alba-la-festivalul-national-de-muzica-usoara-ritmuri-in-mileniul-3-adelina-bunea-cursanta-a-scolii-de-arte-din-cadrul-centrului-de-cultura-augustin-b\\\/\"]}]},{\"@type\":\"ImageObject\",\"inLanguage\":\"ro-RO\",\"@id\":\"https:\\\/\\\/urbeamea.ro\\\/albaiulia\\\/premiu-pentru-judetul-alba-la-festivalul-national-de-muzica-usoara-ritmuri-in-mileniul-3-adelina-bunea-cursanta-a-scolii-de-arte-din-cadrul-centrului-de-cultura-augustin-b\\\/#primaryimage\",\"url\":\"https:\\\/\\\/urbeamea.ro\\\/albaiulia\\\/wp-content\\\/uploads\\\/2016\\\/11\\\/poza-festival-grup.jpg\",\"contentUrl\":\"https:\\\/\\\/urbeamea.ro\\\/albaiulia\\\/wp-content\\\/uploads\\\/2016\\\/11\\\/poza-festival-grup.jpg\",\"width\":960,\"height\":540},{\"@type\":\"BreadcrumbList\",\"@id\":\"https:\\\/\\\/urbeamea.ro\\\/albaiulia\\\/premiu-pentru-judetul-alba-la-festivalul-national-de-muzica-usoara-ritmuri-in-mileniul-3-adelina-bunea-cursanta-a-scolii-de-arte-din-cadrul-centrului-de-cultura-augustin-b\\\/#breadcrumb\",\"itemListElement\":[{\"@type\":\"ListItem\",\"position\":1,\"name\":\"Prima pagin\u0103\",\"item\":\"https:\\\/\\\/urbeamea.ro\\\/albaiulia\\\/\"},{\"@type\":\"ListItem\",\"position\":2,\"name\":\"Premiu pentru jude\u0163ul Alba la Festivalul Na\u0163ional de Muzic\u0103 U\u015foar\u0103 \u201eRitmuri \u00een mileniul 3\u201d: Adelina Bunea, cursant\u0103 a \u015ecolii de Arte din cadrul Centrului de Cultur\u0103 \u201eAugustin Bena\u201d, a c\u00e2\u015ftigat premiul III\"}]},{\"@type\":\"WebSite\",\"@id\":\"https:\\\/\\\/urbeamea.ro\\\/albaiulia\\\/#website\",\"url\":\"https:\\\/\\\/urbeamea.ro\\\/albaiulia\\\/\",\"name\":\"Revista Urbea Mea, Stiri urbane\",\"description\":\"Evenimente \u0219i \u0219tiri din Alba Iulia, Sebe\u0219, Aiud, Blaj\",\"potentialAction\":[{\"@type\":\"SearchAction\",\"target\":{\"@type\":\"EntryPoint\",\"urlTemplate\":\"https:\\\/\\\/urbeamea.ro\\\/albaiulia\\\/?s={search_term_string}\"},\"query-input\":{\"@type\":\"PropertyValueSpecification\",\"valueRequired\":true,\"valueName\":\"search_term_string\"}}],\"inLanguage\":\"ro-RO\"},{\"@type\":\"Person\",\"@id\":\"https:\\\/\\\/urbeamea.ro\\\/albaiulia\\\/#\\\/schema\\\/person\\\/9700d21fae21c4f038b0b56f4506264a\",\"name\":\"Cristina Ganga\",\"image\":{\"@type\":\"ImageObject\",\"inLanguage\":\"ro-RO\",\"@id\":\"https:\\\/\\\/secure.gravatar.com\\\/avatar\\\/5a67661041f057b4a8ccaf26f5a8e86e2689372006d01faf3dd9eeb10b654bb4?s=96&d=mm&r=g\",\"url\":\"https:\\\/\\\/secure.gravatar.com\\\/avatar\\\/5a67661041f057b4a8ccaf26f5a8e86e2689372006d01faf3dd9eeb10b654bb4?s=96&d=mm&r=g\",\"contentUrl\":\"https:\\\/\\\/secure.gravatar.com\\\/avatar\\\/5a67661041f057b4a8ccaf26f5a8e86e2689372006d01faf3dd9eeb10b654bb4?s=96&d=mm&r=g\",\"caption\":\"Cristina Ganga\"},\"description\":\"Jurnalist\",\"sameAs\":[\"https:\\\/\\\/www.facebook.com\\\/cristina.nicola.587\"],\"url\":\"https:\\\/\\\/urbeamea.ro\\\/albaiulia\\\/author\\\/cristina-nicola\\\/\"}]}<\/script>\n<!-- \/ Yoast SEO plugin. -->","yoast_head_json":{"title":"Premiu pentru jude\u0163ul Alba la Festivalul Na\u0163ional de Muzic\u0103 U\u015foar\u0103 \u201eRitmuri \u00een mileniul 3\u201d: Adelina Bunea, cursant\u0103 a \u015ecolii de Arte din cadrul Centrului de Cultur\u0103 \u201eAugustin Bena\u201d, a c\u00e2\u015ftigat premiul III - Revista Urbea Mea - Revista de Alba","description":"T\u00e2n\u0103ra Adelina Bunea, cursant\u0103 a \u015ecolii de Arte din cadrul Centrului de Cultur\u0103 \u201eAugustin Bena\u201d Alba, a c\u00e2\u015ftigat, joi, premiul III la Festivalul Na\u0163ional","robots":{"index":"index","follow":"follow","max-snippet":"max-snippet:-1","max-image-preview":"max-image-preview:large","max-video-preview":"max-video-preview:-1"},"canonical":"https:\/\/urbeamea.ro\/albaiulia\/premiu-pentru-judetul-alba-la-festivalul-national-de-muzica-usoara-ritmuri-in-mileniul-3-adelina-bunea-cursanta-a-scolii-de-arte-din-cadrul-centrului-de-cultura-augustin-b\/","twitter_card":"summary_large_image","twitter_title":"Premiu pentru jude\u0163ul Alba la Festivalul Na\u0163ional de Muzic\u0103 U\u015foar\u0103 \u201eRitmuri \u00een mileniul 3\u201d: Adelina Bunea, cursant\u0103 a \u015ecolii de Arte din cadrul Centrului de Cultur\u0103 \u201eAugustin Bena\u201d, a c\u00e2\u015ftigat premiul III - Revista Urbea Mea - Revista de Alba","twitter_description":"T\u00e2n\u0103ra Adelina Bunea, cursant\u0103 a \u015ecolii de Arte din cadrul Centrului de Cultur\u0103 \u201eAugustin Bena\u201d Alba, a c\u00e2\u015ftigat, joi, premiul III la Festivalul Na\u0163ional","twitter_image":"https:\/\/urbeamea.ro\/albaiulia\/wp-content\/uploads\/2016\/11\/poza-festival-grup.jpg","twitter_creator":"@urbeameaweb","twitter_site":"@urbeameaweb","schema":{"@context":"https:\/\/schema.org","@graph":[{"@type":"Article","@id":"https:\/\/urbeamea.ro\/albaiulia\/premiu-pentru-judetul-alba-la-festivalul-national-de-muzica-usoara-ritmuri-in-mileniul-3-adelina-bunea-cursanta-a-scolii-de-arte-din-cadrul-centrului-de-cultura-augustin-b\/#article","isPartOf":{"@id":"https:\/\/urbeamea.ro\/albaiulia\/premiu-pentru-judetul-alba-la-festivalul-national-de-muzica-usoara-ritmuri-in-mileniul-3-adelina-bunea-cursanta-a-scolii-de-arte-din-cadrul-centrului-de-cultura-augustin-b\/"},"author":{"name":"Cristina Ganga","@id":"https:\/\/urbeamea.ro\/albaiulia\/#\/schema\/person\/9700d21fae21c4f038b0b56f4506264a"},"headline":"Premiu pentru jude\u0163ul Alba la Festivalul Na\u0163ional de Muzic\u0103 U\u015foar\u0103 \u201eRitmuri \u00een mileniul 3\u201d: Adelina Bunea, cursant\u0103 a \u015ecolii de Arte din cadrul Centrului de Cultur\u0103 \u201eAugustin Bena\u201d, a c\u00e2\u015ftigat premiul III","datePublished":"2016-11-03T17:47:52+00:00","mainEntityOfPage":{"@id":"https:\/\/urbeamea.ro\/albaiulia\/premiu-pentru-judetul-alba-la-festivalul-national-de-muzica-usoara-ritmuri-in-mileniul-3-adelina-bunea-cursanta-a-scolii-de-arte-din-cadrul-centrului-de-cultura-augustin-b\/"},"wordCount":412,"commentCount":0,"image":{"@id":"https:\/\/urbeamea.ro\/albaiulia\/premiu-pentru-judetul-alba-la-festivalul-national-de-muzica-usoara-ritmuri-in-mileniul-3-adelina-bunea-cursanta-a-scolii-de-arte-din-cadrul-centrului-de-cultura-augustin-b\/#primaryimage"},"thumbnailUrl":"https:\/\/urbeamea.ro\/albaiulia\/wp-content\/uploads\/2016\/11\/poza-festival-grup.jpg","keywords":["\u201eRitmuri \u00een mileniul 3\u201d","adelina bunea","alba","berzeasca","Centrul de Cultur\u0103 \u201eAugustin Bena\u201d","cursanta","festival national de muzica usoara","scoala de arte","stiri","Urbea Mea"],"articleSection":["Social"],"inLanguage":"ro-RO","potentialAction":[{"@type":"CommentAction","name":"Comment","target":["https:\/\/urbeamea.ro\/albaiulia\/premiu-pentru-judetul-alba-la-festivalul-national-de-muzica-usoara-ritmuri-in-mileniul-3-adelina-bunea-cursanta-a-scolii-de-arte-din-cadrul-centrului-de-cultura-augustin-b\/#respond"]}]},{"@type":"WebPage","@id":"https:\/\/urbeamea.ro\/albaiulia\/premiu-pentru-judetul-alba-la-festivalul-national-de-muzica-usoara-ritmuri-in-mileniul-3-adelina-bunea-cursanta-a-scolii-de-arte-din-cadrul-centrului-de-cultura-augustin-b\/","url":"https:\/\/urbeamea.ro\/albaiulia\/premiu-pentru-judetul-alba-la-festivalul-national-de-muzica-usoara-ritmuri-in-mileniul-3-adelina-bunea-cursanta-a-scolii-de-arte-din-cadrul-centrului-de-cultura-augustin-b\/","name":"Premiu pentru jude\u0163ul Alba la Festivalul Na\u0163ional de Muzic\u0103 U\u015foar\u0103 \u201eRitmuri \u00een mileniul 3\u201d: Adelina Bunea, cursant\u0103 a \u015ecolii de Arte din cadrul Centrului de Cultur\u0103 \u201eAugustin Bena\u201d, a c\u00e2\u015ftigat premiul III - Revista Urbea Mea - Revista de Alba","isPartOf":{"@id":"https:\/\/urbeamea.ro\/albaiulia\/#website"},"primaryImageOfPage":{"@id":"https:\/\/urbeamea.ro\/albaiulia\/premiu-pentru-judetul-alba-la-festivalul-national-de-muzica-usoara-ritmuri-in-mileniul-3-adelina-bunea-cursanta-a-scolii-de-arte-din-cadrul-centrului-de-cultura-augustin-b\/#primaryimage"},"image":{"@id":"https:\/\/urbeamea.ro\/albaiulia\/premiu-pentru-judetul-alba-la-festivalul-national-de-muzica-usoara-ritmuri-in-mileniul-3-adelina-bunea-cursanta-a-scolii-de-arte-din-cadrul-centrului-de-cultura-augustin-b\/#primaryimage"},"thumbnailUrl":"https:\/\/urbeamea.ro\/albaiulia\/wp-content\/uploads\/2016\/11\/poza-festival-grup.jpg","datePublished":"2016-11-03T17:47:52+00:00","author":{"@id":"https:\/\/urbeamea.ro\/albaiulia\/#\/schema\/person\/9700d21fae21c4f038b0b56f4506264a"},"description":"T\u00e2n\u0103ra Adelina Bunea, cursant\u0103 a \u015ecolii de Arte din cadrul Centrului de Cultur\u0103 \u201eAugustin Bena\u201d Alba, a c\u00e2\u015ftigat, joi, premiul III la Festivalul Na\u0163ional","breadcrumb":{"@id":"https:\/\/urbeamea.ro\/albaiulia\/premiu-pentru-judetul-alba-la-festivalul-national-de-muzica-usoara-ritmuri-in-mileniul-3-adelina-bunea-cursanta-a-scolii-de-arte-din-cadrul-centrului-de-cultura-augustin-b\/#breadcrumb"},"inLanguage":"ro-RO","potentialAction":[{"@type":"ReadAction","target":["https:\/\/urbeamea.ro\/albaiulia\/premiu-pentru-judetul-alba-la-festivalul-national-de-muzica-usoara-ritmuri-in-mileniul-3-adelina-bunea-cursanta-a-scolii-de-arte-din-cadrul-centrului-de-cultura-augustin-b\/"]}]},{"@type":"ImageObject","inLanguage":"ro-RO","@id":"https:\/\/urbeamea.ro\/albaiulia\/premiu-pentru-judetul-alba-la-festivalul-national-de-muzica-usoara-ritmuri-in-mileniul-3-adelina-bunea-cursanta-a-scolii-de-arte-din-cadrul-centrului-de-cultura-augustin-b\/#primaryimage","url":"https:\/\/urbeamea.ro\/albaiulia\/wp-content\/uploads\/2016\/11\/poza-festival-grup.jpg","contentUrl":"https:\/\/urbeamea.ro\/albaiulia\/wp-content\/uploads\/2016\/11\/poza-festival-grup.jpg","width":960,"height":540},{"@type":"BreadcrumbList","@id":"https:\/\/urbeamea.ro\/albaiulia\/premiu-pentru-judetul-alba-la-festivalul-national-de-muzica-usoara-ritmuri-in-mileniul-3-adelina-bunea-cursanta-a-scolii-de-arte-din-cadrul-centrului-de-cultura-augustin-b\/#breadcrumb","itemListElement":[{"@type":"ListItem","position":1,"name":"Prima pagin\u0103","item":"https:\/\/urbeamea.ro\/albaiulia\/"},{"@type":"ListItem","position":2,"name":"Premiu pentru jude\u0163ul Alba la Festivalul Na\u0163ional de Muzic\u0103 U\u015foar\u0103 \u201eRitmuri \u00een mileniul 3\u201d: Adelina Bunea, cursant\u0103 a \u015ecolii de Arte din cadrul Centrului de Cultur\u0103 \u201eAugustin Bena\u201d, a c\u00e2\u015ftigat premiul III"}]},{"@type":"WebSite","@id":"https:\/\/urbeamea.ro\/albaiulia\/#website","url":"https:\/\/urbeamea.ro\/albaiulia\/","name":"Revista Urbea Mea, Stiri urbane","description":"Evenimente \u0219i \u0219tiri din Alba Iulia, Sebe\u0219, Aiud, Blaj","potentialAction":[{"@type":"SearchAction","target":{"@type":"EntryPoint","urlTemplate":"https:\/\/urbeamea.ro\/albaiulia\/?s={search_term_string}"},"query-input":{"@type":"PropertyValueSpecification","valueRequired":true,"valueName":"search_term_string"}}],"inLanguage":"ro-RO"},{"@type":"Person","@id":"https:\/\/urbeamea.ro\/albaiulia\/#\/schema\/person\/9700d21fae21c4f038b0b56f4506264a","name":"Cristina Ganga","image":{"@type":"ImageObject","inLanguage":"ro-RO","@id":"https:\/\/secure.gravatar.com\/avatar\/5a67661041f057b4a8ccaf26f5a8e86e2689372006d01faf3dd9eeb10b654bb4?s=96&d=mm&r=g","url":"https:\/\/secure.gravatar.com\/avatar\/5a67661041f057b4a8ccaf26f5a8e86e2689372006d01faf3dd9eeb10b654bb4?s=96&d=mm&r=g","contentUrl":"https:\/\/secure.gravatar.com\/avatar\/5a67661041f057b4a8ccaf26f5a8e86e2689372006d01faf3dd9eeb10b654bb4?s=96&d=mm&r=g","caption":"Cristina Ganga"},"description":"Jurnalist","sameAs":["https:\/\/www.facebook.com\/cristina.nicola.587"],"url":"https:\/\/urbeamea.ro\/albaiulia\/author\/cristina-nicola\/"}]}},"_links":{"self":[{"href":"https:\/\/urbeamea.ro\/albaiulia\/wp-json\/wp\/v2\/posts\/34456","targetHints":{"allow":["GET"]}}],"collection":[{"href":"https:\/\/urbeamea.ro\/albaiulia\/wp-json\/wp\/v2\/posts"}],"about":[{"href":"https:\/\/urbeamea.ro\/albaiulia\/wp-json\/wp\/v2\/types\/post"}],"author":[{"embeddable":true,"href":"https:\/\/urbeamea.ro\/albaiulia\/wp-json\/wp\/v2\/users\/17"}],"replies":[{"embeddable":true,"href":"https:\/\/urbeamea.ro\/albaiulia\/wp-json\/wp\/v2\/comments?post=34456"}],"version-history":[{"count":0,"href":"https:\/\/urbeamea.ro\/albaiulia\/wp-json\/wp\/v2\/posts\/34456\/revisions"}],"wp:featuredmedia":[{"embeddable":true,"href":"https:\/\/urbeamea.ro\/albaiulia\/wp-json\/wp\/v2\/media\/34457"}],"wp:attachment":[{"href":"https:\/\/urbeamea.ro\/albaiulia\/wp-json\/wp\/v2\/media?parent=34456"}],"wp:term":[{"taxonomy":"category","embeddable":true,"href":"https:\/\/urbeamea.ro\/albaiulia\/wp-json\/wp\/v2\/categories?post=34456"},{"taxonomy":"post_tag","embeddable":true,"href":"https:\/\/urbeamea.ro\/albaiulia\/wp-json\/wp\/v2\/tags?post=34456"}],"curies":[{"name":"wp","href":"https:\/\/api.w.org\/{rel}","templated":true}]}}