{"id":34550,"date":"2016-11-04T17:25:35","date_gmt":"2016-11-04T15:25:35","guid":{"rendered":"http:\/\/urbeamea.ro\/albaiulia\/?p=34550"},"modified":"2016-11-04T17:25:35","modified_gmt":"2016-11-04T15:25:35","slug":"dacian-ciolos-s-a-intalnit-cu-autoritatile-locale-din-rosia-montana-ajutor-pentru-dezvoltarea-zonei-muntilor-apuseni","status":"publish","type":"post","link":"https:\/\/urbeamea.ro\/albaiulia\/dacian-ciolos-s-a-intalnit-cu-autoritatile-locale-din-rosia-montana-ajutor-pentru-dezvoltarea-zonei-muntilor-apuseni\/","title":{"rendered":"Dacian Ciolo\u0219 s-a \u00eent\u00e2lnit cu autorit\u0103\u021bile locale din Ro\u0219ia Montan\u0103. Ajutor pentru dezvoltarea zonei mun\u021bilor Apuseni"},"content":{"rendered":"<p><strong><img loading=\"lazy\" decoding=\"async\" class=\"alignleft size-medium wp-image-34551\" src=\"http:\/\/urbeamea.ro\/albaiulia\/wp-content\/uploads\/2016\/11\/Ciolos-300x175.jpg\" alt=\"ciolos\" width=\"300\" height=\"175\" \/>Dacian Ciolo\u0219 s-a aflat vineri\u00a0la Alba Iulia, unde s-a \u00eent\u00e2lnit cu autorit\u0103\u021bile locale din zona Ro\u0219ia Montan\u0103 \u2013 Mun\u021bii Apuseni, pentru a le prezenta mecanismul de sprijin elaborat de Guvern pentru dezvoltarea integrat\u0103 a zonelor-pilot de interven\u021bie, care vizeaz\u0103 \u0219i fosta zon\u0103 minier\u0103 mono-industrial\u0103. Premierul a fost\u00a0\u00eenso\u021bit de vicepremierul Vasile D\u00eencu, Ministrul Dezvolt\u0103rii Regionale \u0219i Administra\u021biei Publice, \u0219i de consilierul de stat Ionel Danc\u0103, coordonatorul Unit\u0103\u021bii Guvernamental\u0103 de Asisten\u021b\u0103 Tehnic\u0103 (UGAT).<\/strong><\/p>\n<p>Dup\u0103 vizita din Valea Jiului, o alt\u0103 zon\u0103 inclus\u0103 \u00een proiectul pilot, premierul Dacian Ciolo\u0219 a ajuns la Alba Iulia, \u00een jurul orei 13:20, pentru a avea o serie de discu\u021bii cu reprezentan\u021bii autorit\u0103\u021bilor publice locale din zona mun\u021bilor Apuseni.<\/p>\n<p>\u201eAm venit ast\u0103zi la Alba ca s\u0103 avem o \u00eent\u00e2lnire cu reprezentan\u021bii comunit\u0103\u021bilor locale din zona Mun\u021bii Apuseni, mai precis cei care au intrat \u00een delimitarea pe care am f\u0103cut-o pentru un sprijin specific pentru zona Ro\u0219ia Montan\u0103, dar \u0219i comunele din jur \u00eentr-un proiect integrat de dezvoltare. \u00cen urm\u0103 cu c\u00e2teva luni am anun\u021bat c\u0103 vrem s\u0103 avem o abordare integrat\u0103 a finan\u021b\u0103rii pentru dezvoltare \u00een trei zone cu un anumit specific, e vorba de Vala Jiului \u2013 zon\u0103 monoindustrial\u0103, o zon\u0103 din Moldova care acoper\u0103 jude\u021bele Vaslui \u0219i Ia\u0219i, o zon\u0103 mai s\u0103rac\u0103 cu probleme de dezvoltare \u0219i zona Ro\u0219ia Montan\u0103 \u2013 Zona Mun\u021bilor Apuseni care de\u021bine \u0219i resurse miniere \u0219i resurse naturale, dar \u0219i un patrimoniu cultural foarte important pentru Rom\u00e2nia. \u00cen aceast\u0103 zon\u0103, pentru a evita discu\u021biile \u00een contradictoriu, dezvoltarea economic\u0103 versus protec\u021bia patrimoniului, am considerat c\u0103 modalitatea cea mai bun\u0103 de a aborda lucrurile este s\u0103 ne asum\u0103m c\u0103, dac\u0103 e un patrimoniu care e important pentru Rom\u00e2nia, el trebuie asumat la nivel na\u021bional, pe de o parte, iar pe de alt\u0103 parte trebuie s\u0103 ajut\u0103m comunit\u0103\u021bile locale s\u0103 verifice resursele pe care le au la dispozi\u021bie \u00eentr-un mod integrat \u0219i s\u0103 g\u00e2ndim proiecte care s\u0103 integra toate aceste resurse pentru c\u0103, dincolo de orice ce este cel mai important, este c\u0103 pentru a dezvolta acest\u0103 zon\u0103 trebuie s\u0103 men\u021binem popula\u021bia \u00een zonele respective \u0219i s\u0103 g\u0103sim resurse de dezvoltare economic\u0103\u201d, a declarat premierul Dacian Ciolo\u0219, dup\u0103 discu\u021biile de la Alba Iulia.<\/p>\n<p>Premierul a\u00a0 declarat de\u00a0 asemenea, ca vor fi alocate fonduri guvernamentale si europene pentru proiecte integrate, respectiv de infrastructura pentru transport, servicii sociale si dezvoltare economica.<\/p>\n<p>\u00cen \u0219edinta de Guvern de miercuri, a fost actualizat\u0103 lista unit\u0103\u021bilor administrative teritoriale incluse \u00een Memorandumul pe care Executivul la aprobat \u00een data de 29 septembrie cu privire la dezvoltarea unor programe integrate din fonduri europene \u0219i bugetul na\u021bional. Este vorba despre localit\u0103\u021bile Baia de cri\u0219, B\u0103i\u021ba, Bal\u0219a, Bulze\u0219tii de Sus, Certeju de Sus, Cri\u0219cior, Luncoiu de Jos, Ribi\u021ba, Tome\u0219ti, Vor\u021ba, Va\u021ba de Jos, V\u0103li\u0219oara, Albac, Horea, Sc\u0103ri\u0219oara, G\u00e2rda \u0219i Arie\u0219eni.<\/p>\n","protected":false},"excerpt":{"rendered":"<p>Dacian Ciolo\u0219 s-a aflat vineri\u00a0la Alba Iulia, unde s-a \u00eent\u00e2lnit cu autorit\u0103\u021bile locale din zona Ro\u0219ia Montan\u0103 \u2013 Mun\u021bii Apuseni, pentru a le prezenta mecanismul de sprijin elaborat de Guvern pentru dezvoltarea integrat\u0103 a zonelor-pilot de interven\u021bie, care vizeaz\u0103 \u0219i fosta zon\u0103 minier\u0103 mono-industrial\u0103. Premierul a fost\u00a0\u00eenso\u021bit de vicepremierul Vasile D\u00eencu, Ministrul Dezvolt\u0103rii Regionale \u0219i &hellip;<\/p>\n","protected":false},"author":20,"featured_media":34551,"comment_status":"open","ping_status":"open","sticky":false,"template":"","format":"standard","meta":{"inline_featured_image":false,"footnotes":""},"categories":[2034],"tags":[307,31,2655,486,3784,1097,1302,8429,76],"class_list":["post-34550","post","type-post","status-publish","format-standard","has-post-thumbnail","hentry","category-social","tag-alba","tag-alba-iulia","tag-apuseni","tag-autoritati-locale","tag-dacian-ciolos","tag-reprezentanti","tag-rosia-montana","tag-ugat","tag-urbea-mea"],"yoast_head":"<!-- This site is optimized with the Yoast SEO plugin v28.3 - https:\/\/yoast.com\/product\/yoast-seo-wordpress\/ -->\n<title>Dacian Ciolo\u0219 s-a \u00eent\u00e2lnit cu autorit\u0103\u021bile locale din Ro\u0219ia Montan\u0103. Ajutor pentru dezvoltarea zonei mun\u021bilor Apuseni - Revista Urbea Mea - Revista de Alba<\/title>\n<meta name=\"description\" content=\"Dacian Ciolo\u0219 s-a aflat vineri\u00a0la Alba Iulia, unde s-a \u00eent\u00e2lnit cu autorit\u0103\u021bile locale din zona Ro\u0219ia Montan\u0103 \u2013 Mun\u021bii Apuseni, pentru a le prezenta\" \/>\n<meta name=\"robots\" content=\"index, follow, max-snippet:-1, max-image-preview:large, max-video-preview:-1\" \/>\n<link rel=\"canonical\" href=\"https:\/\/urbeamea.ro\/albaiulia\/dacian-ciolos-s-a-intalnit-cu-autoritatile-locale-din-rosia-montana-ajutor-pentru-dezvoltarea-zonei-muntilor-apuseni\/\" \/>\n<meta name=\"twitter:card\" content=\"summary_large_image\" \/>\n<meta name=\"twitter:title\" content=\"Dacian Ciolo\u0219 s-a \u00eent\u00e2lnit cu autorit\u0103\u021bile locale din Ro\u0219ia Montan\u0103. Ajutor pentru dezvoltarea zonei mun\u021bilor Apuseni - Revista Urbea Mea - Revista de Alba\" \/>\n<meta name=\"twitter:description\" content=\"Dacian Ciolo\u0219 s-a aflat vineri\u00a0la Alba Iulia, unde s-a \u00eent\u00e2lnit cu autorit\u0103\u021bile locale din zona Ro\u0219ia Montan\u0103 \u2013 Mun\u021bii Apuseni, pentru a le prezenta\" \/>\n<meta name=\"twitter:image\" content=\"https:\/\/urbeamea.ro\/albaiulia\/wp-content\/uploads\/2016\/11\/Ciolos.jpg\" \/>\n<meta name=\"twitter:creator\" content=\"@urbeameaweb\" \/>\n<meta name=\"twitter:site\" content=\"@urbeameaweb\" \/>\n<script type=\"application\/ld+json\" class=\"yoast-schema-graph\">{\"@context\":\"https:\\\/\\\/schema.org\",\"@graph\":[{\"@type\":\"Article\",\"@id\":\"https:\\\/\\\/urbeamea.ro\\\/albaiulia\\\/dacian-ciolos-s-a-intalnit-cu-autoritatile-locale-din-rosia-montana-ajutor-pentru-dezvoltarea-zonei-muntilor-apuseni\\\/#article\",\"isPartOf\":{\"@id\":\"https:\\\/\\\/urbeamea.ro\\\/albaiulia\\\/dacian-ciolos-s-a-intalnit-cu-autoritatile-locale-din-rosia-montana-ajutor-pentru-dezvoltarea-zonei-muntilor-apuseni\\\/\"},\"author\":{\"name\":\"Adriana Avram\",\"@id\":\"https:\\\/\\\/urbeamea.ro\\\/albaiulia\\\/#\\\/schema\\\/person\\\/cfaa27fc3da4a9a2cf2fee3650afc5d0\"},\"headline\":\"Dacian Ciolo\u0219 s-a \u00eent\u00e2lnit cu autorit\u0103\u021bile locale din Ro\u0219ia Montan\u0103. Ajutor pentru dezvoltarea zonei mun\u021bilor Apuseni\",\"datePublished\":\"2016-11-04T15:25:35+00:00\",\"mainEntityOfPage\":{\"@id\":\"https:\\\/\\\/urbeamea.ro\\\/albaiulia\\\/dacian-ciolos-s-a-intalnit-cu-autoritatile-locale-din-rosia-montana-ajutor-pentru-dezvoltarea-zonei-muntilor-apuseni\\\/\"},\"wordCount\":534,\"commentCount\":0,\"image\":{\"@id\":\"https:\\\/\\\/urbeamea.ro\\\/albaiulia\\\/dacian-ciolos-s-a-intalnit-cu-autoritatile-locale-din-rosia-montana-ajutor-pentru-dezvoltarea-zonei-muntilor-apuseni\\\/#primaryimage\"},\"thumbnailUrl\":\"https:\\\/\\\/urbeamea.ro\\\/albaiulia\\\/wp-content\\\/uploads\\\/2016\\\/11\\\/Ciolos.jpg\",\"keywords\":[\"alba\",\"Alba Iulia\",\"apuseni\",\"autoritati locale\",\"dacian ciolos\",\"reprezentanti\",\"rosia montana\",\"UGAT\",\"Urbea Mea\"],\"articleSection\":[\"Social\"],\"inLanguage\":\"ro-RO\",\"potentialAction\":[{\"@type\":\"CommentAction\",\"name\":\"Comment\",\"target\":[\"https:\\\/\\\/urbeamea.ro\\\/albaiulia\\\/dacian-ciolos-s-a-intalnit-cu-autoritatile-locale-din-rosia-montana-ajutor-pentru-dezvoltarea-zonei-muntilor-apuseni\\\/#respond\"]}]},{\"@type\":\"WebPage\",\"@id\":\"https:\\\/\\\/urbeamea.ro\\\/albaiulia\\\/dacian-ciolos-s-a-intalnit-cu-autoritatile-locale-din-rosia-montana-ajutor-pentru-dezvoltarea-zonei-muntilor-apuseni\\\/\",\"url\":\"https:\\\/\\\/urbeamea.ro\\\/albaiulia\\\/dacian-ciolos-s-a-intalnit-cu-autoritatile-locale-din-rosia-montana-ajutor-pentru-dezvoltarea-zonei-muntilor-apuseni\\\/\",\"name\":\"Dacian Ciolo\u0219 s-a \u00eent\u00e2lnit cu autorit\u0103\u021bile locale din Ro\u0219ia Montan\u0103. Ajutor pentru dezvoltarea zonei mun\u021bilor Apuseni - Revista Urbea Mea - Revista de Alba\",\"isPartOf\":{\"@id\":\"https:\\\/\\\/urbeamea.ro\\\/albaiulia\\\/#website\"},\"primaryImageOfPage\":{\"@id\":\"https:\\\/\\\/urbeamea.ro\\\/albaiulia\\\/dacian-ciolos-s-a-intalnit-cu-autoritatile-locale-din-rosia-montana-ajutor-pentru-dezvoltarea-zonei-muntilor-apuseni\\\/#primaryimage\"},\"image\":{\"@id\":\"https:\\\/\\\/urbeamea.ro\\\/albaiulia\\\/dacian-ciolos-s-a-intalnit-cu-autoritatile-locale-din-rosia-montana-ajutor-pentru-dezvoltarea-zonei-muntilor-apuseni\\\/#primaryimage\"},\"thumbnailUrl\":\"https:\\\/\\\/urbeamea.ro\\\/albaiulia\\\/wp-content\\\/uploads\\\/2016\\\/11\\\/Ciolos.jpg\",\"datePublished\":\"2016-11-04T15:25:35+00:00\",\"author\":{\"@id\":\"https:\\\/\\\/urbeamea.ro\\\/albaiulia\\\/#\\\/schema\\\/person\\\/cfaa27fc3da4a9a2cf2fee3650afc5d0\"},\"description\":\"Dacian Ciolo\u0219 s-a aflat vineri\u00a0la Alba Iulia, unde s-a \u00eent\u00e2lnit cu autorit\u0103\u021bile locale din zona Ro\u0219ia Montan\u0103 \u2013 Mun\u021bii Apuseni, pentru a le prezenta\",\"breadcrumb\":{\"@id\":\"https:\\\/\\\/urbeamea.ro\\\/albaiulia\\\/dacian-ciolos-s-a-intalnit-cu-autoritatile-locale-din-rosia-montana-ajutor-pentru-dezvoltarea-zonei-muntilor-apuseni\\\/#breadcrumb\"},\"inLanguage\":\"ro-RO\",\"potentialAction\":[{\"@type\":\"ReadAction\",\"target\":[\"https:\\\/\\\/urbeamea.ro\\\/albaiulia\\\/dacian-ciolos-s-a-intalnit-cu-autoritatile-locale-din-rosia-montana-ajutor-pentru-dezvoltarea-zonei-muntilor-apuseni\\\/\"]}]},{\"@type\":\"ImageObject\",\"inLanguage\":\"ro-RO\",\"@id\":\"https:\\\/\\\/urbeamea.ro\\\/albaiulia\\\/dacian-ciolos-s-a-intalnit-cu-autoritatile-locale-din-rosia-montana-ajutor-pentru-dezvoltarea-zonei-muntilor-apuseni\\\/#primaryimage\",\"url\":\"https:\\\/\\\/urbeamea.ro\\\/albaiulia\\\/wp-content\\\/uploads\\\/2016\\\/11\\\/Ciolos.jpg\",\"contentUrl\":\"https:\\\/\\\/urbeamea.ro\\\/albaiulia\\\/wp-content\\\/uploads\\\/2016\\\/11\\\/Ciolos.jpg\",\"width\":1230,\"height\":719},{\"@type\":\"BreadcrumbList\",\"@id\":\"https:\\\/\\\/urbeamea.ro\\\/albaiulia\\\/dacian-ciolos-s-a-intalnit-cu-autoritatile-locale-din-rosia-montana-ajutor-pentru-dezvoltarea-zonei-muntilor-apuseni\\\/#breadcrumb\",\"itemListElement\":[{\"@type\":\"ListItem\",\"position\":1,\"name\":\"Prima pagin\u0103\",\"item\":\"https:\\\/\\\/urbeamea.ro\\\/albaiulia\\\/\"},{\"@type\":\"ListItem\",\"position\":2,\"name\":\"Dacian Ciolo\u0219 s-a \u00eent\u00e2lnit cu autorit\u0103\u021bile locale din Ro\u0219ia Montan\u0103. Ajutor pentru dezvoltarea zonei mun\u021bilor Apuseni\"}]},{\"@type\":\"WebSite\",\"@id\":\"https:\\\/\\\/urbeamea.ro\\\/albaiulia\\\/#website\",\"url\":\"https:\\\/\\\/urbeamea.ro\\\/albaiulia\\\/\",\"name\":\"Revista Urbea Mea, Stiri urbane\",\"description\":\"Evenimente \u0219i \u0219tiri din Alba Iulia, Sebe\u0219, Aiud, Blaj\",\"potentialAction\":[{\"@type\":\"SearchAction\",\"target\":{\"@type\":\"EntryPoint\",\"urlTemplate\":\"https:\\\/\\\/urbeamea.ro\\\/albaiulia\\\/?s={search_term_string}\"},\"query-input\":{\"@type\":\"PropertyValueSpecification\",\"valueRequired\":true,\"valueName\":\"search_term_string\"}}],\"inLanguage\":\"ro-RO\"},{\"@type\":\"Person\",\"@id\":\"https:\\\/\\\/urbeamea.ro\\\/albaiulia\\\/#\\\/schema\\\/person\\\/cfaa27fc3da4a9a2cf2fee3650afc5d0\",\"name\":\"Adriana Avram\",\"image\":{\"@type\":\"ImageObject\",\"inLanguage\":\"ro-RO\",\"@id\":\"https:\\\/\\\/secure.gravatar.com\\\/avatar\\\/3cc61eb1584088e0099c1763903a6421c5ce6cdf45fc2d424046dc621efc21f9?s=96&d=mm&r=g\",\"url\":\"https:\\\/\\\/secure.gravatar.com\\\/avatar\\\/3cc61eb1584088e0099c1763903a6421c5ce6cdf45fc2d424046dc621efc21f9?s=96&d=mm&r=g\",\"contentUrl\":\"https:\\\/\\\/secure.gravatar.com\\\/avatar\\\/3cc61eb1584088e0099c1763903a6421c5ce6cdf45fc2d424046dc621efc21f9?s=96&d=mm&r=g\",\"caption\":\"Adriana Avram\"},\"description\":\"Jurnalist\",\"sameAs\":[\"https:\\\/\\\/www.facebook.com\\\/avram.adriana.7?fref=ts\"],\"url\":\"https:\\\/\\\/urbeamea.ro\\\/albaiulia\\\/author\\\/adriana-avram\\\/\"}]}<\/script>\n<!-- \/ Yoast SEO plugin. -->","yoast_head_json":{"title":"Dacian Ciolo\u0219 s-a \u00eent\u00e2lnit cu autorit\u0103\u021bile locale din Ro\u0219ia Montan\u0103. Ajutor pentru dezvoltarea zonei mun\u021bilor Apuseni - Revista Urbea Mea - Revista de Alba","description":"Dacian Ciolo\u0219 s-a aflat vineri\u00a0la Alba Iulia, unde s-a \u00eent\u00e2lnit cu autorit\u0103\u021bile locale din zona Ro\u0219ia Montan\u0103 \u2013 Mun\u021bii Apuseni, pentru a le prezenta","robots":{"index":"index","follow":"follow","max-snippet":"max-snippet:-1","max-image-preview":"max-image-preview:large","max-video-preview":"max-video-preview:-1"},"canonical":"https:\/\/urbeamea.ro\/albaiulia\/dacian-ciolos-s-a-intalnit-cu-autoritatile-locale-din-rosia-montana-ajutor-pentru-dezvoltarea-zonei-muntilor-apuseni\/","twitter_card":"summary_large_image","twitter_title":"Dacian Ciolo\u0219 s-a \u00eent\u00e2lnit cu autorit\u0103\u021bile locale din Ro\u0219ia Montan\u0103. Ajutor pentru dezvoltarea zonei mun\u021bilor Apuseni - Revista Urbea Mea - Revista de Alba","twitter_description":"Dacian Ciolo\u0219 s-a aflat vineri\u00a0la Alba Iulia, unde s-a \u00eent\u00e2lnit cu autorit\u0103\u021bile locale din zona Ro\u0219ia Montan\u0103 \u2013 Mun\u021bii Apuseni, pentru a le prezenta","twitter_image":"https:\/\/urbeamea.ro\/albaiulia\/wp-content\/uploads\/2016\/11\/Ciolos.jpg","twitter_creator":"@urbeameaweb","twitter_site":"@urbeameaweb","schema":{"@context":"https:\/\/schema.org","@graph":[{"@type":"Article","@id":"https:\/\/urbeamea.ro\/albaiulia\/dacian-ciolos-s-a-intalnit-cu-autoritatile-locale-din-rosia-montana-ajutor-pentru-dezvoltarea-zonei-muntilor-apuseni\/#article","isPartOf":{"@id":"https:\/\/urbeamea.ro\/albaiulia\/dacian-ciolos-s-a-intalnit-cu-autoritatile-locale-din-rosia-montana-ajutor-pentru-dezvoltarea-zonei-muntilor-apuseni\/"},"author":{"name":"Adriana Avram","@id":"https:\/\/urbeamea.ro\/albaiulia\/#\/schema\/person\/cfaa27fc3da4a9a2cf2fee3650afc5d0"},"headline":"Dacian Ciolo\u0219 s-a \u00eent\u00e2lnit cu autorit\u0103\u021bile locale din Ro\u0219ia Montan\u0103. Ajutor pentru dezvoltarea zonei mun\u021bilor Apuseni","datePublished":"2016-11-04T15:25:35+00:00","mainEntityOfPage":{"@id":"https:\/\/urbeamea.ro\/albaiulia\/dacian-ciolos-s-a-intalnit-cu-autoritatile-locale-din-rosia-montana-ajutor-pentru-dezvoltarea-zonei-muntilor-apuseni\/"},"wordCount":534,"commentCount":0,"image":{"@id":"https:\/\/urbeamea.ro\/albaiulia\/dacian-ciolos-s-a-intalnit-cu-autoritatile-locale-din-rosia-montana-ajutor-pentru-dezvoltarea-zonei-muntilor-apuseni\/#primaryimage"},"thumbnailUrl":"https:\/\/urbeamea.ro\/albaiulia\/wp-content\/uploads\/2016\/11\/Ciolos.jpg","keywords":["alba","Alba Iulia","apuseni","autoritati locale","dacian ciolos","reprezentanti","rosia montana","UGAT","Urbea Mea"],"articleSection":["Social"],"inLanguage":"ro-RO","potentialAction":[{"@type":"CommentAction","name":"Comment","target":["https:\/\/urbeamea.ro\/albaiulia\/dacian-ciolos-s-a-intalnit-cu-autoritatile-locale-din-rosia-montana-ajutor-pentru-dezvoltarea-zonei-muntilor-apuseni\/#respond"]}]},{"@type":"WebPage","@id":"https:\/\/urbeamea.ro\/albaiulia\/dacian-ciolos-s-a-intalnit-cu-autoritatile-locale-din-rosia-montana-ajutor-pentru-dezvoltarea-zonei-muntilor-apuseni\/","url":"https:\/\/urbeamea.ro\/albaiulia\/dacian-ciolos-s-a-intalnit-cu-autoritatile-locale-din-rosia-montana-ajutor-pentru-dezvoltarea-zonei-muntilor-apuseni\/","name":"Dacian Ciolo\u0219 s-a \u00eent\u00e2lnit cu autorit\u0103\u021bile locale din Ro\u0219ia Montan\u0103. Ajutor pentru dezvoltarea zonei mun\u021bilor Apuseni - Revista Urbea Mea - Revista de Alba","isPartOf":{"@id":"https:\/\/urbeamea.ro\/albaiulia\/#website"},"primaryImageOfPage":{"@id":"https:\/\/urbeamea.ro\/albaiulia\/dacian-ciolos-s-a-intalnit-cu-autoritatile-locale-din-rosia-montana-ajutor-pentru-dezvoltarea-zonei-muntilor-apuseni\/#primaryimage"},"image":{"@id":"https:\/\/urbeamea.ro\/albaiulia\/dacian-ciolos-s-a-intalnit-cu-autoritatile-locale-din-rosia-montana-ajutor-pentru-dezvoltarea-zonei-muntilor-apuseni\/#primaryimage"},"thumbnailUrl":"https:\/\/urbeamea.ro\/albaiulia\/wp-content\/uploads\/2016\/11\/Ciolos.jpg","datePublished":"2016-11-04T15:25:35+00:00","author":{"@id":"https:\/\/urbeamea.ro\/albaiulia\/#\/schema\/person\/cfaa27fc3da4a9a2cf2fee3650afc5d0"},"description":"Dacian Ciolo\u0219 s-a aflat vineri\u00a0la Alba Iulia, unde s-a \u00eent\u00e2lnit cu autorit\u0103\u021bile locale din zona Ro\u0219ia Montan\u0103 \u2013 Mun\u021bii Apuseni, pentru a le prezenta","breadcrumb":{"@id":"https:\/\/urbeamea.ro\/albaiulia\/dacian-ciolos-s-a-intalnit-cu-autoritatile-locale-din-rosia-montana-ajutor-pentru-dezvoltarea-zonei-muntilor-apuseni\/#breadcrumb"},"inLanguage":"ro-RO","potentialAction":[{"@type":"ReadAction","target":["https:\/\/urbeamea.ro\/albaiulia\/dacian-ciolos-s-a-intalnit-cu-autoritatile-locale-din-rosia-montana-ajutor-pentru-dezvoltarea-zonei-muntilor-apuseni\/"]}]},{"@type":"ImageObject","inLanguage":"ro-RO","@id":"https:\/\/urbeamea.ro\/albaiulia\/dacian-ciolos-s-a-intalnit-cu-autoritatile-locale-din-rosia-montana-ajutor-pentru-dezvoltarea-zonei-muntilor-apuseni\/#primaryimage","url":"https:\/\/urbeamea.ro\/albaiulia\/wp-content\/uploads\/2016\/11\/Ciolos.jpg","contentUrl":"https:\/\/urbeamea.ro\/albaiulia\/wp-content\/uploads\/2016\/11\/Ciolos.jpg","width":1230,"height":719},{"@type":"BreadcrumbList","@id":"https:\/\/urbeamea.ro\/albaiulia\/dacian-ciolos-s-a-intalnit-cu-autoritatile-locale-din-rosia-montana-ajutor-pentru-dezvoltarea-zonei-muntilor-apuseni\/#breadcrumb","itemListElement":[{"@type":"ListItem","position":1,"name":"Prima pagin\u0103","item":"https:\/\/urbeamea.ro\/albaiulia\/"},{"@type":"ListItem","position":2,"name":"Dacian Ciolo\u0219 s-a \u00eent\u00e2lnit cu autorit\u0103\u021bile locale din Ro\u0219ia Montan\u0103. Ajutor pentru dezvoltarea zonei mun\u021bilor Apuseni"}]},{"@type":"WebSite","@id":"https:\/\/urbeamea.ro\/albaiulia\/#website","url":"https:\/\/urbeamea.ro\/albaiulia\/","name":"Revista Urbea Mea, Stiri urbane","description":"Evenimente \u0219i \u0219tiri din Alba Iulia, Sebe\u0219, Aiud, Blaj","potentialAction":[{"@type":"SearchAction","target":{"@type":"EntryPoint","urlTemplate":"https:\/\/urbeamea.ro\/albaiulia\/?s={search_term_string}"},"query-input":{"@type":"PropertyValueSpecification","valueRequired":true,"valueName":"search_term_string"}}],"inLanguage":"ro-RO"},{"@type":"Person","@id":"https:\/\/urbeamea.ro\/albaiulia\/#\/schema\/person\/cfaa27fc3da4a9a2cf2fee3650afc5d0","name":"Adriana Avram","image":{"@type":"ImageObject","inLanguage":"ro-RO","@id":"https:\/\/secure.gravatar.com\/avatar\/3cc61eb1584088e0099c1763903a6421c5ce6cdf45fc2d424046dc621efc21f9?s=96&d=mm&r=g","url":"https:\/\/secure.gravatar.com\/avatar\/3cc61eb1584088e0099c1763903a6421c5ce6cdf45fc2d424046dc621efc21f9?s=96&d=mm&r=g","contentUrl":"https:\/\/secure.gravatar.com\/avatar\/3cc61eb1584088e0099c1763903a6421c5ce6cdf45fc2d424046dc621efc21f9?s=96&d=mm&r=g","caption":"Adriana Avram"},"description":"Jurnalist","sameAs":["https:\/\/www.facebook.com\/avram.adriana.7?fref=ts"],"url":"https:\/\/urbeamea.ro\/albaiulia\/author\/adriana-avram\/"}]}},"_links":{"self":[{"href":"https:\/\/urbeamea.ro\/albaiulia\/wp-json\/wp\/v2\/posts\/34550","targetHints":{"allow":["GET"]}}],"collection":[{"href":"https:\/\/urbeamea.ro\/albaiulia\/wp-json\/wp\/v2\/posts"}],"about":[{"href":"https:\/\/urbeamea.ro\/albaiulia\/wp-json\/wp\/v2\/types\/post"}],"author":[{"embeddable":true,"href":"https:\/\/urbeamea.ro\/albaiulia\/wp-json\/wp\/v2\/users\/20"}],"replies":[{"embeddable":true,"href":"https:\/\/urbeamea.ro\/albaiulia\/wp-json\/wp\/v2\/comments?post=34550"}],"version-history":[{"count":0,"href":"https:\/\/urbeamea.ro\/albaiulia\/wp-json\/wp\/v2\/posts\/34550\/revisions"}],"wp:featuredmedia":[{"embeddable":true,"href":"https:\/\/urbeamea.ro\/albaiulia\/wp-json\/wp\/v2\/media\/34551"}],"wp:attachment":[{"href":"https:\/\/urbeamea.ro\/albaiulia\/wp-json\/wp\/v2\/media?parent=34550"}],"wp:term":[{"taxonomy":"category","embeddable":true,"href":"https:\/\/urbeamea.ro\/albaiulia\/wp-json\/wp\/v2\/categories?post=34550"},{"taxonomy":"post_tag","embeddable":true,"href":"https:\/\/urbeamea.ro\/albaiulia\/wp-json\/wp\/v2\/tags?post=34550"}],"curies":[{"name":"wp","href":"https:\/\/api.w.org\/{rel}","templated":true}]}}