{"id":34579,"date":"2016-11-06T16:01:57","date_gmt":"2016-11-06T14:01:57","guid":{"rendered":"http:\/\/urbeamea.ro\/albaiulia\/?p=34579"},"modified":"2016-11-06T14:11:03","modified_gmt":"2016-11-06T12:11:03","slug":"cercetatorii-germani-trag-un-semnal-de-alarma-in-30-de-ani-gheata-de-la-polul-nord-s-ar-putea-topi","status":"publish","type":"post","link":"https:\/\/urbeamea.ro\/albaiulia\/cercetatorii-germani-trag-un-semnal-de-alarma-in-30-de-ani-gheata-de-la-polul-nord-s-ar-putea-topi\/","title":{"rendered":"Cercet\u0103torii germani trag un semnal de alarm\u0103. \u00cen 30 de ani, ghea\u021ba de la Polul Nord s-ar putea topi"},"content":{"rendered":"<p><strong><img loading=\"lazy\" decoding=\"async\" class=\"alignleft size-medium wp-image-34580\" src=\"http:\/\/urbeamea.ro\/albaiulia\/wp-content\/uploads\/2016\/11\/topirea-ghetarilor-in-oceanul-arctic-300x169.jpg\" alt=\"topirea-ghetarilor-in-oceanul-arctic\" width=\"300\" height=\"169\" \/>Avertisment \u00eengrijor\u0103tor al oamenilor de \u015ftiin\u0163\u0103: dac\u0103 actualul ritm de poluare se men\u0163ine, \u00een mai pu\u0163in de 30 de ani ar putea ca toat\u0103 ghea\u0163a de la Polul Nord s\u0103 se topeasc\u0103.<\/strong><\/p>\n<p>Iar speciali\u015ftii vin \u015fi cu un exemplu c\u00e2t se poate de clar: trei metri cubi din calota glaciar\u0103 artic\u0103 dispar din cauza polu\u0103rii produse de fiecare avion care zboar\u0103 pe ruta Paris &#8211; New York. \u015ei acesta este efectul pe care \u00eel are asupra mediului orice ton\u0103 de dioxid de carbon emis\u0103 \u00een atmosfer\u0103. Calculele au fost f\u0103cute de Institutul Max Planck, din Germania.<\/p>\n<p><iframe loading=\"lazy\" title=\"Melting glaciers in West Antartica are &#039;past point of return&#039;\" width=\"500\" height=\"281\" src=\"https:\/\/www.youtube.com\/embed\/B-OSAIRZ0A0?feature=oembed\" frameborder=\"0\" allow=\"accelerometer; autoplay; clipboard-write; encrypted-media; gyroscope; picture-in-picture; web-share\" referrerpolicy=\"strict-origin-when-cross-origin\" allowfullscreen><\/iframe><\/p>\n<p>&nbsp;<\/p>\n<p><em>Sursa: Digi24<\/em><\/p>\n","protected":false},"excerpt":{"rendered":"<p>Avertisment \u00eengrijor\u0103tor al oamenilor de \u015ftiin\u0163\u0103: dac\u0103 actualul ritm de poluare se men\u0163ine, \u00een mai pu\u0163in de 30 de ani ar putea ca toat\u0103 ghea\u0163a de la Polul Nord s\u0103 se topeasc\u0103. Iar speciali\u015ftii vin \u015fi cu un exemplu c\u00e2t se poate de clar: trei metri cubi din calota glaciar\u0103 artic\u0103 dispar din cauza polu\u0103rii &hellip;<\/p>\n","protected":false},"author":16,"featured_media":34580,"comment_status":"open","ping_status":"open","sticky":false,"template":"","format":"standard","meta":{"inline_featured_image":false,"footnotes":""},"categories":[60],"tags":[1086,8438,1501,2773,7034,8436,2254,8437,76],"class_list":["post-34579","post","type-post","status-publish","format-standard","has-post-thumbnail","hentry","category-stiati-ca","tag-cercetatori","tag-dioxid-de-carbon","tag-germania","tag-gheata","tag-poluare","tag-polul-nord","tag-studiu","tag-topire","tag-urbea-mea"],"yoast_head":"<!-- This site is optimized with the Yoast SEO plugin v28.3 - https:\/\/yoast.com\/product\/yoast-seo-wordpress\/ -->\n<title>Cercet\u0103torii germani trag un semnal de alarm\u0103. \u00cen 30 de ani, ghea\u021ba de la Polul Nord s-ar putea topi - Revista Urbea Mea - Revista de Alba<\/title>\n<meta name=\"description\" content=\"Avertisment \u00eengrijor\u0103tor al oamenilor de \u015ftiin\u0163\u0103: dac\u0103 actualul ritm de poluare se men\u0163ine, \u00een mai pu\u0163in de 30 de ani ar putea ca toat\u0103 ghea\u0163a de la Polul\" \/>\n<meta name=\"robots\" content=\"index, follow, max-snippet:-1, max-image-preview:large, max-video-preview:-1\" \/>\n<link rel=\"canonical\" href=\"https:\/\/urbeamea.ro\/albaiulia\/cercetatorii-germani-trag-un-semnal-de-alarma-in-30-de-ani-gheata-de-la-polul-nord-s-ar-putea-topi\/\" \/>\n<meta name=\"twitter:card\" content=\"summary_large_image\" \/>\n<meta name=\"twitter:title\" content=\"Cercet\u0103torii germani trag un semnal de alarm\u0103. \u00cen 30 de ani, ghea\u021ba de la Polul Nord s-ar putea topi - Revista Urbea Mea - Revista de Alba\" \/>\n<meta name=\"twitter:description\" content=\"Avertisment \u00eengrijor\u0103tor al oamenilor de \u015ftiin\u0163\u0103: dac\u0103 actualul ritm de poluare se men\u0163ine, \u00een mai pu\u0163in de 30 de ani ar putea ca toat\u0103 ghea\u0163a de la Polul\" \/>\n<meta name=\"twitter:image\" content=\"https:\/\/urbeamea.ro\/albaiulia\/wp-content\/uploads\/2016\/11\/topirea-ghetarilor-in-oceanul-arctic.jpg\" \/>\n<meta name=\"twitter:creator\" content=\"@urbeameaweb\" \/>\n<meta name=\"twitter:site\" content=\"@urbeameaweb\" \/>\n<script type=\"application\/ld+json\" class=\"yoast-schema-graph\">{\"@context\":\"https:\\\/\\\/schema.org\",\"@graph\":[{\"@type\":\"Article\",\"@id\":\"https:\\\/\\\/urbeamea.ro\\\/albaiulia\\\/cercetatorii-germani-trag-un-semnal-de-alarma-in-30-de-ani-gheata-de-la-polul-nord-s-ar-putea-topi\\\/#article\",\"isPartOf\":{\"@id\":\"https:\\\/\\\/urbeamea.ro\\\/albaiulia\\\/cercetatorii-germani-trag-un-semnal-de-alarma-in-30-de-ani-gheata-de-la-polul-nord-s-ar-putea-topi\\\/\"},\"author\":{\"name\":\"Redac\u021bia UrbeaMea\",\"@id\":\"https:\\\/\\\/urbeamea.ro\\\/albaiulia\\\/#\\\/schema\\\/person\\\/272ae98052f8ee8980f59848df070247\"},\"headline\":\"Cercet\u0103torii germani trag un semnal de alarm\u0103. \u00cen 30 de ani, ghea\u021ba de la Polul Nord s-ar putea topi\",\"datePublished\":\"2016-11-06T14:01:57+00:00\",\"mainEntityOfPage\":{\"@id\":\"https:\\\/\\\/urbeamea.ro\\\/albaiulia\\\/cercetatorii-germani-trag-un-semnal-de-alarma-in-30-de-ani-gheata-de-la-polul-nord-s-ar-putea-topi\\\/\"},\"wordCount\":134,\"commentCount\":0,\"image\":{\"@id\":\"https:\\\/\\\/urbeamea.ro\\\/albaiulia\\\/cercetatorii-germani-trag-un-semnal-de-alarma-in-30-de-ani-gheata-de-la-polul-nord-s-ar-putea-topi\\\/#primaryimage\"},\"thumbnailUrl\":\"https:\\\/\\\/urbeamea.ro\\\/albaiulia\\\/wp-content\\\/uploads\\\/2016\\\/11\\\/topirea-ghetarilor-in-oceanul-arctic.jpg\",\"keywords\":[\"cercetatori\",\"dioxid de carbon\",\"germania\",\"gheata\",\"poluare\",\"Polul Nord\",\"studiu\",\"topire\",\"Urbea Mea\"],\"articleSection\":[\"\u015etia\u0163i c\u0103?\"],\"inLanguage\":\"ro-RO\",\"potentialAction\":[{\"@type\":\"CommentAction\",\"name\":\"Comment\",\"target\":[\"https:\\\/\\\/urbeamea.ro\\\/albaiulia\\\/cercetatorii-germani-trag-un-semnal-de-alarma-in-30-de-ani-gheata-de-la-polul-nord-s-ar-putea-topi\\\/#respond\"]}]},{\"@type\":\"WebPage\",\"@id\":\"https:\\\/\\\/urbeamea.ro\\\/albaiulia\\\/cercetatorii-germani-trag-un-semnal-de-alarma-in-30-de-ani-gheata-de-la-polul-nord-s-ar-putea-topi\\\/\",\"url\":\"https:\\\/\\\/urbeamea.ro\\\/albaiulia\\\/cercetatorii-germani-trag-un-semnal-de-alarma-in-30-de-ani-gheata-de-la-polul-nord-s-ar-putea-topi\\\/\",\"name\":\"Cercet\u0103torii germani trag un semnal de alarm\u0103. \u00cen 30 de ani, ghea\u021ba de la Polul Nord s-ar putea topi - Revista Urbea Mea - Revista de Alba\",\"isPartOf\":{\"@id\":\"https:\\\/\\\/urbeamea.ro\\\/albaiulia\\\/#website\"},\"primaryImageOfPage\":{\"@id\":\"https:\\\/\\\/urbeamea.ro\\\/albaiulia\\\/cercetatorii-germani-trag-un-semnal-de-alarma-in-30-de-ani-gheata-de-la-polul-nord-s-ar-putea-topi\\\/#primaryimage\"},\"image\":{\"@id\":\"https:\\\/\\\/urbeamea.ro\\\/albaiulia\\\/cercetatorii-germani-trag-un-semnal-de-alarma-in-30-de-ani-gheata-de-la-polul-nord-s-ar-putea-topi\\\/#primaryimage\"},\"thumbnailUrl\":\"https:\\\/\\\/urbeamea.ro\\\/albaiulia\\\/wp-content\\\/uploads\\\/2016\\\/11\\\/topirea-ghetarilor-in-oceanul-arctic.jpg\",\"datePublished\":\"2016-11-06T14:01:57+00:00\",\"author\":{\"@id\":\"https:\\\/\\\/urbeamea.ro\\\/albaiulia\\\/#\\\/schema\\\/person\\\/272ae98052f8ee8980f59848df070247\"},\"description\":\"Avertisment \u00eengrijor\u0103tor al oamenilor de \u015ftiin\u0163\u0103: dac\u0103 actualul ritm de poluare se men\u0163ine, \u00een mai pu\u0163in de 30 de ani ar putea ca toat\u0103 ghea\u0163a de la Polul\",\"breadcrumb\":{\"@id\":\"https:\\\/\\\/urbeamea.ro\\\/albaiulia\\\/cercetatorii-germani-trag-un-semnal-de-alarma-in-30-de-ani-gheata-de-la-polul-nord-s-ar-putea-topi\\\/#breadcrumb\"},\"inLanguage\":\"ro-RO\",\"potentialAction\":[{\"@type\":\"ReadAction\",\"target\":[\"https:\\\/\\\/urbeamea.ro\\\/albaiulia\\\/cercetatorii-germani-trag-un-semnal-de-alarma-in-30-de-ani-gheata-de-la-polul-nord-s-ar-putea-topi\\\/\"]}]},{\"@type\":\"ImageObject\",\"inLanguage\":\"ro-RO\",\"@id\":\"https:\\\/\\\/urbeamea.ro\\\/albaiulia\\\/cercetatorii-germani-trag-un-semnal-de-alarma-in-30-de-ani-gheata-de-la-polul-nord-s-ar-putea-topi\\\/#primaryimage\",\"url\":\"https:\\\/\\\/urbeamea.ro\\\/albaiulia\\\/wp-content\\\/uploads\\\/2016\\\/11\\\/topirea-ghetarilor-in-oceanul-arctic.jpg\",\"contentUrl\":\"https:\\\/\\\/urbeamea.ro\\\/albaiulia\\\/wp-content\\\/uploads\\\/2016\\\/11\\\/topirea-ghetarilor-in-oceanul-arctic.jpg\",\"width\":650,\"height\":367},{\"@type\":\"BreadcrumbList\",\"@id\":\"https:\\\/\\\/urbeamea.ro\\\/albaiulia\\\/cercetatorii-germani-trag-un-semnal-de-alarma-in-30-de-ani-gheata-de-la-polul-nord-s-ar-putea-topi\\\/#breadcrumb\",\"itemListElement\":[{\"@type\":\"ListItem\",\"position\":1,\"name\":\"Prima pagin\u0103\",\"item\":\"https:\\\/\\\/urbeamea.ro\\\/albaiulia\\\/\"},{\"@type\":\"ListItem\",\"position\":2,\"name\":\"Cercet\u0103torii germani trag un semnal de alarm\u0103. \u00cen 30 de ani, ghea\u021ba de la Polul Nord s-ar putea topi\"}]},{\"@type\":\"WebSite\",\"@id\":\"https:\\\/\\\/urbeamea.ro\\\/albaiulia\\\/#website\",\"url\":\"https:\\\/\\\/urbeamea.ro\\\/albaiulia\\\/\",\"name\":\"Revista Urbea Mea, Stiri urbane\",\"description\":\"Evenimente \u0219i \u0219tiri din Alba Iulia, Sebe\u0219, Aiud, Blaj\",\"potentialAction\":[{\"@type\":\"SearchAction\",\"target\":{\"@type\":\"EntryPoint\",\"urlTemplate\":\"https:\\\/\\\/urbeamea.ro\\\/albaiulia\\\/?s={search_term_string}\"},\"query-input\":{\"@type\":\"PropertyValueSpecification\",\"valueRequired\":true,\"valueName\":\"search_term_string\"}}],\"inLanguage\":\"ro-RO\"},{\"@type\":\"Person\",\"@id\":\"https:\\\/\\\/urbeamea.ro\\\/albaiulia\\\/#\\\/schema\\\/person\\\/272ae98052f8ee8980f59848df070247\",\"name\":\"Redac\u021bia UrbeaMea\",\"image\":{\"@type\":\"ImageObject\",\"inLanguage\":\"ro-RO\",\"@id\":\"https:\\\/\\\/secure.gravatar.com\\\/avatar\\\/9ce5a9435071fa1037e8468053ead8e513dbbff59009d3069aadb85506d85a27?s=96&d=mm&r=g\",\"url\":\"https:\\\/\\\/secure.gravatar.com\\\/avatar\\\/9ce5a9435071fa1037e8468053ead8e513dbbff59009d3069aadb85506d85a27?s=96&d=mm&r=g\",\"contentUrl\":\"https:\\\/\\\/secure.gravatar.com\\\/avatar\\\/9ce5a9435071fa1037e8468053ead8e513dbbff59009d3069aadb85506d85a27?s=96&d=mm&r=g\",\"caption\":\"Redac\u021bia UrbeaMea\"},\"description\":\"contact@urbeamea.ro\",\"sameAs\":[\"https:\\\/\\\/www.urbeamea.ro\"],\"url\":\"https:\\\/\\\/urbeamea.ro\\\/albaiulia\\\/author\\\/redactia-urbeamea\\\/\"}]}<\/script>\n<!-- \/ Yoast SEO plugin. -->","yoast_head_json":{"title":"Cercet\u0103torii germani trag un semnal de alarm\u0103. \u00cen 30 de ani, ghea\u021ba de la Polul Nord s-ar putea topi - Revista Urbea Mea - Revista de Alba","description":"Avertisment \u00eengrijor\u0103tor al oamenilor de \u015ftiin\u0163\u0103: dac\u0103 actualul ritm de poluare se men\u0163ine, \u00een mai pu\u0163in de 30 de ani ar putea ca toat\u0103 ghea\u0163a de la Polul","robots":{"index":"index","follow":"follow","max-snippet":"max-snippet:-1","max-image-preview":"max-image-preview:large","max-video-preview":"max-video-preview:-1"},"canonical":"https:\/\/urbeamea.ro\/albaiulia\/cercetatorii-germani-trag-un-semnal-de-alarma-in-30-de-ani-gheata-de-la-polul-nord-s-ar-putea-topi\/","twitter_card":"summary_large_image","twitter_title":"Cercet\u0103torii germani trag un semnal de alarm\u0103. \u00cen 30 de ani, ghea\u021ba de la Polul Nord s-ar putea topi - Revista Urbea Mea - Revista de Alba","twitter_description":"Avertisment \u00eengrijor\u0103tor al oamenilor de \u015ftiin\u0163\u0103: dac\u0103 actualul ritm de poluare se men\u0163ine, \u00een mai pu\u0163in de 30 de ani ar putea ca toat\u0103 ghea\u0163a de la Polul","twitter_image":"https:\/\/urbeamea.ro\/albaiulia\/wp-content\/uploads\/2016\/11\/topirea-ghetarilor-in-oceanul-arctic.jpg","twitter_creator":"@urbeameaweb","twitter_site":"@urbeameaweb","schema":{"@context":"https:\/\/schema.org","@graph":[{"@type":"Article","@id":"https:\/\/urbeamea.ro\/albaiulia\/cercetatorii-germani-trag-un-semnal-de-alarma-in-30-de-ani-gheata-de-la-polul-nord-s-ar-putea-topi\/#article","isPartOf":{"@id":"https:\/\/urbeamea.ro\/albaiulia\/cercetatorii-germani-trag-un-semnal-de-alarma-in-30-de-ani-gheata-de-la-polul-nord-s-ar-putea-topi\/"},"author":{"name":"Redac\u021bia UrbeaMea","@id":"https:\/\/urbeamea.ro\/albaiulia\/#\/schema\/person\/272ae98052f8ee8980f59848df070247"},"headline":"Cercet\u0103torii germani trag un semnal de alarm\u0103. \u00cen 30 de ani, ghea\u021ba de la Polul Nord s-ar putea topi","datePublished":"2016-11-06T14:01:57+00:00","mainEntityOfPage":{"@id":"https:\/\/urbeamea.ro\/albaiulia\/cercetatorii-germani-trag-un-semnal-de-alarma-in-30-de-ani-gheata-de-la-polul-nord-s-ar-putea-topi\/"},"wordCount":134,"commentCount":0,"image":{"@id":"https:\/\/urbeamea.ro\/albaiulia\/cercetatorii-germani-trag-un-semnal-de-alarma-in-30-de-ani-gheata-de-la-polul-nord-s-ar-putea-topi\/#primaryimage"},"thumbnailUrl":"https:\/\/urbeamea.ro\/albaiulia\/wp-content\/uploads\/2016\/11\/topirea-ghetarilor-in-oceanul-arctic.jpg","keywords":["cercetatori","dioxid de carbon","germania","gheata","poluare","Polul Nord","studiu","topire","Urbea Mea"],"articleSection":["\u015etia\u0163i c\u0103?"],"inLanguage":"ro-RO","potentialAction":[{"@type":"CommentAction","name":"Comment","target":["https:\/\/urbeamea.ro\/albaiulia\/cercetatorii-germani-trag-un-semnal-de-alarma-in-30-de-ani-gheata-de-la-polul-nord-s-ar-putea-topi\/#respond"]}]},{"@type":"WebPage","@id":"https:\/\/urbeamea.ro\/albaiulia\/cercetatorii-germani-trag-un-semnal-de-alarma-in-30-de-ani-gheata-de-la-polul-nord-s-ar-putea-topi\/","url":"https:\/\/urbeamea.ro\/albaiulia\/cercetatorii-germani-trag-un-semnal-de-alarma-in-30-de-ani-gheata-de-la-polul-nord-s-ar-putea-topi\/","name":"Cercet\u0103torii germani trag un semnal de alarm\u0103. \u00cen 30 de ani, ghea\u021ba de la Polul Nord s-ar putea topi - Revista Urbea Mea - Revista de Alba","isPartOf":{"@id":"https:\/\/urbeamea.ro\/albaiulia\/#website"},"primaryImageOfPage":{"@id":"https:\/\/urbeamea.ro\/albaiulia\/cercetatorii-germani-trag-un-semnal-de-alarma-in-30-de-ani-gheata-de-la-polul-nord-s-ar-putea-topi\/#primaryimage"},"image":{"@id":"https:\/\/urbeamea.ro\/albaiulia\/cercetatorii-germani-trag-un-semnal-de-alarma-in-30-de-ani-gheata-de-la-polul-nord-s-ar-putea-topi\/#primaryimage"},"thumbnailUrl":"https:\/\/urbeamea.ro\/albaiulia\/wp-content\/uploads\/2016\/11\/topirea-ghetarilor-in-oceanul-arctic.jpg","datePublished":"2016-11-06T14:01:57+00:00","author":{"@id":"https:\/\/urbeamea.ro\/albaiulia\/#\/schema\/person\/272ae98052f8ee8980f59848df070247"},"description":"Avertisment \u00eengrijor\u0103tor al oamenilor de \u015ftiin\u0163\u0103: dac\u0103 actualul ritm de poluare se men\u0163ine, \u00een mai pu\u0163in de 30 de ani ar putea ca toat\u0103 ghea\u0163a de la Polul","breadcrumb":{"@id":"https:\/\/urbeamea.ro\/albaiulia\/cercetatorii-germani-trag-un-semnal-de-alarma-in-30-de-ani-gheata-de-la-polul-nord-s-ar-putea-topi\/#breadcrumb"},"inLanguage":"ro-RO","potentialAction":[{"@type":"ReadAction","target":["https:\/\/urbeamea.ro\/albaiulia\/cercetatorii-germani-trag-un-semnal-de-alarma-in-30-de-ani-gheata-de-la-polul-nord-s-ar-putea-topi\/"]}]},{"@type":"ImageObject","inLanguage":"ro-RO","@id":"https:\/\/urbeamea.ro\/albaiulia\/cercetatorii-germani-trag-un-semnal-de-alarma-in-30-de-ani-gheata-de-la-polul-nord-s-ar-putea-topi\/#primaryimage","url":"https:\/\/urbeamea.ro\/albaiulia\/wp-content\/uploads\/2016\/11\/topirea-ghetarilor-in-oceanul-arctic.jpg","contentUrl":"https:\/\/urbeamea.ro\/albaiulia\/wp-content\/uploads\/2016\/11\/topirea-ghetarilor-in-oceanul-arctic.jpg","width":650,"height":367},{"@type":"BreadcrumbList","@id":"https:\/\/urbeamea.ro\/albaiulia\/cercetatorii-germani-trag-un-semnal-de-alarma-in-30-de-ani-gheata-de-la-polul-nord-s-ar-putea-topi\/#breadcrumb","itemListElement":[{"@type":"ListItem","position":1,"name":"Prima pagin\u0103","item":"https:\/\/urbeamea.ro\/albaiulia\/"},{"@type":"ListItem","position":2,"name":"Cercet\u0103torii germani trag un semnal de alarm\u0103. \u00cen 30 de ani, ghea\u021ba de la Polul Nord s-ar putea topi"}]},{"@type":"WebSite","@id":"https:\/\/urbeamea.ro\/albaiulia\/#website","url":"https:\/\/urbeamea.ro\/albaiulia\/","name":"Revista Urbea Mea, Stiri urbane","description":"Evenimente \u0219i \u0219tiri din Alba Iulia, Sebe\u0219, Aiud, Blaj","potentialAction":[{"@type":"SearchAction","target":{"@type":"EntryPoint","urlTemplate":"https:\/\/urbeamea.ro\/albaiulia\/?s={search_term_string}"},"query-input":{"@type":"PropertyValueSpecification","valueRequired":true,"valueName":"search_term_string"}}],"inLanguage":"ro-RO"},{"@type":"Person","@id":"https:\/\/urbeamea.ro\/albaiulia\/#\/schema\/person\/272ae98052f8ee8980f59848df070247","name":"Redac\u021bia UrbeaMea","image":{"@type":"ImageObject","inLanguage":"ro-RO","@id":"https:\/\/secure.gravatar.com\/avatar\/9ce5a9435071fa1037e8468053ead8e513dbbff59009d3069aadb85506d85a27?s=96&d=mm&r=g","url":"https:\/\/secure.gravatar.com\/avatar\/9ce5a9435071fa1037e8468053ead8e513dbbff59009d3069aadb85506d85a27?s=96&d=mm&r=g","contentUrl":"https:\/\/secure.gravatar.com\/avatar\/9ce5a9435071fa1037e8468053ead8e513dbbff59009d3069aadb85506d85a27?s=96&d=mm&r=g","caption":"Redac\u021bia UrbeaMea"},"description":"contact@urbeamea.ro","sameAs":["https:\/\/www.urbeamea.ro"],"url":"https:\/\/urbeamea.ro\/albaiulia\/author\/redactia-urbeamea\/"}]}},"_links":{"self":[{"href":"https:\/\/urbeamea.ro\/albaiulia\/wp-json\/wp\/v2\/posts\/34579","targetHints":{"allow":["GET"]}}],"collection":[{"href":"https:\/\/urbeamea.ro\/albaiulia\/wp-json\/wp\/v2\/posts"}],"about":[{"href":"https:\/\/urbeamea.ro\/albaiulia\/wp-json\/wp\/v2\/types\/post"}],"author":[{"embeddable":true,"href":"https:\/\/urbeamea.ro\/albaiulia\/wp-json\/wp\/v2\/users\/16"}],"replies":[{"embeddable":true,"href":"https:\/\/urbeamea.ro\/albaiulia\/wp-json\/wp\/v2\/comments?post=34579"}],"version-history":[{"count":0,"href":"https:\/\/urbeamea.ro\/albaiulia\/wp-json\/wp\/v2\/posts\/34579\/revisions"}],"wp:featuredmedia":[{"embeddable":true,"href":"https:\/\/urbeamea.ro\/albaiulia\/wp-json\/wp\/v2\/media\/34580"}],"wp:attachment":[{"href":"https:\/\/urbeamea.ro\/albaiulia\/wp-json\/wp\/v2\/media?parent=34579"}],"wp:term":[{"taxonomy":"category","embeddable":true,"href":"https:\/\/urbeamea.ro\/albaiulia\/wp-json\/wp\/v2\/categories?post=34579"},{"taxonomy":"post_tag","embeddable":true,"href":"https:\/\/urbeamea.ro\/albaiulia\/wp-json\/wp\/v2\/tags?post=34579"}],"curies":[{"name":"wp","href":"https:\/\/api.w.org\/{rel}","templated":true}]}}