{"id":34591,"date":"2016-11-07T14:00:15","date_gmt":"2016-11-07T12:00:15","guid":{"rendered":"http:\/\/urbeamea.ro\/albaiulia\/?p=34591"},"modified":"2016-11-07T14:00:15","modified_gmt":"2016-11-07T12:00:15","slug":"barbat-din-hunedoara-retinut-pentru-24-de-ore-dupa-ce-a-fost-depistat-in-trafic-cu-alcoolemie-mult-peste-limita-legala","status":"publish","type":"post","link":"https:\/\/urbeamea.ro\/albaiulia\/barbat-din-hunedoara-retinut-pentru-24-de-ore-dupa-ce-a-fost-depistat-in-trafic-cu-alcoolemie-mult-peste-limita-legala\/","title":{"rendered":"B\u0103rbat din Hunedoara, re\u021binut pentru 24 de ore, dup\u0103 ce a fost depistat \u00een trafic cu alcoolemie mult peste limita legal\u0103"},"content":{"rendered":"<p><strong><img loading=\"lazy\" decoding=\"async\" class=\"alignleft size-medium wp-image-30034\" src=\"http:\/\/urbeamea.ro\/albaiulia\/wp-content\/uploads\/2016\/08\/etilotest-300x146.jpg\" alt=\"etilotest\" width=\"300\" height=\"146\" \/>Interven\u0163ia prompt\u0103 a poli\u0163i\u015ftilor au oprit din drum un b\u0103rbat care punea \u00een pericol siguran\u0163a circula\u0163iei pe drumurile publice. Potrivit IPJ Alba,\u00a0s\u00e2mb\u0103t\u0103, \u00een jurul orelor 11.45, poli\u0163i\u015ftii Sec\u021biei 2 de Poli\u021bie Rural\u0103 Vin\u021bu de Jos, \u00een timp ce desf\u0103\u0219urau activit\u0103\u0163i de patrulare \u00een zona t\u00e2rgului din localitatea Dr\u00eembar, l-au depistat pe A.L., de 48 de ani, din municipiul Hunedoara, \u00een timp ce conducea un autoturism, fiind sub influen\u0163a b\u0103uturilor alcoolice.<\/strong><\/p>\n<p>\u00cen urma test\u0103rii acestuia cu aparatul etilotest, a rezultat valoarea de 1,36 mg\/ litru alcool pur \u00een aerul expirat, motiv pentru care a fost condus la spitalul din Alba Iulia unde i-au fost recoltate mostre de s\u00e2nge, \u00een vederea stabilirii alcoolemiei.<\/p>\n<p>Cu ocazia verific\u0103rilor efectuate, poli\u0163i\u015ftii au stabilit c\u0103 b\u0103rbatul ar fi consumat b\u0103uturi alcoolice la t\u00e2rg \u015fi, f\u0103r\u0103 a poseda permis de conducere pentru nicio categorie de autovehicule, a urcat la volanul autoturismului, pentru a se deplasa \u00een municipiul Hunedoara.<\/p>\n<p>Fa\u0163\u0103 de A.L. a fost \u00eentocmit dosar penal \u00een care este cercetat sub aspectul comiterii infrac\u021biunilor de conducere sub influen\u0163a alcoolului \u015fi conducere f\u0103r\u0103 permis, iar poli\u0163i\u015ftii l-au re\u0163inut pentru o perioad\u0103 de 24 de ore.<\/p>\n","protected":false},"excerpt":{"rendered":"<p>Interven\u0163ia prompt\u0103 a poli\u0163i\u015ftilor au oprit din drum un b\u0103rbat care punea \u00een pericol siguran\u0163a circula\u0163iei pe drumurile publice. Potrivit IPJ Alba,\u00a0s\u00e2mb\u0103t\u0103, \u00een jurul orelor 11.45, poli\u0163i\u015ftii Sec\u021biei 2 de Poli\u021bie Rural\u0103 Vin\u021bu de Jos, \u00een timp ce desf\u0103\u0219urau activit\u0103\u0163i de patrulare \u00een zona t\u00e2rgului din localitatea Dr\u00eembar, l-au depistat pe A.L., de 48 de &hellip;<\/p>\n","protected":false},"author":20,"featured_media":32367,"comment_status":"open","ping_status":"open","sticky":false,"template":"","format":"standard","meta":{"inline_featured_image":false,"footnotes":""},"categories":[2034],"tags":[2987,2971,2506,5455,3353,457,7647,7309,458,563,957,76],"class_list":["post-34591","post","type-post","status-publish","format-standard","has-post-thumbnail","hentry","category-social","tag-alcoolemie","tag-barbat","tag-dosar-penal","tag-drimbar","tag-hunedoara","tag-ipj-alba","tag-legal","tag-permis","tag-politisti","tag-targ","tag-trafic","tag-urbea-mea"],"yoast_head":"<!-- This site is optimized with the Yoast SEO plugin v28.3 - https:\/\/yoast.com\/product\/yoast-seo-wordpress\/ -->\n<title>B\u0103rbat din Hunedoara, re\u021binut pentru 24 de ore, dup\u0103 ce a fost depistat \u00een trafic cu alcoolemie mult peste limita legal\u0103 - Revista Urbea Mea - Revista de Alba<\/title>\n<meta name=\"description\" content=\"Interven\u0163ia prompt\u0103 a poli\u0163i\u015ftilor au oprit din drum un b\u0103rbat care punea \u00een pericol siguran\u0163a circula\u0163iei pe drumurile publice. Potrivit IPJ\" \/>\n<meta name=\"robots\" content=\"index, follow, max-snippet:-1, max-image-preview:large, max-video-preview:-1\" \/>\n<link rel=\"canonical\" href=\"https:\/\/urbeamea.ro\/albaiulia\/barbat-din-hunedoara-retinut-pentru-24-de-ore-dupa-ce-a-fost-depistat-in-trafic-cu-alcoolemie-mult-peste-limita-legala\/\" \/>\n<meta name=\"twitter:card\" content=\"summary_large_image\" \/>\n<meta name=\"twitter:title\" content=\"B\u0103rbat din Hunedoara, re\u021binut pentru 24 de ore, dup\u0103 ce a fost depistat \u00een trafic cu alcoolemie mult peste limita legal\u0103 - Revista Urbea Mea - Revista de Alba\" \/>\n<meta name=\"twitter:description\" content=\"Interven\u0163ia prompt\u0103 a poli\u0163i\u015ftilor au oprit din drum un b\u0103rbat care punea \u00een pericol siguran\u0163a circula\u0163iei pe drumurile publice. Potrivit IPJ\" \/>\n<meta name=\"twitter:image\" content=\"https:\/\/urbeamea.ro\/albaiulia\/wp-content\/uploads\/2016\/09\/radarpolitiarutiera_1_b.jpg\" \/>\n<meta name=\"twitter:creator\" content=\"@urbeameaweb\" \/>\n<meta name=\"twitter:site\" content=\"@urbeameaweb\" \/>\n<script type=\"application\/ld+json\" class=\"yoast-schema-graph\">{\"@context\":\"https:\\\/\\\/schema.org\",\"@graph\":[{\"@type\":\"Article\",\"@id\":\"https:\\\/\\\/urbeamea.ro\\\/albaiulia\\\/barbat-din-hunedoara-retinut-pentru-24-de-ore-dupa-ce-a-fost-depistat-in-trafic-cu-alcoolemie-mult-peste-limita-legala\\\/#article\",\"isPartOf\":{\"@id\":\"https:\\\/\\\/urbeamea.ro\\\/albaiulia\\\/barbat-din-hunedoara-retinut-pentru-24-de-ore-dupa-ce-a-fost-depistat-in-trafic-cu-alcoolemie-mult-peste-limita-legala\\\/\"},\"author\":{\"name\":\"Adriana Avram\",\"@id\":\"https:\\\/\\\/urbeamea.ro\\\/albaiulia\\\/#\\\/schema\\\/person\\\/cfaa27fc3da4a9a2cf2fee3650afc5d0\"},\"headline\":\"B\u0103rbat din Hunedoara, re\u021binut pentru 24 de ore, dup\u0103 ce a fost depistat \u00een trafic cu alcoolemie mult peste limita legal\u0103\",\"datePublished\":\"2016-11-07T12:00:15+00:00\",\"mainEntityOfPage\":{\"@id\":\"https:\\\/\\\/urbeamea.ro\\\/albaiulia\\\/barbat-din-hunedoara-retinut-pentru-24-de-ore-dupa-ce-a-fost-depistat-in-trafic-cu-alcoolemie-mult-peste-limita-legala\\\/\"},\"wordCount\":241,\"commentCount\":0,\"image\":{\"@id\":\"https:\\\/\\\/urbeamea.ro\\\/albaiulia\\\/barbat-din-hunedoara-retinut-pentru-24-de-ore-dupa-ce-a-fost-depistat-in-trafic-cu-alcoolemie-mult-peste-limita-legala\\\/#primaryimage\"},\"thumbnailUrl\":\"https:\\\/\\\/urbeamea.ro\\\/albaiulia\\\/wp-content\\\/uploads\\\/2016\\\/09\\\/radarpolitiarutiera_1_b.jpg\",\"keywords\":[\"alcoolemie\",\"barbat\",\"dosar penal\",\"dr\u00eembar\",\"Hunedoara\",\"IPJ Alba\",\"legal\",\"permis\",\"politisti\",\"targ\",\"trafic\",\"Urbea Mea\"],\"articleSection\":[\"Social\"],\"inLanguage\":\"ro-RO\",\"potentialAction\":[{\"@type\":\"CommentAction\",\"name\":\"Comment\",\"target\":[\"https:\\\/\\\/urbeamea.ro\\\/albaiulia\\\/barbat-din-hunedoara-retinut-pentru-24-de-ore-dupa-ce-a-fost-depistat-in-trafic-cu-alcoolemie-mult-peste-limita-legala\\\/#respond\"]}]},{\"@type\":\"WebPage\",\"@id\":\"https:\\\/\\\/urbeamea.ro\\\/albaiulia\\\/barbat-din-hunedoara-retinut-pentru-24-de-ore-dupa-ce-a-fost-depistat-in-trafic-cu-alcoolemie-mult-peste-limita-legala\\\/\",\"url\":\"https:\\\/\\\/urbeamea.ro\\\/albaiulia\\\/barbat-din-hunedoara-retinut-pentru-24-de-ore-dupa-ce-a-fost-depistat-in-trafic-cu-alcoolemie-mult-peste-limita-legala\\\/\",\"name\":\"B\u0103rbat din Hunedoara, re\u021binut pentru 24 de ore, dup\u0103 ce a fost depistat \u00een trafic cu alcoolemie mult peste limita legal\u0103 - Revista Urbea Mea - Revista de Alba\",\"isPartOf\":{\"@id\":\"https:\\\/\\\/urbeamea.ro\\\/albaiulia\\\/#website\"},\"primaryImageOfPage\":{\"@id\":\"https:\\\/\\\/urbeamea.ro\\\/albaiulia\\\/barbat-din-hunedoara-retinut-pentru-24-de-ore-dupa-ce-a-fost-depistat-in-trafic-cu-alcoolemie-mult-peste-limita-legala\\\/#primaryimage\"},\"image\":{\"@id\":\"https:\\\/\\\/urbeamea.ro\\\/albaiulia\\\/barbat-din-hunedoara-retinut-pentru-24-de-ore-dupa-ce-a-fost-depistat-in-trafic-cu-alcoolemie-mult-peste-limita-legala\\\/#primaryimage\"},\"thumbnailUrl\":\"https:\\\/\\\/urbeamea.ro\\\/albaiulia\\\/wp-content\\\/uploads\\\/2016\\\/09\\\/radarpolitiarutiera_1_b.jpg\",\"datePublished\":\"2016-11-07T12:00:15+00:00\",\"author\":{\"@id\":\"https:\\\/\\\/urbeamea.ro\\\/albaiulia\\\/#\\\/schema\\\/person\\\/cfaa27fc3da4a9a2cf2fee3650afc5d0\"},\"description\":\"Interven\u0163ia prompt\u0103 a poli\u0163i\u015ftilor au oprit din drum un b\u0103rbat care punea \u00een pericol siguran\u0163a circula\u0163iei pe drumurile publice. Potrivit IPJ\",\"breadcrumb\":{\"@id\":\"https:\\\/\\\/urbeamea.ro\\\/albaiulia\\\/barbat-din-hunedoara-retinut-pentru-24-de-ore-dupa-ce-a-fost-depistat-in-trafic-cu-alcoolemie-mult-peste-limita-legala\\\/#breadcrumb\"},\"inLanguage\":\"ro-RO\",\"potentialAction\":[{\"@type\":\"ReadAction\",\"target\":[\"https:\\\/\\\/urbeamea.ro\\\/albaiulia\\\/barbat-din-hunedoara-retinut-pentru-24-de-ore-dupa-ce-a-fost-depistat-in-trafic-cu-alcoolemie-mult-peste-limita-legala\\\/\"]}]},{\"@type\":\"ImageObject\",\"inLanguage\":\"ro-RO\",\"@id\":\"https:\\\/\\\/urbeamea.ro\\\/albaiulia\\\/barbat-din-hunedoara-retinut-pentru-24-de-ore-dupa-ce-a-fost-depistat-in-trafic-cu-alcoolemie-mult-peste-limita-legala\\\/#primaryimage\",\"url\":\"https:\\\/\\\/urbeamea.ro\\\/albaiulia\\\/wp-content\\\/uploads\\\/2016\\\/09\\\/radarpolitiarutiera_1_b.jpg\",\"contentUrl\":\"https:\\\/\\\/urbeamea.ro\\\/albaiulia\\\/wp-content\\\/uploads\\\/2016\\\/09\\\/radarpolitiarutiera_1_b.jpg\",\"width\":605,\"height\":453},{\"@type\":\"BreadcrumbList\",\"@id\":\"https:\\\/\\\/urbeamea.ro\\\/albaiulia\\\/barbat-din-hunedoara-retinut-pentru-24-de-ore-dupa-ce-a-fost-depistat-in-trafic-cu-alcoolemie-mult-peste-limita-legala\\\/#breadcrumb\",\"itemListElement\":[{\"@type\":\"ListItem\",\"position\":1,\"name\":\"Prima pagin\u0103\",\"item\":\"https:\\\/\\\/urbeamea.ro\\\/albaiulia\\\/\"},{\"@type\":\"ListItem\",\"position\":2,\"name\":\"B\u0103rbat din Hunedoara, re\u021binut pentru 24 de ore, dup\u0103 ce a fost depistat \u00een trafic cu alcoolemie mult peste limita legal\u0103\"}]},{\"@type\":\"WebSite\",\"@id\":\"https:\\\/\\\/urbeamea.ro\\\/albaiulia\\\/#website\",\"url\":\"https:\\\/\\\/urbeamea.ro\\\/albaiulia\\\/\",\"name\":\"Revista Urbea Mea, Stiri urbane\",\"description\":\"Evenimente \u0219i \u0219tiri din Alba Iulia, Sebe\u0219, Aiud, Blaj\",\"potentialAction\":[{\"@type\":\"SearchAction\",\"target\":{\"@type\":\"EntryPoint\",\"urlTemplate\":\"https:\\\/\\\/urbeamea.ro\\\/albaiulia\\\/?s={search_term_string}\"},\"query-input\":{\"@type\":\"PropertyValueSpecification\",\"valueRequired\":true,\"valueName\":\"search_term_string\"}}],\"inLanguage\":\"ro-RO\"},{\"@type\":\"Person\",\"@id\":\"https:\\\/\\\/urbeamea.ro\\\/albaiulia\\\/#\\\/schema\\\/person\\\/cfaa27fc3da4a9a2cf2fee3650afc5d0\",\"name\":\"Adriana Avram\",\"image\":{\"@type\":\"ImageObject\",\"inLanguage\":\"ro-RO\",\"@id\":\"https:\\\/\\\/secure.gravatar.com\\\/avatar\\\/3cc61eb1584088e0099c1763903a6421c5ce6cdf45fc2d424046dc621efc21f9?s=96&d=mm&r=g\",\"url\":\"https:\\\/\\\/secure.gravatar.com\\\/avatar\\\/3cc61eb1584088e0099c1763903a6421c5ce6cdf45fc2d424046dc621efc21f9?s=96&d=mm&r=g\",\"contentUrl\":\"https:\\\/\\\/secure.gravatar.com\\\/avatar\\\/3cc61eb1584088e0099c1763903a6421c5ce6cdf45fc2d424046dc621efc21f9?s=96&d=mm&r=g\",\"caption\":\"Adriana Avram\"},\"description\":\"Jurnalist\",\"sameAs\":[\"https:\\\/\\\/www.facebook.com\\\/avram.adriana.7?fref=ts\"],\"url\":\"https:\\\/\\\/urbeamea.ro\\\/albaiulia\\\/author\\\/adriana-avram\\\/\"}]}<\/script>\n<!-- \/ Yoast SEO plugin. -->","yoast_head_json":{"title":"B\u0103rbat din Hunedoara, re\u021binut pentru 24 de ore, dup\u0103 ce a fost depistat \u00een trafic cu alcoolemie mult peste limita legal\u0103 - Revista Urbea Mea - Revista de Alba","description":"Interven\u0163ia prompt\u0103 a poli\u0163i\u015ftilor au oprit din drum un b\u0103rbat care punea \u00een pericol siguran\u0163a circula\u0163iei pe drumurile publice. Potrivit IPJ","robots":{"index":"index","follow":"follow","max-snippet":"max-snippet:-1","max-image-preview":"max-image-preview:large","max-video-preview":"max-video-preview:-1"},"canonical":"https:\/\/urbeamea.ro\/albaiulia\/barbat-din-hunedoara-retinut-pentru-24-de-ore-dupa-ce-a-fost-depistat-in-trafic-cu-alcoolemie-mult-peste-limita-legala\/","twitter_card":"summary_large_image","twitter_title":"B\u0103rbat din Hunedoara, re\u021binut pentru 24 de ore, dup\u0103 ce a fost depistat \u00een trafic cu alcoolemie mult peste limita legal\u0103 - Revista Urbea Mea - Revista de Alba","twitter_description":"Interven\u0163ia prompt\u0103 a poli\u0163i\u015ftilor au oprit din drum un b\u0103rbat care punea \u00een pericol siguran\u0163a circula\u0163iei pe drumurile publice. Potrivit IPJ","twitter_image":"https:\/\/urbeamea.ro\/albaiulia\/wp-content\/uploads\/2016\/09\/radarpolitiarutiera_1_b.jpg","twitter_creator":"@urbeameaweb","twitter_site":"@urbeameaweb","schema":{"@context":"https:\/\/schema.org","@graph":[{"@type":"Article","@id":"https:\/\/urbeamea.ro\/albaiulia\/barbat-din-hunedoara-retinut-pentru-24-de-ore-dupa-ce-a-fost-depistat-in-trafic-cu-alcoolemie-mult-peste-limita-legala\/#article","isPartOf":{"@id":"https:\/\/urbeamea.ro\/albaiulia\/barbat-din-hunedoara-retinut-pentru-24-de-ore-dupa-ce-a-fost-depistat-in-trafic-cu-alcoolemie-mult-peste-limita-legala\/"},"author":{"name":"Adriana Avram","@id":"https:\/\/urbeamea.ro\/albaiulia\/#\/schema\/person\/cfaa27fc3da4a9a2cf2fee3650afc5d0"},"headline":"B\u0103rbat din Hunedoara, re\u021binut pentru 24 de ore, dup\u0103 ce a fost depistat \u00een trafic cu alcoolemie mult peste limita legal\u0103","datePublished":"2016-11-07T12:00:15+00:00","mainEntityOfPage":{"@id":"https:\/\/urbeamea.ro\/albaiulia\/barbat-din-hunedoara-retinut-pentru-24-de-ore-dupa-ce-a-fost-depistat-in-trafic-cu-alcoolemie-mult-peste-limita-legala\/"},"wordCount":241,"commentCount":0,"image":{"@id":"https:\/\/urbeamea.ro\/albaiulia\/barbat-din-hunedoara-retinut-pentru-24-de-ore-dupa-ce-a-fost-depistat-in-trafic-cu-alcoolemie-mult-peste-limita-legala\/#primaryimage"},"thumbnailUrl":"https:\/\/urbeamea.ro\/albaiulia\/wp-content\/uploads\/2016\/09\/radarpolitiarutiera_1_b.jpg","keywords":["alcoolemie","barbat","dosar penal","dr\u00eembar","Hunedoara","IPJ Alba","legal","permis","politisti","targ","trafic","Urbea Mea"],"articleSection":["Social"],"inLanguage":"ro-RO","potentialAction":[{"@type":"CommentAction","name":"Comment","target":["https:\/\/urbeamea.ro\/albaiulia\/barbat-din-hunedoara-retinut-pentru-24-de-ore-dupa-ce-a-fost-depistat-in-trafic-cu-alcoolemie-mult-peste-limita-legala\/#respond"]}]},{"@type":"WebPage","@id":"https:\/\/urbeamea.ro\/albaiulia\/barbat-din-hunedoara-retinut-pentru-24-de-ore-dupa-ce-a-fost-depistat-in-trafic-cu-alcoolemie-mult-peste-limita-legala\/","url":"https:\/\/urbeamea.ro\/albaiulia\/barbat-din-hunedoara-retinut-pentru-24-de-ore-dupa-ce-a-fost-depistat-in-trafic-cu-alcoolemie-mult-peste-limita-legala\/","name":"B\u0103rbat din Hunedoara, re\u021binut pentru 24 de ore, dup\u0103 ce a fost depistat \u00een trafic cu alcoolemie mult peste limita legal\u0103 - Revista Urbea Mea - Revista de Alba","isPartOf":{"@id":"https:\/\/urbeamea.ro\/albaiulia\/#website"},"primaryImageOfPage":{"@id":"https:\/\/urbeamea.ro\/albaiulia\/barbat-din-hunedoara-retinut-pentru-24-de-ore-dupa-ce-a-fost-depistat-in-trafic-cu-alcoolemie-mult-peste-limita-legala\/#primaryimage"},"image":{"@id":"https:\/\/urbeamea.ro\/albaiulia\/barbat-din-hunedoara-retinut-pentru-24-de-ore-dupa-ce-a-fost-depistat-in-trafic-cu-alcoolemie-mult-peste-limita-legala\/#primaryimage"},"thumbnailUrl":"https:\/\/urbeamea.ro\/albaiulia\/wp-content\/uploads\/2016\/09\/radarpolitiarutiera_1_b.jpg","datePublished":"2016-11-07T12:00:15+00:00","author":{"@id":"https:\/\/urbeamea.ro\/albaiulia\/#\/schema\/person\/cfaa27fc3da4a9a2cf2fee3650afc5d0"},"description":"Interven\u0163ia prompt\u0103 a poli\u0163i\u015ftilor au oprit din drum un b\u0103rbat care punea \u00een pericol siguran\u0163a circula\u0163iei pe drumurile publice. Potrivit IPJ","breadcrumb":{"@id":"https:\/\/urbeamea.ro\/albaiulia\/barbat-din-hunedoara-retinut-pentru-24-de-ore-dupa-ce-a-fost-depistat-in-trafic-cu-alcoolemie-mult-peste-limita-legala\/#breadcrumb"},"inLanguage":"ro-RO","potentialAction":[{"@type":"ReadAction","target":["https:\/\/urbeamea.ro\/albaiulia\/barbat-din-hunedoara-retinut-pentru-24-de-ore-dupa-ce-a-fost-depistat-in-trafic-cu-alcoolemie-mult-peste-limita-legala\/"]}]},{"@type":"ImageObject","inLanguage":"ro-RO","@id":"https:\/\/urbeamea.ro\/albaiulia\/barbat-din-hunedoara-retinut-pentru-24-de-ore-dupa-ce-a-fost-depistat-in-trafic-cu-alcoolemie-mult-peste-limita-legala\/#primaryimage","url":"https:\/\/urbeamea.ro\/albaiulia\/wp-content\/uploads\/2016\/09\/radarpolitiarutiera_1_b.jpg","contentUrl":"https:\/\/urbeamea.ro\/albaiulia\/wp-content\/uploads\/2016\/09\/radarpolitiarutiera_1_b.jpg","width":605,"height":453},{"@type":"BreadcrumbList","@id":"https:\/\/urbeamea.ro\/albaiulia\/barbat-din-hunedoara-retinut-pentru-24-de-ore-dupa-ce-a-fost-depistat-in-trafic-cu-alcoolemie-mult-peste-limita-legala\/#breadcrumb","itemListElement":[{"@type":"ListItem","position":1,"name":"Prima pagin\u0103","item":"https:\/\/urbeamea.ro\/albaiulia\/"},{"@type":"ListItem","position":2,"name":"B\u0103rbat din Hunedoara, re\u021binut pentru 24 de ore, dup\u0103 ce a fost depistat \u00een trafic cu alcoolemie mult peste limita legal\u0103"}]},{"@type":"WebSite","@id":"https:\/\/urbeamea.ro\/albaiulia\/#website","url":"https:\/\/urbeamea.ro\/albaiulia\/","name":"Revista Urbea Mea, Stiri urbane","description":"Evenimente \u0219i \u0219tiri din Alba Iulia, Sebe\u0219, Aiud, Blaj","potentialAction":[{"@type":"SearchAction","target":{"@type":"EntryPoint","urlTemplate":"https:\/\/urbeamea.ro\/albaiulia\/?s={search_term_string}"},"query-input":{"@type":"PropertyValueSpecification","valueRequired":true,"valueName":"search_term_string"}}],"inLanguage":"ro-RO"},{"@type":"Person","@id":"https:\/\/urbeamea.ro\/albaiulia\/#\/schema\/person\/cfaa27fc3da4a9a2cf2fee3650afc5d0","name":"Adriana Avram","image":{"@type":"ImageObject","inLanguage":"ro-RO","@id":"https:\/\/secure.gravatar.com\/avatar\/3cc61eb1584088e0099c1763903a6421c5ce6cdf45fc2d424046dc621efc21f9?s=96&d=mm&r=g","url":"https:\/\/secure.gravatar.com\/avatar\/3cc61eb1584088e0099c1763903a6421c5ce6cdf45fc2d424046dc621efc21f9?s=96&d=mm&r=g","contentUrl":"https:\/\/secure.gravatar.com\/avatar\/3cc61eb1584088e0099c1763903a6421c5ce6cdf45fc2d424046dc621efc21f9?s=96&d=mm&r=g","caption":"Adriana Avram"},"description":"Jurnalist","sameAs":["https:\/\/www.facebook.com\/avram.adriana.7?fref=ts"],"url":"https:\/\/urbeamea.ro\/albaiulia\/author\/adriana-avram\/"}]}},"_links":{"self":[{"href":"https:\/\/urbeamea.ro\/albaiulia\/wp-json\/wp\/v2\/posts\/34591","targetHints":{"allow":["GET"]}}],"collection":[{"href":"https:\/\/urbeamea.ro\/albaiulia\/wp-json\/wp\/v2\/posts"}],"about":[{"href":"https:\/\/urbeamea.ro\/albaiulia\/wp-json\/wp\/v2\/types\/post"}],"author":[{"embeddable":true,"href":"https:\/\/urbeamea.ro\/albaiulia\/wp-json\/wp\/v2\/users\/20"}],"replies":[{"embeddable":true,"href":"https:\/\/urbeamea.ro\/albaiulia\/wp-json\/wp\/v2\/comments?post=34591"}],"version-history":[{"count":0,"href":"https:\/\/urbeamea.ro\/albaiulia\/wp-json\/wp\/v2\/posts\/34591\/revisions"}],"wp:featuredmedia":[{"embeddable":true,"href":"https:\/\/urbeamea.ro\/albaiulia\/wp-json\/wp\/v2\/media\/32367"}],"wp:attachment":[{"href":"https:\/\/urbeamea.ro\/albaiulia\/wp-json\/wp\/v2\/media?parent=34591"}],"wp:term":[{"taxonomy":"category","embeddable":true,"href":"https:\/\/urbeamea.ro\/albaiulia\/wp-json\/wp\/v2\/categories?post=34591"},{"taxonomy":"post_tag","embeddable":true,"href":"https:\/\/urbeamea.ro\/albaiulia\/wp-json\/wp\/v2\/tags?post=34591"}],"curies":[{"name":"wp","href":"https:\/\/api.w.org\/{rel}","templated":true}]}}