{"id":34593,"date":"2016-11-07T14:07:27","date_gmt":"2016-11-07T12:07:27","guid":{"rendered":"http:\/\/urbeamea.ro\/albaiulia\/?p=34593"},"modified":"2016-11-07T14:07:27","modified_gmt":"2016-11-07T12:07:27","slug":"doi-barbati-sunt-cercetati-dupa-ce-au-condus-bauti-pe-strazile-din-alba-iulia","status":"publish","type":"post","link":"https:\/\/urbeamea.ro\/albaiulia\/doi-barbati-sunt-cercetati-dupa-ce-au-condus-bauti-pe-strazile-din-alba-iulia\/","title":{"rendered":"Doi b\u0103rba\u021bi sunt cerceta\u021bi, dup\u0103 ce au condus b\u0103u\u021bi pe str\u0103zile din Alba Iulia"},"content":{"rendered":"<p><strong><img loading=\"lazy\" decoding=\"async\" class=\"alignleft size-medium wp-image-33787\" src=\"http:\/\/urbeamea.ro\/albaiulia\/wp-content\/uploads\/2016\/10\/politia_rutiera-300x184.jpg\" alt=\"politia_rutiera\" width=\"300\" height=\"184\" \/>Doi b\u0103rba\u021bi, unul din Alba Iulia, iar cel\u0103lalt din Abrud, sunt cerceta\u021bi de oamenii legii,dup\u0103 ce duminic\u0103 au fost prin\u0219i la volan, pe str\u0103zile din municipiul re\u0219edin\u021b\u0103 de jude\u021b, av\u00e2nd o alcoolemie mult peste limita legal\u0103.<\/strong><\/p>\n<p>Duminic\u0103, \u00een jurul orelor 02.36, poli\u0163i\u015ftii rutieri din Alba Iulia l-au depistat pe D.A., de 32 de ani, din Alba Iulia, \u00een timp ce conducea un autoturism pe strada Republicii din Alba Iulia, fiind sub influen\u0163a alcoolului.<\/p>\n<p>\u00cen urma test\u0103rii acestuia cu aparatul etilotest, a rezultat valoarea de 1,07 mg\/l\u00a0 alcool pur \u00een aerul expirat, motiv pentru care a fost condus la spitalul din Alba Iulia unde i-au fost recoltate mostre de s\u00e2nge, \u00een vederea stabilirii alcoolemiei.<\/p>\n<p>Fa\u0163\u0103 de D.A., cercet\u0103rile sunt continuate sub aspectul comiterii infrac\u021biunii de conducere sub influen\u0163a alcoolului.<\/p>\n<p>Tot ieri, \u00een jurul orelor 20.50, poli\u0163i\u015ftii rutieri din Alba Iulia au oprit, pentru control, pe B-dul Republicii din municipiu, un autoturism condus de P.I., de 40 de ani, din Abrud, jude\u0163ul Alba.<\/p>\n<p>\u00cen urma test\u0103rii conduc\u0103torului auto cu aparatul etilotest, a rezultat valoarea de 0,69 mg\/l alcool pur \u00een aerul expirat, motiv pentru care a fost condus la spitalul din Alba Iulia unde i-au fost recoltate mostre de s\u00e2nge, \u00een vederea stabilirii alcoolemiei.<\/p>\n<p>Fa\u0163\u0103 de P.I., cercet\u0103rile sunt continuate sub aspectul comiterii infrac\u0163iunii de conducere sub influen\u0163a alcoolului.<\/p>\n","protected":false},"excerpt":{"rendered":"<p>Doi b\u0103rba\u021bi, unul din Alba Iulia, iar cel\u0103lalt din Abrud, sunt cerceta\u021bi de oamenii legii,dup\u0103 ce duminic\u0103 au fost prin\u0219i la volan, pe str\u0103zile din municipiul re\u0219edin\u021b\u0103 de jude\u021b, av\u00e2nd o alcoolemie mult peste limita legal\u0103. Duminic\u0103, \u00een jurul orelor 02.36, poli\u0163i\u015ftii rutieri din Alba Iulia l-au depistat pe D.A., de 32 de ani, din &hellip;<\/p>\n","protected":false},"author":20,"featured_media":34294,"comment_status":"open","ping_status":"open","sticky":false,"template":"","format":"standard","meta":{"inline_featured_image":false,"footnotes":""},"categories":[2034],"tags":[2660,31,1364,2987,2430,2604,2764,2417,458,7505,76,7234],"class_list":["post-34593","post","type-post","status-publish","format-standard","has-post-thumbnail","hentry","category-social","tag-abrud","tag-alba-iulia","tag-alcool","tag-alcoolemie","tag-barbati","tag-cercetat","tag-conducator-auto","tag-infractiuni","tag-politisti","tag-rutier","tag-urbea-mea","tag-valoare"],"yoast_head":"<!-- This site is optimized with the Yoast SEO plugin v28.3 - https:\/\/yoast.com\/product\/yoast-seo-wordpress\/ -->\n<title>Doi b\u0103rba\u021bi sunt cerceta\u021bi, dup\u0103 ce au condus b\u0103u\u021bi pe str\u0103zile din Alba Iulia - Revista Urbea Mea - Revista de Alba<\/title>\n<meta name=\"description\" content=\"Doi b\u0103rba\u021bi, unul din Alba Iulia, iar cel\u0103lalt din Abrud, sunt cerceta\u021bi de oamenii legii,dup\u0103 ce duminic\u0103 au fost prin\u0219i la volan, pe str\u0103zile din\" \/>\n<meta name=\"robots\" content=\"index, follow, max-snippet:-1, max-image-preview:large, max-video-preview:-1\" \/>\n<link rel=\"canonical\" href=\"https:\/\/urbeamea.ro\/albaiulia\/doi-barbati-sunt-cercetati-dupa-ce-au-condus-bauti-pe-strazile-din-alba-iulia\/\" \/>\n<meta name=\"twitter:card\" content=\"summary_large_image\" \/>\n<meta name=\"twitter:title\" content=\"Doi b\u0103rba\u021bi sunt cerceta\u021bi, dup\u0103 ce au condus b\u0103u\u021bi pe str\u0103zile din Alba Iulia - Revista Urbea Mea - Revista de Alba\" \/>\n<meta name=\"twitter:description\" content=\"Doi b\u0103rba\u021bi, unul din Alba Iulia, iar cel\u0103lalt din Abrud, sunt cerceta\u021bi de oamenii legii,dup\u0103 ce duminic\u0103 au fost prin\u0219i la volan, pe str\u0103zile din\" \/>\n<meta name=\"twitter:image\" content=\"https:\/\/urbeamea.ro\/albaiulia\/wp-content\/uploads\/2016\/10\/politia_rutiera-1.jpg\" \/>\n<meta name=\"twitter:creator\" content=\"@urbeameaweb\" \/>\n<meta name=\"twitter:site\" content=\"@urbeameaweb\" \/>\n<script type=\"application\/ld+json\" class=\"yoast-schema-graph\">{\"@context\":\"https:\\\/\\\/schema.org\",\"@graph\":[{\"@type\":\"Article\",\"@id\":\"https:\\\/\\\/urbeamea.ro\\\/albaiulia\\\/doi-barbati-sunt-cercetati-dupa-ce-au-condus-bauti-pe-strazile-din-alba-iulia\\\/#article\",\"isPartOf\":{\"@id\":\"https:\\\/\\\/urbeamea.ro\\\/albaiulia\\\/doi-barbati-sunt-cercetati-dupa-ce-au-condus-bauti-pe-strazile-din-alba-iulia\\\/\"},\"author\":{\"name\":\"Adriana Avram\",\"@id\":\"https:\\\/\\\/urbeamea.ro\\\/albaiulia\\\/#\\\/schema\\\/person\\\/cfaa27fc3da4a9a2cf2fee3650afc5d0\"},\"headline\":\"Doi b\u0103rba\u021bi sunt cerceta\u021bi, dup\u0103 ce au condus b\u0103u\u021bi pe str\u0103zile din Alba Iulia\",\"datePublished\":\"2016-11-07T12:07:27+00:00\",\"mainEntityOfPage\":{\"@id\":\"https:\\\/\\\/urbeamea.ro\\\/albaiulia\\\/doi-barbati-sunt-cercetati-dupa-ce-au-condus-bauti-pe-strazile-din-alba-iulia\\\/\"},\"wordCount\":263,\"commentCount\":0,\"image\":{\"@id\":\"https:\\\/\\\/urbeamea.ro\\\/albaiulia\\\/doi-barbati-sunt-cercetati-dupa-ce-au-condus-bauti-pe-strazile-din-alba-iulia\\\/#primaryimage\"},\"thumbnailUrl\":\"https:\\\/\\\/urbeamea.ro\\\/albaiulia\\\/wp-content\\\/uploads\\\/2016\\\/10\\\/politia_rutiera-1.jpg\",\"keywords\":[\"abrud\",\"Alba Iulia\",\"alcool\",\"alcoolemie\",\"barbati\",\"cercetat\",\"conducator auto\",\"infractiuni\",\"politisti\",\"rutier\",\"Urbea Mea\",\"valoare\"],\"articleSection\":[\"Social\"],\"inLanguage\":\"ro-RO\",\"potentialAction\":[{\"@type\":\"CommentAction\",\"name\":\"Comment\",\"target\":[\"https:\\\/\\\/urbeamea.ro\\\/albaiulia\\\/doi-barbati-sunt-cercetati-dupa-ce-au-condus-bauti-pe-strazile-din-alba-iulia\\\/#respond\"]}]},{\"@type\":\"WebPage\",\"@id\":\"https:\\\/\\\/urbeamea.ro\\\/albaiulia\\\/doi-barbati-sunt-cercetati-dupa-ce-au-condus-bauti-pe-strazile-din-alba-iulia\\\/\",\"url\":\"https:\\\/\\\/urbeamea.ro\\\/albaiulia\\\/doi-barbati-sunt-cercetati-dupa-ce-au-condus-bauti-pe-strazile-din-alba-iulia\\\/\",\"name\":\"Doi b\u0103rba\u021bi sunt cerceta\u021bi, dup\u0103 ce au condus b\u0103u\u021bi pe str\u0103zile din Alba Iulia - Revista Urbea Mea - Revista de Alba\",\"isPartOf\":{\"@id\":\"https:\\\/\\\/urbeamea.ro\\\/albaiulia\\\/#website\"},\"primaryImageOfPage\":{\"@id\":\"https:\\\/\\\/urbeamea.ro\\\/albaiulia\\\/doi-barbati-sunt-cercetati-dupa-ce-au-condus-bauti-pe-strazile-din-alba-iulia\\\/#primaryimage\"},\"image\":{\"@id\":\"https:\\\/\\\/urbeamea.ro\\\/albaiulia\\\/doi-barbati-sunt-cercetati-dupa-ce-au-condus-bauti-pe-strazile-din-alba-iulia\\\/#primaryimage\"},\"thumbnailUrl\":\"https:\\\/\\\/urbeamea.ro\\\/albaiulia\\\/wp-content\\\/uploads\\\/2016\\\/10\\\/politia_rutiera-1.jpg\",\"datePublished\":\"2016-11-07T12:07:27+00:00\",\"author\":{\"@id\":\"https:\\\/\\\/urbeamea.ro\\\/albaiulia\\\/#\\\/schema\\\/person\\\/cfaa27fc3da4a9a2cf2fee3650afc5d0\"},\"description\":\"Doi b\u0103rba\u021bi, unul din Alba Iulia, iar cel\u0103lalt din Abrud, sunt cerceta\u021bi de oamenii legii,dup\u0103 ce duminic\u0103 au fost prin\u0219i la volan, pe str\u0103zile din\",\"breadcrumb\":{\"@id\":\"https:\\\/\\\/urbeamea.ro\\\/albaiulia\\\/doi-barbati-sunt-cercetati-dupa-ce-au-condus-bauti-pe-strazile-din-alba-iulia\\\/#breadcrumb\"},\"inLanguage\":\"ro-RO\",\"potentialAction\":[{\"@type\":\"ReadAction\",\"target\":[\"https:\\\/\\\/urbeamea.ro\\\/albaiulia\\\/doi-barbati-sunt-cercetati-dupa-ce-au-condus-bauti-pe-strazile-din-alba-iulia\\\/\"]}]},{\"@type\":\"ImageObject\",\"inLanguage\":\"ro-RO\",\"@id\":\"https:\\\/\\\/urbeamea.ro\\\/albaiulia\\\/doi-barbati-sunt-cercetati-dupa-ce-au-condus-bauti-pe-strazile-din-alba-iulia\\\/#primaryimage\",\"url\":\"https:\\\/\\\/urbeamea.ro\\\/albaiulia\\\/wp-content\\\/uploads\\\/2016\\\/10\\\/politia_rutiera-1.jpg\",\"contentUrl\":\"https:\\\/\\\/urbeamea.ro\\\/albaiulia\\\/wp-content\\\/uploads\\\/2016\\\/10\\\/politia_rutiera-1.jpg\",\"width\":1193,\"height\":731},{\"@type\":\"BreadcrumbList\",\"@id\":\"https:\\\/\\\/urbeamea.ro\\\/albaiulia\\\/doi-barbati-sunt-cercetati-dupa-ce-au-condus-bauti-pe-strazile-din-alba-iulia\\\/#breadcrumb\",\"itemListElement\":[{\"@type\":\"ListItem\",\"position\":1,\"name\":\"Prima pagin\u0103\",\"item\":\"https:\\\/\\\/urbeamea.ro\\\/albaiulia\\\/\"},{\"@type\":\"ListItem\",\"position\":2,\"name\":\"Doi b\u0103rba\u021bi sunt cerceta\u021bi, dup\u0103 ce au condus b\u0103u\u021bi pe str\u0103zile din Alba Iulia\"}]},{\"@type\":\"WebSite\",\"@id\":\"https:\\\/\\\/urbeamea.ro\\\/albaiulia\\\/#website\",\"url\":\"https:\\\/\\\/urbeamea.ro\\\/albaiulia\\\/\",\"name\":\"Revista Urbea Mea, Stiri urbane\",\"description\":\"Evenimente \u0219i \u0219tiri din Alba Iulia, Sebe\u0219, Aiud, Blaj\",\"potentialAction\":[{\"@type\":\"SearchAction\",\"target\":{\"@type\":\"EntryPoint\",\"urlTemplate\":\"https:\\\/\\\/urbeamea.ro\\\/albaiulia\\\/?s={search_term_string}\"},\"query-input\":{\"@type\":\"PropertyValueSpecification\",\"valueRequired\":true,\"valueName\":\"search_term_string\"}}],\"inLanguage\":\"ro-RO\"},{\"@type\":\"Person\",\"@id\":\"https:\\\/\\\/urbeamea.ro\\\/albaiulia\\\/#\\\/schema\\\/person\\\/cfaa27fc3da4a9a2cf2fee3650afc5d0\",\"name\":\"Adriana Avram\",\"image\":{\"@type\":\"ImageObject\",\"inLanguage\":\"ro-RO\",\"@id\":\"https:\\\/\\\/secure.gravatar.com\\\/avatar\\\/3cc61eb1584088e0099c1763903a6421c5ce6cdf45fc2d424046dc621efc21f9?s=96&d=mm&r=g\",\"url\":\"https:\\\/\\\/secure.gravatar.com\\\/avatar\\\/3cc61eb1584088e0099c1763903a6421c5ce6cdf45fc2d424046dc621efc21f9?s=96&d=mm&r=g\",\"contentUrl\":\"https:\\\/\\\/secure.gravatar.com\\\/avatar\\\/3cc61eb1584088e0099c1763903a6421c5ce6cdf45fc2d424046dc621efc21f9?s=96&d=mm&r=g\",\"caption\":\"Adriana Avram\"},\"description\":\"Jurnalist\",\"sameAs\":[\"https:\\\/\\\/www.facebook.com\\\/avram.adriana.7?fref=ts\"],\"url\":\"https:\\\/\\\/urbeamea.ro\\\/albaiulia\\\/author\\\/adriana-avram\\\/\"}]}<\/script>\n<!-- \/ Yoast SEO plugin. -->","yoast_head_json":{"title":"Doi b\u0103rba\u021bi sunt cerceta\u021bi, dup\u0103 ce au condus b\u0103u\u021bi pe str\u0103zile din Alba Iulia - Revista Urbea Mea - Revista de Alba","description":"Doi b\u0103rba\u021bi, unul din Alba Iulia, iar cel\u0103lalt din Abrud, sunt cerceta\u021bi de oamenii legii,dup\u0103 ce duminic\u0103 au fost prin\u0219i la volan, pe str\u0103zile din","robots":{"index":"index","follow":"follow","max-snippet":"max-snippet:-1","max-image-preview":"max-image-preview:large","max-video-preview":"max-video-preview:-1"},"canonical":"https:\/\/urbeamea.ro\/albaiulia\/doi-barbati-sunt-cercetati-dupa-ce-au-condus-bauti-pe-strazile-din-alba-iulia\/","twitter_card":"summary_large_image","twitter_title":"Doi b\u0103rba\u021bi sunt cerceta\u021bi, dup\u0103 ce au condus b\u0103u\u021bi pe str\u0103zile din Alba Iulia - Revista Urbea Mea - Revista de Alba","twitter_description":"Doi b\u0103rba\u021bi, unul din Alba Iulia, iar cel\u0103lalt din Abrud, sunt cerceta\u021bi de oamenii legii,dup\u0103 ce duminic\u0103 au fost prin\u0219i la volan, pe str\u0103zile din","twitter_image":"https:\/\/urbeamea.ro\/albaiulia\/wp-content\/uploads\/2016\/10\/politia_rutiera-1.jpg","twitter_creator":"@urbeameaweb","twitter_site":"@urbeameaweb","schema":{"@context":"https:\/\/schema.org","@graph":[{"@type":"Article","@id":"https:\/\/urbeamea.ro\/albaiulia\/doi-barbati-sunt-cercetati-dupa-ce-au-condus-bauti-pe-strazile-din-alba-iulia\/#article","isPartOf":{"@id":"https:\/\/urbeamea.ro\/albaiulia\/doi-barbati-sunt-cercetati-dupa-ce-au-condus-bauti-pe-strazile-din-alba-iulia\/"},"author":{"name":"Adriana Avram","@id":"https:\/\/urbeamea.ro\/albaiulia\/#\/schema\/person\/cfaa27fc3da4a9a2cf2fee3650afc5d0"},"headline":"Doi b\u0103rba\u021bi sunt cerceta\u021bi, dup\u0103 ce au condus b\u0103u\u021bi pe str\u0103zile din Alba Iulia","datePublished":"2016-11-07T12:07:27+00:00","mainEntityOfPage":{"@id":"https:\/\/urbeamea.ro\/albaiulia\/doi-barbati-sunt-cercetati-dupa-ce-au-condus-bauti-pe-strazile-din-alba-iulia\/"},"wordCount":263,"commentCount":0,"image":{"@id":"https:\/\/urbeamea.ro\/albaiulia\/doi-barbati-sunt-cercetati-dupa-ce-au-condus-bauti-pe-strazile-din-alba-iulia\/#primaryimage"},"thumbnailUrl":"https:\/\/urbeamea.ro\/albaiulia\/wp-content\/uploads\/2016\/10\/politia_rutiera-1.jpg","keywords":["abrud","Alba Iulia","alcool","alcoolemie","barbati","cercetat","conducator auto","infractiuni","politisti","rutier","Urbea Mea","valoare"],"articleSection":["Social"],"inLanguage":"ro-RO","potentialAction":[{"@type":"CommentAction","name":"Comment","target":["https:\/\/urbeamea.ro\/albaiulia\/doi-barbati-sunt-cercetati-dupa-ce-au-condus-bauti-pe-strazile-din-alba-iulia\/#respond"]}]},{"@type":"WebPage","@id":"https:\/\/urbeamea.ro\/albaiulia\/doi-barbati-sunt-cercetati-dupa-ce-au-condus-bauti-pe-strazile-din-alba-iulia\/","url":"https:\/\/urbeamea.ro\/albaiulia\/doi-barbati-sunt-cercetati-dupa-ce-au-condus-bauti-pe-strazile-din-alba-iulia\/","name":"Doi b\u0103rba\u021bi sunt cerceta\u021bi, dup\u0103 ce au condus b\u0103u\u021bi pe str\u0103zile din Alba Iulia - Revista Urbea Mea - Revista de Alba","isPartOf":{"@id":"https:\/\/urbeamea.ro\/albaiulia\/#website"},"primaryImageOfPage":{"@id":"https:\/\/urbeamea.ro\/albaiulia\/doi-barbati-sunt-cercetati-dupa-ce-au-condus-bauti-pe-strazile-din-alba-iulia\/#primaryimage"},"image":{"@id":"https:\/\/urbeamea.ro\/albaiulia\/doi-barbati-sunt-cercetati-dupa-ce-au-condus-bauti-pe-strazile-din-alba-iulia\/#primaryimage"},"thumbnailUrl":"https:\/\/urbeamea.ro\/albaiulia\/wp-content\/uploads\/2016\/10\/politia_rutiera-1.jpg","datePublished":"2016-11-07T12:07:27+00:00","author":{"@id":"https:\/\/urbeamea.ro\/albaiulia\/#\/schema\/person\/cfaa27fc3da4a9a2cf2fee3650afc5d0"},"description":"Doi b\u0103rba\u021bi, unul din Alba Iulia, iar cel\u0103lalt din Abrud, sunt cerceta\u021bi de oamenii legii,dup\u0103 ce duminic\u0103 au fost prin\u0219i la volan, pe str\u0103zile din","breadcrumb":{"@id":"https:\/\/urbeamea.ro\/albaiulia\/doi-barbati-sunt-cercetati-dupa-ce-au-condus-bauti-pe-strazile-din-alba-iulia\/#breadcrumb"},"inLanguage":"ro-RO","potentialAction":[{"@type":"ReadAction","target":["https:\/\/urbeamea.ro\/albaiulia\/doi-barbati-sunt-cercetati-dupa-ce-au-condus-bauti-pe-strazile-din-alba-iulia\/"]}]},{"@type":"ImageObject","inLanguage":"ro-RO","@id":"https:\/\/urbeamea.ro\/albaiulia\/doi-barbati-sunt-cercetati-dupa-ce-au-condus-bauti-pe-strazile-din-alba-iulia\/#primaryimage","url":"https:\/\/urbeamea.ro\/albaiulia\/wp-content\/uploads\/2016\/10\/politia_rutiera-1.jpg","contentUrl":"https:\/\/urbeamea.ro\/albaiulia\/wp-content\/uploads\/2016\/10\/politia_rutiera-1.jpg","width":1193,"height":731},{"@type":"BreadcrumbList","@id":"https:\/\/urbeamea.ro\/albaiulia\/doi-barbati-sunt-cercetati-dupa-ce-au-condus-bauti-pe-strazile-din-alba-iulia\/#breadcrumb","itemListElement":[{"@type":"ListItem","position":1,"name":"Prima pagin\u0103","item":"https:\/\/urbeamea.ro\/albaiulia\/"},{"@type":"ListItem","position":2,"name":"Doi b\u0103rba\u021bi sunt cerceta\u021bi, dup\u0103 ce au condus b\u0103u\u021bi pe str\u0103zile din Alba Iulia"}]},{"@type":"WebSite","@id":"https:\/\/urbeamea.ro\/albaiulia\/#website","url":"https:\/\/urbeamea.ro\/albaiulia\/","name":"Revista Urbea Mea, Stiri urbane","description":"Evenimente \u0219i \u0219tiri din Alba Iulia, Sebe\u0219, Aiud, Blaj","potentialAction":[{"@type":"SearchAction","target":{"@type":"EntryPoint","urlTemplate":"https:\/\/urbeamea.ro\/albaiulia\/?s={search_term_string}"},"query-input":{"@type":"PropertyValueSpecification","valueRequired":true,"valueName":"search_term_string"}}],"inLanguage":"ro-RO"},{"@type":"Person","@id":"https:\/\/urbeamea.ro\/albaiulia\/#\/schema\/person\/cfaa27fc3da4a9a2cf2fee3650afc5d0","name":"Adriana Avram","image":{"@type":"ImageObject","inLanguage":"ro-RO","@id":"https:\/\/secure.gravatar.com\/avatar\/3cc61eb1584088e0099c1763903a6421c5ce6cdf45fc2d424046dc621efc21f9?s=96&d=mm&r=g","url":"https:\/\/secure.gravatar.com\/avatar\/3cc61eb1584088e0099c1763903a6421c5ce6cdf45fc2d424046dc621efc21f9?s=96&d=mm&r=g","contentUrl":"https:\/\/secure.gravatar.com\/avatar\/3cc61eb1584088e0099c1763903a6421c5ce6cdf45fc2d424046dc621efc21f9?s=96&d=mm&r=g","caption":"Adriana Avram"},"description":"Jurnalist","sameAs":["https:\/\/www.facebook.com\/avram.adriana.7?fref=ts"],"url":"https:\/\/urbeamea.ro\/albaiulia\/author\/adriana-avram\/"}]}},"_links":{"self":[{"href":"https:\/\/urbeamea.ro\/albaiulia\/wp-json\/wp\/v2\/posts\/34593","targetHints":{"allow":["GET"]}}],"collection":[{"href":"https:\/\/urbeamea.ro\/albaiulia\/wp-json\/wp\/v2\/posts"}],"about":[{"href":"https:\/\/urbeamea.ro\/albaiulia\/wp-json\/wp\/v2\/types\/post"}],"author":[{"embeddable":true,"href":"https:\/\/urbeamea.ro\/albaiulia\/wp-json\/wp\/v2\/users\/20"}],"replies":[{"embeddable":true,"href":"https:\/\/urbeamea.ro\/albaiulia\/wp-json\/wp\/v2\/comments?post=34593"}],"version-history":[{"count":0,"href":"https:\/\/urbeamea.ro\/albaiulia\/wp-json\/wp\/v2\/posts\/34593\/revisions"}],"wp:featuredmedia":[{"embeddable":true,"href":"https:\/\/urbeamea.ro\/albaiulia\/wp-json\/wp\/v2\/media\/34294"}],"wp:attachment":[{"href":"https:\/\/urbeamea.ro\/albaiulia\/wp-json\/wp\/v2\/media?parent=34593"}],"wp:term":[{"taxonomy":"category","embeddable":true,"href":"https:\/\/urbeamea.ro\/albaiulia\/wp-json\/wp\/v2\/categories?post=34593"},{"taxonomy":"post_tag","embeddable":true,"href":"https:\/\/urbeamea.ro\/albaiulia\/wp-json\/wp\/v2\/tags?post=34593"}],"curies":[{"name":"wp","href":"https:\/\/api.w.org\/{rel}","templated":true}]}}