{"id":34705,"date":"2016-11-10T10:25:17","date_gmt":"2016-11-10T08:25:17","guid":{"rendered":"http:\/\/urbeamea.ro\/albaiulia\/?p=34705"},"modified":"2016-11-10T10:25:17","modified_gmt":"2016-11-10T08:25:17","slug":"a-intrat-cu-masina-in-gardul-unei-case-si-a-parasit-locul-faptei-soferul-vinovat-s-a-ales-cu-dosar-penal","status":"publish","type":"post","link":"https:\/\/urbeamea.ro\/albaiulia\/a-intrat-cu-masina-in-gardul-unei-case-si-a-parasit-locul-faptei-soferul-vinovat-s-a-ales-cu-dosar-penal\/","title":{"rendered":"A intrat cu ma\u0219ina \u00een gardul unei case \u0219i a p\u0103r\u0103sit locul faptei. \u0218oferul vinovat s-a ales cu dosar penal"},"content":{"rendered":"<p><strong><img loading=\"lazy\" decoding=\"async\" class=\"alignleft size-medium wp-image-32779\" src=\"http:\/\/urbeamea.ro\/albaiulia\/wp-content\/uploads\/2016\/10\/masina-politie-1.400x-300x169.jpg\" alt=\"masina-politie-1-400x\" width=\"300\" height=\"169\" srcset=\"https:\/\/urbeamea.ro\/albaiulia\/wp-content\/uploads\/2016\/10\/masina-politie-1.400x-300x169.jpg 300w, https:\/\/urbeamea.ro\/albaiulia\/wp-content\/uploads\/2016\/10\/masina-politie-1.400x-150x84.jpg 150w, https:\/\/urbeamea.ro\/albaiulia\/wp-content\/uploads\/2016\/10\/masina-politie-1.400x.jpg 400w\" sizes=\"auto, (max-width: 300px) 100vw, 300px\" \/>Poli\u0163i\u015ftii din cadrul Sec\u0163iei de Poli\u0163ie Rural\u0103 Aiud \u2013 Postul de Poli\u0163ie Hop\u00e2rta s-au sesizat, din oficiu, miercuri, cu privire la faptul c\u0103 \u00een data de 07.11.2016 \u00een jurul orelor 20.30, pe strada principal\u0103 din satul Silivas, comuna \u00a0Hop\u00e2rta, jud. Alba, C.A., de 48 de ani din aceeasi localitate, a sc\u0103pat de sub control autoturismul si a acro\u015fat gardul unei locuinte, distrug\u00e2ndu-l.<\/strong><\/p>\n<p>\u00cen urma verific\u0103rilor efectuate, poli\u0163i\u015ftii au constatat c\u0103 b\u0103rbatul a p\u0103r\u0103sit locul evenimentului, parc\u00e2nd autoturismul \u00een curtea unui imobil pe care \u00eel de\u0163ine \u00een comuna Hop\u00e2rta, jud. Alba \u015fi c\u0103 nu are permis de conducere pentru nici o categorie.<\/p>\n<p>Fa\u0163\u0103 de conduc\u0103torul auto a fost \u00eentocmit dosar penal \u00een care este cercetat sub aspectul comiterii infrac\u0163iunilor de \u201econducerea unui vehicul f\u0103r\u0103 permis de conducere\u201d \u015fi \u201ep\u0103r\u0103sirea locului accidentului ori modificarea sau \u015ftergerea urmelor acestuia\u201d.<\/p>\n","protected":false},"excerpt":{"rendered":"<p>Poli\u0163i\u015ftii din cadrul Sec\u0163iei de Poli\u0163ie Rural\u0103 Aiud \u2013 Postul de Poli\u0163ie Hop\u00e2rta s-au sesizat, din oficiu, miercuri, cu privire la faptul c\u0103 \u00een data de 07.11.2016 \u00een jurul orelor 20.30, pe strada principal\u0103 din satul Silivas, comuna \u00a0Hop\u00e2rta, jud. Alba, C.A., de 48 de ani din aceeasi localitate, a sc\u0103pat de sub control autoturismul &hellip;<\/p>\n","protected":false},"author":20,"featured_media":32779,"comment_status":"open","ping_status":"open","sticky":false,"template":"","format":"standard","meta":{"inline_featured_image":false,"footnotes":""},"categories":[2034],"tags":[307,2416,2506,3759,2718,1473,401,458,2894,76],"class_list":["post-34705","post","type-post","status-publish","format-standard","has-post-thumbnail","hentry","category-social","tag-alba","tag-autoturism","tag-dosar-penal","tag-gard","tag-hoparta","tag-masina","tag-permis-de-conducere","tag-politisti","tag-sofer","tag-urbea-mea"],"yoast_head":"<!-- This site is optimized with the Yoast SEO plugin v28.3 - https:\/\/yoast.com\/product\/yoast-seo-wordpress\/ -->\n<title>A intrat cu ma\u0219ina \u00een gardul unei case \u0219i a p\u0103r\u0103sit locul faptei. \u0218oferul vinovat s-a ales cu dosar penal - Revista Urbea Mea - Revista de Alba<\/title>\n<meta name=\"description\" content=\"Poli\u0163i\u015ftii din cadrul Sec\u0163iei de Poli\u0163ie Rural\u0103 Aiud \u2013 Postul de Poli\u0163ie Hop\u00e2rta s-au sesizat, din oficiu, miercuri, cu privire la faptul c\u0103 \u00een data de\" \/>\n<meta name=\"robots\" content=\"index, follow, max-snippet:-1, max-image-preview:large, max-video-preview:-1\" \/>\n<link rel=\"canonical\" href=\"https:\/\/urbeamea.ro\/albaiulia\/a-intrat-cu-masina-in-gardul-unei-case-si-a-parasit-locul-faptei-soferul-vinovat-s-a-ales-cu-dosar-penal\/\" \/>\n<meta name=\"twitter:card\" content=\"summary_large_image\" \/>\n<meta name=\"twitter:title\" content=\"A intrat cu ma\u0219ina \u00een gardul unei case \u0219i a p\u0103r\u0103sit locul faptei. \u0218oferul vinovat s-a ales cu dosar penal - Revista Urbea Mea - Revista de Alba\" \/>\n<meta name=\"twitter:description\" content=\"Poli\u0163i\u015ftii din cadrul Sec\u0163iei de Poli\u0163ie Rural\u0103 Aiud \u2013 Postul de Poli\u0163ie Hop\u00e2rta s-au sesizat, din oficiu, miercuri, cu privire la faptul c\u0103 \u00een data de\" \/>\n<meta name=\"twitter:image\" content=\"https:\/\/urbeamea.ro\/albaiulia\/wp-content\/uploads\/2016\/10\/masina-politie-1.400x.jpg\" \/>\n<meta name=\"twitter:creator\" content=\"@urbeameaweb\" \/>\n<meta name=\"twitter:site\" content=\"@urbeameaweb\" \/>\n<script type=\"application\/ld+json\" class=\"yoast-schema-graph\">{\"@context\":\"https:\\\/\\\/schema.org\",\"@graph\":[{\"@type\":\"Article\",\"@id\":\"https:\\\/\\\/urbeamea.ro\\\/albaiulia\\\/a-intrat-cu-masina-in-gardul-unei-case-si-a-parasit-locul-faptei-soferul-vinovat-s-a-ales-cu-dosar-penal\\\/#article\",\"isPartOf\":{\"@id\":\"https:\\\/\\\/urbeamea.ro\\\/albaiulia\\\/a-intrat-cu-masina-in-gardul-unei-case-si-a-parasit-locul-faptei-soferul-vinovat-s-a-ales-cu-dosar-penal\\\/\"},\"author\":{\"name\":\"Adriana Avram\",\"@id\":\"https:\\\/\\\/urbeamea.ro\\\/albaiulia\\\/#\\\/schema\\\/person\\\/cfaa27fc3da4a9a2cf2fee3650afc5d0\"},\"headline\":\"A intrat cu ma\u0219ina \u00een gardul unei case \u0219i a p\u0103r\u0103sit locul faptei. \u0218oferul vinovat s-a ales cu dosar penal\",\"datePublished\":\"2016-11-10T08:25:17+00:00\",\"mainEntityOfPage\":{\"@id\":\"https:\\\/\\\/urbeamea.ro\\\/albaiulia\\\/a-intrat-cu-masina-in-gardul-unei-case-si-a-parasit-locul-faptei-soferul-vinovat-s-a-ales-cu-dosar-penal\\\/\"},\"wordCount\":180,\"commentCount\":0,\"image\":{\"@id\":\"https:\\\/\\\/urbeamea.ro\\\/albaiulia\\\/a-intrat-cu-masina-in-gardul-unei-case-si-a-parasit-locul-faptei-soferul-vinovat-s-a-ales-cu-dosar-penal\\\/#primaryimage\"},\"thumbnailUrl\":\"https:\\\/\\\/urbeamea.ro\\\/albaiulia\\\/wp-content\\\/uploads\\\/2016\\\/10\\\/masina-politie-1.400x.jpg\",\"keywords\":[\"alba\",\"autoturism\",\"dosar penal\",\"gard\",\"hoparta\",\"masina\",\"permis de conducere\",\"politisti\",\"sofer\",\"Urbea Mea\"],\"articleSection\":[\"Social\"],\"inLanguage\":\"ro-RO\",\"potentialAction\":[{\"@type\":\"CommentAction\",\"name\":\"Comment\",\"target\":[\"https:\\\/\\\/urbeamea.ro\\\/albaiulia\\\/a-intrat-cu-masina-in-gardul-unei-case-si-a-parasit-locul-faptei-soferul-vinovat-s-a-ales-cu-dosar-penal\\\/#respond\"]}]},{\"@type\":\"WebPage\",\"@id\":\"https:\\\/\\\/urbeamea.ro\\\/albaiulia\\\/a-intrat-cu-masina-in-gardul-unei-case-si-a-parasit-locul-faptei-soferul-vinovat-s-a-ales-cu-dosar-penal\\\/\",\"url\":\"https:\\\/\\\/urbeamea.ro\\\/albaiulia\\\/a-intrat-cu-masina-in-gardul-unei-case-si-a-parasit-locul-faptei-soferul-vinovat-s-a-ales-cu-dosar-penal\\\/\",\"name\":\"A intrat cu ma\u0219ina \u00een gardul unei case \u0219i a p\u0103r\u0103sit locul faptei. \u0218oferul vinovat s-a ales cu dosar penal - Revista Urbea Mea - Revista de Alba\",\"isPartOf\":{\"@id\":\"https:\\\/\\\/urbeamea.ro\\\/albaiulia\\\/#website\"},\"primaryImageOfPage\":{\"@id\":\"https:\\\/\\\/urbeamea.ro\\\/albaiulia\\\/a-intrat-cu-masina-in-gardul-unei-case-si-a-parasit-locul-faptei-soferul-vinovat-s-a-ales-cu-dosar-penal\\\/#primaryimage\"},\"image\":{\"@id\":\"https:\\\/\\\/urbeamea.ro\\\/albaiulia\\\/a-intrat-cu-masina-in-gardul-unei-case-si-a-parasit-locul-faptei-soferul-vinovat-s-a-ales-cu-dosar-penal\\\/#primaryimage\"},\"thumbnailUrl\":\"https:\\\/\\\/urbeamea.ro\\\/albaiulia\\\/wp-content\\\/uploads\\\/2016\\\/10\\\/masina-politie-1.400x.jpg\",\"datePublished\":\"2016-11-10T08:25:17+00:00\",\"author\":{\"@id\":\"https:\\\/\\\/urbeamea.ro\\\/albaiulia\\\/#\\\/schema\\\/person\\\/cfaa27fc3da4a9a2cf2fee3650afc5d0\"},\"description\":\"Poli\u0163i\u015ftii din cadrul Sec\u0163iei de Poli\u0163ie Rural\u0103 Aiud \u2013 Postul de Poli\u0163ie Hop\u00e2rta s-au sesizat, din oficiu, miercuri, cu privire la faptul c\u0103 \u00een data de\",\"breadcrumb\":{\"@id\":\"https:\\\/\\\/urbeamea.ro\\\/albaiulia\\\/a-intrat-cu-masina-in-gardul-unei-case-si-a-parasit-locul-faptei-soferul-vinovat-s-a-ales-cu-dosar-penal\\\/#breadcrumb\"},\"inLanguage\":\"ro-RO\",\"potentialAction\":[{\"@type\":\"ReadAction\",\"target\":[\"https:\\\/\\\/urbeamea.ro\\\/albaiulia\\\/a-intrat-cu-masina-in-gardul-unei-case-si-a-parasit-locul-faptei-soferul-vinovat-s-a-ales-cu-dosar-penal\\\/\"]}]},{\"@type\":\"ImageObject\",\"inLanguage\":\"ro-RO\",\"@id\":\"https:\\\/\\\/urbeamea.ro\\\/albaiulia\\\/a-intrat-cu-masina-in-gardul-unei-case-si-a-parasit-locul-faptei-soferul-vinovat-s-a-ales-cu-dosar-penal\\\/#primaryimage\",\"url\":\"https:\\\/\\\/urbeamea.ro\\\/albaiulia\\\/wp-content\\\/uploads\\\/2016\\\/10\\\/masina-politie-1.400x.jpg\",\"contentUrl\":\"https:\\\/\\\/urbeamea.ro\\\/albaiulia\\\/wp-content\\\/uploads\\\/2016\\\/10\\\/masina-politie-1.400x.jpg\",\"width\":400,\"height\":225},{\"@type\":\"BreadcrumbList\",\"@id\":\"https:\\\/\\\/urbeamea.ro\\\/albaiulia\\\/a-intrat-cu-masina-in-gardul-unei-case-si-a-parasit-locul-faptei-soferul-vinovat-s-a-ales-cu-dosar-penal\\\/#breadcrumb\",\"itemListElement\":[{\"@type\":\"ListItem\",\"position\":1,\"name\":\"Prima pagin\u0103\",\"item\":\"https:\\\/\\\/urbeamea.ro\\\/albaiulia\\\/\"},{\"@type\":\"ListItem\",\"position\":2,\"name\":\"A intrat cu ma\u0219ina \u00een gardul unei case \u0219i a p\u0103r\u0103sit locul faptei. \u0218oferul vinovat s-a ales cu dosar penal\"}]},{\"@type\":\"WebSite\",\"@id\":\"https:\\\/\\\/urbeamea.ro\\\/albaiulia\\\/#website\",\"url\":\"https:\\\/\\\/urbeamea.ro\\\/albaiulia\\\/\",\"name\":\"Revista Urbea Mea, Stiri urbane\",\"description\":\"Evenimente \u0219i \u0219tiri din Alba Iulia, Sebe\u0219, Aiud, Blaj\",\"potentialAction\":[{\"@type\":\"SearchAction\",\"target\":{\"@type\":\"EntryPoint\",\"urlTemplate\":\"https:\\\/\\\/urbeamea.ro\\\/albaiulia\\\/?s={search_term_string}\"},\"query-input\":{\"@type\":\"PropertyValueSpecification\",\"valueRequired\":true,\"valueName\":\"search_term_string\"}}],\"inLanguage\":\"ro-RO\"},{\"@type\":\"Person\",\"@id\":\"https:\\\/\\\/urbeamea.ro\\\/albaiulia\\\/#\\\/schema\\\/person\\\/cfaa27fc3da4a9a2cf2fee3650afc5d0\",\"name\":\"Adriana Avram\",\"image\":{\"@type\":\"ImageObject\",\"inLanguage\":\"ro-RO\",\"@id\":\"https:\\\/\\\/secure.gravatar.com\\\/avatar\\\/3cc61eb1584088e0099c1763903a6421c5ce6cdf45fc2d424046dc621efc21f9?s=96&d=mm&r=g\",\"url\":\"https:\\\/\\\/secure.gravatar.com\\\/avatar\\\/3cc61eb1584088e0099c1763903a6421c5ce6cdf45fc2d424046dc621efc21f9?s=96&d=mm&r=g\",\"contentUrl\":\"https:\\\/\\\/secure.gravatar.com\\\/avatar\\\/3cc61eb1584088e0099c1763903a6421c5ce6cdf45fc2d424046dc621efc21f9?s=96&d=mm&r=g\",\"caption\":\"Adriana Avram\"},\"description\":\"Jurnalist\",\"sameAs\":[\"https:\\\/\\\/www.facebook.com\\\/avram.adriana.7?fref=ts\"],\"url\":\"https:\\\/\\\/urbeamea.ro\\\/albaiulia\\\/author\\\/adriana-avram\\\/\"}]}<\/script>\n<!-- \/ Yoast SEO plugin. -->","yoast_head_json":{"title":"A intrat cu ma\u0219ina \u00een gardul unei case \u0219i a p\u0103r\u0103sit locul faptei. \u0218oferul vinovat s-a ales cu dosar penal - Revista Urbea Mea - Revista de Alba","description":"Poli\u0163i\u015ftii din cadrul Sec\u0163iei de Poli\u0163ie Rural\u0103 Aiud \u2013 Postul de Poli\u0163ie Hop\u00e2rta s-au sesizat, din oficiu, miercuri, cu privire la faptul c\u0103 \u00een data de","robots":{"index":"index","follow":"follow","max-snippet":"max-snippet:-1","max-image-preview":"max-image-preview:large","max-video-preview":"max-video-preview:-1"},"canonical":"https:\/\/urbeamea.ro\/albaiulia\/a-intrat-cu-masina-in-gardul-unei-case-si-a-parasit-locul-faptei-soferul-vinovat-s-a-ales-cu-dosar-penal\/","twitter_card":"summary_large_image","twitter_title":"A intrat cu ma\u0219ina \u00een gardul unei case \u0219i a p\u0103r\u0103sit locul faptei. \u0218oferul vinovat s-a ales cu dosar penal - Revista Urbea Mea - Revista de Alba","twitter_description":"Poli\u0163i\u015ftii din cadrul Sec\u0163iei de Poli\u0163ie Rural\u0103 Aiud \u2013 Postul de Poli\u0163ie Hop\u00e2rta s-au sesizat, din oficiu, miercuri, cu privire la faptul c\u0103 \u00een data de","twitter_image":"https:\/\/urbeamea.ro\/albaiulia\/wp-content\/uploads\/2016\/10\/masina-politie-1.400x.jpg","twitter_creator":"@urbeameaweb","twitter_site":"@urbeameaweb","schema":{"@context":"https:\/\/schema.org","@graph":[{"@type":"Article","@id":"https:\/\/urbeamea.ro\/albaiulia\/a-intrat-cu-masina-in-gardul-unei-case-si-a-parasit-locul-faptei-soferul-vinovat-s-a-ales-cu-dosar-penal\/#article","isPartOf":{"@id":"https:\/\/urbeamea.ro\/albaiulia\/a-intrat-cu-masina-in-gardul-unei-case-si-a-parasit-locul-faptei-soferul-vinovat-s-a-ales-cu-dosar-penal\/"},"author":{"name":"Adriana Avram","@id":"https:\/\/urbeamea.ro\/albaiulia\/#\/schema\/person\/cfaa27fc3da4a9a2cf2fee3650afc5d0"},"headline":"A intrat cu ma\u0219ina \u00een gardul unei case \u0219i a p\u0103r\u0103sit locul faptei. \u0218oferul vinovat s-a ales cu dosar penal","datePublished":"2016-11-10T08:25:17+00:00","mainEntityOfPage":{"@id":"https:\/\/urbeamea.ro\/albaiulia\/a-intrat-cu-masina-in-gardul-unei-case-si-a-parasit-locul-faptei-soferul-vinovat-s-a-ales-cu-dosar-penal\/"},"wordCount":180,"commentCount":0,"image":{"@id":"https:\/\/urbeamea.ro\/albaiulia\/a-intrat-cu-masina-in-gardul-unei-case-si-a-parasit-locul-faptei-soferul-vinovat-s-a-ales-cu-dosar-penal\/#primaryimage"},"thumbnailUrl":"https:\/\/urbeamea.ro\/albaiulia\/wp-content\/uploads\/2016\/10\/masina-politie-1.400x.jpg","keywords":["alba","autoturism","dosar penal","gard","hoparta","masina","permis de conducere","politisti","sofer","Urbea Mea"],"articleSection":["Social"],"inLanguage":"ro-RO","potentialAction":[{"@type":"CommentAction","name":"Comment","target":["https:\/\/urbeamea.ro\/albaiulia\/a-intrat-cu-masina-in-gardul-unei-case-si-a-parasit-locul-faptei-soferul-vinovat-s-a-ales-cu-dosar-penal\/#respond"]}]},{"@type":"WebPage","@id":"https:\/\/urbeamea.ro\/albaiulia\/a-intrat-cu-masina-in-gardul-unei-case-si-a-parasit-locul-faptei-soferul-vinovat-s-a-ales-cu-dosar-penal\/","url":"https:\/\/urbeamea.ro\/albaiulia\/a-intrat-cu-masina-in-gardul-unei-case-si-a-parasit-locul-faptei-soferul-vinovat-s-a-ales-cu-dosar-penal\/","name":"A intrat cu ma\u0219ina \u00een gardul unei case \u0219i a p\u0103r\u0103sit locul faptei. \u0218oferul vinovat s-a ales cu dosar penal - Revista Urbea Mea - Revista de Alba","isPartOf":{"@id":"https:\/\/urbeamea.ro\/albaiulia\/#website"},"primaryImageOfPage":{"@id":"https:\/\/urbeamea.ro\/albaiulia\/a-intrat-cu-masina-in-gardul-unei-case-si-a-parasit-locul-faptei-soferul-vinovat-s-a-ales-cu-dosar-penal\/#primaryimage"},"image":{"@id":"https:\/\/urbeamea.ro\/albaiulia\/a-intrat-cu-masina-in-gardul-unei-case-si-a-parasit-locul-faptei-soferul-vinovat-s-a-ales-cu-dosar-penal\/#primaryimage"},"thumbnailUrl":"https:\/\/urbeamea.ro\/albaiulia\/wp-content\/uploads\/2016\/10\/masina-politie-1.400x.jpg","datePublished":"2016-11-10T08:25:17+00:00","author":{"@id":"https:\/\/urbeamea.ro\/albaiulia\/#\/schema\/person\/cfaa27fc3da4a9a2cf2fee3650afc5d0"},"description":"Poli\u0163i\u015ftii din cadrul Sec\u0163iei de Poli\u0163ie Rural\u0103 Aiud \u2013 Postul de Poli\u0163ie Hop\u00e2rta s-au sesizat, din oficiu, miercuri, cu privire la faptul c\u0103 \u00een data de","breadcrumb":{"@id":"https:\/\/urbeamea.ro\/albaiulia\/a-intrat-cu-masina-in-gardul-unei-case-si-a-parasit-locul-faptei-soferul-vinovat-s-a-ales-cu-dosar-penal\/#breadcrumb"},"inLanguage":"ro-RO","potentialAction":[{"@type":"ReadAction","target":["https:\/\/urbeamea.ro\/albaiulia\/a-intrat-cu-masina-in-gardul-unei-case-si-a-parasit-locul-faptei-soferul-vinovat-s-a-ales-cu-dosar-penal\/"]}]},{"@type":"ImageObject","inLanguage":"ro-RO","@id":"https:\/\/urbeamea.ro\/albaiulia\/a-intrat-cu-masina-in-gardul-unei-case-si-a-parasit-locul-faptei-soferul-vinovat-s-a-ales-cu-dosar-penal\/#primaryimage","url":"https:\/\/urbeamea.ro\/albaiulia\/wp-content\/uploads\/2016\/10\/masina-politie-1.400x.jpg","contentUrl":"https:\/\/urbeamea.ro\/albaiulia\/wp-content\/uploads\/2016\/10\/masina-politie-1.400x.jpg","width":400,"height":225},{"@type":"BreadcrumbList","@id":"https:\/\/urbeamea.ro\/albaiulia\/a-intrat-cu-masina-in-gardul-unei-case-si-a-parasit-locul-faptei-soferul-vinovat-s-a-ales-cu-dosar-penal\/#breadcrumb","itemListElement":[{"@type":"ListItem","position":1,"name":"Prima pagin\u0103","item":"https:\/\/urbeamea.ro\/albaiulia\/"},{"@type":"ListItem","position":2,"name":"A intrat cu ma\u0219ina \u00een gardul unei case \u0219i a p\u0103r\u0103sit locul faptei. \u0218oferul vinovat s-a ales cu dosar penal"}]},{"@type":"WebSite","@id":"https:\/\/urbeamea.ro\/albaiulia\/#website","url":"https:\/\/urbeamea.ro\/albaiulia\/","name":"Revista Urbea Mea, Stiri urbane","description":"Evenimente \u0219i \u0219tiri din Alba Iulia, Sebe\u0219, Aiud, Blaj","potentialAction":[{"@type":"SearchAction","target":{"@type":"EntryPoint","urlTemplate":"https:\/\/urbeamea.ro\/albaiulia\/?s={search_term_string}"},"query-input":{"@type":"PropertyValueSpecification","valueRequired":true,"valueName":"search_term_string"}}],"inLanguage":"ro-RO"},{"@type":"Person","@id":"https:\/\/urbeamea.ro\/albaiulia\/#\/schema\/person\/cfaa27fc3da4a9a2cf2fee3650afc5d0","name":"Adriana Avram","image":{"@type":"ImageObject","inLanguage":"ro-RO","@id":"https:\/\/secure.gravatar.com\/avatar\/3cc61eb1584088e0099c1763903a6421c5ce6cdf45fc2d424046dc621efc21f9?s=96&d=mm&r=g","url":"https:\/\/secure.gravatar.com\/avatar\/3cc61eb1584088e0099c1763903a6421c5ce6cdf45fc2d424046dc621efc21f9?s=96&d=mm&r=g","contentUrl":"https:\/\/secure.gravatar.com\/avatar\/3cc61eb1584088e0099c1763903a6421c5ce6cdf45fc2d424046dc621efc21f9?s=96&d=mm&r=g","caption":"Adriana Avram"},"description":"Jurnalist","sameAs":["https:\/\/www.facebook.com\/avram.adriana.7?fref=ts"],"url":"https:\/\/urbeamea.ro\/albaiulia\/author\/adriana-avram\/"}]}},"_links":{"self":[{"href":"https:\/\/urbeamea.ro\/albaiulia\/wp-json\/wp\/v2\/posts\/34705","targetHints":{"allow":["GET"]}}],"collection":[{"href":"https:\/\/urbeamea.ro\/albaiulia\/wp-json\/wp\/v2\/posts"}],"about":[{"href":"https:\/\/urbeamea.ro\/albaiulia\/wp-json\/wp\/v2\/types\/post"}],"author":[{"embeddable":true,"href":"https:\/\/urbeamea.ro\/albaiulia\/wp-json\/wp\/v2\/users\/20"}],"replies":[{"embeddable":true,"href":"https:\/\/urbeamea.ro\/albaiulia\/wp-json\/wp\/v2\/comments?post=34705"}],"version-history":[{"count":0,"href":"https:\/\/urbeamea.ro\/albaiulia\/wp-json\/wp\/v2\/posts\/34705\/revisions"}],"wp:featuredmedia":[{"embeddable":true,"href":"https:\/\/urbeamea.ro\/albaiulia\/wp-json\/wp\/v2\/media\/32779"}],"wp:attachment":[{"href":"https:\/\/urbeamea.ro\/albaiulia\/wp-json\/wp\/v2\/media?parent=34705"}],"wp:term":[{"taxonomy":"category","embeddable":true,"href":"https:\/\/urbeamea.ro\/albaiulia\/wp-json\/wp\/v2\/categories?post=34705"},{"taxonomy":"post_tag","embeddable":true,"href":"https:\/\/urbeamea.ro\/albaiulia\/wp-json\/wp\/v2\/tags?post=34705"}],"curies":[{"name":"wp","href":"https:\/\/api.w.org\/{rel}","templated":true}]}}