{"id":34709,"date":"2016-11-10T10:52:59","date_gmt":"2016-11-10T08:52:59","guid":{"rendered":"http:\/\/urbeamea.ro\/albaiulia\/?p=34709"},"modified":"2016-11-10T10:52:59","modified_gmt":"2016-11-10T08:52:59","slug":"trei-soferi-din-alba-sunt-cercetati-pentru-conducerea-unor-autovehicule-neinmatriculate","status":"publish","type":"post","link":"https:\/\/urbeamea.ro\/albaiulia\/trei-soferi-din-alba-sunt-cercetati-pentru-conducerea-unor-autovehicule-neinmatriculate\/","title":{"rendered":"Trei \u0219oferi din Alba sunt cerceta\u021bi pentru conducerea unor autovehicule ne\u00eenmatriculate"},"content":{"rendered":"<p><strong><img loading=\"lazy\" decoding=\"async\" class=\"alignleft size-medium wp-image-34651\" src=\"http:\/\/urbeamea.ro\/albaiulia\/wp-content\/uploads\/2016\/11\/radar-politie-300x168.jpg\" alt=\"radar-politie\" width=\"300\" height=\"168\" srcset=\"https:\/\/urbeamea.ro\/albaiulia\/wp-content\/uploads\/2016\/11\/radar-politie-300x168.jpg 300w, https:\/\/urbeamea.ro\/albaiulia\/wp-content\/uploads\/2016\/11\/radar-politie-150x84.jpg 150w, https:\/\/urbeamea.ro\/albaiulia\/wp-content\/uploads\/2016\/11\/radar-politie.jpg 620w\" sizes=\"auto, (max-width: 300px) 100vw, 300px\" \/>Trei \u0219oferi din Alba s-au ales cu dosare penale, dup\u0103 ce au fost prin\u0219i \u00een trafic, conduc\u00e2nd autovehicule ne\u00eenmatriculate sau cu permis de conducere necorespunz\u0103tor.<\/strong><\/p>\n<p>Miercuri, \u00een jurul orei 10.36, poli\u0163i\u015ftii din cadrul Serviciului Rutier au oprit, pentru control, pe strada Principal\u0103 din comuna Cr\u0103ciunelu de Jos, judetul Alba, un autoturism condus de un b\u0103rbat de 31 de ani, din comuna \u015eona, jude\u021bul Alba.<\/p>\n<p>\u00cen urma verific\u0103rilor efectuate, poli\u0163i\u015ftii au constatat c\u0103 autoriza\u0163ia provizorie de circulatie a autoturismului era expirat\u0103. Fa\u0163\u0103 de conduc\u0103torul auto a fost \u00eentocmit dosar penal \u00een care este cercetat sub aspectul comiterii infractiunii de conducerea unui autovehicul ne\u00eenmatriculat.<\/p>\n<p>Tot miercuri,\u00a0\u00een jurul orelor 10.30, poli\u0163i\u015ftii din cadrul Serviciului Rutier- Biroul Drumuri Na\u021bionale \u0219i Europene au oprit, pentru control, pe DN 14B, km15+200 m, judetul Alba, un autoturism condus de un b\u0103rbat de 25 de ani, din comuna Mihal\u0163, jude\u021bul Alba.<\/p>\n<p>\u00cen urma verific\u0103rilor efectuate, poli\u0163i\u015ftii au constatat c\u0103 remorca tractat\u0103 nu figura ca fiind \u00eenmatriculat\u0103 sau \u00eenregistrat\u0103. Totodat\u0103, av\u00e2nd \u00een vedere masa total\u0103 maxima autorizat\u0103 a tractorului s-a constatat c\u0103 permisul de conducere al b\u0103rbatului este necorespunz\u0103tor categoriei din care face parte vehiculul respectiv.<\/p>\n<p>Fa\u0163\u0103 de conduc\u0103torul auto a fost \u00eentocmit dosar penal \u00een care este cercetat sub aspectul comiterii infrac\u021biunilor de \u201econducere a unui vehicul pe drumurile publice de c\u0103tre o persoan\u0103 al c\u0103rei permis de conducere este necorespunz\u0103tor categoriei sau sub categoriei din care face parte vehiculul respectiv\u201d \u0219i ,,tractarea unei remorci ne\u00eenmatriculate sau ne\u00eenregistrate\u201d.<\/p>\n<p>\u00cen aceea\u0219i zi, \u00een jurul orelor 15.01, poli\u0163i\u015ftii rutieri din cadrul Biroului Rutier Alba Iulia au oprit, pentru control, pe centura municipiului Alba Iulia, lakm. 6+700 metri, un autoturism condus de un b\u0103rbat de 51 de ani, din municipiul Alba Iulia. \u00cen urma verific\u0103rilor efectuate, poli\u0163i\u015ftii au constatat c\u0103 autoriza\u0163ia provizorie de circula\u021bie a autoturismului era expirat\u0103.<\/p>\n<p>Fa\u0163\u0103 de conduc\u0103torul auto a fost \u00eentocmit dosar penal \u00een care este cercetat sub aspectul comiterii infrac\u021biunii de conducerea unui autovehicul ne\u00eenmatriculat.<\/p>\n","protected":false},"excerpt":{"rendered":"<p>Trei \u0219oferi din Alba s-au ales cu dosare penale, dup\u0103 ce au fost prin\u0219i \u00een trafic, conduc\u00e2nd autovehicule ne\u00eenmatriculate sau cu permis de conducere necorespunz\u0103tor. Miercuri, \u00een jurul orei 10.36, poli\u0163i\u015ftii din cadrul Serviciului Rutier au oprit, pentru control, pe strada Principal\u0103 din comuna Cr\u0103ciunelu de Jos, judetul Alba, un autoturism condus de un b\u0103rbat &hellip;<\/p>\n","protected":false},"author":20,"featured_media":34651,"comment_status":"open","ping_status":"open","sticky":false,"template":"","format":"standard","meta":{"inline_featured_image":false,"footnotes":""},"categories":[2034],"tags":[307,2501,2506,1116,8494,3500,458,1115,957,76],"class_list":["post-34709","post","type-post","status-publish","format-standard","has-post-thumbnail","hentry","category-social","tag-alba","tag-autovehicule","tag-dosar-penal","tag-drumuri-publice","tag-ip","tag-neinmatriculat","tag-politisti","tag-soferi","tag-trafic","tag-urbea-mea"],"yoast_head":"<!-- This site is optimized with the Yoast SEO plugin v28.3 - https:\/\/yoast.com\/product\/yoast-seo-wordpress\/ -->\n<title>Trei \u0219oferi din Alba sunt cerceta\u021bi pentru conducerea unor autovehicule ne\u00eenmatriculate - Revista Urbea Mea - Revista de Alba<\/title>\n<meta name=\"description\" content=\"Trei \u0219oferi din Alba s-au ales cu dosare penale, dup\u0103 ce au fost prin\u0219i \u00een trafic, conduc\u00e2nd autovehicule ne\u00eenmatriculate sau cu permis de conducere\" \/>\n<meta name=\"robots\" content=\"index, follow, max-snippet:-1, max-image-preview:large, max-video-preview:-1\" \/>\n<link rel=\"canonical\" href=\"https:\/\/urbeamea.ro\/albaiulia\/trei-soferi-din-alba-sunt-cercetati-pentru-conducerea-unor-autovehicule-neinmatriculate\/\" \/>\n<meta name=\"twitter:card\" content=\"summary_large_image\" \/>\n<meta name=\"twitter:title\" content=\"Trei \u0219oferi din Alba sunt cerceta\u021bi pentru conducerea unor autovehicule ne\u00eenmatriculate - Revista Urbea Mea - Revista de Alba\" \/>\n<meta name=\"twitter:description\" content=\"Trei \u0219oferi din Alba s-au ales cu dosare penale, dup\u0103 ce au fost prin\u0219i \u00een trafic, conduc\u00e2nd autovehicule ne\u00eenmatriculate sau cu permis de conducere\" \/>\n<meta name=\"twitter:image\" content=\"https:\/\/urbeamea.ro\/albaiulia\/wp-content\/uploads\/2016\/11\/radar-politie.jpg\" \/>\n<meta name=\"twitter:creator\" content=\"@urbeameaweb\" \/>\n<meta name=\"twitter:site\" content=\"@urbeameaweb\" \/>\n<script type=\"application\/ld+json\" class=\"yoast-schema-graph\">{\"@context\":\"https:\\\/\\\/schema.org\",\"@graph\":[{\"@type\":\"Article\",\"@id\":\"https:\\\/\\\/urbeamea.ro\\\/albaiulia\\\/trei-soferi-din-alba-sunt-cercetati-pentru-conducerea-unor-autovehicule-neinmatriculate\\\/#article\",\"isPartOf\":{\"@id\":\"https:\\\/\\\/urbeamea.ro\\\/albaiulia\\\/trei-soferi-din-alba-sunt-cercetati-pentru-conducerea-unor-autovehicule-neinmatriculate\\\/\"},\"author\":{\"name\":\"Adriana Avram\",\"@id\":\"https:\\\/\\\/urbeamea.ro\\\/albaiulia\\\/#\\\/schema\\\/person\\\/cfaa27fc3da4a9a2cf2fee3650afc5d0\"},\"headline\":\"Trei \u0219oferi din Alba sunt cerceta\u021bi pentru conducerea unor autovehicule ne\u00eenmatriculate\",\"datePublished\":\"2016-11-10T08:52:59+00:00\",\"mainEntityOfPage\":{\"@id\":\"https:\\\/\\\/urbeamea.ro\\\/albaiulia\\\/trei-soferi-din-alba-sunt-cercetati-pentru-conducerea-unor-autovehicule-neinmatriculate\\\/\"},\"wordCount\":371,\"commentCount\":0,\"image\":{\"@id\":\"https:\\\/\\\/urbeamea.ro\\\/albaiulia\\\/trei-soferi-din-alba-sunt-cercetati-pentru-conducerea-unor-autovehicule-neinmatriculate\\\/#primaryimage\"},\"thumbnailUrl\":\"https:\\\/\\\/urbeamea.ro\\\/albaiulia\\\/wp-content\\\/uploads\\\/2016\\\/11\\\/radar-politie.jpg\",\"keywords\":[\"alba\",\"autovehicule\",\"dosar penal\",\"drumuri publice\",\"IP\",\"neinmatriculat\",\"politisti\",\"soferi\",\"trafic\",\"Urbea Mea\"],\"articleSection\":[\"Social\"],\"inLanguage\":\"ro-RO\",\"potentialAction\":[{\"@type\":\"CommentAction\",\"name\":\"Comment\",\"target\":[\"https:\\\/\\\/urbeamea.ro\\\/albaiulia\\\/trei-soferi-din-alba-sunt-cercetati-pentru-conducerea-unor-autovehicule-neinmatriculate\\\/#respond\"]}]},{\"@type\":\"WebPage\",\"@id\":\"https:\\\/\\\/urbeamea.ro\\\/albaiulia\\\/trei-soferi-din-alba-sunt-cercetati-pentru-conducerea-unor-autovehicule-neinmatriculate\\\/\",\"url\":\"https:\\\/\\\/urbeamea.ro\\\/albaiulia\\\/trei-soferi-din-alba-sunt-cercetati-pentru-conducerea-unor-autovehicule-neinmatriculate\\\/\",\"name\":\"Trei \u0219oferi din Alba sunt cerceta\u021bi pentru conducerea unor autovehicule ne\u00eenmatriculate - Revista Urbea Mea - Revista de Alba\",\"isPartOf\":{\"@id\":\"https:\\\/\\\/urbeamea.ro\\\/albaiulia\\\/#website\"},\"primaryImageOfPage\":{\"@id\":\"https:\\\/\\\/urbeamea.ro\\\/albaiulia\\\/trei-soferi-din-alba-sunt-cercetati-pentru-conducerea-unor-autovehicule-neinmatriculate\\\/#primaryimage\"},\"image\":{\"@id\":\"https:\\\/\\\/urbeamea.ro\\\/albaiulia\\\/trei-soferi-din-alba-sunt-cercetati-pentru-conducerea-unor-autovehicule-neinmatriculate\\\/#primaryimage\"},\"thumbnailUrl\":\"https:\\\/\\\/urbeamea.ro\\\/albaiulia\\\/wp-content\\\/uploads\\\/2016\\\/11\\\/radar-politie.jpg\",\"datePublished\":\"2016-11-10T08:52:59+00:00\",\"author\":{\"@id\":\"https:\\\/\\\/urbeamea.ro\\\/albaiulia\\\/#\\\/schema\\\/person\\\/cfaa27fc3da4a9a2cf2fee3650afc5d0\"},\"description\":\"Trei \u0219oferi din Alba s-au ales cu dosare penale, dup\u0103 ce au fost prin\u0219i \u00een trafic, conduc\u00e2nd autovehicule ne\u00eenmatriculate sau cu permis de conducere\",\"breadcrumb\":{\"@id\":\"https:\\\/\\\/urbeamea.ro\\\/albaiulia\\\/trei-soferi-din-alba-sunt-cercetati-pentru-conducerea-unor-autovehicule-neinmatriculate\\\/#breadcrumb\"},\"inLanguage\":\"ro-RO\",\"potentialAction\":[{\"@type\":\"ReadAction\",\"target\":[\"https:\\\/\\\/urbeamea.ro\\\/albaiulia\\\/trei-soferi-din-alba-sunt-cercetati-pentru-conducerea-unor-autovehicule-neinmatriculate\\\/\"]}]},{\"@type\":\"ImageObject\",\"inLanguage\":\"ro-RO\",\"@id\":\"https:\\\/\\\/urbeamea.ro\\\/albaiulia\\\/trei-soferi-din-alba-sunt-cercetati-pentru-conducerea-unor-autovehicule-neinmatriculate\\\/#primaryimage\",\"url\":\"https:\\\/\\\/urbeamea.ro\\\/albaiulia\\\/wp-content\\\/uploads\\\/2016\\\/11\\\/radar-politie.jpg\",\"contentUrl\":\"https:\\\/\\\/urbeamea.ro\\\/albaiulia\\\/wp-content\\\/uploads\\\/2016\\\/11\\\/radar-politie.jpg\",\"width\":620,\"height\":348},{\"@type\":\"BreadcrumbList\",\"@id\":\"https:\\\/\\\/urbeamea.ro\\\/albaiulia\\\/trei-soferi-din-alba-sunt-cercetati-pentru-conducerea-unor-autovehicule-neinmatriculate\\\/#breadcrumb\",\"itemListElement\":[{\"@type\":\"ListItem\",\"position\":1,\"name\":\"Prima pagin\u0103\",\"item\":\"https:\\\/\\\/urbeamea.ro\\\/albaiulia\\\/\"},{\"@type\":\"ListItem\",\"position\":2,\"name\":\"Trei \u0219oferi din Alba sunt cerceta\u021bi pentru conducerea unor autovehicule ne\u00eenmatriculate\"}]},{\"@type\":\"WebSite\",\"@id\":\"https:\\\/\\\/urbeamea.ro\\\/albaiulia\\\/#website\",\"url\":\"https:\\\/\\\/urbeamea.ro\\\/albaiulia\\\/\",\"name\":\"Revista Urbea Mea, Stiri urbane\",\"description\":\"Evenimente \u0219i \u0219tiri din Alba Iulia, Sebe\u0219, Aiud, Blaj\",\"potentialAction\":[{\"@type\":\"SearchAction\",\"target\":{\"@type\":\"EntryPoint\",\"urlTemplate\":\"https:\\\/\\\/urbeamea.ro\\\/albaiulia\\\/?s={search_term_string}\"},\"query-input\":{\"@type\":\"PropertyValueSpecification\",\"valueRequired\":true,\"valueName\":\"search_term_string\"}}],\"inLanguage\":\"ro-RO\"},{\"@type\":\"Person\",\"@id\":\"https:\\\/\\\/urbeamea.ro\\\/albaiulia\\\/#\\\/schema\\\/person\\\/cfaa27fc3da4a9a2cf2fee3650afc5d0\",\"name\":\"Adriana Avram\",\"image\":{\"@type\":\"ImageObject\",\"inLanguage\":\"ro-RO\",\"@id\":\"https:\\\/\\\/secure.gravatar.com\\\/avatar\\\/3cc61eb1584088e0099c1763903a6421c5ce6cdf45fc2d424046dc621efc21f9?s=96&d=mm&r=g\",\"url\":\"https:\\\/\\\/secure.gravatar.com\\\/avatar\\\/3cc61eb1584088e0099c1763903a6421c5ce6cdf45fc2d424046dc621efc21f9?s=96&d=mm&r=g\",\"contentUrl\":\"https:\\\/\\\/secure.gravatar.com\\\/avatar\\\/3cc61eb1584088e0099c1763903a6421c5ce6cdf45fc2d424046dc621efc21f9?s=96&d=mm&r=g\",\"caption\":\"Adriana Avram\"},\"description\":\"Jurnalist\",\"sameAs\":[\"https:\\\/\\\/www.facebook.com\\\/avram.adriana.7?fref=ts\"],\"url\":\"https:\\\/\\\/urbeamea.ro\\\/albaiulia\\\/author\\\/adriana-avram\\\/\"}]}<\/script>\n<!-- \/ Yoast SEO plugin. -->","yoast_head_json":{"title":"Trei \u0219oferi din Alba sunt cerceta\u021bi pentru conducerea unor autovehicule ne\u00eenmatriculate - Revista Urbea Mea - Revista de Alba","description":"Trei \u0219oferi din Alba s-au ales cu dosare penale, dup\u0103 ce au fost prin\u0219i \u00een trafic, conduc\u00e2nd autovehicule ne\u00eenmatriculate sau cu permis de conducere","robots":{"index":"index","follow":"follow","max-snippet":"max-snippet:-1","max-image-preview":"max-image-preview:large","max-video-preview":"max-video-preview:-1"},"canonical":"https:\/\/urbeamea.ro\/albaiulia\/trei-soferi-din-alba-sunt-cercetati-pentru-conducerea-unor-autovehicule-neinmatriculate\/","twitter_card":"summary_large_image","twitter_title":"Trei \u0219oferi din Alba sunt cerceta\u021bi pentru conducerea unor autovehicule ne\u00eenmatriculate - Revista Urbea Mea - Revista de Alba","twitter_description":"Trei \u0219oferi din Alba s-au ales cu dosare penale, dup\u0103 ce au fost prin\u0219i \u00een trafic, conduc\u00e2nd autovehicule ne\u00eenmatriculate sau cu permis de conducere","twitter_image":"https:\/\/urbeamea.ro\/albaiulia\/wp-content\/uploads\/2016\/11\/radar-politie.jpg","twitter_creator":"@urbeameaweb","twitter_site":"@urbeameaweb","schema":{"@context":"https:\/\/schema.org","@graph":[{"@type":"Article","@id":"https:\/\/urbeamea.ro\/albaiulia\/trei-soferi-din-alba-sunt-cercetati-pentru-conducerea-unor-autovehicule-neinmatriculate\/#article","isPartOf":{"@id":"https:\/\/urbeamea.ro\/albaiulia\/trei-soferi-din-alba-sunt-cercetati-pentru-conducerea-unor-autovehicule-neinmatriculate\/"},"author":{"name":"Adriana Avram","@id":"https:\/\/urbeamea.ro\/albaiulia\/#\/schema\/person\/cfaa27fc3da4a9a2cf2fee3650afc5d0"},"headline":"Trei \u0219oferi din Alba sunt cerceta\u021bi pentru conducerea unor autovehicule ne\u00eenmatriculate","datePublished":"2016-11-10T08:52:59+00:00","mainEntityOfPage":{"@id":"https:\/\/urbeamea.ro\/albaiulia\/trei-soferi-din-alba-sunt-cercetati-pentru-conducerea-unor-autovehicule-neinmatriculate\/"},"wordCount":371,"commentCount":0,"image":{"@id":"https:\/\/urbeamea.ro\/albaiulia\/trei-soferi-din-alba-sunt-cercetati-pentru-conducerea-unor-autovehicule-neinmatriculate\/#primaryimage"},"thumbnailUrl":"https:\/\/urbeamea.ro\/albaiulia\/wp-content\/uploads\/2016\/11\/radar-politie.jpg","keywords":["alba","autovehicule","dosar penal","drumuri publice","IP","neinmatriculat","politisti","soferi","trafic","Urbea Mea"],"articleSection":["Social"],"inLanguage":"ro-RO","potentialAction":[{"@type":"CommentAction","name":"Comment","target":["https:\/\/urbeamea.ro\/albaiulia\/trei-soferi-din-alba-sunt-cercetati-pentru-conducerea-unor-autovehicule-neinmatriculate\/#respond"]}]},{"@type":"WebPage","@id":"https:\/\/urbeamea.ro\/albaiulia\/trei-soferi-din-alba-sunt-cercetati-pentru-conducerea-unor-autovehicule-neinmatriculate\/","url":"https:\/\/urbeamea.ro\/albaiulia\/trei-soferi-din-alba-sunt-cercetati-pentru-conducerea-unor-autovehicule-neinmatriculate\/","name":"Trei \u0219oferi din Alba sunt cerceta\u021bi pentru conducerea unor autovehicule ne\u00eenmatriculate - Revista Urbea Mea - Revista de Alba","isPartOf":{"@id":"https:\/\/urbeamea.ro\/albaiulia\/#website"},"primaryImageOfPage":{"@id":"https:\/\/urbeamea.ro\/albaiulia\/trei-soferi-din-alba-sunt-cercetati-pentru-conducerea-unor-autovehicule-neinmatriculate\/#primaryimage"},"image":{"@id":"https:\/\/urbeamea.ro\/albaiulia\/trei-soferi-din-alba-sunt-cercetati-pentru-conducerea-unor-autovehicule-neinmatriculate\/#primaryimage"},"thumbnailUrl":"https:\/\/urbeamea.ro\/albaiulia\/wp-content\/uploads\/2016\/11\/radar-politie.jpg","datePublished":"2016-11-10T08:52:59+00:00","author":{"@id":"https:\/\/urbeamea.ro\/albaiulia\/#\/schema\/person\/cfaa27fc3da4a9a2cf2fee3650afc5d0"},"description":"Trei \u0219oferi din Alba s-au ales cu dosare penale, dup\u0103 ce au fost prin\u0219i \u00een trafic, conduc\u00e2nd autovehicule ne\u00eenmatriculate sau cu permis de conducere","breadcrumb":{"@id":"https:\/\/urbeamea.ro\/albaiulia\/trei-soferi-din-alba-sunt-cercetati-pentru-conducerea-unor-autovehicule-neinmatriculate\/#breadcrumb"},"inLanguage":"ro-RO","potentialAction":[{"@type":"ReadAction","target":["https:\/\/urbeamea.ro\/albaiulia\/trei-soferi-din-alba-sunt-cercetati-pentru-conducerea-unor-autovehicule-neinmatriculate\/"]}]},{"@type":"ImageObject","inLanguage":"ro-RO","@id":"https:\/\/urbeamea.ro\/albaiulia\/trei-soferi-din-alba-sunt-cercetati-pentru-conducerea-unor-autovehicule-neinmatriculate\/#primaryimage","url":"https:\/\/urbeamea.ro\/albaiulia\/wp-content\/uploads\/2016\/11\/radar-politie.jpg","contentUrl":"https:\/\/urbeamea.ro\/albaiulia\/wp-content\/uploads\/2016\/11\/radar-politie.jpg","width":620,"height":348},{"@type":"BreadcrumbList","@id":"https:\/\/urbeamea.ro\/albaiulia\/trei-soferi-din-alba-sunt-cercetati-pentru-conducerea-unor-autovehicule-neinmatriculate\/#breadcrumb","itemListElement":[{"@type":"ListItem","position":1,"name":"Prima pagin\u0103","item":"https:\/\/urbeamea.ro\/albaiulia\/"},{"@type":"ListItem","position":2,"name":"Trei \u0219oferi din Alba sunt cerceta\u021bi pentru conducerea unor autovehicule ne\u00eenmatriculate"}]},{"@type":"WebSite","@id":"https:\/\/urbeamea.ro\/albaiulia\/#website","url":"https:\/\/urbeamea.ro\/albaiulia\/","name":"Revista Urbea Mea, Stiri urbane","description":"Evenimente \u0219i \u0219tiri din Alba Iulia, Sebe\u0219, Aiud, Blaj","potentialAction":[{"@type":"SearchAction","target":{"@type":"EntryPoint","urlTemplate":"https:\/\/urbeamea.ro\/albaiulia\/?s={search_term_string}"},"query-input":{"@type":"PropertyValueSpecification","valueRequired":true,"valueName":"search_term_string"}}],"inLanguage":"ro-RO"},{"@type":"Person","@id":"https:\/\/urbeamea.ro\/albaiulia\/#\/schema\/person\/cfaa27fc3da4a9a2cf2fee3650afc5d0","name":"Adriana Avram","image":{"@type":"ImageObject","inLanguage":"ro-RO","@id":"https:\/\/secure.gravatar.com\/avatar\/3cc61eb1584088e0099c1763903a6421c5ce6cdf45fc2d424046dc621efc21f9?s=96&d=mm&r=g","url":"https:\/\/secure.gravatar.com\/avatar\/3cc61eb1584088e0099c1763903a6421c5ce6cdf45fc2d424046dc621efc21f9?s=96&d=mm&r=g","contentUrl":"https:\/\/secure.gravatar.com\/avatar\/3cc61eb1584088e0099c1763903a6421c5ce6cdf45fc2d424046dc621efc21f9?s=96&d=mm&r=g","caption":"Adriana Avram"},"description":"Jurnalist","sameAs":["https:\/\/www.facebook.com\/avram.adriana.7?fref=ts"],"url":"https:\/\/urbeamea.ro\/albaiulia\/author\/adriana-avram\/"}]}},"_links":{"self":[{"href":"https:\/\/urbeamea.ro\/albaiulia\/wp-json\/wp\/v2\/posts\/34709","targetHints":{"allow":["GET"]}}],"collection":[{"href":"https:\/\/urbeamea.ro\/albaiulia\/wp-json\/wp\/v2\/posts"}],"about":[{"href":"https:\/\/urbeamea.ro\/albaiulia\/wp-json\/wp\/v2\/types\/post"}],"author":[{"embeddable":true,"href":"https:\/\/urbeamea.ro\/albaiulia\/wp-json\/wp\/v2\/users\/20"}],"replies":[{"embeddable":true,"href":"https:\/\/urbeamea.ro\/albaiulia\/wp-json\/wp\/v2\/comments?post=34709"}],"version-history":[{"count":0,"href":"https:\/\/urbeamea.ro\/albaiulia\/wp-json\/wp\/v2\/posts\/34709\/revisions"}],"wp:featuredmedia":[{"embeddable":true,"href":"https:\/\/urbeamea.ro\/albaiulia\/wp-json\/wp\/v2\/media\/34651"}],"wp:attachment":[{"href":"https:\/\/urbeamea.ro\/albaiulia\/wp-json\/wp\/v2\/media?parent=34709"}],"wp:term":[{"taxonomy":"category","embeddable":true,"href":"https:\/\/urbeamea.ro\/albaiulia\/wp-json\/wp\/v2\/categories?post=34709"},{"taxonomy":"post_tag","embeddable":true,"href":"https:\/\/urbeamea.ro\/albaiulia\/wp-json\/wp\/v2\/tags?post=34709"}],"curies":[{"name":"wp","href":"https:\/\/api.w.org\/{rel}","templated":true}]}}