{"id":34711,"date":"2016-11-10T12:12:22","date_gmt":"2016-11-10T10:12:22","guid":{"rendered":"http:\/\/urbeamea.ro\/albaiulia\/?p=34711"},"modified":"2016-11-10T12:12:22","modified_gmt":"2016-11-10T10:12:22","slug":"rodica-andronescu-preia-pentru-a-doua-oara-functia-de-inspector-scolar-general-adjunct-la-isj-alba","status":"publish","type":"post","link":"https:\/\/urbeamea.ro\/albaiulia\/rodica-andronescu-preia-pentru-a-doua-oara-functia-de-inspector-scolar-general-adjunct-la-isj-alba\/","title":{"rendered":"Rodica Andronescu preia pentru a doua oar\u0103 func\u021bia de inspector \u015fcolar general adjunct la I\u015eJ Alba"},"content":{"rendered":"<p><strong><img loading=\"lazy\" decoding=\"async\" class=\"size-medium wp-image-34712 alignleft\" src=\"http:\/\/urbeamea.ro\/albaiulia\/wp-content\/uploads\/2016\/11\/rodica-andronescu-300x169.jpg\" alt=\"rodica-andronescu\" width=\"300\" height=\"169\" \/>Rodica Andronescu preia pentru a doua oar\u0103\u00a0func\u021bia de inspector \u0219colar general adjunct la I\u015eJ Alba.<br \/>\n<\/strong><\/p>\n<p>Rodica Andronescu este profesoar\u0103 de francez\u0103 la Colegiul Na\u0163ional \u201eHorea, Clo\u015fca \u015fi Cri\u015fan\u201d, consilier local al municipiului Alba Iulia \u0219i pre\u0219edinte unic al\u00a0Organiza\u021biei Femeilor Liberale Alba.<\/p>\n<p>Profesoara Rodica Andronescu a mai de\u021binut aceast\u0103 func\u021bie \u00een perioada septembrie 2010 \u2013 decembrie 2011. Atunci a fost numit\u0103 director al Agen\u021biei Na\u021bionale pentru Ocupare For\u021bei de Munc\u0103, dup\u0103 ce c\u00e2\u021biva ani lucrase \u0219i ca inspector \u0219colar.<\/p>\n<p>LA I\u015eJ Alba, Rodica Andronescu va face echip\u0103 cu Marcel Stan, cel\u0103lalt inspector \u015fcolar general adjunct \u015fi cu Marcela D\u0103r\u0103mu\u015f, \u015feful I\u015eJ Alba.<\/p>\n","protected":false},"excerpt":{"rendered":"<p>Rodica Andronescu preia pentru a doua oar\u0103\u00a0func\u021bia de inspector \u0219colar general adjunct la I\u015eJ Alba. Rodica Andronescu este profesoar\u0103 de francez\u0103 la Colegiul Na\u0163ional \u201eHorea, Clo\u015fca \u015fi Cri\u015fan\u201d, consilier local al municipiului Alba Iulia \u0219i pre\u0219edinte unic al\u00a0Organiza\u021biei Femeilor Liberale Alba. Profesoara Rodica Andronescu a mai de\u021binut aceast\u0103 func\u021bie \u00een perioada septembrie 2010 \u2013 decembrie &hellip;<\/p>\n","protected":false},"author":17,"featured_media":34712,"comment_status":"open","ping_status":"open","sticky":false,"template":"","format":"standard","meta":{"inline_featured_image":false,"footnotes":""},"categories":[1],"tags":[31,2355,8496,798,8322,1550,8495,308,76],"class_list":["post-34711","post","type-post","status-publish","format-standard","has-post-thumbnail","hentry","category-stiri-urbane","tag-alba-iulia","tag-functie","tag-inspector-scolar-general-adjunct","tag-isj-alba","tag-marcel-stan","tag-marcela-daramus","tag-rodica-andronescu","tag-stiri","tag-urbea-mea"],"yoast_head":"<!-- This site is optimized with the Yoast SEO plugin v28.3 - https:\/\/yoast.com\/product\/yoast-seo-wordpress\/ -->\n<title>Rodica Andronescu preia pentru a doua oar\u0103 func\u021bia de inspector \u015fcolar general adjunct la I\u015eJ Alba - Revista Urbea Mea - Revista de Alba<\/title>\n<meta name=\"description\" content=\"Rodica Andronescu preia pentru a doua oar\u0103\u00a0func\u021bia de inspector \u0219colar general adjunct la I\u015eJ Alba. Rodica Andronescu este profesoar\u0103 de francez\u0103 la\" \/>\n<meta name=\"robots\" content=\"index, follow, max-snippet:-1, max-image-preview:large, max-video-preview:-1\" \/>\n<link rel=\"canonical\" href=\"https:\/\/urbeamea.ro\/albaiulia\/rodica-andronescu-preia-pentru-a-doua-oara-functia-de-inspector-scolar-general-adjunct-la-isj-alba\/\" \/>\n<meta name=\"twitter:card\" content=\"summary_large_image\" \/>\n<meta name=\"twitter:title\" content=\"Rodica Andronescu preia pentru a doua oar\u0103 func\u021bia de inspector \u015fcolar general adjunct la I\u015eJ Alba - Revista Urbea Mea - Revista de Alba\" \/>\n<meta name=\"twitter:description\" content=\"Rodica Andronescu preia pentru a doua oar\u0103\u00a0func\u021bia de inspector \u0219colar general adjunct la I\u015eJ Alba. Rodica Andronescu este profesoar\u0103 de francez\u0103 la\" \/>\n<meta name=\"twitter:image\" content=\"https:\/\/urbeamea.ro\/albaiulia\/wp-content\/uploads\/2016\/11\/rodica-andronescu.jpg\" \/>\n<meta name=\"twitter:creator\" content=\"@urbeameaweb\" \/>\n<meta name=\"twitter:site\" content=\"@urbeameaweb\" \/>\n<script type=\"application\/ld+json\" class=\"yoast-schema-graph\">{\"@context\":\"https:\\\/\\\/schema.org\",\"@graph\":[{\"@type\":\"Article\",\"@id\":\"https:\\\/\\\/urbeamea.ro\\\/albaiulia\\\/rodica-andronescu-preia-pentru-a-doua-oara-functia-de-inspector-scolar-general-adjunct-la-isj-alba\\\/#article\",\"isPartOf\":{\"@id\":\"https:\\\/\\\/urbeamea.ro\\\/albaiulia\\\/rodica-andronescu-preia-pentru-a-doua-oara-functia-de-inspector-scolar-general-adjunct-la-isj-alba\\\/\"},\"author\":{\"name\":\"Cristina Ganga\",\"@id\":\"https:\\\/\\\/urbeamea.ro\\\/albaiulia\\\/#\\\/schema\\\/person\\\/9700d21fae21c4f038b0b56f4506264a\"},\"headline\":\"Rodica Andronescu preia pentru a doua oar\u0103 func\u021bia de inspector \u015fcolar general adjunct la I\u015eJ Alba\",\"datePublished\":\"2016-11-10T10:12:22+00:00\",\"mainEntityOfPage\":{\"@id\":\"https:\\\/\\\/urbeamea.ro\\\/albaiulia\\\/rodica-andronescu-preia-pentru-a-doua-oara-functia-de-inspector-scolar-general-adjunct-la-isj-alba\\\/\"},\"wordCount\":136,\"commentCount\":0,\"image\":{\"@id\":\"https:\\\/\\\/urbeamea.ro\\\/albaiulia\\\/rodica-andronescu-preia-pentru-a-doua-oara-functia-de-inspector-scolar-general-adjunct-la-isj-alba\\\/#primaryimage\"},\"thumbnailUrl\":\"https:\\\/\\\/urbeamea.ro\\\/albaiulia\\\/wp-content\\\/uploads\\\/2016\\\/11\\\/rodica-andronescu.jpg\",\"keywords\":[\"Alba Iulia\",\"functie\",\"inspector scolar general adjunct\",\"ISJ Alba\",\"Marcel Stan\",\"marcela daramus\",\"rodica andronescu\",\"stiri\",\"Urbea Mea\"],\"articleSection\":[\"\u015etiri Urbane\"],\"inLanguage\":\"ro-RO\",\"potentialAction\":[{\"@type\":\"CommentAction\",\"name\":\"Comment\",\"target\":[\"https:\\\/\\\/urbeamea.ro\\\/albaiulia\\\/rodica-andronescu-preia-pentru-a-doua-oara-functia-de-inspector-scolar-general-adjunct-la-isj-alba\\\/#respond\"]}]},{\"@type\":\"WebPage\",\"@id\":\"https:\\\/\\\/urbeamea.ro\\\/albaiulia\\\/rodica-andronescu-preia-pentru-a-doua-oara-functia-de-inspector-scolar-general-adjunct-la-isj-alba\\\/\",\"url\":\"https:\\\/\\\/urbeamea.ro\\\/albaiulia\\\/rodica-andronescu-preia-pentru-a-doua-oara-functia-de-inspector-scolar-general-adjunct-la-isj-alba\\\/\",\"name\":\"Rodica Andronescu preia pentru a doua oar\u0103 func\u021bia de inspector \u015fcolar general adjunct la I\u015eJ Alba - Revista Urbea Mea - Revista de Alba\",\"isPartOf\":{\"@id\":\"https:\\\/\\\/urbeamea.ro\\\/albaiulia\\\/#website\"},\"primaryImageOfPage\":{\"@id\":\"https:\\\/\\\/urbeamea.ro\\\/albaiulia\\\/rodica-andronescu-preia-pentru-a-doua-oara-functia-de-inspector-scolar-general-adjunct-la-isj-alba\\\/#primaryimage\"},\"image\":{\"@id\":\"https:\\\/\\\/urbeamea.ro\\\/albaiulia\\\/rodica-andronescu-preia-pentru-a-doua-oara-functia-de-inspector-scolar-general-adjunct-la-isj-alba\\\/#primaryimage\"},\"thumbnailUrl\":\"https:\\\/\\\/urbeamea.ro\\\/albaiulia\\\/wp-content\\\/uploads\\\/2016\\\/11\\\/rodica-andronescu.jpg\",\"datePublished\":\"2016-11-10T10:12:22+00:00\",\"author\":{\"@id\":\"https:\\\/\\\/urbeamea.ro\\\/albaiulia\\\/#\\\/schema\\\/person\\\/9700d21fae21c4f038b0b56f4506264a\"},\"description\":\"Rodica Andronescu preia pentru a doua oar\u0103\u00a0func\u021bia de inspector \u0219colar general adjunct la I\u015eJ Alba. Rodica Andronescu este profesoar\u0103 de francez\u0103 la\",\"breadcrumb\":{\"@id\":\"https:\\\/\\\/urbeamea.ro\\\/albaiulia\\\/rodica-andronescu-preia-pentru-a-doua-oara-functia-de-inspector-scolar-general-adjunct-la-isj-alba\\\/#breadcrumb\"},\"inLanguage\":\"ro-RO\",\"potentialAction\":[{\"@type\":\"ReadAction\",\"target\":[\"https:\\\/\\\/urbeamea.ro\\\/albaiulia\\\/rodica-andronescu-preia-pentru-a-doua-oara-functia-de-inspector-scolar-general-adjunct-la-isj-alba\\\/\"]}]},{\"@type\":\"ImageObject\",\"inLanguage\":\"ro-RO\",\"@id\":\"https:\\\/\\\/urbeamea.ro\\\/albaiulia\\\/rodica-andronescu-preia-pentru-a-doua-oara-functia-de-inspector-scolar-general-adjunct-la-isj-alba\\\/#primaryimage\",\"url\":\"https:\\\/\\\/urbeamea.ro\\\/albaiulia\\\/wp-content\\\/uploads\\\/2016\\\/11\\\/rodica-andronescu.jpg\",\"contentUrl\":\"https:\\\/\\\/urbeamea.ro\\\/albaiulia\\\/wp-content\\\/uploads\\\/2016\\\/11\\\/rodica-andronescu.jpg\",\"width\":1280,\"height\":720},{\"@type\":\"BreadcrumbList\",\"@id\":\"https:\\\/\\\/urbeamea.ro\\\/albaiulia\\\/rodica-andronescu-preia-pentru-a-doua-oara-functia-de-inspector-scolar-general-adjunct-la-isj-alba\\\/#breadcrumb\",\"itemListElement\":[{\"@type\":\"ListItem\",\"position\":1,\"name\":\"Prima pagin\u0103\",\"item\":\"https:\\\/\\\/urbeamea.ro\\\/albaiulia\\\/\"},{\"@type\":\"ListItem\",\"position\":2,\"name\":\"Rodica Andronescu preia pentru a doua oar\u0103 func\u021bia de inspector \u015fcolar general adjunct la I\u015eJ Alba\"}]},{\"@type\":\"WebSite\",\"@id\":\"https:\\\/\\\/urbeamea.ro\\\/albaiulia\\\/#website\",\"url\":\"https:\\\/\\\/urbeamea.ro\\\/albaiulia\\\/\",\"name\":\"Revista Urbea Mea, Stiri urbane\",\"description\":\"Evenimente \u0219i \u0219tiri din Alba Iulia, Sebe\u0219, Aiud, Blaj\",\"potentialAction\":[{\"@type\":\"SearchAction\",\"target\":{\"@type\":\"EntryPoint\",\"urlTemplate\":\"https:\\\/\\\/urbeamea.ro\\\/albaiulia\\\/?s={search_term_string}\"},\"query-input\":{\"@type\":\"PropertyValueSpecification\",\"valueRequired\":true,\"valueName\":\"search_term_string\"}}],\"inLanguage\":\"ro-RO\"},{\"@type\":\"Person\",\"@id\":\"https:\\\/\\\/urbeamea.ro\\\/albaiulia\\\/#\\\/schema\\\/person\\\/9700d21fae21c4f038b0b56f4506264a\",\"name\":\"Cristina Ganga\",\"image\":{\"@type\":\"ImageObject\",\"inLanguage\":\"ro-RO\",\"@id\":\"https:\\\/\\\/secure.gravatar.com\\\/avatar\\\/5a67661041f057b4a8ccaf26f5a8e86e2689372006d01faf3dd9eeb10b654bb4?s=96&d=mm&r=g\",\"url\":\"https:\\\/\\\/secure.gravatar.com\\\/avatar\\\/5a67661041f057b4a8ccaf26f5a8e86e2689372006d01faf3dd9eeb10b654bb4?s=96&d=mm&r=g\",\"contentUrl\":\"https:\\\/\\\/secure.gravatar.com\\\/avatar\\\/5a67661041f057b4a8ccaf26f5a8e86e2689372006d01faf3dd9eeb10b654bb4?s=96&d=mm&r=g\",\"caption\":\"Cristina Ganga\"},\"description\":\"Jurnalist\",\"sameAs\":[\"https:\\\/\\\/www.facebook.com\\\/cristina.nicola.587\"],\"url\":\"https:\\\/\\\/urbeamea.ro\\\/albaiulia\\\/author\\\/cristina-nicola\\\/\"}]}<\/script>\n<!-- \/ Yoast SEO plugin. -->","yoast_head_json":{"title":"Rodica Andronescu preia pentru a doua oar\u0103 func\u021bia de inspector \u015fcolar general adjunct la I\u015eJ Alba - Revista Urbea Mea - Revista de Alba","description":"Rodica Andronescu preia pentru a doua oar\u0103\u00a0func\u021bia de inspector \u0219colar general adjunct la I\u015eJ Alba. Rodica Andronescu este profesoar\u0103 de francez\u0103 la","robots":{"index":"index","follow":"follow","max-snippet":"max-snippet:-1","max-image-preview":"max-image-preview:large","max-video-preview":"max-video-preview:-1"},"canonical":"https:\/\/urbeamea.ro\/albaiulia\/rodica-andronescu-preia-pentru-a-doua-oara-functia-de-inspector-scolar-general-adjunct-la-isj-alba\/","twitter_card":"summary_large_image","twitter_title":"Rodica Andronescu preia pentru a doua oar\u0103 func\u021bia de inspector \u015fcolar general adjunct la I\u015eJ Alba - Revista Urbea Mea - Revista de Alba","twitter_description":"Rodica Andronescu preia pentru a doua oar\u0103\u00a0func\u021bia de inspector \u0219colar general adjunct la I\u015eJ Alba. Rodica Andronescu este profesoar\u0103 de francez\u0103 la","twitter_image":"https:\/\/urbeamea.ro\/albaiulia\/wp-content\/uploads\/2016\/11\/rodica-andronescu.jpg","twitter_creator":"@urbeameaweb","twitter_site":"@urbeameaweb","schema":{"@context":"https:\/\/schema.org","@graph":[{"@type":"Article","@id":"https:\/\/urbeamea.ro\/albaiulia\/rodica-andronescu-preia-pentru-a-doua-oara-functia-de-inspector-scolar-general-adjunct-la-isj-alba\/#article","isPartOf":{"@id":"https:\/\/urbeamea.ro\/albaiulia\/rodica-andronescu-preia-pentru-a-doua-oara-functia-de-inspector-scolar-general-adjunct-la-isj-alba\/"},"author":{"name":"Cristina Ganga","@id":"https:\/\/urbeamea.ro\/albaiulia\/#\/schema\/person\/9700d21fae21c4f038b0b56f4506264a"},"headline":"Rodica Andronescu preia pentru a doua oar\u0103 func\u021bia de inspector \u015fcolar general adjunct la I\u015eJ Alba","datePublished":"2016-11-10T10:12:22+00:00","mainEntityOfPage":{"@id":"https:\/\/urbeamea.ro\/albaiulia\/rodica-andronescu-preia-pentru-a-doua-oara-functia-de-inspector-scolar-general-adjunct-la-isj-alba\/"},"wordCount":136,"commentCount":0,"image":{"@id":"https:\/\/urbeamea.ro\/albaiulia\/rodica-andronescu-preia-pentru-a-doua-oara-functia-de-inspector-scolar-general-adjunct-la-isj-alba\/#primaryimage"},"thumbnailUrl":"https:\/\/urbeamea.ro\/albaiulia\/wp-content\/uploads\/2016\/11\/rodica-andronescu.jpg","keywords":["Alba Iulia","functie","inspector scolar general adjunct","ISJ Alba","Marcel Stan","marcela daramus","rodica andronescu","stiri","Urbea Mea"],"articleSection":["\u015etiri Urbane"],"inLanguage":"ro-RO","potentialAction":[{"@type":"CommentAction","name":"Comment","target":["https:\/\/urbeamea.ro\/albaiulia\/rodica-andronescu-preia-pentru-a-doua-oara-functia-de-inspector-scolar-general-adjunct-la-isj-alba\/#respond"]}]},{"@type":"WebPage","@id":"https:\/\/urbeamea.ro\/albaiulia\/rodica-andronescu-preia-pentru-a-doua-oara-functia-de-inspector-scolar-general-adjunct-la-isj-alba\/","url":"https:\/\/urbeamea.ro\/albaiulia\/rodica-andronescu-preia-pentru-a-doua-oara-functia-de-inspector-scolar-general-adjunct-la-isj-alba\/","name":"Rodica Andronescu preia pentru a doua oar\u0103 func\u021bia de inspector \u015fcolar general adjunct la I\u015eJ Alba - Revista Urbea Mea - Revista de Alba","isPartOf":{"@id":"https:\/\/urbeamea.ro\/albaiulia\/#website"},"primaryImageOfPage":{"@id":"https:\/\/urbeamea.ro\/albaiulia\/rodica-andronescu-preia-pentru-a-doua-oara-functia-de-inspector-scolar-general-adjunct-la-isj-alba\/#primaryimage"},"image":{"@id":"https:\/\/urbeamea.ro\/albaiulia\/rodica-andronescu-preia-pentru-a-doua-oara-functia-de-inspector-scolar-general-adjunct-la-isj-alba\/#primaryimage"},"thumbnailUrl":"https:\/\/urbeamea.ro\/albaiulia\/wp-content\/uploads\/2016\/11\/rodica-andronescu.jpg","datePublished":"2016-11-10T10:12:22+00:00","author":{"@id":"https:\/\/urbeamea.ro\/albaiulia\/#\/schema\/person\/9700d21fae21c4f038b0b56f4506264a"},"description":"Rodica Andronescu preia pentru a doua oar\u0103\u00a0func\u021bia de inspector \u0219colar general adjunct la I\u015eJ Alba. Rodica Andronescu este profesoar\u0103 de francez\u0103 la","breadcrumb":{"@id":"https:\/\/urbeamea.ro\/albaiulia\/rodica-andronescu-preia-pentru-a-doua-oara-functia-de-inspector-scolar-general-adjunct-la-isj-alba\/#breadcrumb"},"inLanguage":"ro-RO","potentialAction":[{"@type":"ReadAction","target":["https:\/\/urbeamea.ro\/albaiulia\/rodica-andronescu-preia-pentru-a-doua-oara-functia-de-inspector-scolar-general-adjunct-la-isj-alba\/"]}]},{"@type":"ImageObject","inLanguage":"ro-RO","@id":"https:\/\/urbeamea.ro\/albaiulia\/rodica-andronescu-preia-pentru-a-doua-oara-functia-de-inspector-scolar-general-adjunct-la-isj-alba\/#primaryimage","url":"https:\/\/urbeamea.ro\/albaiulia\/wp-content\/uploads\/2016\/11\/rodica-andronescu.jpg","contentUrl":"https:\/\/urbeamea.ro\/albaiulia\/wp-content\/uploads\/2016\/11\/rodica-andronescu.jpg","width":1280,"height":720},{"@type":"BreadcrumbList","@id":"https:\/\/urbeamea.ro\/albaiulia\/rodica-andronescu-preia-pentru-a-doua-oara-functia-de-inspector-scolar-general-adjunct-la-isj-alba\/#breadcrumb","itemListElement":[{"@type":"ListItem","position":1,"name":"Prima pagin\u0103","item":"https:\/\/urbeamea.ro\/albaiulia\/"},{"@type":"ListItem","position":2,"name":"Rodica Andronescu preia pentru a doua oar\u0103 func\u021bia de inspector \u015fcolar general adjunct la I\u015eJ Alba"}]},{"@type":"WebSite","@id":"https:\/\/urbeamea.ro\/albaiulia\/#website","url":"https:\/\/urbeamea.ro\/albaiulia\/","name":"Revista Urbea Mea, Stiri urbane","description":"Evenimente \u0219i \u0219tiri din Alba Iulia, Sebe\u0219, Aiud, Blaj","potentialAction":[{"@type":"SearchAction","target":{"@type":"EntryPoint","urlTemplate":"https:\/\/urbeamea.ro\/albaiulia\/?s={search_term_string}"},"query-input":{"@type":"PropertyValueSpecification","valueRequired":true,"valueName":"search_term_string"}}],"inLanguage":"ro-RO"},{"@type":"Person","@id":"https:\/\/urbeamea.ro\/albaiulia\/#\/schema\/person\/9700d21fae21c4f038b0b56f4506264a","name":"Cristina Ganga","image":{"@type":"ImageObject","inLanguage":"ro-RO","@id":"https:\/\/secure.gravatar.com\/avatar\/5a67661041f057b4a8ccaf26f5a8e86e2689372006d01faf3dd9eeb10b654bb4?s=96&d=mm&r=g","url":"https:\/\/secure.gravatar.com\/avatar\/5a67661041f057b4a8ccaf26f5a8e86e2689372006d01faf3dd9eeb10b654bb4?s=96&d=mm&r=g","contentUrl":"https:\/\/secure.gravatar.com\/avatar\/5a67661041f057b4a8ccaf26f5a8e86e2689372006d01faf3dd9eeb10b654bb4?s=96&d=mm&r=g","caption":"Cristina Ganga"},"description":"Jurnalist","sameAs":["https:\/\/www.facebook.com\/cristina.nicola.587"],"url":"https:\/\/urbeamea.ro\/albaiulia\/author\/cristina-nicola\/"}]}},"_links":{"self":[{"href":"https:\/\/urbeamea.ro\/albaiulia\/wp-json\/wp\/v2\/posts\/34711","targetHints":{"allow":["GET"]}}],"collection":[{"href":"https:\/\/urbeamea.ro\/albaiulia\/wp-json\/wp\/v2\/posts"}],"about":[{"href":"https:\/\/urbeamea.ro\/albaiulia\/wp-json\/wp\/v2\/types\/post"}],"author":[{"embeddable":true,"href":"https:\/\/urbeamea.ro\/albaiulia\/wp-json\/wp\/v2\/users\/17"}],"replies":[{"embeddable":true,"href":"https:\/\/urbeamea.ro\/albaiulia\/wp-json\/wp\/v2\/comments?post=34711"}],"version-history":[{"count":0,"href":"https:\/\/urbeamea.ro\/albaiulia\/wp-json\/wp\/v2\/posts\/34711\/revisions"}],"wp:featuredmedia":[{"embeddable":true,"href":"https:\/\/urbeamea.ro\/albaiulia\/wp-json\/wp\/v2\/media\/34712"}],"wp:attachment":[{"href":"https:\/\/urbeamea.ro\/albaiulia\/wp-json\/wp\/v2\/media?parent=34711"}],"wp:term":[{"taxonomy":"category","embeddable":true,"href":"https:\/\/urbeamea.ro\/albaiulia\/wp-json\/wp\/v2\/categories?post=34711"},{"taxonomy":"post_tag","embeddable":true,"href":"https:\/\/urbeamea.ro\/albaiulia\/wp-json\/wp\/v2\/tags?post=34711"}],"curies":[{"name":"wp","href":"https:\/\/api.w.org\/{rel}","templated":true}]}}