{"id":34770,"date":"2016-11-11T15:25:06","date_gmt":"2016-11-11T13:25:06","guid":{"rendered":"http:\/\/urbeamea.ro\/albaiulia\/?p=34770"},"modified":"2016-11-11T15:25:06","modified_gmt":"2016-11-11T13:25:06","slug":"adr-centru-trei-conferinte-vreau-sa-fiu-antreprenor-in-regiunea-centru","status":"publish","type":"post","link":"https:\/\/urbeamea.ro\/albaiulia\/adr-centru-trei-conferinte-vreau-sa-fiu-antreprenor-in-regiunea-centru\/","title":{"rendered":"ADR Centru: Trei conferin\u021be \u201eVreau s\u0103 fiu antreprenor\u201d, \u00een Regiunea Centru"},"content":{"rendered":"<p align=\"JUSTIFY\"><strong><span lang=\"ro-RO\"><img loading=\"lazy\" decoding=\"async\" class=\"size-medium wp-image-34771 alignleft\" src=\"http:\/\/urbeamea.ro\/albaiulia\/wp-content\/uploads\/2016\/11\/14881711_1137617222942553_1566942289_o-300x169.jpg\" alt=\"14881711_1137617222942553_1566942289_o\" width=\"300\" height=\"169\" \/>Agen\u021bia pentru Dezvoltare Regional\u0103 Centru, prin Centrul de Informare Europe Direct Regiunea Centru \u0219i Funda\u021bia Romanian Business Leaders, organizeaz\u0103, \u00een perioada noiembrie \u2013 decembrie, alte trei conferin\u0163e\u00a0\u201eVreau s\u0103 fiu antreprenor\u201d. Desf\u0103\u015furate cu sprijinul mediului universitar, al \u0219colilor \u0219i al autorit\u0103\u021bilor publice locale, evenimentele se adreseaz\u0103 tinerilor care vor s\u0103 afle mai multe despre antreprenoriat \u0219i s\u0103 ia \u00een considerare aceasta alternativ\u0103 pentru viitorul lor.<br \/>\n<\/span><\/strong><\/p>\n<p align=\"JUSTIFY\"><span lang=\"ro-RO\"><em>\u201eTe a\u0219tept\u0103m la Sf\u00e2ntu Gheorghe, T\u00e2rgu Mure\u0219 sau la Miercurea Ciuc dac\u0103 vrei s\u0103 \u0219tii cum s\u0103-\u021bi faci propria afacere. A fi antreprenor este ca o poveste frumoas\u0103 care nu poate fi tr\u0103it\u0103 de to\u021bi. Trebuie s\u0103 ai &lt;acel ceva&gt; pentru a-\u021bi scrie visurile pe o foaie \u0219i s\u0103 le transformi \u00een realitate, o realitate care prin mult\u0103 munc\u0103 \u0219i timp devine o poveste frumoas\u0103\u201d<\/em>, transmit reprezentan\u021bii ADR.<br \/>\n<\/span><\/p>\n<p align=\"JUSTIFY\"><span lang=\"ro-RO\">Timp de dou\u0103 ore, circa 150 de tineri particip\u0103 la un eveniment deschis care nu utilizeaz\u0103 suport scris \u0219i nici prezent\u0103ri power point, eveniment \u00een care antreprenorii au ocazia s\u0103 interac\u021bioneze direct cu tinerii, s\u0103-\u0219i povesteasc\u0103 provoc\u0103rile prin care au trecut \u00een dezvoltarea afacerii \u0219i totodat\u0103 s\u0103 stea la dispozi\u021bia tinerilor pentru a le da sfaturi \u0219i a le asculta propriile idei de afaceri. Cum au \u00eenceput propria afacere, cum se dezvolt\u0103 o afacere, dar \u0219i cum au f\u0103cut fa\u021b\u0103 e\u0219ecurilor, sunt subiectele abordate \u00een evenimente de doi antreprenori de succes, de nivel local \u0219i na\u021bional, care vor sta apoi la dispozi\u021bia tinerilor pentru a le r\u0103spunde la \u00eentreb\u0103ri.<\/span><\/p>\n<p align=\"JUSTIFY\"><em>\u201e<\/em><span lang=\"ro-RO\"><em>Prin aceste evenimente dorim s\u0103 venim \u00een sprijinul tinerilor, s\u0103 le oferim informa\u021bii, s\u0103 demont\u0103m mituri despre termenul \u201dantreprenor\u201d \u0219i s\u0103 afle c\u0103 a fi antreprenor presupune risc, perseveren\u021b\u0103 \u0219i dorin\u021ba de a schimba ceva. Facem acest lucru prin exemplele concrete ale unor antreprenori de succes care vor vorbi elevilor despre cum, prin mult\u0103 munc\u0103 \u0219i f\u0103r\u0103 s\u0103 renun\u021bi, po\u021bi s\u0103 reu\u0219e\u0219ti s\u0103 ajungi un bun antreprenor. Consider\u0103m c\u0103 elevii \u0219i studen\u021bii reprezint\u0103 categoria de v\u00e2rsta optim\u0103 la care e bine s\u0103 cuno\u0219ti adev\u0103ratul sens al termenului \u201cantreprenor\u201d, o v\u00e2rst\u0103 la care \u00eencep s\u0103-\u0219i contureze o imagine despre ce doresc s\u0103 fac\u0103 pe plan profesional. \u0218i experien\u021ba celor 18 ani de pe care-i avem \u00een derularea de fonduri europene \u0219i sprijin pentru firme private, ne sus\u021bine \u00een a afirma c\u0103 antreprenoriatul este o art\u0103 pe care nu to\u021bi o pot face\u201d<\/em>, <\/span><span lang=\"ro-RO\">a declarat directorul general ADR Centru, Simon Cre\u021bu.<br \/>\n<\/span><\/p>\n<p align=\"JUSTIFY\"><strong>Loca\u021biile evenimentelor:<\/strong><\/p>\n<p>Sf\u00e2ntu Gheorghe \u2013 14 noiembrie \u2013 Amfiteatrul Extensiei Universitare Sf\u00e2ntu Gheorghe, Universitatea Babes Bolyai<\/p>\n<p>T\u00e2rgu Mure\u0219 \u2013 28 noiembrie \u2013 Sala de \u0218edin\u021be a Consiliului Jude\u021bean T\u00e2rgu Mure\u0219<\/p>\n<p>Miercurea Ciuc \u2013 5 decembrie \u2013 Aula Extensiei Universit\u0103\u021bii Sapientia<\/p>\n<div id='gallery-1' class='gallery galleryid-34770 gallery-columns-3 gallery-size-thumbnail'><figure class='gallery-item'>\n\t\t\t<div class='gallery-icon landscape'>\n\t\t\t\t<a href='https:\/\/urbeamea.ro\/albaiulia\/wp-content\/uploads\/2016\/11\/14881711_1137617222942553_1566942289_o.jpg'><img decoding=\"async\" width=\"150\" height=\"84\" src=\"data:image\/png;base64,iVBORw0KGgoAAAANSUhEUgAAAYYAAADcAQMAAABOLJSDAAAAA1BMVEUAAACnej3aAAAAAXRSTlMAQObYZgAAACJJREFUaIHtwTEBAAAAwqD1T20ND6AAAAAAAAAAAAAA4N8AKvgAAUFIrrEAAAAASUVORK5CYII=\" class=\"attachment-thumbnail size-thumbnail lazy-img\" alt=\"\" srcset=\"https:\/\/urbeamea.ro\/albaiulia\/wp-content\/uploads\/2016\/11\/14881711_1137617222942553_1566942289_o-150x84.jpg 150w, https:\/\/urbeamea.ro\/albaiulia\/wp-content\/uploads\/2016\/11\/14881711_1137617222942553_1566942289_o-640x360.jpg 640w, https:\/\/urbeamea.ro\/albaiulia\/wp-content\/uploads\/2016\/11\/14881711_1137617222942553_1566942289_o-768x432.jpg 768w, https:\/\/urbeamea.ro\/albaiulia\/wp-content\/uploads\/2016\/11\/14881711_1137617222942553_1566942289_o-1024x576.jpg 1024w, https:\/\/urbeamea.ro\/albaiulia\/wp-content\/uploads\/2016\/11\/14881711_1137617222942553_1566942289_o-819x452.jpg 819w, https:\/\/urbeamea.ro\/albaiulia\/wp-content\/uploads\/2016\/11\/14881711_1137617222942553_1566942289_o.jpg 1280w\" sizes=\"auto, (max-width: 150px) 100vw, 150px\" data-src=\"https:\/\/urbeamea.ro\/albaiulia\/wp-content\/uploads\/2016\/11\/14881711_1137617222942553_1566942289_o-150x84.jpg\" loading=\"lazy\" \/><\/a>\n\t\t\t<\/div><\/figure><figure class='gallery-item'>\n\t\t\t<div class='gallery-icon portrait'>\n\t\t\t\t<a href='https:\/\/urbeamea.ro\/albaiulia\/wp-content\/uploads\/2016\/11\/20161027_151601.jpg'><img decoding=\"async\" width=\"113\" height=\"150\" src=\"data:image\/png;base64,iVBORw0KGgoAAAANSUhEUgAAAYYAAADcAQMAAABOLJSDAAAAA1BMVEUAAACnej3aAAAAAXRSTlMAQObYZgAAACJJREFUaIHtwTEBAAAAwqD1T20ND6AAAAAAAAAAAAAA4N8AKvgAAUFIrrEAAAAASUVORK5CYII=\" class=\"attachment-thumbnail size-thumbnail lazy-img\" alt=\"\" srcset=\"https:\/\/urbeamea.ro\/albaiulia\/wp-content\/uploads\/2016\/11\/20161027_151601-113x150.jpg 113w, https:\/\/urbeamea.ro\/albaiulia\/wp-content\/uploads\/2016\/11\/20161027_151601-225x300.jpg 225w, https:\/\/urbeamea.ro\/albaiulia\/wp-content\/uploads\/2016\/11\/20161027_151601-768x1024.jpg 768w, https:\/\/urbeamea.ro\/albaiulia\/wp-content\/uploads\/2016\/11\/20161027_151601.jpg 960w\" sizes=\"auto, (max-width: 113px) 100vw, 113px\" data-src=\"https:\/\/urbeamea.ro\/albaiulia\/wp-content\/uploads\/2016\/11\/20161027_151601-113x150.jpg\" loading=\"lazy\" \/><\/a>\n\t\t\t<\/div><\/figure><figure class='gallery-item'>\n\t\t\t<div class='gallery-icon portrait'>\n\t\t\t\t<a href='https:\/\/urbeamea.ro\/albaiulia\/wp-content\/uploads\/2016\/11\/20161027_151811.jpg'><img decoding=\"async\" width=\"113\" height=\"150\" src=\"data:image\/png;base64,iVBORw0KGgoAAAANSUhEUgAAAYYAAADcAQMAAABOLJSDAAAAA1BMVEUAAACnej3aAAAAAXRSTlMAQObYZgAAACJJREFUaIHtwTEBAAAAwqD1T20ND6AAAAAAAAAAAAAA4N8AKvgAAUFIrrEAAAAASUVORK5CYII=\" class=\"attachment-thumbnail size-thumbnail lazy-img\" alt=\"\" srcset=\"https:\/\/urbeamea.ro\/albaiulia\/wp-content\/uploads\/2016\/11\/20161027_151811-113x150.jpg 113w, https:\/\/urbeamea.ro\/albaiulia\/wp-content\/uploads\/2016\/11\/20161027_151811-225x300.jpg 225w, https:\/\/urbeamea.ro\/albaiulia\/wp-content\/uploads\/2016\/11\/20161027_151811-768x1024.jpg 768w, https:\/\/urbeamea.ro\/albaiulia\/wp-content\/uploads\/2016\/11\/20161027_151811.jpg 960w\" sizes=\"auto, (max-width: 113px) 100vw, 113px\" data-src=\"https:\/\/urbeamea.ro\/albaiulia\/wp-content\/uploads\/2016\/11\/20161027_151811-113x150.jpg\" loading=\"lazy\" \/><\/a>\n\t\t\t<\/div><\/figure>\n\t\t<\/div>\n\n","protected":false},"excerpt":{"rendered":"<p>Agen\u021bia pentru Dezvoltare Regional\u0103 Centru, prin Centrul de Informare Europe Direct Regiunea Centru \u0219i Funda\u021bia Romanian Business Leaders, organizeaz\u0103, \u00een perioada noiembrie \u2013 decembrie, alte trei conferin\u0163e\u00a0\u201eVreau s\u0103 fiu antreprenor\u201d. Desf\u0103\u015furate cu sprijinul mediului universitar, al \u0219colilor \u0219i al autorit\u0103\u021bilor publice locale, evenimentele se adreseaz\u0103 tinerilor care vor s\u0103 afle mai multe despre antreprenoriat \u0219i &hellip;<\/p>\n","protected":false},"author":17,"featured_media":34771,"comment_status":"open","ping_status":"open","sticky":false,"template":"","format":"standard","meta":{"inline_featured_image":false,"footnotes":""},"categories":[2034],"tags":[343,307,8516,750,8517,308,76],"class_list":["post-34770","post","type-post","status-publish","format-standard","has-post-thumbnail","hentry","category-social","tag-adr-centru","tag-alba","tag-antreprenor","tag-conferinte","tag-mediu-universitar","tag-stiri","tag-urbea-mea"],"yoast_head":"<!-- This site is optimized with the Yoast SEO plugin v28.3 - https:\/\/yoast.com\/product\/yoast-seo-wordpress\/ -->\n<title>ADR Centru: Trei conferin\u021be \u201eVreau s\u0103 fiu antreprenor\u201d, \u00een Regiunea Centru - Revista Urbea Mea - Revista de Alba<\/title>\n<meta name=\"description\" content=\"Agen\u021bia pentru Dezvoltare Regional\u0103 Centru, prin Centrul de Informare Europe Direct Regiunea Centru \u0219i Funda\u021bia Romanian Business Leaders, organizeaz\u0103, \u00een\" \/>\n<meta name=\"robots\" content=\"index, follow, max-snippet:-1, max-image-preview:large, max-video-preview:-1\" \/>\n<link rel=\"canonical\" href=\"https:\/\/urbeamea.ro\/albaiulia\/adr-centru-trei-conferinte-vreau-sa-fiu-antreprenor-in-regiunea-centru\/\" \/>\n<meta name=\"twitter:card\" content=\"summary_large_image\" \/>\n<meta name=\"twitter:title\" content=\"ADR Centru: Trei conferin\u021be \u201eVreau s\u0103 fiu antreprenor\u201d, \u00een Regiunea Centru - Revista Urbea Mea - Revista de Alba\" \/>\n<meta name=\"twitter:description\" content=\"Agen\u021bia pentru Dezvoltare Regional\u0103 Centru, prin Centrul de Informare Europe Direct Regiunea Centru \u0219i Funda\u021bia Romanian Business Leaders, organizeaz\u0103, \u00een\" \/>\n<meta name=\"twitter:image\" content=\"https:\/\/urbeamea.ro\/albaiulia\/wp-content\/uploads\/2016\/11\/14881711_1137617222942553_1566942289_o.jpg\" \/>\n<meta name=\"twitter:creator\" content=\"@urbeameaweb\" \/>\n<meta name=\"twitter:site\" content=\"@urbeameaweb\" \/>\n<script type=\"application\/ld+json\" class=\"yoast-schema-graph\">{\"@context\":\"https:\\\/\\\/schema.org\",\"@graph\":[{\"@type\":\"Article\",\"@id\":\"https:\\\/\\\/urbeamea.ro\\\/albaiulia\\\/adr-centru-trei-conferinte-vreau-sa-fiu-antreprenor-in-regiunea-centru\\\/#article\",\"isPartOf\":{\"@id\":\"https:\\\/\\\/urbeamea.ro\\\/albaiulia\\\/adr-centru-trei-conferinte-vreau-sa-fiu-antreprenor-in-regiunea-centru\\\/\"},\"author\":{\"name\":\"Cristina Ganga\",\"@id\":\"https:\\\/\\\/urbeamea.ro\\\/albaiulia\\\/#\\\/schema\\\/person\\\/9700d21fae21c4f038b0b56f4506264a\"},\"headline\":\"ADR Centru: Trei conferin\u021be \u201eVreau s\u0103 fiu antreprenor\u201d, \u00een Regiunea Centru\",\"datePublished\":\"2016-11-11T13:25:06+00:00\",\"mainEntityOfPage\":{\"@id\":\"https:\\\/\\\/urbeamea.ro\\\/albaiulia\\\/adr-centru-trei-conferinte-vreau-sa-fiu-antreprenor-in-regiunea-centru\\\/\"},\"wordCount\":492,\"commentCount\":0,\"image\":{\"@id\":\"https:\\\/\\\/urbeamea.ro\\\/albaiulia\\\/adr-centru-trei-conferinte-vreau-sa-fiu-antreprenor-in-regiunea-centru\\\/#primaryimage\"},\"thumbnailUrl\":\"https:\\\/\\\/urbeamea.ro\\\/albaiulia\\\/wp-content\\\/uploads\\\/2016\\\/11\\\/14881711_1137617222942553_1566942289_o.jpg\",\"keywords\":[\"ADR Centru\",\"alba\",\"antreprenor\",\"conferinte\",\"mediu universitar\",\"stiri\",\"Urbea Mea\"],\"articleSection\":[\"Social\"],\"inLanguage\":\"ro-RO\",\"potentialAction\":[{\"@type\":\"CommentAction\",\"name\":\"Comment\",\"target\":[\"https:\\\/\\\/urbeamea.ro\\\/albaiulia\\\/adr-centru-trei-conferinte-vreau-sa-fiu-antreprenor-in-regiunea-centru\\\/#respond\"]}]},{\"@type\":\"WebPage\",\"@id\":\"https:\\\/\\\/urbeamea.ro\\\/albaiulia\\\/adr-centru-trei-conferinte-vreau-sa-fiu-antreprenor-in-regiunea-centru\\\/\",\"url\":\"https:\\\/\\\/urbeamea.ro\\\/albaiulia\\\/adr-centru-trei-conferinte-vreau-sa-fiu-antreprenor-in-regiunea-centru\\\/\",\"name\":\"ADR Centru: Trei conferin\u021be \u201eVreau s\u0103 fiu antreprenor\u201d, \u00een Regiunea Centru - Revista Urbea Mea - Revista de Alba\",\"isPartOf\":{\"@id\":\"https:\\\/\\\/urbeamea.ro\\\/albaiulia\\\/#website\"},\"primaryImageOfPage\":{\"@id\":\"https:\\\/\\\/urbeamea.ro\\\/albaiulia\\\/adr-centru-trei-conferinte-vreau-sa-fiu-antreprenor-in-regiunea-centru\\\/#primaryimage\"},\"image\":{\"@id\":\"https:\\\/\\\/urbeamea.ro\\\/albaiulia\\\/adr-centru-trei-conferinte-vreau-sa-fiu-antreprenor-in-regiunea-centru\\\/#primaryimage\"},\"thumbnailUrl\":\"https:\\\/\\\/urbeamea.ro\\\/albaiulia\\\/wp-content\\\/uploads\\\/2016\\\/11\\\/14881711_1137617222942553_1566942289_o.jpg\",\"datePublished\":\"2016-11-11T13:25:06+00:00\",\"author\":{\"@id\":\"https:\\\/\\\/urbeamea.ro\\\/albaiulia\\\/#\\\/schema\\\/person\\\/9700d21fae21c4f038b0b56f4506264a\"},\"description\":\"Agen\u021bia pentru Dezvoltare Regional\u0103 Centru, prin Centrul de Informare Europe Direct Regiunea Centru \u0219i Funda\u021bia Romanian Business Leaders, organizeaz\u0103, \u00een\",\"breadcrumb\":{\"@id\":\"https:\\\/\\\/urbeamea.ro\\\/albaiulia\\\/adr-centru-trei-conferinte-vreau-sa-fiu-antreprenor-in-regiunea-centru\\\/#breadcrumb\"},\"inLanguage\":\"ro-RO\",\"potentialAction\":[{\"@type\":\"ReadAction\",\"target\":[\"https:\\\/\\\/urbeamea.ro\\\/albaiulia\\\/adr-centru-trei-conferinte-vreau-sa-fiu-antreprenor-in-regiunea-centru\\\/\"]}]},{\"@type\":\"ImageObject\",\"inLanguage\":\"ro-RO\",\"@id\":\"https:\\\/\\\/urbeamea.ro\\\/albaiulia\\\/adr-centru-trei-conferinte-vreau-sa-fiu-antreprenor-in-regiunea-centru\\\/#primaryimage\",\"url\":\"https:\\\/\\\/urbeamea.ro\\\/albaiulia\\\/wp-content\\\/uploads\\\/2016\\\/11\\\/14881711_1137617222942553_1566942289_o.jpg\",\"contentUrl\":\"https:\\\/\\\/urbeamea.ro\\\/albaiulia\\\/wp-content\\\/uploads\\\/2016\\\/11\\\/14881711_1137617222942553_1566942289_o.jpg\",\"width\":1280,\"height\":720},{\"@type\":\"BreadcrumbList\",\"@id\":\"https:\\\/\\\/urbeamea.ro\\\/albaiulia\\\/adr-centru-trei-conferinte-vreau-sa-fiu-antreprenor-in-regiunea-centru\\\/#breadcrumb\",\"itemListElement\":[{\"@type\":\"ListItem\",\"position\":1,\"name\":\"Prima pagin\u0103\",\"item\":\"https:\\\/\\\/urbeamea.ro\\\/albaiulia\\\/\"},{\"@type\":\"ListItem\",\"position\":2,\"name\":\"ADR Centru: Trei conferin\u021be \u201eVreau s\u0103 fiu antreprenor\u201d, \u00een Regiunea Centru\"}]},{\"@type\":\"WebSite\",\"@id\":\"https:\\\/\\\/urbeamea.ro\\\/albaiulia\\\/#website\",\"url\":\"https:\\\/\\\/urbeamea.ro\\\/albaiulia\\\/\",\"name\":\"Revista Urbea Mea, Stiri urbane\",\"description\":\"Evenimente \u0219i \u0219tiri din Alba Iulia, Sebe\u0219, Aiud, Blaj\",\"potentialAction\":[{\"@type\":\"SearchAction\",\"target\":{\"@type\":\"EntryPoint\",\"urlTemplate\":\"https:\\\/\\\/urbeamea.ro\\\/albaiulia\\\/?s={search_term_string}\"},\"query-input\":{\"@type\":\"PropertyValueSpecification\",\"valueRequired\":true,\"valueName\":\"search_term_string\"}}],\"inLanguage\":\"ro-RO\"},{\"@type\":\"Person\",\"@id\":\"https:\\\/\\\/urbeamea.ro\\\/albaiulia\\\/#\\\/schema\\\/person\\\/9700d21fae21c4f038b0b56f4506264a\",\"name\":\"Cristina Ganga\",\"image\":{\"@type\":\"ImageObject\",\"inLanguage\":\"ro-RO\",\"@id\":\"https:\\\/\\\/secure.gravatar.com\\\/avatar\\\/5a67661041f057b4a8ccaf26f5a8e86e2689372006d01faf3dd9eeb10b654bb4?s=96&d=mm&r=g\",\"url\":\"https:\\\/\\\/secure.gravatar.com\\\/avatar\\\/5a67661041f057b4a8ccaf26f5a8e86e2689372006d01faf3dd9eeb10b654bb4?s=96&d=mm&r=g\",\"contentUrl\":\"https:\\\/\\\/secure.gravatar.com\\\/avatar\\\/5a67661041f057b4a8ccaf26f5a8e86e2689372006d01faf3dd9eeb10b654bb4?s=96&d=mm&r=g\",\"caption\":\"Cristina Ganga\"},\"description\":\"Jurnalist\",\"sameAs\":[\"https:\\\/\\\/www.facebook.com\\\/cristina.nicola.587\"],\"url\":\"https:\\\/\\\/urbeamea.ro\\\/albaiulia\\\/author\\\/cristina-nicola\\\/\"}]}<\/script>\n<!-- \/ Yoast SEO plugin. -->","yoast_head_json":{"title":"ADR Centru: Trei conferin\u021be \u201eVreau s\u0103 fiu antreprenor\u201d, \u00een Regiunea Centru - Revista Urbea Mea - Revista de Alba","description":"Agen\u021bia pentru Dezvoltare Regional\u0103 Centru, prin Centrul de Informare Europe Direct Regiunea Centru \u0219i Funda\u021bia Romanian Business Leaders, organizeaz\u0103, \u00een","robots":{"index":"index","follow":"follow","max-snippet":"max-snippet:-1","max-image-preview":"max-image-preview:large","max-video-preview":"max-video-preview:-1"},"canonical":"https:\/\/urbeamea.ro\/albaiulia\/adr-centru-trei-conferinte-vreau-sa-fiu-antreprenor-in-regiunea-centru\/","twitter_card":"summary_large_image","twitter_title":"ADR Centru: Trei conferin\u021be \u201eVreau s\u0103 fiu antreprenor\u201d, \u00een Regiunea Centru - Revista Urbea Mea - Revista de Alba","twitter_description":"Agen\u021bia pentru Dezvoltare Regional\u0103 Centru, prin Centrul de Informare Europe Direct Regiunea Centru \u0219i Funda\u021bia Romanian Business Leaders, organizeaz\u0103, \u00een","twitter_image":"https:\/\/urbeamea.ro\/albaiulia\/wp-content\/uploads\/2016\/11\/14881711_1137617222942553_1566942289_o.jpg","twitter_creator":"@urbeameaweb","twitter_site":"@urbeameaweb","schema":{"@context":"https:\/\/schema.org","@graph":[{"@type":"Article","@id":"https:\/\/urbeamea.ro\/albaiulia\/adr-centru-trei-conferinte-vreau-sa-fiu-antreprenor-in-regiunea-centru\/#article","isPartOf":{"@id":"https:\/\/urbeamea.ro\/albaiulia\/adr-centru-trei-conferinte-vreau-sa-fiu-antreprenor-in-regiunea-centru\/"},"author":{"name":"Cristina Ganga","@id":"https:\/\/urbeamea.ro\/albaiulia\/#\/schema\/person\/9700d21fae21c4f038b0b56f4506264a"},"headline":"ADR Centru: Trei conferin\u021be \u201eVreau s\u0103 fiu antreprenor\u201d, \u00een Regiunea Centru","datePublished":"2016-11-11T13:25:06+00:00","mainEntityOfPage":{"@id":"https:\/\/urbeamea.ro\/albaiulia\/adr-centru-trei-conferinte-vreau-sa-fiu-antreprenor-in-regiunea-centru\/"},"wordCount":492,"commentCount":0,"image":{"@id":"https:\/\/urbeamea.ro\/albaiulia\/adr-centru-trei-conferinte-vreau-sa-fiu-antreprenor-in-regiunea-centru\/#primaryimage"},"thumbnailUrl":"https:\/\/urbeamea.ro\/albaiulia\/wp-content\/uploads\/2016\/11\/14881711_1137617222942553_1566942289_o.jpg","keywords":["ADR Centru","alba","antreprenor","conferinte","mediu universitar","stiri","Urbea Mea"],"articleSection":["Social"],"inLanguage":"ro-RO","potentialAction":[{"@type":"CommentAction","name":"Comment","target":["https:\/\/urbeamea.ro\/albaiulia\/adr-centru-trei-conferinte-vreau-sa-fiu-antreprenor-in-regiunea-centru\/#respond"]}]},{"@type":"WebPage","@id":"https:\/\/urbeamea.ro\/albaiulia\/adr-centru-trei-conferinte-vreau-sa-fiu-antreprenor-in-regiunea-centru\/","url":"https:\/\/urbeamea.ro\/albaiulia\/adr-centru-trei-conferinte-vreau-sa-fiu-antreprenor-in-regiunea-centru\/","name":"ADR Centru: Trei conferin\u021be \u201eVreau s\u0103 fiu antreprenor\u201d, \u00een Regiunea Centru - Revista Urbea Mea - Revista de Alba","isPartOf":{"@id":"https:\/\/urbeamea.ro\/albaiulia\/#website"},"primaryImageOfPage":{"@id":"https:\/\/urbeamea.ro\/albaiulia\/adr-centru-trei-conferinte-vreau-sa-fiu-antreprenor-in-regiunea-centru\/#primaryimage"},"image":{"@id":"https:\/\/urbeamea.ro\/albaiulia\/adr-centru-trei-conferinte-vreau-sa-fiu-antreprenor-in-regiunea-centru\/#primaryimage"},"thumbnailUrl":"https:\/\/urbeamea.ro\/albaiulia\/wp-content\/uploads\/2016\/11\/14881711_1137617222942553_1566942289_o.jpg","datePublished":"2016-11-11T13:25:06+00:00","author":{"@id":"https:\/\/urbeamea.ro\/albaiulia\/#\/schema\/person\/9700d21fae21c4f038b0b56f4506264a"},"description":"Agen\u021bia pentru Dezvoltare Regional\u0103 Centru, prin Centrul de Informare Europe Direct Regiunea Centru \u0219i Funda\u021bia Romanian Business Leaders, organizeaz\u0103, \u00een","breadcrumb":{"@id":"https:\/\/urbeamea.ro\/albaiulia\/adr-centru-trei-conferinte-vreau-sa-fiu-antreprenor-in-regiunea-centru\/#breadcrumb"},"inLanguage":"ro-RO","potentialAction":[{"@type":"ReadAction","target":["https:\/\/urbeamea.ro\/albaiulia\/adr-centru-trei-conferinte-vreau-sa-fiu-antreprenor-in-regiunea-centru\/"]}]},{"@type":"ImageObject","inLanguage":"ro-RO","@id":"https:\/\/urbeamea.ro\/albaiulia\/adr-centru-trei-conferinte-vreau-sa-fiu-antreprenor-in-regiunea-centru\/#primaryimage","url":"https:\/\/urbeamea.ro\/albaiulia\/wp-content\/uploads\/2016\/11\/14881711_1137617222942553_1566942289_o.jpg","contentUrl":"https:\/\/urbeamea.ro\/albaiulia\/wp-content\/uploads\/2016\/11\/14881711_1137617222942553_1566942289_o.jpg","width":1280,"height":720},{"@type":"BreadcrumbList","@id":"https:\/\/urbeamea.ro\/albaiulia\/adr-centru-trei-conferinte-vreau-sa-fiu-antreprenor-in-regiunea-centru\/#breadcrumb","itemListElement":[{"@type":"ListItem","position":1,"name":"Prima pagin\u0103","item":"https:\/\/urbeamea.ro\/albaiulia\/"},{"@type":"ListItem","position":2,"name":"ADR Centru: Trei conferin\u021be \u201eVreau s\u0103 fiu antreprenor\u201d, \u00een Regiunea Centru"}]},{"@type":"WebSite","@id":"https:\/\/urbeamea.ro\/albaiulia\/#website","url":"https:\/\/urbeamea.ro\/albaiulia\/","name":"Revista Urbea Mea, Stiri urbane","description":"Evenimente \u0219i \u0219tiri din Alba Iulia, Sebe\u0219, Aiud, Blaj","potentialAction":[{"@type":"SearchAction","target":{"@type":"EntryPoint","urlTemplate":"https:\/\/urbeamea.ro\/albaiulia\/?s={search_term_string}"},"query-input":{"@type":"PropertyValueSpecification","valueRequired":true,"valueName":"search_term_string"}}],"inLanguage":"ro-RO"},{"@type":"Person","@id":"https:\/\/urbeamea.ro\/albaiulia\/#\/schema\/person\/9700d21fae21c4f038b0b56f4506264a","name":"Cristina Ganga","image":{"@type":"ImageObject","inLanguage":"ro-RO","@id":"https:\/\/secure.gravatar.com\/avatar\/5a67661041f057b4a8ccaf26f5a8e86e2689372006d01faf3dd9eeb10b654bb4?s=96&d=mm&r=g","url":"https:\/\/secure.gravatar.com\/avatar\/5a67661041f057b4a8ccaf26f5a8e86e2689372006d01faf3dd9eeb10b654bb4?s=96&d=mm&r=g","contentUrl":"https:\/\/secure.gravatar.com\/avatar\/5a67661041f057b4a8ccaf26f5a8e86e2689372006d01faf3dd9eeb10b654bb4?s=96&d=mm&r=g","caption":"Cristina Ganga"},"description":"Jurnalist","sameAs":["https:\/\/www.facebook.com\/cristina.nicola.587"],"url":"https:\/\/urbeamea.ro\/albaiulia\/author\/cristina-nicola\/"}]}},"_links":{"self":[{"href":"https:\/\/urbeamea.ro\/albaiulia\/wp-json\/wp\/v2\/posts\/34770","targetHints":{"allow":["GET"]}}],"collection":[{"href":"https:\/\/urbeamea.ro\/albaiulia\/wp-json\/wp\/v2\/posts"}],"about":[{"href":"https:\/\/urbeamea.ro\/albaiulia\/wp-json\/wp\/v2\/types\/post"}],"author":[{"embeddable":true,"href":"https:\/\/urbeamea.ro\/albaiulia\/wp-json\/wp\/v2\/users\/17"}],"replies":[{"embeddable":true,"href":"https:\/\/urbeamea.ro\/albaiulia\/wp-json\/wp\/v2\/comments?post=34770"}],"version-history":[{"count":0,"href":"https:\/\/urbeamea.ro\/albaiulia\/wp-json\/wp\/v2\/posts\/34770\/revisions"}],"wp:featuredmedia":[{"embeddable":true,"href":"https:\/\/urbeamea.ro\/albaiulia\/wp-json\/wp\/v2\/media\/34771"}],"wp:attachment":[{"href":"https:\/\/urbeamea.ro\/albaiulia\/wp-json\/wp\/v2\/media?parent=34770"}],"wp:term":[{"taxonomy":"category","embeddable":true,"href":"https:\/\/urbeamea.ro\/albaiulia\/wp-json\/wp\/v2\/categories?post=34770"},{"taxonomy":"post_tag","embeddable":true,"href":"https:\/\/urbeamea.ro\/albaiulia\/wp-json\/wp\/v2\/tags?post=34770"}],"curies":[{"name":"wp","href":"https:\/\/api.w.org\/{rel}","templated":true}]}}