{"id":34784,"date":"2016-11-11T17:00:01","date_gmt":"2016-11-11T15:00:01","guid":{"rendered":"http:\/\/urbeamea.ro\/albaiulia\/?p=34784"},"modified":"2016-11-11T17:00:01","modified_gmt":"2016-11-11T15:00:01","slug":"vreme-rece-ploi-lapovita-si-ninsoare-in-urmatoarele-doua-zile","status":"publish","type":"post","link":"https:\/\/urbeamea.ro\/albaiulia\/vreme-rece-ploi-lapovita-si-ninsoare-in-urmatoarele-doua-zile\/","title":{"rendered":"Vreme rece, ploi, lapovi\u021b\u0103 \u0219i ninsoare, \u00een urm\u0103toarele dou\u0103 zile"},"content":{"rendered":"<p align=\"\\&quot;center\\&quot;\"><strong><span lang=\"\\&quot;RO\\&quot;\"><img loading=\"lazy\" decoding=\"async\" class=\"alignleft size-medium wp-image-34785\" src=\"http:\/\/urbeamea.ro\/albaiulia\/wp-content\/uploads\/2016\/11\/ninge-465x390-300x192.jpg\" alt=\"ninge-465x390\" width=\"300\" height=\"192\" srcset=\"https:\/\/urbeamea.ro\/albaiulia\/wp-content\/uploads\/2016\/11\/ninge-465x390-300x192.jpg 300w, https:\/\/urbeamea.ro\/albaiulia\/wp-content\/uploads\/2016\/11\/ninge-465x390-150x96.jpg 150w, https:\/\/urbeamea.ro\/albaiulia\/wp-content\/uploads\/2016\/11\/ninge-465x390.jpg 605w\" sizes=\"auto, (max-width: 300px) 100vw, 300px\" \/>\u00cen acest weekend,\u00a0aria precipita\u0163iilor va cuprinde treptat toat\u0103 \u0163ara, \u00eencep\u00e2nd cu regiunile vestice \u015fi sud-vestice. Cantit\u0103\u0163ile de ap\u0103 vor dep\u0103\u015fi local 20 l\/mp \u015fi pe arii restr\u00e2nse 40&#8230;50 l\/mp, \u00een special \u00een zona montan\u0103, Transilvania \u015fi Moldova.<\/span><\/strong><\/p>\n<p align=\"\\&quot;center\\&quot;\"><span lang=\"\\&quot;RO\\&quot;\">Vor fi ploi pe arii extinse, iar \u00eencep\u00e2nd din a doua parte a nop\u0163ii de s\u00e2mb\u0103t\u0103 spre duminic\u0103 (12\/13 noiembrie) \u015fi pe parcursul zilei de duminic\u0103, 13 noiembrie, ploile se vor transforma \u00een lapovi\u0163\u0103 \u015fi ninsoare \u00een nord, nord-est, centru \u015fi trec\u0103tor \u00een vest. V\u00e2ntul va avea intensific\u0103ri temporare \u00een toate regiunile, cu viteze ce vor dep\u0103\u015fi la rafal\u0103 50&#8230;60 km\/h.<\/span><\/p>\n<p align=\"\\&quot;center\\&quot;\"><span lang=\"\\&quot;RO\\&quot;\">\u00cen toate zonele de munte, \u00eencep\u00e2nd din dup\u0103-amiaza zilei de s\u00e2mb\u0103t\u0103, 12 noiembrie, vor predomina ninsorile, se va depune strat nou de z\u0103pad\u0103, iar v\u00e2ntul va avea intensific\u0103ri sus\u0163inute, viscolind ninsoarea.<\/span><\/p>\n","protected":false},"excerpt":{"rendered":"<p>\u00cen acest weekend,\u00a0aria precipita\u0163iilor va cuprinde treptat toat\u0103 \u0163ara, \u00eencep\u00e2nd cu regiunile vestice \u015fi sud-vestice. Cantit\u0103\u0163ile de ap\u0103 vor dep\u0103\u015fi local 20 l\/mp \u015fi pe arii restr\u00e2nse 40&#8230;50 l\/mp, \u00een special \u00een zona montan\u0103, Transilvania \u015fi Moldova. Vor fi ploi pe arii extinse, iar \u00eencep\u00e2nd din a doua parte a nop\u0163ii de s\u00e2mb\u0103t\u0103 spre duminic\u0103 &hellip;<\/p>\n","protected":false},"author":20,"featured_media":34785,"comment_status":"open","ping_status":"open","sticky":false,"template":"","format":"standard","meta":{"inline_featured_image":false,"footnotes":""},"categories":[2034],"tags":[1826,392,2136,2518,391,7692,265,76,6974,2078,6868,8525],"class_list":["post-34784","post","type-post","status-publish","format-standard","has-post-thumbnail","hentry","category-social","tag-lapovita","tag-meteorologi","tag-moldova","tag-ninsoare","tag-ploi","tag-prognoza","tag-transilvania","tag-urbea-mea","tag-vest","tag-vreme","tag-weekend","tag-zona-montana"],"yoast_head":"<!-- This site is optimized with the Yoast SEO plugin v27.4 - https:\/\/yoast.com\/product\/yoast-seo-wordpress\/ -->\n<title>Vreme rece, ploi, lapovi\u021b\u0103 \u0219i ninsoare, \u00een urm\u0103toarele dou\u0103 zile - Revista Urbea Mea - Revista de Alba<\/title>\n<meta name=\"description\" content=\"\u00cen acest weekend,\u00a0aria precipita\u0163iilor va cuprinde treptat toat\u0103 \u0163ara, \u00eencep\u00e2nd cu regiunile vestice \u015fi sud-vestice. Cantit\u0103\u0163ile de ap\u0103 vor dep\u0103\u015fi local\" \/>\n<meta name=\"robots\" content=\"index, follow, max-snippet:-1, max-image-preview:large, max-video-preview:-1\" \/>\n<link rel=\"canonical\" href=\"https:\/\/urbeamea.ro\/albaiulia\/vreme-rece-ploi-lapovita-si-ninsoare-in-urmatoarele-doua-zile\/\" \/>\n<meta name=\"twitter:card\" content=\"summary_large_image\" \/>\n<meta name=\"twitter:title\" content=\"Vreme rece, ploi, lapovi\u021b\u0103 \u0219i ninsoare, \u00een urm\u0103toarele dou\u0103 zile - Revista Urbea Mea - Revista de Alba\" \/>\n<meta name=\"twitter:description\" content=\"\u00cen acest weekend,\u00a0aria precipita\u0163iilor va cuprinde treptat toat\u0103 \u0163ara, \u00eencep\u00e2nd cu regiunile vestice \u015fi sud-vestice. Cantit\u0103\u0163ile de ap\u0103 vor dep\u0103\u015fi local\" \/>\n<meta name=\"twitter:image\" content=\"https:\/\/urbeamea.ro\/albaiulia\/wp-content\/uploads\/2016\/11\/ninge-465x390.jpg\" \/>\n<meta name=\"twitter:creator\" content=\"@urbeameaweb\" \/>\n<meta name=\"twitter:site\" content=\"@urbeameaweb\" \/>\n<script type=\"application\/ld+json\" class=\"yoast-schema-graph\">{\"@context\":\"https:\\\/\\\/schema.org\",\"@graph\":[{\"@type\":\"Article\",\"@id\":\"https:\\\/\\\/urbeamea.ro\\\/albaiulia\\\/vreme-rece-ploi-lapovita-si-ninsoare-in-urmatoarele-doua-zile\\\/#article\",\"isPartOf\":{\"@id\":\"https:\\\/\\\/urbeamea.ro\\\/albaiulia\\\/vreme-rece-ploi-lapovita-si-ninsoare-in-urmatoarele-doua-zile\\\/\"},\"author\":{\"name\":\"Adriana Avram\",\"@id\":\"https:\\\/\\\/urbeamea.ro\\\/albaiulia\\\/#\\\/schema\\\/person\\\/cfaa27fc3da4a9a2cf2fee3650afc5d0\"},\"headline\":\"Vreme rece, ploi, lapovi\u021b\u0103 \u0219i ninsoare, \u00een urm\u0103toarele dou\u0103 zile\",\"datePublished\":\"2016-11-11T15:00:01+00:00\",\"mainEntityOfPage\":{\"@id\":\"https:\\\/\\\/urbeamea.ro\\\/albaiulia\\\/vreme-rece-ploi-lapovita-si-ninsoare-in-urmatoarele-doua-zile\\\/\"},\"wordCount\":159,\"commentCount\":0,\"image\":{\"@id\":\"https:\\\/\\\/urbeamea.ro\\\/albaiulia\\\/vreme-rece-ploi-lapovita-si-ninsoare-in-urmatoarele-doua-zile\\\/#primaryimage\"},\"thumbnailUrl\":\"https:\\\/\\\/urbeamea.ro\\\/albaiulia\\\/wp-content\\\/uploads\\\/2016\\\/11\\\/ninge-465x390.jpg\",\"keywords\":[\"lapovita\",\"meteorologi\",\"Moldova\",\"ninsoare\",\"ploi\",\"prognoza\",\"Transilvania\",\"Urbea Mea\",\"vest\",\"vreme\",\"weekend\",\"zona montana\"],\"articleSection\":[\"Social\"],\"inLanguage\":\"ro-RO\",\"potentialAction\":[{\"@type\":\"CommentAction\",\"name\":\"Comment\",\"target\":[\"https:\\\/\\\/urbeamea.ro\\\/albaiulia\\\/vreme-rece-ploi-lapovita-si-ninsoare-in-urmatoarele-doua-zile\\\/#respond\"]}]},{\"@type\":\"WebPage\",\"@id\":\"https:\\\/\\\/urbeamea.ro\\\/albaiulia\\\/vreme-rece-ploi-lapovita-si-ninsoare-in-urmatoarele-doua-zile\\\/\",\"url\":\"https:\\\/\\\/urbeamea.ro\\\/albaiulia\\\/vreme-rece-ploi-lapovita-si-ninsoare-in-urmatoarele-doua-zile\\\/\",\"name\":\"Vreme rece, ploi, lapovi\u021b\u0103 \u0219i ninsoare, \u00een urm\u0103toarele dou\u0103 zile - Revista Urbea Mea - Revista de Alba\",\"isPartOf\":{\"@id\":\"https:\\\/\\\/urbeamea.ro\\\/albaiulia\\\/#website\"},\"primaryImageOfPage\":{\"@id\":\"https:\\\/\\\/urbeamea.ro\\\/albaiulia\\\/vreme-rece-ploi-lapovita-si-ninsoare-in-urmatoarele-doua-zile\\\/#primaryimage\"},\"image\":{\"@id\":\"https:\\\/\\\/urbeamea.ro\\\/albaiulia\\\/vreme-rece-ploi-lapovita-si-ninsoare-in-urmatoarele-doua-zile\\\/#primaryimage\"},\"thumbnailUrl\":\"https:\\\/\\\/urbeamea.ro\\\/albaiulia\\\/wp-content\\\/uploads\\\/2016\\\/11\\\/ninge-465x390.jpg\",\"datePublished\":\"2016-11-11T15:00:01+00:00\",\"author\":{\"@id\":\"https:\\\/\\\/urbeamea.ro\\\/albaiulia\\\/#\\\/schema\\\/person\\\/cfaa27fc3da4a9a2cf2fee3650afc5d0\"},\"description\":\"\u00cen acest weekend,\u00a0aria precipita\u0163iilor va cuprinde treptat toat\u0103 \u0163ara, \u00eencep\u00e2nd cu regiunile vestice \u015fi sud-vestice. Cantit\u0103\u0163ile de ap\u0103 vor dep\u0103\u015fi local\",\"breadcrumb\":{\"@id\":\"https:\\\/\\\/urbeamea.ro\\\/albaiulia\\\/vreme-rece-ploi-lapovita-si-ninsoare-in-urmatoarele-doua-zile\\\/#breadcrumb\"},\"inLanguage\":\"ro-RO\",\"potentialAction\":[{\"@type\":\"ReadAction\",\"target\":[\"https:\\\/\\\/urbeamea.ro\\\/albaiulia\\\/vreme-rece-ploi-lapovita-si-ninsoare-in-urmatoarele-doua-zile\\\/\"]}]},{\"@type\":\"ImageObject\",\"inLanguage\":\"ro-RO\",\"@id\":\"https:\\\/\\\/urbeamea.ro\\\/albaiulia\\\/vreme-rece-ploi-lapovita-si-ninsoare-in-urmatoarele-doua-zile\\\/#primaryimage\",\"url\":\"https:\\\/\\\/urbeamea.ro\\\/albaiulia\\\/wp-content\\\/uploads\\\/2016\\\/11\\\/ninge-465x390.jpg\",\"contentUrl\":\"https:\\\/\\\/urbeamea.ro\\\/albaiulia\\\/wp-content\\\/uploads\\\/2016\\\/11\\\/ninge-465x390.jpg\",\"width\":605,\"height\":388},{\"@type\":\"BreadcrumbList\",\"@id\":\"https:\\\/\\\/urbeamea.ro\\\/albaiulia\\\/vreme-rece-ploi-lapovita-si-ninsoare-in-urmatoarele-doua-zile\\\/#breadcrumb\",\"itemListElement\":[{\"@type\":\"ListItem\",\"position\":1,\"name\":\"Prima pagin\u0103\",\"item\":\"https:\\\/\\\/urbeamea.ro\\\/albaiulia\\\/\"},{\"@type\":\"ListItem\",\"position\":2,\"name\":\"Vreme rece, ploi, lapovi\u021b\u0103 \u0219i ninsoare, \u00een urm\u0103toarele dou\u0103 zile\"}]},{\"@type\":\"WebSite\",\"@id\":\"https:\\\/\\\/urbeamea.ro\\\/albaiulia\\\/#website\",\"url\":\"https:\\\/\\\/urbeamea.ro\\\/albaiulia\\\/\",\"name\":\"Revista Urbea Mea, Stiri urbane\",\"description\":\"Evenimente \u0219i \u0219tiri din Alba Iulia, Sebe\u0219, Aiud, Blaj\",\"potentialAction\":[{\"@type\":\"SearchAction\",\"target\":{\"@type\":\"EntryPoint\",\"urlTemplate\":\"https:\\\/\\\/urbeamea.ro\\\/albaiulia\\\/?s={search_term_string}\"},\"query-input\":{\"@type\":\"PropertyValueSpecification\",\"valueRequired\":true,\"valueName\":\"search_term_string\"}}],\"inLanguage\":\"ro-RO\"},{\"@type\":\"Person\",\"@id\":\"https:\\\/\\\/urbeamea.ro\\\/albaiulia\\\/#\\\/schema\\\/person\\\/cfaa27fc3da4a9a2cf2fee3650afc5d0\",\"name\":\"Adriana Avram\",\"image\":{\"@type\":\"ImageObject\",\"inLanguage\":\"ro-RO\",\"@id\":\"https:\\\/\\\/secure.gravatar.com\\\/avatar\\\/3cc61eb1584088e0099c1763903a6421c5ce6cdf45fc2d424046dc621efc21f9?s=96&d=mm&r=g\",\"url\":\"https:\\\/\\\/secure.gravatar.com\\\/avatar\\\/3cc61eb1584088e0099c1763903a6421c5ce6cdf45fc2d424046dc621efc21f9?s=96&d=mm&r=g\",\"contentUrl\":\"https:\\\/\\\/secure.gravatar.com\\\/avatar\\\/3cc61eb1584088e0099c1763903a6421c5ce6cdf45fc2d424046dc621efc21f9?s=96&d=mm&r=g\",\"caption\":\"Adriana Avram\"},\"description\":\"Jurnalist\",\"sameAs\":[\"https:\\\/\\\/www.facebook.com\\\/avram.adriana.7?fref=ts\"],\"url\":\"https:\\\/\\\/urbeamea.ro\\\/albaiulia\\\/author\\\/adriana-avram\\\/\"}]}<\/script>\n<!-- \/ Yoast SEO plugin. -->","yoast_head_json":{"title":"Vreme rece, ploi, lapovi\u021b\u0103 \u0219i ninsoare, \u00een urm\u0103toarele dou\u0103 zile - Revista Urbea Mea - Revista de Alba","description":"\u00cen acest weekend,\u00a0aria precipita\u0163iilor va cuprinde treptat toat\u0103 \u0163ara, \u00eencep\u00e2nd cu regiunile vestice \u015fi sud-vestice. Cantit\u0103\u0163ile de ap\u0103 vor dep\u0103\u015fi local","robots":{"index":"index","follow":"follow","max-snippet":"max-snippet:-1","max-image-preview":"max-image-preview:large","max-video-preview":"max-video-preview:-1"},"canonical":"https:\/\/urbeamea.ro\/albaiulia\/vreme-rece-ploi-lapovita-si-ninsoare-in-urmatoarele-doua-zile\/","twitter_card":"summary_large_image","twitter_title":"Vreme rece, ploi, lapovi\u021b\u0103 \u0219i ninsoare, \u00een urm\u0103toarele dou\u0103 zile - Revista Urbea Mea - Revista de Alba","twitter_description":"\u00cen acest weekend,\u00a0aria precipita\u0163iilor va cuprinde treptat toat\u0103 \u0163ara, \u00eencep\u00e2nd cu regiunile vestice \u015fi sud-vestice. Cantit\u0103\u0163ile de ap\u0103 vor dep\u0103\u015fi local","twitter_image":"https:\/\/urbeamea.ro\/albaiulia\/wp-content\/uploads\/2016\/11\/ninge-465x390.jpg","twitter_creator":"@urbeameaweb","twitter_site":"@urbeameaweb","schema":{"@context":"https:\/\/schema.org","@graph":[{"@type":"Article","@id":"https:\/\/urbeamea.ro\/albaiulia\/vreme-rece-ploi-lapovita-si-ninsoare-in-urmatoarele-doua-zile\/#article","isPartOf":{"@id":"https:\/\/urbeamea.ro\/albaiulia\/vreme-rece-ploi-lapovita-si-ninsoare-in-urmatoarele-doua-zile\/"},"author":{"name":"Adriana Avram","@id":"https:\/\/urbeamea.ro\/albaiulia\/#\/schema\/person\/cfaa27fc3da4a9a2cf2fee3650afc5d0"},"headline":"Vreme rece, ploi, lapovi\u021b\u0103 \u0219i ninsoare, \u00een urm\u0103toarele dou\u0103 zile","datePublished":"2016-11-11T15:00:01+00:00","mainEntityOfPage":{"@id":"https:\/\/urbeamea.ro\/albaiulia\/vreme-rece-ploi-lapovita-si-ninsoare-in-urmatoarele-doua-zile\/"},"wordCount":159,"commentCount":0,"image":{"@id":"https:\/\/urbeamea.ro\/albaiulia\/vreme-rece-ploi-lapovita-si-ninsoare-in-urmatoarele-doua-zile\/#primaryimage"},"thumbnailUrl":"https:\/\/urbeamea.ro\/albaiulia\/wp-content\/uploads\/2016\/11\/ninge-465x390.jpg","keywords":["lapovita","meteorologi","Moldova","ninsoare","ploi","prognoza","Transilvania","Urbea Mea","vest","vreme","weekend","zona montana"],"articleSection":["Social"],"inLanguage":"ro-RO","potentialAction":[{"@type":"CommentAction","name":"Comment","target":["https:\/\/urbeamea.ro\/albaiulia\/vreme-rece-ploi-lapovita-si-ninsoare-in-urmatoarele-doua-zile\/#respond"]}]},{"@type":"WebPage","@id":"https:\/\/urbeamea.ro\/albaiulia\/vreme-rece-ploi-lapovita-si-ninsoare-in-urmatoarele-doua-zile\/","url":"https:\/\/urbeamea.ro\/albaiulia\/vreme-rece-ploi-lapovita-si-ninsoare-in-urmatoarele-doua-zile\/","name":"Vreme rece, ploi, lapovi\u021b\u0103 \u0219i ninsoare, \u00een urm\u0103toarele dou\u0103 zile - Revista Urbea Mea - Revista de Alba","isPartOf":{"@id":"https:\/\/urbeamea.ro\/albaiulia\/#website"},"primaryImageOfPage":{"@id":"https:\/\/urbeamea.ro\/albaiulia\/vreme-rece-ploi-lapovita-si-ninsoare-in-urmatoarele-doua-zile\/#primaryimage"},"image":{"@id":"https:\/\/urbeamea.ro\/albaiulia\/vreme-rece-ploi-lapovita-si-ninsoare-in-urmatoarele-doua-zile\/#primaryimage"},"thumbnailUrl":"https:\/\/urbeamea.ro\/albaiulia\/wp-content\/uploads\/2016\/11\/ninge-465x390.jpg","datePublished":"2016-11-11T15:00:01+00:00","author":{"@id":"https:\/\/urbeamea.ro\/albaiulia\/#\/schema\/person\/cfaa27fc3da4a9a2cf2fee3650afc5d0"},"description":"\u00cen acest weekend,\u00a0aria precipita\u0163iilor va cuprinde treptat toat\u0103 \u0163ara, \u00eencep\u00e2nd cu regiunile vestice \u015fi sud-vestice. Cantit\u0103\u0163ile de ap\u0103 vor dep\u0103\u015fi local","breadcrumb":{"@id":"https:\/\/urbeamea.ro\/albaiulia\/vreme-rece-ploi-lapovita-si-ninsoare-in-urmatoarele-doua-zile\/#breadcrumb"},"inLanguage":"ro-RO","potentialAction":[{"@type":"ReadAction","target":["https:\/\/urbeamea.ro\/albaiulia\/vreme-rece-ploi-lapovita-si-ninsoare-in-urmatoarele-doua-zile\/"]}]},{"@type":"ImageObject","inLanguage":"ro-RO","@id":"https:\/\/urbeamea.ro\/albaiulia\/vreme-rece-ploi-lapovita-si-ninsoare-in-urmatoarele-doua-zile\/#primaryimage","url":"https:\/\/urbeamea.ro\/albaiulia\/wp-content\/uploads\/2016\/11\/ninge-465x390.jpg","contentUrl":"https:\/\/urbeamea.ro\/albaiulia\/wp-content\/uploads\/2016\/11\/ninge-465x390.jpg","width":605,"height":388},{"@type":"BreadcrumbList","@id":"https:\/\/urbeamea.ro\/albaiulia\/vreme-rece-ploi-lapovita-si-ninsoare-in-urmatoarele-doua-zile\/#breadcrumb","itemListElement":[{"@type":"ListItem","position":1,"name":"Prima pagin\u0103","item":"https:\/\/urbeamea.ro\/albaiulia\/"},{"@type":"ListItem","position":2,"name":"Vreme rece, ploi, lapovi\u021b\u0103 \u0219i ninsoare, \u00een urm\u0103toarele dou\u0103 zile"}]},{"@type":"WebSite","@id":"https:\/\/urbeamea.ro\/albaiulia\/#website","url":"https:\/\/urbeamea.ro\/albaiulia\/","name":"Revista Urbea Mea, Stiri urbane","description":"Evenimente \u0219i \u0219tiri din Alba Iulia, Sebe\u0219, Aiud, Blaj","potentialAction":[{"@type":"SearchAction","target":{"@type":"EntryPoint","urlTemplate":"https:\/\/urbeamea.ro\/albaiulia\/?s={search_term_string}"},"query-input":{"@type":"PropertyValueSpecification","valueRequired":true,"valueName":"search_term_string"}}],"inLanguage":"ro-RO"},{"@type":"Person","@id":"https:\/\/urbeamea.ro\/albaiulia\/#\/schema\/person\/cfaa27fc3da4a9a2cf2fee3650afc5d0","name":"Adriana Avram","image":{"@type":"ImageObject","inLanguage":"ro-RO","@id":"https:\/\/secure.gravatar.com\/avatar\/3cc61eb1584088e0099c1763903a6421c5ce6cdf45fc2d424046dc621efc21f9?s=96&d=mm&r=g","url":"https:\/\/secure.gravatar.com\/avatar\/3cc61eb1584088e0099c1763903a6421c5ce6cdf45fc2d424046dc621efc21f9?s=96&d=mm&r=g","contentUrl":"https:\/\/secure.gravatar.com\/avatar\/3cc61eb1584088e0099c1763903a6421c5ce6cdf45fc2d424046dc621efc21f9?s=96&d=mm&r=g","caption":"Adriana Avram"},"description":"Jurnalist","sameAs":["https:\/\/www.facebook.com\/avram.adriana.7?fref=ts"],"url":"https:\/\/urbeamea.ro\/albaiulia\/author\/adriana-avram\/"}]}},"_links":{"self":[{"href":"https:\/\/urbeamea.ro\/albaiulia\/wp-json\/wp\/v2\/posts\/34784","targetHints":{"allow":["GET"]}}],"collection":[{"href":"https:\/\/urbeamea.ro\/albaiulia\/wp-json\/wp\/v2\/posts"}],"about":[{"href":"https:\/\/urbeamea.ro\/albaiulia\/wp-json\/wp\/v2\/types\/post"}],"author":[{"embeddable":true,"href":"https:\/\/urbeamea.ro\/albaiulia\/wp-json\/wp\/v2\/users\/20"}],"replies":[{"embeddable":true,"href":"https:\/\/urbeamea.ro\/albaiulia\/wp-json\/wp\/v2\/comments?post=34784"}],"version-history":[{"count":0,"href":"https:\/\/urbeamea.ro\/albaiulia\/wp-json\/wp\/v2\/posts\/34784\/revisions"}],"wp:featuredmedia":[{"embeddable":true,"href":"https:\/\/urbeamea.ro\/albaiulia\/wp-json\/wp\/v2\/media\/34785"}],"wp:attachment":[{"href":"https:\/\/urbeamea.ro\/albaiulia\/wp-json\/wp\/v2\/media?parent=34784"}],"wp:term":[{"taxonomy":"category","embeddable":true,"href":"https:\/\/urbeamea.ro\/albaiulia\/wp-json\/wp\/v2\/categories?post=34784"},{"taxonomy":"post_tag","embeddable":true,"href":"https:\/\/urbeamea.ro\/albaiulia\/wp-json\/wp\/v2\/tags?post=34784"}],"curies":[{"name":"wp","href":"https:\/\/api.w.org\/{rel}","templated":true}]}}