{"id":35239,"date":"2016-11-16T15:29:40","date_gmt":"2016-11-16T13:29:40","guid":{"rendered":"http:\/\/urbeamea.ro\/albaiulia\/?p=35239"},"modified":"2016-11-16T15:29:40","modified_gmt":"2016-11-16T13:29:40","slug":"barbat-din-bistra-retinut-de-politisti-dupa-ce-a-spart-geamul-unei-masini-si-l-a-lovit-pe-sofer-cu-o-piatra","status":"publish","type":"post","link":"https:\/\/urbeamea.ro\/albaiulia\/barbat-din-bistra-retinut-de-politisti-dupa-ce-a-spart-geamul-unei-masini-si-l-a-lovit-pe-sofer-cu-o-piatra\/","title":{"rendered":"B\u0103rbat din Bistra, re\u021binut de poli\u021bi\u0219ti dup\u0103 ce a spart geamul unei ma\u0219ini \u0219i l-a lovit pe \u0219ofer cu o piatr\u0103"},"content":{"rendered":"<p><strong><img loading=\"lazy\" decoding=\"async\" class=\"alignleft size-medium wp-image-16957\" src=\"http:\/\/urbeamea.ro\/albaiulia\/wp-content\/uploads\/2016\/01\/radare-politie1-300x225.jpg\" alt=\"radare-politie1\" width=\"300\" height=\"225\" srcset=\"https:\/\/urbeamea.ro\/albaiulia\/wp-content\/uploads\/2016\/01\/radare-politie1-300x225.jpg 300w, https:\/\/urbeamea.ro\/albaiulia\/wp-content\/uploads\/2016\/01\/radare-politie1-150x113.jpg 150w, https:\/\/urbeamea.ro\/albaiulia\/wp-content\/uploads\/2016\/01\/radare-politie1.jpg 600w\" sizes=\"auto, (max-width: 300px) 100vw, 300px\" \/>Poli\u0163i\u015ftii din Bistra l-au re\u0163inut pe un b\u0103rbat din comun\u0103 care este cercetat pentru distrugere \u015fi lovire. Acesta va fi prezentat Parchetului de pe l\u00e2ng\u0103 Judec\u0103toria C\u00eempeni, pentru dispunerea m\u0103surilor legale. <\/strong><\/p>\n<p>La data de 15.11.2016, poli\u0163i\u015ftii Postului de Poli\u0163ie Bistra au luat m\u0103sura re\u0163inerii, pentru o perioad\u0103 de 24 de ore, fa\u0163\u0103 de D.V., de 45 de ani, din comuna Bistra, jude\u0163ul Alba, cercetat penal sub aspectul comiterii infrac\u021biunilor de distrugere \u015fi lovire sau alte violen\u0163e.<\/p>\n<p>\u00cen sarcina acestuia s-a re\u0163inut faptul c\u0103, \u00een dup\u0103 amiaza zilei de 14 noiembrie a.c., \u00een mod premeditat, a aruncat cu o piatr\u0103 \u00een geamul unei autoutilitare ce trecea prin dreptul casei sale \u015fi era condus\u0103 de un b\u0103rbat de 54 de ani, din comun\u0103. Geamul autoutilitarei s-a spart, iar \u015foferul acesteia a fost lovit de piatr\u0103, \u00een zona pieptului.<\/p>\n<p>\u00cen cursul zilei de azi, 16.11.2016, D.V. va fi prezentat Parchetului de pe l\u00e2ng\u0103 Judec\u0103toria C\u00eempeni, pentru dispunerea m\u0103surilor legale.<\/p>\n","protected":false},"excerpt":{"rendered":"<p>Poli\u0163i\u015ftii din Bistra l-au re\u0163inut pe un b\u0103rbat din comun\u0103 care este cercetat pentru distrugere \u015fi lovire. Acesta va fi prezentat Parchetului de pe l\u00e2ng\u0103 Judec\u0103toria C\u00eempeni, pentru dispunerea m\u0103surilor legale. La data de 15.11.2016, poli\u0163i\u015ftii Postului de Poli\u0163ie Bistra au luat m\u0103sura re\u0163inerii, pentru o perioad\u0103 de 24 de ore, fa\u0163\u0103 de D.V., de &hellip;<\/p>\n","protected":false},"author":20,"featured_media":16957,"comment_status":"open","ping_status":"open","sticky":false,"template":"","format":"standard","meta":{"inline_featured_image":false,"footnotes":""},"categories":[2034],"tags":[307,4034,2667,8611,7881,2959,4097,2596,76],"class_list":["post-35239","post","type-post","status-publish","format-standard","has-post-thumbnail","hentry","category-social","tag-alba","tag-autoutilitara","tag-bistra","tag-judecatoria","tag-masuri-legale","tag-parchet","tag-politia","tag-retinut","tag-urbea-mea"],"yoast_head":"<!-- This site is optimized with the Yoast SEO plugin v28.3 - https:\/\/yoast.com\/product\/yoast-seo-wordpress\/ -->\n<title>B\u0103rbat din Bistra, re\u021binut de poli\u021bi\u0219ti dup\u0103 ce a spart geamul unei ma\u0219ini \u0219i l-a lovit pe \u0219ofer cu o piatr\u0103 - Revista Urbea Mea - Revista de Alba<\/title>\n<meta name=\"description\" content=\"Poli\u0163i\u015ftii din Bistra l-au re\u0163inut pe un b\u0103rbat din comun\u0103 care este cercetat pentru distrugere \u015fi lovire. Acesta va fi prezentat Parchetului de pe l\u00e2ng\u0103\" \/>\n<meta name=\"robots\" content=\"index, follow, max-snippet:-1, max-image-preview:large, max-video-preview:-1\" \/>\n<link rel=\"canonical\" href=\"https:\/\/urbeamea.ro\/albaiulia\/barbat-din-bistra-retinut-de-politisti-dupa-ce-a-spart-geamul-unei-masini-si-l-a-lovit-pe-sofer-cu-o-piatra\/\" \/>\n<meta name=\"twitter:card\" content=\"summary_large_image\" \/>\n<meta name=\"twitter:title\" content=\"B\u0103rbat din Bistra, re\u021binut de poli\u021bi\u0219ti dup\u0103 ce a spart geamul unei ma\u0219ini \u0219i l-a lovit pe \u0219ofer cu o piatr\u0103 - Revista Urbea Mea - Revista de Alba\" \/>\n<meta name=\"twitter:description\" content=\"Poli\u0163i\u015ftii din Bistra l-au re\u0163inut pe un b\u0103rbat din comun\u0103 care este cercetat pentru distrugere \u015fi lovire. Acesta va fi prezentat Parchetului de pe l\u00e2ng\u0103\" \/>\n<meta name=\"twitter:image\" content=\"https:\/\/urbeamea.ro\/albaiulia\/wp-content\/uploads\/2016\/01\/radare-politie1.jpg\" \/>\n<meta name=\"twitter:creator\" content=\"@urbeameaweb\" \/>\n<meta name=\"twitter:site\" content=\"@urbeameaweb\" \/>\n<script type=\"application\/ld+json\" class=\"yoast-schema-graph\">{\"@context\":\"https:\\\/\\\/schema.org\",\"@graph\":[{\"@type\":\"Article\",\"@id\":\"https:\\\/\\\/urbeamea.ro\\\/albaiulia\\\/barbat-din-bistra-retinut-de-politisti-dupa-ce-a-spart-geamul-unei-masini-si-l-a-lovit-pe-sofer-cu-o-piatra\\\/#article\",\"isPartOf\":{\"@id\":\"https:\\\/\\\/urbeamea.ro\\\/albaiulia\\\/barbat-din-bistra-retinut-de-politisti-dupa-ce-a-spart-geamul-unei-masini-si-l-a-lovit-pe-sofer-cu-o-piatra\\\/\"},\"author\":{\"name\":\"Adriana Avram\",\"@id\":\"https:\\\/\\\/urbeamea.ro\\\/albaiulia\\\/#\\\/schema\\\/person\\\/cfaa27fc3da4a9a2cf2fee3650afc5d0\"},\"headline\":\"B\u0103rbat din Bistra, re\u021binut de poli\u021bi\u0219ti dup\u0103 ce a spart geamul unei ma\u0219ini \u0219i l-a lovit pe \u0219ofer cu o piatr\u0103\",\"datePublished\":\"2016-11-16T13:29:40+00:00\",\"mainEntityOfPage\":{\"@id\":\"https:\\\/\\\/urbeamea.ro\\\/albaiulia\\\/barbat-din-bistra-retinut-de-politisti-dupa-ce-a-spart-geamul-unei-masini-si-l-a-lovit-pe-sofer-cu-o-piatra\\\/\"},\"wordCount\":201,\"commentCount\":0,\"image\":{\"@id\":\"https:\\\/\\\/urbeamea.ro\\\/albaiulia\\\/barbat-din-bistra-retinut-de-politisti-dupa-ce-a-spart-geamul-unei-masini-si-l-a-lovit-pe-sofer-cu-o-piatra\\\/#primaryimage\"},\"thumbnailUrl\":\"https:\\\/\\\/urbeamea.ro\\\/albaiulia\\\/wp-content\\\/uploads\\\/2016\\\/01\\\/radare-politie1.jpg\",\"keywords\":[\"alba\",\"autoutilitara\",\"bistra\",\"judecatoria\",\"masuri legale\",\"parchet\",\"politia\",\"retinut\",\"Urbea Mea\"],\"articleSection\":[\"Social\"],\"inLanguage\":\"ro-RO\",\"potentialAction\":[{\"@type\":\"CommentAction\",\"name\":\"Comment\",\"target\":[\"https:\\\/\\\/urbeamea.ro\\\/albaiulia\\\/barbat-din-bistra-retinut-de-politisti-dupa-ce-a-spart-geamul-unei-masini-si-l-a-lovit-pe-sofer-cu-o-piatra\\\/#respond\"]}]},{\"@type\":\"WebPage\",\"@id\":\"https:\\\/\\\/urbeamea.ro\\\/albaiulia\\\/barbat-din-bistra-retinut-de-politisti-dupa-ce-a-spart-geamul-unei-masini-si-l-a-lovit-pe-sofer-cu-o-piatra\\\/\",\"url\":\"https:\\\/\\\/urbeamea.ro\\\/albaiulia\\\/barbat-din-bistra-retinut-de-politisti-dupa-ce-a-spart-geamul-unei-masini-si-l-a-lovit-pe-sofer-cu-o-piatra\\\/\",\"name\":\"B\u0103rbat din Bistra, re\u021binut de poli\u021bi\u0219ti dup\u0103 ce a spart geamul unei ma\u0219ini \u0219i l-a lovit pe \u0219ofer cu o piatr\u0103 - Revista Urbea Mea - Revista de Alba\",\"isPartOf\":{\"@id\":\"https:\\\/\\\/urbeamea.ro\\\/albaiulia\\\/#website\"},\"primaryImageOfPage\":{\"@id\":\"https:\\\/\\\/urbeamea.ro\\\/albaiulia\\\/barbat-din-bistra-retinut-de-politisti-dupa-ce-a-spart-geamul-unei-masini-si-l-a-lovit-pe-sofer-cu-o-piatra\\\/#primaryimage\"},\"image\":{\"@id\":\"https:\\\/\\\/urbeamea.ro\\\/albaiulia\\\/barbat-din-bistra-retinut-de-politisti-dupa-ce-a-spart-geamul-unei-masini-si-l-a-lovit-pe-sofer-cu-o-piatra\\\/#primaryimage\"},\"thumbnailUrl\":\"https:\\\/\\\/urbeamea.ro\\\/albaiulia\\\/wp-content\\\/uploads\\\/2016\\\/01\\\/radare-politie1.jpg\",\"datePublished\":\"2016-11-16T13:29:40+00:00\",\"author\":{\"@id\":\"https:\\\/\\\/urbeamea.ro\\\/albaiulia\\\/#\\\/schema\\\/person\\\/cfaa27fc3da4a9a2cf2fee3650afc5d0\"},\"description\":\"Poli\u0163i\u015ftii din Bistra l-au re\u0163inut pe un b\u0103rbat din comun\u0103 care este cercetat pentru distrugere \u015fi lovire. Acesta va fi prezentat Parchetului de pe l\u00e2ng\u0103\",\"breadcrumb\":{\"@id\":\"https:\\\/\\\/urbeamea.ro\\\/albaiulia\\\/barbat-din-bistra-retinut-de-politisti-dupa-ce-a-spart-geamul-unei-masini-si-l-a-lovit-pe-sofer-cu-o-piatra\\\/#breadcrumb\"},\"inLanguage\":\"ro-RO\",\"potentialAction\":[{\"@type\":\"ReadAction\",\"target\":[\"https:\\\/\\\/urbeamea.ro\\\/albaiulia\\\/barbat-din-bistra-retinut-de-politisti-dupa-ce-a-spart-geamul-unei-masini-si-l-a-lovit-pe-sofer-cu-o-piatra\\\/\"]}]},{\"@type\":\"ImageObject\",\"inLanguage\":\"ro-RO\",\"@id\":\"https:\\\/\\\/urbeamea.ro\\\/albaiulia\\\/barbat-din-bistra-retinut-de-politisti-dupa-ce-a-spart-geamul-unei-masini-si-l-a-lovit-pe-sofer-cu-o-piatra\\\/#primaryimage\",\"url\":\"https:\\\/\\\/urbeamea.ro\\\/albaiulia\\\/wp-content\\\/uploads\\\/2016\\\/01\\\/radare-politie1.jpg\",\"contentUrl\":\"https:\\\/\\\/urbeamea.ro\\\/albaiulia\\\/wp-content\\\/uploads\\\/2016\\\/01\\\/radare-politie1.jpg\",\"width\":600,\"height\":450},{\"@type\":\"BreadcrumbList\",\"@id\":\"https:\\\/\\\/urbeamea.ro\\\/albaiulia\\\/barbat-din-bistra-retinut-de-politisti-dupa-ce-a-spart-geamul-unei-masini-si-l-a-lovit-pe-sofer-cu-o-piatra\\\/#breadcrumb\",\"itemListElement\":[{\"@type\":\"ListItem\",\"position\":1,\"name\":\"Prima pagin\u0103\",\"item\":\"https:\\\/\\\/urbeamea.ro\\\/albaiulia\\\/\"},{\"@type\":\"ListItem\",\"position\":2,\"name\":\"B\u0103rbat din Bistra, re\u021binut de poli\u021bi\u0219ti dup\u0103 ce a spart geamul unei ma\u0219ini \u0219i l-a lovit pe \u0219ofer cu o piatr\u0103\"}]},{\"@type\":\"WebSite\",\"@id\":\"https:\\\/\\\/urbeamea.ro\\\/albaiulia\\\/#website\",\"url\":\"https:\\\/\\\/urbeamea.ro\\\/albaiulia\\\/\",\"name\":\"Revista Urbea Mea, Stiri urbane\",\"description\":\"Evenimente \u0219i \u0219tiri din Alba Iulia, Sebe\u0219, Aiud, Blaj\",\"potentialAction\":[{\"@type\":\"SearchAction\",\"target\":{\"@type\":\"EntryPoint\",\"urlTemplate\":\"https:\\\/\\\/urbeamea.ro\\\/albaiulia\\\/?s={search_term_string}\"},\"query-input\":{\"@type\":\"PropertyValueSpecification\",\"valueRequired\":true,\"valueName\":\"search_term_string\"}}],\"inLanguage\":\"ro-RO\"},{\"@type\":\"Person\",\"@id\":\"https:\\\/\\\/urbeamea.ro\\\/albaiulia\\\/#\\\/schema\\\/person\\\/cfaa27fc3da4a9a2cf2fee3650afc5d0\",\"name\":\"Adriana Avram\",\"image\":{\"@type\":\"ImageObject\",\"inLanguage\":\"ro-RO\",\"@id\":\"https:\\\/\\\/secure.gravatar.com\\\/avatar\\\/3cc61eb1584088e0099c1763903a6421c5ce6cdf45fc2d424046dc621efc21f9?s=96&d=mm&r=g\",\"url\":\"https:\\\/\\\/secure.gravatar.com\\\/avatar\\\/3cc61eb1584088e0099c1763903a6421c5ce6cdf45fc2d424046dc621efc21f9?s=96&d=mm&r=g\",\"contentUrl\":\"https:\\\/\\\/secure.gravatar.com\\\/avatar\\\/3cc61eb1584088e0099c1763903a6421c5ce6cdf45fc2d424046dc621efc21f9?s=96&d=mm&r=g\",\"caption\":\"Adriana Avram\"},\"description\":\"Jurnalist\",\"sameAs\":[\"https:\\\/\\\/www.facebook.com\\\/avram.adriana.7?fref=ts\"],\"url\":\"https:\\\/\\\/urbeamea.ro\\\/albaiulia\\\/author\\\/adriana-avram\\\/\"}]}<\/script>\n<!-- \/ Yoast SEO plugin. -->","yoast_head_json":{"title":"B\u0103rbat din Bistra, re\u021binut de poli\u021bi\u0219ti dup\u0103 ce a spart geamul unei ma\u0219ini \u0219i l-a lovit pe \u0219ofer cu o piatr\u0103 - Revista Urbea Mea - Revista de Alba","description":"Poli\u0163i\u015ftii din Bistra l-au re\u0163inut pe un b\u0103rbat din comun\u0103 care este cercetat pentru distrugere \u015fi lovire. Acesta va fi prezentat Parchetului de pe l\u00e2ng\u0103","robots":{"index":"index","follow":"follow","max-snippet":"max-snippet:-1","max-image-preview":"max-image-preview:large","max-video-preview":"max-video-preview:-1"},"canonical":"https:\/\/urbeamea.ro\/albaiulia\/barbat-din-bistra-retinut-de-politisti-dupa-ce-a-spart-geamul-unei-masini-si-l-a-lovit-pe-sofer-cu-o-piatra\/","twitter_card":"summary_large_image","twitter_title":"B\u0103rbat din Bistra, re\u021binut de poli\u021bi\u0219ti dup\u0103 ce a spart geamul unei ma\u0219ini \u0219i l-a lovit pe \u0219ofer cu o piatr\u0103 - Revista Urbea Mea - Revista de Alba","twitter_description":"Poli\u0163i\u015ftii din Bistra l-au re\u0163inut pe un b\u0103rbat din comun\u0103 care este cercetat pentru distrugere \u015fi lovire. Acesta va fi prezentat Parchetului de pe l\u00e2ng\u0103","twitter_image":"https:\/\/urbeamea.ro\/albaiulia\/wp-content\/uploads\/2016\/01\/radare-politie1.jpg","twitter_creator":"@urbeameaweb","twitter_site":"@urbeameaweb","schema":{"@context":"https:\/\/schema.org","@graph":[{"@type":"Article","@id":"https:\/\/urbeamea.ro\/albaiulia\/barbat-din-bistra-retinut-de-politisti-dupa-ce-a-spart-geamul-unei-masini-si-l-a-lovit-pe-sofer-cu-o-piatra\/#article","isPartOf":{"@id":"https:\/\/urbeamea.ro\/albaiulia\/barbat-din-bistra-retinut-de-politisti-dupa-ce-a-spart-geamul-unei-masini-si-l-a-lovit-pe-sofer-cu-o-piatra\/"},"author":{"name":"Adriana Avram","@id":"https:\/\/urbeamea.ro\/albaiulia\/#\/schema\/person\/cfaa27fc3da4a9a2cf2fee3650afc5d0"},"headline":"B\u0103rbat din Bistra, re\u021binut de poli\u021bi\u0219ti dup\u0103 ce a spart geamul unei ma\u0219ini \u0219i l-a lovit pe \u0219ofer cu o piatr\u0103","datePublished":"2016-11-16T13:29:40+00:00","mainEntityOfPage":{"@id":"https:\/\/urbeamea.ro\/albaiulia\/barbat-din-bistra-retinut-de-politisti-dupa-ce-a-spart-geamul-unei-masini-si-l-a-lovit-pe-sofer-cu-o-piatra\/"},"wordCount":201,"commentCount":0,"image":{"@id":"https:\/\/urbeamea.ro\/albaiulia\/barbat-din-bistra-retinut-de-politisti-dupa-ce-a-spart-geamul-unei-masini-si-l-a-lovit-pe-sofer-cu-o-piatra\/#primaryimage"},"thumbnailUrl":"https:\/\/urbeamea.ro\/albaiulia\/wp-content\/uploads\/2016\/01\/radare-politie1.jpg","keywords":["alba","autoutilitara","bistra","judecatoria","masuri legale","parchet","politia","retinut","Urbea Mea"],"articleSection":["Social"],"inLanguage":"ro-RO","potentialAction":[{"@type":"CommentAction","name":"Comment","target":["https:\/\/urbeamea.ro\/albaiulia\/barbat-din-bistra-retinut-de-politisti-dupa-ce-a-spart-geamul-unei-masini-si-l-a-lovit-pe-sofer-cu-o-piatra\/#respond"]}]},{"@type":"WebPage","@id":"https:\/\/urbeamea.ro\/albaiulia\/barbat-din-bistra-retinut-de-politisti-dupa-ce-a-spart-geamul-unei-masini-si-l-a-lovit-pe-sofer-cu-o-piatra\/","url":"https:\/\/urbeamea.ro\/albaiulia\/barbat-din-bistra-retinut-de-politisti-dupa-ce-a-spart-geamul-unei-masini-si-l-a-lovit-pe-sofer-cu-o-piatra\/","name":"B\u0103rbat din Bistra, re\u021binut de poli\u021bi\u0219ti dup\u0103 ce a spart geamul unei ma\u0219ini \u0219i l-a lovit pe \u0219ofer cu o piatr\u0103 - Revista Urbea Mea - Revista de Alba","isPartOf":{"@id":"https:\/\/urbeamea.ro\/albaiulia\/#website"},"primaryImageOfPage":{"@id":"https:\/\/urbeamea.ro\/albaiulia\/barbat-din-bistra-retinut-de-politisti-dupa-ce-a-spart-geamul-unei-masini-si-l-a-lovit-pe-sofer-cu-o-piatra\/#primaryimage"},"image":{"@id":"https:\/\/urbeamea.ro\/albaiulia\/barbat-din-bistra-retinut-de-politisti-dupa-ce-a-spart-geamul-unei-masini-si-l-a-lovit-pe-sofer-cu-o-piatra\/#primaryimage"},"thumbnailUrl":"https:\/\/urbeamea.ro\/albaiulia\/wp-content\/uploads\/2016\/01\/radare-politie1.jpg","datePublished":"2016-11-16T13:29:40+00:00","author":{"@id":"https:\/\/urbeamea.ro\/albaiulia\/#\/schema\/person\/cfaa27fc3da4a9a2cf2fee3650afc5d0"},"description":"Poli\u0163i\u015ftii din Bistra l-au re\u0163inut pe un b\u0103rbat din comun\u0103 care este cercetat pentru distrugere \u015fi lovire. Acesta va fi prezentat Parchetului de pe l\u00e2ng\u0103","breadcrumb":{"@id":"https:\/\/urbeamea.ro\/albaiulia\/barbat-din-bistra-retinut-de-politisti-dupa-ce-a-spart-geamul-unei-masini-si-l-a-lovit-pe-sofer-cu-o-piatra\/#breadcrumb"},"inLanguage":"ro-RO","potentialAction":[{"@type":"ReadAction","target":["https:\/\/urbeamea.ro\/albaiulia\/barbat-din-bistra-retinut-de-politisti-dupa-ce-a-spart-geamul-unei-masini-si-l-a-lovit-pe-sofer-cu-o-piatra\/"]}]},{"@type":"ImageObject","inLanguage":"ro-RO","@id":"https:\/\/urbeamea.ro\/albaiulia\/barbat-din-bistra-retinut-de-politisti-dupa-ce-a-spart-geamul-unei-masini-si-l-a-lovit-pe-sofer-cu-o-piatra\/#primaryimage","url":"https:\/\/urbeamea.ro\/albaiulia\/wp-content\/uploads\/2016\/01\/radare-politie1.jpg","contentUrl":"https:\/\/urbeamea.ro\/albaiulia\/wp-content\/uploads\/2016\/01\/radare-politie1.jpg","width":600,"height":450},{"@type":"BreadcrumbList","@id":"https:\/\/urbeamea.ro\/albaiulia\/barbat-din-bistra-retinut-de-politisti-dupa-ce-a-spart-geamul-unei-masini-si-l-a-lovit-pe-sofer-cu-o-piatra\/#breadcrumb","itemListElement":[{"@type":"ListItem","position":1,"name":"Prima pagin\u0103","item":"https:\/\/urbeamea.ro\/albaiulia\/"},{"@type":"ListItem","position":2,"name":"B\u0103rbat din Bistra, re\u021binut de poli\u021bi\u0219ti dup\u0103 ce a spart geamul unei ma\u0219ini \u0219i l-a lovit pe \u0219ofer cu o piatr\u0103"}]},{"@type":"WebSite","@id":"https:\/\/urbeamea.ro\/albaiulia\/#website","url":"https:\/\/urbeamea.ro\/albaiulia\/","name":"Revista Urbea Mea, Stiri urbane","description":"Evenimente \u0219i \u0219tiri din Alba Iulia, Sebe\u0219, Aiud, Blaj","potentialAction":[{"@type":"SearchAction","target":{"@type":"EntryPoint","urlTemplate":"https:\/\/urbeamea.ro\/albaiulia\/?s={search_term_string}"},"query-input":{"@type":"PropertyValueSpecification","valueRequired":true,"valueName":"search_term_string"}}],"inLanguage":"ro-RO"},{"@type":"Person","@id":"https:\/\/urbeamea.ro\/albaiulia\/#\/schema\/person\/cfaa27fc3da4a9a2cf2fee3650afc5d0","name":"Adriana Avram","image":{"@type":"ImageObject","inLanguage":"ro-RO","@id":"https:\/\/secure.gravatar.com\/avatar\/3cc61eb1584088e0099c1763903a6421c5ce6cdf45fc2d424046dc621efc21f9?s=96&d=mm&r=g","url":"https:\/\/secure.gravatar.com\/avatar\/3cc61eb1584088e0099c1763903a6421c5ce6cdf45fc2d424046dc621efc21f9?s=96&d=mm&r=g","contentUrl":"https:\/\/secure.gravatar.com\/avatar\/3cc61eb1584088e0099c1763903a6421c5ce6cdf45fc2d424046dc621efc21f9?s=96&d=mm&r=g","caption":"Adriana Avram"},"description":"Jurnalist","sameAs":["https:\/\/www.facebook.com\/avram.adriana.7?fref=ts"],"url":"https:\/\/urbeamea.ro\/albaiulia\/author\/adriana-avram\/"}]}},"_links":{"self":[{"href":"https:\/\/urbeamea.ro\/albaiulia\/wp-json\/wp\/v2\/posts\/35239","targetHints":{"allow":["GET"]}}],"collection":[{"href":"https:\/\/urbeamea.ro\/albaiulia\/wp-json\/wp\/v2\/posts"}],"about":[{"href":"https:\/\/urbeamea.ro\/albaiulia\/wp-json\/wp\/v2\/types\/post"}],"author":[{"embeddable":true,"href":"https:\/\/urbeamea.ro\/albaiulia\/wp-json\/wp\/v2\/users\/20"}],"replies":[{"embeddable":true,"href":"https:\/\/urbeamea.ro\/albaiulia\/wp-json\/wp\/v2\/comments?post=35239"}],"version-history":[{"count":0,"href":"https:\/\/urbeamea.ro\/albaiulia\/wp-json\/wp\/v2\/posts\/35239\/revisions"}],"wp:featuredmedia":[{"embeddable":true,"href":"https:\/\/urbeamea.ro\/albaiulia\/wp-json\/wp\/v2\/media\/16957"}],"wp:attachment":[{"href":"https:\/\/urbeamea.ro\/albaiulia\/wp-json\/wp\/v2\/media?parent=35239"}],"wp:term":[{"taxonomy":"category","embeddable":true,"href":"https:\/\/urbeamea.ro\/albaiulia\/wp-json\/wp\/v2\/categories?post=35239"},{"taxonomy":"post_tag","embeddable":true,"href":"https:\/\/urbeamea.ro\/albaiulia\/wp-json\/wp\/v2\/tags?post=35239"}],"curies":[{"name":"wp","href":"https:\/\/api.w.org\/{rel}","templated":true}]}}