{"id":35268,"date":"2016-11-17T13:18:29","date_gmt":"2016-11-17T11:18:29","guid":{"rendered":"http:\/\/urbeamea.ro\/albaiulia\/?p=35268"},"modified":"2016-11-17T13:18:29","modified_gmt":"2016-11-17T11:18:29","slug":"spitalul-orasenesc-cugir-are-noi-medici-specialisti","status":"publish","type":"post","link":"https:\/\/urbeamea.ro\/albaiulia\/spitalul-orasenesc-cugir-are-noi-medici-specialisti\/","title":{"rendered":"Spitalul Or\u0103\u015fenesc Cugir are noi medici speciali\u0219ti"},"content":{"rendered":"<p><strong><img loading=\"lazy\" decoding=\"async\" class=\"size-medium wp-image-35269 alignleft\" src=\"http:\/\/urbeamea.ro\/albaiulia\/wp-content\/uploads\/2016\/11\/spitalul-orasenesc-cugir-300x225.jpg\" alt=\"spitalul-orasenesc-cugir\" width=\"300\" height=\"225\" \/>La Spitalul Or\u0103\u015fenesc Cugir au fost angaja\u0163i, anul acesta, 7 medici noi \u00een urm\u0103toarele specialit\u0103\u0163i: psihiatrie, dermatologie, diabetologie, oftalmologie, radiologie, pneumologie, chirurgie, precum \u015fi un biolog \u00een cadrul Laboratorului de analize.\u00a0<\/strong><\/p>\n<p>Ve\u015fti bune pentru pacien\u0163ii cugireni care au nevoie de tratament pentru afec\u0163iunile pulmonare. \u00cencep\u00e2nd cu luna noiembrie, un medic pneumolog \u00ee\u015fi desf\u0103\u015foar\u0103 activitatea \u00een cadrul unit\u0103\u0163ii.<\/p>\n<p>Este vorba de dr. Angela Parastie, absolvent\u0103 a UMF din Cluj Napoca. Sosirea acesteia este de bun augur, av\u00e2nd \u00een vedere adresabilitatea tot mai crescut\u0103. Astfel, va fi func\u0163ional Compartimentul Pneumologie, prev\u0103zut cu 6 paturi \u00een structura organizatoric\u0103 a spitalului, \u00een cadrul sec\u0163iei interne.<\/p>\n<p>\u015ei Compartimentul Chirurgie are medic nou. Pe l\u00e2ng\u0103 Terezia Boruah, directorul medical al spitalului, \u015fi-a \u00eenceput activitatea Cristi C\u00e2mpeanu, medic specialist chirurg. \u00cen felul acesta, s-a rezolvat o problem\u0103 foarte important\u0103 cu care se confrunt\u0103 compartimentul cu cea mai mare adresabilitate \u015fi anume \u00eenchiderea sa pe perioada concediului singurului medic din cadrul acestuia.<\/p>\n<p><em>\u201eAt\u00e2t implicarea substan\u0163ial\u0103 a Prim\u0103riei Ora\u015fului Cugir c\u00e2t \u015fi eforturile depuse de echipa Spitalului au contribuit la rezolvarea \u00a0\u00eentr-o m\u0103sur\u0103 mul\u0163umitoare a deficitului de personal, ceea ce p\u0103rea de necrezut la un moment dat. Toate aceste lucruri au fost posibile \u0163in\u00e2nd cont de faptul c\u0103 \u00een anul 2016 s-a ob\u0163inut acreditarea spitalului de c\u0103tre ANMCS. \u00cen continuare suntem \u00een tratative cu un medic endocrinolog, un specialist ORL \u015fi un medic internist\u201d<\/em>, a precizat managerul spitalului jr. Florin Arion.<\/p>\n<p>Reamintim c\u0103 de cur\u00e2nd s-a al\u0103turat echipei medicale de la Cugir un medic radiolog, Nicoleta C\u00e2mpian, care \u015fi-a \u00eenceput activitatea \u00een luna septembrie. Serviciile de radiologie \u015fi imagistic\u0103 medical\u0103 (ecografie general\u0103, special\u0103 \u015fi CT) reprezint\u0103 investiga\u0163ii peraclinice de mare necesitate \u00een stabilirea diagnosticului de certitudine f\u0103r\u0103 de care nu poate fi asigurat\u0103 calitatea actului medical. P\u00e2n\u0103 la venirea medicului radiolog cu norm\u0103 \u00eentreag\u0103, activitatea medical\u0103 care necesit\u0103 astfel de investiga\u0163ii era mult \u00eengreunat\u0103. Mai mult dec\u00e2t at\u00e2t, cooptarea medicului radiolog a f\u0103cut posibli\u0103 demararea activit\u0103\u0163ii Computerului Tomograf din dotarea Laboratorului de Radiologie \u015fi Imagistic\u0103 Medical\u0103. Acesta este func\u0163ional din luna octombrie, dup\u0103 ce \u00een cursul lunii septembrie Comisia Na\u0163ional\u0103 pentru Controlul Activit\u0103\u0163ilor Nucleare a emis autoriza\u0163ia de func\u0163ionare.<\/p>\n<p>\u00cen total , anul acesta, la Spitalul Or\u0103\u015fenesc Cugir au fost angaja\u0163i un num\u0103r de 7 medici noi \u00een urm\u0103toarele specialit\u0103\u0163i: psihiatrie, dermatologie, diabetologie, oftalmologie, radiologie, pneumologie, chirurgie, precum \u015fi un biolog \u00een cadrul Laboratorului de analize. Spitalul Or\u0103\u015fenesc Cugir mai are \u00eencheiate contracte cu un num\u0103r de 17 medici reziden\u0163i, care la sf\u00e2r\u015fitul perioadei de reziden\u0163iat urmeaz\u0103 s\u0103-\u015fi ocupe postul \u00een cadrul unit\u0103\u0163ii.<\/p>\n<p><em>\u201eSper\u0103m c\u0103 \u00een viitor s\u0103 se p\u0103streze acest trend pozitiv al calit\u0103\u0163ii \u015fi diversit\u0103\u0163ii serviciilor medicale oferite de c\u0103tre unitatea noastr\u0103 \u00een a\u015fa fel \u00eenc\u00e2t problemele de s\u0103n\u0103tate ale locuitorilor s\u0103 fie rezolvate cu promptitudine \u015fi professionalism\u201d,<\/em> a precizat Florin Arion, managerul Spitalul Or\u0103\u015fenesc Cugir.<\/p>\n","protected":false},"excerpt":{"rendered":"<p>La Spitalul Or\u0103\u015fenesc Cugir au fost angaja\u0163i, anul acesta, 7 medici noi \u00een urm\u0103toarele specialit\u0103\u0163i: psihiatrie, dermatologie, diabetologie, oftalmologie, radiologie, pneumologie, chirurgie, precum \u015fi un biolog \u00een cadrul Laboratorului de analize.\u00a0 Ve\u015fti bune pentru pacien\u0163ii cugireni care au nevoie de tratament pentru afec\u0163iunile pulmonare. \u00cencep\u00e2nd cu luna noiembrie, un medic pneumolog \u00ee\u015fi desf\u0103\u015foar\u0103 activitatea \u00een &hellip;<\/p>\n","protected":false},"author":17,"featured_media":35269,"comment_status":"open","ping_status":"open","sticky":false,"template":"","format":"standard","meta":{"inline_featured_image":false,"footnotes":""},"categories":[255],"tags":[307,8635,8634,1424,8629,8630,8636,2456,8631,8633,8628,8632,8627,8626,308,76],"class_list":["post-35268","post","type-post","status-publish","format-standard","has-post-thumbnail","hentry","category-sanatate","tag-alba","tag-biolog","tag-chirurgie","tag-cugir","tag-dermatologie","tag-diabetologie","tag-laborator-de-analize","tag-medici","tag-oftalmologie","tag-pneumologie","tag-psihiatrie","tag-radiologie","tag-specialitati","tag-spital-orasenesc-cugir","tag-stiri","tag-urbea-mea"],"yoast_head":"<!-- This site is optimized with the Yoast SEO plugin v28.3 - https:\/\/yoast.com\/product\/yoast-seo-wordpress\/ -->\n<title>Spitalul Or\u0103\u015fenesc Cugir are noi medici speciali\u0219ti - Revista Urbea Mea - Revista de Alba<\/title>\n<meta name=\"description\" content=\"La Spitalul Or\u0103\u015fenesc Cugir au fost angaja\u0163i, anul acesta, 7 medici noi \u00een urm\u0103toarele specialit\u0103\u0163i: psihiatrie, dermatologie, diabetologie, oftalmologie,\" \/>\n<meta name=\"robots\" content=\"index, follow, max-snippet:-1, max-image-preview:large, max-video-preview:-1\" \/>\n<link rel=\"canonical\" href=\"https:\/\/urbeamea.ro\/albaiulia\/spitalul-orasenesc-cugir-are-noi-medici-specialisti\/\" \/>\n<meta name=\"twitter:card\" content=\"summary_large_image\" \/>\n<meta name=\"twitter:title\" content=\"Spitalul Or\u0103\u015fenesc Cugir are noi medici speciali\u0219ti - Revista Urbea Mea - Revista de Alba\" \/>\n<meta name=\"twitter:description\" content=\"La Spitalul Or\u0103\u015fenesc Cugir au fost angaja\u0163i, anul acesta, 7 medici noi \u00een urm\u0103toarele specialit\u0103\u0163i: psihiatrie, dermatologie, diabetologie, oftalmologie,\" \/>\n<meta name=\"twitter:image\" content=\"https:\/\/urbeamea.ro\/albaiulia\/wp-content\/uploads\/2016\/11\/spitalul-orasenesc-cugir.jpg\" \/>\n<meta name=\"twitter:creator\" content=\"@urbeameaweb\" \/>\n<meta name=\"twitter:site\" content=\"@urbeameaweb\" \/>\n<script type=\"application\/ld+json\" class=\"yoast-schema-graph\">{\"@context\":\"https:\\\/\\\/schema.org\",\"@graph\":[{\"@type\":\"Article\",\"@id\":\"https:\\\/\\\/urbeamea.ro\\\/albaiulia\\\/spitalul-orasenesc-cugir-are-noi-medici-specialisti\\\/#article\",\"isPartOf\":{\"@id\":\"https:\\\/\\\/urbeamea.ro\\\/albaiulia\\\/spitalul-orasenesc-cugir-are-noi-medici-specialisti\\\/\"},\"author\":{\"name\":\"Cristina Ganga\",\"@id\":\"https:\\\/\\\/urbeamea.ro\\\/albaiulia\\\/#\\\/schema\\\/person\\\/9700d21fae21c4f038b0b56f4506264a\"},\"headline\":\"Spitalul Or\u0103\u015fenesc Cugir are noi medici speciali\u0219ti\",\"datePublished\":\"2016-11-17T11:18:29+00:00\",\"mainEntityOfPage\":{\"@id\":\"https:\\\/\\\/urbeamea.ro\\\/albaiulia\\\/spitalul-orasenesc-cugir-are-noi-medici-specialisti\\\/\"},\"wordCount\":529,\"commentCount\":0,\"image\":{\"@id\":\"https:\\\/\\\/urbeamea.ro\\\/albaiulia\\\/spitalul-orasenesc-cugir-are-noi-medici-specialisti\\\/#primaryimage\"},\"thumbnailUrl\":\"https:\\\/\\\/urbeamea.ro\\\/albaiulia\\\/wp-content\\\/uploads\\\/2016\\\/11\\\/spitalul-orasenesc-cugir.jpg\",\"keywords\":[\"alba\",\"biolog\",\"chirurgie\",\"cugir\",\"dermatologie\",\"diabetologie\",\"laborator de analize\",\"medici\",\"oftalmologie\",\"pneumologie\",\"psihiatrie\",\"radiologie\",\"specialitati\",\"spital orasenesc cugir\",\"stiri\",\"Urbea Mea\"],\"articleSection\":[\"S\u0103n\u0103tate\"],\"inLanguage\":\"ro-RO\",\"potentialAction\":[{\"@type\":\"CommentAction\",\"name\":\"Comment\",\"target\":[\"https:\\\/\\\/urbeamea.ro\\\/albaiulia\\\/spitalul-orasenesc-cugir-are-noi-medici-specialisti\\\/#respond\"]}]},{\"@type\":\"WebPage\",\"@id\":\"https:\\\/\\\/urbeamea.ro\\\/albaiulia\\\/spitalul-orasenesc-cugir-are-noi-medici-specialisti\\\/\",\"url\":\"https:\\\/\\\/urbeamea.ro\\\/albaiulia\\\/spitalul-orasenesc-cugir-are-noi-medici-specialisti\\\/\",\"name\":\"Spitalul Or\u0103\u015fenesc Cugir are noi medici speciali\u0219ti - Revista Urbea Mea - Revista de Alba\",\"isPartOf\":{\"@id\":\"https:\\\/\\\/urbeamea.ro\\\/albaiulia\\\/#website\"},\"primaryImageOfPage\":{\"@id\":\"https:\\\/\\\/urbeamea.ro\\\/albaiulia\\\/spitalul-orasenesc-cugir-are-noi-medici-specialisti\\\/#primaryimage\"},\"image\":{\"@id\":\"https:\\\/\\\/urbeamea.ro\\\/albaiulia\\\/spitalul-orasenesc-cugir-are-noi-medici-specialisti\\\/#primaryimage\"},\"thumbnailUrl\":\"https:\\\/\\\/urbeamea.ro\\\/albaiulia\\\/wp-content\\\/uploads\\\/2016\\\/11\\\/spitalul-orasenesc-cugir.jpg\",\"datePublished\":\"2016-11-17T11:18:29+00:00\",\"author\":{\"@id\":\"https:\\\/\\\/urbeamea.ro\\\/albaiulia\\\/#\\\/schema\\\/person\\\/9700d21fae21c4f038b0b56f4506264a\"},\"description\":\"La Spitalul Or\u0103\u015fenesc Cugir au fost angaja\u0163i, anul acesta, 7 medici noi \u00een urm\u0103toarele specialit\u0103\u0163i: psihiatrie, dermatologie, diabetologie, oftalmologie,\",\"breadcrumb\":{\"@id\":\"https:\\\/\\\/urbeamea.ro\\\/albaiulia\\\/spitalul-orasenesc-cugir-are-noi-medici-specialisti\\\/#breadcrumb\"},\"inLanguage\":\"ro-RO\",\"potentialAction\":[{\"@type\":\"ReadAction\",\"target\":[\"https:\\\/\\\/urbeamea.ro\\\/albaiulia\\\/spitalul-orasenesc-cugir-are-noi-medici-specialisti\\\/\"]}]},{\"@type\":\"ImageObject\",\"inLanguage\":\"ro-RO\",\"@id\":\"https:\\\/\\\/urbeamea.ro\\\/albaiulia\\\/spitalul-orasenesc-cugir-are-noi-medici-specialisti\\\/#primaryimage\",\"url\":\"https:\\\/\\\/urbeamea.ro\\\/albaiulia\\\/wp-content\\\/uploads\\\/2016\\\/11\\\/spitalul-orasenesc-cugir.jpg\",\"contentUrl\":\"https:\\\/\\\/urbeamea.ro\\\/albaiulia\\\/wp-content\\\/uploads\\\/2016\\\/11\\\/spitalul-orasenesc-cugir.jpg\",\"width\":800,\"height\":600},{\"@type\":\"BreadcrumbList\",\"@id\":\"https:\\\/\\\/urbeamea.ro\\\/albaiulia\\\/spitalul-orasenesc-cugir-are-noi-medici-specialisti\\\/#breadcrumb\",\"itemListElement\":[{\"@type\":\"ListItem\",\"position\":1,\"name\":\"Prima pagin\u0103\",\"item\":\"https:\\\/\\\/urbeamea.ro\\\/albaiulia\\\/\"},{\"@type\":\"ListItem\",\"position\":2,\"name\":\"Spitalul Or\u0103\u015fenesc Cugir are noi medici speciali\u0219ti\"}]},{\"@type\":\"WebSite\",\"@id\":\"https:\\\/\\\/urbeamea.ro\\\/albaiulia\\\/#website\",\"url\":\"https:\\\/\\\/urbeamea.ro\\\/albaiulia\\\/\",\"name\":\"Revista Urbea Mea, Stiri urbane\",\"description\":\"Evenimente \u0219i \u0219tiri din Alba Iulia, Sebe\u0219, Aiud, Blaj\",\"potentialAction\":[{\"@type\":\"SearchAction\",\"target\":{\"@type\":\"EntryPoint\",\"urlTemplate\":\"https:\\\/\\\/urbeamea.ro\\\/albaiulia\\\/?s={search_term_string}\"},\"query-input\":{\"@type\":\"PropertyValueSpecification\",\"valueRequired\":true,\"valueName\":\"search_term_string\"}}],\"inLanguage\":\"ro-RO\"},{\"@type\":\"Person\",\"@id\":\"https:\\\/\\\/urbeamea.ro\\\/albaiulia\\\/#\\\/schema\\\/person\\\/9700d21fae21c4f038b0b56f4506264a\",\"name\":\"Cristina Ganga\",\"image\":{\"@type\":\"ImageObject\",\"inLanguage\":\"ro-RO\",\"@id\":\"https:\\\/\\\/secure.gravatar.com\\\/avatar\\\/5a67661041f057b4a8ccaf26f5a8e86e2689372006d01faf3dd9eeb10b654bb4?s=96&d=mm&r=g\",\"url\":\"https:\\\/\\\/secure.gravatar.com\\\/avatar\\\/5a67661041f057b4a8ccaf26f5a8e86e2689372006d01faf3dd9eeb10b654bb4?s=96&d=mm&r=g\",\"contentUrl\":\"https:\\\/\\\/secure.gravatar.com\\\/avatar\\\/5a67661041f057b4a8ccaf26f5a8e86e2689372006d01faf3dd9eeb10b654bb4?s=96&d=mm&r=g\",\"caption\":\"Cristina Ganga\"},\"description\":\"Jurnalist\",\"sameAs\":[\"https:\\\/\\\/www.facebook.com\\\/cristina.nicola.587\"],\"url\":\"https:\\\/\\\/urbeamea.ro\\\/albaiulia\\\/author\\\/cristina-nicola\\\/\"}]}<\/script>\n<!-- \/ Yoast SEO plugin. -->","yoast_head_json":{"title":"Spitalul Or\u0103\u015fenesc Cugir are noi medici speciali\u0219ti - Revista Urbea Mea - Revista de Alba","description":"La Spitalul Or\u0103\u015fenesc Cugir au fost angaja\u0163i, anul acesta, 7 medici noi \u00een urm\u0103toarele specialit\u0103\u0163i: psihiatrie, dermatologie, diabetologie, oftalmologie,","robots":{"index":"index","follow":"follow","max-snippet":"max-snippet:-1","max-image-preview":"max-image-preview:large","max-video-preview":"max-video-preview:-1"},"canonical":"https:\/\/urbeamea.ro\/albaiulia\/spitalul-orasenesc-cugir-are-noi-medici-specialisti\/","twitter_card":"summary_large_image","twitter_title":"Spitalul Or\u0103\u015fenesc Cugir are noi medici speciali\u0219ti - Revista Urbea Mea - Revista de Alba","twitter_description":"La Spitalul Or\u0103\u015fenesc Cugir au fost angaja\u0163i, anul acesta, 7 medici noi \u00een urm\u0103toarele specialit\u0103\u0163i: psihiatrie, dermatologie, diabetologie, oftalmologie,","twitter_image":"https:\/\/urbeamea.ro\/albaiulia\/wp-content\/uploads\/2016\/11\/spitalul-orasenesc-cugir.jpg","twitter_creator":"@urbeameaweb","twitter_site":"@urbeameaweb","schema":{"@context":"https:\/\/schema.org","@graph":[{"@type":"Article","@id":"https:\/\/urbeamea.ro\/albaiulia\/spitalul-orasenesc-cugir-are-noi-medici-specialisti\/#article","isPartOf":{"@id":"https:\/\/urbeamea.ro\/albaiulia\/spitalul-orasenesc-cugir-are-noi-medici-specialisti\/"},"author":{"name":"Cristina Ganga","@id":"https:\/\/urbeamea.ro\/albaiulia\/#\/schema\/person\/9700d21fae21c4f038b0b56f4506264a"},"headline":"Spitalul Or\u0103\u015fenesc Cugir are noi medici speciali\u0219ti","datePublished":"2016-11-17T11:18:29+00:00","mainEntityOfPage":{"@id":"https:\/\/urbeamea.ro\/albaiulia\/spitalul-orasenesc-cugir-are-noi-medici-specialisti\/"},"wordCount":529,"commentCount":0,"image":{"@id":"https:\/\/urbeamea.ro\/albaiulia\/spitalul-orasenesc-cugir-are-noi-medici-specialisti\/#primaryimage"},"thumbnailUrl":"https:\/\/urbeamea.ro\/albaiulia\/wp-content\/uploads\/2016\/11\/spitalul-orasenesc-cugir.jpg","keywords":["alba","biolog","chirurgie","cugir","dermatologie","diabetologie","laborator de analize","medici","oftalmologie","pneumologie","psihiatrie","radiologie","specialitati","spital orasenesc cugir","stiri","Urbea Mea"],"articleSection":["S\u0103n\u0103tate"],"inLanguage":"ro-RO","potentialAction":[{"@type":"CommentAction","name":"Comment","target":["https:\/\/urbeamea.ro\/albaiulia\/spitalul-orasenesc-cugir-are-noi-medici-specialisti\/#respond"]}]},{"@type":"WebPage","@id":"https:\/\/urbeamea.ro\/albaiulia\/spitalul-orasenesc-cugir-are-noi-medici-specialisti\/","url":"https:\/\/urbeamea.ro\/albaiulia\/spitalul-orasenesc-cugir-are-noi-medici-specialisti\/","name":"Spitalul Or\u0103\u015fenesc Cugir are noi medici speciali\u0219ti - Revista Urbea Mea - Revista de Alba","isPartOf":{"@id":"https:\/\/urbeamea.ro\/albaiulia\/#website"},"primaryImageOfPage":{"@id":"https:\/\/urbeamea.ro\/albaiulia\/spitalul-orasenesc-cugir-are-noi-medici-specialisti\/#primaryimage"},"image":{"@id":"https:\/\/urbeamea.ro\/albaiulia\/spitalul-orasenesc-cugir-are-noi-medici-specialisti\/#primaryimage"},"thumbnailUrl":"https:\/\/urbeamea.ro\/albaiulia\/wp-content\/uploads\/2016\/11\/spitalul-orasenesc-cugir.jpg","datePublished":"2016-11-17T11:18:29+00:00","author":{"@id":"https:\/\/urbeamea.ro\/albaiulia\/#\/schema\/person\/9700d21fae21c4f038b0b56f4506264a"},"description":"La Spitalul Or\u0103\u015fenesc Cugir au fost angaja\u0163i, anul acesta, 7 medici noi \u00een urm\u0103toarele specialit\u0103\u0163i: psihiatrie, dermatologie, diabetologie, oftalmologie,","breadcrumb":{"@id":"https:\/\/urbeamea.ro\/albaiulia\/spitalul-orasenesc-cugir-are-noi-medici-specialisti\/#breadcrumb"},"inLanguage":"ro-RO","potentialAction":[{"@type":"ReadAction","target":["https:\/\/urbeamea.ro\/albaiulia\/spitalul-orasenesc-cugir-are-noi-medici-specialisti\/"]}]},{"@type":"ImageObject","inLanguage":"ro-RO","@id":"https:\/\/urbeamea.ro\/albaiulia\/spitalul-orasenesc-cugir-are-noi-medici-specialisti\/#primaryimage","url":"https:\/\/urbeamea.ro\/albaiulia\/wp-content\/uploads\/2016\/11\/spitalul-orasenesc-cugir.jpg","contentUrl":"https:\/\/urbeamea.ro\/albaiulia\/wp-content\/uploads\/2016\/11\/spitalul-orasenesc-cugir.jpg","width":800,"height":600},{"@type":"BreadcrumbList","@id":"https:\/\/urbeamea.ro\/albaiulia\/spitalul-orasenesc-cugir-are-noi-medici-specialisti\/#breadcrumb","itemListElement":[{"@type":"ListItem","position":1,"name":"Prima pagin\u0103","item":"https:\/\/urbeamea.ro\/albaiulia\/"},{"@type":"ListItem","position":2,"name":"Spitalul Or\u0103\u015fenesc Cugir are noi medici speciali\u0219ti"}]},{"@type":"WebSite","@id":"https:\/\/urbeamea.ro\/albaiulia\/#website","url":"https:\/\/urbeamea.ro\/albaiulia\/","name":"Revista Urbea Mea, Stiri urbane","description":"Evenimente \u0219i \u0219tiri din Alba Iulia, Sebe\u0219, Aiud, Blaj","potentialAction":[{"@type":"SearchAction","target":{"@type":"EntryPoint","urlTemplate":"https:\/\/urbeamea.ro\/albaiulia\/?s={search_term_string}"},"query-input":{"@type":"PropertyValueSpecification","valueRequired":true,"valueName":"search_term_string"}}],"inLanguage":"ro-RO"},{"@type":"Person","@id":"https:\/\/urbeamea.ro\/albaiulia\/#\/schema\/person\/9700d21fae21c4f038b0b56f4506264a","name":"Cristina Ganga","image":{"@type":"ImageObject","inLanguage":"ro-RO","@id":"https:\/\/secure.gravatar.com\/avatar\/5a67661041f057b4a8ccaf26f5a8e86e2689372006d01faf3dd9eeb10b654bb4?s=96&d=mm&r=g","url":"https:\/\/secure.gravatar.com\/avatar\/5a67661041f057b4a8ccaf26f5a8e86e2689372006d01faf3dd9eeb10b654bb4?s=96&d=mm&r=g","contentUrl":"https:\/\/secure.gravatar.com\/avatar\/5a67661041f057b4a8ccaf26f5a8e86e2689372006d01faf3dd9eeb10b654bb4?s=96&d=mm&r=g","caption":"Cristina Ganga"},"description":"Jurnalist","sameAs":["https:\/\/www.facebook.com\/cristina.nicola.587"],"url":"https:\/\/urbeamea.ro\/albaiulia\/author\/cristina-nicola\/"}]}},"_links":{"self":[{"href":"https:\/\/urbeamea.ro\/albaiulia\/wp-json\/wp\/v2\/posts\/35268","targetHints":{"allow":["GET"]}}],"collection":[{"href":"https:\/\/urbeamea.ro\/albaiulia\/wp-json\/wp\/v2\/posts"}],"about":[{"href":"https:\/\/urbeamea.ro\/albaiulia\/wp-json\/wp\/v2\/types\/post"}],"author":[{"embeddable":true,"href":"https:\/\/urbeamea.ro\/albaiulia\/wp-json\/wp\/v2\/users\/17"}],"replies":[{"embeddable":true,"href":"https:\/\/urbeamea.ro\/albaiulia\/wp-json\/wp\/v2\/comments?post=35268"}],"version-history":[{"count":0,"href":"https:\/\/urbeamea.ro\/albaiulia\/wp-json\/wp\/v2\/posts\/35268\/revisions"}],"wp:featuredmedia":[{"embeddable":true,"href":"https:\/\/urbeamea.ro\/albaiulia\/wp-json\/wp\/v2\/media\/35269"}],"wp:attachment":[{"href":"https:\/\/urbeamea.ro\/albaiulia\/wp-json\/wp\/v2\/media?parent=35268"}],"wp:term":[{"taxonomy":"category","embeddable":true,"href":"https:\/\/urbeamea.ro\/albaiulia\/wp-json\/wp\/v2\/categories?post=35268"},{"taxonomy":"post_tag","embeddable":true,"href":"https:\/\/urbeamea.ro\/albaiulia\/wp-json\/wp\/v2\/tags?post=35268"}],"curies":[{"name":"wp","href":"https:\/\/api.w.org\/{rel}","templated":true}]}}