{"id":35291,"date":"2016-11-17T16:31:59","date_gmt":"2016-11-17T14:31:59","guid":{"rendered":"http:\/\/urbeamea.ro\/albaiulia\/?p=35291"},"modified":"2016-11-17T16:31:59","modified_gmt":"2016-11-17T14:31:59","slug":"foto-video-deschiderea-oficiala-a-sesiunii-stiintifice-98-de-ani-de-la-marea-unire-la-alba-iulia-florian-medrea-comandantul-garzii-nationale-de-la-alba-iulia-l","status":"publish","type":"post","link":"https:\/\/urbeamea.ro\/albaiulia\/foto-video-deschiderea-oficiala-a-sesiunii-stiintifice-98-de-ani-de-la-marea-unire-la-alba-iulia-florian-medrea-comandantul-garzii-nationale-de-la-alba-iulia-l\/","title":{"rendered":"FOTO-VIDEO: Deschiderea oficial\u0103 a sesiunii \u015ftiin\u0163ifice \u201e98 de ani de la Marea Unire\u201d, la Alba Iulia. \u201eFlorian Medrea, comandantul G\u0103rzii Na\u021bionale de la Alba Iulia\u201d, lucrare prezentat\u0103 de istoricul Tudor Ro\u0219u"},"content":{"rendered":"<p><strong><img loading=\"lazy\" decoding=\"async\" class=\"size-medium wp-image-35318 alignleft\" src=\"http:\/\/urbeamea.ro\/albaiulia\/wp-content\/uploads\/2016\/11\/DSC_0018-2-300x200.jpg\" alt=\"dsc_0018\" width=\"300\" height=\"200\" \/>Joi, \u00eencep\u00e2nd cu ora 11.00, la Sala Unirii din Alba Iulia a avut loc deschiderea\u00a0sesiunii \u015ftiin\u021bifice a <span id=\"yui_3_16_0_ym19_1_1479281980136_16629\" lang=\"ro-RO\">Muzeului Na\u0163ional al Unirii din Alba Iulia \u201eUnitate, Continuitate \u015fi Independen\u0163\u0103 \u00een Istoria Poporului Rom\u00e2n. 98 de ani de la Marea Unire (1918-2016)\u201d.<\/span><\/strong><\/p>\n<p>\u00cen deschiderea evenimentului,\u00a0istoricul Tudor Ro\u0219u de la Muzeul Na\u021bional al Unirii a prezentat o lucrare dedicat\u0103 Zilei Na\u021bionale a Rom\u00e2niei, \u0219i anume \u201eFlorian Medrea, comandantul G\u0103rzii Na\u021bionale de la Alba Iulia\u201d.<\/p>\n<p><em>\u201eTematica acestei comunic\u0103ri este dat\u0103 pe de o parte de apropierea Centenarului Unirii, mai avem doar doi ani p\u00e2n\u0103 la o mare s\u0103rb\u0103toare, \u00eemplinirea a 100 de ani de la Unirea de la Alba Iulia. Pe de alt\u0103 parte este ocazionat\u0103 de finalizarea unui proiect pe care Muzeul Na\u021bional al Unirii l-a desf\u0103\u0219urat prin finan\u021bare de la Administra\u021bia Fondului Cultural Na\u021bional. E vorba de \u201e\u021ainutele Istoriei V \u2013 Garda Na\u021bional\u0103 de la Alba Iulia\u201d, un proiect de reenactment, de reconstituire istoric\u0103 prin care noi \u00eencerc\u0103m s\u0103 d\u0103m via\u021b\u0103 unui deta\u0219ament din ceea ce a \u00eensemnat Legiunea Rom\u00e2n\u0103 de Alba Iulia sau Garda Na\u021bional\u0103 de la Alba Iulia, adic\u0103 acea unitate militar\u0103 care asigura paza ora\u0219ului, paza cet\u0103\u021benilor, \u00een timpul Marii Adun\u0103ri Na\u021bionale\u201d<\/em>, a explicat Tudor Ro\u0219u.<\/p>\n<p><iframe loading=\"lazy\" title=\"Tudor Ro\u0219u - deschiderea sesiunii \u015ftiin\u021bifice a Muzeului Na\u0163ional al Unirii din Alba Iulia\" width=\"500\" height=\"375\" src=\"https:\/\/www.youtube.com\/embed\/DLxePH6qxAQ?feature=oembed\" frameborder=\"0\" allow=\"accelerometer; autoplay; clipboard-write; encrypted-media; gyroscope; picture-in-picture; web-share\" referrerpolicy=\"strict-origin-when-cross-origin\" allowfullscreen><\/iframe><\/p>\n<p>De asemenea, prezentarea a fost \u0219i o pledoarie pentru ca la Centenarul Unirii din 2018 s\u0103 existe un bust dedicat lui Florian Medrea la Alba Iulia.<\/p>\n<p><span id=\"yui_3_16_0_ym19_1_1479281980136_16632\" lang=\"ro-RO\">\u00cen cadrul evenimentului au fost lansate \u015fi dou\u0103 c\u0103r\u0163i, respectiv volumul Apulum LIII \u2013 series Archaeologica et Anthropologica \u015fi N. Gudea, M. Zahariade, Grani\u0163a de nord a Daciei Ripensis, editura Hackert, Nederland, 2016.<\/span><\/p>\n<p><span id=\"yui_3_16_0_ym19_1_1479281980136_16629\" lang=\"ro-RO\">La evenimentul care se va desf\u0103\u0219ura \u00eentre 17-18 noiembrie la Alba Iulia vor participa speciali\u015fti din institu\u0163ii muzeale \u015fi universitare din \u00eentreaga \u0163ar\u0103 (Alba Iulia, Bucure\u015fti, Deva, Cluj-Napoca, Timi\u015foara, Re\u015fi\u0163a, Satu Mare, Sibiu, Zal\u0103u, Suceava, T\u00e2rgu Mure\u015f, Craiova, Ia\u015fi, Sinaia, Bra\u015fov \u015fi Ploie\u015fti).<\/span><\/p>\n<p><iframe loading=\"lazy\" title=\"Florian Medrea, comandantul G\u0103rzii Na\u021bionale de la Alba Iulia\" width=\"500\" height=\"375\" src=\"https:\/\/www.youtube.com\/embed\/8hw47Clso7U?feature=oembed\" frameborder=\"0\" allow=\"accelerometer; autoplay; clipboard-write; encrypted-media; gyroscope; picture-in-picture; web-share\" referrerpolicy=\"strict-origin-when-cross-origin\" allowfullscreen><\/iframe><\/p>\n<div id='gallery-1' class='gallery galleryid-35291 gallery-columns-3 gallery-size-thumbnail'><figure class='gallery-item'>\n\t\t\t<div class='gallery-icon landscape'>\n\t\t\t\t<a href='https:\/\/urbeamea.ro\/albaiulia\/wp-content\/uploads\/2016\/11\/DSC_0001-4.jpg'><img decoding=\"async\" width=\"150\" height=\"100\" src=\"data:image\/png;base64,iVBORw0KGgoAAAANSUhEUgAAAYYAAADcAQMAAABOLJSDAAAAA1BMVEUAAACnej3aAAAAAXRSTlMAQObYZgAAACJJREFUaIHtwTEBAAAAwqD1T20ND6AAAAAAAAAAAAAA4N8AKvgAAUFIrrEAAAAASUVORK5CYII=\" class=\"attachment-thumbnail size-thumbnail lazy-img\" alt=\"\" srcset=\"https:\/\/urbeamea.ro\/albaiulia\/wp-content\/uploads\/2016\/11\/DSC_0001-4-150x100.jpg 150w, https:\/\/urbeamea.ro\/albaiulia\/wp-content\/uploads\/2016\/11\/DSC_0001-4-300x200.jpg 300w, https:\/\/urbeamea.ro\/albaiulia\/wp-content\/uploads\/2016\/11\/DSC_0001-4-768x512.jpg 768w, https:\/\/urbeamea.ro\/albaiulia\/wp-content\/uploads\/2016\/11\/DSC_0001-4-1024x682.jpg 1024w, https:\/\/urbeamea.ro\/albaiulia\/wp-content\/uploads\/2016\/11\/DSC_0001-4.jpg 1280w\" sizes=\"auto, (max-width: 150px) 100vw, 150px\" data-src=\"https:\/\/urbeamea.ro\/albaiulia\/wp-content\/uploads\/2016\/11\/DSC_0001-4-150x100.jpg\" loading=\"lazy\" \/><\/a>\n\t\t\t<\/div><\/figure><figure class='gallery-item'>\n\t\t\t<div class='gallery-icon landscape'>\n\t\t\t\t<a href='https:\/\/urbeamea.ro\/albaiulia\/wp-content\/uploads\/2016\/11\/DSC_0002-3.jpg'><img decoding=\"async\" width=\"150\" height=\"100\" src=\"data:image\/png;base64,iVBORw0KGgoAAAANSUhEUgAAAYYAAADcAQMAAABOLJSDAAAAA1BMVEUAAACnej3aAAAAAXRSTlMAQObYZgAAACJJREFUaIHtwTEBAAAAwqD1T20ND6AAAAAAAAAAAAAA4N8AKvgAAUFIrrEAAAAASUVORK5CYII=\" class=\"attachment-thumbnail size-thumbnail lazy-img\" alt=\"\" srcset=\"https:\/\/urbeamea.ro\/albaiulia\/wp-content\/uploads\/2016\/11\/DSC_0002-3-150x100.jpg 150w, https:\/\/urbeamea.ro\/albaiulia\/wp-content\/uploads\/2016\/11\/DSC_0002-3-300x200.jpg 300w, https:\/\/urbeamea.ro\/albaiulia\/wp-content\/uploads\/2016\/11\/DSC_0002-3-768x512.jpg 768w, https:\/\/urbeamea.ro\/albaiulia\/wp-content\/uploads\/2016\/11\/DSC_0002-3-1024x682.jpg 1024w, https:\/\/urbeamea.ro\/albaiulia\/wp-content\/uploads\/2016\/11\/DSC_0002-3.jpg 1280w\" sizes=\"auto, (max-width: 150px) 100vw, 150px\" data-src=\"https:\/\/urbeamea.ro\/albaiulia\/wp-content\/uploads\/2016\/11\/DSC_0002-3-150x100.jpg\" loading=\"lazy\" \/><\/a>\n\t\t\t<\/div><\/figure><figure class='gallery-item'>\n\t\t\t<div class='gallery-icon landscape'>\n\t\t\t\t<a href='https:\/\/urbeamea.ro\/albaiulia\/wp-content\/uploads\/2016\/11\/DSC_0005-3.jpg'><img decoding=\"async\" width=\"150\" height=\"100\" src=\"data:image\/png;base64,iVBORw0KGgoAAAANSUhEUgAAAYYAAADcAQMAAABOLJSDAAAAA1BMVEUAAACnej3aAAAAAXRSTlMAQObYZgAAACJJREFUaIHtwTEBAAAAwqD1T20ND6AAAAAAAAAAAAAA4N8AKvgAAUFIrrEAAAAASUVORK5CYII=\" class=\"attachment-thumbnail size-thumbnail lazy-img\" alt=\"\" srcset=\"https:\/\/urbeamea.ro\/albaiulia\/wp-content\/uploads\/2016\/11\/DSC_0005-3-150x100.jpg 150w, https:\/\/urbeamea.ro\/albaiulia\/wp-content\/uploads\/2016\/11\/DSC_0005-3-300x200.jpg 300w, https:\/\/urbeamea.ro\/albaiulia\/wp-content\/uploads\/2016\/11\/DSC_0005-3-768x512.jpg 768w, https:\/\/urbeamea.ro\/albaiulia\/wp-content\/uploads\/2016\/11\/DSC_0005-3-1024x682.jpg 1024w, https:\/\/urbeamea.ro\/albaiulia\/wp-content\/uploads\/2016\/11\/DSC_0005-3.jpg 1280w\" sizes=\"auto, (max-width: 150px) 100vw, 150px\" data-src=\"https:\/\/urbeamea.ro\/albaiulia\/wp-content\/uploads\/2016\/11\/DSC_0005-3-150x100.jpg\" loading=\"lazy\" \/><\/a>\n\t\t\t<\/div><\/figure><figure class='gallery-item'>\n\t\t\t<div class='gallery-icon landscape'>\n\t\t\t\t<a href='https:\/\/urbeamea.ro\/albaiulia\/wp-content\/uploads\/2016\/11\/DSC_0006-4.jpg'><img decoding=\"async\" width=\"150\" height=\"100\" src=\"data:image\/png;base64,iVBORw0KGgoAAAANSUhEUgAAAYYAAADcAQMAAABOLJSDAAAAA1BMVEUAAACnej3aAAAAAXRSTlMAQObYZgAAACJJREFUaIHtwTEBAAAAwqD1T20ND6AAAAAAAAAAAAAA4N8AKvgAAUFIrrEAAAAASUVORK5CYII=\" class=\"attachment-thumbnail size-thumbnail lazy-img\" alt=\"\" srcset=\"https:\/\/urbeamea.ro\/albaiulia\/wp-content\/uploads\/2016\/11\/DSC_0006-4-150x100.jpg 150w, https:\/\/urbeamea.ro\/albaiulia\/wp-content\/uploads\/2016\/11\/DSC_0006-4-300x200.jpg 300w, https:\/\/urbeamea.ro\/albaiulia\/wp-content\/uploads\/2016\/11\/DSC_0006-4-768x512.jpg 768w, https:\/\/urbeamea.ro\/albaiulia\/wp-content\/uploads\/2016\/11\/DSC_0006-4-1024x682.jpg 1024w, https:\/\/urbeamea.ro\/albaiulia\/wp-content\/uploads\/2016\/11\/DSC_0006-4.jpg 1280w\" sizes=\"auto, (max-width: 150px) 100vw, 150px\" data-src=\"https:\/\/urbeamea.ro\/albaiulia\/wp-content\/uploads\/2016\/11\/DSC_0006-4-150x100.jpg\" loading=\"lazy\" \/><\/a>\n\t\t\t<\/div><\/figure><figure class='gallery-item'>\n\t\t\t<div class='gallery-icon landscape'>\n\t\t\t\t<a href='https:\/\/urbeamea.ro\/albaiulia\/wp-content\/uploads\/2016\/11\/DSC_0008-3.jpg'><img decoding=\"async\" width=\"150\" height=\"100\" src=\"data:image\/png;base64,iVBORw0KGgoAAAANSUhEUgAAAYYAAADcAQMAAABOLJSDAAAAA1BMVEUAAACnej3aAAAAAXRSTlMAQObYZgAAACJJREFUaIHtwTEBAAAAwqD1T20ND6AAAAAAAAAAAAAA4N8AKvgAAUFIrrEAAAAASUVORK5CYII=\" class=\"attachment-thumbnail size-thumbnail lazy-img\" alt=\"\" srcset=\"https:\/\/urbeamea.ro\/albaiulia\/wp-content\/uploads\/2016\/11\/DSC_0008-3-150x100.jpg 150w, https:\/\/urbeamea.ro\/albaiulia\/wp-content\/uploads\/2016\/11\/DSC_0008-3-300x200.jpg 300w, https:\/\/urbeamea.ro\/albaiulia\/wp-content\/uploads\/2016\/11\/DSC_0008-3-768x512.jpg 768w, https:\/\/urbeamea.ro\/albaiulia\/wp-content\/uploads\/2016\/11\/DSC_0008-3-1024x682.jpg 1024w, https:\/\/urbeamea.ro\/albaiulia\/wp-content\/uploads\/2016\/11\/DSC_0008-3.jpg 1280w\" sizes=\"auto, (max-width: 150px) 100vw, 150px\" data-src=\"https:\/\/urbeamea.ro\/albaiulia\/wp-content\/uploads\/2016\/11\/DSC_0008-3-150x100.jpg\" loading=\"lazy\" \/><\/a>\n\t\t\t<\/div><\/figure><figure class='gallery-item'>\n\t\t\t<div class='gallery-icon landscape'>\n\t\t\t\t<a href='https:\/\/urbeamea.ro\/albaiulia\/wp-content\/uploads\/2016\/11\/DSC_0009-5.jpg'><img decoding=\"async\" width=\"150\" height=\"100\" src=\"data:image\/png;base64,iVBORw0KGgoAAAANSUhEUgAAAYYAAADcAQMAAABOLJSDAAAAA1BMVEUAAACnej3aAAAAAXRSTlMAQObYZgAAACJJREFUaIHtwTEBAAAAwqD1T20ND6AAAAAAAAAAAAAA4N8AKvgAAUFIrrEAAAAASUVORK5CYII=\" class=\"attachment-thumbnail size-thumbnail lazy-img\" alt=\"\" srcset=\"https:\/\/urbeamea.ro\/albaiulia\/wp-content\/uploads\/2016\/11\/DSC_0009-5-150x100.jpg 150w, https:\/\/urbeamea.ro\/albaiulia\/wp-content\/uploads\/2016\/11\/DSC_0009-5-300x200.jpg 300w, https:\/\/urbeamea.ro\/albaiulia\/wp-content\/uploads\/2016\/11\/DSC_0009-5-768x512.jpg 768w, https:\/\/urbeamea.ro\/albaiulia\/wp-content\/uploads\/2016\/11\/DSC_0009-5-1024x682.jpg 1024w, https:\/\/urbeamea.ro\/albaiulia\/wp-content\/uploads\/2016\/11\/DSC_0009-5.jpg 1280w\" sizes=\"auto, (max-width: 150px) 100vw, 150px\" data-src=\"https:\/\/urbeamea.ro\/albaiulia\/wp-content\/uploads\/2016\/11\/DSC_0009-5-150x100.jpg\" loading=\"lazy\" \/><\/a>\n\t\t\t<\/div><\/figure><figure class='gallery-item'>\n\t\t\t<div class='gallery-icon landscape'>\n\t\t\t\t<a href='https:\/\/urbeamea.ro\/albaiulia\/wp-content\/uploads\/2016\/11\/DSC_0010-3.jpg'><img decoding=\"async\" width=\"150\" height=\"100\" src=\"data:image\/png;base64,iVBORw0KGgoAAAANSUhEUgAAAYYAAADcAQMAAABOLJSDAAAAA1BMVEUAAACnej3aAAAAAXRSTlMAQObYZgAAACJJREFUaIHtwTEBAAAAwqD1T20ND6AAAAAAAAAAAAAA4N8AKvgAAUFIrrEAAAAASUVORK5CYII=\" class=\"attachment-thumbnail size-thumbnail lazy-img\" alt=\"\" srcset=\"https:\/\/urbeamea.ro\/albaiulia\/wp-content\/uploads\/2016\/11\/DSC_0010-3-150x100.jpg 150w, https:\/\/urbeamea.ro\/albaiulia\/wp-content\/uploads\/2016\/11\/DSC_0010-3-300x200.jpg 300w, https:\/\/urbeamea.ro\/albaiulia\/wp-content\/uploads\/2016\/11\/DSC_0010-3-768x512.jpg 768w, https:\/\/urbeamea.ro\/albaiulia\/wp-content\/uploads\/2016\/11\/DSC_0010-3-1024x682.jpg 1024w, https:\/\/urbeamea.ro\/albaiulia\/wp-content\/uploads\/2016\/11\/DSC_0010-3.jpg 1280w\" sizes=\"auto, (max-width: 150px) 100vw, 150px\" data-src=\"https:\/\/urbeamea.ro\/albaiulia\/wp-content\/uploads\/2016\/11\/DSC_0010-3-150x100.jpg\" loading=\"lazy\" \/><\/a>\n\t\t\t<\/div><\/figure><figure class='gallery-item'>\n\t\t\t<div class='gallery-icon landscape'>\n\t\t\t\t<a href='https:\/\/urbeamea.ro\/albaiulia\/wp-content\/uploads\/2016\/11\/DSC_0011-3.jpg'><img decoding=\"async\" width=\"150\" height=\"100\" src=\"data:image\/png;base64,iVBORw0KGgoAAAANSUhEUgAAAYYAAADcAQMAAABOLJSDAAAAA1BMVEUAAACnej3aAAAAAXRSTlMAQObYZgAAACJJREFUaIHtwTEBAAAAwqD1T20ND6AAAAAAAAAAAAAA4N8AKvgAAUFIrrEAAAAASUVORK5CYII=\" class=\"attachment-thumbnail size-thumbnail lazy-img\" alt=\"\" srcset=\"https:\/\/urbeamea.ro\/albaiulia\/wp-content\/uploads\/2016\/11\/DSC_0011-3-150x100.jpg 150w, https:\/\/urbeamea.ro\/albaiulia\/wp-content\/uploads\/2016\/11\/DSC_0011-3-300x200.jpg 300w, https:\/\/urbeamea.ro\/albaiulia\/wp-content\/uploads\/2016\/11\/DSC_0011-3-768x512.jpg 768w, https:\/\/urbeamea.ro\/albaiulia\/wp-content\/uploads\/2016\/11\/DSC_0011-3-1024x682.jpg 1024w, https:\/\/urbeamea.ro\/albaiulia\/wp-content\/uploads\/2016\/11\/DSC_0011-3.jpg 1280w\" sizes=\"auto, (max-width: 150px) 100vw, 150px\" data-src=\"https:\/\/urbeamea.ro\/albaiulia\/wp-content\/uploads\/2016\/11\/DSC_0011-3-150x100.jpg\" loading=\"lazy\" \/><\/a>\n\t\t\t<\/div><\/figure><figure class='gallery-item'>\n\t\t\t<div class='gallery-icon landscape'>\n\t\t\t\t<a href='https:\/\/urbeamea.ro\/albaiulia\/wp-content\/uploads\/2016\/11\/DSC_0012-4.jpg'><img decoding=\"async\" width=\"150\" height=\"100\" src=\"data:image\/png;base64,iVBORw0KGgoAAAANSUhEUgAAAYYAAADcAQMAAABOLJSDAAAAA1BMVEUAAACnej3aAAAAAXRSTlMAQObYZgAAACJJREFUaIHtwTEBAAAAwqD1T20ND6AAAAAAAAAAAAAA4N8AKvgAAUFIrrEAAAAASUVORK5CYII=\" class=\"attachment-thumbnail size-thumbnail lazy-img\" alt=\"\" srcset=\"https:\/\/urbeamea.ro\/albaiulia\/wp-content\/uploads\/2016\/11\/DSC_0012-4-150x100.jpg 150w, https:\/\/urbeamea.ro\/albaiulia\/wp-content\/uploads\/2016\/11\/DSC_0012-4-300x200.jpg 300w, https:\/\/urbeamea.ro\/albaiulia\/wp-content\/uploads\/2016\/11\/DSC_0012-4-768x512.jpg 768w, https:\/\/urbeamea.ro\/albaiulia\/wp-content\/uploads\/2016\/11\/DSC_0012-4-1024x682.jpg 1024w, https:\/\/urbeamea.ro\/albaiulia\/wp-content\/uploads\/2016\/11\/DSC_0012-4.jpg 1280w\" sizes=\"auto, (max-width: 150px) 100vw, 150px\" data-src=\"https:\/\/urbeamea.ro\/albaiulia\/wp-content\/uploads\/2016\/11\/DSC_0012-4-150x100.jpg\" loading=\"lazy\" \/><\/a>\n\t\t\t<\/div><\/figure><figure class='gallery-item'>\n\t\t\t<div class='gallery-icon landscape'>\n\t\t\t\t<a href='https:\/\/urbeamea.ro\/albaiulia\/wp-content\/uploads\/2016\/11\/DSC_0013-5.jpg'><img decoding=\"async\" width=\"150\" height=\"100\" src=\"data:image\/png;base64,iVBORw0KGgoAAAANSUhEUgAAAYYAAADcAQMAAABOLJSDAAAAA1BMVEUAAACnej3aAAAAAXRSTlMAQObYZgAAACJJREFUaIHtwTEBAAAAwqD1T20ND6AAAAAAAAAAAAAA4N8AKvgAAUFIrrEAAAAASUVORK5CYII=\" class=\"attachment-thumbnail size-thumbnail lazy-img\" alt=\"\" srcset=\"https:\/\/urbeamea.ro\/albaiulia\/wp-content\/uploads\/2016\/11\/DSC_0013-5-150x100.jpg 150w, https:\/\/urbeamea.ro\/albaiulia\/wp-content\/uploads\/2016\/11\/DSC_0013-5-300x200.jpg 300w, https:\/\/urbeamea.ro\/albaiulia\/wp-content\/uploads\/2016\/11\/DSC_0013-5-768x512.jpg 768w, https:\/\/urbeamea.ro\/albaiulia\/wp-content\/uploads\/2016\/11\/DSC_0013-5-1024x682.jpg 1024w, https:\/\/urbeamea.ro\/albaiulia\/wp-content\/uploads\/2016\/11\/DSC_0013-5.jpg 1280w\" sizes=\"auto, (max-width: 150px) 100vw, 150px\" data-src=\"https:\/\/urbeamea.ro\/albaiulia\/wp-content\/uploads\/2016\/11\/DSC_0013-5-150x100.jpg\" loading=\"lazy\" \/><\/a>\n\t\t\t<\/div><\/figure><figure class='gallery-item'>\n\t\t\t<div class='gallery-icon landscape'>\n\t\t\t\t<a href='https:\/\/urbeamea.ro\/albaiulia\/wp-content\/uploads\/2016\/11\/DSC_0014-3.jpg'><img decoding=\"async\" width=\"150\" height=\"100\" src=\"data:image\/png;base64,iVBORw0KGgoAAAANSUhEUgAAAYYAAADcAQMAAABOLJSDAAAAA1BMVEUAAACnej3aAAAAAXRSTlMAQObYZgAAACJJREFUaIHtwTEBAAAAwqD1T20ND6AAAAAAAAAAAAAA4N8AKvgAAUFIrrEAAAAASUVORK5CYII=\" class=\"attachment-thumbnail size-thumbnail lazy-img\" alt=\"\" srcset=\"https:\/\/urbeamea.ro\/albaiulia\/wp-content\/uploads\/2016\/11\/DSC_0014-3-150x100.jpg 150w, https:\/\/urbeamea.ro\/albaiulia\/wp-content\/uploads\/2016\/11\/DSC_0014-3-300x200.jpg 300w, https:\/\/urbeamea.ro\/albaiulia\/wp-content\/uploads\/2016\/11\/DSC_0014-3-768x512.jpg 768w, https:\/\/urbeamea.ro\/albaiulia\/wp-content\/uploads\/2016\/11\/DSC_0014-3-1024x682.jpg 1024w, https:\/\/urbeamea.ro\/albaiulia\/wp-content\/uploads\/2016\/11\/DSC_0014-3.jpg 1280w\" sizes=\"auto, (max-width: 150px) 100vw, 150px\" data-src=\"https:\/\/urbeamea.ro\/albaiulia\/wp-content\/uploads\/2016\/11\/DSC_0014-3-150x100.jpg\" loading=\"lazy\" \/><\/a>\n\t\t\t<\/div><\/figure><figure class='gallery-item'>\n\t\t\t<div class='gallery-icon landscape'>\n\t\t\t\t<a href='https:\/\/urbeamea.ro\/albaiulia\/wp-content\/uploads\/2016\/11\/DSC_0015-4.jpg'><img decoding=\"async\" width=\"150\" height=\"100\" src=\"data:image\/png;base64,iVBORw0KGgoAAAANSUhEUgAAAYYAAADcAQMAAABOLJSDAAAAA1BMVEUAAACnej3aAAAAAXRSTlMAQObYZgAAACJJREFUaIHtwTEBAAAAwqD1T20ND6AAAAAAAAAAAAAA4N8AKvgAAUFIrrEAAAAASUVORK5CYII=\" class=\"attachment-thumbnail size-thumbnail lazy-img\" alt=\"\" srcset=\"https:\/\/urbeamea.ro\/albaiulia\/wp-content\/uploads\/2016\/11\/DSC_0015-4-150x100.jpg 150w, https:\/\/urbeamea.ro\/albaiulia\/wp-content\/uploads\/2016\/11\/DSC_0015-4-300x200.jpg 300w, https:\/\/urbeamea.ro\/albaiulia\/wp-content\/uploads\/2016\/11\/DSC_0015-4-768x512.jpg 768w, https:\/\/urbeamea.ro\/albaiulia\/wp-content\/uploads\/2016\/11\/DSC_0015-4-1024x682.jpg 1024w, https:\/\/urbeamea.ro\/albaiulia\/wp-content\/uploads\/2016\/11\/DSC_0015-4.jpg 1280w\" sizes=\"auto, (max-width: 150px) 100vw, 150px\" data-src=\"https:\/\/urbeamea.ro\/albaiulia\/wp-content\/uploads\/2016\/11\/DSC_0015-4-150x100.jpg\" loading=\"lazy\" \/><\/a>\n\t\t\t<\/div><\/figure><figure class='gallery-item'>\n\t\t\t<div class='gallery-icon landscape'>\n\t\t\t\t<a href='https:\/\/urbeamea.ro\/albaiulia\/wp-content\/uploads\/2016\/11\/DSC_0016-3.jpg'><img decoding=\"async\" width=\"150\" height=\"100\" src=\"data:image\/png;base64,iVBORw0KGgoAAAANSUhEUgAAAYYAAADcAQMAAABOLJSDAAAAA1BMVEUAAACnej3aAAAAAXRSTlMAQObYZgAAACJJREFUaIHtwTEBAAAAwqD1T20ND6AAAAAAAAAAAAAA4N8AKvgAAUFIrrEAAAAASUVORK5CYII=\" class=\"attachment-thumbnail size-thumbnail lazy-img\" alt=\"\" srcset=\"https:\/\/urbeamea.ro\/albaiulia\/wp-content\/uploads\/2016\/11\/DSC_0016-3-150x100.jpg 150w, https:\/\/urbeamea.ro\/albaiulia\/wp-content\/uploads\/2016\/11\/DSC_0016-3-300x200.jpg 300w, https:\/\/urbeamea.ro\/albaiulia\/wp-content\/uploads\/2016\/11\/DSC_0016-3-768x512.jpg 768w, https:\/\/urbeamea.ro\/albaiulia\/wp-content\/uploads\/2016\/11\/DSC_0016-3-1024x682.jpg 1024w, https:\/\/urbeamea.ro\/albaiulia\/wp-content\/uploads\/2016\/11\/DSC_0016-3.jpg 1280w\" sizes=\"auto, (max-width: 150px) 100vw, 150px\" data-src=\"https:\/\/urbeamea.ro\/albaiulia\/wp-content\/uploads\/2016\/11\/DSC_0016-3-150x100.jpg\" loading=\"lazy\" \/><\/a>\n\t\t\t<\/div><\/figure><figure class='gallery-item'>\n\t\t\t<div class='gallery-icon landscape'>\n\t\t\t\t<a href='https:\/\/urbeamea.ro\/albaiulia\/wp-content\/uploads\/2016\/11\/DSC_0017-4.jpg'><img decoding=\"async\" width=\"150\" height=\"100\" src=\"data:image\/png;base64,iVBORw0KGgoAAAANSUhEUgAAAYYAAADcAQMAAABOLJSDAAAAA1BMVEUAAACnej3aAAAAAXRSTlMAQObYZgAAACJJREFUaIHtwTEBAAAAwqD1T20ND6AAAAAAAAAAAAAA4N8AKvgAAUFIrrEAAAAASUVORK5CYII=\" class=\"attachment-thumbnail size-thumbnail lazy-img\" alt=\"\" srcset=\"https:\/\/urbeamea.ro\/albaiulia\/wp-content\/uploads\/2016\/11\/DSC_0017-4-150x100.jpg 150w, https:\/\/urbeamea.ro\/albaiulia\/wp-content\/uploads\/2016\/11\/DSC_0017-4-300x200.jpg 300w, https:\/\/urbeamea.ro\/albaiulia\/wp-content\/uploads\/2016\/11\/DSC_0017-4-768x512.jpg 768w, https:\/\/urbeamea.ro\/albaiulia\/wp-content\/uploads\/2016\/11\/DSC_0017-4-1024x682.jpg 1024w, https:\/\/urbeamea.ro\/albaiulia\/wp-content\/uploads\/2016\/11\/DSC_0017-4.jpg 1280w\" sizes=\"auto, (max-width: 150px) 100vw, 150px\" data-src=\"https:\/\/urbeamea.ro\/albaiulia\/wp-content\/uploads\/2016\/11\/DSC_0017-4-150x100.jpg\" loading=\"lazy\" \/><\/a>\n\t\t\t<\/div><\/figure><figure class='gallery-item'>\n\t\t\t<div class='gallery-icon landscape'>\n\t\t\t\t<a href='https:\/\/urbeamea.ro\/albaiulia\/wp-content\/uploads\/2016\/11\/DSC_0018-2.jpg'><img decoding=\"async\" width=\"150\" height=\"100\" src=\"data:image\/png;base64,iVBORw0KGgoAAAANSUhEUgAAAYYAAADcAQMAAABOLJSDAAAAA1BMVEUAAACnej3aAAAAAXRSTlMAQObYZgAAACJJREFUaIHtwTEBAAAAwqD1T20ND6AAAAAAAAAAAAAA4N8AKvgAAUFIrrEAAAAASUVORK5CYII=\" class=\"attachment-thumbnail size-thumbnail lazy-img\" alt=\"\" srcset=\"https:\/\/urbeamea.ro\/albaiulia\/wp-content\/uploads\/2016\/11\/DSC_0018-2-150x100.jpg 150w, https:\/\/urbeamea.ro\/albaiulia\/wp-content\/uploads\/2016\/11\/DSC_0018-2-640x427.jpg 640w, https:\/\/urbeamea.ro\/albaiulia\/wp-content\/uploads\/2016\/11\/DSC_0018-2-768x512.jpg 768w, https:\/\/urbeamea.ro\/albaiulia\/wp-content\/uploads\/2016\/11\/DSC_0018-2-1024x682.jpg 1024w, https:\/\/urbeamea.ro\/albaiulia\/wp-content\/uploads\/2016\/11\/DSC_0018-2-1200x800.jpg 1200w, https:\/\/urbeamea.ro\/albaiulia\/wp-content\/uploads\/2016\/11\/DSC_0018-2.jpg 1280w\" sizes=\"auto, (max-width: 150px) 100vw, 150px\" data-src=\"https:\/\/urbeamea.ro\/albaiulia\/wp-content\/uploads\/2016\/11\/DSC_0018-2-150x100.jpg\" loading=\"lazy\" \/><\/a>\n\t\t\t<\/div><\/figure><figure class='gallery-item'>\n\t\t\t<div class='gallery-icon landscape'>\n\t\t\t\t<a href='https:\/\/urbeamea.ro\/albaiulia\/wp-content\/uploads\/2016\/11\/DSC_0019-4.jpg'><img decoding=\"async\" width=\"150\" height=\"100\" src=\"data:image\/png;base64,iVBORw0KGgoAAAANSUhEUgAAAYYAAADcAQMAAABOLJSDAAAAA1BMVEUAAACnej3aAAAAAXRSTlMAQObYZgAAACJJREFUaIHtwTEBAAAAwqD1T20ND6AAAAAAAAAAAAAA4N8AKvgAAUFIrrEAAAAASUVORK5CYII=\" class=\"attachment-thumbnail size-thumbnail lazy-img\" alt=\"\" srcset=\"https:\/\/urbeamea.ro\/albaiulia\/wp-content\/uploads\/2016\/11\/DSC_0019-4-150x100.jpg 150w, https:\/\/urbeamea.ro\/albaiulia\/wp-content\/uploads\/2016\/11\/DSC_0019-4-300x200.jpg 300w, https:\/\/urbeamea.ro\/albaiulia\/wp-content\/uploads\/2016\/11\/DSC_0019-4-768x512.jpg 768w, https:\/\/urbeamea.ro\/albaiulia\/wp-content\/uploads\/2016\/11\/DSC_0019-4-1024x682.jpg 1024w, https:\/\/urbeamea.ro\/albaiulia\/wp-content\/uploads\/2016\/11\/DSC_0019-4.jpg 1280w\" sizes=\"auto, (max-width: 150px) 100vw, 150px\" data-src=\"https:\/\/urbeamea.ro\/albaiulia\/wp-content\/uploads\/2016\/11\/DSC_0019-4-150x100.jpg\" loading=\"lazy\" \/><\/a>\n\t\t\t<\/div><\/figure><figure class='gallery-item'>\n\t\t\t<div class='gallery-icon landscape'>\n\t\t\t\t<a href='https:\/\/urbeamea.ro\/albaiulia\/wp-content\/uploads\/2016\/11\/DSC_0020-2.jpg'><img decoding=\"async\" width=\"150\" height=\"100\" src=\"data:image\/png;base64,iVBORw0KGgoAAAANSUhEUgAAAYYAAADcAQMAAABOLJSDAAAAA1BMVEUAAACnej3aAAAAAXRSTlMAQObYZgAAACJJREFUaIHtwTEBAAAAwqD1T20ND6AAAAAAAAAAAAAA4N8AKvgAAUFIrrEAAAAASUVORK5CYII=\" class=\"attachment-thumbnail size-thumbnail lazy-img\" alt=\"\" srcset=\"https:\/\/urbeamea.ro\/albaiulia\/wp-content\/uploads\/2016\/11\/DSC_0020-2-150x100.jpg 150w, https:\/\/urbeamea.ro\/albaiulia\/wp-content\/uploads\/2016\/11\/DSC_0020-2-300x200.jpg 300w, https:\/\/urbeamea.ro\/albaiulia\/wp-content\/uploads\/2016\/11\/DSC_0020-2-768x512.jpg 768w, https:\/\/urbeamea.ro\/albaiulia\/wp-content\/uploads\/2016\/11\/DSC_0020-2-1024x682.jpg 1024w, https:\/\/urbeamea.ro\/albaiulia\/wp-content\/uploads\/2016\/11\/DSC_0020-2.jpg 1280w\" sizes=\"auto, (max-width: 150px) 100vw, 150px\" data-src=\"https:\/\/urbeamea.ro\/albaiulia\/wp-content\/uploads\/2016\/11\/DSC_0020-2-150x100.jpg\" loading=\"lazy\" \/><\/a>\n\t\t\t<\/div><\/figure><figure class='gallery-item'>\n\t\t\t<div class='gallery-icon landscape'>\n\t\t\t\t<a href='https:\/\/urbeamea.ro\/albaiulia\/wp-content\/uploads\/2016\/11\/DSC_0021-2.jpg'><img decoding=\"async\" width=\"150\" height=\"100\" src=\"data:image\/png;base64,iVBORw0KGgoAAAANSUhEUgAAAYYAAADcAQMAAABOLJSDAAAAA1BMVEUAAACnej3aAAAAAXRSTlMAQObYZgAAACJJREFUaIHtwTEBAAAAwqD1T20ND6AAAAAAAAAAAAAA4N8AKvgAAUFIrrEAAAAASUVORK5CYII=\" class=\"attachment-thumbnail size-thumbnail lazy-img\" alt=\"\" srcset=\"https:\/\/urbeamea.ro\/albaiulia\/wp-content\/uploads\/2016\/11\/DSC_0021-2-150x100.jpg 150w, https:\/\/urbeamea.ro\/albaiulia\/wp-content\/uploads\/2016\/11\/DSC_0021-2-300x200.jpg 300w, https:\/\/urbeamea.ro\/albaiulia\/wp-content\/uploads\/2016\/11\/DSC_0021-2-768x512.jpg 768w, https:\/\/urbeamea.ro\/albaiulia\/wp-content\/uploads\/2016\/11\/DSC_0021-2-1024x682.jpg 1024w, https:\/\/urbeamea.ro\/albaiulia\/wp-content\/uploads\/2016\/11\/DSC_0021-2.jpg 1280w\" sizes=\"auto, (max-width: 150px) 100vw, 150px\" data-src=\"https:\/\/urbeamea.ro\/albaiulia\/wp-content\/uploads\/2016\/11\/DSC_0021-2-150x100.jpg\" loading=\"lazy\" \/><\/a>\n\t\t\t<\/div><\/figure>\n\t\t<\/div>\n\n","protected":false},"excerpt":{"rendered":"<p>Joi, \u00eencep\u00e2nd cu ora 11.00, la Sala Unirii din Alba Iulia a avut loc deschiderea\u00a0sesiunii \u015ftiin\u021bifice a Muzeului Na\u0163ional al Unirii din Alba Iulia \u201eUnitate, Continuitate \u015fi Independen\u0163\u0103 \u00een Istoria Poporului Rom\u00e2n. 98 de ani de la Marea Unire (1918-2016)\u201d. \u00cen deschiderea evenimentului,\u00a0istoricul Tudor Ro\u0219u de la Muzeul Na\u021bional al Unirii a prezentat o lucrare &hellip;<\/p>\n","protected":false},"author":17,"featured_media":35318,"comment_status":"open","ping_status":"open","sticky":false,"template":"","format":"standard","meta":{"inline_featured_image":false,"footnotes":""},"categories":[2038],"tags":[8651,8653,7368,1293,8654,421,1191,8652,308,2800,76],"class_list":["post-35291","post","type-post","status-publish","format-standard","has-post-thumbnail","hentry","category-cultura","tag-alb-iulia","tag-comandant","tag-deschidere","tag-florian-medrea","tag-garda-nationala-de-la-alba-iulia","tag-muzeul-national-al-unirii","tag-sala-unirii","tag-sesiune-stiintifica","tag-stiri","tag-tudor-rosu","tag-urbea-mea"],"yoast_head":"<!-- This site is optimized with the Yoast SEO plugin v28.3 - https:\/\/yoast.com\/product\/yoast-seo-wordpress\/ -->\n<title>FOTO-VIDEO: Deschiderea oficial\u0103 a sesiunii \u015ftiin\u0163ifice \u201e98 de ani de la Marea Unire\u201d, la Alba Iulia. \u201eFlorian Medrea, comandantul G\u0103rzii Na\u021bionale de la Alba Iulia\u201d, lucrare prezentat\u0103 de istoricul Tudor Ro\u0219u - Revista Urbea Mea - Revista de Alba<\/title>\n<meta name=\"description\" content=\"Joi, \u00eencep\u00e2nd cu ora 11.00, la Sala Unirii din Alba Iulia a avut loc deschiderea\u00a0sesiunii \u015ftiin\u021bifice a Muzeului Na\u0163ional al Unirii din Alba Iulia\" \/>\n<meta name=\"robots\" content=\"index, follow, max-snippet:-1, max-image-preview:large, max-video-preview:-1\" \/>\n<link rel=\"canonical\" href=\"https:\/\/urbeamea.ro\/albaiulia\/foto-video-deschiderea-oficiala-a-sesiunii-stiintifice-98-de-ani-de-la-marea-unire-la-alba-iulia-florian-medrea-comandantul-garzii-nationale-de-la-alba-iulia-l\/\" \/>\n<meta name=\"twitter:card\" content=\"summary_large_image\" \/>\n<meta name=\"twitter:title\" content=\"FOTO-VIDEO: Deschiderea oficial\u0103 a sesiunii \u015ftiin\u0163ifice \u201e98 de ani de la Marea Unire\u201d, la Alba Iulia. \u201eFlorian Medrea, comandantul G\u0103rzii Na\u021bionale de la Alba Iulia\u201d, lucrare prezentat\u0103 de istoricul Tudor Ro\u0219u - Revista Urbea Mea - Revista de Alba\" \/>\n<meta name=\"twitter:description\" content=\"Joi, \u00eencep\u00e2nd cu ora 11.00, la Sala Unirii din Alba Iulia a avut loc deschiderea\u00a0sesiunii \u015ftiin\u021bifice a Muzeului Na\u0163ional al Unirii din Alba Iulia\" \/>\n<meta name=\"twitter:image\" content=\"https:\/\/urbeamea.ro\/albaiulia\/wp-content\/uploads\/2016\/11\/DSC_0018-2.jpg\" \/>\n<meta name=\"twitter:creator\" content=\"@urbeameaweb\" \/>\n<meta name=\"twitter:site\" content=\"@urbeameaweb\" \/>\n<script type=\"application\/ld+json\" class=\"yoast-schema-graph\">{\"@context\":\"https:\\\/\\\/schema.org\",\"@graph\":[{\"@type\":\"Article\",\"@id\":\"https:\\\/\\\/urbeamea.ro\\\/albaiulia\\\/foto-video-deschiderea-oficiala-a-sesiunii-stiintifice-98-de-ani-de-la-marea-unire-la-alba-iulia-florian-medrea-comandantul-garzii-nationale-de-la-alba-iulia-l\\\/#article\",\"isPartOf\":{\"@id\":\"https:\\\/\\\/urbeamea.ro\\\/albaiulia\\\/foto-video-deschiderea-oficiala-a-sesiunii-stiintifice-98-de-ani-de-la-marea-unire-la-alba-iulia-florian-medrea-comandantul-garzii-nationale-de-la-alba-iulia-l\\\/\"},\"author\":{\"name\":\"Cristina Ganga\",\"@id\":\"https:\\\/\\\/urbeamea.ro\\\/albaiulia\\\/#\\\/schema\\\/person\\\/9700d21fae21c4f038b0b56f4506264a\"},\"headline\":\"FOTO-VIDEO: Deschiderea oficial\u0103 a sesiunii \u015ftiin\u0163ifice \u201e98 de ani de la Marea Unire\u201d, la Alba Iulia. \u201eFlorian Medrea, comandantul G\u0103rzii Na\u021bionale de la Alba Iulia\u201d, lucrare prezentat\u0103 de istoricul Tudor Ro\u0219u\",\"datePublished\":\"2016-11-17T14:31:59+00:00\",\"mainEntityOfPage\":{\"@id\":\"https:\\\/\\\/urbeamea.ro\\\/albaiulia\\\/foto-video-deschiderea-oficiala-a-sesiunii-stiintifice-98-de-ani-de-la-marea-unire-la-alba-iulia-florian-medrea-comandantul-garzii-nationale-de-la-alba-iulia-l\\\/\"},\"wordCount\":388,\"commentCount\":0,\"image\":{\"@id\":\"https:\\\/\\\/urbeamea.ro\\\/albaiulia\\\/foto-video-deschiderea-oficiala-a-sesiunii-stiintifice-98-de-ani-de-la-marea-unire-la-alba-iulia-florian-medrea-comandantul-garzii-nationale-de-la-alba-iulia-l\\\/#primaryimage\"},\"thumbnailUrl\":\"https:\\\/\\\/urbeamea.ro\\\/albaiulia\\\/wp-content\\\/uploads\\\/2016\\\/11\\\/DSC_0018-2.jpg\",\"keywords\":[\"alb iulia\",\"comandant\",\"deschidere\",\"florian medrea\",\"garda nationala de la alba iulia\",\"muzeul national al unirii\",\"sala unirii\",\"sesiune stiintifica\",\"stiri\",\"Tudor Ro\u0219u\",\"Urbea Mea\"],\"articleSection\":[\"Cultur\u0103\"],\"inLanguage\":\"ro-RO\",\"potentialAction\":[{\"@type\":\"CommentAction\",\"name\":\"Comment\",\"target\":[\"https:\\\/\\\/urbeamea.ro\\\/albaiulia\\\/foto-video-deschiderea-oficiala-a-sesiunii-stiintifice-98-de-ani-de-la-marea-unire-la-alba-iulia-florian-medrea-comandantul-garzii-nationale-de-la-alba-iulia-l\\\/#respond\"]}]},{\"@type\":\"WebPage\",\"@id\":\"https:\\\/\\\/urbeamea.ro\\\/albaiulia\\\/foto-video-deschiderea-oficiala-a-sesiunii-stiintifice-98-de-ani-de-la-marea-unire-la-alba-iulia-florian-medrea-comandantul-garzii-nationale-de-la-alba-iulia-l\\\/\",\"url\":\"https:\\\/\\\/urbeamea.ro\\\/albaiulia\\\/foto-video-deschiderea-oficiala-a-sesiunii-stiintifice-98-de-ani-de-la-marea-unire-la-alba-iulia-florian-medrea-comandantul-garzii-nationale-de-la-alba-iulia-l\\\/\",\"name\":\"FOTO-VIDEO: Deschiderea oficial\u0103 a sesiunii \u015ftiin\u0163ifice \u201e98 de ani de la Marea Unire\u201d, la Alba Iulia. \u201eFlorian Medrea, comandantul G\u0103rzii Na\u021bionale de la Alba Iulia\u201d, lucrare prezentat\u0103 de istoricul Tudor Ro\u0219u - Revista Urbea Mea - Revista de Alba\",\"isPartOf\":{\"@id\":\"https:\\\/\\\/urbeamea.ro\\\/albaiulia\\\/#website\"},\"primaryImageOfPage\":{\"@id\":\"https:\\\/\\\/urbeamea.ro\\\/albaiulia\\\/foto-video-deschiderea-oficiala-a-sesiunii-stiintifice-98-de-ani-de-la-marea-unire-la-alba-iulia-florian-medrea-comandantul-garzii-nationale-de-la-alba-iulia-l\\\/#primaryimage\"},\"image\":{\"@id\":\"https:\\\/\\\/urbeamea.ro\\\/albaiulia\\\/foto-video-deschiderea-oficiala-a-sesiunii-stiintifice-98-de-ani-de-la-marea-unire-la-alba-iulia-florian-medrea-comandantul-garzii-nationale-de-la-alba-iulia-l\\\/#primaryimage\"},\"thumbnailUrl\":\"https:\\\/\\\/urbeamea.ro\\\/albaiulia\\\/wp-content\\\/uploads\\\/2016\\\/11\\\/DSC_0018-2.jpg\",\"datePublished\":\"2016-11-17T14:31:59+00:00\",\"author\":{\"@id\":\"https:\\\/\\\/urbeamea.ro\\\/albaiulia\\\/#\\\/schema\\\/person\\\/9700d21fae21c4f038b0b56f4506264a\"},\"description\":\"Joi, \u00eencep\u00e2nd cu ora 11.00, la Sala Unirii din Alba Iulia a avut loc deschiderea\u00a0sesiunii \u015ftiin\u021bifice a Muzeului Na\u0163ional al Unirii din Alba Iulia\",\"breadcrumb\":{\"@id\":\"https:\\\/\\\/urbeamea.ro\\\/albaiulia\\\/foto-video-deschiderea-oficiala-a-sesiunii-stiintifice-98-de-ani-de-la-marea-unire-la-alba-iulia-florian-medrea-comandantul-garzii-nationale-de-la-alba-iulia-l\\\/#breadcrumb\"},\"inLanguage\":\"ro-RO\",\"potentialAction\":[{\"@type\":\"ReadAction\",\"target\":[\"https:\\\/\\\/urbeamea.ro\\\/albaiulia\\\/foto-video-deschiderea-oficiala-a-sesiunii-stiintifice-98-de-ani-de-la-marea-unire-la-alba-iulia-florian-medrea-comandantul-garzii-nationale-de-la-alba-iulia-l\\\/\"]}]},{\"@type\":\"ImageObject\",\"inLanguage\":\"ro-RO\",\"@id\":\"https:\\\/\\\/urbeamea.ro\\\/albaiulia\\\/foto-video-deschiderea-oficiala-a-sesiunii-stiintifice-98-de-ani-de-la-marea-unire-la-alba-iulia-florian-medrea-comandantul-garzii-nationale-de-la-alba-iulia-l\\\/#primaryimage\",\"url\":\"https:\\\/\\\/urbeamea.ro\\\/albaiulia\\\/wp-content\\\/uploads\\\/2016\\\/11\\\/DSC_0018-2.jpg\",\"contentUrl\":\"https:\\\/\\\/urbeamea.ro\\\/albaiulia\\\/wp-content\\\/uploads\\\/2016\\\/11\\\/DSC_0018-2.jpg\",\"width\":1280,\"height\":853},{\"@type\":\"BreadcrumbList\",\"@id\":\"https:\\\/\\\/urbeamea.ro\\\/albaiulia\\\/foto-video-deschiderea-oficiala-a-sesiunii-stiintifice-98-de-ani-de-la-marea-unire-la-alba-iulia-florian-medrea-comandantul-garzii-nationale-de-la-alba-iulia-l\\\/#breadcrumb\",\"itemListElement\":[{\"@type\":\"ListItem\",\"position\":1,\"name\":\"Prima pagin\u0103\",\"item\":\"https:\\\/\\\/urbeamea.ro\\\/albaiulia\\\/\"},{\"@type\":\"ListItem\",\"position\":2,\"name\":\"FOTO-VIDEO: Deschiderea oficial\u0103 a sesiunii \u015ftiin\u0163ifice \u201e98 de ani de la Marea Unire\u201d, la Alba Iulia. \u201eFlorian Medrea, comandantul G\u0103rzii Na\u021bionale de la Alba Iulia\u201d, lucrare prezentat\u0103 de istoricul Tudor Ro\u0219u\"}]},{\"@type\":\"WebSite\",\"@id\":\"https:\\\/\\\/urbeamea.ro\\\/albaiulia\\\/#website\",\"url\":\"https:\\\/\\\/urbeamea.ro\\\/albaiulia\\\/\",\"name\":\"Revista Urbea Mea, Stiri urbane\",\"description\":\"Evenimente \u0219i \u0219tiri din Alba Iulia, Sebe\u0219, Aiud, Blaj\",\"potentialAction\":[{\"@type\":\"SearchAction\",\"target\":{\"@type\":\"EntryPoint\",\"urlTemplate\":\"https:\\\/\\\/urbeamea.ro\\\/albaiulia\\\/?s={search_term_string}\"},\"query-input\":{\"@type\":\"PropertyValueSpecification\",\"valueRequired\":true,\"valueName\":\"search_term_string\"}}],\"inLanguage\":\"ro-RO\"},{\"@type\":\"Person\",\"@id\":\"https:\\\/\\\/urbeamea.ro\\\/albaiulia\\\/#\\\/schema\\\/person\\\/9700d21fae21c4f038b0b56f4506264a\",\"name\":\"Cristina Ganga\",\"image\":{\"@type\":\"ImageObject\",\"inLanguage\":\"ro-RO\",\"@id\":\"https:\\\/\\\/secure.gravatar.com\\\/avatar\\\/5a67661041f057b4a8ccaf26f5a8e86e2689372006d01faf3dd9eeb10b654bb4?s=96&d=mm&r=g\",\"url\":\"https:\\\/\\\/secure.gravatar.com\\\/avatar\\\/5a67661041f057b4a8ccaf26f5a8e86e2689372006d01faf3dd9eeb10b654bb4?s=96&d=mm&r=g\",\"contentUrl\":\"https:\\\/\\\/secure.gravatar.com\\\/avatar\\\/5a67661041f057b4a8ccaf26f5a8e86e2689372006d01faf3dd9eeb10b654bb4?s=96&d=mm&r=g\",\"caption\":\"Cristina Ganga\"},\"description\":\"Jurnalist\",\"sameAs\":[\"https:\\\/\\\/www.facebook.com\\\/cristina.nicola.587\"],\"url\":\"https:\\\/\\\/urbeamea.ro\\\/albaiulia\\\/author\\\/cristina-nicola\\\/\"}]}<\/script>\n<!-- \/ Yoast SEO plugin. -->","yoast_head_json":{"title":"FOTO-VIDEO: Deschiderea oficial\u0103 a sesiunii \u015ftiin\u0163ifice \u201e98 de ani de la Marea Unire\u201d, la Alba Iulia. \u201eFlorian Medrea, comandantul G\u0103rzii Na\u021bionale de la Alba Iulia\u201d, lucrare prezentat\u0103 de istoricul Tudor Ro\u0219u - Revista Urbea Mea - Revista de Alba","description":"Joi, \u00eencep\u00e2nd cu ora 11.00, la Sala Unirii din Alba Iulia a avut loc deschiderea\u00a0sesiunii \u015ftiin\u021bifice a Muzeului Na\u0163ional al Unirii din Alba Iulia","robots":{"index":"index","follow":"follow","max-snippet":"max-snippet:-1","max-image-preview":"max-image-preview:large","max-video-preview":"max-video-preview:-1"},"canonical":"https:\/\/urbeamea.ro\/albaiulia\/foto-video-deschiderea-oficiala-a-sesiunii-stiintifice-98-de-ani-de-la-marea-unire-la-alba-iulia-florian-medrea-comandantul-garzii-nationale-de-la-alba-iulia-l\/","twitter_card":"summary_large_image","twitter_title":"FOTO-VIDEO: Deschiderea oficial\u0103 a sesiunii \u015ftiin\u0163ifice \u201e98 de ani de la Marea Unire\u201d, la Alba Iulia. \u201eFlorian Medrea, comandantul G\u0103rzii Na\u021bionale de la Alba Iulia\u201d, lucrare prezentat\u0103 de istoricul Tudor Ro\u0219u - Revista Urbea Mea - Revista de Alba","twitter_description":"Joi, \u00eencep\u00e2nd cu ora 11.00, la Sala Unirii din Alba Iulia a avut loc deschiderea\u00a0sesiunii \u015ftiin\u021bifice a Muzeului Na\u0163ional al Unirii din Alba Iulia","twitter_image":"https:\/\/urbeamea.ro\/albaiulia\/wp-content\/uploads\/2016\/11\/DSC_0018-2.jpg","twitter_creator":"@urbeameaweb","twitter_site":"@urbeameaweb","schema":{"@context":"https:\/\/schema.org","@graph":[{"@type":"Article","@id":"https:\/\/urbeamea.ro\/albaiulia\/foto-video-deschiderea-oficiala-a-sesiunii-stiintifice-98-de-ani-de-la-marea-unire-la-alba-iulia-florian-medrea-comandantul-garzii-nationale-de-la-alba-iulia-l\/#article","isPartOf":{"@id":"https:\/\/urbeamea.ro\/albaiulia\/foto-video-deschiderea-oficiala-a-sesiunii-stiintifice-98-de-ani-de-la-marea-unire-la-alba-iulia-florian-medrea-comandantul-garzii-nationale-de-la-alba-iulia-l\/"},"author":{"name":"Cristina Ganga","@id":"https:\/\/urbeamea.ro\/albaiulia\/#\/schema\/person\/9700d21fae21c4f038b0b56f4506264a"},"headline":"FOTO-VIDEO: Deschiderea oficial\u0103 a sesiunii \u015ftiin\u0163ifice \u201e98 de ani de la Marea Unire\u201d, la Alba Iulia. \u201eFlorian Medrea, comandantul G\u0103rzii Na\u021bionale de la Alba Iulia\u201d, lucrare prezentat\u0103 de istoricul Tudor Ro\u0219u","datePublished":"2016-11-17T14:31:59+00:00","mainEntityOfPage":{"@id":"https:\/\/urbeamea.ro\/albaiulia\/foto-video-deschiderea-oficiala-a-sesiunii-stiintifice-98-de-ani-de-la-marea-unire-la-alba-iulia-florian-medrea-comandantul-garzii-nationale-de-la-alba-iulia-l\/"},"wordCount":388,"commentCount":0,"image":{"@id":"https:\/\/urbeamea.ro\/albaiulia\/foto-video-deschiderea-oficiala-a-sesiunii-stiintifice-98-de-ani-de-la-marea-unire-la-alba-iulia-florian-medrea-comandantul-garzii-nationale-de-la-alba-iulia-l\/#primaryimage"},"thumbnailUrl":"https:\/\/urbeamea.ro\/albaiulia\/wp-content\/uploads\/2016\/11\/DSC_0018-2.jpg","keywords":["alb iulia","comandant","deschidere","florian medrea","garda nationala de la alba iulia","muzeul national al unirii","sala unirii","sesiune stiintifica","stiri","Tudor Ro\u0219u","Urbea Mea"],"articleSection":["Cultur\u0103"],"inLanguage":"ro-RO","potentialAction":[{"@type":"CommentAction","name":"Comment","target":["https:\/\/urbeamea.ro\/albaiulia\/foto-video-deschiderea-oficiala-a-sesiunii-stiintifice-98-de-ani-de-la-marea-unire-la-alba-iulia-florian-medrea-comandantul-garzii-nationale-de-la-alba-iulia-l\/#respond"]}]},{"@type":"WebPage","@id":"https:\/\/urbeamea.ro\/albaiulia\/foto-video-deschiderea-oficiala-a-sesiunii-stiintifice-98-de-ani-de-la-marea-unire-la-alba-iulia-florian-medrea-comandantul-garzii-nationale-de-la-alba-iulia-l\/","url":"https:\/\/urbeamea.ro\/albaiulia\/foto-video-deschiderea-oficiala-a-sesiunii-stiintifice-98-de-ani-de-la-marea-unire-la-alba-iulia-florian-medrea-comandantul-garzii-nationale-de-la-alba-iulia-l\/","name":"FOTO-VIDEO: Deschiderea oficial\u0103 a sesiunii \u015ftiin\u0163ifice \u201e98 de ani de la Marea Unire\u201d, la Alba Iulia. \u201eFlorian Medrea, comandantul G\u0103rzii Na\u021bionale de la Alba Iulia\u201d, lucrare prezentat\u0103 de istoricul Tudor Ro\u0219u - Revista Urbea Mea - Revista de Alba","isPartOf":{"@id":"https:\/\/urbeamea.ro\/albaiulia\/#website"},"primaryImageOfPage":{"@id":"https:\/\/urbeamea.ro\/albaiulia\/foto-video-deschiderea-oficiala-a-sesiunii-stiintifice-98-de-ani-de-la-marea-unire-la-alba-iulia-florian-medrea-comandantul-garzii-nationale-de-la-alba-iulia-l\/#primaryimage"},"image":{"@id":"https:\/\/urbeamea.ro\/albaiulia\/foto-video-deschiderea-oficiala-a-sesiunii-stiintifice-98-de-ani-de-la-marea-unire-la-alba-iulia-florian-medrea-comandantul-garzii-nationale-de-la-alba-iulia-l\/#primaryimage"},"thumbnailUrl":"https:\/\/urbeamea.ro\/albaiulia\/wp-content\/uploads\/2016\/11\/DSC_0018-2.jpg","datePublished":"2016-11-17T14:31:59+00:00","author":{"@id":"https:\/\/urbeamea.ro\/albaiulia\/#\/schema\/person\/9700d21fae21c4f038b0b56f4506264a"},"description":"Joi, \u00eencep\u00e2nd cu ora 11.00, la Sala Unirii din Alba Iulia a avut loc deschiderea\u00a0sesiunii \u015ftiin\u021bifice a Muzeului Na\u0163ional al Unirii din Alba Iulia","breadcrumb":{"@id":"https:\/\/urbeamea.ro\/albaiulia\/foto-video-deschiderea-oficiala-a-sesiunii-stiintifice-98-de-ani-de-la-marea-unire-la-alba-iulia-florian-medrea-comandantul-garzii-nationale-de-la-alba-iulia-l\/#breadcrumb"},"inLanguage":"ro-RO","potentialAction":[{"@type":"ReadAction","target":["https:\/\/urbeamea.ro\/albaiulia\/foto-video-deschiderea-oficiala-a-sesiunii-stiintifice-98-de-ani-de-la-marea-unire-la-alba-iulia-florian-medrea-comandantul-garzii-nationale-de-la-alba-iulia-l\/"]}]},{"@type":"ImageObject","inLanguage":"ro-RO","@id":"https:\/\/urbeamea.ro\/albaiulia\/foto-video-deschiderea-oficiala-a-sesiunii-stiintifice-98-de-ani-de-la-marea-unire-la-alba-iulia-florian-medrea-comandantul-garzii-nationale-de-la-alba-iulia-l\/#primaryimage","url":"https:\/\/urbeamea.ro\/albaiulia\/wp-content\/uploads\/2016\/11\/DSC_0018-2.jpg","contentUrl":"https:\/\/urbeamea.ro\/albaiulia\/wp-content\/uploads\/2016\/11\/DSC_0018-2.jpg","width":1280,"height":853},{"@type":"BreadcrumbList","@id":"https:\/\/urbeamea.ro\/albaiulia\/foto-video-deschiderea-oficiala-a-sesiunii-stiintifice-98-de-ani-de-la-marea-unire-la-alba-iulia-florian-medrea-comandantul-garzii-nationale-de-la-alba-iulia-l\/#breadcrumb","itemListElement":[{"@type":"ListItem","position":1,"name":"Prima pagin\u0103","item":"https:\/\/urbeamea.ro\/albaiulia\/"},{"@type":"ListItem","position":2,"name":"FOTO-VIDEO: Deschiderea oficial\u0103 a sesiunii \u015ftiin\u0163ifice \u201e98 de ani de la Marea Unire\u201d, la Alba Iulia. \u201eFlorian Medrea, comandantul G\u0103rzii Na\u021bionale de la Alba Iulia\u201d, lucrare prezentat\u0103 de istoricul Tudor Ro\u0219u"}]},{"@type":"WebSite","@id":"https:\/\/urbeamea.ro\/albaiulia\/#website","url":"https:\/\/urbeamea.ro\/albaiulia\/","name":"Revista Urbea Mea, Stiri urbane","description":"Evenimente \u0219i \u0219tiri din Alba Iulia, Sebe\u0219, Aiud, Blaj","potentialAction":[{"@type":"SearchAction","target":{"@type":"EntryPoint","urlTemplate":"https:\/\/urbeamea.ro\/albaiulia\/?s={search_term_string}"},"query-input":{"@type":"PropertyValueSpecification","valueRequired":true,"valueName":"search_term_string"}}],"inLanguage":"ro-RO"},{"@type":"Person","@id":"https:\/\/urbeamea.ro\/albaiulia\/#\/schema\/person\/9700d21fae21c4f038b0b56f4506264a","name":"Cristina Ganga","image":{"@type":"ImageObject","inLanguage":"ro-RO","@id":"https:\/\/secure.gravatar.com\/avatar\/5a67661041f057b4a8ccaf26f5a8e86e2689372006d01faf3dd9eeb10b654bb4?s=96&d=mm&r=g","url":"https:\/\/secure.gravatar.com\/avatar\/5a67661041f057b4a8ccaf26f5a8e86e2689372006d01faf3dd9eeb10b654bb4?s=96&d=mm&r=g","contentUrl":"https:\/\/secure.gravatar.com\/avatar\/5a67661041f057b4a8ccaf26f5a8e86e2689372006d01faf3dd9eeb10b654bb4?s=96&d=mm&r=g","caption":"Cristina Ganga"},"description":"Jurnalist","sameAs":["https:\/\/www.facebook.com\/cristina.nicola.587"],"url":"https:\/\/urbeamea.ro\/albaiulia\/author\/cristina-nicola\/"}]}},"_links":{"self":[{"href":"https:\/\/urbeamea.ro\/albaiulia\/wp-json\/wp\/v2\/posts\/35291","targetHints":{"allow":["GET"]}}],"collection":[{"href":"https:\/\/urbeamea.ro\/albaiulia\/wp-json\/wp\/v2\/posts"}],"about":[{"href":"https:\/\/urbeamea.ro\/albaiulia\/wp-json\/wp\/v2\/types\/post"}],"author":[{"embeddable":true,"href":"https:\/\/urbeamea.ro\/albaiulia\/wp-json\/wp\/v2\/users\/17"}],"replies":[{"embeddable":true,"href":"https:\/\/urbeamea.ro\/albaiulia\/wp-json\/wp\/v2\/comments?post=35291"}],"version-history":[{"count":0,"href":"https:\/\/urbeamea.ro\/albaiulia\/wp-json\/wp\/v2\/posts\/35291\/revisions"}],"wp:featuredmedia":[{"embeddable":true,"href":"https:\/\/urbeamea.ro\/albaiulia\/wp-json\/wp\/v2\/media\/35318"}],"wp:attachment":[{"href":"https:\/\/urbeamea.ro\/albaiulia\/wp-json\/wp\/v2\/media?parent=35291"}],"wp:term":[{"taxonomy":"category","embeddable":true,"href":"https:\/\/urbeamea.ro\/albaiulia\/wp-json\/wp\/v2\/categories?post=35291"},{"taxonomy":"post_tag","embeddable":true,"href":"https:\/\/urbeamea.ro\/albaiulia\/wp-json\/wp\/v2\/tags?post=35291"}],"curies":[{"name":"wp","href":"https:\/\/api.w.org\/{rel}","templated":true}]}}