{"id":35328,"date":"2016-11-17T16:48:48","date_gmt":"2016-11-17T14:48:48","guid":{"rendered":"http:\/\/urbeamea.ro\/albaiulia\/?p=35328"},"modified":"2016-11-17T16:48:48","modified_gmt":"2016-11-17T14:48:48","slug":"guvernul-a-stabilit-tarifele-maxime-pentru-operatorii-de-transport-care-asigura-naveta-elevilor","status":"publish","type":"post","link":"https:\/\/urbeamea.ro\/albaiulia\/guvernul-a-stabilit-tarifele-maxime-pentru-operatorii-de-transport-care-asigura-naveta-elevilor\/","title":{"rendered":"Guvernul a stabilit tarifele maxime pentru operatorii de transport care asigur\u0103 naveta elevilor"},"content":{"rendered":"<p><strong><img loading=\"lazy\" decoding=\"async\" class=\"alignleft size-medium wp-image-30897\" src=\"http:\/\/urbeamea.ro\/albaiulia\/wp-content\/uploads\/2016\/08\/naveta-elevi-300x173.jpg\" alt=\"naveta elevi\" width=\"300\" height=\"173\" \/>Tarifele maxime pentru abonamentele acordate elevilor ce pot fi practicate de operatorii de transport rutier variaz\u0103 de la 10 lei (f\u0103r\u0103 TVA), pentru distan\u021ba minim\u0103 de 3 kilometri, p\u00e2n\u0103 la 174 de lei (f\u0103r\u0103 TVA), pentru distan\u021ba maxim\u0103 de 50 de kilometri. Sumele aferente fiec\u0103rei distan\u021be \u00een interiorul acestui ecart (3-50 kilometri) \u0219i metodologia de calcul a acestor tarife au fost aprobate de Guvern \u00een \u0219edin\u021ba de miercuri.<\/strong><\/p>\n<p>Reglementarea unui tarif maximal se impunea \u00een condi\u021biile \u00een care tarifele practicate de operatorii de transport public au varia\u021bii foarte mari pentru aceea\u0219i distan\u021b\u0103, pre\u021burile maxime fiind \u0219i de p\u00e2n\u0103 la 13 ori mai mari dec\u00e2t pre\u021burile minime.<\/p>\n<p>Actul normativ adoptat miercuri\u00a0este complementar ordonan\u021bei de urgen\u021b\u0103 aprobat\u0103 \u00een luna octombrie, prin care operatorii de transport rutier sunt obliga\u021bi s\u0103 emit\u0103 abonamente pentru transportul elevilor,<strong>\u00a0decontate integral din bugetul de stat pentru distan\u021be de p\u00e2n\u0103 la 50 de kilometri<\/strong>. Contractele de transport \u00een curs, valabil \u00eencheiate, \u00een baza c\u0103rora sunt practicate anumite tarife pentru serviciile publice de transport a elevilor, nu pot fi modificate p\u00e2n\u0103 la ajungerea la termen dec\u00e2t prin acordul p\u0103r\u021bilor.<\/p>\n<p>Tarifele maxime pentru abonamentele de transport \u0219colar\u00a0sunt valabile p\u00e2n\u0103 la 1 septembrie 2017. Ulterior, autorit\u0103\u021bile competente \u00een domeniu vor efectua o analiz\u0103 am\u0103nun\u021bit\u0103 \u00een vederea actualiz\u0103rii de c\u0103tre Guvern a nivelului tarifelor \u00een func\u021bie de noile costuri ale companiilor de transport, precum \u0219i pentru a se stabili dac\u0103 exist\u0103 zone omogene din punct de vedere al condi\u021biilor specifice furniz\u0103rii serviciului de transport, care s\u0103 justifice stabilirea de tarife diferen\u021biate. Tariful maxim per kilometru se va stabili pe baza unor standarde de cost emise de autorit\u0103\u021bile cu atribu\u021bii de reglementare pe pie\u021bele serviciilor de transport de persoane.<\/p>\n<p>Decizia face parte din m\u0103surile de combatere \u0219i reducere a abandonului \u0219colar, \u00een condi\u021biile \u00een care principala cauz\u0103 o reprezint\u0103 costurile aferente particip\u0103rii la cursuri. Conform datelor existente la nivelul Ministerului Educa\u021biei, \u00een anul \u0219colar 2015-2016 peste 125.000 de elevi au f\u0103cut naveta zilnic folosind transportul rutier pentru a ajunge la cursuri.<\/p>\n<p>\u00cen acela\u0219i timp, m\u0103sura a fost luat\u0103 av\u00e2nd \u00een vedere c\u0103 Rom\u00e2nia este a treia \u021bar\u0103 din Uniunea European\u0103 \u00een ceea ce prive\u0219te p\u0103r\u0103sirea timpurie a \u0219colii, 19,1% din popula\u021bia de 18-24 de ani, rat\u0103 care a crescut de la 17,3% \u00een 2013. De asemenea, s-a avut \u00een vedere \u0219i faptul c\u0103 unul din cinci elevi din \u00eenv\u0103\u021b\u0103m\u00e2ntul secundar superior face naveta pentru a ajunge la ore, peste jum\u0103tate din popula\u021bia cu v\u00e2rsta cuprins\u0103 \u00eentre 15-19 ani locuie\u0219te \u00een mediul rural, iar liceele \u0219i \u0219colile profesionale sunt situate \u00een general \u00een zona urban\u0103.<\/p>\n<p>&nbsp;<\/p>\n<p><em>Foto: arhiv\u0103<\/em><\/p>\n","protected":false},"excerpt":{"rendered":"<p>Tarifele maxime pentru abonamentele acordate elevilor ce pot fi practicate de operatorii de transport rutier variaz\u0103 de la 10 lei (f\u0103r\u0103 TVA), pentru distan\u021ba minim\u0103 de 3 kilometri, p\u00e2n\u0103 la 174 de lei (f\u0103r\u0103 TVA), pentru distan\u021ba maxim\u0103 de 50 de kilometri. Sumele aferente fiec\u0103rei distan\u021be \u00een interiorul acestui ecart (3-50 kilometri) \u0219i metodologia de &hellip;<\/p>\n","protected":false},"author":20,"featured_media":30897,"comment_status":"open","ping_status":"open","sticky":false,"template":"","format":"standard","meta":{"inline_featured_image":false,"footnotes":""},"categories":[2039],"tags":[464,315,1781,8234,6921,7222,7963,924,142,1672,76],"class_list":["post-35328","post","type-post","status-publish","format-standard","has-post-thumbnail","hentry","category-educatie","tag-cursuri","tag-elevi","tag-guvern","tag-hotarare-de-guvern","tag-masura","tag-naveta","tag-operatori","tag-scoli","tag-tarife","tag-transport","tag-urbea-mea"],"yoast_head":"<!-- This site is optimized with the Yoast SEO plugin v28.3 - https:\/\/yoast.com\/product\/yoast-seo-wordpress\/ -->\n<title>Guvernul a stabilit tarifele maxime pentru operatorii de transport care asigur\u0103 naveta elevilor - Revista Urbea Mea - Revista de Alba<\/title>\n<meta name=\"description\" content=\"Tarifele maxime pentru abonamentele acordate elevilor ce pot fi practicate de operatorii de transport rutier variaz\u0103 de la 10 lei (f\u0103r\u0103 TVA), pentru\" \/>\n<meta name=\"robots\" content=\"index, follow, max-snippet:-1, max-image-preview:large, max-video-preview:-1\" \/>\n<link rel=\"canonical\" href=\"https:\/\/urbeamea.ro\/albaiulia\/guvernul-a-stabilit-tarifele-maxime-pentru-operatorii-de-transport-care-asigura-naveta-elevilor\/\" \/>\n<meta name=\"twitter:card\" content=\"summary_large_image\" \/>\n<meta name=\"twitter:title\" content=\"Guvernul a stabilit tarifele maxime pentru operatorii de transport care asigur\u0103 naveta elevilor - Revista Urbea Mea - Revista de Alba\" \/>\n<meta name=\"twitter:description\" content=\"Tarifele maxime pentru abonamentele acordate elevilor ce pot fi practicate de operatorii de transport rutier variaz\u0103 de la 10 lei (f\u0103r\u0103 TVA), pentru\" \/>\n<meta name=\"twitter:image\" content=\"https:\/\/urbeamea.ro\/albaiulia\/wp-content\/uploads\/2016\/08\/naveta-elevi.jpg\" \/>\n<meta name=\"twitter:creator\" content=\"@urbeameaweb\" \/>\n<meta name=\"twitter:site\" content=\"@urbeameaweb\" \/>\n<script type=\"application\/ld+json\" class=\"yoast-schema-graph\">{\"@context\":\"https:\\\/\\\/schema.org\",\"@graph\":[{\"@type\":\"Article\",\"@id\":\"https:\\\/\\\/urbeamea.ro\\\/albaiulia\\\/guvernul-a-stabilit-tarifele-maxime-pentru-operatorii-de-transport-care-asigura-naveta-elevilor\\\/#article\",\"isPartOf\":{\"@id\":\"https:\\\/\\\/urbeamea.ro\\\/albaiulia\\\/guvernul-a-stabilit-tarifele-maxime-pentru-operatorii-de-transport-care-asigura-naveta-elevilor\\\/\"},\"author\":{\"name\":\"Adriana Avram\",\"@id\":\"https:\\\/\\\/urbeamea.ro\\\/albaiulia\\\/#\\\/schema\\\/person\\\/cfaa27fc3da4a9a2cf2fee3650afc5d0\"},\"headline\":\"Guvernul a stabilit tarifele maxime pentru operatorii de transport care asigur\u0103 naveta elevilor\",\"datePublished\":\"2016-11-17T14:48:48+00:00\",\"mainEntityOfPage\":{\"@id\":\"https:\\\/\\\/urbeamea.ro\\\/albaiulia\\\/guvernul-a-stabilit-tarifele-maxime-pentru-operatorii-de-transport-care-asigura-naveta-elevilor\\\/\"},\"wordCount\":483,\"commentCount\":0,\"image\":{\"@id\":\"https:\\\/\\\/urbeamea.ro\\\/albaiulia\\\/guvernul-a-stabilit-tarifele-maxime-pentru-operatorii-de-transport-care-asigura-naveta-elevilor\\\/#primaryimage\"},\"thumbnailUrl\":\"https:\\\/\\\/urbeamea.ro\\\/albaiulia\\\/wp-content\\\/uploads\\\/2016\\\/08\\\/naveta-elevi.jpg\",\"keywords\":[\"cursuri\",\"elevi\",\"guvern\",\"hotarare de guvern\",\"masura\",\"naveta\",\"operatori\",\"scoli\",\"tarife\",\"transport\",\"Urbea Mea\"],\"articleSection\":[\"Educa\u021bie\"],\"inLanguage\":\"ro-RO\",\"potentialAction\":[{\"@type\":\"CommentAction\",\"name\":\"Comment\",\"target\":[\"https:\\\/\\\/urbeamea.ro\\\/albaiulia\\\/guvernul-a-stabilit-tarifele-maxime-pentru-operatorii-de-transport-care-asigura-naveta-elevilor\\\/#respond\"]}]},{\"@type\":\"WebPage\",\"@id\":\"https:\\\/\\\/urbeamea.ro\\\/albaiulia\\\/guvernul-a-stabilit-tarifele-maxime-pentru-operatorii-de-transport-care-asigura-naveta-elevilor\\\/\",\"url\":\"https:\\\/\\\/urbeamea.ro\\\/albaiulia\\\/guvernul-a-stabilit-tarifele-maxime-pentru-operatorii-de-transport-care-asigura-naveta-elevilor\\\/\",\"name\":\"Guvernul a stabilit tarifele maxime pentru operatorii de transport care asigur\u0103 naveta elevilor - Revista Urbea Mea - Revista de Alba\",\"isPartOf\":{\"@id\":\"https:\\\/\\\/urbeamea.ro\\\/albaiulia\\\/#website\"},\"primaryImageOfPage\":{\"@id\":\"https:\\\/\\\/urbeamea.ro\\\/albaiulia\\\/guvernul-a-stabilit-tarifele-maxime-pentru-operatorii-de-transport-care-asigura-naveta-elevilor\\\/#primaryimage\"},\"image\":{\"@id\":\"https:\\\/\\\/urbeamea.ro\\\/albaiulia\\\/guvernul-a-stabilit-tarifele-maxime-pentru-operatorii-de-transport-care-asigura-naveta-elevilor\\\/#primaryimage\"},\"thumbnailUrl\":\"https:\\\/\\\/urbeamea.ro\\\/albaiulia\\\/wp-content\\\/uploads\\\/2016\\\/08\\\/naveta-elevi.jpg\",\"datePublished\":\"2016-11-17T14:48:48+00:00\",\"author\":{\"@id\":\"https:\\\/\\\/urbeamea.ro\\\/albaiulia\\\/#\\\/schema\\\/person\\\/cfaa27fc3da4a9a2cf2fee3650afc5d0\"},\"description\":\"Tarifele maxime pentru abonamentele acordate elevilor ce pot fi practicate de operatorii de transport rutier variaz\u0103 de la 10 lei (f\u0103r\u0103 TVA), pentru\",\"breadcrumb\":{\"@id\":\"https:\\\/\\\/urbeamea.ro\\\/albaiulia\\\/guvernul-a-stabilit-tarifele-maxime-pentru-operatorii-de-transport-care-asigura-naveta-elevilor\\\/#breadcrumb\"},\"inLanguage\":\"ro-RO\",\"potentialAction\":[{\"@type\":\"ReadAction\",\"target\":[\"https:\\\/\\\/urbeamea.ro\\\/albaiulia\\\/guvernul-a-stabilit-tarifele-maxime-pentru-operatorii-de-transport-care-asigura-naveta-elevilor\\\/\"]}]},{\"@type\":\"ImageObject\",\"inLanguage\":\"ro-RO\",\"@id\":\"https:\\\/\\\/urbeamea.ro\\\/albaiulia\\\/guvernul-a-stabilit-tarifele-maxime-pentru-operatorii-de-transport-care-asigura-naveta-elevilor\\\/#primaryimage\",\"url\":\"https:\\\/\\\/urbeamea.ro\\\/albaiulia\\\/wp-content\\\/uploads\\\/2016\\\/08\\\/naveta-elevi.jpg\",\"contentUrl\":\"https:\\\/\\\/urbeamea.ro\\\/albaiulia\\\/wp-content\\\/uploads\\\/2016\\\/08\\\/naveta-elevi.jpg\",\"width\":1145,\"height\":659},{\"@type\":\"BreadcrumbList\",\"@id\":\"https:\\\/\\\/urbeamea.ro\\\/albaiulia\\\/guvernul-a-stabilit-tarifele-maxime-pentru-operatorii-de-transport-care-asigura-naveta-elevilor\\\/#breadcrumb\",\"itemListElement\":[{\"@type\":\"ListItem\",\"position\":1,\"name\":\"Prima pagin\u0103\",\"item\":\"https:\\\/\\\/urbeamea.ro\\\/albaiulia\\\/\"},{\"@type\":\"ListItem\",\"position\":2,\"name\":\"Guvernul a stabilit tarifele maxime pentru operatorii de transport care asigur\u0103 naveta elevilor\"}]},{\"@type\":\"WebSite\",\"@id\":\"https:\\\/\\\/urbeamea.ro\\\/albaiulia\\\/#website\",\"url\":\"https:\\\/\\\/urbeamea.ro\\\/albaiulia\\\/\",\"name\":\"Revista Urbea Mea, Stiri urbane\",\"description\":\"Evenimente \u0219i \u0219tiri din Alba Iulia, Sebe\u0219, Aiud, Blaj\",\"potentialAction\":[{\"@type\":\"SearchAction\",\"target\":{\"@type\":\"EntryPoint\",\"urlTemplate\":\"https:\\\/\\\/urbeamea.ro\\\/albaiulia\\\/?s={search_term_string}\"},\"query-input\":{\"@type\":\"PropertyValueSpecification\",\"valueRequired\":true,\"valueName\":\"search_term_string\"}}],\"inLanguage\":\"ro-RO\"},{\"@type\":\"Person\",\"@id\":\"https:\\\/\\\/urbeamea.ro\\\/albaiulia\\\/#\\\/schema\\\/person\\\/cfaa27fc3da4a9a2cf2fee3650afc5d0\",\"name\":\"Adriana Avram\",\"image\":{\"@type\":\"ImageObject\",\"inLanguage\":\"ro-RO\",\"@id\":\"https:\\\/\\\/secure.gravatar.com\\\/avatar\\\/3cc61eb1584088e0099c1763903a6421c5ce6cdf45fc2d424046dc621efc21f9?s=96&d=mm&r=g\",\"url\":\"https:\\\/\\\/secure.gravatar.com\\\/avatar\\\/3cc61eb1584088e0099c1763903a6421c5ce6cdf45fc2d424046dc621efc21f9?s=96&d=mm&r=g\",\"contentUrl\":\"https:\\\/\\\/secure.gravatar.com\\\/avatar\\\/3cc61eb1584088e0099c1763903a6421c5ce6cdf45fc2d424046dc621efc21f9?s=96&d=mm&r=g\",\"caption\":\"Adriana Avram\"},\"description\":\"Jurnalist\",\"sameAs\":[\"https:\\\/\\\/www.facebook.com\\\/avram.adriana.7?fref=ts\"],\"url\":\"https:\\\/\\\/urbeamea.ro\\\/albaiulia\\\/author\\\/adriana-avram\\\/\"}]}<\/script>\n<!-- \/ Yoast SEO plugin. -->","yoast_head_json":{"title":"Guvernul a stabilit tarifele maxime pentru operatorii de transport care asigur\u0103 naveta elevilor - Revista Urbea Mea - Revista de Alba","description":"Tarifele maxime pentru abonamentele acordate elevilor ce pot fi practicate de operatorii de transport rutier variaz\u0103 de la 10 lei (f\u0103r\u0103 TVA), pentru","robots":{"index":"index","follow":"follow","max-snippet":"max-snippet:-1","max-image-preview":"max-image-preview:large","max-video-preview":"max-video-preview:-1"},"canonical":"https:\/\/urbeamea.ro\/albaiulia\/guvernul-a-stabilit-tarifele-maxime-pentru-operatorii-de-transport-care-asigura-naveta-elevilor\/","twitter_card":"summary_large_image","twitter_title":"Guvernul a stabilit tarifele maxime pentru operatorii de transport care asigur\u0103 naveta elevilor - Revista Urbea Mea - Revista de Alba","twitter_description":"Tarifele maxime pentru abonamentele acordate elevilor ce pot fi practicate de operatorii de transport rutier variaz\u0103 de la 10 lei (f\u0103r\u0103 TVA), pentru","twitter_image":"https:\/\/urbeamea.ro\/albaiulia\/wp-content\/uploads\/2016\/08\/naveta-elevi.jpg","twitter_creator":"@urbeameaweb","twitter_site":"@urbeameaweb","schema":{"@context":"https:\/\/schema.org","@graph":[{"@type":"Article","@id":"https:\/\/urbeamea.ro\/albaiulia\/guvernul-a-stabilit-tarifele-maxime-pentru-operatorii-de-transport-care-asigura-naveta-elevilor\/#article","isPartOf":{"@id":"https:\/\/urbeamea.ro\/albaiulia\/guvernul-a-stabilit-tarifele-maxime-pentru-operatorii-de-transport-care-asigura-naveta-elevilor\/"},"author":{"name":"Adriana Avram","@id":"https:\/\/urbeamea.ro\/albaiulia\/#\/schema\/person\/cfaa27fc3da4a9a2cf2fee3650afc5d0"},"headline":"Guvernul a stabilit tarifele maxime pentru operatorii de transport care asigur\u0103 naveta elevilor","datePublished":"2016-11-17T14:48:48+00:00","mainEntityOfPage":{"@id":"https:\/\/urbeamea.ro\/albaiulia\/guvernul-a-stabilit-tarifele-maxime-pentru-operatorii-de-transport-care-asigura-naveta-elevilor\/"},"wordCount":483,"commentCount":0,"image":{"@id":"https:\/\/urbeamea.ro\/albaiulia\/guvernul-a-stabilit-tarifele-maxime-pentru-operatorii-de-transport-care-asigura-naveta-elevilor\/#primaryimage"},"thumbnailUrl":"https:\/\/urbeamea.ro\/albaiulia\/wp-content\/uploads\/2016\/08\/naveta-elevi.jpg","keywords":["cursuri","elevi","guvern","hotarare de guvern","masura","naveta","operatori","scoli","tarife","transport","Urbea Mea"],"articleSection":["Educa\u021bie"],"inLanguage":"ro-RO","potentialAction":[{"@type":"CommentAction","name":"Comment","target":["https:\/\/urbeamea.ro\/albaiulia\/guvernul-a-stabilit-tarifele-maxime-pentru-operatorii-de-transport-care-asigura-naveta-elevilor\/#respond"]}]},{"@type":"WebPage","@id":"https:\/\/urbeamea.ro\/albaiulia\/guvernul-a-stabilit-tarifele-maxime-pentru-operatorii-de-transport-care-asigura-naveta-elevilor\/","url":"https:\/\/urbeamea.ro\/albaiulia\/guvernul-a-stabilit-tarifele-maxime-pentru-operatorii-de-transport-care-asigura-naveta-elevilor\/","name":"Guvernul a stabilit tarifele maxime pentru operatorii de transport care asigur\u0103 naveta elevilor - Revista Urbea Mea - Revista de Alba","isPartOf":{"@id":"https:\/\/urbeamea.ro\/albaiulia\/#website"},"primaryImageOfPage":{"@id":"https:\/\/urbeamea.ro\/albaiulia\/guvernul-a-stabilit-tarifele-maxime-pentru-operatorii-de-transport-care-asigura-naveta-elevilor\/#primaryimage"},"image":{"@id":"https:\/\/urbeamea.ro\/albaiulia\/guvernul-a-stabilit-tarifele-maxime-pentru-operatorii-de-transport-care-asigura-naveta-elevilor\/#primaryimage"},"thumbnailUrl":"https:\/\/urbeamea.ro\/albaiulia\/wp-content\/uploads\/2016\/08\/naveta-elevi.jpg","datePublished":"2016-11-17T14:48:48+00:00","author":{"@id":"https:\/\/urbeamea.ro\/albaiulia\/#\/schema\/person\/cfaa27fc3da4a9a2cf2fee3650afc5d0"},"description":"Tarifele maxime pentru abonamentele acordate elevilor ce pot fi practicate de operatorii de transport rutier variaz\u0103 de la 10 lei (f\u0103r\u0103 TVA), pentru","breadcrumb":{"@id":"https:\/\/urbeamea.ro\/albaiulia\/guvernul-a-stabilit-tarifele-maxime-pentru-operatorii-de-transport-care-asigura-naveta-elevilor\/#breadcrumb"},"inLanguage":"ro-RO","potentialAction":[{"@type":"ReadAction","target":["https:\/\/urbeamea.ro\/albaiulia\/guvernul-a-stabilit-tarifele-maxime-pentru-operatorii-de-transport-care-asigura-naveta-elevilor\/"]}]},{"@type":"ImageObject","inLanguage":"ro-RO","@id":"https:\/\/urbeamea.ro\/albaiulia\/guvernul-a-stabilit-tarifele-maxime-pentru-operatorii-de-transport-care-asigura-naveta-elevilor\/#primaryimage","url":"https:\/\/urbeamea.ro\/albaiulia\/wp-content\/uploads\/2016\/08\/naveta-elevi.jpg","contentUrl":"https:\/\/urbeamea.ro\/albaiulia\/wp-content\/uploads\/2016\/08\/naveta-elevi.jpg","width":1145,"height":659},{"@type":"BreadcrumbList","@id":"https:\/\/urbeamea.ro\/albaiulia\/guvernul-a-stabilit-tarifele-maxime-pentru-operatorii-de-transport-care-asigura-naveta-elevilor\/#breadcrumb","itemListElement":[{"@type":"ListItem","position":1,"name":"Prima pagin\u0103","item":"https:\/\/urbeamea.ro\/albaiulia\/"},{"@type":"ListItem","position":2,"name":"Guvernul a stabilit tarifele maxime pentru operatorii de transport care asigur\u0103 naveta elevilor"}]},{"@type":"WebSite","@id":"https:\/\/urbeamea.ro\/albaiulia\/#website","url":"https:\/\/urbeamea.ro\/albaiulia\/","name":"Revista Urbea Mea, Stiri urbane","description":"Evenimente \u0219i \u0219tiri din Alba Iulia, Sebe\u0219, Aiud, Blaj","potentialAction":[{"@type":"SearchAction","target":{"@type":"EntryPoint","urlTemplate":"https:\/\/urbeamea.ro\/albaiulia\/?s={search_term_string}"},"query-input":{"@type":"PropertyValueSpecification","valueRequired":true,"valueName":"search_term_string"}}],"inLanguage":"ro-RO"},{"@type":"Person","@id":"https:\/\/urbeamea.ro\/albaiulia\/#\/schema\/person\/cfaa27fc3da4a9a2cf2fee3650afc5d0","name":"Adriana Avram","image":{"@type":"ImageObject","inLanguage":"ro-RO","@id":"https:\/\/secure.gravatar.com\/avatar\/3cc61eb1584088e0099c1763903a6421c5ce6cdf45fc2d424046dc621efc21f9?s=96&d=mm&r=g","url":"https:\/\/secure.gravatar.com\/avatar\/3cc61eb1584088e0099c1763903a6421c5ce6cdf45fc2d424046dc621efc21f9?s=96&d=mm&r=g","contentUrl":"https:\/\/secure.gravatar.com\/avatar\/3cc61eb1584088e0099c1763903a6421c5ce6cdf45fc2d424046dc621efc21f9?s=96&d=mm&r=g","caption":"Adriana Avram"},"description":"Jurnalist","sameAs":["https:\/\/www.facebook.com\/avram.adriana.7?fref=ts"],"url":"https:\/\/urbeamea.ro\/albaiulia\/author\/adriana-avram\/"}]}},"_links":{"self":[{"href":"https:\/\/urbeamea.ro\/albaiulia\/wp-json\/wp\/v2\/posts\/35328","targetHints":{"allow":["GET"]}}],"collection":[{"href":"https:\/\/urbeamea.ro\/albaiulia\/wp-json\/wp\/v2\/posts"}],"about":[{"href":"https:\/\/urbeamea.ro\/albaiulia\/wp-json\/wp\/v2\/types\/post"}],"author":[{"embeddable":true,"href":"https:\/\/urbeamea.ro\/albaiulia\/wp-json\/wp\/v2\/users\/20"}],"replies":[{"embeddable":true,"href":"https:\/\/urbeamea.ro\/albaiulia\/wp-json\/wp\/v2\/comments?post=35328"}],"version-history":[{"count":0,"href":"https:\/\/urbeamea.ro\/albaiulia\/wp-json\/wp\/v2\/posts\/35328\/revisions"}],"wp:featuredmedia":[{"embeddable":true,"href":"https:\/\/urbeamea.ro\/albaiulia\/wp-json\/wp\/v2\/media\/30897"}],"wp:attachment":[{"href":"https:\/\/urbeamea.ro\/albaiulia\/wp-json\/wp\/v2\/media?parent=35328"}],"wp:term":[{"taxonomy":"category","embeddable":true,"href":"https:\/\/urbeamea.ro\/albaiulia\/wp-json\/wp\/v2\/categories?post=35328"},{"taxonomy":"post_tag","embeddable":true,"href":"https:\/\/urbeamea.ro\/albaiulia\/wp-json\/wp\/v2\/tags?post=35328"}],"curies":[{"name":"wp","href":"https:\/\/api.w.org\/{rel}","templated":true}]}}