{"id":35416,"date":"2016-11-19T10:15:25","date_gmt":"2016-11-19T08:15:25","guid":{"rendered":"http:\/\/urbeamea.ro\/albaiulia\/?p=35416"},"modified":"2016-11-19T10:15:25","modified_gmt":"2016-11-19T08:15:25","slug":"judetul-alba-se-afla-sub-cod-galben-de-ceata-izibilitatea-scazuta-sub-200-de-metri","status":"publish","type":"post","link":"https:\/\/urbeamea.ro\/albaiulia\/judetul-alba-se-afla-sub-cod-galben-de-ceata-izibilitatea-scazuta-sub-200-de-metri\/","title":{"rendered":"Jude\u021bul Alba se afl\u0103 sub Cod Galben de cea\u021b\u0103: izibilitatea sc\u0103zut\u0103 sub 200 de metri"},"content":{"rendered":"<p><strong><img loading=\"lazy\" decoding=\"async\" class=\"size-medium wp-image-12585 alignleft\" src=\"http:\/\/urbeamea.ro\/albaiulia\/wp-content\/uploads\/2015\/11\/ceata-300x179.jpg\" alt=\"ceata\" width=\"300\" height=\"179\" \/>Administra\u021bia Na\u021bional\u0103 de Meteorologie (ANM) a emis, s\u00e2mb\u0103t\u0103 diminea\u021ba, mai multe aten\u021bion\u0103ri nowcasting Cod galben de cea\u021b\u0103 \u0219i vizibilitate redus\u0103, valabile \u00een nou\u0103 jude\u021be din zona Transilvaniei \u0219i Moldovei, printre care \u0219i Alba.<\/strong><\/p>\n<p>Meteorologii anun\u021b\u0103 c\u0103\u00a0p\u00e2n\u0103 la ora 11:00, \u00een zona de c\u00e2mpie a jude\u021bului Alba se va semnala cea\u021b\u0103, ceea ce determin\u0103 sc\u0103derea vizibilit\u0103\u021bii sub 200 de metri \u0219i, izolat, sub 50 de metri. \u00cen aceast\u0103 zon\u0103 temperaturile negative pot favoriza, izolat, producerea poleiului.<\/p>\n","protected":false},"excerpt":{"rendered":"<p>Administra\u021bia Na\u021bional\u0103 de Meteorologie (ANM) a emis, s\u00e2mb\u0103t\u0103 diminea\u021ba, mai multe aten\u021bion\u0103ri nowcasting Cod galben de cea\u021b\u0103 \u0219i vizibilitate redus\u0103, valabile \u00een nou\u0103 jude\u021be din zona Transilvaniei \u0219i Moldovei, printre care \u0219i Alba. Meteorologii anun\u021b\u0103 c\u0103\u00a0p\u00e2n\u0103 la ora 11:00, \u00een zona de c\u00e2mpie a jude\u021bului Alba se va semnala cea\u021b\u0103, ceea ce determin\u0103 sc\u0103derea vizibilit\u0103\u021bii &hellip;<\/p>\n","protected":false},"author":17,"featured_media":12585,"comment_status":"open","ping_status":"open","sticky":false,"template":"","format":"standard","meta":{"inline_featured_image":false,"footnotes":""},"categories":[1],"tags":[307,8701,1390,368,8699,308,8700,76],"class_list":["post-35416","post","type-post","status-publish","format-standard","has-post-thumbnail","hentry","category-stiri-urbane","tag-alba","tag-anm","tag-ceata","tag-cod-galben","tag-scaderea-vizibilitatii","tag-stiri","tag-temperaturi-negative","tag-urbea-mea"],"yoast_head":"<!-- This site is optimized with the Yoast SEO plugin v27.4 - https:\/\/yoast.com\/product\/yoast-seo-wordpress\/ -->\n<title>Jude\u021bul Alba se afl\u0103 sub Cod Galben de cea\u021b\u0103: izibilitatea sc\u0103zut\u0103 sub 200 de metri - Revista Urbea Mea - Revista de Alba<\/title>\n<meta name=\"description\" content=\"Administra\u021bia Na\u021bional\u0103 de Meteorologie (ANM) a emis, s\u00e2mb\u0103t\u0103 diminea\u021ba, mai multe aten\u021bion\u0103ri nowcasting Cod galben de cea\u021b\u0103 \u0219i vizibilitate redus\u0103,\" \/>\n<meta name=\"robots\" content=\"index, follow, max-snippet:-1, max-image-preview:large, max-video-preview:-1\" \/>\n<link rel=\"canonical\" href=\"https:\/\/urbeamea.ro\/albaiulia\/judetul-alba-se-afla-sub-cod-galben-de-ceata-izibilitatea-scazuta-sub-200-de-metri\/\" \/>\n<meta name=\"twitter:card\" content=\"summary_large_image\" \/>\n<meta name=\"twitter:title\" content=\"Jude\u021bul Alba se afl\u0103 sub Cod Galben de cea\u021b\u0103: izibilitatea sc\u0103zut\u0103 sub 200 de metri - Revista Urbea Mea - Revista de Alba\" \/>\n<meta name=\"twitter:description\" content=\"Administra\u021bia Na\u021bional\u0103 de Meteorologie (ANM) a emis, s\u00e2mb\u0103t\u0103 diminea\u021ba, mai multe aten\u021bion\u0103ri nowcasting Cod galben de cea\u021b\u0103 \u0219i vizibilitate redus\u0103,\" \/>\n<meta name=\"twitter:image\" content=\"https:\/\/urbeamea.ro\/albaiulia\/wp-content\/uploads\/2015\/11\/ceata.jpg\" \/>\n<meta name=\"twitter:creator\" content=\"@urbeameaweb\" \/>\n<meta name=\"twitter:site\" content=\"@urbeameaweb\" \/>\n<script type=\"application\/ld+json\" class=\"yoast-schema-graph\">{\"@context\":\"https:\\\/\\\/schema.org\",\"@graph\":[{\"@type\":\"Article\",\"@id\":\"https:\\\/\\\/urbeamea.ro\\\/albaiulia\\\/judetul-alba-se-afla-sub-cod-galben-de-ceata-izibilitatea-scazuta-sub-200-de-metri\\\/#article\",\"isPartOf\":{\"@id\":\"https:\\\/\\\/urbeamea.ro\\\/albaiulia\\\/judetul-alba-se-afla-sub-cod-galben-de-ceata-izibilitatea-scazuta-sub-200-de-metri\\\/\"},\"author\":{\"name\":\"Cristina Ganga\",\"@id\":\"https:\\\/\\\/urbeamea.ro\\\/albaiulia\\\/#\\\/schema\\\/person\\\/9700d21fae21c4f038b0b56f4506264a\"},\"headline\":\"Jude\u021bul Alba se afl\u0103 sub Cod Galben de cea\u021b\u0103: izibilitatea sc\u0103zut\u0103 sub 200 de metri\",\"datePublished\":\"2016-11-19T08:15:25+00:00\",\"mainEntityOfPage\":{\"@id\":\"https:\\\/\\\/urbeamea.ro\\\/albaiulia\\\/judetul-alba-se-afla-sub-cod-galben-de-ceata-izibilitatea-scazuta-sub-200-de-metri\\\/\"},\"wordCount\":102,\"commentCount\":0,\"image\":{\"@id\":\"https:\\\/\\\/urbeamea.ro\\\/albaiulia\\\/judetul-alba-se-afla-sub-cod-galben-de-ceata-izibilitatea-scazuta-sub-200-de-metri\\\/#primaryimage\"},\"thumbnailUrl\":\"https:\\\/\\\/urbeamea.ro\\\/albaiulia\\\/wp-content\\\/uploads\\\/2015\\\/11\\\/ceata.jpg\",\"keywords\":[\"alba\",\"anm\",\"ceata\",\"cod galben\",\"scaderea vizibilitatii\",\"stiri\",\"temperaturi negative\",\"Urbea Mea\"],\"articleSection\":[\"\u015etiri Urbane\"],\"inLanguage\":\"ro-RO\",\"potentialAction\":[{\"@type\":\"CommentAction\",\"name\":\"Comment\",\"target\":[\"https:\\\/\\\/urbeamea.ro\\\/albaiulia\\\/judetul-alba-se-afla-sub-cod-galben-de-ceata-izibilitatea-scazuta-sub-200-de-metri\\\/#respond\"]}]},{\"@type\":\"WebPage\",\"@id\":\"https:\\\/\\\/urbeamea.ro\\\/albaiulia\\\/judetul-alba-se-afla-sub-cod-galben-de-ceata-izibilitatea-scazuta-sub-200-de-metri\\\/\",\"url\":\"https:\\\/\\\/urbeamea.ro\\\/albaiulia\\\/judetul-alba-se-afla-sub-cod-galben-de-ceata-izibilitatea-scazuta-sub-200-de-metri\\\/\",\"name\":\"Jude\u021bul Alba se afl\u0103 sub Cod Galben de cea\u021b\u0103: izibilitatea sc\u0103zut\u0103 sub 200 de metri - Revista Urbea Mea - Revista de Alba\",\"isPartOf\":{\"@id\":\"https:\\\/\\\/urbeamea.ro\\\/albaiulia\\\/#website\"},\"primaryImageOfPage\":{\"@id\":\"https:\\\/\\\/urbeamea.ro\\\/albaiulia\\\/judetul-alba-se-afla-sub-cod-galben-de-ceata-izibilitatea-scazuta-sub-200-de-metri\\\/#primaryimage\"},\"image\":{\"@id\":\"https:\\\/\\\/urbeamea.ro\\\/albaiulia\\\/judetul-alba-se-afla-sub-cod-galben-de-ceata-izibilitatea-scazuta-sub-200-de-metri\\\/#primaryimage\"},\"thumbnailUrl\":\"https:\\\/\\\/urbeamea.ro\\\/albaiulia\\\/wp-content\\\/uploads\\\/2015\\\/11\\\/ceata.jpg\",\"datePublished\":\"2016-11-19T08:15:25+00:00\",\"author\":{\"@id\":\"https:\\\/\\\/urbeamea.ro\\\/albaiulia\\\/#\\\/schema\\\/person\\\/9700d21fae21c4f038b0b56f4506264a\"},\"description\":\"Administra\u021bia Na\u021bional\u0103 de Meteorologie (ANM) a emis, s\u00e2mb\u0103t\u0103 diminea\u021ba, mai multe aten\u021bion\u0103ri nowcasting Cod galben de cea\u021b\u0103 \u0219i vizibilitate redus\u0103,\",\"breadcrumb\":{\"@id\":\"https:\\\/\\\/urbeamea.ro\\\/albaiulia\\\/judetul-alba-se-afla-sub-cod-galben-de-ceata-izibilitatea-scazuta-sub-200-de-metri\\\/#breadcrumb\"},\"inLanguage\":\"ro-RO\",\"potentialAction\":[{\"@type\":\"ReadAction\",\"target\":[\"https:\\\/\\\/urbeamea.ro\\\/albaiulia\\\/judetul-alba-se-afla-sub-cod-galben-de-ceata-izibilitatea-scazuta-sub-200-de-metri\\\/\"]}]},{\"@type\":\"ImageObject\",\"inLanguage\":\"ro-RO\",\"@id\":\"https:\\\/\\\/urbeamea.ro\\\/albaiulia\\\/judetul-alba-se-afla-sub-cod-galben-de-ceata-izibilitatea-scazuta-sub-200-de-metri\\\/#primaryimage\",\"url\":\"https:\\\/\\\/urbeamea.ro\\\/albaiulia\\\/wp-content\\\/uploads\\\/2015\\\/11\\\/ceata.jpg\",\"contentUrl\":\"https:\\\/\\\/urbeamea.ro\\\/albaiulia\\\/wp-content\\\/uploads\\\/2015\\\/11\\\/ceata.jpg\",\"width\":1000,\"height\":598},{\"@type\":\"BreadcrumbList\",\"@id\":\"https:\\\/\\\/urbeamea.ro\\\/albaiulia\\\/judetul-alba-se-afla-sub-cod-galben-de-ceata-izibilitatea-scazuta-sub-200-de-metri\\\/#breadcrumb\",\"itemListElement\":[{\"@type\":\"ListItem\",\"position\":1,\"name\":\"Prima pagin\u0103\",\"item\":\"https:\\\/\\\/urbeamea.ro\\\/albaiulia\\\/\"},{\"@type\":\"ListItem\",\"position\":2,\"name\":\"Jude\u021bul Alba se afl\u0103 sub Cod Galben de cea\u021b\u0103: izibilitatea sc\u0103zut\u0103 sub 200 de metri\"}]},{\"@type\":\"WebSite\",\"@id\":\"https:\\\/\\\/urbeamea.ro\\\/albaiulia\\\/#website\",\"url\":\"https:\\\/\\\/urbeamea.ro\\\/albaiulia\\\/\",\"name\":\"Revista Urbea Mea, Stiri urbane\",\"description\":\"Evenimente \u0219i \u0219tiri din Alba Iulia, Sebe\u0219, Aiud, Blaj\",\"potentialAction\":[{\"@type\":\"SearchAction\",\"target\":{\"@type\":\"EntryPoint\",\"urlTemplate\":\"https:\\\/\\\/urbeamea.ro\\\/albaiulia\\\/?s={search_term_string}\"},\"query-input\":{\"@type\":\"PropertyValueSpecification\",\"valueRequired\":true,\"valueName\":\"search_term_string\"}}],\"inLanguage\":\"ro-RO\"},{\"@type\":\"Person\",\"@id\":\"https:\\\/\\\/urbeamea.ro\\\/albaiulia\\\/#\\\/schema\\\/person\\\/9700d21fae21c4f038b0b56f4506264a\",\"name\":\"Cristina Ganga\",\"image\":{\"@type\":\"ImageObject\",\"inLanguage\":\"ro-RO\",\"@id\":\"https:\\\/\\\/secure.gravatar.com\\\/avatar\\\/5a67661041f057b4a8ccaf26f5a8e86e2689372006d01faf3dd9eeb10b654bb4?s=96&d=mm&r=g\",\"url\":\"https:\\\/\\\/secure.gravatar.com\\\/avatar\\\/5a67661041f057b4a8ccaf26f5a8e86e2689372006d01faf3dd9eeb10b654bb4?s=96&d=mm&r=g\",\"contentUrl\":\"https:\\\/\\\/secure.gravatar.com\\\/avatar\\\/5a67661041f057b4a8ccaf26f5a8e86e2689372006d01faf3dd9eeb10b654bb4?s=96&d=mm&r=g\",\"caption\":\"Cristina Ganga\"},\"description\":\"Jurnalist\",\"sameAs\":[\"https:\\\/\\\/www.facebook.com\\\/cristina.nicola.587\"],\"url\":\"https:\\\/\\\/urbeamea.ro\\\/albaiulia\\\/author\\\/cristina-nicola\\\/\"}]}<\/script>\n<!-- \/ Yoast SEO plugin. -->","yoast_head_json":{"title":"Jude\u021bul Alba se afl\u0103 sub Cod Galben de cea\u021b\u0103: izibilitatea sc\u0103zut\u0103 sub 200 de metri - Revista Urbea Mea - Revista de Alba","description":"Administra\u021bia Na\u021bional\u0103 de Meteorologie (ANM) a emis, s\u00e2mb\u0103t\u0103 diminea\u021ba, mai multe aten\u021bion\u0103ri nowcasting Cod galben de cea\u021b\u0103 \u0219i vizibilitate redus\u0103,","robots":{"index":"index","follow":"follow","max-snippet":"max-snippet:-1","max-image-preview":"max-image-preview:large","max-video-preview":"max-video-preview:-1"},"canonical":"https:\/\/urbeamea.ro\/albaiulia\/judetul-alba-se-afla-sub-cod-galben-de-ceata-izibilitatea-scazuta-sub-200-de-metri\/","twitter_card":"summary_large_image","twitter_title":"Jude\u021bul Alba se afl\u0103 sub Cod Galben de cea\u021b\u0103: izibilitatea sc\u0103zut\u0103 sub 200 de metri - Revista Urbea Mea - Revista de Alba","twitter_description":"Administra\u021bia Na\u021bional\u0103 de Meteorologie (ANM) a emis, s\u00e2mb\u0103t\u0103 diminea\u021ba, mai multe aten\u021bion\u0103ri nowcasting Cod galben de cea\u021b\u0103 \u0219i vizibilitate redus\u0103,","twitter_image":"https:\/\/urbeamea.ro\/albaiulia\/wp-content\/uploads\/2015\/11\/ceata.jpg","twitter_creator":"@urbeameaweb","twitter_site":"@urbeameaweb","schema":{"@context":"https:\/\/schema.org","@graph":[{"@type":"Article","@id":"https:\/\/urbeamea.ro\/albaiulia\/judetul-alba-se-afla-sub-cod-galben-de-ceata-izibilitatea-scazuta-sub-200-de-metri\/#article","isPartOf":{"@id":"https:\/\/urbeamea.ro\/albaiulia\/judetul-alba-se-afla-sub-cod-galben-de-ceata-izibilitatea-scazuta-sub-200-de-metri\/"},"author":{"name":"Cristina Ganga","@id":"https:\/\/urbeamea.ro\/albaiulia\/#\/schema\/person\/9700d21fae21c4f038b0b56f4506264a"},"headline":"Jude\u021bul Alba se afl\u0103 sub Cod Galben de cea\u021b\u0103: izibilitatea sc\u0103zut\u0103 sub 200 de metri","datePublished":"2016-11-19T08:15:25+00:00","mainEntityOfPage":{"@id":"https:\/\/urbeamea.ro\/albaiulia\/judetul-alba-se-afla-sub-cod-galben-de-ceata-izibilitatea-scazuta-sub-200-de-metri\/"},"wordCount":102,"commentCount":0,"image":{"@id":"https:\/\/urbeamea.ro\/albaiulia\/judetul-alba-se-afla-sub-cod-galben-de-ceata-izibilitatea-scazuta-sub-200-de-metri\/#primaryimage"},"thumbnailUrl":"https:\/\/urbeamea.ro\/albaiulia\/wp-content\/uploads\/2015\/11\/ceata.jpg","keywords":["alba","anm","ceata","cod galben","scaderea vizibilitatii","stiri","temperaturi negative","Urbea Mea"],"articleSection":["\u015etiri Urbane"],"inLanguage":"ro-RO","potentialAction":[{"@type":"CommentAction","name":"Comment","target":["https:\/\/urbeamea.ro\/albaiulia\/judetul-alba-se-afla-sub-cod-galben-de-ceata-izibilitatea-scazuta-sub-200-de-metri\/#respond"]}]},{"@type":"WebPage","@id":"https:\/\/urbeamea.ro\/albaiulia\/judetul-alba-se-afla-sub-cod-galben-de-ceata-izibilitatea-scazuta-sub-200-de-metri\/","url":"https:\/\/urbeamea.ro\/albaiulia\/judetul-alba-se-afla-sub-cod-galben-de-ceata-izibilitatea-scazuta-sub-200-de-metri\/","name":"Jude\u021bul Alba se afl\u0103 sub Cod Galben de cea\u021b\u0103: izibilitatea sc\u0103zut\u0103 sub 200 de metri - Revista Urbea Mea - Revista de Alba","isPartOf":{"@id":"https:\/\/urbeamea.ro\/albaiulia\/#website"},"primaryImageOfPage":{"@id":"https:\/\/urbeamea.ro\/albaiulia\/judetul-alba-se-afla-sub-cod-galben-de-ceata-izibilitatea-scazuta-sub-200-de-metri\/#primaryimage"},"image":{"@id":"https:\/\/urbeamea.ro\/albaiulia\/judetul-alba-se-afla-sub-cod-galben-de-ceata-izibilitatea-scazuta-sub-200-de-metri\/#primaryimage"},"thumbnailUrl":"https:\/\/urbeamea.ro\/albaiulia\/wp-content\/uploads\/2015\/11\/ceata.jpg","datePublished":"2016-11-19T08:15:25+00:00","author":{"@id":"https:\/\/urbeamea.ro\/albaiulia\/#\/schema\/person\/9700d21fae21c4f038b0b56f4506264a"},"description":"Administra\u021bia Na\u021bional\u0103 de Meteorologie (ANM) a emis, s\u00e2mb\u0103t\u0103 diminea\u021ba, mai multe aten\u021bion\u0103ri nowcasting Cod galben de cea\u021b\u0103 \u0219i vizibilitate redus\u0103,","breadcrumb":{"@id":"https:\/\/urbeamea.ro\/albaiulia\/judetul-alba-se-afla-sub-cod-galben-de-ceata-izibilitatea-scazuta-sub-200-de-metri\/#breadcrumb"},"inLanguage":"ro-RO","potentialAction":[{"@type":"ReadAction","target":["https:\/\/urbeamea.ro\/albaiulia\/judetul-alba-se-afla-sub-cod-galben-de-ceata-izibilitatea-scazuta-sub-200-de-metri\/"]}]},{"@type":"ImageObject","inLanguage":"ro-RO","@id":"https:\/\/urbeamea.ro\/albaiulia\/judetul-alba-se-afla-sub-cod-galben-de-ceata-izibilitatea-scazuta-sub-200-de-metri\/#primaryimage","url":"https:\/\/urbeamea.ro\/albaiulia\/wp-content\/uploads\/2015\/11\/ceata.jpg","contentUrl":"https:\/\/urbeamea.ro\/albaiulia\/wp-content\/uploads\/2015\/11\/ceata.jpg","width":1000,"height":598},{"@type":"BreadcrumbList","@id":"https:\/\/urbeamea.ro\/albaiulia\/judetul-alba-se-afla-sub-cod-galben-de-ceata-izibilitatea-scazuta-sub-200-de-metri\/#breadcrumb","itemListElement":[{"@type":"ListItem","position":1,"name":"Prima pagin\u0103","item":"https:\/\/urbeamea.ro\/albaiulia\/"},{"@type":"ListItem","position":2,"name":"Jude\u021bul Alba se afl\u0103 sub Cod Galben de cea\u021b\u0103: izibilitatea sc\u0103zut\u0103 sub 200 de metri"}]},{"@type":"WebSite","@id":"https:\/\/urbeamea.ro\/albaiulia\/#website","url":"https:\/\/urbeamea.ro\/albaiulia\/","name":"Revista Urbea Mea, Stiri urbane","description":"Evenimente \u0219i \u0219tiri din Alba Iulia, Sebe\u0219, Aiud, Blaj","potentialAction":[{"@type":"SearchAction","target":{"@type":"EntryPoint","urlTemplate":"https:\/\/urbeamea.ro\/albaiulia\/?s={search_term_string}"},"query-input":{"@type":"PropertyValueSpecification","valueRequired":true,"valueName":"search_term_string"}}],"inLanguage":"ro-RO"},{"@type":"Person","@id":"https:\/\/urbeamea.ro\/albaiulia\/#\/schema\/person\/9700d21fae21c4f038b0b56f4506264a","name":"Cristina Ganga","image":{"@type":"ImageObject","inLanguage":"ro-RO","@id":"https:\/\/secure.gravatar.com\/avatar\/5a67661041f057b4a8ccaf26f5a8e86e2689372006d01faf3dd9eeb10b654bb4?s=96&d=mm&r=g","url":"https:\/\/secure.gravatar.com\/avatar\/5a67661041f057b4a8ccaf26f5a8e86e2689372006d01faf3dd9eeb10b654bb4?s=96&d=mm&r=g","contentUrl":"https:\/\/secure.gravatar.com\/avatar\/5a67661041f057b4a8ccaf26f5a8e86e2689372006d01faf3dd9eeb10b654bb4?s=96&d=mm&r=g","caption":"Cristina Ganga"},"description":"Jurnalist","sameAs":["https:\/\/www.facebook.com\/cristina.nicola.587"],"url":"https:\/\/urbeamea.ro\/albaiulia\/author\/cristina-nicola\/"}]}},"_links":{"self":[{"href":"https:\/\/urbeamea.ro\/albaiulia\/wp-json\/wp\/v2\/posts\/35416","targetHints":{"allow":["GET"]}}],"collection":[{"href":"https:\/\/urbeamea.ro\/albaiulia\/wp-json\/wp\/v2\/posts"}],"about":[{"href":"https:\/\/urbeamea.ro\/albaiulia\/wp-json\/wp\/v2\/types\/post"}],"author":[{"embeddable":true,"href":"https:\/\/urbeamea.ro\/albaiulia\/wp-json\/wp\/v2\/users\/17"}],"replies":[{"embeddable":true,"href":"https:\/\/urbeamea.ro\/albaiulia\/wp-json\/wp\/v2\/comments?post=35416"}],"version-history":[{"count":0,"href":"https:\/\/urbeamea.ro\/albaiulia\/wp-json\/wp\/v2\/posts\/35416\/revisions"}],"wp:featuredmedia":[{"embeddable":true,"href":"https:\/\/urbeamea.ro\/albaiulia\/wp-json\/wp\/v2\/media\/12585"}],"wp:attachment":[{"href":"https:\/\/urbeamea.ro\/albaiulia\/wp-json\/wp\/v2\/media?parent=35416"}],"wp:term":[{"taxonomy":"category","embeddable":true,"href":"https:\/\/urbeamea.ro\/albaiulia\/wp-json\/wp\/v2\/categories?post=35416"},{"taxonomy":"post_tag","embeddable":true,"href":"https:\/\/urbeamea.ro\/albaiulia\/wp-json\/wp\/v2\/tags?post=35416"}],"curies":[{"name":"wp","href":"https:\/\/api.w.org\/{rel}","templated":true}]}}