{"id":35479,"date":"2016-11-21T14:54:13","date_gmt":"2016-11-21T12:54:13","guid":{"rendered":"http:\/\/urbeamea.ro\/albaiulia\/?p=35479"},"modified":"2016-11-21T14:54:13","modified_gmt":"2016-11-21T12:54:13","slug":"amenzi-in-valoare-de-peste-74-000-lei-date-de-politisti-pentru-nereguli-in-pietele-si-targurile-din-alba","status":"publish","type":"post","link":"https:\/\/urbeamea.ro\/albaiulia\/amenzi-in-valoare-de-peste-74-000-lei-date-de-politisti-pentru-nereguli-in-pietele-si-targurile-din-alba\/","title":{"rendered":"Amenzi \u00een valoare de peste 74.000 lei, date de poli\u021bi\u0219ti pentru nereguli \u00een pie\u021bele \u0219i t\u00e2rgurile din Alba"},"content":{"rendered":"<p><strong><img loading=\"lazy\" decoding=\"async\" class=\"alignleft size-medium wp-image-35480\" src=\"http:\/\/urbeamea.ro\/albaiulia\/wp-content\/uploads\/2016\/11\/razie-politie-piata-300x169.jpg\" alt=\"razie-politie-piata\" width=\"300\" height=\"169\" \/>Controale poli\u0163i\u015ftilor din Alba, \u00een pie\u0163e, t\u00e2rguri \u015fi oboare au continuat. \u00centr-o s\u0103pt\u0103m\u00e2n\u0103, au fost constatate 3 infrac\u021biuni, au fost aplicate 149 de sanc\u021biuni contraven\u021bionale, \u00een valoare de 74.020 lei \u0219i au fost confiscate produse alimentare \u00een valoare total\u0103 de 11.497 lei. <\/strong><\/p>\n<p>\u00cen perioada 12 \u2013 18 noiembrie a.c., poli\u021bi\u0219tii din jude\u0163ul Alba au ac\u021bionat, cu efective m\u0103rite, pentru prevenirea \u0219i descoperirea ilegalit\u0103\u0163ilor comise \u00een pie\u0163e, t\u00e2rguri, oboare \u015fi \u00een zona adiacent\u0103 acestora \u015fi pentru verificarea activit\u0103\u021bilor comerciale desf\u0103\u0219urate cu produse agroalimentare de origine animal\u0103 (carne, produse din carne, ou\u0103, lapte \u015fi altele).<\/p>\n<p>La ac\u0163iune au participat 120 de poli\u021bi\u0219ti din structurile de investigare a criminalit\u0103\u021bii economice, ordine public\u0103, rutier\u0103 \u015fi transporturi, care au f\u0103cut verific\u0103ri \u00a0\u00eempreun\u0103 cu reprezentan\u021bi ai Autorit\u0103\u0163ii Na\u0163ionale Sanitar Veterinare \u0219i Siguran\u021ba Alimentelor \u0219i ai Ministerului Agriculturii \u0219i Dezvolt\u0103rii Rurale.<\/p>\n<p>\u00cen aceast\u0103 perioad\u0103, echipele de control au organizat 26 de ac\u0163iuni \u00een cadrul c\u0103rora au fost verificate 79 de societ\u0103\u0163i comerciale \u015fi 153 de persoane fizice.<\/p>\n<p>\u00cen urma acestor activit\u0103\u021bi au fost constatate 3 infrac\u0163iuni, dintre care dou\u0103 de\u00a0 evaziune fiscal\u0103 \u015fi 149 de abateri contraven\u0163ionale, sanc\u0163ionate cu amenzi \u00een valoare total\u0103 de 74.020 lei.<\/p>\n<p>\u00cen urma neregulilor descoperite, au fost confiscate carne, produse din carne, legume, fructe, ou\u0103 \u00a0\u015fi alte produse alimentare \u00een valoare de 11.497 lei.<\/p>\n","protected":false},"excerpt":{"rendered":"<p>Controale poli\u0163i\u015ftilor din Alba, \u00een pie\u0163e, t\u00e2rguri \u015fi oboare au continuat. \u00centr-o s\u0103pt\u0103m\u00e2n\u0103, au fost constatate 3 infrac\u021biuni, au fost aplicate 149 de sanc\u021biuni contraven\u021bionale, \u00een valoare de 74.020 lei \u0219i au fost confiscate produse alimentare \u00een valoare total\u0103 de 11.497 lei. \u00cen perioada 12 \u2013 18 noiembrie a.c., poli\u021bi\u0219tii din jude\u0163ul Alba au ac\u021bionat, &hellip;<\/p>\n","protected":false},"author":20,"featured_media":35480,"comment_status":"open","ping_status":"open","sticky":false,"template":"","format":"standard","meta":{"inline_featured_image":false,"footnotes":""},"categories":[2034],"tags":[2292,3653,2175,2417,3656,8719,4827,458,2216,76],"class_list":["post-35479","post","type-post","status-publish","format-standard","has-post-thumbnail","hentry","category-social","tag-amenzi","tag-confiscat","tag-controale","tag-infractiuni","tag-marfa","tag-oboare","tag-piete","tag-politisti","tag-targuri","tag-urbea-mea"],"yoast_head":"<!-- This site is optimized with the Yoast SEO plugin v28.3 - https:\/\/yoast.com\/product\/yoast-seo-wordpress\/ -->\n<title>Amenzi \u00een valoare de peste 74.000 lei, date de poli\u021bi\u0219ti pentru nereguli \u00een pie\u021bele \u0219i t\u00e2rgurile din Alba - Revista Urbea Mea - Revista de Alba<\/title>\n<meta name=\"description\" content=\"Controale poli\u0163i\u015ftilor din Alba, \u00een pie\u0163e, t\u00e2rguri \u015fi oboare au continuat. \u00centr-o s\u0103pt\u0103m\u00e2n\u0103, au fost constatate 3 infrac\u021biuni, au fost aplicate 149 de\" \/>\n<meta name=\"robots\" content=\"index, follow, max-snippet:-1, max-image-preview:large, max-video-preview:-1\" \/>\n<link rel=\"canonical\" href=\"https:\/\/urbeamea.ro\/albaiulia\/amenzi-in-valoare-de-peste-74-000-lei-date-de-politisti-pentru-nereguli-in-pietele-si-targurile-din-alba\/\" \/>\n<meta name=\"twitter:card\" content=\"summary_large_image\" \/>\n<meta name=\"twitter:title\" content=\"Amenzi \u00een valoare de peste 74.000 lei, date de poli\u021bi\u0219ti pentru nereguli \u00een pie\u021bele \u0219i t\u00e2rgurile din Alba - Revista Urbea Mea - Revista de Alba\" \/>\n<meta name=\"twitter:description\" content=\"Controale poli\u0163i\u015ftilor din Alba, \u00een pie\u0163e, t\u00e2rguri \u015fi oboare au continuat. \u00centr-o s\u0103pt\u0103m\u00e2n\u0103, au fost constatate 3 infrac\u021biuni, au fost aplicate 149 de\" \/>\n<meta name=\"twitter:image\" content=\"https:\/\/urbeamea.ro\/albaiulia\/wp-content\/uploads\/2016\/11\/razie-politie-piata.jpg\" \/>\n<meta name=\"twitter:creator\" content=\"@urbeameaweb\" \/>\n<meta name=\"twitter:site\" content=\"@urbeameaweb\" \/>\n<script type=\"application\/ld+json\" class=\"yoast-schema-graph\">{\"@context\":\"https:\\\/\\\/schema.org\",\"@graph\":[{\"@type\":\"Article\",\"@id\":\"https:\\\/\\\/urbeamea.ro\\\/albaiulia\\\/amenzi-in-valoare-de-peste-74-000-lei-date-de-politisti-pentru-nereguli-in-pietele-si-targurile-din-alba\\\/#article\",\"isPartOf\":{\"@id\":\"https:\\\/\\\/urbeamea.ro\\\/albaiulia\\\/amenzi-in-valoare-de-peste-74-000-lei-date-de-politisti-pentru-nereguli-in-pietele-si-targurile-din-alba\\\/\"},\"author\":{\"name\":\"Adriana Avram\",\"@id\":\"https:\\\/\\\/urbeamea.ro\\\/albaiulia\\\/#\\\/schema\\\/person\\\/cfaa27fc3da4a9a2cf2fee3650afc5d0\"},\"headline\":\"Amenzi \u00een valoare de peste 74.000 lei, date de poli\u021bi\u0219ti pentru nereguli \u00een pie\u021bele \u0219i t\u00e2rgurile din Alba\",\"datePublished\":\"2016-11-21T12:54:13+00:00\",\"mainEntityOfPage\":{\"@id\":\"https:\\\/\\\/urbeamea.ro\\\/albaiulia\\\/amenzi-in-valoare-de-peste-74-000-lei-date-de-politisti-pentru-nereguli-in-pietele-si-targurile-din-alba\\\/\"},\"wordCount\":257,\"commentCount\":0,\"image\":{\"@id\":\"https:\\\/\\\/urbeamea.ro\\\/albaiulia\\\/amenzi-in-valoare-de-peste-74-000-lei-date-de-politisti-pentru-nereguli-in-pietele-si-targurile-din-alba\\\/#primaryimage\"},\"thumbnailUrl\":\"https:\\\/\\\/urbeamea.ro\\\/albaiulia\\\/wp-content\\\/uploads\\\/2016\\\/11\\\/razie-politie-piata.jpg\",\"keywords\":[\"amenzi\",\"confiscat\",\"controale\",\"infractiuni\",\"marfa\",\"oboare\",\"piete\",\"politisti\",\"targuri\",\"Urbea Mea\"],\"articleSection\":[\"Social\"],\"inLanguage\":\"ro-RO\",\"potentialAction\":[{\"@type\":\"CommentAction\",\"name\":\"Comment\",\"target\":[\"https:\\\/\\\/urbeamea.ro\\\/albaiulia\\\/amenzi-in-valoare-de-peste-74-000-lei-date-de-politisti-pentru-nereguli-in-pietele-si-targurile-din-alba\\\/#respond\"]}]},{\"@type\":\"WebPage\",\"@id\":\"https:\\\/\\\/urbeamea.ro\\\/albaiulia\\\/amenzi-in-valoare-de-peste-74-000-lei-date-de-politisti-pentru-nereguli-in-pietele-si-targurile-din-alba\\\/\",\"url\":\"https:\\\/\\\/urbeamea.ro\\\/albaiulia\\\/amenzi-in-valoare-de-peste-74-000-lei-date-de-politisti-pentru-nereguli-in-pietele-si-targurile-din-alba\\\/\",\"name\":\"Amenzi \u00een valoare de peste 74.000 lei, date de poli\u021bi\u0219ti pentru nereguli \u00een pie\u021bele \u0219i t\u00e2rgurile din Alba - Revista Urbea Mea - Revista de Alba\",\"isPartOf\":{\"@id\":\"https:\\\/\\\/urbeamea.ro\\\/albaiulia\\\/#website\"},\"primaryImageOfPage\":{\"@id\":\"https:\\\/\\\/urbeamea.ro\\\/albaiulia\\\/amenzi-in-valoare-de-peste-74-000-lei-date-de-politisti-pentru-nereguli-in-pietele-si-targurile-din-alba\\\/#primaryimage\"},\"image\":{\"@id\":\"https:\\\/\\\/urbeamea.ro\\\/albaiulia\\\/amenzi-in-valoare-de-peste-74-000-lei-date-de-politisti-pentru-nereguli-in-pietele-si-targurile-din-alba\\\/#primaryimage\"},\"thumbnailUrl\":\"https:\\\/\\\/urbeamea.ro\\\/albaiulia\\\/wp-content\\\/uploads\\\/2016\\\/11\\\/razie-politie-piata.jpg\",\"datePublished\":\"2016-11-21T12:54:13+00:00\",\"author\":{\"@id\":\"https:\\\/\\\/urbeamea.ro\\\/albaiulia\\\/#\\\/schema\\\/person\\\/cfaa27fc3da4a9a2cf2fee3650afc5d0\"},\"description\":\"Controale poli\u0163i\u015ftilor din Alba, \u00een pie\u0163e, t\u00e2rguri \u015fi oboare au continuat. \u00centr-o s\u0103pt\u0103m\u00e2n\u0103, au fost constatate 3 infrac\u021biuni, au fost aplicate 149 de\",\"breadcrumb\":{\"@id\":\"https:\\\/\\\/urbeamea.ro\\\/albaiulia\\\/amenzi-in-valoare-de-peste-74-000-lei-date-de-politisti-pentru-nereguli-in-pietele-si-targurile-din-alba\\\/#breadcrumb\"},\"inLanguage\":\"ro-RO\",\"potentialAction\":[{\"@type\":\"ReadAction\",\"target\":[\"https:\\\/\\\/urbeamea.ro\\\/albaiulia\\\/amenzi-in-valoare-de-peste-74-000-lei-date-de-politisti-pentru-nereguli-in-pietele-si-targurile-din-alba\\\/\"]}]},{\"@type\":\"ImageObject\",\"inLanguage\":\"ro-RO\",\"@id\":\"https:\\\/\\\/urbeamea.ro\\\/albaiulia\\\/amenzi-in-valoare-de-peste-74-000-lei-date-de-politisti-pentru-nereguli-in-pietele-si-targurile-din-alba\\\/#primaryimage\",\"url\":\"https:\\\/\\\/urbeamea.ro\\\/albaiulia\\\/wp-content\\\/uploads\\\/2016\\\/11\\\/razie-politie-piata.jpg\",\"contentUrl\":\"https:\\\/\\\/urbeamea.ro\\\/albaiulia\\\/wp-content\\\/uploads\\\/2016\\\/11\\\/razie-politie-piata.jpg\",\"width\":800,\"height\":450},{\"@type\":\"BreadcrumbList\",\"@id\":\"https:\\\/\\\/urbeamea.ro\\\/albaiulia\\\/amenzi-in-valoare-de-peste-74-000-lei-date-de-politisti-pentru-nereguli-in-pietele-si-targurile-din-alba\\\/#breadcrumb\",\"itemListElement\":[{\"@type\":\"ListItem\",\"position\":1,\"name\":\"Prima pagin\u0103\",\"item\":\"https:\\\/\\\/urbeamea.ro\\\/albaiulia\\\/\"},{\"@type\":\"ListItem\",\"position\":2,\"name\":\"Amenzi \u00een valoare de peste 74.000 lei, date de poli\u021bi\u0219ti pentru nereguli \u00een pie\u021bele \u0219i t\u00e2rgurile din Alba\"}]},{\"@type\":\"WebSite\",\"@id\":\"https:\\\/\\\/urbeamea.ro\\\/albaiulia\\\/#website\",\"url\":\"https:\\\/\\\/urbeamea.ro\\\/albaiulia\\\/\",\"name\":\"Revista Urbea Mea, Stiri urbane\",\"description\":\"Evenimente \u0219i \u0219tiri din Alba Iulia, Sebe\u0219, Aiud, Blaj\",\"potentialAction\":[{\"@type\":\"SearchAction\",\"target\":{\"@type\":\"EntryPoint\",\"urlTemplate\":\"https:\\\/\\\/urbeamea.ro\\\/albaiulia\\\/?s={search_term_string}\"},\"query-input\":{\"@type\":\"PropertyValueSpecification\",\"valueRequired\":true,\"valueName\":\"search_term_string\"}}],\"inLanguage\":\"ro-RO\"},{\"@type\":\"Person\",\"@id\":\"https:\\\/\\\/urbeamea.ro\\\/albaiulia\\\/#\\\/schema\\\/person\\\/cfaa27fc3da4a9a2cf2fee3650afc5d0\",\"name\":\"Adriana Avram\",\"image\":{\"@type\":\"ImageObject\",\"inLanguage\":\"ro-RO\",\"@id\":\"https:\\\/\\\/secure.gravatar.com\\\/avatar\\\/3cc61eb1584088e0099c1763903a6421c5ce6cdf45fc2d424046dc621efc21f9?s=96&d=mm&r=g\",\"url\":\"https:\\\/\\\/secure.gravatar.com\\\/avatar\\\/3cc61eb1584088e0099c1763903a6421c5ce6cdf45fc2d424046dc621efc21f9?s=96&d=mm&r=g\",\"contentUrl\":\"https:\\\/\\\/secure.gravatar.com\\\/avatar\\\/3cc61eb1584088e0099c1763903a6421c5ce6cdf45fc2d424046dc621efc21f9?s=96&d=mm&r=g\",\"caption\":\"Adriana Avram\"},\"description\":\"Jurnalist\",\"sameAs\":[\"https:\\\/\\\/www.facebook.com\\\/avram.adriana.7?fref=ts\"],\"url\":\"https:\\\/\\\/urbeamea.ro\\\/albaiulia\\\/author\\\/adriana-avram\\\/\"}]}<\/script>\n<!-- \/ Yoast SEO plugin. -->","yoast_head_json":{"title":"Amenzi \u00een valoare de peste 74.000 lei, date de poli\u021bi\u0219ti pentru nereguli \u00een pie\u021bele \u0219i t\u00e2rgurile din Alba - Revista Urbea Mea - Revista de Alba","description":"Controale poli\u0163i\u015ftilor din Alba, \u00een pie\u0163e, t\u00e2rguri \u015fi oboare au continuat. \u00centr-o s\u0103pt\u0103m\u00e2n\u0103, au fost constatate 3 infrac\u021biuni, au fost aplicate 149 de","robots":{"index":"index","follow":"follow","max-snippet":"max-snippet:-1","max-image-preview":"max-image-preview:large","max-video-preview":"max-video-preview:-1"},"canonical":"https:\/\/urbeamea.ro\/albaiulia\/amenzi-in-valoare-de-peste-74-000-lei-date-de-politisti-pentru-nereguli-in-pietele-si-targurile-din-alba\/","twitter_card":"summary_large_image","twitter_title":"Amenzi \u00een valoare de peste 74.000 lei, date de poli\u021bi\u0219ti pentru nereguli \u00een pie\u021bele \u0219i t\u00e2rgurile din Alba - Revista Urbea Mea - Revista de Alba","twitter_description":"Controale poli\u0163i\u015ftilor din Alba, \u00een pie\u0163e, t\u00e2rguri \u015fi oboare au continuat. \u00centr-o s\u0103pt\u0103m\u00e2n\u0103, au fost constatate 3 infrac\u021biuni, au fost aplicate 149 de","twitter_image":"https:\/\/urbeamea.ro\/albaiulia\/wp-content\/uploads\/2016\/11\/razie-politie-piata.jpg","twitter_creator":"@urbeameaweb","twitter_site":"@urbeameaweb","schema":{"@context":"https:\/\/schema.org","@graph":[{"@type":"Article","@id":"https:\/\/urbeamea.ro\/albaiulia\/amenzi-in-valoare-de-peste-74-000-lei-date-de-politisti-pentru-nereguli-in-pietele-si-targurile-din-alba\/#article","isPartOf":{"@id":"https:\/\/urbeamea.ro\/albaiulia\/amenzi-in-valoare-de-peste-74-000-lei-date-de-politisti-pentru-nereguli-in-pietele-si-targurile-din-alba\/"},"author":{"name":"Adriana Avram","@id":"https:\/\/urbeamea.ro\/albaiulia\/#\/schema\/person\/cfaa27fc3da4a9a2cf2fee3650afc5d0"},"headline":"Amenzi \u00een valoare de peste 74.000 lei, date de poli\u021bi\u0219ti pentru nereguli \u00een pie\u021bele \u0219i t\u00e2rgurile din Alba","datePublished":"2016-11-21T12:54:13+00:00","mainEntityOfPage":{"@id":"https:\/\/urbeamea.ro\/albaiulia\/amenzi-in-valoare-de-peste-74-000-lei-date-de-politisti-pentru-nereguli-in-pietele-si-targurile-din-alba\/"},"wordCount":257,"commentCount":0,"image":{"@id":"https:\/\/urbeamea.ro\/albaiulia\/amenzi-in-valoare-de-peste-74-000-lei-date-de-politisti-pentru-nereguli-in-pietele-si-targurile-din-alba\/#primaryimage"},"thumbnailUrl":"https:\/\/urbeamea.ro\/albaiulia\/wp-content\/uploads\/2016\/11\/razie-politie-piata.jpg","keywords":["amenzi","confiscat","controale","infractiuni","marfa","oboare","piete","politisti","targuri","Urbea Mea"],"articleSection":["Social"],"inLanguage":"ro-RO","potentialAction":[{"@type":"CommentAction","name":"Comment","target":["https:\/\/urbeamea.ro\/albaiulia\/amenzi-in-valoare-de-peste-74-000-lei-date-de-politisti-pentru-nereguli-in-pietele-si-targurile-din-alba\/#respond"]}]},{"@type":"WebPage","@id":"https:\/\/urbeamea.ro\/albaiulia\/amenzi-in-valoare-de-peste-74-000-lei-date-de-politisti-pentru-nereguli-in-pietele-si-targurile-din-alba\/","url":"https:\/\/urbeamea.ro\/albaiulia\/amenzi-in-valoare-de-peste-74-000-lei-date-de-politisti-pentru-nereguli-in-pietele-si-targurile-din-alba\/","name":"Amenzi \u00een valoare de peste 74.000 lei, date de poli\u021bi\u0219ti pentru nereguli \u00een pie\u021bele \u0219i t\u00e2rgurile din Alba - Revista Urbea Mea - Revista de Alba","isPartOf":{"@id":"https:\/\/urbeamea.ro\/albaiulia\/#website"},"primaryImageOfPage":{"@id":"https:\/\/urbeamea.ro\/albaiulia\/amenzi-in-valoare-de-peste-74-000-lei-date-de-politisti-pentru-nereguli-in-pietele-si-targurile-din-alba\/#primaryimage"},"image":{"@id":"https:\/\/urbeamea.ro\/albaiulia\/amenzi-in-valoare-de-peste-74-000-lei-date-de-politisti-pentru-nereguli-in-pietele-si-targurile-din-alba\/#primaryimage"},"thumbnailUrl":"https:\/\/urbeamea.ro\/albaiulia\/wp-content\/uploads\/2016\/11\/razie-politie-piata.jpg","datePublished":"2016-11-21T12:54:13+00:00","author":{"@id":"https:\/\/urbeamea.ro\/albaiulia\/#\/schema\/person\/cfaa27fc3da4a9a2cf2fee3650afc5d0"},"description":"Controale poli\u0163i\u015ftilor din Alba, \u00een pie\u0163e, t\u00e2rguri \u015fi oboare au continuat. \u00centr-o s\u0103pt\u0103m\u00e2n\u0103, au fost constatate 3 infrac\u021biuni, au fost aplicate 149 de","breadcrumb":{"@id":"https:\/\/urbeamea.ro\/albaiulia\/amenzi-in-valoare-de-peste-74-000-lei-date-de-politisti-pentru-nereguli-in-pietele-si-targurile-din-alba\/#breadcrumb"},"inLanguage":"ro-RO","potentialAction":[{"@type":"ReadAction","target":["https:\/\/urbeamea.ro\/albaiulia\/amenzi-in-valoare-de-peste-74-000-lei-date-de-politisti-pentru-nereguli-in-pietele-si-targurile-din-alba\/"]}]},{"@type":"ImageObject","inLanguage":"ro-RO","@id":"https:\/\/urbeamea.ro\/albaiulia\/amenzi-in-valoare-de-peste-74-000-lei-date-de-politisti-pentru-nereguli-in-pietele-si-targurile-din-alba\/#primaryimage","url":"https:\/\/urbeamea.ro\/albaiulia\/wp-content\/uploads\/2016\/11\/razie-politie-piata.jpg","contentUrl":"https:\/\/urbeamea.ro\/albaiulia\/wp-content\/uploads\/2016\/11\/razie-politie-piata.jpg","width":800,"height":450},{"@type":"BreadcrumbList","@id":"https:\/\/urbeamea.ro\/albaiulia\/amenzi-in-valoare-de-peste-74-000-lei-date-de-politisti-pentru-nereguli-in-pietele-si-targurile-din-alba\/#breadcrumb","itemListElement":[{"@type":"ListItem","position":1,"name":"Prima pagin\u0103","item":"https:\/\/urbeamea.ro\/albaiulia\/"},{"@type":"ListItem","position":2,"name":"Amenzi \u00een valoare de peste 74.000 lei, date de poli\u021bi\u0219ti pentru nereguli \u00een pie\u021bele \u0219i t\u00e2rgurile din Alba"}]},{"@type":"WebSite","@id":"https:\/\/urbeamea.ro\/albaiulia\/#website","url":"https:\/\/urbeamea.ro\/albaiulia\/","name":"Revista Urbea Mea, Stiri urbane","description":"Evenimente \u0219i \u0219tiri din Alba Iulia, Sebe\u0219, Aiud, Blaj","potentialAction":[{"@type":"SearchAction","target":{"@type":"EntryPoint","urlTemplate":"https:\/\/urbeamea.ro\/albaiulia\/?s={search_term_string}"},"query-input":{"@type":"PropertyValueSpecification","valueRequired":true,"valueName":"search_term_string"}}],"inLanguage":"ro-RO"},{"@type":"Person","@id":"https:\/\/urbeamea.ro\/albaiulia\/#\/schema\/person\/cfaa27fc3da4a9a2cf2fee3650afc5d0","name":"Adriana Avram","image":{"@type":"ImageObject","inLanguage":"ro-RO","@id":"https:\/\/secure.gravatar.com\/avatar\/3cc61eb1584088e0099c1763903a6421c5ce6cdf45fc2d424046dc621efc21f9?s=96&d=mm&r=g","url":"https:\/\/secure.gravatar.com\/avatar\/3cc61eb1584088e0099c1763903a6421c5ce6cdf45fc2d424046dc621efc21f9?s=96&d=mm&r=g","contentUrl":"https:\/\/secure.gravatar.com\/avatar\/3cc61eb1584088e0099c1763903a6421c5ce6cdf45fc2d424046dc621efc21f9?s=96&d=mm&r=g","caption":"Adriana Avram"},"description":"Jurnalist","sameAs":["https:\/\/www.facebook.com\/avram.adriana.7?fref=ts"],"url":"https:\/\/urbeamea.ro\/albaiulia\/author\/adriana-avram\/"}]}},"_links":{"self":[{"href":"https:\/\/urbeamea.ro\/albaiulia\/wp-json\/wp\/v2\/posts\/35479","targetHints":{"allow":["GET"]}}],"collection":[{"href":"https:\/\/urbeamea.ro\/albaiulia\/wp-json\/wp\/v2\/posts"}],"about":[{"href":"https:\/\/urbeamea.ro\/albaiulia\/wp-json\/wp\/v2\/types\/post"}],"author":[{"embeddable":true,"href":"https:\/\/urbeamea.ro\/albaiulia\/wp-json\/wp\/v2\/users\/20"}],"replies":[{"embeddable":true,"href":"https:\/\/urbeamea.ro\/albaiulia\/wp-json\/wp\/v2\/comments?post=35479"}],"version-history":[{"count":0,"href":"https:\/\/urbeamea.ro\/albaiulia\/wp-json\/wp\/v2\/posts\/35479\/revisions"}],"wp:featuredmedia":[{"embeddable":true,"href":"https:\/\/urbeamea.ro\/albaiulia\/wp-json\/wp\/v2\/media\/35480"}],"wp:attachment":[{"href":"https:\/\/urbeamea.ro\/albaiulia\/wp-json\/wp\/v2\/media?parent=35479"}],"wp:term":[{"taxonomy":"category","embeddable":true,"href":"https:\/\/urbeamea.ro\/albaiulia\/wp-json\/wp\/v2\/categories?post=35479"},{"taxonomy":"post_tag","embeddable":true,"href":"https:\/\/urbeamea.ro\/albaiulia\/wp-json\/wp\/v2\/tags?post=35479"}],"curies":[{"name":"wp","href":"https:\/\/api.w.org\/{rel}","templated":true}]}}