{"id":35523,"date":"2016-11-22T11:49:03","date_gmt":"2016-11-22T09:49:03","guid":{"rendered":"http:\/\/urbeamea.ro\/albaiulia\/?p=35523"},"modified":"2016-11-22T11:49:03","modified_gmt":"2016-11-22T09:49:03","slug":"miercuri-expozitia-portul-popular-traditional-din-judetul-alba-vernisata-la-sala-unirii-din-alba-iulia","status":"publish","type":"post","link":"https:\/\/urbeamea.ro\/albaiulia\/miercuri-expozitia-portul-popular-traditional-din-judetul-alba-vernisata-la-sala-unirii-din-alba-iulia\/","title":{"rendered":"Miercuri: Expozi\u021bia \u201ePortul popular tradi\u021bional din jude\u021bul Alba\u201d, vernisat\u0103 la Sala Unirii din Alba Iulia"},"content":{"rendered":"<p><strong><img loading=\"lazy\" decoding=\"async\" class=\"size-medium wp-image-35524 alignleft\" src=\"http:\/\/urbeamea.ro\/albaiulia\/wp-content\/uploads\/2016\/11\/afis-expo-final-212x300.jpg\" alt=\"afis-expo-final\" width=\"212\" height=\"300\" \/>Miercuri, 23 noiembrie, \u00eencep\u00e2nd cu ora 12.00, la Sala Unirii din Alba Iulia va avea loc vernisajul expozi\u021biei \u201ePortul popular tradi\u021bional din jude\u021bul Alba\u201d. Evenimentul \u00ee\u0219i propune s\u0103 aduc\u0103 la lumin\u0103 costume populare \u0219i piese de podoab\u0103 tradi\u021bionale din jude\u021bului Alba.<\/strong><\/p>\n<p>Sunt avute \u00een vedere \u00een special urm\u0103toarele zone etnografice: Zona Mun\u021bilor Apuseni (Valea Ampoiului, Bucium\u0103nimea, Moc\u0103nimea Arie\u0219ului, Moc\u0103nimea Trasc\u0103ului \u0219i \u021aara Mo\u021bilor), Zona T\u00e2rnavelor, Zoana Seca\u0219elor, Zona Sebe\u0219, Zona Alba \u0219i Zona viticol\u0103 Alba.<\/p>\n<p>Evenimentul este organizat de Consiliul Jude\u021bean Alba, \u00a0Direc\u021bia Jude\u021bean\u0103 pentru Cultur\u0103 Alba \u0219i Muzeul Na\u021bional al Unirii Alba Iulia.<\/p>\n","protected":false},"excerpt":{"rendered":"<p>Miercuri, 23 noiembrie, \u00eencep\u00e2nd cu ora 12.00, la Sala Unirii din Alba Iulia va avea loc vernisajul expozi\u021biei \u201ePortul popular tradi\u021bional din jude\u021bul Alba\u201d. Evenimentul \u00ee\u0219i propune s\u0103 aduc\u0103 la lumin\u0103 costume populare \u0219i piese de podoab\u0103 tradi\u021bionale din jude\u021bului Alba. Sunt avute \u00een vedere \u00een special urm\u0103toarele zone etnografice: Zona Mun\u021bilor Apuseni (Valea Ampoiului, &hellip;<\/p>\n","protected":false},"author":17,"featured_media":35524,"comment_status":"open","ping_status":"open","sticky":false,"template":"","format":"standard","meta":{"inline_featured_image":false,"footnotes":""},"categories":[2038],"tags":[8738,31,6695,417,8739,1191,308,76,418],"class_list":["post-35523","post","type-post","status-publish","format-standard","has-post-thumbnail","hentry","category-cultura","tag-portul-popular-traditional-din-judetul-alba","tag-alba-iulia","tag-costume-populare","tag-expozitie","tag-piese-de-podoaba-traditionala","tag-sala-unirii","tag-stiri","tag-urbea-mea","tag-vernisaj"],"yoast_head":"<!-- This site is optimized with the Yoast SEO plugin v27.4 - https:\/\/yoast.com\/product\/yoast-seo-wordpress\/ -->\n<title>Miercuri: Expozi\u021bia \u201ePortul popular tradi\u021bional din jude\u021bul Alba\u201d, vernisat\u0103 la Sala Unirii din Alba Iulia - Revista Urbea Mea - Revista de Alba<\/title>\n<meta name=\"description\" content=\"Miercuri, 23 noiembrie, \u00eencep\u00e2nd cu ora 12.00, la Sala Unirii din Alba Iulia va avea loc vernisajul expozi\u021biei \u201ePortul popular tradi\u021bional din jude\u021bul\" \/>\n<meta name=\"robots\" content=\"index, follow, max-snippet:-1, max-image-preview:large, max-video-preview:-1\" \/>\n<link rel=\"canonical\" href=\"https:\/\/urbeamea.ro\/albaiulia\/miercuri-expozitia-portul-popular-traditional-din-judetul-alba-vernisata-la-sala-unirii-din-alba-iulia\/\" \/>\n<meta name=\"twitter:card\" content=\"summary_large_image\" \/>\n<meta name=\"twitter:title\" content=\"Miercuri: Expozi\u021bia \u201ePortul popular tradi\u021bional din jude\u021bul Alba\u201d, vernisat\u0103 la Sala Unirii din Alba Iulia - Revista Urbea Mea - Revista de Alba\" \/>\n<meta name=\"twitter:description\" content=\"Miercuri, 23 noiembrie, \u00eencep\u00e2nd cu ora 12.00, la Sala Unirii din Alba Iulia va avea loc vernisajul expozi\u021biei \u201ePortul popular tradi\u021bional din jude\u021bul\" \/>\n<meta name=\"twitter:image\" content=\"https:\/\/urbeamea.ro\/albaiulia\/wp-content\/uploads\/2016\/11\/afis-expo-final.jpg\" \/>\n<meta name=\"twitter:creator\" content=\"@urbeameaweb\" \/>\n<meta name=\"twitter:site\" content=\"@urbeameaweb\" \/>\n<script type=\"application\/ld+json\" class=\"yoast-schema-graph\">{\"@context\":\"https:\\\/\\\/schema.org\",\"@graph\":[{\"@type\":\"Article\",\"@id\":\"https:\\\/\\\/urbeamea.ro\\\/albaiulia\\\/miercuri-expozitia-portul-popular-traditional-din-judetul-alba-vernisata-la-sala-unirii-din-alba-iulia\\\/#article\",\"isPartOf\":{\"@id\":\"https:\\\/\\\/urbeamea.ro\\\/albaiulia\\\/miercuri-expozitia-portul-popular-traditional-din-judetul-alba-vernisata-la-sala-unirii-din-alba-iulia\\\/\"},\"author\":{\"name\":\"Cristina Ganga\",\"@id\":\"https:\\\/\\\/urbeamea.ro\\\/albaiulia\\\/#\\\/schema\\\/person\\\/9700d21fae21c4f038b0b56f4506264a\"},\"headline\":\"Miercuri: Expozi\u021bia \u201ePortul popular tradi\u021bional din jude\u021bul Alba\u201d, vernisat\u0103 la Sala Unirii din Alba Iulia\",\"datePublished\":\"2016-11-22T09:49:03+00:00\",\"mainEntityOfPage\":{\"@id\":\"https:\\\/\\\/urbeamea.ro\\\/albaiulia\\\/miercuri-expozitia-portul-popular-traditional-din-judetul-alba-vernisata-la-sala-unirii-din-alba-iulia\\\/\"},\"wordCount\":130,\"commentCount\":0,\"image\":{\"@id\":\"https:\\\/\\\/urbeamea.ro\\\/albaiulia\\\/miercuri-expozitia-portul-popular-traditional-din-judetul-alba-vernisata-la-sala-unirii-din-alba-iulia\\\/#primaryimage\"},\"thumbnailUrl\":\"https:\\\/\\\/urbeamea.ro\\\/albaiulia\\\/wp-content\\\/uploads\\\/2016\\\/11\\\/afis-expo-final.jpg\",\"keywords\":[\"\u201ePortul popular tradi\u021bional din jude\u021bul Alba\u201d\",\"Alba Iulia\",\"costume populare\",\"expozitie\",\"piese de podoaba traditionala\",\"sala unirii\",\"stiri\",\"Urbea Mea\",\"vernisaj\"],\"articleSection\":[\"Cultur\u0103\"],\"inLanguage\":\"ro-RO\",\"potentialAction\":[{\"@type\":\"CommentAction\",\"name\":\"Comment\",\"target\":[\"https:\\\/\\\/urbeamea.ro\\\/albaiulia\\\/miercuri-expozitia-portul-popular-traditional-din-judetul-alba-vernisata-la-sala-unirii-din-alba-iulia\\\/#respond\"]}]},{\"@type\":\"WebPage\",\"@id\":\"https:\\\/\\\/urbeamea.ro\\\/albaiulia\\\/miercuri-expozitia-portul-popular-traditional-din-judetul-alba-vernisata-la-sala-unirii-din-alba-iulia\\\/\",\"url\":\"https:\\\/\\\/urbeamea.ro\\\/albaiulia\\\/miercuri-expozitia-portul-popular-traditional-din-judetul-alba-vernisata-la-sala-unirii-din-alba-iulia\\\/\",\"name\":\"Miercuri: Expozi\u021bia \u201ePortul popular tradi\u021bional din jude\u021bul Alba\u201d, vernisat\u0103 la Sala Unirii din Alba Iulia - Revista Urbea Mea - Revista de Alba\",\"isPartOf\":{\"@id\":\"https:\\\/\\\/urbeamea.ro\\\/albaiulia\\\/#website\"},\"primaryImageOfPage\":{\"@id\":\"https:\\\/\\\/urbeamea.ro\\\/albaiulia\\\/miercuri-expozitia-portul-popular-traditional-din-judetul-alba-vernisata-la-sala-unirii-din-alba-iulia\\\/#primaryimage\"},\"image\":{\"@id\":\"https:\\\/\\\/urbeamea.ro\\\/albaiulia\\\/miercuri-expozitia-portul-popular-traditional-din-judetul-alba-vernisata-la-sala-unirii-din-alba-iulia\\\/#primaryimage\"},\"thumbnailUrl\":\"https:\\\/\\\/urbeamea.ro\\\/albaiulia\\\/wp-content\\\/uploads\\\/2016\\\/11\\\/afis-expo-final.jpg\",\"datePublished\":\"2016-11-22T09:49:03+00:00\",\"author\":{\"@id\":\"https:\\\/\\\/urbeamea.ro\\\/albaiulia\\\/#\\\/schema\\\/person\\\/9700d21fae21c4f038b0b56f4506264a\"},\"description\":\"Miercuri, 23 noiembrie, \u00eencep\u00e2nd cu ora 12.00, la Sala Unirii din Alba Iulia va avea loc vernisajul expozi\u021biei \u201ePortul popular tradi\u021bional din jude\u021bul\",\"breadcrumb\":{\"@id\":\"https:\\\/\\\/urbeamea.ro\\\/albaiulia\\\/miercuri-expozitia-portul-popular-traditional-din-judetul-alba-vernisata-la-sala-unirii-din-alba-iulia\\\/#breadcrumb\"},\"inLanguage\":\"ro-RO\",\"potentialAction\":[{\"@type\":\"ReadAction\",\"target\":[\"https:\\\/\\\/urbeamea.ro\\\/albaiulia\\\/miercuri-expozitia-portul-popular-traditional-din-judetul-alba-vernisata-la-sala-unirii-din-alba-iulia\\\/\"]}]},{\"@type\":\"ImageObject\",\"inLanguage\":\"ro-RO\",\"@id\":\"https:\\\/\\\/urbeamea.ro\\\/albaiulia\\\/miercuri-expozitia-portul-popular-traditional-din-judetul-alba-vernisata-la-sala-unirii-din-alba-iulia\\\/#primaryimage\",\"url\":\"https:\\\/\\\/urbeamea.ro\\\/albaiulia\\\/wp-content\\\/uploads\\\/2016\\\/11\\\/afis-expo-final.jpg\",\"contentUrl\":\"https:\\\/\\\/urbeamea.ro\\\/albaiulia\\\/wp-content\\\/uploads\\\/2016\\\/11\\\/afis-expo-final.jpg\",\"width\":724,\"height\":1024},{\"@type\":\"BreadcrumbList\",\"@id\":\"https:\\\/\\\/urbeamea.ro\\\/albaiulia\\\/miercuri-expozitia-portul-popular-traditional-din-judetul-alba-vernisata-la-sala-unirii-din-alba-iulia\\\/#breadcrumb\",\"itemListElement\":[{\"@type\":\"ListItem\",\"position\":1,\"name\":\"Prima pagin\u0103\",\"item\":\"https:\\\/\\\/urbeamea.ro\\\/albaiulia\\\/\"},{\"@type\":\"ListItem\",\"position\":2,\"name\":\"Miercuri: Expozi\u021bia \u201ePortul popular tradi\u021bional din jude\u021bul Alba\u201d, vernisat\u0103 la Sala Unirii din Alba Iulia\"}]},{\"@type\":\"WebSite\",\"@id\":\"https:\\\/\\\/urbeamea.ro\\\/albaiulia\\\/#website\",\"url\":\"https:\\\/\\\/urbeamea.ro\\\/albaiulia\\\/\",\"name\":\"Revista Urbea Mea, Stiri urbane\",\"description\":\"Evenimente \u0219i \u0219tiri din Alba Iulia, Sebe\u0219, Aiud, Blaj\",\"potentialAction\":[{\"@type\":\"SearchAction\",\"target\":{\"@type\":\"EntryPoint\",\"urlTemplate\":\"https:\\\/\\\/urbeamea.ro\\\/albaiulia\\\/?s={search_term_string}\"},\"query-input\":{\"@type\":\"PropertyValueSpecification\",\"valueRequired\":true,\"valueName\":\"search_term_string\"}}],\"inLanguage\":\"ro-RO\"},{\"@type\":\"Person\",\"@id\":\"https:\\\/\\\/urbeamea.ro\\\/albaiulia\\\/#\\\/schema\\\/person\\\/9700d21fae21c4f038b0b56f4506264a\",\"name\":\"Cristina Ganga\",\"image\":{\"@type\":\"ImageObject\",\"inLanguage\":\"ro-RO\",\"@id\":\"https:\\\/\\\/secure.gravatar.com\\\/avatar\\\/5a67661041f057b4a8ccaf26f5a8e86e2689372006d01faf3dd9eeb10b654bb4?s=96&d=mm&r=g\",\"url\":\"https:\\\/\\\/secure.gravatar.com\\\/avatar\\\/5a67661041f057b4a8ccaf26f5a8e86e2689372006d01faf3dd9eeb10b654bb4?s=96&d=mm&r=g\",\"contentUrl\":\"https:\\\/\\\/secure.gravatar.com\\\/avatar\\\/5a67661041f057b4a8ccaf26f5a8e86e2689372006d01faf3dd9eeb10b654bb4?s=96&d=mm&r=g\",\"caption\":\"Cristina Ganga\"},\"description\":\"Jurnalist\",\"sameAs\":[\"https:\\\/\\\/www.facebook.com\\\/cristina.nicola.587\"],\"url\":\"https:\\\/\\\/urbeamea.ro\\\/albaiulia\\\/author\\\/cristina-nicola\\\/\"}]}<\/script>\n<!-- \/ Yoast SEO plugin. -->","yoast_head_json":{"title":"Miercuri: Expozi\u021bia \u201ePortul popular tradi\u021bional din jude\u021bul Alba\u201d, vernisat\u0103 la Sala Unirii din Alba Iulia - Revista Urbea Mea - Revista de Alba","description":"Miercuri, 23 noiembrie, \u00eencep\u00e2nd cu ora 12.00, la Sala Unirii din Alba Iulia va avea loc vernisajul expozi\u021biei \u201ePortul popular tradi\u021bional din jude\u021bul","robots":{"index":"index","follow":"follow","max-snippet":"max-snippet:-1","max-image-preview":"max-image-preview:large","max-video-preview":"max-video-preview:-1"},"canonical":"https:\/\/urbeamea.ro\/albaiulia\/miercuri-expozitia-portul-popular-traditional-din-judetul-alba-vernisata-la-sala-unirii-din-alba-iulia\/","twitter_card":"summary_large_image","twitter_title":"Miercuri: Expozi\u021bia \u201ePortul popular tradi\u021bional din jude\u021bul Alba\u201d, vernisat\u0103 la Sala Unirii din Alba Iulia - Revista Urbea Mea - Revista de Alba","twitter_description":"Miercuri, 23 noiembrie, \u00eencep\u00e2nd cu ora 12.00, la Sala Unirii din Alba Iulia va avea loc vernisajul expozi\u021biei \u201ePortul popular tradi\u021bional din jude\u021bul","twitter_image":"https:\/\/urbeamea.ro\/albaiulia\/wp-content\/uploads\/2016\/11\/afis-expo-final.jpg","twitter_creator":"@urbeameaweb","twitter_site":"@urbeameaweb","schema":{"@context":"https:\/\/schema.org","@graph":[{"@type":"Article","@id":"https:\/\/urbeamea.ro\/albaiulia\/miercuri-expozitia-portul-popular-traditional-din-judetul-alba-vernisata-la-sala-unirii-din-alba-iulia\/#article","isPartOf":{"@id":"https:\/\/urbeamea.ro\/albaiulia\/miercuri-expozitia-portul-popular-traditional-din-judetul-alba-vernisata-la-sala-unirii-din-alba-iulia\/"},"author":{"name":"Cristina Ganga","@id":"https:\/\/urbeamea.ro\/albaiulia\/#\/schema\/person\/9700d21fae21c4f038b0b56f4506264a"},"headline":"Miercuri: Expozi\u021bia \u201ePortul popular tradi\u021bional din jude\u021bul Alba\u201d, vernisat\u0103 la Sala Unirii din Alba Iulia","datePublished":"2016-11-22T09:49:03+00:00","mainEntityOfPage":{"@id":"https:\/\/urbeamea.ro\/albaiulia\/miercuri-expozitia-portul-popular-traditional-din-judetul-alba-vernisata-la-sala-unirii-din-alba-iulia\/"},"wordCount":130,"commentCount":0,"image":{"@id":"https:\/\/urbeamea.ro\/albaiulia\/miercuri-expozitia-portul-popular-traditional-din-judetul-alba-vernisata-la-sala-unirii-din-alba-iulia\/#primaryimage"},"thumbnailUrl":"https:\/\/urbeamea.ro\/albaiulia\/wp-content\/uploads\/2016\/11\/afis-expo-final.jpg","keywords":["\u201ePortul popular tradi\u021bional din jude\u021bul Alba\u201d","Alba Iulia","costume populare","expozitie","piese de podoaba traditionala","sala unirii","stiri","Urbea Mea","vernisaj"],"articleSection":["Cultur\u0103"],"inLanguage":"ro-RO","potentialAction":[{"@type":"CommentAction","name":"Comment","target":["https:\/\/urbeamea.ro\/albaiulia\/miercuri-expozitia-portul-popular-traditional-din-judetul-alba-vernisata-la-sala-unirii-din-alba-iulia\/#respond"]}]},{"@type":"WebPage","@id":"https:\/\/urbeamea.ro\/albaiulia\/miercuri-expozitia-portul-popular-traditional-din-judetul-alba-vernisata-la-sala-unirii-din-alba-iulia\/","url":"https:\/\/urbeamea.ro\/albaiulia\/miercuri-expozitia-portul-popular-traditional-din-judetul-alba-vernisata-la-sala-unirii-din-alba-iulia\/","name":"Miercuri: Expozi\u021bia \u201ePortul popular tradi\u021bional din jude\u021bul Alba\u201d, vernisat\u0103 la Sala Unirii din Alba Iulia - Revista Urbea Mea - Revista de Alba","isPartOf":{"@id":"https:\/\/urbeamea.ro\/albaiulia\/#website"},"primaryImageOfPage":{"@id":"https:\/\/urbeamea.ro\/albaiulia\/miercuri-expozitia-portul-popular-traditional-din-judetul-alba-vernisata-la-sala-unirii-din-alba-iulia\/#primaryimage"},"image":{"@id":"https:\/\/urbeamea.ro\/albaiulia\/miercuri-expozitia-portul-popular-traditional-din-judetul-alba-vernisata-la-sala-unirii-din-alba-iulia\/#primaryimage"},"thumbnailUrl":"https:\/\/urbeamea.ro\/albaiulia\/wp-content\/uploads\/2016\/11\/afis-expo-final.jpg","datePublished":"2016-11-22T09:49:03+00:00","author":{"@id":"https:\/\/urbeamea.ro\/albaiulia\/#\/schema\/person\/9700d21fae21c4f038b0b56f4506264a"},"description":"Miercuri, 23 noiembrie, \u00eencep\u00e2nd cu ora 12.00, la Sala Unirii din Alba Iulia va avea loc vernisajul expozi\u021biei \u201ePortul popular tradi\u021bional din jude\u021bul","breadcrumb":{"@id":"https:\/\/urbeamea.ro\/albaiulia\/miercuri-expozitia-portul-popular-traditional-din-judetul-alba-vernisata-la-sala-unirii-din-alba-iulia\/#breadcrumb"},"inLanguage":"ro-RO","potentialAction":[{"@type":"ReadAction","target":["https:\/\/urbeamea.ro\/albaiulia\/miercuri-expozitia-portul-popular-traditional-din-judetul-alba-vernisata-la-sala-unirii-din-alba-iulia\/"]}]},{"@type":"ImageObject","inLanguage":"ro-RO","@id":"https:\/\/urbeamea.ro\/albaiulia\/miercuri-expozitia-portul-popular-traditional-din-judetul-alba-vernisata-la-sala-unirii-din-alba-iulia\/#primaryimage","url":"https:\/\/urbeamea.ro\/albaiulia\/wp-content\/uploads\/2016\/11\/afis-expo-final.jpg","contentUrl":"https:\/\/urbeamea.ro\/albaiulia\/wp-content\/uploads\/2016\/11\/afis-expo-final.jpg","width":724,"height":1024},{"@type":"BreadcrumbList","@id":"https:\/\/urbeamea.ro\/albaiulia\/miercuri-expozitia-portul-popular-traditional-din-judetul-alba-vernisata-la-sala-unirii-din-alba-iulia\/#breadcrumb","itemListElement":[{"@type":"ListItem","position":1,"name":"Prima pagin\u0103","item":"https:\/\/urbeamea.ro\/albaiulia\/"},{"@type":"ListItem","position":2,"name":"Miercuri: Expozi\u021bia \u201ePortul popular tradi\u021bional din jude\u021bul Alba\u201d, vernisat\u0103 la Sala Unirii din Alba Iulia"}]},{"@type":"WebSite","@id":"https:\/\/urbeamea.ro\/albaiulia\/#website","url":"https:\/\/urbeamea.ro\/albaiulia\/","name":"Revista Urbea Mea, Stiri urbane","description":"Evenimente \u0219i \u0219tiri din Alba Iulia, Sebe\u0219, Aiud, Blaj","potentialAction":[{"@type":"SearchAction","target":{"@type":"EntryPoint","urlTemplate":"https:\/\/urbeamea.ro\/albaiulia\/?s={search_term_string}"},"query-input":{"@type":"PropertyValueSpecification","valueRequired":true,"valueName":"search_term_string"}}],"inLanguage":"ro-RO"},{"@type":"Person","@id":"https:\/\/urbeamea.ro\/albaiulia\/#\/schema\/person\/9700d21fae21c4f038b0b56f4506264a","name":"Cristina Ganga","image":{"@type":"ImageObject","inLanguage":"ro-RO","@id":"https:\/\/secure.gravatar.com\/avatar\/5a67661041f057b4a8ccaf26f5a8e86e2689372006d01faf3dd9eeb10b654bb4?s=96&d=mm&r=g","url":"https:\/\/secure.gravatar.com\/avatar\/5a67661041f057b4a8ccaf26f5a8e86e2689372006d01faf3dd9eeb10b654bb4?s=96&d=mm&r=g","contentUrl":"https:\/\/secure.gravatar.com\/avatar\/5a67661041f057b4a8ccaf26f5a8e86e2689372006d01faf3dd9eeb10b654bb4?s=96&d=mm&r=g","caption":"Cristina Ganga"},"description":"Jurnalist","sameAs":["https:\/\/www.facebook.com\/cristina.nicola.587"],"url":"https:\/\/urbeamea.ro\/albaiulia\/author\/cristina-nicola\/"}]}},"_links":{"self":[{"href":"https:\/\/urbeamea.ro\/albaiulia\/wp-json\/wp\/v2\/posts\/35523","targetHints":{"allow":["GET"]}}],"collection":[{"href":"https:\/\/urbeamea.ro\/albaiulia\/wp-json\/wp\/v2\/posts"}],"about":[{"href":"https:\/\/urbeamea.ro\/albaiulia\/wp-json\/wp\/v2\/types\/post"}],"author":[{"embeddable":true,"href":"https:\/\/urbeamea.ro\/albaiulia\/wp-json\/wp\/v2\/users\/17"}],"replies":[{"embeddable":true,"href":"https:\/\/urbeamea.ro\/albaiulia\/wp-json\/wp\/v2\/comments?post=35523"}],"version-history":[{"count":0,"href":"https:\/\/urbeamea.ro\/albaiulia\/wp-json\/wp\/v2\/posts\/35523\/revisions"}],"wp:featuredmedia":[{"embeddable":true,"href":"https:\/\/urbeamea.ro\/albaiulia\/wp-json\/wp\/v2\/media\/35524"}],"wp:attachment":[{"href":"https:\/\/urbeamea.ro\/albaiulia\/wp-json\/wp\/v2\/media?parent=35523"}],"wp:term":[{"taxonomy":"category","embeddable":true,"href":"https:\/\/urbeamea.ro\/albaiulia\/wp-json\/wp\/v2\/categories?post=35523"},{"taxonomy":"post_tag","embeddable":true,"href":"https:\/\/urbeamea.ro\/albaiulia\/wp-json\/wp\/v2\/tags?post=35523"}],"curies":[{"name":"wp","href":"https:\/\/api.w.org\/{rel}","templated":true}]}}