{"id":35695,"date":"2016-11-24T11:28:15","date_gmt":"2016-11-24T09:28:15","guid":{"rendered":"http:\/\/urbeamea.ro\/albaiulia\/?p=35695"},"modified":"2016-11-24T11:28:15","modified_gmt":"2016-11-24T09:28:15","slug":"foto-cdr-centru-a-stabilit-directiile-de-dezvoltare-regionala-si-implementarea-de-proiecte-por-2014-2020-pentru-anul-2017","status":"publish","type":"post","link":"https:\/\/urbeamea.ro\/albaiulia\/foto-cdr-centru-a-stabilit-directiile-de-dezvoltare-regionala-si-implementarea-de-proiecte-por-2014-2020-pentru-anul-2017\/","title":{"rendered":"FOTO: CDR Centru a stabilit direc\u0163iile de dezvoltare regional\u0103 \u015fi implementarea de proiecte POR 2014-2020 pentru anul 2017"},"content":{"rendered":"<p><strong><img loading=\"lazy\" decoding=\"async\" class=\"size-medium wp-image-35696 alignleft\" src=\"http:\/\/urbeamea.ro\/albaiulia\/wp-content\/uploads\/2016\/11\/Foto1-300x153.jpg\" alt=\"foto1\" width=\"300\" height=\"153\" \/>ADR Centru a organizat \u00een 22 noiembrie 2016, \u00een municipiul Sibiu, reuniunea de lucru a reprezentan\u021bilor administra\u021biei publice locale din Regiunea Centru, cu ocazia \u0218edin\u021bei din ultimul trimestru al acestui an a Consiliului pentru Dezvoltare Regional\u0103 Centru. \u00cen cadrul discu\u021biilor s-a pus mare accent pe preg\u0103tirea proiectelor ce vor fi finan\u021bate cu fonduri nerambursabile \u00een acest an, fiind adoptate \u0219i decizii privind ac\u021biunile ce vor fi \u00eentreprinse \u00een cursul anului viitor \u00een procesul de dezvoltare regional\u0103.<\/strong><\/p>\n<p><img loading=\"lazy\" decoding=\"async\" class=\"size-medium wp-image-35697 alignleft\" src=\"http:\/\/urbeamea.ro\/albaiulia\/wp-content\/uploads\/2016\/11\/Foto2-300x175.jpg\" alt=\"foto2\" width=\"300\" height=\"175\" srcset=\"https:\/\/urbeamea.ro\/albaiulia\/wp-content\/uploads\/2016\/11\/Foto2-300x175.jpg 300w, https:\/\/urbeamea.ro\/albaiulia\/wp-content\/uploads\/2016\/11\/Foto2-150x88.jpg 150w, https:\/\/urbeamea.ro\/albaiulia\/wp-content\/uploads\/2016\/11\/Foto2-768x449.jpg 768w, https:\/\/urbeamea.ro\/albaiulia\/wp-content\/uploads\/2016\/11\/Foto2-1024x598.jpg 1024w, https:\/\/urbeamea.ro\/albaiulia\/wp-content\/uploads\/2016\/11\/Foto2.jpg 1280w\" sizes=\"auto, (max-width: 300px) 100vw, 300px\" \/>La aceast\u0103 \u00eent\u00e2lnire de lucru au participat 38 de reprezentan\u021bi ai celor \u015fase jude\u0163e din Regiunea Centru \u2013 respectiv Alba, Bra\u015fov, Covasna, Harghita, Mure\u015f \u015fi Sibiu \u2013 precum \u0219i invita\u021bi din alte structuri ale administra\u021biei publice locale. Discu\u021biile au avut ca tem\u0103 principal\u0103 activit\u0103\u021bile prev\u0103zute \u00een Planul de lucru al Agen\u021biei pentru Dezvoltare Regional\u0103 Centru pentru anul 2017, precum \u0219i aspecte privind implementarea fondurilor europene 2007-2013 la nivelul Regiunii Centru, cu accent implementarea Programului Opera\u021bional Regional 2007-2013. Acest an este cel care \u00eencheie practic perioada de implementare a fondurilor europene alocate \u00een primul ciclu de finan\u021bare de dup\u0103 aderarea Rom\u00e2niei la UE.<\/p>\n<p><img loading=\"lazy\" decoding=\"async\" class=\"size-medium wp-image-35698 alignleft\" src=\"http:\/\/urbeamea.ro\/albaiulia\/wp-content\/uploads\/2016\/11\/Foto3-300x151.jpg\" alt=\"foto3\" width=\"300\" height=\"151\" srcset=\"https:\/\/urbeamea.ro\/albaiulia\/wp-content\/uploads\/2016\/11\/Foto3-300x151.jpg 300w, https:\/\/urbeamea.ro\/albaiulia\/wp-content\/uploads\/2016\/11\/Foto3-150x76.jpg 150w, https:\/\/urbeamea.ro\/albaiulia\/wp-content\/uploads\/2016\/11\/Foto3-768x388.jpg 768w, https:\/\/urbeamea.ro\/albaiulia\/wp-content\/uploads\/2016\/11\/Foto3-1024x517.jpg 1024w, https:\/\/urbeamea.ro\/albaiulia\/wp-content\/uploads\/2016\/11\/Foto3.jpg 1280w\" sizes=\"auto, (max-width: 300px) 100vw, 300px\" \/>\u00cen Regiunea Centru, \u00een precedenta perioad\u0103 de finan\u021bare, au fost derulate prin toate programele de finan\u021bare peste 12.000 proiecte, a c\u0103ror valoare total\u0103 este de peste 6 miliarde euro, din care au fost atrase fonduri nerambursabile de peste\u00a0 3,7 miliarde euro. Dintre acestea, proiectele de dezvoltare local\u0103 \u0219i regional\u0103, fie pentru \u00eembun\u0103t\u0103\u021birea infrastructurii, fie pentru cre\u0219terea mediului de afaceri, implementate de ADR Centru, dep\u0103\u0219esc cifra de 1300, a c\u0103ror valoare total\u0103 este de peste 1,1 miliarde euro, finan\u021bate \u00een principal pe POR 2007-2013, dar \u0219i pe POS CCE.<\/p>\n<p>Pornind de la prezentarea MasterPlanului General de Transport (MPGT) al Rom\u00e2niei, varianta final\u0103 aprobat\u0103 prin Hot\u0103r\u00e2re de Guvern \u00een septembrie 2016, participan\u021bii au dezb\u0103tut corelarea proiectelor pentru investi\u021bii \u00een infrastructura rutier\u0103 regional\u0103. Dezvoltarea acestei componente la nivel regional va fi realizat\u0103 \u00een str\u00e2ns\u0103 leg\u0103tur\u0103 cu investi\u021biile de la nivel na\u021bional. Conform MPGT \u0219i av\u00e2nd \u00een vedere strategia adoptat\u0103 de deciden\u021bii regionali, \u00een urm\u0103torii ani Regiunea Centru va beneficia de cea mai bun\u0103 conectivitate de transport cu celelalte regiuni europene, comparativ cu celelalte regiuni din Rom\u00e2nia.<\/p>\n<p><img loading=\"lazy\" decoding=\"async\" class=\"size-medium wp-image-35699 alignleft\" src=\"http:\/\/urbeamea.ro\/albaiulia\/wp-content\/uploads\/2016\/11\/Foto4-300x168.jpg\" alt=\"foto4\" width=\"300\" height=\"168\" srcset=\"https:\/\/urbeamea.ro\/albaiulia\/wp-content\/uploads\/2016\/11\/Foto4-300x168.jpg 300w, https:\/\/urbeamea.ro\/albaiulia\/wp-content\/uploads\/2016\/11\/Foto4-150x84.jpg 150w, https:\/\/urbeamea.ro\/albaiulia\/wp-content\/uploads\/2016\/11\/Foto4-768x429.jpg 768w, https:\/\/urbeamea.ro\/albaiulia\/wp-content\/uploads\/2016\/11\/Foto4-1024x572.jpg 1024w, https:\/\/urbeamea.ro\/albaiulia\/wp-content\/uploads\/2016\/11\/Foto4.jpg 1280w\" sizes=\"auto, (max-width: 300px) 100vw, 300px\" \/>Pornind de la exemplele bune, dar \u0219i de la problemele \u00eent\u00e2mpinate \u00een anii anteriori, participan\u021bii au discutat despre stadiul implement\u0103rii Programului Opera\u021bional Regional 2014-2020 la nivelul Regiunii Centru, inclusiv asupra stadiului \u00een care s-a ajuns cu elaborarea Documentului Cadru pentru Strategia de Cercetare \u0219i Inovare Regional\u0103 pentru Specializare Inteligent\u0103 (Concept Note). Acest document de planificare a ajuns \u00een stadiu final de elaborare \u0219i s-a analizat varianta de lucru a Documentului, fiind adoptat\u0103 \u0219i o decizie \u00een privin\u021ba componen\u021bei Consor\u021biului Regional de Inovare, care va avea loc \u00een luna decembrie 2016. \u00cen plus, av\u00e2nd \u00een vedere faptul c\u0103, \u00een prezent, sunt deschise sesiuni de depunere \u00een cadrul mai multor axe prioritare ale Programului Opera\u021bional Regional 2014-2020, \u00een cadrul reuniunii de la Sibiu reprezentan\u021bii administra\u021biei publice locale din Regiunea Centru au fost informa\u021bi despre cerin\u021bele specifice din Ghidurile Solicitantului.<\/p>\n<p><em><img loading=\"lazy\" decoding=\"async\" class=\"size-medium wp-image-35700 alignleft\" src=\"http:\/\/urbeamea.ro\/albaiulia\/wp-content\/uploads\/2016\/11\/Foto5-300x178.jpg\" alt=\"foto5\" width=\"300\" height=\"178\" srcset=\"https:\/\/urbeamea.ro\/albaiulia\/wp-content\/uploads\/2016\/11\/Foto5-300x178.jpg 300w, https:\/\/urbeamea.ro\/albaiulia\/wp-content\/uploads\/2016\/11\/Foto5-150x89.jpg 150w, https:\/\/urbeamea.ro\/albaiulia\/wp-content\/uploads\/2016\/11\/Foto5-768x457.jpg 768w, https:\/\/urbeamea.ro\/albaiulia\/wp-content\/uploads\/2016\/11\/Foto5-1024x609.jpg 1024w, https:\/\/urbeamea.ro\/albaiulia\/wp-content\/uploads\/2016\/11\/Foto5.jpg 1280w\" sizes=\"auto, (max-width: 300px) 100vw, 300px\" \/>\u201eEchipa ADR Centru a insistat pe identificarea modului cum poten\u021bialii beneficiari de fonduri pot fi sprijini\u021bi pentru a preg\u0103ti documenta\u021biile necesare pentru proiectele ce vor fi depuse spre finan\u021bare. Ca atare, deciden\u021bii din cadrul CDR Centru au solicitat Agen\u021biei s\u0103 devin\u0103 principalul vector de comunicare cu AM POR, pentru ca sistemul de preg\u0103tire, depunere \u0219i evaluare a cererilor de finan\u021bare s\u0103 decurg\u0103 c\u00e2t mai bine \u0219i s\u0103 se contracteze proiecte pe POR 2014-2020, c\u00e2t mai cur\u00e2nd posibil. De aceea, facem tot ceea ce depinde de institu\u021bia noastr\u0103 pentru a sprijini poten\u021bialii solicitan\u021bi de fonduri, ca ei s\u0103-\u0219i preg\u0103teasc\u0103 proiecte bune, conforme cu cerin\u021bele din ghidurile de finan\u021bare. Este nevoie de \u00eembun\u0103t\u0103\u021birea cooper\u0103rii, s\u0103 g\u0103sim \u00eempreun\u0103 c\u0103ile prin care ne putem sprijini partenerii institu\u021bionali, care sunt \u0219i beneficiarii cei mai importan\u021bi ai proiectelor pe care le gestion\u0103m, astfel \u00eenc\u00e2t s\u0103 transform\u0103m cererile de finan\u021bare eligibile \u00een proiecte contractate\u201d,<\/em> a declarat, dup\u0103 \u00eent\u00e2lnirea de la Sibiu, Simion Cre\u021bu, director general ADR Centru.<\/p>\n","protected":false},"excerpt":{"rendered":"<p>ADR Centru a organizat \u00een 22 noiembrie 2016, \u00een municipiul Sibiu, reuniunea de lucru a reprezentan\u021bilor administra\u021biei publice locale din Regiunea Centru, cu ocazia \u0218edin\u021bei din ultimul trimestru al acestui an a Consiliului pentru Dezvoltare Regional\u0103 Centru. \u00cen cadrul discu\u021biilor s-a pus mare accent pe preg\u0103tirea proiectelor ce vor fi finan\u021bate cu fonduri nerambursabile \u00een &hellip;<\/p>\n","protected":false},"author":17,"featured_media":35696,"comment_status":"open","ping_status":"open","sticky":false,"template":"","format":"standard","meta":{"inline_featured_image":false,"footnotes":""},"categories":[2034],"tags":[343,307,1317,1227,1048,625,989,3418,680,308,76],"class_list":["post-35695","post","type-post","status-publish","format-standard","has-post-thumbnail","hentry","category-social","tag-adr-centru","tag-alba","tag-dezvoltare-regionala","tag-fonduri-nerambursabile","tag-intalnire","tag-proiecte","tag-regiunea-centru","tag-reuniune-de-lucru","tag-sibiu","tag-stiri","tag-urbea-mea"],"yoast_head":"<!-- This site is optimized with the Yoast SEO plugin v27.4 - https:\/\/yoast.com\/product\/yoast-seo-wordpress\/ -->\n<title>FOTO: CDR Centru a stabilit direc\u0163iile de dezvoltare regional\u0103 \u015fi implementarea de proiecte POR 2014-2020 pentru anul 2017 - Revista Urbea Mea - Revista de Alba<\/title>\n<meta name=\"description\" content=\"ADR Centru a organizat \u00een 22 noiembrie 2016, \u00een municipiul Sibiu, reuniunea de lucru a reprezentan\u021bilor administra\u021biei publice locale din Regiunea Centru,\" \/>\n<meta name=\"robots\" content=\"index, follow, max-snippet:-1, max-image-preview:large, max-video-preview:-1\" \/>\n<link rel=\"canonical\" href=\"https:\/\/urbeamea.ro\/albaiulia\/foto-cdr-centru-a-stabilit-directiile-de-dezvoltare-regionala-si-implementarea-de-proiecte-por-2014-2020-pentru-anul-2017\/\" \/>\n<meta name=\"twitter:card\" content=\"summary_large_image\" \/>\n<meta name=\"twitter:title\" content=\"FOTO: CDR Centru a stabilit direc\u0163iile de dezvoltare regional\u0103 \u015fi implementarea de proiecte POR 2014-2020 pentru anul 2017 - Revista Urbea Mea - Revista de Alba\" \/>\n<meta name=\"twitter:description\" content=\"ADR Centru a organizat \u00een 22 noiembrie 2016, \u00een municipiul Sibiu, reuniunea de lucru a reprezentan\u021bilor administra\u021biei publice locale din Regiunea Centru,\" \/>\n<meta name=\"twitter:image\" content=\"https:\/\/urbeamea.ro\/albaiulia\/wp-content\/uploads\/2016\/11\/Foto1.jpg\" \/>\n<meta name=\"twitter:creator\" content=\"@urbeameaweb\" \/>\n<meta name=\"twitter:site\" content=\"@urbeameaweb\" \/>\n<script type=\"application\/ld+json\" class=\"yoast-schema-graph\">{\"@context\":\"https:\\\/\\\/schema.org\",\"@graph\":[{\"@type\":\"Article\",\"@id\":\"https:\\\/\\\/urbeamea.ro\\\/albaiulia\\\/foto-cdr-centru-a-stabilit-directiile-de-dezvoltare-regionala-si-implementarea-de-proiecte-por-2014-2020-pentru-anul-2017\\\/#article\",\"isPartOf\":{\"@id\":\"https:\\\/\\\/urbeamea.ro\\\/albaiulia\\\/foto-cdr-centru-a-stabilit-directiile-de-dezvoltare-regionala-si-implementarea-de-proiecte-por-2014-2020-pentru-anul-2017\\\/\"},\"author\":{\"name\":\"Cristina Ganga\",\"@id\":\"https:\\\/\\\/urbeamea.ro\\\/albaiulia\\\/#\\\/schema\\\/person\\\/9700d21fae21c4f038b0b56f4506264a\"},\"headline\":\"FOTO: CDR Centru a stabilit direc\u0163iile de dezvoltare regional\u0103 \u015fi implementarea de proiecte POR 2014-2020 pentru anul 2017\",\"datePublished\":\"2016-11-24T09:28:15+00:00\",\"mainEntityOfPage\":{\"@id\":\"https:\\\/\\\/urbeamea.ro\\\/albaiulia\\\/foto-cdr-centru-a-stabilit-directiile-de-dezvoltare-regionala-si-implementarea-de-proiecte-por-2014-2020-pentru-anul-2017\\\/\"},\"wordCount\":742,\"commentCount\":0,\"image\":{\"@id\":\"https:\\\/\\\/urbeamea.ro\\\/albaiulia\\\/foto-cdr-centru-a-stabilit-directiile-de-dezvoltare-regionala-si-implementarea-de-proiecte-por-2014-2020-pentru-anul-2017\\\/#primaryimage\"},\"thumbnailUrl\":\"https:\\\/\\\/urbeamea.ro\\\/albaiulia\\\/wp-content\\\/uploads\\\/2016\\\/11\\\/Foto1.jpg\",\"keywords\":[\"ADR Centru\",\"alba\",\"dezvoltare regionala\",\"fonduri nerambursabile\",\"intalnire\",\"proiecte\",\"regiunea centru\",\"reuniune de lucru\",\"sibiu\",\"stiri\",\"Urbea Mea\"],\"articleSection\":[\"Social\"],\"inLanguage\":\"ro-RO\",\"potentialAction\":[{\"@type\":\"CommentAction\",\"name\":\"Comment\",\"target\":[\"https:\\\/\\\/urbeamea.ro\\\/albaiulia\\\/foto-cdr-centru-a-stabilit-directiile-de-dezvoltare-regionala-si-implementarea-de-proiecte-por-2014-2020-pentru-anul-2017\\\/#respond\"]}]},{\"@type\":\"WebPage\",\"@id\":\"https:\\\/\\\/urbeamea.ro\\\/albaiulia\\\/foto-cdr-centru-a-stabilit-directiile-de-dezvoltare-regionala-si-implementarea-de-proiecte-por-2014-2020-pentru-anul-2017\\\/\",\"url\":\"https:\\\/\\\/urbeamea.ro\\\/albaiulia\\\/foto-cdr-centru-a-stabilit-directiile-de-dezvoltare-regionala-si-implementarea-de-proiecte-por-2014-2020-pentru-anul-2017\\\/\",\"name\":\"FOTO: CDR Centru a stabilit direc\u0163iile de dezvoltare regional\u0103 \u015fi implementarea de proiecte POR 2014-2020 pentru anul 2017 - Revista Urbea Mea - Revista de Alba\",\"isPartOf\":{\"@id\":\"https:\\\/\\\/urbeamea.ro\\\/albaiulia\\\/#website\"},\"primaryImageOfPage\":{\"@id\":\"https:\\\/\\\/urbeamea.ro\\\/albaiulia\\\/foto-cdr-centru-a-stabilit-directiile-de-dezvoltare-regionala-si-implementarea-de-proiecte-por-2014-2020-pentru-anul-2017\\\/#primaryimage\"},\"image\":{\"@id\":\"https:\\\/\\\/urbeamea.ro\\\/albaiulia\\\/foto-cdr-centru-a-stabilit-directiile-de-dezvoltare-regionala-si-implementarea-de-proiecte-por-2014-2020-pentru-anul-2017\\\/#primaryimage\"},\"thumbnailUrl\":\"https:\\\/\\\/urbeamea.ro\\\/albaiulia\\\/wp-content\\\/uploads\\\/2016\\\/11\\\/Foto1.jpg\",\"datePublished\":\"2016-11-24T09:28:15+00:00\",\"author\":{\"@id\":\"https:\\\/\\\/urbeamea.ro\\\/albaiulia\\\/#\\\/schema\\\/person\\\/9700d21fae21c4f038b0b56f4506264a\"},\"description\":\"ADR Centru a organizat \u00een 22 noiembrie 2016, \u00een municipiul Sibiu, reuniunea de lucru a reprezentan\u021bilor administra\u021biei publice locale din Regiunea Centru,\",\"breadcrumb\":{\"@id\":\"https:\\\/\\\/urbeamea.ro\\\/albaiulia\\\/foto-cdr-centru-a-stabilit-directiile-de-dezvoltare-regionala-si-implementarea-de-proiecte-por-2014-2020-pentru-anul-2017\\\/#breadcrumb\"},\"inLanguage\":\"ro-RO\",\"potentialAction\":[{\"@type\":\"ReadAction\",\"target\":[\"https:\\\/\\\/urbeamea.ro\\\/albaiulia\\\/foto-cdr-centru-a-stabilit-directiile-de-dezvoltare-regionala-si-implementarea-de-proiecte-por-2014-2020-pentru-anul-2017\\\/\"]}]},{\"@type\":\"ImageObject\",\"inLanguage\":\"ro-RO\",\"@id\":\"https:\\\/\\\/urbeamea.ro\\\/albaiulia\\\/foto-cdr-centru-a-stabilit-directiile-de-dezvoltare-regionala-si-implementarea-de-proiecte-por-2014-2020-pentru-anul-2017\\\/#primaryimage\",\"url\":\"https:\\\/\\\/urbeamea.ro\\\/albaiulia\\\/wp-content\\\/uploads\\\/2016\\\/11\\\/Foto1.jpg\",\"contentUrl\":\"https:\\\/\\\/urbeamea.ro\\\/albaiulia\\\/wp-content\\\/uploads\\\/2016\\\/11\\\/Foto1.jpg\",\"width\":1280,\"height\":651},{\"@type\":\"BreadcrumbList\",\"@id\":\"https:\\\/\\\/urbeamea.ro\\\/albaiulia\\\/foto-cdr-centru-a-stabilit-directiile-de-dezvoltare-regionala-si-implementarea-de-proiecte-por-2014-2020-pentru-anul-2017\\\/#breadcrumb\",\"itemListElement\":[{\"@type\":\"ListItem\",\"position\":1,\"name\":\"Prima pagin\u0103\",\"item\":\"https:\\\/\\\/urbeamea.ro\\\/albaiulia\\\/\"},{\"@type\":\"ListItem\",\"position\":2,\"name\":\"FOTO: CDR Centru a stabilit direc\u0163iile de dezvoltare regional\u0103 \u015fi implementarea de proiecte POR 2014-2020 pentru anul 2017\"}]},{\"@type\":\"WebSite\",\"@id\":\"https:\\\/\\\/urbeamea.ro\\\/albaiulia\\\/#website\",\"url\":\"https:\\\/\\\/urbeamea.ro\\\/albaiulia\\\/\",\"name\":\"Revista Urbea Mea, Stiri urbane\",\"description\":\"Evenimente \u0219i \u0219tiri din Alba Iulia, Sebe\u0219, Aiud, Blaj\",\"potentialAction\":[{\"@type\":\"SearchAction\",\"target\":{\"@type\":\"EntryPoint\",\"urlTemplate\":\"https:\\\/\\\/urbeamea.ro\\\/albaiulia\\\/?s={search_term_string}\"},\"query-input\":{\"@type\":\"PropertyValueSpecification\",\"valueRequired\":true,\"valueName\":\"search_term_string\"}}],\"inLanguage\":\"ro-RO\"},{\"@type\":\"Person\",\"@id\":\"https:\\\/\\\/urbeamea.ro\\\/albaiulia\\\/#\\\/schema\\\/person\\\/9700d21fae21c4f038b0b56f4506264a\",\"name\":\"Cristina Ganga\",\"image\":{\"@type\":\"ImageObject\",\"inLanguage\":\"ro-RO\",\"@id\":\"https:\\\/\\\/secure.gravatar.com\\\/avatar\\\/5a67661041f057b4a8ccaf26f5a8e86e2689372006d01faf3dd9eeb10b654bb4?s=96&d=mm&r=g\",\"url\":\"https:\\\/\\\/secure.gravatar.com\\\/avatar\\\/5a67661041f057b4a8ccaf26f5a8e86e2689372006d01faf3dd9eeb10b654bb4?s=96&d=mm&r=g\",\"contentUrl\":\"https:\\\/\\\/secure.gravatar.com\\\/avatar\\\/5a67661041f057b4a8ccaf26f5a8e86e2689372006d01faf3dd9eeb10b654bb4?s=96&d=mm&r=g\",\"caption\":\"Cristina Ganga\"},\"description\":\"Jurnalist\",\"sameAs\":[\"https:\\\/\\\/www.facebook.com\\\/cristina.nicola.587\"],\"url\":\"https:\\\/\\\/urbeamea.ro\\\/albaiulia\\\/author\\\/cristina-nicola\\\/\"}]}<\/script>\n<!-- \/ Yoast SEO plugin. -->","yoast_head_json":{"title":"FOTO: CDR Centru a stabilit direc\u0163iile de dezvoltare regional\u0103 \u015fi implementarea de proiecte POR 2014-2020 pentru anul 2017 - Revista Urbea Mea - Revista de Alba","description":"ADR Centru a organizat \u00een 22 noiembrie 2016, \u00een municipiul Sibiu, reuniunea de lucru a reprezentan\u021bilor administra\u021biei publice locale din Regiunea Centru,","robots":{"index":"index","follow":"follow","max-snippet":"max-snippet:-1","max-image-preview":"max-image-preview:large","max-video-preview":"max-video-preview:-1"},"canonical":"https:\/\/urbeamea.ro\/albaiulia\/foto-cdr-centru-a-stabilit-directiile-de-dezvoltare-regionala-si-implementarea-de-proiecte-por-2014-2020-pentru-anul-2017\/","twitter_card":"summary_large_image","twitter_title":"FOTO: CDR Centru a stabilit direc\u0163iile de dezvoltare regional\u0103 \u015fi implementarea de proiecte POR 2014-2020 pentru anul 2017 - Revista Urbea Mea - Revista de Alba","twitter_description":"ADR Centru a organizat \u00een 22 noiembrie 2016, \u00een municipiul Sibiu, reuniunea de lucru a reprezentan\u021bilor administra\u021biei publice locale din Regiunea Centru,","twitter_image":"https:\/\/urbeamea.ro\/albaiulia\/wp-content\/uploads\/2016\/11\/Foto1.jpg","twitter_creator":"@urbeameaweb","twitter_site":"@urbeameaweb","schema":{"@context":"https:\/\/schema.org","@graph":[{"@type":"Article","@id":"https:\/\/urbeamea.ro\/albaiulia\/foto-cdr-centru-a-stabilit-directiile-de-dezvoltare-regionala-si-implementarea-de-proiecte-por-2014-2020-pentru-anul-2017\/#article","isPartOf":{"@id":"https:\/\/urbeamea.ro\/albaiulia\/foto-cdr-centru-a-stabilit-directiile-de-dezvoltare-regionala-si-implementarea-de-proiecte-por-2014-2020-pentru-anul-2017\/"},"author":{"name":"Cristina Ganga","@id":"https:\/\/urbeamea.ro\/albaiulia\/#\/schema\/person\/9700d21fae21c4f038b0b56f4506264a"},"headline":"FOTO: CDR Centru a stabilit direc\u0163iile de dezvoltare regional\u0103 \u015fi implementarea de proiecte POR 2014-2020 pentru anul 2017","datePublished":"2016-11-24T09:28:15+00:00","mainEntityOfPage":{"@id":"https:\/\/urbeamea.ro\/albaiulia\/foto-cdr-centru-a-stabilit-directiile-de-dezvoltare-regionala-si-implementarea-de-proiecte-por-2014-2020-pentru-anul-2017\/"},"wordCount":742,"commentCount":0,"image":{"@id":"https:\/\/urbeamea.ro\/albaiulia\/foto-cdr-centru-a-stabilit-directiile-de-dezvoltare-regionala-si-implementarea-de-proiecte-por-2014-2020-pentru-anul-2017\/#primaryimage"},"thumbnailUrl":"https:\/\/urbeamea.ro\/albaiulia\/wp-content\/uploads\/2016\/11\/Foto1.jpg","keywords":["ADR Centru","alba","dezvoltare regionala","fonduri nerambursabile","intalnire","proiecte","regiunea centru","reuniune de lucru","sibiu","stiri","Urbea Mea"],"articleSection":["Social"],"inLanguage":"ro-RO","potentialAction":[{"@type":"CommentAction","name":"Comment","target":["https:\/\/urbeamea.ro\/albaiulia\/foto-cdr-centru-a-stabilit-directiile-de-dezvoltare-regionala-si-implementarea-de-proiecte-por-2014-2020-pentru-anul-2017\/#respond"]}]},{"@type":"WebPage","@id":"https:\/\/urbeamea.ro\/albaiulia\/foto-cdr-centru-a-stabilit-directiile-de-dezvoltare-regionala-si-implementarea-de-proiecte-por-2014-2020-pentru-anul-2017\/","url":"https:\/\/urbeamea.ro\/albaiulia\/foto-cdr-centru-a-stabilit-directiile-de-dezvoltare-regionala-si-implementarea-de-proiecte-por-2014-2020-pentru-anul-2017\/","name":"FOTO: CDR Centru a stabilit direc\u0163iile de dezvoltare regional\u0103 \u015fi implementarea de proiecte POR 2014-2020 pentru anul 2017 - Revista Urbea Mea - Revista de Alba","isPartOf":{"@id":"https:\/\/urbeamea.ro\/albaiulia\/#website"},"primaryImageOfPage":{"@id":"https:\/\/urbeamea.ro\/albaiulia\/foto-cdr-centru-a-stabilit-directiile-de-dezvoltare-regionala-si-implementarea-de-proiecte-por-2014-2020-pentru-anul-2017\/#primaryimage"},"image":{"@id":"https:\/\/urbeamea.ro\/albaiulia\/foto-cdr-centru-a-stabilit-directiile-de-dezvoltare-regionala-si-implementarea-de-proiecte-por-2014-2020-pentru-anul-2017\/#primaryimage"},"thumbnailUrl":"https:\/\/urbeamea.ro\/albaiulia\/wp-content\/uploads\/2016\/11\/Foto1.jpg","datePublished":"2016-11-24T09:28:15+00:00","author":{"@id":"https:\/\/urbeamea.ro\/albaiulia\/#\/schema\/person\/9700d21fae21c4f038b0b56f4506264a"},"description":"ADR Centru a organizat \u00een 22 noiembrie 2016, \u00een municipiul Sibiu, reuniunea de lucru a reprezentan\u021bilor administra\u021biei publice locale din Regiunea Centru,","breadcrumb":{"@id":"https:\/\/urbeamea.ro\/albaiulia\/foto-cdr-centru-a-stabilit-directiile-de-dezvoltare-regionala-si-implementarea-de-proiecte-por-2014-2020-pentru-anul-2017\/#breadcrumb"},"inLanguage":"ro-RO","potentialAction":[{"@type":"ReadAction","target":["https:\/\/urbeamea.ro\/albaiulia\/foto-cdr-centru-a-stabilit-directiile-de-dezvoltare-regionala-si-implementarea-de-proiecte-por-2014-2020-pentru-anul-2017\/"]}]},{"@type":"ImageObject","inLanguage":"ro-RO","@id":"https:\/\/urbeamea.ro\/albaiulia\/foto-cdr-centru-a-stabilit-directiile-de-dezvoltare-regionala-si-implementarea-de-proiecte-por-2014-2020-pentru-anul-2017\/#primaryimage","url":"https:\/\/urbeamea.ro\/albaiulia\/wp-content\/uploads\/2016\/11\/Foto1.jpg","contentUrl":"https:\/\/urbeamea.ro\/albaiulia\/wp-content\/uploads\/2016\/11\/Foto1.jpg","width":1280,"height":651},{"@type":"BreadcrumbList","@id":"https:\/\/urbeamea.ro\/albaiulia\/foto-cdr-centru-a-stabilit-directiile-de-dezvoltare-regionala-si-implementarea-de-proiecte-por-2014-2020-pentru-anul-2017\/#breadcrumb","itemListElement":[{"@type":"ListItem","position":1,"name":"Prima pagin\u0103","item":"https:\/\/urbeamea.ro\/albaiulia\/"},{"@type":"ListItem","position":2,"name":"FOTO: CDR Centru a stabilit direc\u0163iile de dezvoltare regional\u0103 \u015fi implementarea de proiecte POR 2014-2020 pentru anul 2017"}]},{"@type":"WebSite","@id":"https:\/\/urbeamea.ro\/albaiulia\/#website","url":"https:\/\/urbeamea.ro\/albaiulia\/","name":"Revista Urbea Mea, Stiri urbane","description":"Evenimente \u0219i \u0219tiri din Alba Iulia, Sebe\u0219, Aiud, Blaj","potentialAction":[{"@type":"SearchAction","target":{"@type":"EntryPoint","urlTemplate":"https:\/\/urbeamea.ro\/albaiulia\/?s={search_term_string}"},"query-input":{"@type":"PropertyValueSpecification","valueRequired":true,"valueName":"search_term_string"}}],"inLanguage":"ro-RO"},{"@type":"Person","@id":"https:\/\/urbeamea.ro\/albaiulia\/#\/schema\/person\/9700d21fae21c4f038b0b56f4506264a","name":"Cristina Ganga","image":{"@type":"ImageObject","inLanguage":"ro-RO","@id":"https:\/\/secure.gravatar.com\/avatar\/5a67661041f057b4a8ccaf26f5a8e86e2689372006d01faf3dd9eeb10b654bb4?s=96&d=mm&r=g","url":"https:\/\/secure.gravatar.com\/avatar\/5a67661041f057b4a8ccaf26f5a8e86e2689372006d01faf3dd9eeb10b654bb4?s=96&d=mm&r=g","contentUrl":"https:\/\/secure.gravatar.com\/avatar\/5a67661041f057b4a8ccaf26f5a8e86e2689372006d01faf3dd9eeb10b654bb4?s=96&d=mm&r=g","caption":"Cristina Ganga"},"description":"Jurnalist","sameAs":["https:\/\/www.facebook.com\/cristina.nicola.587"],"url":"https:\/\/urbeamea.ro\/albaiulia\/author\/cristina-nicola\/"}]}},"_links":{"self":[{"href":"https:\/\/urbeamea.ro\/albaiulia\/wp-json\/wp\/v2\/posts\/35695","targetHints":{"allow":["GET"]}}],"collection":[{"href":"https:\/\/urbeamea.ro\/albaiulia\/wp-json\/wp\/v2\/posts"}],"about":[{"href":"https:\/\/urbeamea.ro\/albaiulia\/wp-json\/wp\/v2\/types\/post"}],"author":[{"embeddable":true,"href":"https:\/\/urbeamea.ro\/albaiulia\/wp-json\/wp\/v2\/users\/17"}],"replies":[{"embeddable":true,"href":"https:\/\/urbeamea.ro\/albaiulia\/wp-json\/wp\/v2\/comments?post=35695"}],"version-history":[{"count":0,"href":"https:\/\/urbeamea.ro\/albaiulia\/wp-json\/wp\/v2\/posts\/35695\/revisions"}],"wp:featuredmedia":[{"embeddable":true,"href":"https:\/\/urbeamea.ro\/albaiulia\/wp-json\/wp\/v2\/media\/35696"}],"wp:attachment":[{"href":"https:\/\/urbeamea.ro\/albaiulia\/wp-json\/wp\/v2\/media?parent=35695"}],"wp:term":[{"taxonomy":"category","embeddable":true,"href":"https:\/\/urbeamea.ro\/albaiulia\/wp-json\/wp\/v2\/categories?post=35695"},{"taxonomy":"post_tag","embeddable":true,"href":"https:\/\/urbeamea.ro\/albaiulia\/wp-json\/wp\/v2\/tags?post=35695"}],"curies":[{"name":"wp","href":"https:\/\/api.w.org\/{rel}","templated":true}]}}