{"id":36003,"date":"2016-11-26T15:48:11","date_gmt":"2016-11-26T13:48:11","guid":{"rendered":"http:\/\/urbeamea.ro\/albaiulia\/?p=36003"},"modified":"2016-11-26T15:48:11","modified_gmt":"2016-11-26T13:48:11","slug":"foto-crosul-unirii-a-adunat-la-linia-de-strat-peste-500-de-alergatori-de-toate-varstele","status":"publish","type":"post","link":"https:\/\/urbeamea.ro\/albaiulia\/foto-crosul-unirii-a-adunat-la-linia-de-strat-peste-500-de-alergatori-de-toate-varstele\/","title":{"rendered":"FOTO: Crosul Unirii a adunat la linia de start peste 500 de alerg\u0103tori de toate v\u00e2rstele"},"content":{"rendered":"<p><strong><img loading=\"lazy\" decoding=\"async\" class=\"alignleft size-medium wp-image-36004\" src=\"http:\/\/urbeamea.ro\/albaiulia\/wp-content\/uploads\/2016\/11\/15207836_1251294801596928_1783849542_n-300x225.jpg\" alt=\"15207836_1251294801596928_1783849542_n\" width=\"300\" height=\"225\" \/>Tradi\u021bionala competi\u021bie Crosul Unirii a adunat la start peste 500 de participan\u021bi, din toate col\u021burile \u021b\u0103rii. Organizat\u0103 \u00een fiecare an \u00een preajma datei de 1 decembrie, cursa a ajuns la cea de-a 48-a edi\u021bie.<\/strong><\/p>\n<p>Ca \u00een fiecare an, Crosul Unirii a adus la linia de start concuren\u021bi din toat\u0103 \u021bara, de toate v\u00e2rstele. Cursa a avut loc \u00een \u0218an\u021burile Cet\u0103\u021bii Alba Carolina\u00a0\u0219i a fost organizat\u0103 pe categorii de v\u00e2rst\u0103, femei \u0219i b\u0103rba\u021bi. Cursa s-a desf\u0103\u0219urat pe distan\u021ba de 2.700 de metri, excep\u021bie f\u0103c\u00e2nd copii p\u00e2n\u0103 la 13 ani, care au alergat 2.000 de metri.<\/p>\n<p>Ocupan\u021bii locurilor I au primit cupe, diplome \u0219i medalii, iar cei de pe locurile II \u0219i III, diplome \u0219i medalii. Fiecare participant a primit c\u00e2te un tricou \u0219i un pix.<\/p>\n<div id='gallery-1' class='gallery galleryid-36003 gallery-columns-3 gallery-size-thumbnail'><figure class='gallery-item'>\n\t\t\t<div class='gallery-icon landscape'>\n\t\t\t\t<a href='https:\/\/urbeamea.ro\/albaiulia\/foto-crosul-unirii-a-adunat-la-linia-de-strat-peste-500-de-alergatori-de-toate-varstele\/15207836_1251294801596928_1783849542_n\/'><img decoding=\"async\" width=\"150\" height=\"113\" src=\"data:image\/png;base64,iVBORw0KGgoAAAANSUhEUgAAAYYAAADcAQMAAABOLJSDAAAAA1BMVEUAAACnej3aAAAAAXRSTlMAQObYZgAAACJJREFUaIHtwTEBAAAAwqD1T20ND6AAAAAAAAAAAAAA4N8AKvgAAUFIrrEAAAAASUVORK5CYII=\" class=\"attachment-thumbnail size-thumbnail lazy-img\" alt=\"\" srcset=\"https:\/\/urbeamea.ro\/albaiulia\/wp-content\/uploads\/2016\/11\/15207836_1251294801596928_1783849542_n-150x113.jpg 150w, https:\/\/urbeamea.ro\/albaiulia\/wp-content\/uploads\/2016\/11\/15207836_1251294801596928_1783849542_n-640x480.jpg 640w, https:\/\/urbeamea.ro\/albaiulia\/wp-content\/uploads\/2016\/11\/15207836_1251294801596928_1783849542_n-768x576.jpg 768w, https:\/\/urbeamea.ro\/albaiulia\/wp-content\/uploads\/2016\/11\/15207836_1251294801596928_1783849542_n.jpg 800w\" sizes=\"auto, (max-width: 150px) 100vw, 150px\" data-src=\"https:\/\/urbeamea.ro\/albaiulia\/wp-content\/uploads\/2016\/11\/15207836_1251294801596928_1783849542_n-150x113.jpg\" loading=\"lazy\" \/><\/a>\n\t\t\t<\/div><\/figure><figure class='gallery-item'>\n\t\t\t<div class='gallery-icon landscape'>\n\t\t\t\t<a href='https:\/\/urbeamea.ro\/albaiulia\/foto-crosul-unirii-a-adunat-la-linia-de-strat-peste-500-de-alergatori-de-toate-varstele\/15207885_1251293371597071_1984066380_n\/'><img decoding=\"async\" width=\"150\" height=\"113\" src=\"data:image\/png;base64,iVBORw0KGgoAAAANSUhEUgAAAYYAAADcAQMAAABOLJSDAAAAA1BMVEUAAACnej3aAAAAAXRSTlMAQObYZgAAACJJREFUaIHtwTEBAAAAwqD1T20ND6AAAAAAAAAAAAAA4N8AKvgAAUFIrrEAAAAASUVORK5CYII=\" class=\"attachment-thumbnail size-thumbnail lazy-img\" alt=\"\" srcset=\"https:\/\/urbeamea.ro\/albaiulia\/wp-content\/uploads\/2016\/11\/15207885_1251293371597071_1984066380_n-150x113.jpg 150w, https:\/\/urbeamea.ro\/albaiulia\/wp-content\/uploads\/2016\/11\/15207885_1251293371597071_1984066380_n-300x225.jpg 300w, https:\/\/urbeamea.ro\/albaiulia\/wp-content\/uploads\/2016\/11\/15207885_1251293371597071_1984066380_n-768x576.jpg 768w, https:\/\/urbeamea.ro\/albaiulia\/wp-content\/uploads\/2016\/11\/15207885_1251293371597071_1984066380_n.jpg 800w\" sizes=\"auto, (max-width: 150px) 100vw, 150px\" data-src=\"https:\/\/urbeamea.ro\/albaiulia\/wp-content\/uploads\/2016\/11\/15207885_1251293371597071_1984066380_n-150x113.jpg\" loading=\"lazy\" \/><\/a>\n\t\t\t<\/div><\/figure><figure class='gallery-item'>\n\t\t\t<div class='gallery-icon landscape'>\n\t\t\t\t<a href='https:\/\/urbeamea.ro\/albaiulia\/foto-crosul-unirii-a-adunat-la-linia-de-strat-peste-500-de-alergatori-de-toate-varstele\/15209164_1251293391597069_1239002439_n\/'><img decoding=\"async\" width=\"150\" height=\"113\" src=\"data:image\/png;base64,iVBORw0KGgoAAAANSUhEUgAAAYYAAADcAQMAAABOLJSDAAAAA1BMVEUAAACnej3aAAAAAXRSTlMAQObYZgAAACJJREFUaIHtwTEBAAAAwqD1T20ND6AAAAAAAAAAAAAA4N8AKvgAAUFIrrEAAAAASUVORK5CYII=\" class=\"attachment-thumbnail size-thumbnail lazy-img\" alt=\"\" srcset=\"https:\/\/urbeamea.ro\/albaiulia\/wp-content\/uploads\/2016\/11\/15209164_1251293391597069_1239002439_n-150x113.jpg 150w, https:\/\/urbeamea.ro\/albaiulia\/wp-content\/uploads\/2016\/11\/15209164_1251293391597069_1239002439_n-300x225.jpg 300w, https:\/\/urbeamea.ro\/albaiulia\/wp-content\/uploads\/2016\/11\/15209164_1251293391597069_1239002439_n-768x576.jpg 768w, https:\/\/urbeamea.ro\/albaiulia\/wp-content\/uploads\/2016\/11\/15209164_1251293391597069_1239002439_n.jpg 800w\" sizes=\"auto, (max-width: 150px) 100vw, 150px\" data-src=\"https:\/\/urbeamea.ro\/albaiulia\/wp-content\/uploads\/2016\/11\/15209164_1251293391597069_1239002439_n-150x113.jpg\" loading=\"lazy\" \/><\/a>\n\t\t\t<\/div><\/figure><figure class='gallery-item'>\n\t\t\t<div class='gallery-icon landscape'>\n\t\t\t\t<a href='https:\/\/urbeamea.ro\/albaiulia\/foto-crosul-unirii-a-adunat-la-linia-de-strat-peste-500-de-alergatori-de-toate-varstele\/15211668_1251293284930413_137567803_n\/'><img decoding=\"async\" width=\"150\" height=\"113\" src=\"data:image\/png;base64,iVBORw0KGgoAAAANSUhEUgAAAYYAAADcAQMAAABOLJSDAAAAA1BMVEUAAACnej3aAAAAAXRSTlMAQObYZgAAACJJREFUaIHtwTEBAAAAwqD1T20ND6AAAAAAAAAAAAAA4N8AKvgAAUFIrrEAAAAASUVORK5CYII=\" class=\"attachment-thumbnail size-thumbnail lazy-img\" alt=\"\" srcset=\"https:\/\/urbeamea.ro\/albaiulia\/wp-content\/uploads\/2016\/11\/15211668_1251293284930413_137567803_n-150x113.jpg 150w, https:\/\/urbeamea.ro\/albaiulia\/wp-content\/uploads\/2016\/11\/15211668_1251293284930413_137567803_n-300x225.jpg 300w, https:\/\/urbeamea.ro\/albaiulia\/wp-content\/uploads\/2016\/11\/15211668_1251293284930413_137567803_n-768x576.jpg 768w, https:\/\/urbeamea.ro\/albaiulia\/wp-content\/uploads\/2016\/11\/15211668_1251293284930413_137567803_n.jpg 800w\" sizes=\"auto, (max-width: 150px) 100vw, 150px\" data-src=\"https:\/\/urbeamea.ro\/albaiulia\/wp-content\/uploads\/2016\/11\/15211668_1251293284930413_137567803_n-150x113.jpg\" loading=\"lazy\" \/><\/a>\n\t\t\t<\/div><\/figure><figure class='gallery-item'>\n\t\t\t<div class='gallery-icon landscape'>\n\t\t\t\t<a href='https:\/\/urbeamea.ro\/albaiulia\/foto-crosul-unirii-a-adunat-la-linia-de-strat-peste-500-de-alergatori-de-toate-varstele\/15218516_1251293261597082_1449014521_n\/'><img decoding=\"async\" width=\"150\" height=\"113\" src=\"data:image\/png;base64,iVBORw0KGgoAAAANSUhEUgAAAYYAAADcAQMAAABOLJSDAAAAA1BMVEUAAACnej3aAAAAAXRSTlMAQObYZgAAACJJREFUaIHtwTEBAAAAwqD1T20ND6AAAAAAAAAAAAAA4N8AKvgAAUFIrrEAAAAASUVORK5CYII=\" class=\"attachment-thumbnail size-thumbnail lazy-img\" alt=\"\" srcset=\"https:\/\/urbeamea.ro\/albaiulia\/wp-content\/uploads\/2016\/11\/15218516_1251293261597082_1449014521_n-150x113.jpg 150w, https:\/\/urbeamea.ro\/albaiulia\/wp-content\/uploads\/2016\/11\/15218516_1251293261597082_1449014521_n-300x225.jpg 300w, https:\/\/urbeamea.ro\/albaiulia\/wp-content\/uploads\/2016\/11\/15218516_1251293261597082_1449014521_n-768x576.jpg 768w, https:\/\/urbeamea.ro\/albaiulia\/wp-content\/uploads\/2016\/11\/15218516_1251293261597082_1449014521_n.jpg 800w\" sizes=\"auto, (max-width: 150px) 100vw, 150px\" data-src=\"https:\/\/urbeamea.ro\/albaiulia\/wp-content\/uploads\/2016\/11\/15218516_1251293261597082_1449014521_n-150x113.jpg\" loading=\"lazy\" \/><\/a>\n\t\t\t<\/div><\/figure><figure class='gallery-item'>\n\t\t\t<div class='gallery-icon landscape'>\n\t\t\t\t<a href='https:\/\/urbeamea.ro\/albaiulia\/foto-crosul-unirii-a-adunat-la-linia-de-strat-peste-500-de-alergatori-de-toate-varstele\/15240122_1251293088263766_330073999_n\/'><img decoding=\"async\" width=\"150\" height=\"113\" src=\"data:image\/png;base64,iVBORw0KGgoAAAANSUhEUgAAAYYAAADcAQMAAABOLJSDAAAAA1BMVEUAAACnej3aAAAAAXRSTlMAQObYZgAAACJJREFUaIHtwTEBAAAAwqD1T20ND6AAAAAAAAAAAAAA4N8AKvgAAUFIrrEAAAAASUVORK5CYII=\" class=\"attachment-thumbnail size-thumbnail lazy-img\" alt=\"\" srcset=\"https:\/\/urbeamea.ro\/albaiulia\/wp-content\/uploads\/2016\/11\/15240122_1251293088263766_330073999_n-150x113.jpg 150w, https:\/\/urbeamea.ro\/albaiulia\/wp-content\/uploads\/2016\/11\/15240122_1251293088263766_330073999_n-300x225.jpg 300w, https:\/\/urbeamea.ro\/albaiulia\/wp-content\/uploads\/2016\/11\/15240122_1251293088263766_330073999_n-768x576.jpg 768w, https:\/\/urbeamea.ro\/albaiulia\/wp-content\/uploads\/2016\/11\/15240122_1251293088263766_330073999_n.jpg 800w\" sizes=\"auto, (max-width: 150px) 100vw, 150px\" data-src=\"https:\/\/urbeamea.ro\/albaiulia\/wp-content\/uploads\/2016\/11\/15240122_1251293088263766_330073999_n-150x113.jpg\" loading=\"lazy\" \/><\/a>\n\t\t\t<\/div><\/figure>\n\t\t<\/div>\n\n","protected":false},"excerpt":{"rendered":"<p>Tradi\u021bionala competi\u021bie Crosul Unirii a adunat la start peste 500 de participan\u021bi, din toate col\u021burile \u021b\u0103rii. Organizat\u0103 \u00een fiecare an \u00een preajma datei de 1 decembrie, cursa a ajuns la cea de-a 48-a edi\u021bie. Ca \u00een fiecare an, Crosul Unirii a adus la linia de start concuren\u021bi din toat\u0103 \u021bara, de toate v\u00e2rstele. Cursa a &hellip;<\/p>\n","protected":false},"author":20,"featured_media":36004,"comment_status":"open","ping_status":"open","sticky":false,"template":"","format":"standard","meta":{"inline_featured_image":false,"footnotes":""},"categories":[2034],"tags":[962,31,7676,676,8736,7424,2826,6965,76,4798],"class_list":["post-36003","post","type-post","status-publish","format-standard","has-post-thumbnail","hentry","category-social","tag-1-decembrie","tag-alba-iulia","tag-alergatori","tag-competitie","tag-crosul-unirii","tag-cursa","tag-participanti","tag-santurile-cetatii","tag-urbea-mea","tag-varsta"],"yoast_head":"<!-- This site is optimized with the Yoast SEO plugin v27.4 - https:\/\/yoast.com\/product\/yoast-seo-wordpress\/ -->\n<title>FOTO: Crosul Unirii a adunat la linia de start peste 500 de alerg\u0103tori de toate v\u00e2rstele - Revista Urbea Mea - Revista de Alba<\/title>\n<meta name=\"description\" content=\"Tradi\u021bionala competi\u021bie Crosul Unirii a adunat la start peste 500 de participan\u021bi, din toate col\u021burile \u021b\u0103rii. Organizat\u0103 \u00een fiecare an \u00een preajma datei de\" \/>\n<meta name=\"robots\" content=\"index, follow, max-snippet:-1, max-image-preview:large, max-video-preview:-1\" \/>\n<link rel=\"canonical\" href=\"https:\/\/urbeamea.ro\/albaiulia\/foto-crosul-unirii-a-adunat-la-linia-de-strat-peste-500-de-alergatori-de-toate-varstele\/\" \/>\n<meta name=\"twitter:card\" content=\"summary_large_image\" \/>\n<meta name=\"twitter:title\" content=\"FOTO: Crosul Unirii a adunat la linia de start peste 500 de alerg\u0103tori de toate v\u00e2rstele - Revista Urbea Mea - Revista de Alba\" \/>\n<meta name=\"twitter:description\" content=\"Tradi\u021bionala competi\u021bie Crosul Unirii a adunat la start peste 500 de participan\u021bi, din toate col\u021burile \u021b\u0103rii. Organizat\u0103 \u00een fiecare an \u00een preajma datei de\" \/>\n<meta name=\"twitter:image\" content=\"https:\/\/urbeamea.ro\/albaiulia\/wp-content\/uploads\/2016\/11\/15207836_1251294801596928_1783849542_n.jpg\" \/>\n<meta name=\"twitter:creator\" content=\"@urbeameaweb\" \/>\n<meta name=\"twitter:site\" content=\"@urbeameaweb\" \/>\n<script type=\"application\/ld+json\" class=\"yoast-schema-graph\">{\"@context\":\"https:\\\/\\\/schema.org\",\"@graph\":[{\"@type\":\"Article\",\"@id\":\"https:\\\/\\\/urbeamea.ro\\\/albaiulia\\\/foto-crosul-unirii-a-adunat-la-linia-de-strat-peste-500-de-alergatori-de-toate-varstele\\\/#article\",\"isPartOf\":{\"@id\":\"https:\\\/\\\/urbeamea.ro\\\/albaiulia\\\/foto-crosul-unirii-a-adunat-la-linia-de-strat-peste-500-de-alergatori-de-toate-varstele\\\/\"},\"author\":{\"name\":\"Adriana Avram\",\"@id\":\"https:\\\/\\\/urbeamea.ro\\\/albaiulia\\\/#\\\/schema\\\/person\\\/cfaa27fc3da4a9a2cf2fee3650afc5d0\"},\"headline\":\"FOTO: Crosul Unirii a adunat la linia de start peste 500 de alerg\u0103tori de toate v\u00e2rstele\",\"datePublished\":\"2016-11-26T13:48:11+00:00\",\"mainEntityOfPage\":{\"@id\":\"https:\\\/\\\/urbeamea.ro\\\/albaiulia\\\/foto-crosul-unirii-a-adunat-la-linia-de-strat-peste-500-de-alergatori-de-toate-varstele\\\/\"},\"wordCount\":159,\"commentCount\":0,\"image\":{\"@id\":\"https:\\\/\\\/urbeamea.ro\\\/albaiulia\\\/foto-crosul-unirii-a-adunat-la-linia-de-strat-peste-500-de-alergatori-de-toate-varstele\\\/#primaryimage\"},\"thumbnailUrl\":\"https:\\\/\\\/urbeamea.ro\\\/albaiulia\\\/wp-content\\\/uploads\\\/2016\\\/11\\\/15207836_1251294801596928_1783849542_n.jpg\",\"keywords\":[\"1 decembrie\",\"Alba Iulia\",\"alergatori\",\"competitie\",\"crosul unirii\",\"cursa\",\"participanti\",\"santurile cetatii\",\"Urbea Mea\",\"varsta\"],\"articleSection\":[\"Social\"],\"inLanguage\":\"ro-RO\",\"potentialAction\":[{\"@type\":\"CommentAction\",\"name\":\"Comment\",\"target\":[\"https:\\\/\\\/urbeamea.ro\\\/albaiulia\\\/foto-crosul-unirii-a-adunat-la-linia-de-strat-peste-500-de-alergatori-de-toate-varstele\\\/#respond\"]}]},{\"@type\":\"WebPage\",\"@id\":\"https:\\\/\\\/urbeamea.ro\\\/albaiulia\\\/foto-crosul-unirii-a-adunat-la-linia-de-strat-peste-500-de-alergatori-de-toate-varstele\\\/\",\"url\":\"https:\\\/\\\/urbeamea.ro\\\/albaiulia\\\/foto-crosul-unirii-a-adunat-la-linia-de-strat-peste-500-de-alergatori-de-toate-varstele\\\/\",\"name\":\"FOTO: Crosul Unirii a adunat la linia de start peste 500 de alerg\u0103tori de toate v\u00e2rstele - Revista Urbea Mea - Revista de Alba\",\"isPartOf\":{\"@id\":\"https:\\\/\\\/urbeamea.ro\\\/albaiulia\\\/#website\"},\"primaryImageOfPage\":{\"@id\":\"https:\\\/\\\/urbeamea.ro\\\/albaiulia\\\/foto-crosul-unirii-a-adunat-la-linia-de-strat-peste-500-de-alergatori-de-toate-varstele\\\/#primaryimage\"},\"image\":{\"@id\":\"https:\\\/\\\/urbeamea.ro\\\/albaiulia\\\/foto-crosul-unirii-a-adunat-la-linia-de-strat-peste-500-de-alergatori-de-toate-varstele\\\/#primaryimage\"},\"thumbnailUrl\":\"https:\\\/\\\/urbeamea.ro\\\/albaiulia\\\/wp-content\\\/uploads\\\/2016\\\/11\\\/15207836_1251294801596928_1783849542_n.jpg\",\"datePublished\":\"2016-11-26T13:48:11+00:00\",\"author\":{\"@id\":\"https:\\\/\\\/urbeamea.ro\\\/albaiulia\\\/#\\\/schema\\\/person\\\/cfaa27fc3da4a9a2cf2fee3650afc5d0\"},\"description\":\"Tradi\u021bionala competi\u021bie Crosul Unirii a adunat la start peste 500 de participan\u021bi, din toate col\u021burile \u021b\u0103rii. Organizat\u0103 \u00een fiecare an \u00een preajma datei de\",\"breadcrumb\":{\"@id\":\"https:\\\/\\\/urbeamea.ro\\\/albaiulia\\\/foto-crosul-unirii-a-adunat-la-linia-de-strat-peste-500-de-alergatori-de-toate-varstele\\\/#breadcrumb\"},\"inLanguage\":\"ro-RO\",\"potentialAction\":[{\"@type\":\"ReadAction\",\"target\":[\"https:\\\/\\\/urbeamea.ro\\\/albaiulia\\\/foto-crosul-unirii-a-adunat-la-linia-de-strat-peste-500-de-alergatori-de-toate-varstele\\\/\"]}]},{\"@type\":\"ImageObject\",\"inLanguage\":\"ro-RO\",\"@id\":\"https:\\\/\\\/urbeamea.ro\\\/albaiulia\\\/foto-crosul-unirii-a-adunat-la-linia-de-strat-peste-500-de-alergatori-de-toate-varstele\\\/#primaryimage\",\"url\":\"https:\\\/\\\/urbeamea.ro\\\/albaiulia\\\/wp-content\\\/uploads\\\/2016\\\/11\\\/15207836_1251294801596928_1783849542_n.jpg\",\"contentUrl\":\"https:\\\/\\\/urbeamea.ro\\\/albaiulia\\\/wp-content\\\/uploads\\\/2016\\\/11\\\/15207836_1251294801596928_1783849542_n.jpg\",\"width\":800,\"height\":600},{\"@type\":\"BreadcrumbList\",\"@id\":\"https:\\\/\\\/urbeamea.ro\\\/albaiulia\\\/foto-crosul-unirii-a-adunat-la-linia-de-strat-peste-500-de-alergatori-de-toate-varstele\\\/#breadcrumb\",\"itemListElement\":[{\"@type\":\"ListItem\",\"position\":1,\"name\":\"Prima pagin\u0103\",\"item\":\"https:\\\/\\\/urbeamea.ro\\\/albaiulia\\\/\"},{\"@type\":\"ListItem\",\"position\":2,\"name\":\"FOTO: Crosul Unirii a adunat la linia de start peste 500 de alerg\u0103tori de toate v\u00e2rstele\"}]},{\"@type\":\"WebSite\",\"@id\":\"https:\\\/\\\/urbeamea.ro\\\/albaiulia\\\/#website\",\"url\":\"https:\\\/\\\/urbeamea.ro\\\/albaiulia\\\/\",\"name\":\"Revista Urbea Mea, Stiri urbane\",\"description\":\"Evenimente \u0219i \u0219tiri din Alba Iulia, Sebe\u0219, Aiud, Blaj\",\"potentialAction\":[{\"@type\":\"SearchAction\",\"target\":{\"@type\":\"EntryPoint\",\"urlTemplate\":\"https:\\\/\\\/urbeamea.ro\\\/albaiulia\\\/?s={search_term_string}\"},\"query-input\":{\"@type\":\"PropertyValueSpecification\",\"valueRequired\":true,\"valueName\":\"search_term_string\"}}],\"inLanguage\":\"ro-RO\"},{\"@type\":\"Person\",\"@id\":\"https:\\\/\\\/urbeamea.ro\\\/albaiulia\\\/#\\\/schema\\\/person\\\/cfaa27fc3da4a9a2cf2fee3650afc5d0\",\"name\":\"Adriana Avram\",\"image\":{\"@type\":\"ImageObject\",\"inLanguage\":\"ro-RO\",\"@id\":\"https:\\\/\\\/secure.gravatar.com\\\/avatar\\\/3cc61eb1584088e0099c1763903a6421c5ce6cdf45fc2d424046dc621efc21f9?s=96&d=mm&r=g\",\"url\":\"https:\\\/\\\/secure.gravatar.com\\\/avatar\\\/3cc61eb1584088e0099c1763903a6421c5ce6cdf45fc2d424046dc621efc21f9?s=96&d=mm&r=g\",\"contentUrl\":\"https:\\\/\\\/secure.gravatar.com\\\/avatar\\\/3cc61eb1584088e0099c1763903a6421c5ce6cdf45fc2d424046dc621efc21f9?s=96&d=mm&r=g\",\"caption\":\"Adriana Avram\"},\"description\":\"Jurnalist\",\"sameAs\":[\"https:\\\/\\\/www.facebook.com\\\/avram.adriana.7?fref=ts\"],\"url\":\"https:\\\/\\\/urbeamea.ro\\\/albaiulia\\\/author\\\/adriana-avram\\\/\"}]}<\/script>\n<!-- \/ Yoast SEO plugin. -->","yoast_head_json":{"title":"FOTO: Crosul Unirii a adunat la linia de start peste 500 de alerg\u0103tori de toate v\u00e2rstele - Revista Urbea Mea - Revista de Alba","description":"Tradi\u021bionala competi\u021bie Crosul Unirii a adunat la start peste 500 de participan\u021bi, din toate col\u021burile \u021b\u0103rii. Organizat\u0103 \u00een fiecare an \u00een preajma datei de","robots":{"index":"index","follow":"follow","max-snippet":"max-snippet:-1","max-image-preview":"max-image-preview:large","max-video-preview":"max-video-preview:-1"},"canonical":"https:\/\/urbeamea.ro\/albaiulia\/foto-crosul-unirii-a-adunat-la-linia-de-strat-peste-500-de-alergatori-de-toate-varstele\/","twitter_card":"summary_large_image","twitter_title":"FOTO: Crosul Unirii a adunat la linia de start peste 500 de alerg\u0103tori de toate v\u00e2rstele - Revista Urbea Mea - Revista de Alba","twitter_description":"Tradi\u021bionala competi\u021bie Crosul Unirii a adunat la start peste 500 de participan\u021bi, din toate col\u021burile \u021b\u0103rii. Organizat\u0103 \u00een fiecare an \u00een preajma datei de","twitter_image":"https:\/\/urbeamea.ro\/albaiulia\/wp-content\/uploads\/2016\/11\/15207836_1251294801596928_1783849542_n.jpg","twitter_creator":"@urbeameaweb","twitter_site":"@urbeameaweb","schema":{"@context":"https:\/\/schema.org","@graph":[{"@type":"Article","@id":"https:\/\/urbeamea.ro\/albaiulia\/foto-crosul-unirii-a-adunat-la-linia-de-strat-peste-500-de-alergatori-de-toate-varstele\/#article","isPartOf":{"@id":"https:\/\/urbeamea.ro\/albaiulia\/foto-crosul-unirii-a-adunat-la-linia-de-strat-peste-500-de-alergatori-de-toate-varstele\/"},"author":{"name":"Adriana Avram","@id":"https:\/\/urbeamea.ro\/albaiulia\/#\/schema\/person\/cfaa27fc3da4a9a2cf2fee3650afc5d0"},"headline":"FOTO: Crosul Unirii a adunat la linia de start peste 500 de alerg\u0103tori de toate v\u00e2rstele","datePublished":"2016-11-26T13:48:11+00:00","mainEntityOfPage":{"@id":"https:\/\/urbeamea.ro\/albaiulia\/foto-crosul-unirii-a-adunat-la-linia-de-strat-peste-500-de-alergatori-de-toate-varstele\/"},"wordCount":159,"commentCount":0,"image":{"@id":"https:\/\/urbeamea.ro\/albaiulia\/foto-crosul-unirii-a-adunat-la-linia-de-strat-peste-500-de-alergatori-de-toate-varstele\/#primaryimage"},"thumbnailUrl":"https:\/\/urbeamea.ro\/albaiulia\/wp-content\/uploads\/2016\/11\/15207836_1251294801596928_1783849542_n.jpg","keywords":["1 decembrie","Alba Iulia","alergatori","competitie","crosul unirii","cursa","participanti","santurile cetatii","Urbea Mea","varsta"],"articleSection":["Social"],"inLanguage":"ro-RO","potentialAction":[{"@type":"CommentAction","name":"Comment","target":["https:\/\/urbeamea.ro\/albaiulia\/foto-crosul-unirii-a-adunat-la-linia-de-strat-peste-500-de-alergatori-de-toate-varstele\/#respond"]}]},{"@type":"WebPage","@id":"https:\/\/urbeamea.ro\/albaiulia\/foto-crosul-unirii-a-adunat-la-linia-de-strat-peste-500-de-alergatori-de-toate-varstele\/","url":"https:\/\/urbeamea.ro\/albaiulia\/foto-crosul-unirii-a-adunat-la-linia-de-strat-peste-500-de-alergatori-de-toate-varstele\/","name":"FOTO: Crosul Unirii a adunat la linia de start peste 500 de alerg\u0103tori de toate v\u00e2rstele - Revista Urbea Mea - Revista de Alba","isPartOf":{"@id":"https:\/\/urbeamea.ro\/albaiulia\/#website"},"primaryImageOfPage":{"@id":"https:\/\/urbeamea.ro\/albaiulia\/foto-crosul-unirii-a-adunat-la-linia-de-strat-peste-500-de-alergatori-de-toate-varstele\/#primaryimage"},"image":{"@id":"https:\/\/urbeamea.ro\/albaiulia\/foto-crosul-unirii-a-adunat-la-linia-de-strat-peste-500-de-alergatori-de-toate-varstele\/#primaryimage"},"thumbnailUrl":"https:\/\/urbeamea.ro\/albaiulia\/wp-content\/uploads\/2016\/11\/15207836_1251294801596928_1783849542_n.jpg","datePublished":"2016-11-26T13:48:11+00:00","author":{"@id":"https:\/\/urbeamea.ro\/albaiulia\/#\/schema\/person\/cfaa27fc3da4a9a2cf2fee3650afc5d0"},"description":"Tradi\u021bionala competi\u021bie Crosul Unirii a adunat la start peste 500 de participan\u021bi, din toate col\u021burile \u021b\u0103rii. Organizat\u0103 \u00een fiecare an \u00een preajma datei de","breadcrumb":{"@id":"https:\/\/urbeamea.ro\/albaiulia\/foto-crosul-unirii-a-adunat-la-linia-de-strat-peste-500-de-alergatori-de-toate-varstele\/#breadcrumb"},"inLanguage":"ro-RO","potentialAction":[{"@type":"ReadAction","target":["https:\/\/urbeamea.ro\/albaiulia\/foto-crosul-unirii-a-adunat-la-linia-de-strat-peste-500-de-alergatori-de-toate-varstele\/"]}]},{"@type":"ImageObject","inLanguage":"ro-RO","@id":"https:\/\/urbeamea.ro\/albaiulia\/foto-crosul-unirii-a-adunat-la-linia-de-strat-peste-500-de-alergatori-de-toate-varstele\/#primaryimage","url":"https:\/\/urbeamea.ro\/albaiulia\/wp-content\/uploads\/2016\/11\/15207836_1251294801596928_1783849542_n.jpg","contentUrl":"https:\/\/urbeamea.ro\/albaiulia\/wp-content\/uploads\/2016\/11\/15207836_1251294801596928_1783849542_n.jpg","width":800,"height":600},{"@type":"BreadcrumbList","@id":"https:\/\/urbeamea.ro\/albaiulia\/foto-crosul-unirii-a-adunat-la-linia-de-strat-peste-500-de-alergatori-de-toate-varstele\/#breadcrumb","itemListElement":[{"@type":"ListItem","position":1,"name":"Prima pagin\u0103","item":"https:\/\/urbeamea.ro\/albaiulia\/"},{"@type":"ListItem","position":2,"name":"FOTO: Crosul Unirii a adunat la linia de start peste 500 de alerg\u0103tori de toate v\u00e2rstele"}]},{"@type":"WebSite","@id":"https:\/\/urbeamea.ro\/albaiulia\/#website","url":"https:\/\/urbeamea.ro\/albaiulia\/","name":"Revista Urbea Mea, Stiri urbane","description":"Evenimente \u0219i \u0219tiri din Alba Iulia, Sebe\u0219, Aiud, Blaj","potentialAction":[{"@type":"SearchAction","target":{"@type":"EntryPoint","urlTemplate":"https:\/\/urbeamea.ro\/albaiulia\/?s={search_term_string}"},"query-input":{"@type":"PropertyValueSpecification","valueRequired":true,"valueName":"search_term_string"}}],"inLanguage":"ro-RO"},{"@type":"Person","@id":"https:\/\/urbeamea.ro\/albaiulia\/#\/schema\/person\/cfaa27fc3da4a9a2cf2fee3650afc5d0","name":"Adriana Avram","image":{"@type":"ImageObject","inLanguage":"ro-RO","@id":"https:\/\/secure.gravatar.com\/avatar\/3cc61eb1584088e0099c1763903a6421c5ce6cdf45fc2d424046dc621efc21f9?s=96&d=mm&r=g","url":"https:\/\/secure.gravatar.com\/avatar\/3cc61eb1584088e0099c1763903a6421c5ce6cdf45fc2d424046dc621efc21f9?s=96&d=mm&r=g","contentUrl":"https:\/\/secure.gravatar.com\/avatar\/3cc61eb1584088e0099c1763903a6421c5ce6cdf45fc2d424046dc621efc21f9?s=96&d=mm&r=g","caption":"Adriana Avram"},"description":"Jurnalist","sameAs":["https:\/\/www.facebook.com\/avram.adriana.7?fref=ts"],"url":"https:\/\/urbeamea.ro\/albaiulia\/author\/adriana-avram\/"}]}},"_links":{"self":[{"href":"https:\/\/urbeamea.ro\/albaiulia\/wp-json\/wp\/v2\/posts\/36003","targetHints":{"allow":["GET"]}}],"collection":[{"href":"https:\/\/urbeamea.ro\/albaiulia\/wp-json\/wp\/v2\/posts"}],"about":[{"href":"https:\/\/urbeamea.ro\/albaiulia\/wp-json\/wp\/v2\/types\/post"}],"author":[{"embeddable":true,"href":"https:\/\/urbeamea.ro\/albaiulia\/wp-json\/wp\/v2\/users\/20"}],"replies":[{"embeddable":true,"href":"https:\/\/urbeamea.ro\/albaiulia\/wp-json\/wp\/v2\/comments?post=36003"}],"version-history":[{"count":0,"href":"https:\/\/urbeamea.ro\/albaiulia\/wp-json\/wp\/v2\/posts\/36003\/revisions"}],"wp:featuredmedia":[{"embeddable":true,"href":"https:\/\/urbeamea.ro\/albaiulia\/wp-json\/wp\/v2\/media\/36004"}],"wp:attachment":[{"href":"https:\/\/urbeamea.ro\/albaiulia\/wp-json\/wp\/v2\/media?parent=36003"}],"wp:term":[{"taxonomy":"category","embeddable":true,"href":"https:\/\/urbeamea.ro\/albaiulia\/wp-json\/wp\/v2\/categories?post=36003"},{"taxonomy":"post_tag","embeddable":true,"href":"https:\/\/urbeamea.ro\/albaiulia\/wp-json\/wp\/v2\/tags?post=36003"}],"curies":[{"name":"wp","href":"https:\/\/api.w.org\/{rel}","templated":true}]}}