{"id":36031,"date":"2016-12-02T11:25:58","date_gmt":"2016-12-02T09:25:58","guid":{"rendered":"http:\/\/urbeamea.ro\/albaiulia\/?p=36031"},"modified":"2016-12-02T11:26:19","modified_gmt":"2016-12-02T09:26:19","slug":"axinte-talisman-vali-craciunescu-si-free-deejays-prezenti-la-serbarile-unirii","status":"publish","type":"post","link":"https:\/\/urbeamea.ro\/albaiulia\/axinte-talisman-vali-craciunescu-si-free-deejays-prezenti-la-serbarile-unirii\/","title":{"rendered":"Axinte, Talisman, Vali Cr\u0103ciunescu \u015fi Free Deejays, prezen\u021bi la \u201dSerb\u0103rile Unirii\u201d"},"content":{"rendered":"<p><strong><img loading=\"lazy\" decoding=\"async\" class=\"alignleft size-medium wp-image-36048\" src=\"http:\/\/urbeamea.ro\/albaiulia\/wp-content\/uploads\/2016\/11\/15211714_1192167600838947_1675651014_n-212x300.jpg\" alt=\"15211714_1192167600838947_1675651014_n\" width=\"212\" height=\"300\" \/>Casa de Cultur\u0103 a Studen\u0163ilor Alba Iulia organizeaz\u0103 \u00een cadrul Festivalului Na\u0163ional Studen\u0163esc \u201cSerb\u0103rile Unirii\u201d dou\u0103 super-spectacole pe 2 \u015fi 3 decembrie, \u00een care ve\u0163i avea parte de invita\u0163i speciali: Axinte, Talisman, Vali Cr\u0103ciunescu\u00a0\u015fi Free Deejays. <\/strong><\/p>\n<p>Acest festival se adreseaz\u0103 nu doar tinerilor \u015fi studen\u0163ilor, ci \u015fi publicului larg. Festivalul reprezint\u0103 emblema institu\u0163iei, ajuns anul acesta la a XXV-a edi\u021bie \u015fi se desfa\u015foar\u0103 \u00een fiecare an \u00een preajma Zilei Na\u0163ionale a Rom\u00e2niei. Preciz\u0103m c\u0103 prima edi\u0163ie avut loc \u00een anul 1992.<\/p>\n<p><strong>PROGRAMUL FESTIVALULUI NA\u0162IONAL STUDEN\u0162ESC \u201eSERB\u0102RILE UNIRII\u201d <\/strong><\/p>\n<p><strong>EDI\u0162IA A XXV-A, 1-3 DECEMBRIE 2016<\/strong><\/p>\n<p><strong>JOI, 1 DECEMBRIE<\/strong><\/p>\n<p>Participare la manifest\u0103rile organizate cu ocazia Zilei Na\u0163ionale a Rom\u00e2niei<\/p>\n<p><strong>VINERI, 2 DECEMBRIE, ORA 12:00<\/strong><\/p>\n<p><strong>CASA DE CULTUR\u0102 A STUDEN\u0162ILOR, SALA AMFITEATRU<\/strong><\/p>\n<p>WORKSHOP cu tinerii \u015fi studen\u0163ii care activeaz\u0103 \u00een cadrul Casei de Cultur\u0103 \u015fi cu Liga Studen\u0163ilor din Universitatea \u201c1 Decembrie 1918\u201d, unde va avea loc premierea celor care au c\u00e2stigat premii \u015fi au reprezentat cu succes institu\u0163ia, particip\u00e2nd la festivalurile \u015fi concursurile na\u0163ionale \u015fi interna\u0163ionale studen\u0163e\u015fti, \u00een anul 2016.<\/p>\n<p><strong>PROGRAMUL ARTISTIC<\/strong><\/p>\n<p><strong>VINERI, 2 DECEMBRIE, ORA 20:00 <\/strong><\/p>\n<p><strong>CASA DE CULTUR\u0102 A STUDEN\u0162ILOR<\/strong><\/p>\n<p>SUPER-COMEDIE CU AXINTE<\/p>\n<p>TALISMAN<\/p>\n<p><strong>S\u00c2MB\u0102T\u0102, 3 DECEMBRIE, ORA 22:00<\/strong><\/p>\n<p><strong>PUB SKIT\u2019 77<\/strong><\/p>\n<p>R\u00c2S \u015eI PANARAM\u0102 CU VALI CR\u0102CIUNESCU, A. M\u0102CIUC\u0102 \u015eI D. BLUEMAN<\/p>\n<p>FREE DEEJAYS<\/p>\n<p><strong>PRE\u0162 BILET: 15 LEI\/SPECTACOL<\/strong><\/p>\n<p><strong>BILETELE SE G\u0102SESC LA CASA DE CULTUR\u0102 A STUDEN\u0162ILOR \u015eI PUB SKIT<\/strong><strong>\u2019<\/strong><strong> 77<\/strong><\/p>\n<p><strong>Florin<\/strong><strong> \u201eAxinte\u201d Petrescu<\/strong><strong>\u00a0 <\/strong>este un actor \u0219i umorist rom\u00e2n.<\/p>\n<p>Dup\u0103 tragica moarte a lui\u00a0Dan Sava\u00a0\u00een\u00a01999, grupul\u00a0<strong><em>Vacan\u021ba Mare<\/em>\u00a0<\/strong>l-a recrutat pe\u00a0Florin Petrescu\u00a0pentru a re\u00eentregi trupa. Este cunoscut \u0219i sub apelativul <strong>Axinte<\/strong>, datorit\u0103 rolului pe care \u00eel joac\u0103 \u00een cadrul trupei \u0219i la spectacole.<\/p>\n<p><strong>Alin Oprea <\/strong>a fondat forma\u021bia\u00a0<strong>Talisman,<\/strong><strong>\u00a0<\/strong>care a luat na\u0219tere \u00een 1996, iar prima audi\u021bie au avut-o pe 16 decembrie 1996 la festivalul \u201eOm bun\u201d, unde au \u0219i c\u00e2\u0219tigat marele premiu. Piesa de rezisten\u021b\u0103 a forma\u021biei se nume\u0219te \u201cAt\u00e2t de singur\u201d \u0219i a fost pe locul \u00eent\u00e2i \u00een toate topurile \u00een anii 1997-1998. De atunci, trupa lanseaz\u0103 hit dup\u0103 hit \u0219i reu\u0219e\u0219te s\u0103 surprind\u0103 publicul \u00een cel mai pl\u0103cut mod posibil, prin \u00eembinarea melodioas\u0103 a sunetelor care demonstreaz\u0103 profesionalismul \u0219i originalitatea trupei.<\/p>\n<p><strong>Vali Cr\u0103ciunescu<\/strong> &#8211; La 13 ani are primul sau contact neprotejat cu acordeonul \u015fi acum recunoa\u015fte c\u0103 acest lucru i-a fost fatal. Asta dupa ce \u00een prealabil, \u00eentr-a patra, \u015fi-a \u00eencercat talentul \u015fi la trompet\u0103, de care nu s-a ata\u015fat \u00eensa la fel de mult, privind \u00eentreaga poveste &#8222;mai degrab\u0103 ca pe o joac\u0103&#8221;. A fost membru al trupei Spitalul de Urgen\u0163\u0103, iar acum are un proiect nou, intiulat \u201cDe la Zvaidoc la Queen\u201d &#8211; Concert de r\u00e2s \u015fi panaram\u0103.<\/p>\n<p><strong>Free Deejays<\/strong> &#8211; Trupa este fondat\u0103 \u00een anul 2010, de Bogdan Ta\u015fc\u0103u \u2013 DL. Problem\u0103, care al\u0103turi de Rare\u0219 Varniote au lansat piesa \u201eYou Know\u201d \u00een colaborare cu americanul de origine jamaican\u0103 Buppy Lennox. Alte hituri: Around the world, Mi ritmo \u015fi \u00a0Danca louca.<\/p>\n<p>&nbsp;<\/p>\n","protected":false},"excerpt":{"rendered":"<p>Casa de Cultur\u0103 a Studen\u0163ilor Alba Iulia organizeaz\u0103 \u00een cadrul Festivalului Na\u0163ional Studen\u0163esc \u201cSerb\u0103rile Unirii\u201d dou\u0103 super-spectacole pe 2 \u015fi 3 decembrie, \u00een care ve\u0163i avea parte de invita\u0163i speciali: Axinte, Talisman, Vali Cr\u0103ciunescu\u00a0\u015fi Free Deejays. Acest festival se adreseaz\u0103 nu doar tinerilor \u015fi studen\u0163ilor, ci \u015fi publicului larg. Festivalul reprezint\u0103 emblema institu\u0163iei, ajuns anul &hellip;<\/p>\n","protected":false},"author":20,"featured_media":36048,"comment_status":"open","ping_status":"open","sticky":false,"template":"","format":"standard","meta":{"inline_featured_image":false,"footnotes":""},"categories":[4],"tags":[8813,614,492,369,507,652,8253,1296,360,8814,76],"class_list":["post-36031","post","type-post","status-publish","format-standard","has-post-thumbnail","hentry","category-eveniment","tag-axinte","tag-concert","tag-concurs","tag-eveniment","tag-festival","tag-muzica","tag-pub-skitt-77","tag-serbarile-unirii","tag-spectacol","tag-talisman","tag-urbea-mea"],"yoast_head":"<!-- This site is optimized with the Yoast SEO plugin v27.4 - https:\/\/yoast.com\/product\/yoast-seo-wordpress\/ -->\n<title>Axinte, Talisman, Vali Cr\u0103ciunescu \u015fi Free Deejays, prezen\u021bi la \u201dSerb\u0103rile Unirii\u201d - Revista Urbea Mea - Revista de Alba<\/title>\n<meta name=\"description\" content=\"Casa de Cultur\u0103 a Studen\u0163ilor Alba Iulia organizeaz\u0103 \u00een cadrul Festivalului Na\u0163ional Studen\u0163esc \u201cSerb\u0103rile Unirii\u201d dou\u0103 super-spectacole pe 2 \u015fi 3\" \/>\n<meta name=\"robots\" content=\"index, follow, max-snippet:-1, max-image-preview:large, max-video-preview:-1\" \/>\n<link rel=\"canonical\" href=\"https:\/\/urbeamea.ro\/albaiulia\/axinte-talisman-vali-craciunescu-si-free-deejays-prezenti-la-serbarile-unirii\/\" \/>\n<meta name=\"twitter:card\" content=\"summary_large_image\" \/>\n<meta name=\"twitter:title\" content=\"Axinte, Talisman, Vali Cr\u0103ciunescu \u015fi Free Deejays, prezen\u021bi la \u201dSerb\u0103rile Unirii\u201d - Revista Urbea Mea - Revista de Alba\" \/>\n<meta name=\"twitter:description\" content=\"Casa de Cultur\u0103 a Studen\u0163ilor Alba Iulia organizeaz\u0103 \u00een cadrul Festivalului Na\u0163ional Studen\u0163esc \u201cSerb\u0103rile Unirii\u201d dou\u0103 super-spectacole pe 2 \u015fi 3\" \/>\n<meta name=\"twitter:image\" content=\"https:\/\/urbeamea.ro\/albaiulia\/wp-content\/uploads\/2016\/11\/15211714_1192167600838947_1675651014_n.jpg\" \/>\n<meta name=\"twitter:creator\" content=\"@urbeameaweb\" \/>\n<meta name=\"twitter:site\" content=\"@urbeameaweb\" \/>\n<script type=\"application\/ld+json\" class=\"yoast-schema-graph\">{\"@context\":\"https:\\\/\\\/schema.org\",\"@graph\":[{\"@type\":\"Article\",\"@id\":\"https:\\\/\\\/urbeamea.ro\\\/albaiulia\\\/axinte-talisman-vali-craciunescu-si-free-deejays-prezenti-la-serbarile-unirii\\\/#article\",\"isPartOf\":{\"@id\":\"https:\\\/\\\/urbeamea.ro\\\/albaiulia\\\/axinte-talisman-vali-craciunescu-si-free-deejays-prezenti-la-serbarile-unirii\\\/\"},\"author\":{\"name\":\"Adriana Avram\",\"@id\":\"https:\\\/\\\/urbeamea.ro\\\/albaiulia\\\/#\\\/schema\\\/person\\\/cfaa27fc3da4a9a2cf2fee3650afc5d0\"},\"headline\":\"Axinte, Talisman, Vali Cr\u0103ciunescu \u015fi Free Deejays, prezen\u021bi la \u201dSerb\u0103rile Unirii\u201d\",\"datePublished\":\"2016-12-02T09:25:58+00:00\",\"dateModified\":\"2016-12-02T09:26:19+00:00\",\"mainEntityOfPage\":{\"@id\":\"https:\\\/\\\/urbeamea.ro\\\/albaiulia\\\/axinte-talisman-vali-craciunescu-si-free-deejays-prezenti-la-serbarile-unirii\\\/\"},\"wordCount\":529,\"commentCount\":0,\"image\":{\"@id\":\"https:\\\/\\\/urbeamea.ro\\\/albaiulia\\\/axinte-talisman-vali-craciunescu-si-free-deejays-prezenti-la-serbarile-unirii\\\/#primaryimage\"},\"thumbnailUrl\":\"https:\\\/\\\/urbeamea.ro\\\/albaiulia\\\/wp-content\\\/uploads\\\/2016\\\/11\\\/15211714_1192167600838947_1675651014_n.jpg\",\"keywords\":[\"Axinte\",\"concert\",\"concurs\",\"eveniment\",\"festival\",\"muzica\",\"Pub Skitt' 77\",\"serbarile unirii\",\"spectacol\",\"Talisman\",\"Urbea Mea\"],\"articleSection\":[\"Evenimente\"],\"inLanguage\":\"ro-RO\",\"potentialAction\":[{\"@type\":\"CommentAction\",\"name\":\"Comment\",\"target\":[\"https:\\\/\\\/urbeamea.ro\\\/albaiulia\\\/axinte-talisman-vali-craciunescu-si-free-deejays-prezenti-la-serbarile-unirii\\\/#respond\"]}]},{\"@type\":\"WebPage\",\"@id\":\"https:\\\/\\\/urbeamea.ro\\\/albaiulia\\\/axinte-talisman-vali-craciunescu-si-free-deejays-prezenti-la-serbarile-unirii\\\/\",\"url\":\"https:\\\/\\\/urbeamea.ro\\\/albaiulia\\\/axinte-talisman-vali-craciunescu-si-free-deejays-prezenti-la-serbarile-unirii\\\/\",\"name\":\"Axinte, Talisman, Vali Cr\u0103ciunescu \u015fi Free Deejays, prezen\u021bi la \u201dSerb\u0103rile Unirii\u201d - Revista Urbea Mea - Revista de Alba\",\"isPartOf\":{\"@id\":\"https:\\\/\\\/urbeamea.ro\\\/albaiulia\\\/#website\"},\"primaryImageOfPage\":{\"@id\":\"https:\\\/\\\/urbeamea.ro\\\/albaiulia\\\/axinte-talisman-vali-craciunescu-si-free-deejays-prezenti-la-serbarile-unirii\\\/#primaryimage\"},\"image\":{\"@id\":\"https:\\\/\\\/urbeamea.ro\\\/albaiulia\\\/axinte-talisman-vali-craciunescu-si-free-deejays-prezenti-la-serbarile-unirii\\\/#primaryimage\"},\"thumbnailUrl\":\"https:\\\/\\\/urbeamea.ro\\\/albaiulia\\\/wp-content\\\/uploads\\\/2016\\\/11\\\/15211714_1192167600838947_1675651014_n.jpg\",\"datePublished\":\"2016-12-02T09:25:58+00:00\",\"dateModified\":\"2016-12-02T09:26:19+00:00\",\"author\":{\"@id\":\"https:\\\/\\\/urbeamea.ro\\\/albaiulia\\\/#\\\/schema\\\/person\\\/cfaa27fc3da4a9a2cf2fee3650afc5d0\"},\"description\":\"Casa de Cultur\u0103 a Studen\u0163ilor Alba Iulia organizeaz\u0103 \u00een cadrul Festivalului Na\u0163ional Studen\u0163esc \u201cSerb\u0103rile Unirii\u201d dou\u0103 super-spectacole pe 2 \u015fi 3\",\"breadcrumb\":{\"@id\":\"https:\\\/\\\/urbeamea.ro\\\/albaiulia\\\/axinte-talisman-vali-craciunescu-si-free-deejays-prezenti-la-serbarile-unirii\\\/#breadcrumb\"},\"inLanguage\":\"ro-RO\",\"potentialAction\":[{\"@type\":\"ReadAction\",\"target\":[\"https:\\\/\\\/urbeamea.ro\\\/albaiulia\\\/axinte-talisman-vali-craciunescu-si-free-deejays-prezenti-la-serbarile-unirii\\\/\"]}]},{\"@type\":\"ImageObject\",\"inLanguage\":\"ro-RO\",\"@id\":\"https:\\\/\\\/urbeamea.ro\\\/albaiulia\\\/axinte-talisman-vali-craciunescu-si-free-deejays-prezenti-la-serbarile-unirii\\\/#primaryimage\",\"url\":\"https:\\\/\\\/urbeamea.ro\\\/albaiulia\\\/wp-content\\\/uploads\\\/2016\\\/11\\\/15211714_1192167600838947_1675651014_n.jpg\",\"contentUrl\":\"https:\\\/\\\/urbeamea.ro\\\/albaiulia\\\/wp-content\\\/uploads\\\/2016\\\/11\\\/15211714_1192167600838947_1675651014_n.jpg\",\"width\":679,\"height\":960},{\"@type\":\"BreadcrumbList\",\"@id\":\"https:\\\/\\\/urbeamea.ro\\\/albaiulia\\\/axinte-talisman-vali-craciunescu-si-free-deejays-prezenti-la-serbarile-unirii\\\/#breadcrumb\",\"itemListElement\":[{\"@type\":\"ListItem\",\"position\":1,\"name\":\"Prima pagin\u0103\",\"item\":\"https:\\\/\\\/urbeamea.ro\\\/albaiulia\\\/\"},{\"@type\":\"ListItem\",\"position\":2,\"name\":\"Axinte, Talisman, Vali Cr\u0103ciunescu \u015fi Free Deejays, prezen\u021bi la \u201dSerb\u0103rile Unirii\u201d\"}]},{\"@type\":\"WebSite\",\"@id\":\"https:\\\/\\\/urbeamea.ro\\\/albaiulia\\\/#website\",\"url\":\"https:\\\/\\\/urbeamea.ro\\\/albaiulia\\\/\",\"name\":\"Revista Urbea Mea, Stiri urbane\",\"description\":\"Evenimente \u0219i \u0219tiri din Alba Iulia, Sebe\u0219, Aiud, Blaj\",\"potentialAction\":[{\"@type\":\"SearchAction\",\"target\":{\"@type\":\"EntryPoint\",\"urlTemplate\":\"https:\\\/\\\/urbeamea.ro\\\/albaiulia\\\/?s={search_term_string}\"},\"query-input\":{\"@type\":\"PropertyValueSpecification\",\"valueRequired\":true,\"valueName\":\"search_term_string\"}}],\"inLanguage\":\"ro-RO\"},{\"@type\":\"Person\",\"@id\":\"https:\\\/\\\/urbeamea.ro\\\/albaiulia\\\/#\\\/schema\\\/person\\\/cfaa27fc3da4a9a2cf2fee3650afc5d0\",\"name\":\"Adriana Avram\",\"image\":{\"@type\":\"ImageObject\",\"inLanguage\":\"ro-RO\",\"@id\":\"https:\\\/\\\/secure.gravatar.com\\\/avatar\\\/3cc61eb1584088e0099c1763903a6421c5ce6cdf45fc2d424046dc621efc21f9?s=96&d=mm&r=g\",\"url\":\"https:\\\/\\\/secure.gravatar.com\\\/avatar\\\/3cc61eb1584088e0099c1763903a6421c5ce6cdf45fc2d424046dc621efc21f9?s=96&d=mm&r=g\",\"contentUrl\":\"https:\\\/\\\/secure.gravatar.com\\\/avatar\\\/3cc61eb1584088e0099c1763903a6421c5ce6cdf45fc2d424046dc621efc21f9?s=96&d=mm&r=g\",\"caption\":\"Adriana Avram\"},\"description\":\"Jurnalist\",\"sameAs\":[\"https:\\\/\\\/www.facebook.com\\\/avram.adriana.7?fref=ts\"],\"url\":\"https:\\\/\\\/urbeamea.ro\\\/albaiulia\\\/author\\\/adriana-avram\\\/\"}]}<\/script>\n<!-- \/ Yoast SEO plugin. -->","yoast_head_json":{"title":"Axinte, Talisman, Vali Cr\u0103ciunescu \u015fi Free Deejays, prezen\u021bi la \u201dSerb\u0103rile Unirii\u201d - Revista Urbea Mea - Revista de Alba","description":"Casa de Cultur\u0103 a Studen\u0163ilor Alba Iulia organizeaz\u0103 \u00een cadrul Festivalului Na\u0163ional Studen\u0163esc \u201cSerb\u0103rile Unirii\u201d dou\u0103 super-spectacole pe 2 \u015fi 3","robots":{"index":"index","follow":"follow","max-snippet":"max-snippet:-1","max-image-preview":"max-image-preview:large","max-video-preview":"max-video-preview:-1"},"canonical":"https:\/\/urbeamea.ro\/albaiulia\/axinte-talisman-vali-craciunescu-si-free-deejays-prezenti-la-serbarile-unirii\/","twitter_card":"summary_large_image","twitter_title":"Axinte, Talisman, Vali Cr\u0103ciunescu \u015fi Free Deejays, prezen\u021bi la \u201dSerb\u0103rile Unirii\u201d - Revista Urbea Mea - Revista de Alba","twitter_description":"Casa de Cultur\u0103 a Studen\u0163ilor Alba Iulia organizeaz\u0103 \u00een cadrul Festivalului Na\u0163ional Studen\u0163esc \u201cSerb\u0103rile Unirii\u201d dou\u0103 super-spectacole pe 2 \u015fi 3","twitter_image":"https:\/\/urbeamea.ro\/albaiulia\/wp-content\/uploads\/2016\/11\/15211714_1192167600838947_1675651014_n.jpg","twitter_creator":"@urbeameaweb","twitter_site":"@urbeameaweb","schema":{"@context":"https:\/\/schema.org","@graph":[{"@type":"Article","@id":"https:\/\/urbeamea.ro\/albaiulia\/axinte-talisman-vali-craciunescu-si-free-deejays-prezenti-la-serbarile-unirii\/#article","isPartOf":{"@id":"https:\/\/urbeamea.ro\/albaiulia\/axinte-talisman-vali-craciunescu-si-free-deejays-prezenti-la-serbarile-unirii\/"},"author":{"name":"Adriana Avram","@id":"https:\/\/urbeamea.ro\/albaiulia\/#\/schema\/person\/cfaa27fc3da4a9a2cf2fee3650afc5d0"},"headline":"Axinte, Talisman, Vali Cr\u0103ciunescu \u015fi Free Deejays, prezen\u021bi la \u201dSerb\u0103rile Unirii\u201d","datePublished":"2016-12-02T09:25:58+00:00","dateModified":"2016-12-02T09:26:19+00:00","mainEntityOfPage":{"@id":"https:\/\/urbeamea.ro\/albaiulia\/axinte-talisman-vali-craciunescu-si-free-deejays-prezenti-la-serbarile-unirii\/"},"wordCount":529,"commentCount":0,"image":{"@id":"https:\/\/urbeamea.ro\/albaiulia\/axinte-talisman-vali-craciunescu-si-free-deejays-prezenti-la-serbarile-unirii\/#primaryimage"},"thumbnailUrl":"https:\/\/urbeamea.ro\/albaiulia\/wp-content\/uploads\/2016\/11\/15211714_1192167600838947_1675651014_n.jpg","keywords":["Axinte","concert","concurs","eveniment","festival","muzica","Pub Skitt' 77","serbarile unirii","spectacol","Talisman","Urbea Mea"],"articleSection":["Evenimente"],"inLanguage":"ro-RO","potentialAction":[{"@type":"CommentAction","name":"Comment","target":["https:\/\/urbeamea.ro\/albaiulia\/axinte-talisman-vali-craciunescu-si-free-deejays-prezenti-la-serbarile-unirii\/#respond"]}]},{"@type":"WebPage","@id":"https:\/\/urbeamea.ro\/albaiulia\/axinte-talisman-vali-craciunescu-si-free-deejays-prezenti-la-serbarile-unirii\/","url":"https:\/\/urbeamea.ro\/albaiulia\/axinte-talisman-vali-craciunescu-si-free-deejays-prezenti-la-serbarile-unirii\/","name":"Axinte, Talisman, Vali Cr\u0103ciunescu \u015fi Free Deejays, prezen\u021bi la \u201dSerb\u0103rile Unirii\u201d - Revista Urbea Mea - Revista de Alba","isPartOf":{"@id":"https:\/\/urbeamea.ro\/albaiulia\/#website"},"primaryImageOfPage":{"@id":"https:\/\/urbeamea.ro\/albaiulia\/axinte-talisman-vali-craciunescu-si-free-deejays-prezenti-la-serbarile-unirii\/#primaryimage"},"image":{"@id":"https:\/\/urbeamea.ro\/albaiulia\/axinte-talisman-vali-craciunescu-si-free-deejays-prezenti-la-serbarile-unirii\/#primaryimage"},"thumbnailUrl":"https:\/\/urbeamea.ro\/albaiulia\/wp-content\/uploads\/2016\/11\/15211714_1192167600838947_1675651014_n.jpg","datePublished":"2016-12-02T09:25:58+00:00","dateModified":"2016-12-02T09:26:19+00:00","author":{"@id":"https:\/\/urbeamea.ro\/albaiulia\/#\/schema\/person\/cfaa27fc3da4a9a2cf2fee3650afc5d0"},"description":"Casa de Cultur\u0103 a Studen\u0163ilor Alba Iulia organizeaz\u0103 \u00een cadrul Festivalului Na\u0163ional Studen\u0163esc \u201cSerb\u0103rile Unirii\u201d dou\u0103 super-spectacole pe 2 \u015fi 3","breadcrumb":{"@id":"https:\/\/urbeamea.ro\/albaiulia\/axinte-talisman-vali-craciunescu-si-free-deejays-prezenti-la-serbarile-unirii\/#breadcrumb"},"inLanguage":"ro-RO","potentialAction":[{"@type":"ReadAction","target":["https:\/\/urbeamea.ro\/albaiulia\/axinte-talisman-vali-craciunescu-si-free-deejays-prezenti-la-serbarile-unirii\/"]}]},{"@type":"ImageObject","inLanguage":"ro-RO","@id":"https:\/\/urbeamea.ro\/albaiulia\/axinte-talisman-vali-craciunescu-si-free-deejays-prezenti-la-serbarile-unirii\/#primaryimage","url":"https:\/\/urbeamea.ro\/albaiulia\/wp-content\/uploads\/2016\/11\/15211714_1192167600838947_1675651014_n.jpg","contentUrl":"https:\/\/urbeamea.ro\/albaiulia\/wp-content\/uploads\/2016\/11\/15211714_1192167600838947_1675651014_n.jpg","width":679,"height":960},{"@type":"BreadcrumbList","@id":"https:\/\/urbeamea.ro\/albaiulia\/axinte-talisman-vali-craciunescu-si-free-deejays-prezenti-la-serbarile-unirii\/#breadcrumb","itemListElement":[{"@type":"ListItem","position":1,"name":"Prima pagin\u0103","item":"https:\/\/urbeamea.ro\/albaiulia\/"},{"@type":"ListItem","position":2,"name":"Axinte, Talisman, Vali Cr\u0103ciunescu \u015fi Free Deejays, prezen\u021bi la \u201dSerb\u0103rile Unirii\u201d"}]},{"@type":"WebSite","@id":"https:\/\/urbeamea.ro\/albaiulia\/#website","url":"https:\/\/urbeamea.ro\/albaiulia\/","name":"Revista Urbea Mea, Stiri urbane","description":"Evenimente \u0219i \u0219tiri din Alba Iulia, Sebe\u0219, Aiud, Blaj","potentialAction":[{"@type":"SearchAction","target":{"@type":"EntryPoint","urlTemplate":"https:\/\/urbeamea.ro\/albaiulia\/?s={search_term_string}"},"query-input":{"@type":"PropertyValueSpecification","valueRequired":true,"valueName":"search_term_string"}}],"inLanguage":"ro-RO"},{"@type":"Person","@id":"https:\/\/urbeamea.ro\/albaiulia\/#\/schema\/person\/cfaa27fc3da4a9a2cf2fee3650afc5d0","name":"Adriana Avram","image":{"@type":"ImageObject","inLanguage":"ro-RO","@id":"https:\/\/secure.gravatar.com\/avatar\/3cc61eb1584088e0099c1763903a6421c5ce6cdf45fc2d424046dc621efc21f9?s=96&d=mm&r=g","url":"https:\/\/secure.gravatar.com\/avatar\/3cc61eb1584088e0099c1763903a6421c5ce6cdf45fc2d424046dc621efc21f9?s=96&d=mm&r=g","contentUrl":"https:\/\/secure.gravatar.com\/avatar\/3cc61eb1584088e0099c1763903a6421c5ce6cdf45fc2d424046dc621efc21f9?s=96&d=mm&r=g","caption":"Adriana Avram"},"description":"Jurnalist","sameAs":["https:\/\/www.facebook.com\/avram.adriana.7?fref=ts"],"url":"https:\/\/urbeamea.ro\/albaiulia\/author\/adriana-avram\/"}]}},"_links":{"self":[{"href":"https:\/\/urbeamea.ro\/albaiulia\/wp-json\/wp\/v2\/posts\/36031","targetHints":{"allow":["GET"]}}],"collection":[{"href":"https:\/\/urbeamea.ro\/albaiulia\/wp-json\/wp\/v2\/posts"}],"about":[{"href":"https:\/\/urbeamea.ro\/albaiulia\/wp-json\/wp\/v2\/types\/post"}],"author":[{"embeddable":true,"href":"https:\/\/urbeamea.ro\/albaiulia\/wp-json\/wp\/v2\/users\/20"}],"replies":[{"embeddable":true,"href":"https:\/\/urbeamea.ro\/albaiulia\/wp-json\/wp\/v2\/comments?post=36031"}],"version-history":[{"count":0,"href":"https:\/\/urbeamea.ro\/albaiulia\/wp-json\/wp\/v2\/posts\/36031\/revisions"}],"wp:featuredmedia":[{"embeddable":true,"href":"https:\/\/urbeamea.ro\/albaiulia\/wp-json\/wp\/v2\/media\/36048"}],"wp:attachment":[{"href":"https:\/\/urbeamea.ro\/albaiulia\/wp-json\/wp\/v2\/media?parent=36031"}],"wp:term":[{"taxonomy":"category","embeddable":true,"href":"https:\/\/urbeamea.ro\/albaiulia\/wp-json\/wp\/v2\/categories?post=36031"},{"taxonomy":"post_tag","embeddable":true,"href":"https:\/\/urbeamea.ro\/albaiulia\/wp-json\/wp\/v2\/tags?post=36031"}],"curies":[{"name":"wp","href":"https:\/\/api.w.org\/{rel}","templated":true}]}}