{"id":36166,"date":"2016-11-29T13:34:22","date_gmt":"2016-11-29T11:34:22","guid":{"rendered":"http:\/\/urbeamea.ro\/albaiulia\/?p=36166"},"modified":"2016-11-29T13:34:22","modified_gmt":"2016-11-29T11:34:22","slug":"accident-rutier-langa-salistea-coliziune-intre-un-autoturism-si-un-excavator","status":"publish","type":"post","link":"https:\/\/urbeamea.ro\/albaiulia\/accident-rutier-langa-salistea-coliziune-intre-un-autoturism-si-un-excavator\/","title":{"rendered":"Accident rutier l\u00e2ng\u0103 S\u0103li\u0219tea: Coliziune \u00eentre un autoturism \u0219i un excavator"},"content":{"rendered":"<p><strong><img loading=\"lazy\" decoding=\"async\" class=\"size-medium wp-image-35491 alignleft\" src=\"http:\/\/urbeamea.ro\/albaiulia\/wp-content\/uploads\/2016\/11\/politie-300x215.jpg\" alt=\"politie\" width=\"300\" height=\"215\" \/>O femeie \u00een v\u00e2rst\u0103 de 74 de ani din Or\u0103\u015ftie a fost r\u0103nit\u0103 \u00een urma unui accident rutier petrecut luni dup\u0103-amiaza pe DN7, \u00een afara localit\u0103\u0163ii S\u0103li\u015ftea. Autoturismul \u00een care se afla a lovit din spate un excavator, condus de un b\u0103rbat care nu de\u021binea permis.<\/strong><\/p>\n<p>Potrivit IPJ Alba, luni, 28 noiembrie, \u00een jurul orei 17.20, pe DN7, \u00een afara localit\u0103\u0163ii S\u0103li\u015ftea, un b\u0103rbat de 48 de ani, din Or\u0103\u015ftie, jude\u0163ul Hunedoara, \u00een timp ce conducea un autoturism, nu a p\u0103strat o distan\u0163\u0103 suficient\u0103 fa\u0163\u0103 de un excavator care era condus de c\u0103tre un b\u0103rbat de 52 de ani, din jude\u0163ul Giurgiu, intr\u00e2nd \u00een coliziune cu acesta.<\/p>\n<p>\u00cen urma accidentului, o femeie de 74 de ani, din Or\u0103\u015ftie, pasager\u0103 \u00een autoturism, a suferit leziuni corporale u\u015foare.<\/p>\n<p>\u00cen urma verific\u0103rilor efectuate, poli\u0163i\u015ftii au constatat c\u0103 excavatorul implicat \u00een accident nu este \u00eenmatriculat \u00een circula\u0163ie, iar \u015foferul acestuia nu de\u0163inea permis de conducere corespunz\u0103tor categoriei din care face parte vehiculul.<\/p>\n<p>Fa\u0163\u0103 de conduc\u0103torul auto care a provocat accidentul, cercet\u0103rile sunt continuate sub aspectul comiterii infrac\u021biunii de v\u0103t\u0103mare corporal\u0103 din culp\u0103, iar fa\u0163\u0103 de \u015foferul excavatorului cercet\u0103rile sunt continuate sub aspectul comiterii infrac\u021biunilor de conducere cu permis necorespunz\u0103tor \u015fi conducerea unui autovehicul ne\u00eenmatriculat.<\/p>\n<p><em>Pentru a evita implicarea \u00een accidente rutiere, Inspectoratul de Poli\u0163ie Jude\u0163ean Alba recomand\u0103 conduc\u0103torilor auto:<\/em><\/p>\n<ul>\n<li>Adapta\u0163i permanent viteza la condi\u0163iile de drum (carosabil acoperit cu z\u0103pad\u0103, gheat\u0103 sau polei);<\/li>\n<li>Circula\u0163i cu o vitez\u0103 care s\u0103 nu dep\u0103\u015feasc\u0103 30 km\/h, \u00een localit\u0103\u0163i, sau 50 km\/h \u00een afara lor c\u00e2nd partea carosabil\u0103 este acoperit\u0103 cu polei, ghea\u0163\u0103, z\u0103pad\u0103 b\u0103t\u0103torit\u0103, m\u00e2zg\u0103 sau piatr\u0103 cubic\u0103 umed\u0103. Conform prevederilor legale \u00een domeniu reprezint\u0103 obliga\u0163ie a conduc\u0103torului de vehicul.<\/li>\n<li>Folosi\u0163i corespunz\u0103tor sistemul de iluminare-semnalizare, c\u00e2t \u015fi cel de climatizare si dezaburire, pentru a vedea si a putea fi v\u0103zu\u0163i in trafic. Reamintim c\u0103 legisla\u0163ia rutier\u0103 prevede obligativitatea folosirii luminilor de \u00eent\u00e2lnire, \u00een afara localit\u0103\u0163ilor \u015fi \u00een timpul zilei;<\/li>\n<li>P\u0103stra\u0163i \u00een mers o distan\u0163\u0103 suficient\u0103 pentru a putea opri in condi\u0163ii de siguran\u0163a atunci c\u00e2nd condi\u0163iile de deplasare sunt nefavorabile;<\/li>\n<li>Echipa\u0163i autovehiculul cu pneuri corespunz\u0103toare;<\/li>\n<li>Verifica\u0163i periodic acumulatorul acestuia;<\/li>\n<li>Nu brusca\u0163i comenzile si folosi\u0163i cu preponderenta fr\u00e2na de motor.<\/li>\n<\/ul>\n","protected":false},"excerpt":{"rendered":"<p>O femeie \u00een v\u00e2rst\u0103 de 74 de ani din Or\u0103\u015ftie a fost r\u0103nit\u0103 \u00een urma unui accident rutier petrecut luni dup\u0103-amiaza pe DN7, \u00een afara localit\u0103\u0163ii S\u0103li\u015ftea. Autoturismul \u00een care se afla a lovit din spate un excavator, condus de un b\u0103rbat care nu de\u021binea permis. Potrivit IPJ Alba, luni, 28 noiembrie, \u00een jurul orei &hellip;<\/p>\n","protected":false},"author":17,"featured_media":35491,"comment_status":"open","ping_status":"open","sticky":false,"template":"","format":"standard","meta":{"inline_featured_image":false,"footnotes":""},"categories":[2034],"tags":[2443,2416,7269,401,458,3499,308,76],"class_list":["post-36166","post","type-post","status-publish","format-standard","has-post-thumbnail","hentry","category-social","tag-accident-rutier","tag-autoturism","tag-excavator","tag-permis-de-conducere","tag-politisti","tag-salistea","tag-stiri","tag-urbea-mea"],"yoast_head":"<!-- This site is optimized with the Yoast SEO plugin v27.4 - https:\/\/yoast.com\/product\/yoast-seo-wordpress\/ -->\n<title>Accident rutier l\u00e2ng\u0103 S\u0103li\u0219tea: Coliziune \u00eentre un autoturism \u0219i un excavator - Revista Urbea Mea - Revista de Alba<\/title>\n<meta name=\"description\" content=\"O femeie \u00een v\u00e2rst\u0103 de 74 de ani din Or\u0103\u015ftie a fost r\u0103nit\u0103 \u00een urma unui accident rutier petrecut luni dup\u0103-amiaza pe DN7, \u00een afara localit\u0103\u0163ii S\u0103li\u015ftea.\" \/>\n<meta name=\"robots\" content=\"index, follow, max-snippet:-1, max-image-preview:large, max-video-preview:-1\" \/>\n<link rel=\"canonical\" href=\"https:\/\/urbeamea.ro\/albaiulia\/accident-rutier-langa-salistea-coliziune-intre-un-autoturism-si-un-excavator\/\" \/>\n<meta name=\"twitter:card\" content=\"summary_large_image\" \/>\n<meta name=\"twitter:title\" content=\"Accident rutier l\u00e2ng\u0103 S\u0103li\u0219tea: Coliziune \u00eentre un autoturism \u0219i un excavator - Revista Urbea Mea - Revista de Alba\" \/>\n<meta name=\"twitter:description\" content=\"O femeie \u00een v\u00e2rst\u0103 de 74 de ani din Or\u0103\u015ftie a fost r\u0103nit\u0103 \u00een urma unui accident rutier petrecut luni dup\u0103-amiaza pe DN7, \u00een afara localit\u0103\u0163ii S\u0103li\u015ftea.\" \/>\n<meta name=\"twitter:image\" content=\"https:\/\/urbeamea.ro\/albaiulia\/wp-content\/uploads\/2016\/11\/politie.jpg\" \/>\n<meta name=\"twitter:creator\" content=\"@urbeameaweb\" \/>\n<meta name=\"twitter:site\" content=\"@urbeameaweb\" \/>\n<script type=\"application\/ld+json\" class=\"yoast-schema-graph\">{\"@context\":\"https:\\\/\\\/schema.org\",\"@graph\":[{\"@type\":\"Article\",\"@id\":\"https:\\\/\\\/urbeamea.ro\\\/albaiulia\\\/accident-rutier-langa-salistea-coliziune-intre-un-autoturism-si-un-excavator\\\/#article\",\"isPartOf\":{\"@id\":\"https:\\\/\\\/urbeamea.ro\\\/albaiulia\\\/accident-rutier-langa-salistea-coliziune-intre-un-autoturism-si-un-excavator\\\/\"},\"author\":{\"name\":\"Cristina Ganga\",\"@id\":\"https:\\\/\\\/urbeamea.ro\\\/albaiulia\\\/#\\\/schema\\\/person\\\/9700d21fae21c4f038b0b56f4506264a\"},\"headline\":\"Accident rutier l\u00e2ng\u0103 S\u0103li\u0219tea: Coliziune \u00eentre un autoturism \u0219i un excavator\",\"datePublished\":\"2016-11-29T11:34:22+00:00\",\"mainEntityOfPage\":{\"@id\":\"https:\\\/\\\/urbeamea.ro\\\/albaiulia\\\/accident-rutier-langa-salistea-coliziune-intre-un-autoturism-si-un-excavator\\\/\"},\"wordCount\":433,\"commentCount\":0,\"image\":{\"@id\":\"https:\\\/\\\/urbeamea.ro\\\/albaiulia\\\/accident-rutier-langa-salistea-coliziune-intre-un-autoturism-si-un-excavator\\\/#primaryimage\"},\"thumbnailUrl\":\"https:\\\/\\\/urbeamea.ro\\\/albaiulia\\\/wp-content\\\/uploads\\\/2016\\\/11\\\/politie.jpg\",\"keywords\":[\"accident rutier\",\"autoturism\",\"excavator\",\"permis de conducere\",\"politisti\",\"salistea\",\"stiri\",\"Urbea Mea\"],\"articleSection\":[\"Social\"],\"inLanguage\":\"ro-RO\",\"potentialAction\":[{\"@type\":\"CommentAction\",\"name\":\"Comment\",\"target\":[\"https:\\\/\\\/urbeamea.ro\\\/albaiulia\\\/accident-rutier-langa-salistea-coliziune-intre-un-autoturism-si-un-excavator\\\/#respond\"]}]},{\"@type\":\"WebPage\",\"@id\":\"https:\\\/\\\/urbeamea.ro\\\/albaiulia\\\/accident-rutier-langa-salistea-coliziune-intre-un-autoturism-si-un-excavator\\\/\",\"url\":\"https:\\\/\\\/urbeamea.ro\\\/albaiulia\\\/accident-rutier-langa-salistea-coliziune-intre-un-autoturism-si-un-excavator\\\/\",\"name\":\"Accident rutier l\u00e2ng\u0103 S\u0103li\u0219tea: Coliziune \u00eentre un autoturism \u0219i un excavator - Revista Urbea Mea - Revista de Alba\",\"isPartOf\":{\"@id\":\"https:\\\/\\\/urbeamea.ro\\\/albaiulia\\\/#website\"},\"primaryImageOfPage\":{\"@id\":\"https:\\\/\\\/urbeamea.ro\\\/albaiulia\\\/accident-rutier-langa-salistea-coliziune-intre-un-autoturism-si-un-excavator\\\/#primaryimage\"},\"image\":{\"@id\":\"https:\\\/\\\/urbeamea.ro\\\/albaiulia\\\/accident-rutier-langa-salistea-coliziune-intre-un-autoturism-si-un-excavator\\\/#primaryimage\"},\"thumbnailUrl\":\"https:\\\/\\\/urbeamea.ro\\\/albaiulia\\\/wp-content\\\/uploads\\\/2016\\\/11\\\/politie.jpg\",\"datePublished\":\"2016-11-29T11:34:22+00:00\",\"author\":{\"@id\":\"https:\\\/\\\/urbeamea.ro\\\/albaiulia\\\/#\\\/schema\\\/person\\\/9700d21fae21c4f038b0b56f4506264a\"},\"description\":\"O femeie \u00een v\u00e2rst\u0103 de 74 de ani din Or\u0103\u015ftie a fost r\u0103nit\u0103 \u00een urma unui accident rutier petrecut luni dup\u0103-amiaza pe DN7, \u00een afara localit\u0103\u0163ii S\u0103li\u015ftea.\",\"breadcrumb\":{\"@id\":\"https:\\\/\\\/urbeamea.ro\\\/albaiulia\\\/accident-rutier-langa-salistea-coliziune-intre-un-autoturism-si-un-excavator\\\/#breadcrumb\"},\"inLanguage\":\"ro-RO\",\"potentialAction\":[{\"@type\":\"ReadAction\",\"target\":[\"https:\\\/\\\/urbeamea.ro\\\/albaiulia\\\/accident-rutier-langa-salistea-coliziune-intre-un-autoturism-si-un-excavator\\\/\"]}]},{\"@type\":\"ImageObject\",\"inLanguage\":\"ro-RO\",\"@id\":\"https:\\\/\\\/urbeamea.ro\\\/albaiulia\\\/accident-rutier-langa-salistea-coliziune-intre-un-autoturism-si-un-excavator\\\/#primaryimage\",\"url\":\"https:\\\/\\\/urbeamea.ro\\\/albaiulia\\\/wp-content\\\/uploads\\\/2016\\\/11\\\/politie.jpg\",\"contentUrl\":\"https:\\\/\\\/urbeamea.ro\\\/albaiulia\\\/wp-content\\\/uploads\\\/2016\\\/11\\\/politie.jpg\",\"width\":1000,\"height\":718},{\"@type\":\"BreadcrumbList\",\"@id\":\"https:\\\/\\\/urbeamea.ro\\\/albaiulia\\\/accident-rutier-langa-salistea-coliziune-intre-un-autoturism-si-un-excavator\\\/#breadcrumb\",\"itemListElement\":[{\"@type\":\"ListItem\",\"position\":1,\"name\":\"Prima pagin\u0103\",\"item\":\"https:\\\/\\\/urbeamea.ro\\\/albaiulia\\\/\"},{\"@type\":\"ListItem\",\"position\":2,\"name\":\"Accident rutier l\u00e2ng\u0103 S\u0103li\u0219tea: Coliziune \u00eentre un autoturism \u0219i un excavator\"}]},{\"@type\":\"WebSite\",\"@id\":\"https:\\\/\\\/urbeamea.ro\\\/albaiulia\\\/#website\",\"url\":\"https:\\\/\\\/urbeamea.ro\\\/albaiulia\\\/\",\"name\":\"Revista Urbea Mea, Stiri urbane\",\"description\":\"Evenimente \u0219i \u0219tiri din Alba Iulia, Sebe\u0219, Aiud, Blaj\",\"potentialAction\":[{\"@type\":\"SearchAction\",\"target\":{\"@type\":\"EntryPoint\",\"urlTemplate\":\"https:\\\/\\\/urbeamea.ro\\\/albaiulia\\\/?s={search_term_string}\"},\"query-input\":{\"@type\":\"PropertyValueSpecification\",\"valueRequired\":true,\"valueName\":\"search_term_string\"}}],\"inLanguage\":\"ro-RO\"},{\"@type\":\"Person\",\"@id\":\"https:\\\/\\\/urbeamea.ro\\\/albaiulia\\\/#\\\/schema\\\/person\\\/9700d21fae21c4f038b0b56f4506264a\",\"name\":\"Cristina Ganga\",\"image\":{\"@type\":\"ImageObject\",\"inLanguage\":\"ro-RO\",\"@id\":\"https:\\\/\\\/secure.gravatar.com\\\/avatar\\\/5a67661041f057b4a8ccaf26f5a8e86e2689372006d01faf3dd9eeb10b654bb4?s=96&d=mm&r=g\",\"url\":\"https:\\\/\\\/secure.gravatar.com\\\/avatar\\\/5a67661041f057b4a8ccaf26f5a8e86e2689372006d01faf3dd9eeb10b654bb4?s=96&d=mm&r=g\",\"contentUrl\":\"https:\\\/\\\/secure.gravatar.com\\\/avatar\\\/5a67661041f057b4a8ccaf26f5a8e86e2689372006d01faf3dd9eeb10b654bb4?s=96&d=mm&r=g\",\"caption\":\"Cristina Ganga\"},\"description\":\"Jurnalist\",\"sameAs\":[\"https:\\\/\\\/www.facebook.com\\\/cristina.nicola.587\"],\"url\":\"https:\\\/\\\/urbeamea.ro\\\/albaiulia\\\/author\\\/cristina-nicola\\\/\"}]}<\/script>\n<!-- \/ Yoast SEO plugin. -->","yoast_head_json":{"title":"Accident rutier l\u00e2ng\u0103 S\u0103li\u0219tea: Coliziune \u00eentre un autoturism \u0219i un excavator - Revista Urbea Mea - Revista de Alba","description":"O femeie \u00een v\u00e2rst\u0103 de 74 de ani din Or\u0103\u015ftie a fost r\u0103nit\u0103 \u00een urma unui accident rutier petrecut luni dup\u0103-amiaza pe DN7, \u00een afara localit\u0103\u0163ii S\u0103li\u015ftea.","robots":{"index":"index","follow":"follow","max-snippet":"max-snippet:-1","max-image-preview":"max-image-preview:large","max-video-preview":"max-video-preview:-1"},"canonical":"https:\/\/urbeamea.ro\/albaiulia\/accident-rutier-langa-salistea-coliziune-intre-un-autoturism-si-un-excavator\/","twitter_card":"summary_large_image","twitter_title":"Accident rutier l\u00e2ng\u0103 S\u0103li\u0219tea: Coliziune \u00eentre un autoturism \u0219i un excavator - Revista Urbea Mea - Revista de Alba","twitter_description":"O femeie \u00een v\u00e2rst\u0103 de 74 de ani din Or\u0103\u015ftie a fost r\u0103nit\u0103 \u00een urma unui accident rutier petrecut luni dup\u0103-amiaza pe DN7, \u00een afara localit\u0103\u0163ii S\u0103li\u015ftea.","twitter_image":"https:\/\/urbeamea.ro\/albaiulia\/wp-content\/uploads\/2016\/11\/politie.jpg","twitter_creator":"@urbeameaweb","twitter_site":"@urbeameaweb","schema":{"@context":"https:\/\/schema.org","@graph":[{"@type":"Article","@id":"https:\/\/urbeamea.ro\/albaiulia\/accident-rutier-langa-salistea-coliziune-intre-un-autoturism-si-un-excavator\/#article","isPartOf":{"@id":"https:\/\/urbeamea.ro\/albaiulia\/accident-rutier-langa-salistea-coliziune-intre-un-autoturism-si-un-excavator\/"},"author":{"name":"Cristina Ganga","@id":"https:\/\/urbeamea.ro\/albaiulia\/#\/schema\/person\/9700d21fae21c4f038b0b56f4506264a"},"headline":"Accident rutier l\u00e2ng\u0103 S\u0103li\u0219tea: Coliziune \u00eentre un autoturism \u0219i un excavator","datePublished":"2016-11-29T11:34:22+00:00","mainEntityOfPage":{"@id":"https:\/\/urbeamea.ro\/albaiulia\/accident-rutier-langa-salistea-coliziune-intre-un-autoturism-si-un-excavator\/"},"wordCount":433,"commentCount":0,"image":{"@id":"https:\/\/urbeamea.ro\/albaiulia\/accident-rutier-langa-salistea-coliziune-intre-un-autoturism-si-un-excavator\/#primaryimage"},"thumbnailUrl":"https:\/\/urbeamea.ro\/albaiulia\/wp-content\/uploads\/2016\/11\/politie.jpg","keywords":["accident rutier","autoturism","excavator","permis de conducere","politisti","salistea","stiri","Urbea Mea"],"articleSection":["Social"],"inLanguage":"ro-RO","potentialAction":[{"@type":"CommentAction","name":"Comment","target":["https:\/\/urbeamea.ro\/albaiulia\/accident-rutier-langa-salistea-coliziune-intre-un-autoturism-si-un-excavator\/#respond"]}]},{"@type":"WebPage","@id":"https:\/\/urbeamea.ro\/albaiulia\/accident-rutier-langa-salistea-coliziune-intre-un-autoturism-si-un-excavator\/","url":"https:\/\/urbeamea.ro\/albaiulia\/accident-rutier-langa-salistea-coliziune-intre-un-autoturism-si-un-excavator\/","name":"Accident rutier l\u00e2ng\u0103 S\u0103li\u0219tea: Coliziune \u00eentre un autoturism \u0219i un excavator - Revista Urbea Mea - Revista de Alba","isPartOf":{"@id":"https:\/\/urbeamea.ro\/albaiulia\/#website"},"primaryImageOfPage":{"@id":"https:\/\/urbeamea.ro\/albaiulia\/accident-rutier-langa-salistea-coliziune-intre-un-autoturism-si-un-excavator\/#primaryimage"},"image":{"@id":"https:\/\/urbeamea.ro\/albaiulia\/accident-rutier-langa-salistea-coliziune-intre-un-autoturism-si-un-excavator\/#primaryimage"},"thumbnailUrl":"https:\/\/urbeamea.ro\/albaiulia\/wp-content\/uploads\/2016\/11\/politie.jpg","datePublished":"2016-11-29T11:34:22+00:00","author":{"@id":"https:\/\/urbeamea.ro\/albaiulia\/#\/schema\/person\/9700d21fae21c4f038b0b56f4506264a"},"description":"O femeie \u00een v\u00e2rst\u0103 de 74 de ani din Or\u0103\u015ftie a fost r\u0103nit\u0103 \u00een urma unui accident rutier petrecut luni dup\u0103-amiaza pe DN7, \u00een afara localit\u0103\u0163ii S\u0103li\u015ftea.","breadcrumb":{"@id":"https:\/\/urbeamea.ro\/albaiulia\/accident-rutier-langa-salistea-coliziune-intre-un-autoturism-si-un-excavator\/#breadcrumb"},"inLanguage":"ro-RO","potentialAction":[{"@type":"ReadAction","target":["https:\/\/urbeamea.ro\/albaiulia\/accident-rutier-langa-salistea-coliziune-intre-un-autoturism-si-un-excavator\/"]}]},{"@type":"ImageObject","inLanguage":"ro-RO","@id":"https:\/\/urbeamea.ro\/albaiulia\/accident-rutier-langa-salistea-coliziune-intre-un-autoturism-si-un-excavator\/#primaryimage","url":"https:\/\/urbeamea.ro\/albaiulia\/wp-content\/uploads\/2016\/11\/politie.jpg","contentUrl":"https:\/\/urbeamea.ro\/albaiulia\/wp-content\/uploads\/2016\/11\/politie.jpg","width":1000,"height":718},{"@type":"BreadcrumbList","@id":"https:\/\/urbeamea.ro\/albaiulia\/accident-rutier-langa-salistea-coliziune-intre-un-autoturism-si-un-excavator\/#breadcrumb","itemListElement":[{"@type":"ListItem","position":1,"name":"Prima pagin\u0103","item":"https:\/\/urbeamea.ro\/albaiulia\/"},{"@type":"ListItem","position":2,"name":"Accident rutier l\u00e2ng\u0103 S\u0103li\u0219tea: Coliziune \u00eentre un autoturism \u0219i un excavator"}]},{"@type":"WebSite","@id":"https:\/\/urbeamea.ro\/albaiulia\/#website","url":"https:\/\/urbeamea.ro\/albaiulia\/","name":"Revista Urbea Mea, Stiri urbane","description":"Evenimente \u0219i \u0219tiri din Alba Iulia, Sebe\u0219, Aiud, Blaj","potentialAction":[{"@type":"SearchAction","target":{"@type":"EntryPoint","urlTemplate":"https:\/\/urbeamea.ro\/albaiulia\/?s={search_term_string}"},"query-input":{"@type":"PropertyValueSpecification","valueRequired":true,"valueName":"search_term_string"}}],"inLanguage":"ro-RO"},{"@type":"Person","@id":"https:\/\/urbeamea.ro\/albaiulia\/#\/schema\/person\/9700d21fae21c4f038b0b56f4506264a","name":"Cristina Ganga","image":{"@type":"ImageObject","inLanguage":"ro-RO","@id":"https:\/\/secure.gravatar.com\/avatar\/5a67661041f057b4a8ccaf26f5a8e86e2689372006d01faf3dd9eeb10b654bb4?s=96&d=mm&r=g","url":"https:\/\/secure.gravatar.com\/avatar\/5a67661041f057b4a8ccaf26f5a8e86e2689372006d01faf3dd9eeb10b654bb4?s=96&d=mm&r=g","contentUrl":"https:\/\/secure.gravatar.com\/avatar\/5a67661041f057b4a8ccaf26f5a8e86e2689372006d01faf3dd9eeb10b654bb4?s=96&d=mm&r=g","caption":"Cristina Ganga"},"description":"Jurnalist","sameAs":["https:\/\/www.facebook.com\/cristina.nicola.587"],"url":"https:\/\/urbeamea.ro\/albaiulia\/author\/cristina-nicola\/"}]}},"_links":{"self":[{"href":"https:\/\/urbeamea.ro\/albaiulia\/wp-json\/wp\/v2\/posts\/36166","targetHints":{"allow":["GET"]}}],"collection":[{"href":"https:\/\/urbeamea.ro\/albaiulia\/wp-json\/wp\/v2\/posts"}],"about":[{"href":"https:\/\/urbeamea.ro\/albaiulia\/wp-json\/wp\/v2\/types\/post"}],"author":[{"embeddable":true,"href":"https:\/\/urbeamea.ro\/albaiulia\/wp-json\/wp\/v2\/users\/17"}],"replies":[{"embeddable":true,"href":"https:\/\/urbeamea.ro\/albaiulia\/wp-json\/wp\/v2\/comments?post=36166"}],"version-history":[{"count":0,"href":"https:\/\/urbeamea.ro\/albaiulia\/wp-json\/wp\/v2\/posts\/36166\/revisions"}],"wp:featuredmedia":[{"embeddable":true,"href":"https:\/\/urbeamea.ro\/albaiulia\/wp-json\/wp\/v2\/media\/35491"}],"wp:attachment":[{"href":"https:\/\/urbeamea.ro\/albaiulia\/wp-json\/wp\/v2\/media?parent=36166"}],"wp:term":[{"taxonomy":"category","embeddable":true,"href":"https:\/\/urbeamea.ro\/albaiulia\/wp-json\/wp\/v2\/categories?post=36166"},{"taxonomy":"post_tag","embeddable":true,"href":"https:\/\/urbeamea.ro\/albaiulia\/wp-json\/wp\/v2\/tags?post=36166"}],"curies":[{"name":"wp","href":"https:\/\/api.w.org\/{rel}","templated":true}]}}