{"id":37128,"date":"2016-12-09T11:54:14","date_gmt":"2016-12-09T09:54:14","guid":{"rendered":"http:\/\/urbeamea.ro\/albaiulia\/?p=37128"},"modified":"2016-12-09T11:58:01","modified_gmt":"2016-12-09T09:58:01","slug":"astazi-intre-doua-lumi-calatorie-muzicala-in-istorie-intr-un-concert-de-exceptie-al-cvartetului-augustin-bena-alba","status":"publish","type":"post","link":"https:\/\/urbeamea.ro\/albaiulia\/astazi-intre-doua-lumi-calatorie-muzicala-in-istorie-intr-un-concert-de-exceptie-al-cvartetului-augustin-bena-alba\/","title":{"rendered":"AST\u0102ZI: \u201e\u00centre dou\u0103 lumi\u201d \u2013 c\u0103l\u0103torie muzical\u0103 \u00een istorie \u00eentr-un concert de excep\u0163ie al cvartetului \u201eAugustin Bena\u201d Alba"},"content":{"rendered":"<p><strong><img loading=\"lazy\" decoding=\"async\" class=\"size-medium wp-image-37130 alignleft\" src=\"http:\/\/urbeamea.ro\/albaiulia\/wp-content\/uploads\/2016\/12\/intre-doua-lumin-cvartet-bena-214x300.jpg\" alt=\"\" width=\"214\" height=\"300\" \/>Iubitorii muzicii clasice sunt invita\u0163i, vineri, la un nou concert de excep\u0163ie al Cvartetului \u201eAugustin Bena\u201d Alba. Evenimentul va avea loc de la ora 19.00 la Teatrul de P\u0103pu\u015fi \u201e Prichindel\u201d din Alba Iulia, iar intrarea va fi liber\u0103.<\/strong><\/p>\n<p><strong><em>\u201e\u00centre dou\u0103 lumi\u201d<\/em><\/strong> aduce \u00een fiecare an \u00een fa\u0163a publicului albaiulian un eveniment \u00een care artele se \u00eembina \u00eentre ele, iar arti\u015fti din diferite domenii au prilejul sa dialogheze folosind frumosul pentru a crea o ambian\u0163\u0103, un spectacol complex \u015fi deosebit. \u00cen acest an, \u00een cadrul celei de-a \u015faptea edi\u0163ii, Cvartetul \u201eAugustin Bena\u201d are pl\u0103cerea de a v\u0103 invita la concert supranumit \u201eO c\u0103l\u0103torie muzical\u0103 prin istorie\u201d.<\/p>\n<p>\u00cen concert se vor reg\u0103si piesele celor mai mari compozitori din anii 1700 p\u00e2n\u0103 \u00een zilele noastre. Dintre ace\u015ftia \u00eei putem aminti pe Antonio Vivaldi, Johann Sebastian Bach, Wolfgang Amadeus Mozart, Luigi Boccherini, Frantz Schubert, Johannes Brahms, George Enesu, Piotr Ilici Ceaikovsky, Astor Piazzolla, Dave Brubeck etc. Va fi o serat\u0103 muzical\u0103 \u00een costume baroc, care \u00ee\u015fi propune s\u0103 creeze atmosfera unei seri la castel unde publicul va avea ocazia sa c\u0103l\u0103toreasc\u0103 muzical \u00een timp de-a lungul a trei secole de crea\u0163ie artistic\u0103. Momentul va fi prezentat intr-un mod inedit de c\u0103tre Ioana Raica \u015fi Robert Gavrila\u015f.<\/p>\n<p>Cvartetul \u201eAugustin Bena\u201d \u00eei are in componen\u0163\u0103 pe Dan Liviu Cernat \u2013 vioara I, M\u0103d\u0103lin Danciu \u2013 vioara a II-a, M\u0103d\u0103lina Gherman Neag \u2013 viol\u0103 \u015fi C\u0103t\u0103lina Craiu \u2013 violoncel.<\/p>\n<p>Eveniment este organizat de Consiliul Jude\u0163ean Alba \u015fi Centrul de Cultura \u201eAugustin Bena\u201d Alba, \u00een parteneriat cu Teatrul de P\u0103pu\u015fi \u201ePrichindel\u201d din Alba Iulia.<\/p>\n","protected":false},"excerpt":{"rendered":"<p>Iubitorii muzicii clasice sunt invita\u0163i, vineri, la un nou concert de excep\u0163ie al Cvartetului \u201eAugustin Bena\u201d Alba. Evenimentul va avea loc de la ora 19.00 la Teatrul de P\u0103pu\u015fi \u201e Prichindel\u201d din Alba Iulia, iar intrarea va fi liber\u0103. \u201e\u00centre dou\u0103 lumi\u201d aduce \u00een fiecare an \u00een fa\u0163a publicului albaiulian un eveniment \u00een care artele &hellip;<\/p>\n","protected":false},"author":17,"featured_media":37130,"comment_status":"open","ping_status":"open","sticky":false,"template":"","format":"standard","meta":{"inline_featured_image":false,"footnotes":""},"categories":[2038],"tags":[31,614,8973,4999,308,909,76,4129,8974,3741],"class_list":["post-37128","post","type-post","status-publish","format-standard","has-post-thumbnail","hentry","category-cultura","tag-alba-iulia","tag-concert","tag-cvartetul-augustin-bena-alba","tag-muzica-clasica","tag-stiri","tag-teatrul-de-papusi-prichindel","tag-urbea-mea","tag-vioara","tag-viola","tag-violoncel"],"yoast_head":"<!-- This site is optimized with the Yoast SEO plugin v28.3 - https:\/\/yoast.com\/product\/yoast-seo-wordpress\/ -->\n<title>AST\u0102ZI: \u201e\u00centre dou\u0103 lumi\u201d \u2013 c\u0103l\u0103torie muzical\u0103 \u00een istorie \u00eentr-un concert de excep\u0163ie al cvartetului \u201eAugustin Bena\u201d Alba - Revista Urbea Mea - Revista de Alba<\/title>\n<meta name=\"description\" content=\"Iubitorii muzicii clasice sunt invita\u0163i, vineri, la un nou concert de excep\u0163ie al Cvartetului \u201eAugustin Bena\u201d Alba. Evenimentul va avea loc de la ora\" \/>\n<meta name=\"robots\" content=\"index, follow, max-snippet:-1, max-image-preview:large, max-video-preview:-1\" \/>\n<link rel=\"canonical\" href=\"https:\/\/urbeamea.ro\/albaiulia\/astazi-intre-doua-lumi-calatorie-muzicala-in-istorie-intr-un-concert-de-exceptie-al-cvartetului-augustin-bena-alba\/\" \/>\n<meta name=\"twitter:card\" content=\"summary_large_image\" \/>\n<meta name=\"twitter:title\" content=\"AST\u0102ZI: \u201e\u00centre dou\u0103 lumi\u201d \u2013 c\u0103l\u0103torie muzical\u0103 \u00een istorie \u00eentr-un concert de excep\u0163ie al cvartetului \u201eAugustin Bena\u201d Alba - Revista Urbea Mea - Revista de Alba\" \/>\n<meta name=\"twitter:description\" content=\"Iubitorii muzicii clasice sunt invita\u0163i, vineri, la un nou concert de excep\u0163ie al Cvartetului \u201eAugustin Bena\u201d Alba. Evenimentul va avea loc de la ora\" \/>\n<meta name=\"twitter:image\" content=\"https:\/\/urbeamea.ro\/albaiulia\/wp-content\/uploads\/2016\/12\/intre-doua-lumin-cvartet-bena.jpg\" \/>\n<meta name=\"twitter:creator\" content=\"@urbeameaweb\" \/>\n<meta name=\"twitter:site\" content=\"@urbeameaweb\" \/>\n<script type=\"application\/ld+json\" class=\"yoast-schema-graph\">{\"@context\":\"https:\\\/\\\/schema.org\",\"@graph\":[{\"@type\":\"Article\",\"@id\":\"https:\\\/\\\/urbeamea.ro\\\/albaiulia\\\/astazi-intre-doua-lumi-calatorie-muzicala-in-istorie-intr-un-concert-de-exceptie-al-cvartetului-augustin-bena-alba\\\/#article\",\"isPartOf\":{\"@id\":\"https:\\\/\\\/urbeamea.ro\\\/albaiulia\\\/astazi-intre-doua-lumi-calatorie-muzicala-in-istorie-intr-un-concert-de-exceptie-al-cvartetului-augustin-bena-alba\\\/\"},\"author\":{\"name\":\"Cristina Ganga\",\"@id\":\"https:\\\/\\\/urbeamea.ro\\\/albaiulia\\\/#\\\/schema\\\/person\\\/9700d21fae21c4f038b0b56f4506264a\"},\"headline\":\"AST\u0102ZI: \u201e\u00centre dou\u0103 lumi\u201d \u2013 c\u0103l\u0103torie muzical\u0103 \u00een istorie \u00eentr-un concert de excep\u0163ie al cvartetului \u201eAugustin Bena\u201d Alba\",\"datePublished\":\"2016-12-09T09:54:14+00:00\",\"dateModified\":\"2016-12-09T09:58:01+00:00\",\"mainEntityOfPage\":{\"@id\":\"https:\\\/\\\/urbeamea.ro\\\/albaiulia\\\/astazi-intre-doua-lumi-calatorie-muzicala-in-istorie-intr-un-concert-de-exceptie-al-cvartetului-augustin-bena-alba\\\/\"},\"wordCount\":297,\"commentCount\":0,\"image\":{\"@id\":\"https:\\\/\\\/urbeamea.ro\\\/albaiulia\\\/astazi-intre-doua-lumi-calatorie-muzicala-in-istorie-intr-un-concert-de-exceptie-al-cvartetului-augustin-bena-alba\\\/#primaryimage\"},\"thumbnailUrl\":\"https:\\\/\\\/urbeamea.ro\\\/albaiulia\\\/wp-content\\\/uploads\\\/2016\\\/12\\\/intre-doua-lumin-cvartet-bena.jpg\",\"keywords\":[\"Alba Iulia\",\"concert\",\"cvartetul augustin bena alba\",\"muzica clasica\",\"stiri\",\"Teatrul de p\u0103pu\u0219i \u201ePrichindel\u201d\",\"Urbea Mea\",\"vioara\",\"viola\",\"violoncel\"],\"articleSection\":[\"Cultur\u0103\"],\"inLanguage\":\"ro-RO\",\"potentialAction\":[{\"@type\":\"CommentAction\",\"name\":\"Comment\",\"target\":[\"https:\\\/\\\/urbeamea.ro\\\/albaiulia\\\/astazi-intre-doua-lumi-calatorie-muzicala-in-istorie-intr-un-concert-de-exceptie-al-cvartetului-augustin-bena-alba\\\/#respond\"]}]},{\"@type\":\"WebPage\",\"@id\":\"https:\\\/\\\/urbeamea.ro\\\/albaiulia\\\/astazi-intre-doua-lumi-calatorie-muzicala-in-istorie-intr-un-concert-de-exceptie-al-cvartetului-augustin-bena-alba\\\/\",\"url\":\"https:\\\/\\\/urbeamea.ro\\\/albaiulia\\\/astazi-intre-doua-lumi-calatorie-muzicala-in-istorie-intr-un-concert-de-exceptie-al-cvartetului-augustin-bena-alba\\\/\",\"name\":\"AST\u0102ZI: \u201e\u00centre dou\u0103 lumi\u201d \u2013 c\u0103l\u0103torie muzical\u0103 \u00een istorie \u00eentr-un concert de excep\u0163ie al cvartetului \u201eAugustin Bena\u201d Alba - Revista Urbea Mea - Revista de Alba\",\"isPartOf\":{\"@id\":\"https:\\\/\\\/urbeamea.ro\\\/albaiulia\\\/#website\"},\"primaryImageOfPage\":{\"@id\":\"https:\\\/\\\/urbeamea.ro\\\/albaiulia\\\/astazi-intre-doua-lumi-calatorie-muzicala-in-istorie-intr-un-concert-de-exceptie-al-cvartetului-augustin-bena-alba\\\/#primaryimage\"},\"image\":{\"@id\":\"https:\\\/\\\/urbeamea.ro\\\/albaiulia\\\/astazi-intre-doua-lumi-calatorie-muzicala-in-istorie-intr-un-concert-de-exceptie-al-cvartetului-augustin-bena-alba\\\/#primaryimage\"},\"thumbnailUrl\":\"https:\\\/\\\/urbeamea.ro\\\/albaiulia\\\/wp-content\\\/uploads\\\/2016\\\/12\\\/intre-doua-lumin-cvartet-bena.jpg\",\"datePublished\":\"2016-12-09T09:54:14+00:00\",\"dateModified\":\"2016-12-09T09:58:01+00:00\",\"author\":{\"@id\":\"https:\\\/\\\/urbeamea.ro\\\/albaiulia\\\/#\\\/schema\\\/person\\\/9700d21fae21c4f038b0b56f4506264a\"},\"description\":\"Iubitorii muzicii clasice sunt invita\u0163i, vineri, la un nou concert de excep\u0163ie al Cvartetului \u201eAugustin Bena\u201d Alba. Evenimentul va avea loc de la ora\",\"breadcrumb\":{\"@id\":\"https:\\\/\\\/urbeamea.ro\\\/albaiulia\\\/astazi-intre-doua-lumi-calatorie-muzicala-in-istorie-intr-un-concert-de-exceptie-al-cvartetului-augustin-bena-alba\\\/#breadcrumb\"},\"inLanguage\":\"ro-RO\",\"potentialAction\":[{\"@type\":\"ReadAction\",\"target\":[\"https:\\\/\\\/urbeamea.ro\\\/albaiulia\\\/astazi-intre-doua-lumi-calatorie-muzicala-in-istorie-intr-un-concert-de-exceptie-al-cvartetului-augustin-bena-alba\\\/\"]}]},{\"@type\":\"ImageObject\",\"inLanguage\":\"ro-RO\",\"@id\":\"https:\\\/\\\/urbeamea.ro\\\/albaiulia\\\/astazi-intre-doua-lumi-calatorie-muzicala-in-istorie-intr-un-concert-de-exceptie-al-cvartetului-augustin-bena-alba\\\/#primaryimage\",\"url\":\"https:\\\/\\\/urbeamea.ro\\\/albaiulia\\\/wp-content\\\/uploads\\\/2016\\\/12\\\/intre-doua-lumin-cvartet-bena.jpg\",\"contentUrl\":\"https:\\\/\\\/urbeamea.ro\\\/albaiulia\\\/wp-content\\\/uploads\\\/2016\\\/12\\\/intre-doua-lumin-cvartet-bena.jpg\",\"width\":570,\"height\":800},{\"@type\":\"BreadcrumbList\",\"@id\":\"https:\\\/\\\/urbeamea.ro\\\/albaiulia\\\/astazi-intre-doua-lumi-calatorie-muzicala-in-istorie-intr-un-concert-de-exceptie-al-cvartetului-augustin-bena-alba\\\/#breadcrumb\",\"itemListElement\":[{\"@type\":\"ListItem\",\"position\":1,\"name\":\"Prima pagin\u0103\",\"item\":\"https:\\\/\\\/urbeamea.ro\\\/albaiulia\\\/\"},{\"@type\":\"ListItem\",\"position\":2,\"name\":\"AST\u0102ZI: \u201e\u00centre dou\u0103 lumi\u201d \u2013 c\u0103l\u0103torie muzical\u0103 \u00een istorie \u00eentr-un concert de excep\u0163ie al cvartetului \u201eAugustin Bena\u201d Alba\"}]},{\"@type\":\"WebSite\",\"@id\":\"https:\\\/\\\/urbeamea.ro\\\/albaiulia\\\/#website\",\"url\":\"https:\\\/\\\/urbeamea.ro\\\/albaiulia\\\/\",\"name\":\"Revista Urbea Mea, Stiri urbane\",\"description\":\"Evenimente \u0219i \u0219tiri din Alba Iulia, Sebe\u0219, Aiud, Blaj\",\"potentialAction\":[{\"@type\":\"SearchAction\",\"target\":{\"@type\":\"EntryPoint\",\"urlTemplate\":\"https:\\\/\\\/urbeamea.ro\\\/albaiulia\\\/?s={search_term_string}\"},\"query-input\":{\"@type\":\"PropertyValueSpecification\",\"valueRequired\":true,\"valueName\":\"search_term_string\"}}],\"inLanguage\":\"ro-RO\"},{\"@type\":\"Person\",\"@id\":\"https:\\\/\\\/urbeamea.ro\\\/albaiulia\\\/#\\\/schema\\\/person\\\/9700d21fae21c4f038b0b56f4506264a\",\"name\":\"Cristina Ganga\",\"image\":{\"@type\":\"ImageObject\",\"inLanguage\":\"ro-RO\",\"@id\":\"https:\\\/\\\/secure.gravatar.com\\\/avatar\\\/5a67661041f057b4a8ccaf26f5a8e86e2689372006d01faf3dd9eeb10b654bb4?s=96&d=mm&r=g\",\"url\":\"https:\\\/\\\/secure.gravatar.com\\\/avatar\\\/5a67661041f057b4a8ccaf26f5a8e86e2689372006d01faf3dd9eeb10b654bb4?s=96&d=mm&r=g\",\"contentUrl\":\"https:\\\/\\\/secure.gravatar.com\\\/avatar\\\/5a67661041f057b4a8ccaf26f5a8e86e2689372006d01faf3dd9eeb10b654bb4?s=96&d=mm&r=g\",\"caption\":\"Cristina Ganga\"},\"description\":\"Jurnalist\",\"sameAs\":[\"https:\\\/\\\/www.facebook.com\\\/cristina.nicola.587\"],\"url\":\"https:\\\/\\\/urbeamea.ro\\\/albaiulia\\\/author\\\/cristina-nicola\\\/\"}]}<\/script>\n<!-- \/ Yoast SEO plugin. -->","yoast_head_json":{"title":"AST\u0102ZI: \u201e\u00centre dou\u0103 lumi\u201d \u2013 c\u0103l\u0103torie muzical\u0103 \u00een istorie \u00eentr-un concert de excep\u0163ie al cvartetului \u201eAugustin Bena\u201d Alba - Revista Urbea Mea - Revista de Alba","description":"Iubitorii muzicii clasice sunt invita\u0163i, vineri, la un nou concert de excep\u0163ie al Cvartetului \u201eAugustin Bena\u201d Alba. Evenimentul va avea loc de la ora","robots":{"index":"index","follow":"follow","max-snippet":"max-snippet:-1","max-image-preview":"max-image-preview:large","max-video-preview":"max-video-preview:-1"},"canonical":"https:\/\/urbeamea.ro\/albaiulia\/astazi-intre-doua-lumi-calatorie-muzicala-in-istorie-intr-un-concert-de-exceptie-al-cvartetului-augustin-bena-alba\/","twitter_card":"summary_large_image","twitter_title":"AST\u0102ZI: \u201e\u00centre dou\u0103 lumi\u201d \u2013 c\u0103l\u0103torie muzical\u0103 \u00een istorie \u00eentr-un concert de excep\u0163ie al cvartetului \u201eAugustin Bena\u201d Alba - Revista Urbea Mea - Revista de Alba","twitter_description":"Iubitorii muzicii clasice sunt invita\u0163i, vineri, la un nou concert de excep\u0163ie al Cvartetului \u201eAugustin Bena\u201d Alba. Evenimentul va avea loc de la ora","twitter_image":"https:\/\/urbeamea.ro\/albaiulia\/wp-content\/uploads\/2016\/12\/intre-doua-lumin-cvartet-bena.jpg","twitter_creator":"@urbeameaweb","twitter_site":"@urbeameaweb","schema":{"@context":"https:\/\/schema.org","@graph":[{"@type":"Article","@id":"https:\/\/urbeamea.ro\/albaiulia\/astazi-intre-doua-lumi-calatorie-muzicala-in-istorie-intr-un-concert-de-exceptie-al-cvartetului-augustin-bena-alba\/#article","isPartOf":{"@id":"https:\/\/urbeamea.ro\/albaiulia\/astazi-intre-doua-lumi-calatorie-muzicala-in-istorie-intr-un-concert-de-exceptie-al-cvartetului-augustin-bena-alba\/"},"author":{"name":"Cristina Ganga","@id":"https:\/\/urbeamea.ro\/albaiulia\/#\/schema\/person\/9700d21fae21c4f038b0b56f4506264a"},"headline":"AST\u0102ZI: \u201e\u00centre dou\u0103 lumi\u201d \u2013 c\u0103l\u0103torie muzical\u0103 \u00een istorie \u00eentr-un concert de excep\u0163ie al cvartetului \u201eAugustin Bena\u201d Alba","datePublished":"2016-12-09T09:54:14+00:00","dateModified":"2016-12-09T09:58:01+00:00","mainEntityOfPage":{"@id":"https:\/\/urbeamea.ro\/albaiulia\/astazi-intre-doua-lumi-calatorie-muzicala-in-istorie-intr-un-concert-de-exceptie-al-cvartetului-augustin-bena-alba\/"},"wordCount":297,"commentCount":0,"image":{"@id":"https:\/\/urbeamea.ro\/albaiulia\/astazi-intre-doua-lumi-calatorie-muzicala-in-istorie-intr-un-concert-de-exceptie-al-cvartetului-augustin-bena-alba\/#primaryimage"},"thumbnailUrl":"https:\/\/urbeamea.ro\/albaiulia\/wp-content\/uploads\/2016\/12\/intre-doua-lumin-cvartet-bena.jpg","keywords":["Alba Iulia","concert","cvartetul augustin bena alba","muzica clasica","stiri","Teatrul de p\u0103pu\u0219i \u201ePrichindel\u201d","Urbea Mea","vioara","viola","violoncel"],"articleSection":["Cultur\u0103"],"inLanguage":"ro-RO","potentialAction":[{"@type":"CommentAction","name":"Comment","target":["https:\/\/urbeamea.ro\/albaiulia\/astazi-intre-doua-lumi-calatorie-muzicala-in-istorie-intr-un-concert-de-exceptie-al-cvartetului-augustin-bena-alba\/#respond"]}]},{"@type":"WebPage","@id":"https:\/\/urbeamea.ro\/albaiulia\/astazi-intre-doua-lumi-calatorie-muzicala-in-istorie-intr-un-concert-de-exceptie-al-cvartetului-augustin-bena-alba\/","url":"https:\/\/urbeamea.ro\/albaiulia\/astazi-intre-doua-lumi-calatorie-muzicala-in-istorie-intr-un-concert-de-exceptie-al-cvartetului-augustin-bena-alba\/","name":"AST\u0102ZI: \u201e\u00centre dou\u0103 lumi\u201d \u2013 c\u0103l\u0103torie muzical\u0103 \u00een istorie \u00eentr-un concert de excep\u0163ie al cvartetului \u201eAugustin Bena\u201d Alba - Revista Urbea Mea - Revista de Alba","isPartOf":{"@id":"https:\/\/urbeamea.ro\/albaiulia\/#website"},"primaryImageOfPage":{"@id":"https:\/\/urbeamea.ro\/albaiulia\/astazi-intre-doua-lumi-calatorie-muzicala-in-istorie-intr-un-concert-de-exceptie-al-cvartetului-augustin-bena-alba\/#primaryimage"},"image":{"@id":"https:\/\/urbeamea.ro\/albaiulia\/astazi-intre-doua-lumi-calatorie-muzicala-in-istorie-intr-un-concert-de-exceptie-al-cvartetului-augustin-bena-alba\/#primaryimage"},"thumbnailUrl":"https:\/\/urbeamea.ro\/albaiulia\/wp-content\/uploads\/2016\/12\/intre-doua-lumin-cvartet-bena.jpg","datePublished":"2016-12-09T09:54:14+00:00","dateModified":"2016-12-09T09:58:01+00:00","author":{"@id":"https:\/\/urbeamea.ro\/albaiulia\/#\/schema\/person\/9700d21fae21c4f038b0b56f4506264a"},"description":"Iubitorii muzicii clasice sunt invita\u0163i, vineri, la un nou concert de excep\u0163ie al Cvartetului \u201eAugustin Bena\u201d Alba. Evenimentul va avea loc de la ora","breadcrumb":{"@id":"https:\/\/urbeamea.ro\/albaiulia\/astazi-intre-doua-lumi-calatorie-muzicala-in-istorie-intr-un-concert-de-exceptie-al-cvartetului-augustin-bena-alba\/#breadcrumb"},"inLanguage":"ro-RO","potentialAction":[{"@type":"ReadAction","target":["https:\/\/urbeamea.ro\/albaiulia\/astazi-intre-doua-lumi-calatorie-muzicala-in-istorie-intr-un-concert-de-exceptie-al-cvartetului-augustin-bena-alba\/"]}]},{"@type":"ImageObject","inLanguage":"ro-RO","@id":"https:\/\/urbeamea.ro\/albaiulia\/astazi-intre-doua-lumi-calatorie-muzicala-in-istorie-intr-un-concert-de-exceptie-al-cvartetului-augustin-bena-alba\/#primaryimage","url":"https:\/\/urbeamea.ro\/albaiulia\/wp-content\/uploads\/2016\/12\/intre-doua-lumin-cvartet-bena.jpg","contentUrl":"https:\/\/urbeamea.ro\/albaiulia\/wp-content\/uploads\/2016\/12\/intre-doua-lumin-cvartet-bena.jpg","width":570,"height":800},{"@type":"BreadcrumbList","@id":"https:\/\/urbeamea.ro\/albaiulia\/astazi-intre-doua-lumi-calatorie-muzicala-in-istorie-intr-un-concert-de-exceptie-al-cvartetului-augustin-bena-alba\/#breadcrumb","itemListElement":[{"@type":"ListItem","position":1,"name":"Prima pagin\u0103","item":"https:\/\/urbeamea.ro\/albaiulia\/"},{"@type":"ListItem","position":2,"name":"AST\u0102ZI: \u201e\u00centre dou\u0103 lumi\u201d \u2013 c\u0103l\u0103torie muzical\u0103 \u00een istorie \u00eentr-un concert de excep\u0163ie al cvartetului \u201eAugustin Bena\u201d Alba"}]},{"@type":"WebSite","@id":"https:\/\/urbeamea.ro\/albaiulia\/#website","url":"https:\/\/urbeamea.ro\/albaiulia\/","name":"Revista Urbea Mea, Stiri urbane","description":"Evenimente \u0219i \u0219tiri din Alba Iulia, Sebe\u0219, Aiud, Blaj","potentialAction":[{"@type":"SearchAction","target":{"@type":"EntryPoint","urlTemplate":"https:\/\/urbeamea.ro\/albaiulia\/?s={search_term_string}"},"query-input":{"@type":"PropertyValueSpecification","valueRequired":true,"valueName":"search_term_string"}}],"inLanguage":"ro-RO"},{"@type":"Person","@id":"https:\/\/urbeamea.ro\/albaiulia\/#\/schema\/person\/9700d21fae21c4f038b0b56f4506264a","name":"Cristina Ganga","image":{"@type":"ImageObject","inLanguage":"ro-RO","@id":"https:\/\/secure.gravatar.com\/avatar\/5a67661041f057b4a8ccaf26f5a8e86e2689372006d01faf3dd9eeb10b654bb4?s=96&d=mm&r=g","url":"https:\/\/secure.gravatar.com\/avatar\/5a67661041f057b4a8ccaf26f5a8e86e2689372006d01faf3dd9eeb10b654bb4?s=96&d=mm&r=g","contentUrl":"https:\/\/secure.gravatar.com\/avatar\/5a67661041f057b4a8ccaf26f5a8e86e2689372006d01faf3dd9eeb10b654bb4?s=96&d=mm&r=g","caption":"Cristina Ganga"},"description":"Jurnalist","sameAs":["https:\/\/www.facebook.com\/cristina.nicola.587"],"url":"https:\/\/urbeamea.ro\/albaiulia\/author\/cristina-nicola\/"}]}},"_links":{"self":[{"href":"https:\/\/urbeamea.ro\/albaiulia\/wp-json\/wp\/v2\/posts\/37128","targetHints":{"allow":["GET"]}}],"collection":[{"href":"https:\/\/urbeamea.ro\/albaiulia\/wp-json\/wp\/v2\/posts"}],"about":[{"href":"https:\/\/urbeamea.ro\/albaiulia\/wp-json\/wp\/v2\/types\/post"}],"author":[{"embeddable":true,"href":"https:\/\/urbeamea.ro\/albaiulia\/wp-json\/wp\/v2\/users\/17"}],"replies":[{"embeddable":true,"href":"https:\/\/urbeamea.ro\/albaiulia\/wp-json\/wp\/v2\/comments?post=37128"}],"version-history":[{"count":0,"href":"https:\/\/urbeamea.ro\/albaiulia\/wp-json\/wp\/v2\/posts\/37128\/revisions"}],"wp:featuredmedia":[{"embeddable":true,"href":"https:\/\/urbeamea.ro\/albaiulia\/wp-json\/wp\/v2\/media\/37130"}],"wp:attachment":[{"href":"https:\/\/urbeamea.ro\/albaiulia\/wp-json\/wp\/v2\/media?parent=37128"}],"wp:term":[{"taxonomy":"category","embeddable":true,"href":"https:\/\/urbeamea.ro\/albaiulia\/wp-json\/wp\/v2\/categories?post=37128"},{"taxonomy":"post_tag","embeddable":true,"href":"https:\/\/urbeamea.ro\/albaiulia\/wp-json\/wp\/v2\/tags?post=37128"}],"curies":[{"name":"wp","href":"https:\/\/api.w.org\/{rel}","templated":true}]}}