{"id":37140,"date":"2016-12-09T12:30:28","date_gmt":"2016-12-09T10:30:28","guid":{"rendered":"http:\/\/urbeamea.ro\/albaiulia\/?p=37140"},"modified":"2016-12-09T12:30:28","modified_gmt":"2016-12-09T10:30:28","slug":"accident-rutier-la-sebes-cu-alcool-la-bord-a-lovit-doua-autoturisme-parcate-pe-marginea-carosabilului","status":"publish","type":"post","link":"https:\/\/urbeamea.ro\/albaiulia\/accident-rutier-la-sebes-cu-alcool-la-bord-a-lovit-doua-autoturisme-parcate-pe-marginea-carosabilului\/","title":{"rendered":"Accident rutier la Sebe\u015f: Cu alcool la &#8222;bord&#8221;, a lovit dou\u0103 autoturisme parcate pe marginea carosabilului"},"content":{"rendered":"<p><strong><img loading=\"lazy\" decoding=\"async\" class=\"size-medium wp-image-35915 alignleft\" src=\"http:\/\/urbeamea.ro\/albaiulia\/wp-content\/uploads\/2016\/11\/radar-politie-1-300x168.jpg\" alt=\"\" width=\"300\" height=\"168\" srcset=\"https:\/\/urbeamea.ro\/albaiulia\/wp-content\/uploads\/2016\/11\/radar-politie-1-300x168.jpg 300w, https:\/\/urbeamea.ro\/albaiulia\/wp-content\/uploads\/2016\/11\/radar-politie-1-150x84.jpg 150w, https:\/\/urbeamea.ro\/albaiulia\/wp-content\/uploads\/2016\/11\/radar-politie-1.jpg 620w\" sizes=\"auto, (max-width: 300px) 100vw, 300px\" \/>Un b\u0103rbat \u00een v\u00e2rst\u0103 de 54 de ani din Alba Iulia este cercetat penal dup\u0103 ce a produs accident. Cu alcool la &#8222;bord&#8221;, acesta a lovit dou\u0103 autoturisme parcate pe marginea carosabilului, pe strada Dorin Pavel din Sebe\u015f.<\/strong><\/p>\n<p>Potrivit IPJ Alba, poli\u0163i\u015ftii rutieri din Sebe\u015f au intervenit joi, 8 decembrie, \u00een jurul orei 22.25, pentru solu\u0163ionarea accidentului. Un b\u0103rbat de 54 de ani, din Alba Iulia, \u00een timp ce conducea un autoturism, nu a p\u0103strat o distan\u0163\u0103 lateral\u0103 suficient\u0103 fata de dou\u0103 autoturisme ce erau parcate pe marginea carosabilului, intr\u00e2nd \u00een coliziune cu acestea.<\/p>\n<p>Din accident au rezultat doar pagube materiale \u00eens\u0103, \u00een urma test\u0103rii cu aparatul etilotest a \u015foferului vinovat de producerea accidentului, poli\u0163i\u015ftii au constatat c\u0103 era sub influen\u0163a alcoolului, valoarea rezultat\u0103 fiind de <strong>0,98 mg\/l alcool pur<\/strong> \u00een aerul expirat.<\/p>\n<p>P.I. a fost condus la spitalul din Sebe\u015f unde i-au fost recoltate mostre de s\u00e2nge, \u00een vederea stabilirii alcoolemiei, iar pe numele s\u0103u a fost \u00eentocmit dosar penal \u00een care este cercetat sub aspectul comiterii infrac\u021biunii de conducere sub influen\u0163a alcoolului.<\/p>\n","protected":false},"excerpt":{"rendered":"<p>Un b\u0103rbat \u00een v\u00e2rst\u0103 de 54 de ani din Alba Iulia este cercetat penal dup\u0103 ce a produs accident. Cu alcool la &#8222;bord&#8221;, acesta a lovit dou\u0103 autoturisme parcate pe marginea carosabilului, pe strada Dorin Pavel din Sebe\u015f. Potrivit IPJ Alba, poli\u0163i\u015ftii rutieri din Sebe\u015f au intervenit joi, 8 decembrie, \u00een jurul orei 22.25, pentru &hellip;<\/p>\n","protected":false},"author":17,"featured_media":35915,"comment_status":"open","ping_status":"open","sticky":false,"template":"","format":"standard","meta":{"inline_featured_image":false,"footnotes":""},"categories":[2034],"tags":[8978,307,1364,5095,3089,955,1223,308,76],"class_list":["post-37140","post","type-post","status-publish","format-standard","has-post-thumbnail","hentry","category-social","tag-acciier-rutdent","tag-alba","tag-alcool","tag-baut","tag-cercetat-penal","tag-masini","tag-sebes","tag-stiri","tag-urbea-mea"],"yoast_head":"<!-- This site is optimized with the Yoast SEO plugin v27.4 - https:\/\/yoast.com\/product\/yoast-seo-wordpress\/ -->\n<title>Accident rutier la Sebe\u015f: Cu alcool la &quot;bord&quot;, a lovit dou\u0103 autoturisme parcate pe marginea carosabilului - Revista Urbea Mea - Revista de Alba<\/title>\n<meta name=\"description\" content=\"Un b\u0103rbat \u00een v\u00e2rst\u0103 de 54 de ani din Alba Iulia este cercetat penal dup\u0103 ce a produs accident. Cu alcool la &quot;bord&quot;, acesta a lovit dou\u0103 autoturisme\" \/>\n<meta name=\"robots\" content=\"index, follow, max-snippet:-1, max-image-preview:large, max-video-preview:-1\" \/>\n<link rel=\"canonical\" href=\"https:\/\/urbeamea.ro\/albaiulia\/accident-rutier-la-sebes-cu-alcool-la-bord-a-lovit-doua-autoturisme-parcate-pe-marginea-carosabilului\/\" \/>\n<meta name=\"twitter:card\" content=\"summary_large_image\" \/>\n<meta name=\"twitter:title\" content=\"Accident rutier la Sebe\u015f: Cu alcool la &quot;bord&quot;, a lovit dou\u0103 autoturisme parcate pe marginea carosabilului - Revista Urbea Mea - Revista de Alba\" \/>\n<meta name=\"twitter:description\" content=\"Un b\u0103rbat \u00een v\u00e2rst\u0103 de 54 de ani din Alba Iulia este cercetat penal dup\u0103 ce a produs accident. Cu alcool la &quot;bord&quot;, acesta a lovit dou\u0103 autoturisme\" \/>\n<meta name=\"twitter:image\" content=\"https:\/\/urbeamea.ro\/albaiulia\/wp-content\/uploads\/2016\/11\/radar-politie-1.jpg\" \/>\n<meta name=\"twitter:creator\" content=\"@urbeameaweb\" \/>\n<meta name=\"twitter:site\" content=\"@urbeameaweb\" \/>\n<script type=\"application\/ld+json\" class=\"yoast-schema-graph\">{\"@context\":\"https:\\\/\\\/schema.org\",\"@graph\":[{\"@type\":\"Article\",\"@id\":\"https:\\\/\\\/urbeamea.ro\\\/albaiulia\\\/accident-rutier-la-sebes-cu-alcool-la-bord-a-lovit-doua-autoturisme-parcate-pe-marginea-carosabilului\\\/#article\",\"isPartOf\":{\"@id\":\"https:\\\/\\\/urbeamea.ro\\\/albaiulia\\\/accident-rutier-la-sebes-cu-alcool-la-bord-a-lovit-doua-autoturisme-parcate-pe-marginea-carosabilului\\\/\"},\"author\":{\"name\":\"Cristina Ganga\",\"@id\":\"https:\\\/\\\/urbeamea.ro\\\/albaiulia\\\/#\\\/schema\\\/person\\\/9700d21fae21c4f038b0b56f4506264a\"},\"headline\":\"Accident rutier la Sebe\u015f: Cu alcool la &#8222;bord&#8221;, a lovit dou\u0103 autoturisme parcate pe marginea carosabilului\",\"datePublished\":\"2016-12-09T10:30:28+00:00\",\"mainEntityOfPage\":{\"@id\":\"https:\\\/\\\/urbeamea.ro\\\/albaiulia\\\/accident-rutier-la-sebes-cu-alcool-la-bord-a-lovit-doua-autoturisme-parcate-pe-marginea-carosabilului\\\/\"},\"wordCount\":203,\"commentCount\":0,\"image\":{\"@id\":\"https:\\\/\\\/urbeamea.ro\\\/albaiulia\\\/accident-rutier-la-sebes-cu-alcool-la-bord-a-lovit-doua-autoturisme-parcate-pe-marginea-carosabilului\\\/#primaryimage\"},\"thumbnailUrl\":\"https:\\\/\\\/urbeamea.ro\\\/albaiulia\\\/wp-content\\\/uploads\\\/2016\\\/11\\\/radar-politie-1.jpg\",\"keywords\":[\"acciier rutdent\",\"alba\",\"alcool\",\"baut\",\"cercetat penal\",\"masini\",\"sebes\",\"stiri\",\"Urbea Mea\"],\"articleSection\":[\"Social\"],\"inLanguage\":\"ro-RO\",\"potentialAction\":[{\"@type\":\"CommentAction\",\"name\":\"Comment\",\"target\":[\"https:\\\/\\\/urbeamea.ro\\\/albaiulia\\\/accident-rutier-la-sebes-cu-alcool-la-bord-a-lovit-doua-autoturisme-parcate-pe-marginea-carosabilului\\\/#respond\"]}]},{\"@type\":\"WebPage\",\"@id\":\"https:\\\/\\\/urbeamea.ro\\\/albaiulia\\\/accident-rutier-la-sebes-cu-alcool-la-bord-a-lovit-doua-autoturisme-parcate-pe-marginea-carosabilului\\\/\",\"url\":\"https:\\\/\\\/urbeamea.ro\\\/albaiulia\\\/accident-rutier-la-sebes-cu-alcool-la-bord-a-lovit-doua-autoturisme-parcate-pe-marginea-carosabilului\\\/\",\"name\":\"Accident rutier la Sebe\u015f: Cu alcool la \\\"bord\\\", a lovit dou\u0103 autoturisme parcate pe marginea carosabilului - Revista Urbea Mea - Revista de Alba\",\"isPartOf\":{\"@id\":\"https:\\\/\\\/urbeamea.ro\\\/albaiulia\\\/#website\"},\"primaryImageOfPage\":{\"@id\":\"https:\\\/\\\/urbeamea.ro\\\/albaiulia\\\/accident-rutier-la-sebes-cu-alcool-la-bord-a-lovit-doua-autoturisme-parcate-pe-marginea-carosabilului\\\/#primaryimage\"},\"image\":{\"@id\":\"https:\\\/\\\/urbeamea.ro\\\/albaiulia\\\/accident-rutier-la-sebes-cu-alcool-la-bord-a-lovit-doua-autoturisme-parcate-pe-marginea-carosabilului\\\/#primaryimage\"},\"thumbnailUrl\":\"https:\\\/\\\/urbeamea.ro\\\/albaiulia\\\/wp-content\\\/uploads\\\/2016\\\/11\\\/radar-politie-1.jpg\",\"datePublished\":\"2016-12-09T10:30:28+00:00\",\"author\":{\"@id\":\"https:\\\/\\\/urbeamea.ro\\\/albaiulia\\\/#\\\/schema\\\/person\\\/9700d21fae21c4f038b0b56f4506264a\"},\"description\":\"Un b\u0103rbat \u00een v\u00e2rst\u0103 de 54 de ani din Alba Iulia este cercetat penal dup\u0103 ce a produs accident. Cu alcool la \\\"bord\\\", acesta a lovit dou\u0103 autoturisme\",\"breadcrumb\":{\"@id\":\"https:\\\/\\\/urbeamea.ro\\\/albaiulia\\\/accident-rutier-la-sebes-cu-alcool-la-bord-a-lovit-doua-autoturisme-parcate-pe-marginea-carosabilului\\\/#breadcrumb\"},\"inLanguage\":\"ro-RO\",\"potentialAction\":[{\"@type\":\"ReadAction\",\"target\":[\"https:\\\/\\\/urbeamea.ro\\\/albaiulia\\\/accident-rutier-la-sebes-cu-alcool-la-bord-a-lovit-doua-autoturisme-parcate-pe-marginea-carosabilului\\\/\"]}]},{\"@type\":\"ImageObject\",\"inLanguage\":\"ro-RO\",\"@id\":\"https:\\\/\\\/urbeamea.ro\\\/albaiulia\\\/accident-rutier-la-sebes-cu-alcool-la-bord-a-lovit-doua-autoturisme-parcate-pe-marginea-carosabilului\\\/#primaryimage\",\"url\":\"https:\\\/\\\/urbeamea.ro\\\/albaiulia\\\/wp-content\\\/uploads\\\/2016\\\/11\\\/radar-politie-1.jpg\",\"contentUrl\":\"https:\\\/\\\/urbeamea.ro\\\/albaiulia\\\/wp-content\\\/uploads\\\/2016\\\/11\\\/radar-politie-1.jpg\",\"width\":620,\"height\":348},{\"@type\":\"BreadcrumbList\",\"@id\":\"https:\\\/\\\/urbeamea.ro\\\/albaiulia\\\/accident-rutier-la-sebes-cu-alcool-la-bord-a-lovit-doua-autoturisme-parcate-pe-marginea-carosabilului\\\/#breadcrumb\",\"itemListElement\":[{\"@type\":\"ListItem\",\"position\":1,\"name\":\"Prima pagin\u0103\",\"item\":\"https:\\\/\\\/urbeamea.ro\\\/albaiulia\\\/\"},{\"@type\":\"ListItem\",\"position\":2,\"name\":\"Accident rutier la Sebe\u015f: Cu alcool la &#8222;bord&#8221;, a lovit dou\u0103 autoturisme parcate pe marginea carosabilului\"}]},{\"@type\":\"WebSite\",\"@id\":\"https:\\\/\\\/urbeamea.ro\\\/albaiulia\\\/#website\",\"url\":\"https:\\\/\\\/urbeamea.ro\\\/albaiulia\\\/\",\"name\":\"Revista Urbea Mea, Stiri urbane\",\"description\":\"Evenimente \u0219i \u0219tiri din Alba Iulia, Sebe\u0219, Aiud, Blaj\",\"potentialAction\":[{\"@type\":\"SearchAction\",\"target\":{\"@type\":\"EntryPoint\",\"urlTemplate\":\"https:\\\/\\\/urbeamea.ro\\\/albaiulia\\\/?s={search_term_string}\"},\"query-input\":{\"@type\":\"PropertyValueSpecification\",\"valueRequired\":true,\"valueName\":\"search_term_string\"}}],\"inLanguage\":\"ro-RO\"},{\"@type\":\"Person\",\"@id\":\"https:\\\/\\\/urbeamea.ro\\\/albaiulia\\\/#\\\/schema\\\/person\\\/9700d21fae21c4f038b0b56f4506264a\",\"name\":\"Cristina Ganga\",\"image\":{\"@type\":\"ImageObject\",\"inLanguage\":\"ro-RO\",\"@id\":\"https:\\\/\\\/secure.gravatar.com\\\/avatar\\\/5a67661041f057b4a8ccaf26f5a8e86e2689372006d01faf3dd9eeb10b654bb4?s=96&d=mm&r=g\",\"url\":\"https:\\\/\\\/secure.gravatar.com\\\/avatar\\\/5a67661041f057b4a8ccaf26f5a8e86e2689372006d01faf3dd9eeb10b654bb4?s=96&d=mm&r=g\",\"contentUrl\":\"https:\\\/\\\/secure.gravatar.com\\\/avatar\\\/5a67661041f057b4a8ccaf26f5a8e86e2689372006d01faf3dd9eeb10b654bb4?s=96&d=mm&r=g\",\"caption\":\"Cristina Ganga\"},\"description\":\"Jurnalist\",\"sameAs\":[\"https:\\\/\\\/www.facebook.com\\\/cristina.nicola.587\"],\"url\":\"https:\\\/\\\/urbeamea.ro\\\/albaiulia\\\/author\\\/cristina-nicola\\\/\"}]}<\/script>\n<!-- \/ Yoast SEO plugin. -->","yoast_head_json":{"title":"Accident rutier la Sebe\u015f: Cu alcool la \"bord\", a lovit dou\u0103 autoturisme parcate pe marginea carosabilului - Revista Urbea Mea - Revista de Alba","description":"Un b\u0103rbat \u00een v\u00e2rst\u0103 de 54 de ani din Alba Iulia este cercetat penal dup\u0103 ce a produs accident. Cu alcool la \"bord\", acesta a lovit dou\u0103 autoturisme","robots":{"index":"index","follow":"follow","max-snippet":"max-snippet:-1","max-image-preview":"max-image-preview:large","max-video-preview":"max-video-preview:-1"},"canonical":"https:\/\/urbeamea.ro\/albaiulia\/accident-rutier-la-sebes-cu-alcool-la-bord-a-lovit-doua-autoturisme-parcate-pe-marginea-carosabilului\/","twitter_card":"summary_large_image","twitter_title":"Accident rutier la Sebe\u015f: Cu alcool la \"bord\", a lovit dou\u0103 autoturisme parcate pe marginea carosabilului - Revista Urbea Mea - Revista de Alba","twitter_description":"Un b\u0103rbat \u00een v\u00e2rst\u0103 de 54 de ani din Alba Iulia este cercetat penal dup\u0103 ce a produs accident. Cu alcool la \"bord\", acesta a lovit dou\u0103 autoturisme","twitter_image":"https:\/\/urbeamea.ro\/albaiulia\/wp-content\/uploads\/2016\/11\/radar-politie-1.jpg","twitter_creator":"@urbeameaweb","twitter_site":"@urbeameaweb","schema":{"@context":"https:\/\/schema.org","@graph":[{"@type":"Article","@id":"https:\/\/urbeamea.ro\/albaiulia\/accident-rutier-la-sebes-cu-alcool-la-bord-a-lovit-doua-autoturisme-parcate-pe-marginea-carosabilului\/#article","isPartOf":{"@id":"https:\/\/urbeamea.ro\/albaiulia\/accident-rutier-la-sebes-cu-alcool-la-bord-a-lovit-doua-autoturisme-parcate-pe-marginea-carosabilului\/"},"author":{"name":"Cristina Ganga","@id":"https:\/\/urbeamea.ro\/albaiulia\/#\/schema\/person\/9700d21fae21c4f038b0b56f4506264a"},"headline":"Accident rutier la Sebe\u015f: Cu alcool la &#8222;bord&#8221;, a lovit dou\u0103 autoturisme parcate pe marginea carosabilului","datePublished":"2016-12-09T10:30:28+00:00","mainEntityOfPage":{"@id":"https:\/\/urbeamea.ro\/albaiulia\/accident-rutier-la-sebes-cu-alcool-la-bord-a-lovit-doua-autoturisme-parcate-pe-marginea-carosabilului\/"},"wordCount":203,"commentCount":0,"image":{"@id":"https:\/\/urbeamea.ro\/albaiulia\/accident-rutier-la-sebes-cu-alcool-la-bord-a-lovit-doua-autoturisme-parcate-pe-marginea-carosabilului\/#primaryimage"},"thumbnailUrl":"https:\/\/urbeamea.ro\/albaiulia\/wp-content\/uploads\/2016\/11\/radar-politie-1.jpg","keywords":["acciier rutdent","alba","alcool","baut","cercetat penal","masini","sebes","stiri","Urbea Mea"],"articleSection":["Social"],"inLanguage":"ro-RO","potentialAction":[{"@type":"CommentAction","name":"Comment","target":["https:\/\/urbeamea.ro\/albaiulia\/accident-rutier-la-sebes-cu-alcool-la-bord-a-lovit-doua-autoturisme-parcate-pe-marginea-carosabilului\/#respond"]}]},{"@type":"WebPage","@id":"https:\/\/urbeamea.ro\/albaiulia\/accident-rutier-la-sebes-cu-alcool-la-bord-a-lovit-doua-autoturisme-parcate-pe-marginea-carosabilului\/","url":"https:\/\/urbeamea.ro\/albaiulia\/accident-rutier-la-sebes-cu-alcool-la-bord-a-lovit-doua-autoturisme-parcate-pe-marginea-carosabilului\/","name":"Accident rutier la Sebe\u015f: Cu alcool la \"bord\", a lovit dou\u0103 autoturisme parcate pe marginea carosabilului - Revista Urbea Mea - Revista de Alba","isPartOf":{"@id":"https:\/\/urbeamea.ro\/albaiulia\/#website"},"primaryImageOfPage":{"@id":"https:\/\/urbeamea.ro\/albaiulia\/accident-rutier-la-sebes-cu-alcool-la-bord-a-lovit-doua-autoturisme-parcate-pe-marginea-carosabilului\/#primaryimage"},"image":{"@id":"https:\/\/urbeamea.ro\/albaiulia\/accident-rutier-la-sebes-cu-alcool-la-bord-a-lovit-doua-autoturisme-parcate-pe-marginea-carosabilului\/#primaryimage"},"thumbnailUrl":"https:\/\/urbeamea.ro\/albaiulia\/wp-content\/uploads\/2016\/11\/radar-politie-1.jpg","datePublished":"2016-12-09T10:30:28+00:00","author":{"@id":"https:\/\/urbeamea.ro\/albaiulia\/#\/schema\/person\/9700d21fae21c4f038b0b56f4506264a"},"description":"Un b\u0103rbat \u00een v\u00e2rst\u0103 de 54 de ani din Alba Iulia este cercetat penal dup\u0103 ce a produs accident. Cu alcool la \"bord\", acesta a lovit dou\u0103 autoturisme","breadcrumb":{"@id":"https:\/\/urbeamea.ro\/albaiulia\/accident-rutier-la-sebes-cu-alcool-la-bord-a-lovit-doua-autoturisme-parcate-pe-marginea-carosabilului\/#breadcrumb"},"inLanguage":"ro-RO","potentialAction":[{"@type":"ReadAction","target":["https:\/\/urbeamea.ro\/albaiulia\/accident-rutier-la-sebes-cu-alcool-la-bord-a-lovit-doua-autoturisme-parcate-pe-marginea-carosabilului\/"]}]},{"@type":"ImageObject","inLanguage":"ro-RO","@id":"https:\/\/urbeamea.ro\/albaiulia\/accident-rutier-la-sebes-cu-alcool-la-bord-a-lovit-doua-autoturisme-parcate-pe-marginea-carosabilului\/#primaryimage","url":"https:\/\/urbeamea.ro\/albaiulia\/wp-content\/uploads\/2016\/11\/radar-politie-1.jpg","contentUrl":"https:\/\/urbeamea.ro\/albaiulia\/wp-content\/uploads\/2016\/11\/radar-politie-1.jpg","width":620,"height":348},{"@type":"BreadcrumbList","@id":"https:\/\/urbeamea.ro\/albaiulia\/accident-rutier-la-sebes-cu-alcool-la-bord-a-lovit-doua-autoturisme-parcate-pe-marginea-carosabilului\/#breadcrumb","itemListElement":[{"@type":"ListItem","position":1,"name":"Prima pagin\u0103","item":"https:\/\/urbeamea.ro\/albaiulia\/"},{"@type":"ListItem","position":2,"name":"Accident rutier la Sebe\u015f: Cu alcool la &#8222;bord&#8221;, a lovit dou\u0103 autoturisme parcate pe marginea carosabilului"}]},{"@type":"WebSite","@id":"https:\/\/urbeamea.ro\/albaiulia\/#website","url":"https:\/\/urbeamea.ro\/albaiulia\/","name":"Revista Urbea Mea, Stiri urbane","description":"Evenimente \u0219i \u0219tiri din Alba Iulia, Sebe\u0219, Aiud, Blaj","potentialAction":[{"@type":"SearchAction","target":{"@type":"EntryPoint","urlTemplate":"https:\/\/urbeamea.ro\/albaiulia\/?s={search_term_string}"},"query-input":{"@type":"PropertyValueSpecification","valueRequired":true,"valueName":"search_term_string"}}],"inLanguage":"ro-RO"},{"@type":"Person","@id":"https:\/\/urbeamea.ro\/albaiulia\/#\/schema\/person\/9700d21fae21c4f038b0b56f4506264a","name":"Cristina Ganga","image":{"@type":"ImageObject","inLanguage":"ro-RO","@id":"https:\/\/secure.gravatar.com\/avatar\/5a67661041f057b4a8ccaf26f5a8e86e2689372006d01faf3dd9eeb10b654bb4?s=96&d=mm&r=g","url":"https:\/\/secure.gravatar.com\/avatar\/5a67661041f057b4a8ccaf26f5a8e86e2689372006d01faf3dd9eeb10b654bb4?s=96&d=mm&r=g","contentUrl":"https:\/\/secure.gravatar.com\/avatar\/5a67661041f057b4a8ccaf26f5a8e86e2689372006d01faf3dd9eeb10b654bb4?s=96&d=mm&r=g","caption":"Cristina Ganga"},"description":"Jurnalist","sameAs":["https:\/\/www.facebook.com\/cristina.nicola.587"],"url":"https:\/\/urbeamea.ro\/albaiulia\/author\/cristina-nicola\/"}]}},"_links":{"self":[{"href":"https:\/\/urbeamea.ro\/albaiulia\/wp-json\/wp\/v2\/posts\/37140","targetHints":{"allow":["GET"]}}],"collection":[{"href":"https:\/\/urbeamea.ro\/albaiulia\/wp-json\/wp\/v2\/posts"}],"about":[{"href":"https:\/\/urbeamea.ro\/albaiulia\/wp-json\/wp\/v2\/types\/post"}],"author":[{"embeddable":true,"href":"https:\/\/urbeamea.ro\/albaiulia\/wp-json\/wp\/v2\/users\/17"}],"replies":[{"embeddable":true,"href":"https:\/\/urbeamea.ro\/albaiulia\/wp-json\/wp\/v2\/comments?post=37140"}],"version-history":[{"count":0,"href":"https:\/\/urbeamea.ro\/albaiulia\/wp-json\/wp\/v2\/posts\/37140\/revisions"}],"wp:featuredmedia":[{"embeddable":true,"href":"https:\/\/urbeamea.ro\/albaiulia\/wp-json\/wp\/v2\/media\/35915"}],"wp:attachment":[{"href":"https:\/\/urbeamea.ro\/albaiulia\/wp-json\/wp\/v2\/media?parent=37140"}],"wp:term":[{"taxonomy":"category","embeddable":true,"href":"https:\/\/urbeamea.ro\/albaiulia\/wp-json\/wp\/v2\/categories?post=37140"},{"taxonomy":"post_tag","embeddable":true,"href":"https:\/\/urbeamea.ro\/albaiulia\/wp-json\/wp\/v2\/tags?post=37140"}],"curies":[{"name":"wp","href":"https:\/\/api.w.org\/{rel}","templated":true}]}}