{"id":37142,"date":"2016-12-09T13:10:30","date_gmt":"2016-12-09T11:10:30","guid":{"rendered":"http:\/\/urbeamea.ro\/albaiulia\/?p=37142"},"modified":"2016-12-09T13:10:30","modified_gmt":"2016-12-09T11:10:30","slug":"accident-langa-salistea-un-barbat-din-cugir-a-fost-acrosat-de-o-masina","status":"publish","type":"post","link":"https:\/\/urbeamea.ro\/albaiulia\/accident-langa-salistea-un-barbat-din-cugir-a-fost-acrosat-de-o-masina\/","title":{"rendered":"Accident l\u00e2ng\u0103 S\u0103li\u015ftea: Un b\u0103rbat din Cugir a fost acro\u015fat de o ma\u015fin\u0103"},"content":{"rendered":"<p><strong><img loading=\"lazy\" decoding=\"async\" class=\"size-medium wp-image-18034 alignleft\" src=\"http:\/\/urbeamea.ro\/albaiulia\/wp-content\/uploads\/2016\/02\/politie-300x188.jpg\" alt=\"\" width=\"300\" height=\"188\" srcset=\"https:\/\/urbeamea.ro\/albaiulia\/wp-content\/uploads\/2016\/02\/politie-300x188.jpg 300w, https:\/\/urbeamea.ro\/albaiulia\/wp-content\/uploads\/2016\/02\/politie-150x94.jpg 150w, https:\/\/urbeamea.ro\/albaiulia\/wp-content\/uploads\/2016\/02\/politie-350x220.jpg 350w, https:\/\/urbeamea.ro\/albaiulia\/wp-content\/uploads\/2016\/02\/politie.jpg 480w\" sizes=\"auto, (max-width: 300px) 100vw, 300px\" \/>Un b\u0103rbat \u00een v\u00e2rst\u0103 de 62 de ani din Cugir a fost r\u0103nit \u00een urma unui accident produs \u00een noaptea de joi spre vineri, pe DN7, l\u00e2ng\u0103 S\u0103li\u015ftea. \u00cen timp ce se deplasa pe jos, pe \u015fosea, a fost acro\u015fat de o ma\u015fin\u0103.<br \/>\n<\/strong><\/p>\n<p>Potrivit IPJ Alba, vineri, \u00een jurul orei 3.28, pe Drumul Na\u021bional 7, la kilometrul 343, \u00een afara localit\u0103\u021bii S\u0103li\u0219tea, un b\u0103rbat de 62 de ani, din Cugir, \u00een timp ce se deplasa pe jos, pe partea carosabil\u0103, a fost acro\u015fat de un autoturism condus de un b\u0103rbat de 41 de ani, din Cugir. \u00cen urma accidentului, pietonul a suferit leziuni corporale u\u015foare.<\/p>\n<p><strong>Poli\u0163ia recomand\u0103 pietonilor:<\/strong><\/p>\n<ul>\n<li><em>Evita\u021bi s\u0103 circula\u021bi pe partea carosabil\u0103! Folosi\u021bi trotuarele, acostamentele, iar, acolo unde acestea lipsesc, merge\u021bi c\u00e2t mai aproape de marginea drumului, astfel \u00eenc\u00e2t s\u0103 ave\u021bi traficul \u00een fa\u021b\u0103!<\/em><\/li>\n<li><em>Fi\u021bi pruden\u021bi pe vreme rea sau \u00eentuneric! Pentru a fi vizibili, purta\u021bi haine de culori deschise \u0219i elemente reflectorizante!<\/em><\/li>\n<li><em>Respecta\u021bi \u00eentocmai semnifica\u021bia semnaliz\u0103rii rutiere (indicatoare sau semafor) \u0219i nu circula\u021bi pe drumurile publice daca a\u021bi consumat alcool \u2013 posibilitatea de a fi accidentat cre\u0219te semnificativ.<\/em><\/li>\n<\/ul>\n","protected":false},"excerpt":{"rendered":"<p>Un b\u0103rbat \u00een v\u00e2rst\u0103 de 62 de ani din Cugir a fost r\u0103nit \u00een urma unui accident produs \u00een noaptea de joi spre vineri, pe DN7, l\u00e2ng\u0103 S\u0103li\u015ftea. \u00cen timp ce se deplasa pe jos, pe \u015fosea, a fost acro\u015fat de o ma\u015fin\u0103. Potrivit IPJ Alba, vineri, \u00een jurul orei 3.28, pe Drumul Na\u021bional 7, &hellip;<\/p>\n","protected":false},"author":17,"featured_media":18034,"comment_status":"open","ping_status":"open","sticky":false,"template":"","format":"standard","meta":{"inline_featured_image":false,"footnotes":""},"categories":[2034],"tags":[83,3086,307,3721,458,4475,3499,308,76],"class_list":["post-37142","post","type-post","status-publish","format-standard","has-post-thumbnail","hentry","category-social","tag-accident","tag-acrosat","tag-alba","tag-pieton","tag-politisti","tag-ranit","tag-salistea","tag-stiri","tag-urbea-mea"],"yoast_head":"<!-- This site is optimized with the Yoast SEO plugin v27.4 - https:\/\/yoast.com\/product\/yoast-seo-wordpress\/ -->\n<title>Accident l\u00e2ng\u0103 S\u0103li\u015ftea: Un b\u0103rbat din Cugir a fost acro\u015fat de o ma\u015fin\u0103 - Revista Urbea Mea - Revista de Alba<\/title>\n<meta name=\"description\" content=\"Un b\u0103rbat \u00een v\u00e2rst\u0103 de 62 de ani din Cugir a fost r\u0103nit \u00een urma unui accident produs \u00een noaptea de joi spre vineri, pe DN7, l\u00e2ng\u0103 S\u0103li\u015ftea. \u00cen timp ce se\" \/>\n<meta name=\"robots\" content=\"index, follow, max-snippet:-1, max-image-preview:large, max-video-preview:-1\" \/>\n<link rel=\"canonical\" href=\"https:\/\/urbeamea.ro\/albaiulia\/accident-langa-salistea-un-barbat-din-cugir-a-fost-acrosat-de-o-masina\/\" \/>\n<meta name=\"twitter:card\" content=\"summary_large_image\" \/>\n<meta name=\"twitter:title\" content=\"Accident l\u00e2ng\u0103 S\u0103li\u015ftea: Un b\u0103rbat din Cugir a fost acro\u015fat de o ma\u015fin\u0103 - Revista Urbea Mea - Revista de Alba\" \/>\n<meta name=\"twitter:description\" content=\"Un b\u0103rbat \u00een v\u00e2rst\u0103 de 62 de ani din Cugir a fost r\u0103nit \u00een urma unui accident produs \u00een noaptea de joi spre vineri, pe DN7, l\u00e2ng\u0103 S\u0103li\u015ftea. \u00cen timp ce se\" \/>\n<meta name=\"twitter:image\" content=\"https:\/\/urbeamea.ro\/albaiulia\/wp-content\/uploads\/2016\/02\/politie.jpg\" \/>\n<meta name=\"twitter:creator\" content=\"@urbeameaweb\" \/>\n<meta name=\"twitter:site\" content=\"@urbeameaweb\" \/>\n<script type=\"application\/ld+json\" class=\"yoast-schema-graph\">{\"@context\":\"https:\\\/\\\/schema.org\",\"@graph\":[{\"@type\":\"Article\",\"@id\":\"https:\\\/\\\/urbeamea.ro\\\/albaiulia\\\/accident-langa-salistea-un-barbat-din-cugir-a-fost-acrosat-de-o-masina\\\/#article\",\"isPartOf\":{\"@id\":\"https:\\\/\\\/urbeamea.ro\\\/albaiulia\\\/accident-langa-salistea-un-barbat-din-cugir-a-fost-acrosat-de-o-masina\\\/\"},\"author\":{\"name\":\"Cristina Ganga\",\"@id\":\"https:\\\/\\\/urbeamea.ro\\\/albaiulia\\\/#\\\/schema\\\/person\\\/9700d21fae21c4f038b0b56f4506264a\"},\"headline\":\"Accident l\u00e2ng\u0103 S\u0103li\u015ftea: Un b\u0103rbat din Cugir a fost acro\u015fat de o ma\u015fin\u0103\",\"datePublished\":\"2016-12-09T11:10:30+00:00\",\"mainEntityOfPage\":{\"@id\":\"https:\\\/\\\/urbeamea.ro\\\/albaiulia\\\/accident-langa-salistea-un-barbat-din-cugir-a-fost-acrosat-de-o-masina\\\/\"},\"wordCount\":226,\"commentCount\":0,\"image\":{\"@id\":\"https:\\\/\\\/urbeamea.ro\\\/albaiulia\\\/accident-langa-salistea-un-barbat-din-cugir-a-fost-acrosat-de-o-masina\\\/#primaryimage\"},\"thumbnailUrl\":\"https:\\\/\\\/urbeamea.ro\\\/albaiulia\\\/wp-content\\\/uploads\\\/2016\\\/02\\\/politie.jpg\",\"keywords\":[\"accident\",\"acrosat\",\"alba\",\"pieton\",\"politisti\",\"ranit\",\"salistea\",\"stiri\",\"Urbea Mea\"],\"articleSection\":[\"Social\"],\"inLanguage\":\"ro-RO\",\"potentialAction\":[{\"@type\":\"CommentAction\",\"name\":\"Comment\",\"target\":[\"https:\\\/\\\/urbeamea.ro\\\/albaiulia\\\/accident-langa-salistea-un-barbat-din-cugir-a-fost-acrosat-de-o-masina\\\/#respond\"]}]},{\"@type\":\"WebPage\",\"@id\":\"https:\\\/\\\/urbeamea.ro\\\/albaiulia\\\/accident-langa-salistea-un-barbat-din-cugir-a-fost-acrosat-de-o-masina\\\/\",\"url\":\"https:\\\/\\\/urbeamea.ro\\\/albaiulia\\\/accident-langa-salistea-un-barbat-din-cugir-a-fost-acrosat-de-o-masina\\\/\",\"name\":\"Accident l\u00e2ng\u0103 S\u0103li\u015ftea: Un b\u0103rbat din Cugir a fost acro\u015fat de o ma\u015fin\u0103 - Revista Urbea Mea - Revista de Alba\",\"isPartOf\":{\"@id\":\"https:\\\/\\\/urbeamea.ro\\\/albaiulia\\\/#website\"},\"primaryImageOfPage\":{\"@id\":\"https:\\\/\\\/urbeamea.ro\\\/albaiulia\\\/accident-langa-salistea-un-barbat-din-cugir-a-fost-acrosat-de-o-masina\\\/#primaryimage\"},\"image\":{\"@id\":\"https:\\\/\\\/urbeamea.ro\\\/albaiulia\\\/accident-langa-salistea-un-barbat-din-cugir-a-fost-acrosat-de-o-masina\\\/#primaryimage\"},\"thumbnailUrl\":\"https:\\\/\\\/urbeamea.ro\\\/albaiulia\\\/wp-content\\\/uploads\\\/2016\\\/02\\\/politie.jpg\",\"datePublished\":\"2016-12-09T11:10:30+00:00\",\"author\":{\"@id\":\"https:\\\/\\\/urbeamea.ro\\\/albaiulia\\\/#\\\/schema\\\/person\\\/9700d21fae21c4f038b0b56f4506264a\"},\"description\":\"Un b\u0103rbat \u00een v\u00e2rst\u0103 de 62 de ani din Cugir a fost r\u0103nit \u00een urma unui accident produs \u00een noaptea de joi spre vineri, pe DN7, l\u00e2ng\u0103 S\u0103li\u015ftea. \u00cen timp ce se\",\"breadcrumb\":{\"@id\":\"https:\\\/\\\/urbeamea.ro\\\/albaiulia\\\/accident-langa-salistea-un-barbat-din-cugir-a-fost-acrosat-de-o-masina\\\/#breadcrumb\"},\"inLanguage\":\"ro-RO\",\"potentialAction\":[{\"@type\":\"ReadAction\",\"target\":[\"https:\\\/\\\/urbeamea.ro\\\/albaiulia\\\/accident-langa-salistea-un-barbat-din-cugir-a-fost-acrosat-de-o-masina\\\/\"]}]},{\"@type\":\"ImageObject\",\"inLanguage\":\"ro-RO\",\"@id\":\"https:\\\/\\\/urbeamea.ro\\\/albaiulia\\\/accident-langa-salistea-un-barbat-din-cugir-a-fost-acrosat-de-o-masina\\\/#primaryimage\",\"url\":\"https:\\\/\\\/urbeamea.ro\\\/albaiulia\\\/wp-content\\\/uploads\\\/2016\\\/02\\\/politie.jpg\",\"contentUrl\":\"https:\\\/\\\/urbeamea.ro\\\/albaiulia\\\/wp-content\\\/uploads\\\/2016\\\/02\\\/politie.jpg\",\"width\":480,\"height\":300},{\"@type\":\"BreadcrumbList\",\"@id\":\"https:\\\/\\\/urbeamea.ro\\\/albaiulia\\\/accident-langa-salistea-un-barbat-din-cugir-a-fost-acrosat-de-o-masina\\\/#breadcrumb\",\"itemListElement\":[{\"@type\":\"ListItem\",\"position\":1,\"name\":\"Prima pagin\u0103\",\"item\":\"https:\\\/\\\/urbeamea.ro\\\/albaiulia\\\/\"},{\"@type\":\"ListItem\",\"position\":2,\"name\":\"Accident l\u00e2ng\u0103 S\u0103li\u015ftea: Un b\u0103rbat din Cugir a fost acro\u015fat de o ma\u015fin\u0103\"}]},{\"@type\":\"WebSite\",\"@id\":\"https:\\\/\\\/urbeamea.ro\\\/albaiulia\\\/#website\",\"url\":\"https:\\\/\\\/urbeamea.ro\\\/albaiulia\\\/\",\"name\":\"Revista Urbea Mea, Stiri urbane\",\"description\":\"Evenimente \u0219i \u0219tiri din Alba Iulia, Sebe\u0219, Aiud, Blaj\",\"potentialAction\":[{\"@type\":\"SearchAction\",\"target\":{\"@type\":\"EntryPoint\",\"urlTemplate\":\"https:\\\/\\\/urbeamea.ro\\\/albaiulia\\\/?s={search_term_string}\"},\"query-input\":{\"@type\":\"PropertyValueSpecification\",\"valueRequired\":true,\"valueName\":\"search_term_string\"}}],\"inLanguage\":\"ro-RO\"},{\"@type\":\"Person\",\"@id\":\"https:\\\/\\\/urbeamea.ro\\\/albaiulia\\\/#\\\/schema\\\/person\\\/9700d21fae21c4f038b0b56f4506264a\",\"name\":\"Cristina Ganga\",\"image\":{\"@type\":\"ImageObject\",\"inLanguage\":\"ro-RO\",\"@id\":\"https:\\\/\\\/secure.gravatar.com\\\/avatar\\\/5a67661041f057b4a8ccaf26f5a8e86e2689372006d01faf3dd9eeb10b654bb4?s=96&d=mm&r=g\",\"url\":\"https:\\\/\\\/secure.gravatar.com\\\/avatar\\\/5a67661041f057b4a8ccaf26f5a8e86e2689372006d01faf3dd9eeb10b654bb4?s=96&d=mm&r=g\",\"contentUrl\":\"https:\\\/\\\/secure.gravatar.com\\\/avatar\\\/5a67661041f057b4a8ccaf26f5a8e86e2689372006d01faf3dd9eeb10b654bb4?s=96&d=mm&r=g\",\"caption\":\"Cristina Ganga\"},\"description\":\"Jurnalist\",\"sameAs\":[\"https:\\\/\\\/www.facebook.com\\\/cristina.nicola.587\"],\"url\":\"https:\\\/\\\/urbeamea.ro\\\/albaiulia\\\/author\\\/cristina-nicola\\\/\"}]}<\/script>\n<!-- \/ Yoast SEO plugin. -->","yoast_head_json":{"title":"Accident l\u00e2ng\u0103 S\u0103li\u015ftea: Un b\u0103rbat din Cugir a fost acro\u015fat de o ma\u015fin\u0103 - Revista Urbea Mea - Revista de Alba","description":"Un b\u0103rbat \u00een v\u00e2rst\u0103 de 62 de ani din Cugir a fost r\u0103nit \u00een urma unui accident produs \u00een noaptea de joi spre vineri, pe DN7, l\u00e2ng\u0103 S\u0103li\u015ftea. \u00cen timp ce se","robots":{"index":"index","follow":"follow","max-snippet":"max-snippet:-1","max-image-preview":"max-image-preview:large","max-video-preview":"max-video-preview:-1"},"canonical":"https:\/\/urbeamea.ro\/albaiulia\/accident-langa-salistea-un-barbat-din-cugir-a-fost-acrosat-de-o-masina\/","twitter_card":"summary_large_image","twitter_title":"Accident l\u00e2ng\u0103 S\u0103li\u015ftea: Un b\u0103rbat din Cugir a fost acro\u015fat de o ma\u015fin\u0103 - Revista Urbea Mea - Revista de Alba","twitter_description":"Un b\u0103rbat \u00een v\u00e2rst\u0103 de 62 de ani din Cugir a fost r\u0103nit \u00een urma unui accident produs \u00een noaptea de joi spre vineri, pe DN7, l\u00e2ng\u0103 S\u0103li\u015ftea. \u00cen timp ce se","twitter_image":"https:\/\/urbeamea.ro\/albaiulia\/wp-content\/uploads\/2016\/02\/politie.jpg","twitter_creator":"@urbeameaweb","twitter_site":"@urbeameaweb","schema":{"@context":"https:\/\/schema.org","@graph":[{"@type":"Article","@id":"https:\/\/urbeamea.ro\/albaiulia\/accident-langa-salistea-un-barbat-din-cugir-a-fost-acrosat-de-o-masina\/#article","isPartOf":{"@id":"https:\/\/urbeamea.ro\/albaiulia\/accident-langa-salistea-un-barbat-din-cugir-a-fost-acrosat-de-o-masina\/"},"author":{"name":"Cristina Ganga","@id":"https:\/\/urbeamea.ro\/albaiulia\/#\/schema\/person\/9700d21fae21c4f038b0b56f4506264a"},"headline":"Accident l\u00e2ng\u0103 S\u0103li\u015ftea: Un b\u0103rbat din Cugir a fost acro\u015fat de o ma\u015fin\u0103","datePublished":"2016-12-09T11:10:30+00:00","mainEntityOfPage":{"@id":"https:\/\/urbeamea.ro\/albaiulia\/accident-langa-salistea-un-barbat-din-cugir-a-fost-acrosat-de-o-masina\/"},"wordCount":226,"commentCount":0,"image":{"@id":"https:\/\/urbeamea.ro\/albaiulia\/accident-langa-salistea-un-barbat-din-cugir-a-fost-acrosat-de-o-masina\/#primaryimage"},"thumbnailUrl":"https:\/\/urbeamea.ro\/albaiulia\/wp-content\/uploads\/2016\/02\/politie.jpg","keywords":["accident","acrosat","alba","pieton","politisti","ranit","salistea","stiri","Urbea Mea"],"articleSection":["Social"],"inLanguage":"ro-RO","potentialAction":[{"@type":"CommentAction","name":"Comment","target":["https:\/\/urbeamea.ro\/albaiulia\/accident-langa-salistea-un-barbat-din-cugir-a-fost-acrosat-de-o-masina\/#respond"]}]},{"@type":"WebPage","@id":"https:\/\/urbeamea.ro\/albaiulia\/accident-langa-salistea-un-barbat-din-cugir-a-fost-acrosat-de-o-masina\/","url":"https:\/\/urbeamea.ro\/albaiulia\/accident-langa-salistea-un-barbat-din-cugir-a-fost-acrosat-de-o-masina\/","name":"Accident l\u00e2ng\u0103 S\u0103li\u015ftea: Un b\u0103rbat din Cugir a fost acro\u015fat de o ma\u015fin\u0103 - Revista Urbea Mea - Revista de Alba","isPartOf":{"@id":"https:\/\/urbeamea.ro\/albaiulia\/#website"},"primaryImageOfPage":{"@id":"https:\/\/urbeamea.ro\/albaiulia\/accident-langa-salistea-un-barbat-din-cugir-a-fost-acrosat-de-o-masina\/#primaryimage"},"image":{"@id":"https:\/\/urbeamea.ro\/albaiulia\/accident-langa-salistea-un-barbat-din-cugir-a-fost-acrosat-de-o-masina\/#primaryimage"},"thumbnailUrl":"https:\/\/urbeamea.ro\/albaiulia\/wp-content\/uploads\/2016\/02\/politie.jpg","datePublished":"2016-12-09T11:10:30+00:00","author":{"@id":"https:\/\/urbeamea.ro\/albaiulia\/#\/schema\/person\/9700d21fae21c4f038b0b56f4506264a"},"description":"Un b\u0103rbat \u00een v\u00e2rst\u0103 de 62 de ani din Cugir a fost r\u0103nit \u00een urma unui accident produs \u00een noaptea de joi spre vineri, pe DN7, l\u00e2ng\u0103 S\u0103li\u015ftea. \u00cen timp ce se","breadcrumb":{"@id":"https:\/\/urbeamea.ro\/albaiulia\/accident-langa-salistea-un-barbat-din-cugir-a-fost-acrosat-de-o-masina\/#breadcrumb"},"inLanguage":"ro-RO","potentialAction":[{"@type":"ReadAction","target":["https:\/\/urbeamea.ro\/albaiulia\/accident-langa-salistea-un-barbat-din-cugir-a-fost-acrosat-de-o-masina\/"]}]},{"@type":"ImageObject","inLanguage":"ro-RO","@id":"https:\/\/urbeamea.ro\/albaiulia\/accident-langa-salistea-un-barbat-din-cugir-a-fost-acrosat-de-o-masina\/#primaryimage","url":"https:\/\/urbeamea.ro\/albaiulia\/wp-content\/uploads\/2016\/02\/politie.jpg","contentUrl":"https:\/\/urbeamea.ro\/albaiulia\/wp-content\/uploads\/2016\/02\/politie.jpg","width":480,"height":300},{"@type":"BreadcrumbList","@id":"https:\/\/urbeamea.ro\/albaiulia\/accident-langa-salistea-un-barbat-din-cugir-a-fost-acrosat-de-o-masina\/#breadcrumb","itemListElement":[{"@type":"ListItem","position":1,"name":"Prima pagin\u0103","item":"https:\/\/urbeamea.ro\/albaiulia\/"},{"@type":"ListItem","position":2,"name":"Accident l\u00e2ng\u0103 S\u0103li\u015ftea: Un b\u0103rbat din Cugir a fost acro\u015fat de o ma\u015fin\u0103"}]},{"@type":"WebSite","@id":"https:\/\/urbeamea.ro\/albaiulia\/#website","url":"https:\/\/urbeamea.ro\/albaiulia\/","name":"Revista Urbea Mea, Stiri urbane","description":"Evenimente \u0219i \u0219tiri din Alba Iulia, Sebe\u0219, Aiud, Blaj","potentialAction":[{"@type":"SearchAction","target":{"@type":"EntryPoint","urlTemplate":"https:\/\/urbeamea.ro\/albaiulia\/?s={search_term_string}"},"query-input":{"@type":"PropertyValueSpecification","valueRequired":true,"valueName":"search_term_string"}}],"inLanguage":"ro-RO"},{"@type":"Person","@id":"https:\/\/urbeamea.ro\/albaiulia\/#\/schema\/person\/9700d21fae21c4f038b0b56f4506264a","name":"Cristina Ganga","image":{"@type":"ImageObject","inLanguage":"ro-RO","@id":"https:\/\/secure.gravatar.com\/avatar\/5a67661041f057b4a8ccaf26f5a8e86e2689372006d01faf3dd9eeb10b654bb4?s=96&d=mm&r=g","url":"https:\/\/secure.gravatar.com\/avatar\/5a67661041f057b4a8ccaf26f5a8e86e2689372006d01faf3dd9eeb10b654bb4?s=96&d=mm&r=g","contentUrl":"https:\/\/secure.gravatar.com\/avatar\/5a67661041f057b4a8ccaf26f5a8e86e2689372006d01faf3dd9eeb10b654bb4?s=96&d=mm&r=g","caption":"Cristina Ganga"},"description":"Jurnalist","sameAs":["https:\/\/www.facebook.com\/cristina.nicola.587"],"url":"https:\/\/urbeamea.ro\/albaiulia\/author\/cristina-nicola\/"}]}},"_links":{"self":[{"href":"https:\/\/urbeamea.ro\/albaiulia\/wp-json\/wp\/v2\/posts\/37142","targetHints":{"allow":["GET"]}}],"collection":[{"href":"https:\/\/urbeamea.ro\/albaiulia\/wp-json\/wp\/v2\/posts"}],"about":[{"href":"https:\/\/urbeamea.ro\/albaiulia\/wp-json\/wp\/v2\/types\/post"}],"author":[{"embeddable":true,"href":"https:\/\/urbeamea.ro\/albaiulia\/wp-json\/wp\/v2\/users\/17"}],"replies":[{"embeddable":true,"href":"https:\/\/urbeamea.ro\/albaiulia\/wp-json\/wp\/v2\/comments?post=37142"}],"version-history":[{"count":0,"href":"https:\/\/urbeamea.ro\/albaiulia\/wp-json\/wp\/v2\/posts\/37142\/revisions"}],"wp:featuredmedia":[{"embeddable":true,"href":"https:\/\/urbeamea.ro\/albaiulia\/wp-json\/wp\/v2\/media\/18034"}],"wp:attachment":[{"href":"https:\/\/urbeamea.ro\/albaiulia\/wp-json\/wp\/v2\/media?parent=37142"}],"wp:term":[{"taxonomy":"category","embeddable":true,"href":"https:\/\/urbeamea.ro\/albaiulia\/wp-json\/wp\/v2\/categories?post=37142"},{"taxonomy":"post_tag","embeddable":true,"href":"https:\/\/urbeamea.ro\/albaiulia\/wp-json\/wp\/v2\/tags?post=37142"}],"curies":[{"name":"wp","href":"https:\/\/api.w.org\/{rel}","templated":true}]}}