{"id":37152,"date":"2016-12-09T14:26:10","date_gmt":"2016-12-09T12:26:10","guid":{"rendered":"http:\/\/urbeamea.ro\/albaiulia\/?p=37152"},"modified":"2016-12-09T14:26:10","modified_gmt":"2016-12-09T12:26:10","slug":"peste-700-de-politisti-vor-asigura-masuri-de-ordine-si-siguranta-cu-ocazia-alegerilor-parlamentare","status":"publish","type":"post","link":"https:\/\/urbeamea.ro\/albaiulia\/peste-700-de-politisti-vor-asigura-masuri-de-ordine-si-siguranta-cu-ocazia-alegerilor-parlamentare\/","title":{"rendered":"Peste 700 de poli\u021bi\u0219ti vor asigura m\u0103suri de ordine \u0219i siguran\u021b\u0103 cu ocazia alegerilor parlamentare"},"content":{"rendered":"<p><strong><span lang=\"ro-RO\"><img loading=\"lazy\" decoding=\"async\" class=\"size-medium wp-image-8417 alignleft\" src=\"http:\/\/urbeamea.ro\/albaiulia\/wp-content\/uploads\/2015\/09\/IPJ-Alba-300x201.jpg\" alt=\"\" width=\"300\" height=\"201\" \/>Inspectoratul de Poli\u0163ie Jude\u0163ean Alba a luat toate m\u0103surile, din competen\u021b\u0103, pentru asigurarea unui climat de lini\u015fte \u015fi siguran\u0163\u0103 public\u0103, pe \u00eentreaga durat\u0103 a desf\u0103\u015fur\u0103rii alegerilor pentru Senat \u015fi Camera Deputa\u0163ilor, din data de 11 decembrie.<\/span><\/strong><\/p>\n<p><span lang=\"ro-RO\">Aceste m\u0103suri urm\u0103resc buna derulare a procesului electoral, precum \u015fi un mod de ac\u0163iune corect \u015fi echidistant al poli\u0163i\u015ftilor.<\/span><\/p>\n<p><span lang=\"ro-RO\">Duminic\u0103, 11 decembrie, peste 700 de <\/span><span lang=\"ro-RO\">poli\u0163i\u015fti ai Inspectoratului de Poli\u0163ie Jude\u0163ean Alba vor fi angrena\u021bi pentru buna desf\u0103\u015furare a scrutinului electoral, \u00een vederea asigur\u0103rii m\u0103surilor de paz\u0103 \u015fi protec\u0163ie \u0219i de ordine \u015fi lini\u015fte public\u0103 \u0219i prevenirii oric\u0103ror fapte antisociale.<\/span><\/p>\n<p><span lang=\"ro-RO\">De asemenea, Inspectoratul de Poli\u0163ie Jude\u0163ean Alba va desf\u0103\u0219ura <\/span><span lang=\"ro-RO\">activit\u0103\u021bi, \u00een vederea gestion\u0103rii posibilelor incidente cu caracter electoral.\u00a0<\/span><\/p>\n<p><strong>Informa\u021bii pe care trebuie s\u0103 le cunoa\u0219te\u021bi:<\/strong><\/p>\n<ul>\n<li>Ave\u0163i dreptul la vot dac\u0103 ave\u0163i 18 ani \u00eemplini\u021bi \u0219i nu v-a fost interzis\u0103 exercitarea acestui drept prin hot\u0103r\u00e2re judec\u0103toreasc\u0103 definitiv\u0103.<\/li>\n<li>Pute\u021bi vota \u00eentre orele 07.00 \u0219i 21.00.<\/li>\n<li><span lang=\"ro-RO\">Codul Penal prevede la <\/span><span lang=\"ro-RO\">Titlul IX, art. 385 \u2013 393, <\/span><span lang=\"ro-RO\">care sunt faptele care constituie infrac\u0163iuni electorale, \u0219i care sunt pedepsele prev\u0103zute de lege.<\/span><span lang=\"ro-RO\">Contraven\u0163iile legate de procesul alegerilor locale sunt prev\u0103zute la Capitolul XI din Legea nr. 208 din 20 iulie 2015 privind alegerea Senatului \u015fi a Camerei Deputa\u0163ilor, precum \u015fi pentru organizarea \u015fi func\u0163ionarea Autorit\u0103\u0163ii Electorale Permanente.<\/span><\/li>\n<li>Sesiza\u021bi orice \u00eenc\u0103lcare a legii electorale la 112!<\/li>\n<\/ul>\n","protected":false},"excerpt":{"rendered":"<p>Inspectoratul de Poli\u0163ie Jude\u0163ean Alba a luat toate m\u0103surile, din competen\u021b\u0103, pentru asigurarea unui climat de lini\u015fte \u015fi siguran\u0163\u0103 public\u0103, pe \u00eentreaga durat\u0103 a desf\u0103\u015fur\u0103rii alegerilor pentru Senat \u015fi Camera Deputa\u0163ilor, din data de 11 decembrie. Aceste m\u0103suri urm\u0103resc buna derulare a procesului electoral, precum \u015fi un mod de ac\u0163iune corect \u015fi echidistant al poli\u0163i\u015ftilor. &hellip;<\/p>\n","protected":false},"author":17,"featured_media":8417,"comment_status":"open","ping_status":"open","sticky":false,"template":"","format":"standard","meta":{"inline_featured_image":false,"footnotes":""},"categories":[2034],"tags":[307,8690,1113,4857,458,4761,308,76],"class_list":["post-37152","post","type-post","status-publish","format-standard","has-post-thumbnail","hentry","category-social","tag-alba","tag-alegeri-parlamentare","tag-ipj","tag-liniste","tag-politisti","tag-siguranta-publica","tag-stiri","tag-urbea-mea"],"yoast_head":"<!-- This site is optimized with the Yoast SEO plugin v28.3 - https:\/\/yoast.com\/product\/yoast-seo-wordpress\/ -->\n<title>Peste 700 de poli\u021bi\u0219ti vor asigura m\u0103suri de ordine \u0219i siguran\u021b\u0103 cu ocazia alegerilor parlamentare - Revista Urbea Mea - Revista de Alba<\/title>\n<meta name=\"description\" content=\"Inspectoratul de Poli\u0163ie Jude\u0163ean Alba a luat toate m\u0103surile, din competen\u021b\u0103, pentru asigurarea unui climat de lini\u015fte \u015fi siguran\u0163\u0103 public\u0103, pe \u00eentreaga\" \/>\n<meta name=\"robots\" content=\"index, follow, max-snippet:-1, max-image-preview:large, max-video-preview:-1\" \/>\n<link rel=\"canonical\" href=\"https:\/\/urbeamea.ro\/albaiulia\/peste-700-de-politisti-vor-asigura-masuri-de-ordine-si-siguranta-cu-ocazia-alegerilor-parlamentare\/\" \/>\n<meta name=\"twitter:card\" content=\"summary_large_image\" \/>\n<meta name=\"twitter:title\" content=\"Peste 700 de poli\u021bi\u0219ti vor asigura m\u0103suri de ordine \u0219i siguran\u021b\u0103 cu ocazia alegerilor parlamentare - Revista Urbea Mea - Revista de Alba\" \/>\n<meta name=\"twitter:description\" content=\"Inspectoratul de Poli\u0163ie Jude\u0163ean Alba a luat toate m\u0103surile, din competen\u021b\u0103, pentru asigurarea unui climat de lini\u015fte \u015fi siguran\u0163\u0103 public\u0103, pe \u00eentreaga\" \/>\n<meta name=\"twitter:image\" content=\"https:\/\/urbeamea.ro\/albaiulia\/wp-content\/uploads\/2015\/09\/IPJ-Alba.jpg\" \/>\n<meta name=\"twitter:creator\" content=\"@urbeameaweb\" \/>\n<meta name=\"twitter:site\" content=\"@urbeameaweb\" \/>\n<script type=\"application\/ld+json\" class=\"yoast-schema-graph\">{\"@context\":\"https:\\\/\\\/schema.org\",\"@graph\":[{\"@type\":\"Article\",\"@id\":\"https:\\\/\\\/urbeamea.ro\\\/albaiulia\\\/peste-700-de-politisti-vor-asigura-masuri-de-ordine-si-siguranta-cu-ocazia-alegerilor-parlamentare\\\/#article\",\"isPartOf\":{\"@id\":\"https:\\\/\\\/urbeamea.ro\\\/albaiulia\\\/peste-700-de-politisti-vor-asigura-masuri-de-ordine-si-siguranta-cu-ocazia-alegerilor-parlamentare\\\/\"},\"author\":{\"name\":\"Cristina Ganga\",\"@id\":\"https:\\\/\\\/urbeamea.ro\\\/albaiulia\\\/#\\\/schema\\\/person\\\/9700d21fae21c4f038b0b56f4506264a\"},\"headline\":\"Peste 700 de poli\u021bi\u0219ti vor asigura m\u0103suri de ordine \u0219i siguran\u021b\u0103 cu ocazia alegerilor parlamentare\",\"datePublished\":\"2016-12-09T12:26:10+00:00\",\"mainEntityOfPage\":{\"@id\":\"https:\\\/\\\/urbeamea.ro\\\/albaiulia\\\/peste-700-de-politisti-vor-asigura-masuri-de-ordine-si-siguranta-cu-ocazia-alegerilor-parlamentare\\\/\"},\"wordCount\":267,\"commentCount\":0,\"image\":{\"@id\":\"https:\\\/\\\/urbeamea.ro\\\/albaiulia\\\/peste-700-de-politisti-vor-asigura-masuri-de-ordine-si-siguranta-cu-ocazia-alegerilor-parlamentare\\\/#primaryimage\"},\"thumbnailUrl\":\"https:\\\/\\\/urbeamea.ro\\\/albaiulia\\\/wp-content\\\/uploads\\\/2015\\\/09\\\/IPJ-Alba.jpg\",\"keywords\":[\"alba\",\"alegeri parlamentare\",\"IPJ\",\"liniste\",\"politisti\",\"siguranta publica\",\"stiri\",\"Urbea Mea\"],\"articleSection\":[\"Social\"],\"inLanguage\":\"ro-RO\",\"potentialAction\":[{\"@type\":\"CommentAction\",\"name\":\"Comment\",\"target\":[\"https:\\\/\\\/urbeamea.ro\\\/albaiulia\\\/peste-700-de-politisti-vor-asigura-masuri-de-ordine-si-siguranta-cu-ocazia-alegerilor-parlamentare\\\/#respond\"]}]},{\"@type\":\"WebPage\",\"@id\":\"https:\\\/\\\/urbeamea.ro\\\/albaiulia\\\/peste-700-de-politisti-vor-asigura-masuri-de-ordine-si-siguranta-cu-ocazia-alegerilor-parlamentare\\\/\",\"url\":\"https:\\\/\\\/urbeamea.ro\\\/albaiulia\\\/peste-700-de-politisti-vor-asigura-masuri-de-ordine-si-siguranta-cu-ocazia-alegerilor-parlamentare\\\/\",\"name\":\"Peste 700 de poli\u021bi\u0219ti vor asigura m\u0103suri de ordine \u0219i siguran\u021b\u0103 cu ocazia alegerilor parlamentare - Revista Urbea Mea - Revista de Alba\",\"isPartOf\":{\"@id\":\"https:\\\/\\\/urbeamea.ro\\\/albaiulia\\\/#website\"},\"primaryImageOfPage\":{\"@id\":\"https:\\\/\\\/urbeamea.ro\\\/albaiulia\\\/peste-700-de-politisti-vor-asigura-masuri-de-ordine-si-siguranta-cu-ocazia-alegerilor-parlamentare\\\/#primaryimage\"},\"image\":{\"@id\":\"https:\\\/\\\/urbeamea.ro\\\/albaiulia\\\/peste-700-de-politisti-vor-asigura-masuri-de-ordine-si-siguranta-cu-ocazia-alegerilor-parlamentare\\\/#primaryimage\"},\"thumbnailUrl\":\"https:\\\/\\\/urbeamea.ro\\\/albaiulia\\\/wp-content\\\/uploads\\\/2015\\\/09\\\/IPJ-Alba.jpg\",\"datePublished\":\"2016-12-09T12:26:10+00:00\",\"author\":{\"@id\":\"https:\\\/\\\/urbeamea.ro\\\/albaiulia\\\/#\\\/schema\\\/person\\\/9700d21fae21c4f038b0b56f4506264a\"},\"description\":\"Inspectoratul de Poli\u0163ie Jude\u0163ean Alba a luat toate m\u0103surile, din competen\u021b\u0103, pentru asigurarea unui climat de lini\u015fte \u015fi siguran\u0163\u0103 public\u0103, pe \u00eentreaga\",\"breadcrumb\":{\"@id\":\"https:\\\/\\\/urbeamea.ro\\\/albaiulia\\\/peste-700-de-politisti-vor-asigura-masuri-de-ordine-si-siguranta-cu-ocazia-alegerilor-parlamentare\\\/#breadcrumb\"},\"inLanguage\":\"ro-RO\",\"potentialAction\":[{\"@type\":\"ReadAction\",\"target\":[\"https:\\\/\\\/urbeamea.ro\\\/albaiulia\\\/peste-700-de-politisti-vor-asigura-masuri-de-ordine-si-siguranta-cu-ocazia-alegerilor-parlamentare\\\/\"]}]},{\"@type\":\"ImageObject\",\"inLanguage\":\"ro-RO\",\"@id\":\"https:\\\/\\\/urbeamea.ro\\\/albaiulia\\\/peste-700-de-politisti-vor-asigura-masuri-de-ordine-si-siguranta-cu-ocazia-alegerilor-parlamentare\\\/#primaryimage\",\"url\":\"https:\\\/\\\/urbeamea.ro\\\/albaiulia\\\/wp-content\\\/uploads\\\/2015\\\/09\\\/IPJ-Alba.jpg\",\"contentUrl\":\"https:\\\/\\\/urbeamea.ro\\\/albaiulia\\\/wp-content\\\/uploads\\\/2015\\\/09\\\/IPJ-Alba.jpg\",\"width\":800,\"height\":535},{\"@type\":\"BreadcrumbList\",\"@id\":\"https:\\\/\\\/urbeamea.ro\\\/albaiulia\\\/peste-700-de-politisti-vor-asigura-masuri-de-ordine-si-siguranta-cu-ocazia-alegerilor-parlamentare\\\/#breadcrumb\",\"itemListElement\":[{\"@type\":\"ListItem\",\"position\":1,\"name\":\"Prima pagin\u0103\",\"item\":\"https:\\\/\\\/urbeamea.ro\\\/albaiulia\\\/\"},{\"@type\":\"ListItem\",\"position\":2,\"name\":\"Peste 700 de poli\u021bi\u0219ti vor asigura m\u0103suri de ordine \u0219i siguran\u021b\u0103 cu ocazia alegerilor parlamentare\"}]},{\"@type\":\"WebSite\",\"@id\":\"https:\\\/\\\/urbeamea.ro\\\/albaiulia\\\/#website\",\"url\":\"https:\\\/\\\/urbeamea.ro\\\/albaiulia\\\/\",\"name\":\"Revista Urbea Mea, Stiri urbane\",\"description\":\"Evenimente \u0219i \u0219tiri din Alba Iulia, Sebe\u0219, Aiud, Blaj\",\"potentialAction\":[{\"@type\":\"SearchAction\",\"target\":{\"@type\":\"EntryPoint\",\"urlTemplate\":\"https:\\\/\\\/urbeamea.ro\\\/albaiulia\\\/?s={search_term_string}\"},\"query-input\":{\"@type\":\"PropertyValueSpecification\",\"valueRequired\":true,\"valueName\":\"search_term_string\"}}],\"inLanguage\":\"ro-RO\"},{\"@type\":\"Person\",\"@id\":\"https:\\\/\\\/urbeamea.ro\\\/albaiulia\\\/#\\\/schema\\\/person\\\/9700d21fae21c4f038b0b56f4506264a\",\"name\":\"Cristina Ganga\",\"image\":{\"@type\":\"ImageObject\",\"inLanguage\":\"ro-RO\",\"@id\":\"https:\\\/\\\/secure.gravatar.com\\\/avatar\\\/5a67661041f057b4a8ccaf26f5a8e86e2689372006d01faf3dd9eeb10b654bb4?s=96&d=mm&r=g\",\"url\":\"https:\\\/\\\/secure.gravatar.com\\\/avatar\\\/5a67661041f057b4a8ccaf26f5a8e86e2689372006d01faf3dd9eeb10b654bb4?s=96&d=mm&r=g\",\"contentUrl\":\"https:\\\/\\\/secure.gravatar.com\\\/avatar\\\/5a67661041f057b4a8ccaf26f5a8e86e2689372006d01faf3dd9eeb10b654bb4?s=96&d=mm&r=g\",\"caption\":\"Cristina Ganga\"},\"description\":\"Jurnalist\",\"sameAs\":[\"https:\\\/\\\/www.facebook.com\\\/cristina.nicola.587\"],\"url\":\"https:\\\/\\\/urbeamea.ro\\\/albaiulia\\\/author\\\/cristina-nicola\\\/\"}]}<\/script>\n<!-- \/ Yoast SEO plugin. -->","yoast_head_json":{"title":"Peste 700 de poli\u021bi\u0219ti vor asigura m\u0103suri de ordine \u0219i siguran\u021b\u0103 cu ocazia alegerilor parlamentare - Revista Urbea Mea - Revista de Alba","description":"Inspectoratul de Poli\u0163ie Jude\u0163ean Alba a luat toate m\u0103surile, din competen\u021b\u0103, pentru asigurarea unui climat de lini\u015fte \u015fi siguran\u0163\u0103 public\u0103, pe \u00eentreaga","robots":{"index":"index","follow":"follow","max-snippet":"max-snippet:-1","max-image-preview":"max-image-preview:large","max-video-preview":"max-video-preview:-1"},"canonical":"https:\/\/urbeamea.ro\/albaiulia\/peste-700-de-politisti-vor-asigura-masuri-de-ordine-si-siguranta-cu-ocazia-alegerilor-parlamentare\/","twitter_card":"summary_large_image","twitter_title":"Peste 700 de poli\u021bi\u0219ti vor asigura m\u0103suri de ordine \u0219i siguran\u021b\u0103 cu ocazia alegerilor parlamentare - Revista Urbea Mea - Revista de Alba","twitter_description":"Inspectoratul de Poli\u0163ie Jude\u0163ean Alba a luat toate m\u0103surile, din competen\u021b\u0103, pentru asigurarea unui climat de lini\u015fte \u015fi siguran\u0163\u0103 public\u0103, pe \u00eentreaga","twitter_image":"https:\/\/urbeamea.ro\/albaiulia\/wp-content\/uploads\/2015\/09\/IPJ-Alba.jpg","twitter_creator":"@urbeameaweb","twitter_site":"@urbeameaweb","schema":{"@context":"https:\/\/schema.org","@graph":[{"@type":"Article","@id":"https:\/\/urbeamea.ro\/albaiulia\/peste-700-de-politisti-vor-asigura-masuri-de-ordine-si-siguranta-cu-ocazia-alegerilor-parlamentare\/#article","isPartOf":{"@id":"https:\/\/urbeamea.ro\/albaiulia\/peste-700-de-politisti-vor-asigura-masuri-de-ordine-si-siguranta-cu-ocazia-alegerilor-parlamentare\/"},"author":{"name":"Cristina Ganga","@id":"https:\/\/urbeamea.ro\/albaiulia\/#\/schema\/person\/9700d21fae21c4f038b0b56f4506264a"},"headline":"Peste 700 de poli\u021bi\u0219ti vor asigura m\u0103suri de ordine \u0219i siguran\u021b\u0103 cu ocazia alegerilor parlamentare","datePublished":"2016-12-09T12:26:10+00:00","mainEntityOfPage":{"@id":"https:\/\/urbeamea.ro\/albaiulia\/peste-700-de-politisti-vor-asigura-masuri-de-ordine-si-siguranta-cu-ocazia-alegerilor-parlamentare\/"},"wordCount":267,"commentCount":0,"image":{"@id":"https:\/\/urbeamea.ro\/albaiulia\/peste-700-de-politisti-vor-asigura-masuri-de-ordine-si-siguranta-cu-ocazia-alegerilor-parlamentare\/#primaryimage"},"thumbnailUrl":"https:\/\/urbeamea.ro\/albaiulia\/wp-content\/uploads\/2015\/09\/IPJ-Alba.jpg","keywords":["alba","alegeri parlamentare","IPJ","liniste","politisti","siguranta publica","stiri","Urbea Mea"],"articleSection":["Social"],"inLanguage":"ro-RO","potentialAction":[{"@type":"CommentAction","name":"Comment","target":["https:\/\/urbeamea.ro\/albaiulia\/peste-700-de-politisti-vor-asigura-masuri-de-ordine-si-siguranta-cu-ocazia-alegerilor-parlamentare\/#respond"]}]},{"@type":"WebPage","@id":"https:\/\/urbeamea.ro\/albaiulia\/peste-700-de-politisti-vor-asigura-masuri-de-ordine-si-siguranta-cu-ocazia-alegerilor-parlamentare\/","url":"https:\/\/urbeamea.ro\/albaiulia\/peste-700-de-politisti-vor-asigura-masuri-de-ordine-si-siguranta-cu-ocazia-alegerilor-parlamentare\/","name":"Peste 700 de poli\u021bi\u0219ti vor asigura m\u0103suri de ordine \u0219i siguran\u021b\u0103 cu ocazia alegerilor parlamentare - Revista Urbea Mea - Revista de Alba","isPartOf":{"@id":"https:\/\/urbeamea.ro\/albaiulia\/#website"},"primaryImageOfPage":{"@id":"https:\/\/urbeamea.ro\/albaiulia\/peste-700-de-politisti-vor-asigura-masuri-de-ordine-si-siguranta-cu-ocazia-alegerilor-parlamentare\/#primaryimage"},"image":{"@id":"https:\/\/urbeamea.ro\/albaiulia\/peste-700-de-politisti-vor-asigura-masuri-de-ordine-si-siguranta-cu-ocazia-alegerilor-parlamentare\/#primaryimage"},"thumbnailUrl":"https:\/\/urbeamea.ro\/albaiulia\/wp-content\/uploads\/2015\/09\/IPJ-Alba.jpg","datePublished":"2016-12-09T12:26:10+00:00","author":{"@id":"https:\/\/urbeamea.ro\/albaiulia\/#\/schema\/person\/9700d21fae21c4f038b0b56f4506264a"},"description":"Inspectoratul de Poli\u0163ie Jude\u0163ean Alba a luat toate m\u0103surile, din competen\u021b\u0103, pentru asigurarea unui climat de lini\u015fte \u015fi siguran\u0163\u0103 public\u0103, pe \u00eentreaga","breadcrumb":{"@id":"https:\/\/urbeamea.ro\/albaiulia\/peste-700-de-politisti-vor-asigura-masuri-de-ordine-si-siguranta-cu-ocazia-alegerilor-parlamentare\/#breadcrumb"},"inLanguage":"ro-RO","potentialAction":[{"@type":"ReadAction","target":["https:\/\/urbeamea.ro\/albaiulia\/peste-700-de-politisti-vor-asigura-masuri-de-ordine-si-siguranta-cu-ocazia-alegerilor-parlamentare\/"]}]},{"@type":"ImageObject","inLanguage":"ro-RO","@id":"https:\/\/urbeamea.ro\/albaiulia\/peste-700-de-politisti-vor-asigura-masuri-de-ordine-si-siguranta-cu-ocazia-alegerilor-parlamentare\/#primaryimage","url":"https:\/\/urbeamea.ro\/albaiulia\/wp-content\/uploads\/2015\/09\/IPJ-Alba.jpg","contentUrl":"https:\/\/urbeamea.ro\/albaiulia\/wp-content\/uploads\/2015\/09\/IPJ-Alba.jpg","width":800,"height":535},{"@type":"BreadcrumbList","@id":"https:\/\/urbeamea.ro\/albaiulia\/peste-700-de-politisti-vor-asigura-masuri-de-ordine-si-siguranta-cu-ocazia-alegerilor-parlamentare\/#breadcrumb","itemListElement":[{"@type":"ListItem","position":1,"name":"Prima pagin\u0103","item":"https:\/\/urbeamea.ro\/albaiulia\/"},{"@type":"ListItem","position":2,"name":"Peste 700 de poli\u021bi\u0219ti vor asigura m\u0103suri de ordine \u0219i siguran\u021b\u0103 cu ocazia alegerilor parlamentare"}]},{"@type":"WebSite","@id":"https:\/\/urbeamea.ro\/albaiulia\/#website","url":"https:\/\/urbeamea.ro\/albaiulia\/","name":"Revista Urbea Mea, Stiri urbane","description":"Evenimente \u0219i \u0219tiri din Alba Iulia, Sebe\u0219, Aiud, Blaj","potentialAction":[{"@type":"SearchAction","target":{"@type":"EntryPoint","urlTemplate":"https:\/\/urbeamea.ro\/albaiulia\/?s={search_term_string}"},"query-input":{"@type":"PropertyValueSpecification","valueRequired":true,"valueName":"search_term_string"}}],"inLanguage":"ro-RO"},{"@type":"Person","@id":"https:\/\/urbeamea.ro\/albaiulia\/#\/schema\/person\/9700d21fae21c4f038b0b56f4506264a","name":"Cristina Ganga","image":{"@type":"ImageObject","inLanguage":"ro-RO","@id":"https:\/\/secure.gravatar.com\/avatar\/5a67661041f057b4a8ccaf26f5a8e86e2689372006d01faf3dd9eeb10b654bb4?s=96&d=mm&r=g","url":"https:\/\/secure.gravatar.com\/avatar\/5a67661041f057b4a8ccaf26f5a8e86e2689372006d01faf3dd9eeb10b654bb4?s=96&d=mm&r=g","contentUrl":"https:\/\/secure.gravatar.com\/avatar\/5a67661041f057b4a8ccaf26f5a8e86e2689372006d01faf3dd9eeb10b654bb4?s=96&d=mm&r=g","caption":"Cristina Ganga"},"description":"Jurnalist","sameAs":["https:\/\/www.facebook.com\/cristina.nicola.587"],"url":"https:\/\/urbeamea.ro\/albaiulia\/author\/cristina-nicola\/"}]}},"_links":{"self":[{"href":"https:\/\/urbeamea.ro\/albaiulia\/wp-json\/wp\/v2\/posts\/37152","targetHints":{"allow":["GET"]}}],"collection":[{"href":"https:\/\/urbeamea.ro\/albaiulia\/wp-json\/wp\/v2\/posts"}],"about":[{"href":"https:\/\/urbeamea.ro\/albaiulia\/wp-json\/wp\/v2\/types\/post"}],"author":[{"embeddable":true,"href":"https:\/\/urbeamea.ro\/albaiulia\/wp-json\/wp\/v2\/users\/17"}],"replies":[{"embeddable":true,"href":"https:\/\/urbeamea.ro\/albaiulia\/wp-json\/wp\/v2\/comments?post=37152"}],"version-history":[{"count":0,"href":"https:\/\/urbeamea.ro\/albaiulia\/wp-json\/wp\/v2\/posts\/37152\/revisions"}],"wp:featuredmedia":[{"embeddable":true,"href":"https:\/\/urbeamea.ro\/albaiulia\/wp-json\/wp\/v2\/media\/8417"}],"wp:attachment":[{"href":"https:\/\/urbeamea.ro\/albaiulia\/wp-json\/wp\/v2\/media?parent=37152"}],"wp:term":[{"taxonomy":"category","embeddable":true,"href":"https:\/\/urbeamea.ro\/albaiulia\/wp-json\/wp\/v2\/categories?post=37152"},{"taxonomy":"post_tag","embeddable":true,"href":"https:\/\/urbeamea.ro\/albaiulia\/wp-json\/wp\/v2\/tags?post=37152"}],"curies":[{"name":"wp","href":"https:\/\/api.w.org\/{rel}","templated":true}]}}