{"id":37160,"date":"2016-12-09T17:35:25","date_gmt":"2016-12-09T15:35:25","guid":{"rendered":"http:\/\/urbeamea.ro\/albaiulia\/?p=37160"},"modified":"2016-12-09T17:35:25","modified_gmt":"2016-12-09T15:35:25","slug":"foto-ziua-internationala-a-persoanelor-cu-handicap-marcata-la-alba-iulia-prin-evenimentul-bucuria-darului","status":"publish","type":"post","link":"https:\/\/urbeamea.ro\/albaiulia\/foto-ziua-internationala-a-persoanelor-cu-handicap-marcata-la-alba-iulia-prin-evenimentul-bucuria-darului\/","title":{"rendered":"FOTO: \u201dZiua interna\u0163ional\u0103 a Persoanelor cu Handicap\u201d, marcat\u0103 la Alba Iulia prin evenimentul \u201dBucuria darului\u201d"},"content":{"rendered":"<p><strong><img loading=\"lazy\" decoding=\"async\" class=\"size-medium wp-image-37161 alignleft\" src=\"http:\/\/urbeamea.ro\/albaiulia\/wp-content\/uploads\/2016\/12\/DSC_0040-2-300x200.jpg\" alt=\"\" width=\"300\" height=\"200\" \/>Peste 250 de persoane cu dizabilit\u0103\u0163i din jude\u0163ul Alba au participat joi, 8 decembrie, la Casa de Cultur\u0103 a Studen\u0163ilor din Alba Iulia la evenimentul \u201eBucuria Darului\u201d prin care a fost s\u0103rb\u0103torit\u0103 \u201eZiua Interna\u0163ional\u0103 a Persoanelor cu Handicap\u201d. Evenimentul, ajuns la cea de-a VII-a edi\u0163ie, a fost organizat de Asocia\u0163ia Filantropia Ortodox\u0103 Alba Iulia \u015fi Direc\u0163ia de Asisten\u0163\u0103 Social\u0103 din cadrul Prim\u0103riei Municipiului Alba Iulia. <\/strong><\/p>\n<p>Programul a cuprins colinde \u00een interpretarea Corului Centrului de servicii acordate \u00een comunitate Sf\u00e2ntul Meletie \u2013 centru de zi pentru persoanele cu handicap din Alba Iulia, format din persoane cu deficien\u0163e de auz \u015fi vorbire \u015fi persoane cu handicap, coordonat de c\u0103tre Pr. Petru Ha\u015fegan.<\/p>\n<p>\u00cen continuare, tinerii Asocia\u0163iei Na\u0163ionale a Surzilor din Rom\u00e2nia, Filiala Alba au \u00eenc\u00e2ntat audien\u0163a cu un moment coregrafic, iar soli\u015ftii vocali Ioan Damian \u2013 Asocia\u0163ia Nev\u0103z\u0103torilor din Rom\u00e2nia Filiala Alba-Hunedoara \u015fi Hebian Bianca \u2013 Centru de Recuperare Neuropsihic\u0103 Galda au interpretat c\u00e2teva colinde.<\/p>\n<p>\u00cen cadrul spectacolului au mai fost prezente Corul Seminarului Teologic Ortodox \u201eSf\u00e2ntul Simion \u015etefan\u201d din Alba Iulia, dirijat de c\u0103tre Pr. Prof. Dr. Nicolae Top\u00e2rcean, Corul Sf\u00e2nta Ecaterina din Alba Iulia \u015fi \u201eGrupul Primavera\u201d, coordonat de Marinela Popa.<\/p>\n<p>Pe parcursul evenimentului, \u00een holul Casei de Cultur\u0103 a Studen\u0163ilor a avut loc o expozi\u0163ie de obiecte \u015fi decora\u0163iuni de Cr\u0103ciun, confec\u0163ionate de persoanele cu dizabilit\u0103\u0163i beneficiare ale Centrului Sf\u00e2ntul Meletie.<\/p>\n<div id='gallery-1' class='gallery galleryid-37160 gallery-columns-3 gallery-size-thumbnail'><figure class='gallery-item'>\n\t\t\t<div class='gallery-icon landscape'>\n\t\t\t\t<a href='https:\/\/urbeamea.ro\/albaiulia\/wp-content\/uploads\/2016\/12\/DSC_0040-2.jpg'><img decoding=\"async\" width=\"150\" height=\"100\" src=\"data:image\/png;base64,iVBORw0KGgoAAAANSUhEUgAAAYYAAADcAQMAAABOLJSDAAAAA1BMVEUAAACnej3aAAAAAXRSTlMAQObYZgAAACJJREFUaIHtwTEBAAAAwqD1T20ND6AAAAAAAAAAAAAA4N8AKvgAAUFIrrEAAAAASUVORK5CYII=\" class=\"attachment-thumbnail size-thumbnail lazy-img\" alt=\"\" srcset=\"https:\/\/urbeamea.ro\/albaiulia\/wp-content\/uploads\/2016\/12\/DSC_0040-2-150x100.jpg 150w, https:\/\/urbeamea.ro\/albaiulia\/wp-content\/uploads\/2016\/12\/DSC_0040-2-640x426.jpg 640w, https:\/\/urbeamea.ro\/albaiulia\/wp-content\/uploads\/2016\/12\/DSC_0040-2-768x512.jpg 768w, https:\/\/urbeamea.ro\/albaiulia\/wp-content\/uploads\/2016\/12\/DSC_0040-2.jpg 800w\" sizes=\"auto, (max-width: 150px) 100vw, 150px\" data-src=\"https:\/\/urbeamea.ro\/albaiulia\/wp-content\/uploads\/2016\/12\/DSC_0040-2-150x100.jpg\" loading=\"lazy\" \/><\/a>\n\t\t\t<\/div><\/figure><figure class='gallery-item'>\n\t\t\t<div class='gallery-icon landscape'>\n\t\t\t\t<a href='https:\/\/urbeamea.ro\/albaiulia\/wp-content\/uploads\/2016\/12\/DSC_0070-3.jpg'><img decoding=\"async\" width=\"150\" height=\"100\" src=\"data:image\/png;base64,iVBORw0KGgoAAAANSUhEUgAAAYYAAADcAQMAAABOLJSDAAAAA1BMVEUAAACnej3aAAAAAXRSTlMAQObYZgAAACJJREFUaIHtwTEBAAAAwqD1T20ND6AAAAAAAAAAAAAA4N8AKvgAAUFIrrEAAAAASUVORK5CYII=\" class=\"attachment-thumbnail size-thumbnail lazy-img\" alt=\"\" srcset=\"https:\/\/urbeamea.ro\/albaiulia\/wp-content\/uploads\/2016\/12\/DSC_0070-3-150x100.jpg 150w, https:\/\/urbeamea.ro\/albaiulia\/wp-content\/uploads\/2016\/12\/DSC_0070-3-300x200.jpg 300w, https:\/\/urbeamea.ro\/albaiulia\/wp-content\/uploads\/2016\/12\/DSC_0070-3-768x512.jpg 768w, https:\/\/urbeamea.ro\/albaiulia\/wp-content\/uploads\/2016\/12\/DSC_0070-3.jpg 800w\" sizes=\"auto, (max-width: 150px) 100vw, 150px\" data-src=\"https:\/\/urbeamea.ro\/albaiulia\/wp-content\/uploads\/2016\/12\/DSC_0070-3-150x100.jpg\" loading=\"lazy\" \/><\/a>\n\t\t\t<\/div><\/figure><figure class='gallery-item'>\n\t\t\t<div class='gallery-icon landscape'>\n\t\t\t\t<a href='https:\/\/urbeamea.ro\/albaiulia\/wp-content\/uploads\/2016\/12\/DSC_0098-2.jpg'><img decoding=\"async\" width=\"150\" height=\"100\" src=\"data:image\/png;base64,iVBORw0KGgoAAAANSUhEUgAAAYYAAADcAQMAAABOLJSDAAAAA1BMVEUAAACnej3aAAAAAXRSTlMAQObYZgAAACJJREFUaIHtwTEBAAAAwqD1T20ND6AAAAAAAAAAAAAA4N8AKvgAAUFIrrEAAAAASUVORK5CYII=\" class=\"attachment-thumbnail size-thumbnail lazy-img\" alt=\"\" srcset=\"https:\/\/urbeamea.ro\/albaiulia\/wp-content\/uploads\/2016\/12\/DSC_0098-2-150x100.jpg 150w, https:\/\/urbeamea.ro\/albaiulia\/wp-content\/uploads\/2016\/12\/DSC_0098-2-300x200.jpg 300w, https:\/\/urbeamea.ro\/albaiulia\/wp-content\/uploads\/2016\/12\/DSC_0098-2-768x512.jpg 768w, https:\/\/urbeamea.ro\/albaiulia\/wp-content\/uploads\/2016\/12\/DSC_0098-2.jpg 800w\" sizes=\"auto, (max-width: 150px) 100vw, 150px\" data-src=\"https:\/\/urbeamea.ro\/albaiulia\/wp-content\/uploads\/2016\/12\/DSC_0098-2-150x100.jpg\" loading=\"lazy\" \/><\/a>\n\t\t\t<\/div><\/figure><figure class='gallery-item'>\n\t\t\t<div class='gallery-icon landscape'>\n\t\t\t\t<a href='https:\/\/urbeamea.ro\/albaiulia\/wp-content\/uploads\/2016\/12\/DSC_0150.jpg'><img decoding=\"async\" width=\"150\" height=\"100\" src=\"data:image\/png;base64,iVBORw0KGgoAAAANSUhEUgAAAYYAAADcAQMAAABOLJSDAAAAA1BMVEUAAACnej3aAAAAAXRSTlMAQObYZgAAACJJREFUaIHtwTEBAAAAwqD1T20ND6AAAAAAAAAAAAAA4N8AKvgAAUFIrrEAAAAASUVORK5CYII=\" class=\"attachment-thumbnail size-thumbnail lazy-img\" alt=\"\" srcset=\"https:\/\/urbeamea.ro\/albaiulia\/wp-content\/uploads\/2016\/12\/DSC_0150-150x100.jpg 150w, https:\/\/urbeamea.ro\/albaiulia\/wp-content\/uploads\/2016\/12\/DSC_0150-300x200.jpg 300w, https:\/\/urbeamea.ro\/albaiulia\/wp-content\/uploads\/2016\/12\/DSC_0150-768x512.jpg 768w, https:\/\/urbeamea.ro\/albaiulia\/wp-content\/uploads\/2016\/12\/DSC_0150.jpg 800w\" sizes=\"auto, (max-width: 150px) 100vw, 150px\" data-src=\"https:\/\/urbeamea.ro\/albaiulia\/wp-content\/uploads\/2016\/12\/DSC_0150-150x100.jpg\" loading=\"lazy\" \/><\/a>\n\t\t\t<\/div><\/figure><figure class='gallery-item'>\n\t\t\t<div class='gallery-icon landscape'>\n\t\t\t\t<a href='https:\/\/urbeamea.ro\/albaiulia\/wp-content\/uploads\/2016\/12\/DSC_00961.jpg'><img decoding=\"async\" width=\"150\" height=\"100\" src=\"data:image\/png;base64,iVBORw0KGgoAAAANSUhEUgAAAYYAAADcAQMAAABOLJSDAAAAA1BMVEUAAACnej3aAAAAAXRSTlMAQObYZgAAACJJREFUaIHtwTEBAAAAwqD1T20ND6AAAAAAAAAAAAAA4N8AKvgAAUFIrrEAAAAASUVORK5CYII=\" class=\"attachment-thumbnail size-thumbnail lazy-img\" alt=\"\" srcset=\"https:\/\/urbeamea.ro\/albaiulia\/wp-content\/uploads\/2016\/12\/DSC_00961-150x100.jpg 150w, https:\/\/urbeamea.ro\/albaiulia\/wp-content\/uploads\/2016\/12\/DSC_00961-300x200.jpg 300w, https:\/\/urbeamea.ro\/albaiulia\/wp-content\/uploads\/2016\/12\/DSC_00961-768x512.jpg 768w, https:\/\/urbeamea.ro\/albaiulia\/wp-content\/uploads\/2016\/12\/DSC_00961.jpg 800w\" sizes=\"auto, (max-width: 150px) 100vw, 150px\" data-src=\"https:\/\/urbeamea.ro\/albaiulia\/wp-content\/uploads\/2016\/12\/DSC_00961-150x100.jpg\" loading=\"lazy\" \/><\/a>\n\t\t\t<\/div><\/figure>\n\t\t<\/div>\n\n","protected":false},"excerpt":{"rendered":"<p>Peste 250 de persoane cu dizabilit\u0103\u0163i din jude\u0163ul Alba au participat joi, 8 decembrie, la Casa de Cultur\u0103 a Studen\u0163ilor din Alba Iulia la evenimentul \u201eBucuria Darului\u201d prin care a fost s\u0103rb\u0103torit\u0103 \u201eZiua Interna\u0163ional\u0103 a Persoanelor cu Handicap\u201d. Evenimentul, ajuns la cea de-a VII-a edi\u0163ie, a fost organizat de Asocia\u0163ia Filantropia Ortodox\u0103 Alba Iulia \u015fi &hellip;<\/p>\n","protected":false},"author":17,"featured_media":37161,"comment_status":"open","ping_status":"open","sticky":false,"template":"","format":"standard","meta":{"inline_featured_image":false,"footnotes":""},"categories":[2034],"tags":[31,3285,8986,337,1250,8988,8989,1107,308,76,8987],"class_list":["post-37160","post","type-post","status-publish","format-standard","has-post-thumbnail","hentry","category-social","tag-alba-iulia","tag-asociatia-filantropia-ortodoxa-alba-iulia","tag-bucuria-darului","tag-casa-de-cultura-a-studentilor","tag-colinde","tag-directia-de-asistenta-sociala","tag-persoane-cu-deficenta-de-auz","tag-primaria-alba-iulia","tag-stiri","tag-urbea-mea","tag-ziua-internationala-a-persoanelor-cu-handicap"],"yoast_head":"<!-- This site is optimized with the Yoast SEO plugin v28.3 - https:\/\/yoast.com\/product\/yoast-seo-wordpress\/ -->\n<title>FOTO: \u201dZiua interna\u0163ional\u0103 a Persoanelor cu Handicap\u201d, marcat\u0103 la Alba Iulia prin evenimentul \u201dBucuria darului\u201d - Revista Urbea Mea - Revista de Alba<\/title>\n<meta name=\"description\" content=\"Peste 250 de persoane cu dizabilit\u0103\u0163i din jude\u0163ul Alba au participat joi, 8 decembrie, la Casa de Cultur\u0103 a Studen\u0163ilor din Alba Iulia la evenimentul\" \/>\n<meta name=\"robots\" content=\"index, follow, max-snippet:-1, max-image-preview:large, max-video-preview:-1\" \/>\n<link rel=\"canonical\" href=\"https:\/\/urbeamea.ro\/albaiulia\/foto-ziua-internationala-a-persoanelor-cu-handicap-marcata-la-alba-iulia-prin-evenimentul-bucuria-darului\/\" \/>\n<meta name=\"twitter:card\" content=\"summary_large_image\" \/>\n<meta name=\"twitter:title\" content=\"FOTO: \u201dZiua interna\u0163ional\u0103 a Persoanelor cu Handicap\u201d, marcat\u0103 la Alba Iulia prin evenimentul \u201dBucuria darului\u201d - Revista Urbea Mea - Revista de Alba\" \/>\n<meta name=\"twitter:description\" content=\"Peste 250 de persoane cu dizabilit\u0103\u0163i din jude\u0163ul Alba au participat joi, 8 decembrie, la Casa de Cultur\u0103 a Studen\u0163ilor din Alba Iulia la evenimentul\" \/>\n<meta name=\"twitter:image\" content=\"https:\/\/urbeamea.ro\/albaiulia\/wp-content\/uploads\/2016\/12\/DSC_0040-2.jpg\" \/>\n<meta name=\"twitter:creator\" content=\"@urbeameaweb\" \/>\n<meta name=\"twitter:site\" content=\"@urbeameaweb\" \/>\n<script type=\"application\/ld+json\" class=\"yoast-schema-graph\">{\"@context\":\"https:\\\/\\\/schema.org\",\"@graph\":[{\"@type\":\"Article\",\"@id\":\"https:\\\/\\\/urbeamea.ro\\\/albaiulia\\\/foto-ziua-internationala-a-persoanelor-cu-handicap-marcata-la-alba-iulia-prin-evenimentul-bucuria-darului\\\/#article\",\"isPartOf\":{\"@id\":\"https:\\\/\\\/urbeamea.ro\\\/albaiulia\\\/foto-ziua-internationala-a-persoanelor-cu-handicap-marcata-la-alba-iulia-prin-evenimentul-bucuria-darului\\\/\"},\"author\":{\"name\":\"Cristina Ganga\",\"@id\":\"https:\\\/\\\/urbeamea.ro\\\/albaiulia\\\/#\\\/schema\\\/person\\\/9700d21fae21c4f038b0b56f4506264a\"},\"headline\":\"FOTO: \u201dZiua interna\u0163ional\u0103 a Persoanelor cu Handicap\u201d, marcat\u0103 la Alba Iulia prin evenimentul \u201dBucuria darului\u201d\",\"datePublished\":\"2016-12-09T15:35:25+00:00\",\"mainEntityOfPage\":{\"@id\":\"https:\\\/\\\/urbeamea.ro\\\/albaiulia\\\/foto-ziua-internationala-a-persoanelor-cu-handicap-marcata-la-alba-iulia-prin-evenimentul-bucuria-darului\\\/\"},\"wordCount\":273,\"commentCount\":0,\"image\":{\"@id\":\"https:\\\/\\\/urbeamea.ro\\\/albaiulia\\\/foto-ziua-internationala-a-persoanelor-cu-handicap-marcata-la-alba-iulia-prin-evenimentul-bucuria-darului\\\/#primaryimage\"},\"thumbnailUrl\":\"https:\\\/\\\/urbeamea.ro\\\/albaiulia\\\/wp-content\\\/uploads\\\/2016\\\/12\\\/DSC_0040-2.jpg\",\"keywords\":[\"Alba Iulia\",\"Asocia\u0163ia Filantropia Ortodox\u0103 Alba Iulia\",\"bucuria darului\",\"casa de cultura a studentilor\",\"colinde\",\"directia de asistenta sociala\",\"persoane cu deficenta de auz\",\"primaria alba iulia\",\"stiri\",\"Urbea Mea\",\"ziua internationala a persoanelor cu handicap\"],\"articleSection\":[\"Social\"],\"inLanguage\":\"ro-RO\",\"potentialAction\":[{\"@type\":\"CommentAction\",\"name\":\"Comment\",\"target\":[\"https:\\\/\\\/urbeamea.ro\\\/albaiulia\\\/foto-ziua-internationala-a-persoanelor-cu-handicap-marcata-la-alba-iulia-prin-evenimentul-bucuria-darului\\\/#respond\"]}]},{\"@type\":\"WebPage\",\"@id\":\"https:\\\/\\\/urbeamea.ro\\\/albaiulia\\\/foto-ziua-internationala-a-persoanelor-cu-handicap-marcata-la-alba-iulia-prin-evenimentul-bucuria-darului\\\/\",\"url\":\"https:\\\/\\\/urbeamea.ro\\\/albaiulia\\\/foto-ziua-internationala-a-persoanelor-cu-handicap-marcata-la-alba-iulia-prin-evenimentul-bucuria-darului\\\/\",\"name\":\"FOTO: \u201dZiua interna\u0163ional\u0103 a Persoanelor cu Handicap\u201d, marcat\u0103 la Alba Iulia prin evenimentul \u201dBucuria darului\u201d - Revista Urbea Mea - Revista de Alba\",\"isPartOf\":{\"@id\":\"https:\\\/\\\/urbeamea.ro\\\/albaiulia\\\/#website\"},\"primaryImageOfPage\":{\"@id\":\"https:\\\/\\\/urbeamea.ro\\\/albaiulia\\\/foto-ziua-internationala-a-persoanelor-cu-handicap-marcata-la-alba-iulia-prin-evenimentul-bucuria-darului\\\/#primaryimage\"},\"image\":{\"@id\":\"https:\\\/\\\/urbeamea.ro\\\/albaiulia\\\/foto-ziua-internationala-a-persoanelor-cu-handicap-marcata-la-alba-iulia-prin-evenimentul-bucuria-darului\\\/#primaryimage\"},\"thumbnailUrl\":\"https:\\\/\\\/urbeamea.ro\\\/albaiulia\\\/wp-content\\\/uploads\\\/2016\\\/12\\\/DSC_0040-2.jpg\",\"datePublished\":\"2016-12-09T15:35:25+00:00\",\"author\":{\"@id\":\"https:\\\/\\\/urbeamea.ro\\\/albaiulia\\\/#\\\/schema\\\/person\\\/9700d21fae21c4f038b0b56f4506264a\"},\"description\":\"Peste 250 de persoane cu dizabilit\u0103\u0163i din jude\u0163ul Alba au participat joi, 8 decembrie, la Casa de Cultur\u0103 a Studen\u0163ilor din Alba Iulia la evenimentul\",\"breadcrumb\":{\"@id\":\"https:\\\/\\\/urbeamea.ro\\\/albaiulia\\\/foto-ziua-internationala-a-persoanelor-cu-handicap-marcata-la-alba-iulia-prin-evenimentul-bucuria-darului\\\/#breadcrumb\"},\"inLanguage\":\"ro-RO\",\"potentialAction\":[{\"@type\":\"ReadAction\",\"target\":[\"https:\\\/\\\/urbeamea.ro\\\/albaiulia\\\/foto-ziua-internationala-a-persoanelor-cu-handicap-marcata-la-alba-iulia-prin-evenimentul-bucuria-darului\\\/\"]}]},{\"@type\":\"ImageObject\",\"inLanguage\":\"ro-RO\",\"@id\":\"https:\\\/\\\/urbeamea.ro\\\/albaiulia\\\/foto-ziua-internationala-a-persoanelor-cu-handicap-marcata-la-alba-iulia-prin-evenimentul-bucuria-darului\\\/#primaryimage\",\"url\":\"https:\\\/\\\/urbeamea.ro\\\/albaiulia\\\/wp-content\\\/uploads\\\/2016\\\/12\\\/DSC_0040-2.jpg\",\"contentUrl\":\"https:\\\/\\\/urbeamea.ro\\\/albaiulia\\\/wp-content\\\/uploads\\\/2016\\\/12\\\/DSC_0040-2.jpg\",\"width\":800,\"height\":533},{\"@type\":\"BreadcrumbList\",\"@id\":\"https:\\\/\\\/urbeamea.ro\\\/albaiulia\\\/foto-ziua-internationala-a-persoanelor-cu-handicap-marcata-la-alba-iulia-prin-evenimentul-bucuria-darului\\\/#breadcrumb\",\"itemListElement\":[{\"@type\":\"ListItem\",\"position\":1,\"name\":\"Prima pagin\u0103\",\"item\":\"https:\\\/\\\/urbeamea.ro\\\/albaiulia\\\/\"},{\"@type\":\"ListItem\",\"position\":2,\"name\":\"FOTO: \u201dZiua interna\u0163ional\u0103 a Persoanelor cu Handicap\u201d, marcat\u0103 la Alba Iulia prin evenimentul \u201dBucuria darului\u201d\"}]},{\"@type\":\"WebSite\",\"@id\":\"https:\\\/\\\/urbeamea.ro\\\/albaiulia\\\/#website\",\"url\":\"https:\\\/\\\/urbeamea.ro\\\/albaiulia\\\/\",\"name\":\"Revista Urbea Mea, Stiri urbane\",\"description\":\"Evenimente \u0219i \u0219tiri din Alba Iulia, Sebe\u0219, Aiud, Blaj\",\"potentialAction\":[{\"@type\":\"SearchAction\",\"target\":{\"@type\":\"EntryPoint\",\"urlTemplate\":\"https:\\\/\\\/urbeamea.ro\\\/albaiulia\\\/?s={search_term_string}\"},\"query-input\":{\"@type\":\"PropertyValueSpecification\",\"valueRequired\":true,\"valueName\":\"search_term_string\"}}],\"inLanguage\":\"ro-RO\"},{\"@type\":\"Person\",\"@id\":\"https:\\\/\\\/urbeamea.ro\\\/albaiulia\\\/#\\\/schema\\\/person\\\/9700d21fae21c4f038b0b56f4506264a\",\"name\":\"Cristina Ganga\",\"image\":{\"@type\":\"ImageObject\",\"inLanguage\":\"ro-RO\",\"@id\":\"https:\\\/\\\/secure.gravatar.com\\\/avatar\\\/5a67661041f057b4a8ccaf26f5a8e86e2689372006d01faf3dd9eeb10b654bb4?s=96&d=mm&r=g\",\"url\":\"https:\\\/\\\/secure.gravatar.com\\\/avatar\\\/5a67661041f057b4a8ccaf26f5a8e86e2689372006d01faf3dd9eeb10b654bb4?s=96&d=mm&r=g\",\"contentUrl\":\"https:\\\/\\\/secure.gravatar.com\\\/avatar\\\/5a67661041f057b4a8ccaf26f5a8e86e2689372006d01faf3dd9eeb10b654bb4?s=96&d=mm&r=g\",\"caption\":\"Cristina Ganga\"},\"description\":\"Jurnalist\",\"sameAs\":[\"https:\\\/\\\/www.facebook.com\\\/cristina.nicola.587\"],\"url\":\"https:\\\/\\\/urbeamea.ro\\\/albaiulia\\\/author\\\/cristina-nicola\\\/\"}]}<\/script>\n<!-- \/ Yoast SEO plugin. -->","yoast_head_json":{"title":"FOTO: \u201dZiua interna\u0163ional\u0103 a Persoanelor cu Handicap\u201d, marcat\u0103 la Alba Iulia prin evenimentul \u201dBucuria darului\u201d - Revista Urbea Mea - Revista de Alba","description":"Peste 250 de persoane cu dizabilit\u0103\u0163i din jude\u0163ul Alba au participat joi, 8 decembrie, la Casa de Cultur\u0103 a Studen\u0163ilor din Alba Iulia la evenimentul","robots":{"index":"index","follow":"follow","max-snippet":"max-snippet:-1","max-image-preview":"max-image-preview:large","max-video-preview":"max-video-preview:-1"},"canonical":"https:\/\/urbeamea.ro\/albaiulia\/foto-ziua-internationala-a-persoanelor-cu-handicap-marcata-la-alba-iulia-prin-evenimentul-bucuria-darului\/","twitter_card":"summary_large_image","twitter_title":"FOTO: \u201dZiua interna\u0163ional\u0103 a Persoanelor cu Handicap\u201d, marcat\u0103 la Alba Iulia prin evenimentul \u201dBucuria darului\u201d - Revista Urbea Mea - Revista de Alba","twitter_description":"Peste 250 de persoane cu dizabilit\u0103\u0163i din jude\u0163ul Alba au participat joi, 8 decembrie, la Casa de Cultur\u0103 a Studen\u0163ilor din Alba Iulia la evenimentul","twitter_image":"https:\/\/urbeamea.ro\/albaiulia\/wp-content\/uploads\/2016\/12\/DSC_0040-2.jpg","twitter_creator":"@urbeameaweb","twitter_site":"@urbeameaweb","schema":{"@context":"https:\/\/schema.org","@graph":[{"@type":"Article","@id":"https:\/\/urbeamea.ro\/albaiulia\/foto-ziua-internationala-a-persoanelor-cu-handicap-marcata-la-alba-iulia-prin-evenimentul-bucuria-darului\/#article","isPartOf":{"@id":"https:\/\/urbeamea.ro\/albaiulia\/foto-ziua-internationala-a-persoanelor-cu-handicap-marcata-la-alba-iulia-prin-evenimentul-bucuria-darului\/"},"author":{"name":"Cristina Ganga","@id":"https:\/\/urbeamea.ro\/albaiulia\/#\/schema\/person\/9700d21fae21c4f038b0b56f4506264a"},"headline":"FOTO: \u201dZiua interna\u0163ional\u0103 a Persoanelor cu Handicap\u201d, marcat\u0103 la Alba Iulia prin evenimentul \u201dBucuria darului\u201d","datePublished":"2016-12-09T15:35:25+00:00","mainEntityOfPage":{"@id":"https:\/\/urbeamea.ro\/albaiulia\/foto-ziua-internationala-a-persoanelor-cu-handicap-marcata-la-alba-iulia-prin-evenimentul-bucuria-darului\/"},"wordCount":273,"commentCount":0,"image":{"@id":"https:\/\/urbeamea.ro\/albaiulia\/foto-ziua-internationala-a-persoanelor-cu-handicap-marcata-la-alba-iulia-prin-evenimentul-bucuria-darului\/#primaryimage"},"thumbnailUrl":"https:\/\/urbeamea.ro\/albaiulia\/wp-content\/uploads\/2016\/12\/DSC_0040-2.jpg","keywords":["Alba Iulia","Asocia\u0163ia Filantropia Ortodox\u0103 Alba Iulia","bucuria darului","casa de cultura a studentilor","colinde","directia de asistenta sociala","persoane cu deficenta de auz","primaria alba iulia","stiri","Urbea Mea","ziua internationala a persoanelor cu handicap"],"articleSection":["Social"],"inLanguage":"ro-RO","potentialAction":[{"@type":"CommentAction","name":"Comment","target":["https:\/\/urbeamea.ro\/albaiulia\/foto-ziua-internationala-a-persoanelor-cu-handicap-marcata-la-alba-iulia-prin-evenimentul-bucuria-darului\/#respond"]}]},{"@type":"WebPage","@id":"https:\/\/urbeamea.ro\/albaiulia\/foto-ziua-internationala-a-persoanelor-cu-handicap-marcata-la-alba-iulia-prin-evenimentul-bucuria-darului\/","url":"https:\/\/urbeamea.ro\/albaiulia\/foto-ziua-internationala-a-persoanelor-cu-handicap-marcata-la-alba-iulia-prin-evenimentul-bucuria-darului\/","name":"FOTO: \u201dZiua interna\u0163ional\u0103 a Persoanelor cu Handicap\u201d, marcat\u0103 la Alba Iulia prin evenimentul \u201dBucuria darului\u201d - Revista Urbea Mea - Revista de Alba","isPartOf":{"@id":"https:\/\/urbeamea.ro\/albaiulia\/#website"},"primaryImageOfPage":{"@id":"https:\/\/urbeamea.ro\/albaiulia\/foto-ziua-internationala-a-persoanelor-cu-handicap-marcata-la-alba-iulia-prin-evenimentul-bucuria-darului\/#primaryimage"},"image":{"@id":"https:\/\/urbeamea.ro\/albaiulia\/foto-ziua-internationala-a-persoanelor-cu-handicap-marcata-la-alba-iulia-prin-evenimentul-bucuria-darului\/#primaryimage"},"thumbnailUrl":"https:\/\/urbeamea.ro\/albaiulia\/wp-content\/uploads\/2016\/12\/DSC_0040-2.jpg","datePublished":"2016-12-09T15:35:25+00:00","author":{"@id":"https:\/\/urbeamea.ro\/albaiulia\/#\/schema\/person\/9700d21fae21c4f038b0b56f4506264a"},"description":"Peste 250 de persoane cu dizabilit\u0103\u0163i din jude\u0163ul Alba au participat joi, 8 decembrie, la Casa de Cultur\u0103 a Studen\u0163ilor din Alba Iulia la evenimentul","breadcrumb":{"@id":"https:\/\/urbeamea.ro\/albaiulia\/foto-ziua-internationala-a-persoanelor-cu-handicap-marcata-la-alba-iulia-prin-evenimentul-bucuria-darului\/#breadcrumb"},"inLanguage":"ro-RO","potentialAction":[{"@type":"ReadAction","target":["https:\/\/urbeamea.ro\/albaiulia\/foto-ziua-internationala-a-persoanelor-cu-handicap-marcata-la-alba-iulia-prin-evenimentul-bucuria-darului\/"]}]},{"@type":"ImageObject","inLanguage":"ro-RO","@id":"https:\/\/urbeamea.ro\/albaiulia\/foto-ziua-internationala-a-persoanelor-cu-handicap-marcata-la-alba-iulia-prin-evenimentul-bucuria-darului\/#primaryimage","url":"https:\/\/urbeamea.ro\/albaiulia\/wp-content\/uploads\/2016\/12\/DSC_0040-2.jpg","contentUrl":"https:\/\/urbeamea.ro\/albaiulia\/wp-content\/uploads\/2016\/12\/DSC_0040-2.jpg","width":800,"height":533},{"@type":"BreadcrumbList","@id":"https:\/\/urbeamea.ro\/albaiulia\/foto-ziua-internationala-a-persoanelor-cu-handicap-marcata-la-alba-iulia-prin-evenimentul-bucuria-darului\/#breadcrumb","itemListElement":[{"@type":"ListItem","position":1,"name":"Prima pagin\u0103","item":"https:\/\/urbeamea.ro\/albaiulia\/"},{"@type":"ListItem","position":2,"name":"FOTO: \u201dZiua interna\u0163ional\u0103 a Persoanelor cu Handicap\u201d, marcat\u0103 la Alba Iulia prin evenimentul \u201dBucuria darului\u201d"}]},{"@type":"WebSite","@id":"https:\/\/urbeamea.ro\/albaiulia\/#website","url":"https:\/\/urbeamea.ro\/albaiulia\/","name":"Revista Urbea Mea, Stiri urbane","description":"Evenimente \u0219i \u0219tiri din Alba Iulia, Sebe\u0219, Aiud, Blaj","potentialAction":[{"@type":"SearchAction","target":{"@type":"EntryPoint","urlTemplate":"https:\/\/urbeamea.ro\/albaiulia\/?s={search_term_string}"},"query-input":{"@type":"PropertyValueSpecification","valueRequired":true,"valueName":"search_term_string"}}],"inLanguage":"ro-RO"},{"@type":"Person","@id":"https:\/\/urbeamea.ro\/albaiulia\/#\/schema\/person\/9700d21fae21c4f038b0b56f4506264a","name":"Cristina Ganga","image":{"@type":"ImageObject","inLanguage":"ro-RO","@id":"https:\/\/secure.gravatar.com\/avatar\/5a67661041f057b4a8ccaf26f5a8e86e2689372006d01faf3dd9eeb10b654bb4?s=96&d=mm&r=g","url":"https:\/\/secure.gravatar.com\/avatar\/5a67661041f057b4a8ccaf26f5a8e86e2689372006d01faf3dd9eeb10b654bb4?s=96&d=mm&r=g","contentUrl":"https:\/\/secure.gravatar.com\/avatar\/5a67661041f057b4a8ccaf26f5a8e86e2689372006d01faf3dd9eeb10b654bb4?s=96&d=mm&r=g","caption":"Cristina Ganga"},"description":"Jurnalist","sameAs":["https:\/\/www.facebook.com\/cristina.nicola.587"],"url":"https:\/\/urbeamea.ro\/albaiulia\/author\/cristina-nicola\/"}]}},"_links":{"self":[{"href":"https:\/\/urbeamea.ro\/albaiulia\/wp-json\/wp\/v2\/posts\/37160","targetHints":{"allow":["GET"]}}],"collection":[{"href":"https:\/\/urbeamea.ro\/albaiulia\/wp-json\/wp\/v2\/posts"}],"about":[{"href":"https:\/\/urbeamea.ro\/albaiulia\/wp-json\/wp\/v2\/types\/post"}],"author":[{"embeddable":true,"href":"https:\/\/urbeamea.ro\/albaiulia\/wp-json\/wp\/v2\/users\/17"}],"replies":[{"embeddable":true,"href":"https:\/\/urbeamea.ro\/albaiulia\/wp-json\/wp\/v2\/comments?post=37160"}],"version-history":[{"count":0,"href":"https:\/\/urbeamea.ro\/albaiulia\/wp-json\/wp\/v2\/posts\/37160\/revisions"}],"wp:featuredmedia":[{"embeddable":true,"href":"https:\/\/urbeamea.ro\/albaiulia\/wp-json\/wp\/v2\/media\/37161"}],"wp:attachment":[{"href":"https:\/\/urbeamea.ro\/albaiulia\/wp-json\/wp\/v2\/media?parent=37160"}],"wp:term":[{"taxonomy":"category","embeddable":true,"href":"https:\/\/urbeamea.ro\/albaiulia\/wp-json\/wp\/v2\/categories?post=37160"},{"taxonomy":"post_tag","embeddable":true,"href":"https:\/\/urbeamea.ro\/albaiulia\/wp-json\/wp\/v2\/tags?post=37160"}],"curies":[{"name":"wp","href":"https:\/\/api.w.org\/{rel}","templated":true}]}}