{"id":37220,"date":"2016-12-11T21:12:47","date_gmt":"2016-12-11T19:12:47","guid":{"rendered":"http:\/\/urbeamea.ro\/albaiulia\/?p=37220"},"modified":"2016-12-11T21:12:47","modified_gmt":"2016-12-11T19:12:47","slug":"barbat-din-gorj-prins-cu-viteza-de-203-kmh-pe-autostrada-intre-sebes-si-cugir","status":"publish","type":"post","link":"https:\/\/urbeamea.ro\/albaiulia\/barbat-din-gorj-prins-cu-viteza-de-203-kmh-pe-autostrada-intre-sebes-si-cugir\/","title":{"rendered":"B\u0103rbat din Gorj, prins cu viteza de 203 km\/h pe autostrad\u0103, \u00eentre Sebe\u0219 \u0219i Cugir"},"content":{"rendered":"<p><strong><img loading=\"lazy\" decoding=\"async\" class=\"size-medium wp-image-32032 alignleft\" src=\"http:\/\/urbeamea.ro\/albaiulia\/wp-content\/uploads\/2016\/09\/politie_autostrada-300x169.jpg\" alt=\"\" width=\"300\" height=\"169\" \/>Un b\u0103rbat \u00een v\u00e2rst\u0103 de 48 de ani din Gorj a fost depistat\u0103 de poli\u021bi\u0219ti conduc\u00e2nd cu viteza de 203 km\/h, pe Autostrada Sibiu \u2013 Deva, \u00een zona Pianu din jude\u021bul Alba. Acesta a fost oprit de poli\u0163i\u015ftii Brig\u0103zii Autostr\u0103zi \u015fi Misiuni Speciale \u015fi s-a ales cu o amend\u0103 de 1.125 de lei \u015fi cu permisul suspendat pe 90 de zile.<\/strong><\/p>\n<p>Duminic\u0103, 11 decembrie, \u00een jurul orei 15.40, poli\u0163i\u015ftii Brig\u0103zii Autostr\u0103zi \u015fi Misiuni Speciale din cadrul Inspectoratului General al Poli\u021biei Rom\u00e2ne au depistat, pe Autostrada A1 R\u00e2mnicu V\u00e2lcea \u2013 Deva (Sibiu \u2013 Deva), calea 2, un b\u0103rbat de 48 de ani, din jude\u021bul Gorj, conduc\u00e2nd cu vitez\u0103 excesiv\u0103.<\/p>\n<p>Acesta a fost surprins cu ajutorul aparatului radar, la kilometrul 316 al autostr\u0103zii, \u00een timp ce conducea un autoturism, cu viteza de 203 km\/h.<\/p>\n<p>Poli\u0163i\u015ftii l-au sanc\u0163ionat cu amend\u0103 de 1.125 de lei, iar, ca m\u0103sur\u0103 complementar\u0103, i-au re\u0163inut permisul de conducere, \u00een vederea suspend\u0103rii exercit\u0103rii dreptului de a conduce, pentru 90 de zile.<\/p>\n<p><em>\u00a0<\/em><\/p>\n","protected":false},"excerpt":{"rendered":"<p>Un b\u0103rbat \u00een v\u00e2rst\u0103 de 48 de ani din Gorj a fost depistat\u0103 de poli\u021bi\u0219ti conduc\u00e2nd cu viteza de 203 km\/h, pe Autostrada Sibiu \u2013 Deva, \u00een zona Pianu din jude\u021bul Alba. Acesta a fost oprit de poli\u0163i\u015ftii Brig\u0103zii Autostr\u0103zi \u015fi Misiuni Speciale \u015fi s-a ales cu o amend\u0103 de 1.125 de lei \u015fi cu &hellip;<\/p>\n","protected":false},"author":17,"featured_media":32032,"comment_status":"open","ping_status":"open","sticky":false,"template":"","format":"standard","meta":{"inline_featured_image":false,"footnotes":""},"categories":[2034],"tags":[307,1630,9004,4336,308,76,1742],"class_list":["post-37220","post","type-post","status-publish","format-standard","has-post-thumbnail","hentry","category-social","tag-alba","tag-autostrada","tag-autostrada-sibiu-deva","tag-gorj","tag-stiri","tag-urbea-mea","tag-viteza"],"yoast_head":"<!-- This site is optimized with the Yoast SEO plugin v28.3 - https:\/\/yoast.com\/product\/yoast-seo-wordpress\/ -->\n<title>B\u0103rbat din Gorj, prins cu viteza de 203 km\/h pe autostrad\u0103, \u00eentre Sebe\u0219 \u0219i Cugir - Revista Urbea Mea - Revista de Alba<\/title>\n<meta name=\"description\" content=\"Un b\u0103rbat \u00een v\u00e2rst\u0103 de 48 de ani din Gorj a fost depistat\u0103 de poli\u021bi\u0219ti conduc\u00e2nd cu viteza de 203 km\/h, pe Autostrada Sibiu \u2013 Deva, \u00een zona Pianu din\" \/>\n<meta name=\"robots\" content=\"index, follow, max-snippet:-1, max-image-preview:large, max-video-preview:-1\" \/>\n<link rel=\"canonical\" href=\"https:\/\/urbeamea.ro\/albaiulia\/barbat-din-gorj-prins-cu-viteza-de-203-kmh-pe-autostrada-intre-sebes-si-cugir\/\" \/>\n<meta name=\"twitter:card\" content=\"summary_large_image\" \/>\n<meta name=\"twitter:title\" content=\"B\u0103rbat din Gorj, prins cu viteza de 203 km\/h pe autostrad\u0103, \u00eentre Sebe\u0219 \u0219i Cugir - Revista Urbea Mea - Revista de Alba\" \/>\n<meta name=\"twitter:description\" content=\"Un b\u0103rbat \u00een v\u00e2rst\u0103 de 48 de ani din Gorj a fost depistat\u0103 de poli\u021bi\u0219ti conduc\u00e2nd cu viteza de 203 km\/h, pe Autostrada Sibiu \u2013 Deva, \u00een zona Pianu din\" \/>\n<meta name=\"twitter:image\" content=\"https:\/\/urbeamea.ro\/albaiulia\/wp-content\/uploads\/2016\/09\/politie_autostrada.jpg\" \/>\n<meta name=\"twitter:creator\" content=\"@urbeameaweb\" \/>\n<meta name=\"twitter:site\" content=\"@urbeameaweb\" \/>\n<script type=\"application\/ld+json\" class=\"yoast-schema-graph\">{\"@context\":\"https:\\\/\\\/schema.org\",\"@graph\":[{\"@type\":\"Article\",\"@id\":\"https:\\\/\\\/urbeamea.ro\\\/albaiulia\\\/barbat-din-gorj-prins-cu-viteza-de-203-kmh-pe-autostrada-intre-sebes-si-cugir\\\/#article\",\"isPartOf\":{\"@id\":\"https:\\\/\\\/urbeamea.ro\\\/albaiulia\\\/barbat-din-gorj-prins-cu-viteza-de-203-kmh-pe-autostrada-intre-sebes-si-cugir\\\/\"},\"author\":{\"name\":\"Cristina Ganga\",\"@id\":\"https:\\\/\\\/urbeamea.ro\\\/albaiulia\\\/#\\\/schema\\\/person\\\/9700d21fae21c4f038b0b56f4506264a\"},\"headline\":\"B\u0103rbat din Gorj, prins cu viteza de 203 km\\\/h pe autostrad\u0103, \u00eentre Sebe\u0219 \u0219i Cugir\",\"datePublished\":\"2016-12-11T19:12:47+00:00\",\"mainEntityOfPage\":{\"@id\":\"https:\\\/\\\/urbeamea.ro\\\/albaiulia\\\/barbat-din-gorj-prins-cu-viteza-de-203-kmh-pe-autostrada-intre-sebes-si-cugir\\\/\"},\"wordCount\":194,\"commentCount\":0,\"image\":{\"@id\":\"https:\\\/\\\/urbeamea.ro\\\/albaiulia\\\/barbat-din-gorj-prins-cu-viteza-de-203-kmh-pe-autostrada-intre-sebes-si-cugir\\\/#primaryimage\"},\"thumbnailUrl\":\"https:\\\/\\\/urbeamea.ro\\\/albaiulia\\\/wp-content\\\/uploads\\\/2016\\\/09\\\/politie_autostrada.jpg\",\"keywords\":[\"alba\",\"autostrada\",\"autostrada sibiu-deva\",\"gorj\",\"stiri\",\"Urbea Mea\",\"viteza\"],\"articleSection\":[\"Social\"],\"inLanguage\":\"ro-RO\",\"potentialAction\":[{\"@type\":\"CommentAction\",\"name\":\"Comment\",\"target\":[\"https:\\\/\\\/urbeamea.ro\\\/albaiulia\\\/barbat-din-gorj-prins-cu-viteza-de-203-kmh-pe-autostrada-intre-sebes-si-cugir\\\/#respond\"]}]},{\"@type\":\"WebPage\",\"@id\":\"https:\\\/\\\/urbeamea.ro\\\/albaiulia\\\/barbat-din-gorj-prins-cu-viteza-de-203-kmh-pe-autostrada-intre-sebes-si-cugir\\\/\",\"url\":\"https:\\\/\\\/urbeamea.ro\\\/albaiulia\\\/barbat-din-gorj-prins-cu-viteza-de-203-kmh-pe-autostrada-intre-sebes-si-cugir\\\/\",\"name\":\"B\u0103rbat din Gorj, prins cu viteza de 203 km\\\/h pe autostrad\u0103, \u00eentre Sebe\u0219 \u0219i Cugir - Revista Urbea Mea - Revista de Alba\",\"isPartOf\":{\"@id\":\"https:\\\/\\\/urbeamea.ro\\\/albaiulia\\\/#website\"},\"primaryImageOfPage\":{\"@id\":\"https:\\\/\\\/urbeamea.ro\\\/albaiulia\\\/barbat-din-gorj-prins-cu-viteza-de-203-kmh-pe-autostrada-intre-sebes-si-cugir\\\/#primaryimage\"},\"image\":{\"@id\":\"https:\\\/\\\/urbeamea.ro\\\/albaiulia\\\/barbat-din-gorj-prins-cu-viteza-de-203-kmh-pe-autostrada-intre-sebes-si-cugir\\\/#primaryimage\"},\"thumbnailUrl\":\"https:\\\/\\\/urbeamea.ro\\\/albaiulia\\\/wp-content\\\/uploads\\\/2016\\\/09\\\/politie_autostrada.jpg\",\"datePublished\":\"2016-12-11T19:12:47+00:00\",\"author\":{\"@id\":\"https:\\\/\\\/urbeamea.ro\\\/albaiulia\\\/#\\\/schema\\\/person\\\/9700d21fae21c4f038b0b56f4506264a\"},\"description\":\"Un b\u0103rbat \u00een v\u00e2rst\u0103 de 48 de ani din Gorj a fost depistat\u0103 de poli\u021bi\u0219ti conduc\u00e2nd cu viteza de 203 km\\\/h, pe Autostrada Sibiu \u2013 Deva, \u00een zona Pianu din\",\"breadcrumb\":{\"@id\":\"https:\\\/\\\/urbeamea.ro\\\/albaiulia\\\/barbat-din-gorj-prins-cu-viteza-de-203-kmh-pe-autostrada-intre-sebes-si-cugir\\\/#breadcrumb\"},\"inLanguage\":\"ro-RO\",\"potentialAction\":[{\"@type\":\"ReadAction\",\"target\":[\"https:\\\/\\\/urbeamea.ro\\\/albaiulia\\\/barbat-din-gorj-prins-cu-viteza-de-203-kmh-pe-autostrada-intre-sebes-si-cugir\\\/\"]}]},{\"@type\":\"ImageObject\",\"inLanguage\":\"ro-RO\",\"@id\":\"https:\\\/\\\/urbeamea.ro\\\/albaiulia\\\/barbat-din-gorj-prins-cu-viteza-de-203-kmh-pe-autostrada-intre-sebes-si-cugir\\\/#primaryimage\",\"url\":\"https:\\\/\\\/urbeamea.ro\\\/albaiulia\\\/wp-content\\\/uploads\\\/2016\\\/09\\\/politie_autostrada.jpg\",\"contentUrl\":\"https:\\\/\\\/urbeamea.ro\\\/albaiulia\\\/wp-content\\\/uploads\\\/2016\\\/09\\\/politie_autostrada.jpg\",\"width\":728,\"height\":409},{\"@type\":\"BreadcrumbList\",\"@id\":\"https:\\\/\\\/urbeamea.ro\\\/albaiulia\\\/barbat-din-gorj-prins-cu-viteza-de-203-kmh-pe-autostrada-intre-sebes-si-cugir\\\/#breadcrumb\",\"itemListElement\":[{\"@type\":\"ListItem\",\"position\":1,\"name\":\"Prima pagin\u0103\",\"item\":\"https:\\\/\\\/urbeamea.ro\\\/albaiulia\\\/\"},{\"@type\":\"ListItem\",\"position\":2,\"name\":\"B\u0103rbat din Gorj, prins cu viteza de 203 km\\\/h pe autostrad\u0103, \u00eentre Sebe\u0219 \u0219i Cugir\"}]},{\"@type\":\"WebSite\",\"@id\":\"https:\\\/\\\/urbeamea.ro\\\/albaiulia\\\/#website\",\"url\":\"https:\\\/\\\/urbeamea.ro\\\/albaiulia\\\/\",\"name\":\"Revista Urbea Mea, Stiri urbane\",\"description\":\"Evenimente \u0219i \u0219tiri din Alba Iulia, Sebe\u0219, Aiud, Blaj\",\"potentialAction\":[{\"@type\":\"SearchAction\",\"target\":{\"@type\":\"EntryPoint\",\"urlTemplate\":\"https:\\\/\\\/urbeamea.ro\\\/albaiulia\\\/?s={search_term_string}\"},\"query-input\":{\"@type\":\"PropertyValueSpecification\",\"valueRequired\":true,\"valueName\":\"search_term_string\"}}],\"inLanguage\":\"ro-RO\"},{\"@type\":\"Person\",\"@id\":\"https:\\\/\\\/urbeamea.ro\\\/albaiulia\\\/#\\\/schema\\\/person\\\/9700d21fae21c4f038b0b56f4506264a\",\"name\":\"Cristina Ganga\",\"image\":{\"@type\":\"ImageObject\",\"inLanguage\":\"ro-RO\",\"@id\":\"https:\\\/\\\/secure.gravatar.com\\\/avatar\\\/5a67661041f057b4a8ccaf26f5a8e86e2689372006d01faf3dd9eeb10b654bb4?s=96&d=mm&r=g\",\"url\":\"https:\\\/\\\/secure.gravatar.com\\\/avatar\\\/5a67661041f057b4a8ccaf26f5a8e86e2689372006d01faf3dd9eeb10b654bb4?s=96&d=mm&r=g\",\"contentUrl\":\"https:\\\/\\\/secure.gravatar.com\\\/avatar\\\/5a67661041f057b4a8ccaf26f5a8e86e2689372006d01faf3dd9eeb10b654bb4?s=96&d=mm&r=g\",\"caption\":\"Cristina Ganga\"},\"description\":\"Jurnalist\",\"sameAs\":[\"https:\\\/\\\/www.facebook.com\\\/cristina.nicola.587\"],\"url\":\"https:\\\/\\\/urbeamea.ro\\\/albaiulia\\\/author\\\/cristina-nicola\\\/\"}]}<\/script>\n<!-- \/ Yoast SEO plugin. -->","yoast_head_json":{"title":"B\u0103rbat din Gorj, prins cu viteza de 203 km\/h pe autostrad\u0103, \u00eentre Sebe\u0219 \u0219i Cugir - Revista Urbea Mea - Revista de Alba","description":"Un b\u0103rbat \u00een v\u00e2rst\u0103 de 48 de ani din Gorj a fost depistat\u0103 de poli\u021bi\u0219ti conduc\u00e2nd cu viteza de 203 km\/h, pe Autostrada Sibiu \u2013 Deva, \u00een zona Pianu din","robots":{"index":"index","follow":"follow","max-snippet":"max-snippet:-1","max-image-preview":"max-image-preview:large","max-video-preview":"max-video-preview:-1"},"canonical":"https:\/\/urbeamea.ro\/albaiulia\/barbat-din-gorj-prins-cu-viteza-de-203-kmh-pe-autostrada-intre-sebes-si-cugir\/","twitter_card":"summary_large_image","twitter_title":"B\u0103rbat din Gorj, prins cu viteza de 203 km\/h pe autostrad\u0103, \u00eentre Sebe\u0219 \u0219i Cugir - Revista Urbea Mea - Revista de Alba","twitter_description":"Un b\u0103rbat \u00een v\u00e2rst\u0103 de 48 de ani din Gorj a fost depistat\u0103 de poli\u021bi\u0219ti conduc\u00e2nd cu viteza de 203 km\/h, pe Autostrada Sibiu \u2013 Deva, \u00een zona Pianu din","twitter_image":"https:\/\/urbeamea.ro\/albaiulia\/wp-content\/uploads\/2016\/09\/politie_autostrada.jpg","twitter_creator":"@urbeameaweb","twitter_site":"@urbeameaweb","schema":{"@context":"https:\/\/schema.org","@graph":[{"@type":"Article","@id":"https:\/\/urbeamea.ro\/albaiulia\/barbat-din-gorj-prins-cu-viteza-de-203-kmh-pe-autostrada-intre-sebes-si-cugir\/#article","isPartOf":{"@id":"https:\/\/urbeamea.ro\/albaiulia\/barbat-din-gorj-prins-cu-viteza-de-203-kmh-pe-autostrada-intre-sebes-si-cugir\/"},"author":{"name":"Cristina Ganga","@id":"https:\/\/urbeamea.ro\/albaiulia\/#\/schema\/person\/9700d21fae21c4f038b0b56f4506264a"},"headline":"B\u0103rbat din Gorj, prins cu viteza de 203 km\/h pe autostrad\u0103, \u00eentre Sebe\u0219 \u0219i Cugir","datePublished":"2016-12-11T19:12:47+00:00","mainEntityOfPage":{"@id":"https:\/\/urbeamea.ro\/albaiulia\/barbat-din-gorj-prins-cu-viteza-de-203-kmh-pe-autostrada-intre-sebes-si-cugir\/"},"wordCount":194,"commentCount":0,"image":{"@id":"https:\/\/urbeamea.ro\/albaiulia\/barbat-din-gorj-prins-cu-viteza-de-203-kmh-pe-autostrada-intre-sebes-si-cugir\/#primaryimage"},"thumbnailUrl":"https:\/\/urbeamea.ro\/albaiulia\/wp-content\/uploads\/2016\/09\/politie_autostrada.jpg","keywords":["alba","autostrada","autostrada sibiu-deva","gorj","stiri","Urbea Mea","viteza"],"articleSection":["Social"],"inLanguage":"ro-RO","potentialAction":[{"@type":"CommentAction","name":"Comment","target":["https:\/\/urbeamea.ro\/albaiulia\/barbat-din-gorj-prins-cu-viteza-de-203-kmh-pe-autostrada-intre-sebes-si-cugir\/#respond"]}]},{"@type":"WebPage","@id":"https:\/\/urbeamea.ro\/albaiulia\/barbat-din-gorj-prins-cu-viteza-de-203-kmh-pe-autostrada-intre-sebes-si-cugir\/","url":"https:\/\/urbeamea.ro\/albaiulia\/barbat-din-gorj-prins-cu-viteza-de-203-kmh-pe-autostrada-intre-sebes-si-cugir\/","name":"B\u0103rbat din Gorj, prins cu viteza de 203 km\/h pe autostrad\u0103, \u00eentre Sebe\u0219 \u0219i Cugir - Revista Urbea Mea - Revista de Alba","isPartOf":{"@id":"https:\/\/urbeamea.ro\/albaiulia\/#website"},"primaryImageOfPage":{"@id":"https:\/\/urbeamea.ro\/albaiulia\/barbat-din-gorj-prins-cu-viteza-de-203-kmh-pe-autostrada-intre-sebes-si-cugir\/#primaryimage"},"image":{"@id":"https:\/\/urbeamea.ro\/albaiulia\/barbat-din-gorj-prins-cu-viteza-de-203-kmh-pe-autostrada-intre-sebes-si-cugir\/#primaryimage"},"thumbnailUrl":"https:\/\/urbeamea.ro\/albaiulia\/wp-content\/uploads\/2016\/09\/politie_autostrada.jpg","datePublished":"2016-12-11T19:12:47+00:00","author":{"@id":"https:\/\/urbeamea.ro\/albaiulia\/#\/schema\/person\/9700d21fae21c4f038b0b56f4506264a"},"description":"Un b\u0103rbat \u00een v\u00e2rst\u0103 de 48 de ani din Gorj a fost depistat\u0103 de poli\u021bi\u0219ti conduc\u00e2nd cu viteza de 203 km\/h, pe Autostrada Sibiu \u2013 Deva, \u00een zona Pianu din","breadcrumb":{"@id":"https:\/\/urbeamea.ro\/albaiulia\/barbat-din-gorj-prins-cu-viteza-de-203-kmh-pe-autostrada-intre-sebes-si-cugir\/#breadcrumb"},"inLanguage":"ro-RO","potentialAction":[{"@type":"ReadAction","target":["https:\/\/urbeamea.ro\/albaiulia\/barbat-din-gorj-prins-cu-viteza-de-203-kmh-pe-autostrada-intre-sebes-si-cugir\/"]}]},{"@type":"ImageObject","inLanguage":"ro-RO","@id":"https:\/\/urbeamea.ro\/albaiulia\/barbat-din-gorj-prins-cu-viteza-de-203-kmh-pe-autostrada-intre-sebes-si-cugir\/#primaryimage","url":"https:\/\/urbeamea.ro\/albaiulia\/wp-content\/uploads\/2016\/09\/politie_autostrada.jpg","contentUrl":"https:\/\/urbeamea.ro\/albaiulia\/wp-content\/uploads\/2016\/09\/politie_autostrada.jpg","width":728,"height":409},{"@type":"BreadcrumbList","@id":"https:\/\/urbeamea.ro\/albaiulia\/barbat-din-gorj-prins-cu-viteza-de-203-kmh-pe-autostrada-intre-sebes-si-cugir\/#breadcrumb","itemListElement":[{"@type":"ListItem","position":1,"name":"Prima pagin\u0103","item":"https:\/\/urbeamea.ro\/albaiulia\/"},{"@type":"ListItem","position":2,"name":"B\u0103rbat din Gorj, prins cu viteza de 203 km\/h pe autostrad\u0103, \u00eentre Sebe\u0219 \u0219i Cugir"}]},{"@type":"WebSite","@id":"https:\/\/urbeamea.ro\/albaiulia\/#website","url":"https:\/\/urbeamea.ro\/albaiulia\/","name":"Revista Urbea Mea, Stiri urbane","description":"Evenimente \u0219i \u0219tiri din Alba Iulia, Sebe\u0219, Aiud, Blaj","potentialAction":[{"@type":"SearchAction","target":{"@type":"EntryPoint","urlTemplate":"https:\/\/urbeamea.ro\/albaiulia\/?s={search_term_string}"},"query-input":{"@type":"PropertyValueSpecification","valueRequired":true,"valueName":"search_term_string"}}],"inLanguage":"ro-RO"},{"@type":"Person","@id":"https:\/\/urbeamea.ro\/albaiulia\/#\/schema\/person\/9700d21fae21c4f038b0b56f4506264a","name":"Cristina Ganga","image":{"@type":"ImageObject","inLanguage":"ro-RO","@id":"https:\/\/secure.gravatar.com\/avatar\/5a67661041f057b4a8ccaf26f5a8e86e2689372006d01faf3dd9eeb10b654bb4?s=96&d=mm&r=g","url":"https:\/\/secure.gravatar.com\/avatar\/5a67661041f057b4a8ccaf26f5a8e86e2689372006d01faf3dd9eeb10b654bb4?s=96&d=mm&r=g","contentUrl":"https:\/\/secure.gravatar.com\/avatar\/5a67661041f057b4a8ccaf26f5a8e86e2689372006d01faf3dd9eeb10b654bb4?s=96&d=mm&r=g","caption":"Cristina Ganga"},"description":"Jurnalist","sameAs":["https:\/\/www.facebook.com\/cristina.nicola.587"],"url":"https:\/\/urbeamea.ro\/albaiulia\/author\/cristina-nicola\/"}]}},"_links":{"self":[{"href":"https:\/\/urbeamea.ro\/albaiulia\/wp-json\/wp\/v2\/posts\/37220","targetHints":{"allow":["GET"]}}],"collection":[{"href":"https:\/\/urbeamea.ro\/albaiulia\/wp-json\/wp\/v2\/posts"}],"about":[{"href":"https:\/\/urbeamea.ro\/albaiulia\/wp-json\/wp\/v2\/types\/post"}],"author":[{"embeddable":true,"href":"https:\/\/urbeamea.ro\/albaiulia\/wp-json\/wp\/v2\/users\/17"}],"replies":[{"embeddable":true,"href":"https:\/\/urbeamea.ro\/albaiulia\/wp-json\/wp\/v2\/comments?post=37220"}],"version-history":[{"count":0,"href":"https:\/\/urbeamea.ro\/albaiulia\/wp-json\/wp\/v2\/posts\/37220\/revisions"}],"wp:featuredmedia":[{"embeddable":true,"href":"https:\/\/urbeamea.ro\/albaiulia\/wp-json\/wp\/v2\/media\/32032"}],"wp:attachment":[{"href":"https:\/\/urbeamea.ro\/albaiulia\/wp-json\/wp\/v2\/media?parent=37220"}],"wp:term":[{"taxonomy":"category","embeddable":true,"href":"https:\/\/urbeamea.ro\/albaiulia\/wp-json\/wp\/v2\/categories?post=37220"},{"taxonomy":"post_tag","embeddable":true,"href":"https:\/\/urbeamea.ro\/albaiulia\/wp-json\/wp\/v2\/tags?post=37220"}],"curies":[{"name":"wp","href":"https:\/\/api.w.org\/{rel}","templated":true}]}}