{"id":37334,"date":"2016-12-13T10:44:04","date_gmt":"2016-12-13T08:44:04","guid":{"rendered":"http:\/\/urbeamea.ro\/albaiulia\/?p=37334"},"modified":"2016-12-13T10:44:36","modified_gmt":"2016-12-13T08:44:36","slug":"miercuri-presedintele-filialei-cluj-a-academiei-romane-va-primi-titlul-de-doctor-honoris-causa-din-partea-universitatii-1-decembrie-1918-din-alba-iulia","status":"publish","type":"post","link":"https:\/\/urbeamea.ro\/albaiulia\/miercuri-presedintele-filialei-cluj-a-academiei-romane-va-primi-titlul-de-doctor-honoris-causa-din-partea-universitatii-1-decembrie-1918-din-alba-iulia\/","title":{"rendered":"Miercuri: Pre\u015fedintele Filialei Cluj a Academiei Rom\u00e2ne va primi titlul de Doctor Honoris Causa din partea Universit\u0103\u0163ii \u201e1 Decembrie 1918\u201d din Alba Iulia"},"content":{"rendered":"<p><strong><img loading=\"lazy\" decoding=\"async\" class=\"size-medium wp-image-37335 alignleft\" src=\"http:\/\/urbeamea.ro\/albaiulia\/wp-content\/uploads\/2016\/12\/INVITATIE-DHC-Emil-BURZO-e1481615819900-212x300.jpg\" alt=\"\" width=\"212\" height=\"300\" \/>Universitatea \u201e1 Decembrie 1918\u201d din Alba Iulia, va oferi miercuri, titlul de Doctor Honoris Causa, pre\u015fedintelui Filialei Cluj a Academiei Rom\u00e2ne, <\/strong><strong>Emil Burzo. Festivitatea are loc de la ora 13.00, \u00een Sala Senatului.<\/strong><\/p>\n<p>Prof. Dr. Emil Burzo a absolvit Liceul \u201eG. Bari\u021biu\u201d din Cluj \u00een 1952, iar \u00een 1958 Institutul Politehnic din Cluj. A urmat, de asemenea, \u0219i Facultatea de Fizic\u0103 de la Universitatea \u201eBabe\u0219-Bolyai\u201d. \u00cen perioada 1958-1964 a lucrat la Uzinele Carbochim din Cluj, iar din 1964 a ocupat prin concurs postul de inginer la atelierele didactice de la Universitatea \u201eBabe\u0219-Bolyai\u201d.<\/p>\n<p>\u0218i-a sus\u021binut teza de doctorat \u00een anul 1970 la Universitatea din Timi\u0219oara. \u00cen anul 1970 s-a transferat la Institutul de Fizic\u0103 Atomic\u0103 din Bucure\u0219ti. Din 1990, devine profesor la Facultatea de Fizic\u0103 a Universit\u0103\u021bii \u201eBabe\u0219-Bolyai\u201d din Cluj, precum \u0219i decan \u00een perioada 1992-2000.<\/p>\n<p>\u00cen prezent este pre\u0219edintele Filialei din Cluj a Academiei Rom\u00e2ne \u0219i director al Centrului de Excelen\u021b\u0103 Fizica Corpului Solid (atestat de MEC) \u0219i al Bazei de Cercetare cu Utilizatori Multipli.<\/p>\n","protected":false},"excerpt":{"rendered":"<p>Universitatea \u201e1 Decembrie 1918\u201d din Alba Iulia, va oferi miercuri, titlul de Doctor Honoris Causa, pre\u015fedintelui Filialei Cluj a Academiei Rom\u00e2ne, Emil Burzo. Festivitatea are loc de la ora 13.00, \u00een Sala Senatului. Prof. Dr. Emil Burzo a absolvit Liceul \u201eG. Bari\u021biu\u201d din Cluj \u00een 1952, iar \u00een 1958 Institutul Politehnic din Cluj. A urmat, &hellip;<\/p>\n","protected":false},"author":17,"featured_media":37335,"comment_status":"open","ping_status":"open","sticky":false,"template":"","format":"standard","meta":{"inline_featured_image":false,"footnotes":""},"categories":[2038],"tags":[9020,9021,308,1209,3679,76],"class_list":["post-37334","post","type-post","status-publish","format-standard","has-post-thumbnail","hentry","category-cultura","tag-doctor-honoris-causa","tag-emil-burzo","tag-stiri","tag-titlu","tag-universitatea-1-decembrie-1918-alba-iulia","tag-urbea-mea"],"yoast_head":"<!-- This site is optimized with the Yoast SEO plugin v27.4 - https:\/\/yoast.com\/product\/yoast-seo-wordpress\/ -->\n<title>Miercuri: Pre\u015fedintele Filialei Cluj a Academiei Rom\u00e2ne va primi titlul de Doctor Honoris Causa din partea Universit\u0103\u0163ii \u201e1 Decembrie 1918\u201d din Alba Iulia - Revista Urbea Mea - Revista de Alba<\/title>\n<meta name=\"description\" content=\"Universitatea \u201e1 Decembrie 1918\u201d din Alba Iulia, va oferi miercuri, titlul de Doctor Honoris Causa, pre\u015fedintelui Filialei Cluj a Academiei Rom\u00e2ne, Emil\" \/>\n<meta name=\"robots\" content=\"index, follow, max-snippet:-1, max-image-preview:large, max-video-preview:-1\" \/>\n<link rel=\"canonical\" href=\"https:\/\/urbeamea.ro\/albaiulia\/miercuri-presedintele-filialei-cluj-a-academiei-romane-va-primi-titlul-de-doctor-honoris-causa-din-partea-universitatii-1-decembrie-1918-din-alba-iulia\/\" \/>\n<meta name=\"twitter:card\" content=\"summary_large_image\" \/>\n<meta name=\"twitter:title\" content=\"Miercuri: Pre\u015fedintele Filialei Cluj a Academiei Rom\u00e2ne va primi titlul de Doctor Honoris Causa din partea Universit\u0103\u0163ii \u201e1 Decembrie 1918\u201d din Alba Iulia - Revista Urbea Mea - Revista de Alba\" \/>\n<meta name=\"twitter:description\" content=\"Universitatea \u201e1 Decembrie 1918\u201d din Alba Iulia, va oferi miercuri, titlul de Doctor Honoris Causa, pre\u015fedintelui Filialei Cluj a Academiei Rom\u00e2ne, Emil\" \/>\n<meta name=\"twitter:image\" content=\"https:\/\/urbeamea.ro\/albaiulia\/wp-content\/uploads\/2016\/12\/INVITATIE-DHC-Emil-BURZO-e1481615819900.jpg\" \/>\n<meta name=\"twitter:creator\" content=\"@urbeameaweb\" \/>\n<meta name=\"twitter:site\" content=\"@urbeameaweb\" \/>\n<script type=\"application\/ld+json\" class=\"yoast-schema-graph\">{\"@context\":\"https:\\\/\\\/schema.org\",\"@graph\":[{\"@type\":\"Article\",\"@id\":\"https:\\\/\\\/urbeamea.ro\\\/albaiulia\\\/miercuri-presedintele-filialei-cluj-a-academiei-romane-va-primi-titlul-de-doctor-honoris-causa-din-partea-universitatii-1-decembrie-1918-din-alba-iulia\\\/#article\",\"isPartOf\":{\"@id\":\"https:\\\/\\\/urbeamea.ro\\\/albaiulia\\\/miercuri-presedintele-filialei-cluj-a-academiei-romane-va-primi-titlul-de-doctor-honoris-causa-din-partea-universitatii-1-decembrie-1918-din-alba-iulia\\\/\"},\"author\":{\"name\":\"Cristina Ganga\",\"@id\":\"https:\\\/\\\/urbeamea.ro\\\/albaiulia\\\/#\\\/schema\\\/person\\\/9700d21fae21c4f038b0b56f4506264a\"},\"headline\":\"Miercuri: Pre\u015fedintele Filialei Cluj a Academiei Rom\u00e2ne va primi titlul de Doctor Honoris Causa din partea Universit\u0103\u0163ii \u201e1 Decembrie 1918\u201d din Alba Iulia\",\"datePublished\":\"2016-12-13T08:44:04+00:00\",\"dateModified\":\"2016-12-13T08:44:36+00:00\",\"mainEntityOfPage\":{\"@id\":\"https:\\\/\\\/urbeamea.ro\\\/albaiulia\\\/miercuri-presedintele-filialei-cluj-a-academiei-romane-va-primi-titlul-de-doctor-honoris-causa-din-partea-universitatii-1-decembrie-1918-din-alba-iulia\\\/\"},\"wordCount\":192,\"commentCount\":0,\"image\":{\"@id\":\"https:\\\/\\\/urbeamea.ro\\\/albaiulia\\\/miercuri-presedintele-filialei-cluj-a-academiei-romane-va-primi-titlul-de-doctor-honoris-causa-din-partea-universitatii-1-decembrie-1918-din-alba-iulia\\\/#primaryimage\"},\"thumbnailUrl\":\"https:\\\/\\\/urbeamea.ro\\\/albaiulia\\\/wp-content\\\/uploads\\\/2016\\\/12\\\/INVITATIE-DHC-Emil-BURZO-e1481615819900.jpg\",\"keywords\":[\"doctor honoris causa\",\"emil burzo\",\"stiri\",\"titlu\",\"Universitatea \u201e1 Decembrie 1918\u201d Alba Iulia\",\"Urbea Mea\"],\"articleSection\":[\"Cultur\u0103\"],\"inLanguage\":\"ro-RO\",\"potentialAction\":[{\"@type\":\"CommentAction\",\"name\":\"Comment\",\"target\":[\"https:\\\/\\\/urbeamea.ro\\\/albaiulia\\\/miercuri-presedintele-filialei-cluj-a-academiei-romane-va-primi-titlul-de-doctor-honoris-causa-din-partea-universitatii-1-decembrie-1918-din-alba-iulia\\\/#respond\"]}]},{\"@type\":\"WebPage\",\"@id\":\"https:\\\/\\\/urbeamea.ro\\\/albaiulia\\\/miercuri-presedintele-filialei-cluj-a-academiei-romane-va-primi-titlul-de-doctor-honoris-causa-din-partea-universitatii-1-decembrie-1918-din-alba-iulia\\\/\",\"url\":\"https:\\\/\\\/urbeamea.ro\\\/albaiulia\\\/miercuri-presedintele-filialei-cluj-a-academiei-romane-va-primi-titlul-de-doctor-honoris-causa-din-partea-universitatii-1-decembrie-1918-din-alba-iulia\\\/\",\"name\":\"Miercuri: Pre\u015fedintele Filialei Cluj a Academiei Rom\u00e2ne va primi titlul de Doctor Honoris Causa din partea Universit\u0103\u0163ii \u201e1 Decembrie 1918\u201d din Alba Iulia - Revista Urbea Mea - Revista de Alba\",\"isPartOf\":{\"@id\":\"https:\\\/\\\/urbeamea.ro\\\/albaiulia\\\/#website\"},\"primaryImageOfPage\":{\"@id\":\"https:\\\/\\\/urbeamea.ro\\\/albaiulia\\\/miercuri-presedintele-filialei-cluj-a-academiei-romane-va-primi-titlul-de-doctor-honoris-causa-din-partea-universitatii-1-decembrie-1918-din-alba-iulia\\\/#primaryimage\"},\"image\":{\"@id\":\"https:\\\/\\\/urbeamea.ro\\\/albaiulia\\\/miercuri-presedintele-filialei-cluj-a-academiei-romane-va-primi-titlul-de-doctor-honoris-causa-din-partea-universitatii-1-decembrie-1918-din-alba-iulia\\\/#primaryimage\"},\"thumbnailUrl\":\"https:\\\/\\\/urbeamea.ro\\\/albaiulia\\\/wp-content\\\/uploads\\\/2016\\\/12\\\/INVITATIE-DHC-Emil-BURZO-e1481615819900.jpg\",\"datePublished\":\"2016-12-13T08:44:04+00:00\",\"dateModified\":\"2016-12-13T08:44:36+00:00\",\"author\":{\"@id\":\"https:\\\/\\\/urbeamea.ro\\\/albaiulia\\\/#\\\/schema\\\/person\\\/9700d21fae21c4f038b0b56f4506264a\"},\"description\":\"Universitatea \u201e1 Decembrie 1918\u201d din Alba Iulia, va oferi miercuri, titlul de Doctor Honoris Causa, pre\u015fedintelui Filialei Cluj a Academiei Rom\u00e2ne, Emil\",\"breadcrumb\":{\"@id\":\"https:\\\/\\\/urbeamea.ro\\\/albaiulia\\\/miercuri-presedintele-filialei-cluj-a-academiei-romane-va-primi-titlul-de-doctor-honoris-causa-din-partea-universitatii-1-decembrie-1918-din-alba-iulia\\\/#breadcrumb\"},\"inLanguage\":\"ro-RO\",\"potentialAction\":[{\"@type\":\"ReadAction\",\"target\":[\"https:\\\/\\\/urbeamea.ro\\\/albaiulia\\\/miercuri-presedintele-filialei-cluj-a-academiei-romane-va-primi-titlul-de-doctor-honoris-causa-din-partea-universitatii-1-decembrie-1918-din-alba-iulia\\\/\"]}]},{\"@type\":\"ImageObject\",\"inLanguage\":\"ro-RO\",\"@id\":\"https:\\\/\\\/urbeamea.ro\\\/albaiulia\\\/miercuri-presedintele-filialei-cluj-a-academiei-romane-va-primi-titlul-de-doctor-honoris-causa-din-partea-universitatii-1-decembrie-1918-din-alba-iulia\\\/#primaryimage\",\"url\":\"https:\\\/\\\/urbeamea.ro\\\/albaiulia\\\/wp-content\\\/uploads\\\/2016\\\/12\\\/INVITATIE-DHC-Emil-BURZO-e1481615819900.jpg\",\"contentUrl\":\"https:\\\/\\\/urbeamea.ro\\\/albaiulia\\\/wp-content\\\/uploads\\\/2016\\\/12\\\/INVITATIE-DHC-Emil-BURZO-e1481615819900.jpg\",\"width\":724,\"height\":1024},{\"@type\":\"BreadcrumbList\",\"@id\":\"https:\\\/\\\/urbeamea.ro\\\/albaiulia\\\/miercuri-presedintele-filialei-cluj-a-academiei-romane-va-primi-titlul-de-doctor-honoris-causa-din-partea-universitatii-1-decembrie-1918-din-alba-iulia\\\/#breadcrumb\",\"itemListElement\":[{\"@type\":\"ListItem\",\"position\":1,\"name\":\"Prima pagin\u0103\",\"item\":\"https:\\\/\\\/urbeamea.ro\\\/albaiulia\\\/\"},{\"@type\":\"ListItem\",\"position\":2,\"name\":\"Miercuri: Pre\u015fedintele Filialei Cluj a Academiei Rom\u00e2ne va primi titlul de Doctor Honoris Causa din partea Universit\u0103\u0163ii \u201e1 Decembrie 1918\u201d din Alba Iulia\"}]},{\"@type\":\"WebSite\",\"@id\":\"https:\\\/\\\/urbeamea.ro\\\/albaiulia\\\/#website\",\"url\":\"https:\\\/\\\/urbeamea.ro\\\/albaiulia\\\/\",\"name\":\"Revista Urbea Mea, Stiri urbane\",\"description\":\"Evenimente \u0219i \u0219tiri din Alba Iulia, Sebe\u0219, Aiud, Blaj\",\"potentialAction\":[{\"@type\":\"SearchAction\",\"target\":{\"@type\":\"EntryPoint\",\"urlTemplate\":\"https:\\\/\\\/urbeamea.ro\\\/albaiulia\\\/?s={search_term_string}\"},\"query-input\":{\"@type\":\"PropertyValueSpecification\",\"valueRequired\":true,\"valueName\":\"search_term_string\"}}],\"inLanguage\":\"ro-RO\"},{\"@type\":\"Person\",\"@id\":\"https:\\\/\\\/urbeamea.ro\\\/albaiulia\\\/#\\\/schema\\\/person\\\/9700d21fae21c4f038b0b56f4506264a\",\"name\":\"Cristina Ganga\",\"image\":{\"@type\":\"ImageObject\",\"inLanguage\":\"ro-RO\",\"@id\":\"https:\\\/\\\/secure.gravatar.com\\\/avatar\\\/5a67661041f057b4a8ccaf26f5a8e86e2689372006d01faf3dd9eeb10b654bb4?s=96&d=mm&r=g\",\"url\":\"https:\\\/\\\/secure.gravatar.com\\\/avatar\\\/5a67661041f057b4a8ccaf26f5a8e86e2689372006d01faf3dd9eeb10b654bb4?s=96&d=mm&r=g\",\"contentUrl\":\"https:\\\/\\\/secure.gravatar.com\\\/avatar\\\/5a67661041f057b4a8ccaf26f5a8e86e2689372006d01faf3dd9eeb10b654bb4?s=96&d=mm&r=g\",\"caption\":\"Cristina Ganga\"},\"description\":\"Jurnalist\",\"sameAs\":[\"https:\\\/\\\/www.facebook.com\\\/cristina.nicola.587\"],\"url\":\"https:\\\/\\\/urbeamea.ro\\\/albaiulia\\\/author\\\/cristina-nicola\\\/\"}]}<\/script>\n<!-- \/ Yoast SEO plugin. -->","yoast_head_json":{"title":"Miercuri: Pre\u015fedintele Filialei Cluj a Academiei Rom\u00e2ne va primi titlul de Doctor Honoris Causa din partea Universit\u0103\u0163ii \u201e1 Decembrie 1918\u201d din Alba Iulia - Revista Urbea Mea - Revista de Alba","description":"Universitatea \u201e1 Decembrie 1918\u201d din Alba Iulia, va oferi miercuri, titlul de Doctor Honoris Causa, pre\u015fedintelui Filialei Cluj a Academiei Rom\u00e2ne, Emil","robots":{"index":"index","follow":"follow","max-snippet":"max-snippet:-1","max-image-preview":"max-image-preview:large","max-video-preview":"max-video-preview:-1"},"canonical":"https:\/\/urbeamea.ro\/albaiulia\/miercuri-presedintele-filialei-cluj-a-academiei-romane-va-primi-titlul-de-doctor-honoris-causa-din-partea-universitatii-1-decembrie-1918-din-alba-iulia\/","twitter_card":"summary_large_image","twitter_title":"Miercuri: Pre\u015fedintele Filialei Cluj a Academiei Rom\u00e2ne va primi titlul de Doctor Honoris Causa din partea Universit\u0103\u0163ii \u201e1 Decembrie 1918\u201d din Alba Iulia - Revista Urbea Mea - Revista de Alba","twitter_description":"Universitatea \u201e1 Decembrie 1918\u201d din Alba Iulia, va oferi miercuri, titlul de Doctor Honoris Causa, pre\u015fedintelui Filialei Cluj a Academiei Rom\u00e2ne, Emil","twitter_image":"https:\/\/urbeamea.ro\/albaiulia\/wp-content\/uploads\/2016\/12\/INVITATIE-DHC-Emil-BURZO-e1481615819900.jpg","twitter_creator":"@urbeameaweb","twitter_site":"@urbeameaweb","schema":{"@context":"https:\/\/schema.org","@graph":[{"@type":"Article","@id":"https:\/\/urbeamea.ro\/albaiulia\/miercuri-presedintele-filialei-cluj-a-academiei-romane-va-primi-titlul-de-doctor-honoris-causa-din-partea-universitatii-1-decembrie-1918-din-alba-iulia\/#article","isPartOf":{"@id":"https:\/\/urbeamea.ro\/albaiulia\/miercuri-presedintele-filialei-cluj-a-academiei-romane-va-primi-titlul-de-doctor-honoris-causa-din-partea-universitatii-1-decembrie-1918-din-alba-iulia\/"},"author":{"name":"Cristina Ganga","@id":"https:\/\/urbeamea.ro\/albaiulia\/#\/schema\/person\/9700d21fae21c4f038b0b56f4506264a"},"headline":"Miercuri: Pre\u015fedintele Filialei Cluj a Academiei Rom\u00e2ne va primi titlul de Doctor Honoris Causa din partea Universit\u0103\u0163ii \u201e1 Decembrie 1918\u201d din Alba Iulia","datePublished":"2016-12-13T08:44:04+00:00","dateModified":"2016-12-13T08:44:36+00:00","mainEntityOfPage":{"@id":"https:\/\/urbeamea.ro\/albaiulia\/miercuri-presedintele-filialei-cluj-a-academiei-romane-va-primi-titlul-de-doctor-honoris-causa-din-partea-universitatii-1-decembrie-1918-din-alba-iulia\/"},"wordCount":192,"commentCount":0,"image":{"@id":"https:\/\/urbeamea.ro\/albaiulia\/miercuri-presedintele-filialei-cluj-a-academiei-romane-va-primi-titlul-de-doctor-honoris-causa-din-partea-universitatii-1-decembrie-1918-din-alba-iulia\/#primaryimage"},"thumbnailUrl":"https:\/\/urbeamea.ro\/albaiulia\/wp-content\/uploads\/2016\/12\/INVITATIE-DHC-Emil-BURZO-e1481615819900.jpg","keywords":["doctor honoris causa","emil burzo","stiri","titlu","Universitatea \u201e1 Decembrie 1918\u201d Alba Iulia","Urbea Mea"],"articleSection":["Cultur\u0103"],"inLanguage":"ro-RO","potentialAction":[{"@type":"CommentAction","name":"Comment","target":["https:\/\/urbeamea.ro\/albaiulia\/miercuri-presedintele-filialei-cluj-a-academiei-romane-va-primi-titlul-de-doctor-honoris-causa-din-partea-universitatii-1-decembrie-1918-din-alba-iulia\/#respond"]}]},{"@type":"WebPage","@id":"https:\/\/urbeamea.ro\/albaiulia\/miercuri-presedintele-filialei-cluj-a-academiei-romane-va-primi-titlul-de-doctor-honoris-causa-din-partea-universitatii-1-decembrie-1918-din-alba-iulia\/","url":"https:\/\/urbeamea.ro\/albaiulia\/miercuri-presedintele-filialei-cluj-a-academiei-romane-va-primi-titlul-de-doctor-honoris-causa-din-partea-universitatii-1-decembrie-1918-din-alba-iulia\/","name":"Miercuri: Pre\u015fedintele Filialei Cluj a Academiei Rom\u00e2ne va primi titlul de Doctor Honoris Causa din partea Universit\u0103\u0163ii \u201e1 Decembrie 1918\u201d din Alba Iulia - Revista Urbea Mea - Revista de Alba","isPartOf":{"@id":"https:\/\/urbeamea.ro\/albaiulia\/#website"},"primaryImageOfPage":{"@id":"https:\/\/urbeamea.ro\/albaiulia\/miercuri-presedintele-filialei-cluj-a-academiei-romane-va-primi-titlul-de-doctor-honoris-causa-din-partea-universitatii-1-decembrie-1918-din-alba-iulia\/#primaryimage"},"image":{"@id":"https:\/\/urbeamea.ro\/albaiulia\/miercuri-presedintele-filialei-cluj-a-academiei-romane-va-primi-titlul-de-doctor-honoris-causa-din-partea-universitatii-1-decembrie-1918-din-alba-iulia\/#primaryimage"},"thumbnailUrl":"https:\/\/urbeamea.ro\/albaiulia\/wp-content\/uploads\/2016\/12\/INVITATIE-DHC-Emil-BURZO-e1481615819900.jpg","datePublished":"2016-12-13T08:44:04+00:00","dateModified":"2016-12-13T08:44:36+00:00","author":{"@id":"https:\/\/urbeamea.ro\/albaiulia\/#\/schema\/person\/9700d21fae21c4f038b0b56f4506264a"},"description":"Universitatea \u201e1 Decembrie 1918\u201d din Alba Iulia, va oferi miercuri, titlul de Doctor Honoris Causa, pre\u015fedintelui Filialei Cluj a Academiei Rom\u00e2ne, Emil","breadcrumb":{"@id":"https:\/\/urbeamea.ro\/albaiulia\/miercuri-presedintele-filialei-cluj-a-academiei-romane-va-primi-titlul-de-doctor-honoris-causa-din-partea-universitatii-1-decembrie-1918-din-alba-iulia\/#breadcrumb"},"inLanguage":"ro-RO","potentialAction":[{"@type":"ReadAction","target":["https:\/\/urbeamea.ro\/albaiulia\/miercuri-presedintele-filialei-cluj-a-academiei-romane-va-primi-titlul-de-doctor-honoris-causa-din-partea-universitatii-1-decembrie-1918-din-alba-iulia\/"]}]},{"@type":"ImageObject","inLanguage":"ro-RO","@id":"https:\/\/urbeamea.ro\/albaiulia\/miercuri-presedintele-filialei-cluj-a-academiei-romane-va-primi-titlul-de-doctor-honoris-causa-din-partea-universitatii-1-decembrie-1918-din-alba-iulia\/#primaryimage","url":"https:\/\/urbeamea.ro\/albaiulia\/wp-content\/uploads\/2016\/12\/INVITATIE-DHC-Emil-BURZO-e1481615819900.jpg","contentUrl":"https:\/\/urbeamea.ro\/albaiulia\/wp-content\/uploads\/2016\/12\/INVITATIE-DHC-Emil-BURZO-e1481615819900.jpg","width":724,"height":1024},{"@type":"BreadcrumbList","@id":"https:\/\/urbeamea.ro\/albaiulia\/miercuri-presedintele-filialei-cluj-a-academiei-romane-va-primi-titlul-de-doctor-honoris-causa-din-partea-universitatii-1-decembrie-1918-din-alba-iulia\/#breadcrumb","itemListElement":[{"@type":"ListItem","position":1,"name":"Prima pagin\u0103","item":"https:\/\/urbeamea.ro\/albaiulia\/"},{"@type":"ListItem","position":2,"name":"Miercuri: Pre\u015fedintele Filialei Cluj a Academiei Rom\u00e2ne va primi titlul de Doctor Honoris Causa din partea Universit\u0103\u0163ii \u201e1 Decembrie 1918\u201d din Alba Iulia"}]},{"@type":"WebSite","@id":"https:\/\/urbeamea.ro\/albaiulia\/#website","url":"https:\/\/urbeamea.ro\/albaiulia\/","name":"Revista Urbea Mea, Stiri urbane","description":"Evenimente \u0219i \u0219tiri din Alba Iulia, Sebe\u0219, Aiud, Blaj","potentialAction":[{"@type":"SearchAction","target":{"@type":"EntryPoint","urlTemplate":"https:\/\/urbeamea.ro\/albaiulia\/?s={search_term_string}"},"query-input":{"@type":"PropertyValueSpecification","valueRequired":true,"valueName":"search_term_string"}}],"inLanguage":"ro-RO"},{"@type":"Person","@id":"https:\/\/urbeamea.ro\/albaiulia\/#\/schema\/person\/9700d21fae21c4f038b0b56f4506264a","name":"Cristina Ganga","image":{"@type":"ImageObject","inLanguage":"ro-RO","@id":"https:\/\/secure.gravatar.com\/avatar\/5a67661041f057b4a8ccaf26f5a8e86e2689372006d01faf3dd9eeb10b654bb4?s=96&d=mm&r=g","url":"https:\/\/secure.gravatar.com\/avatar\/5a67661041f057b4a8ccaf26f5a8e86e2689372006d01faf3dd9eeb10b654bb4?s=96&d=mm&r=g","contentUrl":"https:\/\/secure.gravatar.com\/avatar\/5a67661041f057b4a8ccaf26f5a8e86e2689372006d01faf3dd9eeb10b654bb4?s=96&d=mm&r=g","caption":"Cristina Ganga"},"description":"Jurnalist","sameAs":["https:\/\/www.facebook.com\/cristina.nicola.587"],"url":"https:\/\/urbeamea.ro\/albaiulia\/author\/cristina-nicola\/"}]}},"_links":{"self":[{"href":"https:\/\/urbeamea.ro\/albaiulia\/wp-json\/wp\/v2\/posts\/37334","targetHints":{"allow":["GET"]}}],"collection":[{"href":"https:\/\/urbeamea.ro\/albaiulia\/wp-json\/wp\/v2\/posts"}],"about":[{"href":"https:\/\/urbeamea.ro\/albaiulia\/wp-json\/wp\/v2\/types\/post"}],"author":[{"embeddable":true,"href":"https:\/\/urbeamea.ro\/albaiulia\/wp-json\/wp\/v2\/users\/17"}],"replies":[{"embeddable":true,"href":"https:\/\/urbeamea.ro\/albaiulia\/wp-json\/wp\/v2\/comments?post=37334"}],"version-history":[{"count":0,"href":"https:\/\/urbeamea.ro\/albaiulia\/wp-json\/wp\/v2\/posts\/37334\/revisions"}],"wp:featuredmedia":[{"embeddable":true,"href":"https:\/\/urbeamea.ro\/albaiulia\/wp-json\/wp\/v2\/media\/37335"}],"wp:attachment":[{"href":"https:\/\/urbeamea.ro\/albaiulia\/wp-json\/wp\/v2\/media?parent=37334"}],"wp:term":[{"taxonomy":"category","embeddable":true,"href":"https:\/\/urbeamea.ro\/albaiulia\/wp-json\/wp\/v2\/categories?post=37334"},{"taxonomy":"post_tag","embeddable":true,"href":"https:\/\/urbeamea.ro\/albaiulia\/wp-json\/wp\/v2\/tags?post=37334"}],"curies":[{"name":"wp","href":"https:\/\/api.w.org\/{rel}","templated":true}]}}