{"id":37362,"date":"2016-12-13T14:00:34","date_gmt":"2016-12-13T12:00:34","guid":{"rendered":"http:\/\/urbeamea.ro\/albaiulia\/?p=37362"},"modified":"2016-12-13T21:53:33","modified_gmt":"2016-12-13T19:53:33","slug":"generatia-cu-cheia-la-gat","status":"publish","type":"post","link":"https:\/\/urbeamea.ro\/albaiulia\/generatia-cu-cheia-la-gat\/","title":{"rendered":"Genera\u021bia cu cheia la g\u00e2t&#8230;"},"content":{"rendered":"<p>Am crescut \u0219i eu cu cheia la g\u00e2t \u0219i bine\u00een\u021beles c\u0103 am fost \u0219oim al patriei, pionier \u0219i utc-ist. Am tr\u0103it toate bucuriile simple \u0219i nesofisticate ale epocii respective \u0219i care sunt foarte greu de \u00een\u021beles acum. Sana cu parizer \u0219i iaurt \u00een pauze, la \u0219coal\u0103 sau c\u00e2teva banane \u0219i portocale de s\u0103rb\u0103tori dar \u0219i mult\u0103 prietenie \u0219i multe amintiri din copil\u0103rie \u00eentr-o lume care nu era (\u00eenc\u0103) invadat\u0103 de gadgeturi \u0219i de alienare.<\/p>\n<p>Liceul era un adev\u0103rat templu al prieteniei \u0219i era de neimaginat ca \u0219i un singur profesor s\u0103 nu vin\u0103 la ore \u0219i exista mult respect care nu era tot timpul impus ci cumva asumat \u0219i nu puteai fenta la nesfar\u0219it via\u021ba, ascunz\u00e2ndu-te dup\u0103 copaci \u00een c\u0103utarea unei vie\u021bi mai u\u0219oare. Sigur e c\u0103 nu totul era perfect \u0219i c\u0103 meritocra\u021bia avea un drum corect p\u00een\u0103 la un anumit moment&#8230; se intra greu la facultate \u0219i apoi lucrurile intrau \u00eentr-un labirint extrem de greu de \u00een\u021beles pentru cei care nu au tr\u0103it timpurile&#8230; cu reparti\u021bii republicane \u0219i \u0219efi f\u0103r\u0103 studii superioare, c\u00e2teodat\u0103, dar cu dosar de partid (ahh) bun \u0219i cu multe greut\u0103\u021bi de surmontat \u00een ora\u0219e str\u0103ine cu oameni nu totdeauna prieteno\u0219i cu tine. <strong>A fost genera\u021bia cu cheia<\/strong> la g\u00e2t, cu biciclete Pegas \u0219i biscui\u021bi Eugenia \u0219i Brifcor \u00een loc de Cola \u0219i alimente f\u0103r\u0103 euri, dar \u0219i \u00eentr-o t\u0103cere ciudat\u0103 \u0219i o libertate la fel, \u00een care nu-\u021bi d\u0103deai seama cum la un moment dat alergai f\u0103r\u0103 s\u0103 vrei pe un culoar spre un obiectiv pe care via\u021ba \u021bi-l desena aproape obligatoriu, dac\u0103 voiai s\u0103 tr\u0103ie\u0219ti decent.<\/p>\n<p>\u015ei uite c\u0103 deodat\u0103 libertatea asta a devenit mult mai \u00eenc\u0103p\u0103toare \u0219i genera\u021bia cu cheia la g\u00e2t, trecut\u0103 prin at\u00e2tea greut\u0103\u021bi \u0219i experimente, a ajuns la maturitate, tr\u0103ind aproape jumate din via\u021b\u0103 \u00eentr-un regim \u0219i cealalt\u0103 jumate \u00eentr-un alt regim. \u015ei copiii pe care i-am crescut cu mult\u0103 dragoste \u0219i c\u0103rora am \u00eencercat s\u0103 le insufl\u0103m ambi\u021bie \u0219i putere de lupt\u0103, r\u00e2d de pove\u0219tile noastre din copil\u0103rie, care pentru ei sunt de pe alt\u0103 planet\u0103.<\/p>\n<p>Ei, de multe ori, cred c\u0103 toate vacile sunt mov \u0219i se plictisesc la \u0219coal\u0103, unde profesorii chiulesc mai mult ca ei. Sunt greu de motivat pentru c\u0103 v\u0103d \u00een jur exemple proaste \u0219i v\u0103d cum aproape totul e de cump\u0103rat, de la con\u0219tiin\u021be p\u00een\u0103 la diplome \u00een facult\u0103\u021bi private. Sunt hipersensibili \u0219i de multe ori, prea egoi\u0219ti \u00een fuga lor rapid\u0103 spre un miraj sclipitor, dar care nu are substan\u021b\u0103 \u0219i duc cu ei, cateodat\u0103, toat\u0103 ne\u0219tiin\u021ba noastr\u0103 de a le explica de ce nu sunt \u00eenc\u0103 preg\u0103ti\u021bi pentru o competi\u021bie incorect\u0103, de ce unii fur\u0103 startul \u0219i de ce se compun biografii goale de con\u021binut care ajung \u00een leadership.<\/p>\n<p>Nu are rost s\u0103 le explic\u0103m, dec\u00e2t cu titlu anecdotic, cum am crescut cu cheia la g\u00e2t \u0219i cum am f\u0103cut diverse \u0219coli \u0219i c\u00e2te examene am dat. Acum nu (mai) e relevant \u0219i aproape nu mai conteaz\u0103. Ceea ce conteaz\u0103 este s\u0103 \u00een\u021beleag\u0103 &#8211; \u0219i depinde de felul cum ne apropiem de sufletul lor \u0219i de mintea lor &#8211; c\u0103 \u0219i dac\u0103 pleac\u0103 afar\u0103 \u0219i dac\u0103 r\u0103m\u00een s\u0103 lupte trebuie s\u0103-\u0219i asume obiectivele genera\u021biei lor dar \u0219i obiectivele genera\u021biei noastre \u0219i ale p\u0103rin\u021bilor no\u0219tri. S\u0103 construiasc\u0103 ceva durabil \u0219i nu doar pentru azi \u0219i s\u0103 \u00een\u021beleag\u0103 c\u0103 totul se poate, dar nu \u00een orice condi\u021bii \u0219i nu oricum&#8230; \u0219i nu cu oricine chiar dac\u0103 nu ai cu cine&#8230;<\/p>\n","protected":false},"excerpt":{"rendered":"<p>Am crescut \u0219i eu cu cheia la g\u00e2t \u0219i bine\u00een\u021beles c\u0103 am fost \u0219oim al patriei, pionier \u0219i utc-ist. Am tr\u0103it toate bucuriile simple \u0219i nesofisticate ale epocii respective \u0219i care sunt foarte greu de \u00een\u021beles acum. Sana cu parizer \u0219i iaurt \u00een pauze, la \u0219coal\u0103 sau c\u00e2teva banane \u0219i portocale de s\u0103rb\u0103tori dar \u0219i &hellip;<\/p>\n","protected":false},"author":22,"featured_media":37363,"comment_status":"open","ping_status":"open","sticky":false,"template":"","format":"standard","meta":{"inline_featured_image":false,"footnotes":""},"categories":[9033],"tags":[9028,9027],"class_list":["post-37362","post","type-post","status-publish","format-standard","has-post-thumbnail","hentry","category-dulce-si-amar","tag-generatia-cu-cheia-la-gat","tag-stelian-bordea"],"yoast_head":"<!-- This site is optimized with the Yoast SEO plugin v27.4 - https:\/\/yoast.com\/product\/yoast-seo-wordpress\/ -->\n<title>Genera\u021bia cu cheia la g\u00e2t... - Revista Urbea Mea - Revista de Alba<\/title>\n<meta name=\"description\" content=\"Am crescut \u0219i eu cu cheia la g\u00e2t \u0219i bine\u00een\u021beles c\u0103 am fost \u0219oim al patriei, pionier \u0219i utc-ist. Am tr\u0103it toate bucuriile simple \u0219i nesofisticate ale\" \/>\n<meta name=\"robots\" content=\"index, follow, max-snippet:-1, max-image-preview:large, max-video-preview:-1\" \/>\n<link rel=\"canonical\" href=\"https:\/\/urbeamea.ro\/albaiulia\/generatia-cu-cheia-la-gat\/\" \/>\n<meta name=\"twitter:card\" content=\"summary_large_image\" \/>\n<meta name=\"twitter:title\" content=\"Genera\u021bia cu cheia la g\u00e2t... - Revista Urbea Mea - Revista de Alba\" \/>\n<meta name=\"twitter:description\" content=\"Am crescut \u0219i eu cu cheia la g\u00e2t \u0219i bine\u00een\u021beles c\u0103 am fost \u0219oim al patriei, pionier \u0219i utc-ist. Am tr\u0103it toate bucuriile simple \u0219i nesofisticate ale\" \/>\n<meta name=\"twitter:image\" content=\"https:\/\/urbeamea.ro\/albaiulia\/wp-content\/uploads\/2016\/12\/generatiacucheialagat.jpg\" \/>\n<meta name=\"twitter:creator\" content=\"@urbeameaweb\" \/>\n<meta name=\"twitter:site\" content=\"@urbeameaweb\" \/>\n<script type=\"application\/ld+json\" class=\"yoast-schema-graph\">{\"@context\":\"https:\\\/\\\/schema.org\",\"@graph\":[{\"@type\":\"Article\",\"@id\":\"https:\\\/\\\/urbeamea.ro\\\/albaiulia\\\/generatia-cu-cheia-la-gat\\\/#article\",\"isPartOf\":{\"@id\":\"https:\\\/\\\/urbeamea.ro\\\/albaiulia\\\/generatia-cu-cheia-la-gat\\\/\"},\"author\":{\"name\":\"Ste Lyann\",\"@id\":\"https:\\\/\\\/urbeamea.ro\\\/albaiulia\\\/#\\\/schema\\\/person\\\/9fce49ed9c42df4411b0bec1d5b4dd07\"},\"headline\":\"Genera\u021bia cu cheia la g\u00e2t&#8230;\",\"datePublished\":\"2016-12-13T12:00:34+00:00\",\"dateModified\":\"2016-12-13T19:53:33+00:00\",\"mainEntityOfPage\":{\"@id\":\"https:\\\/\\\/urbeamea.ro\\\/albaiulia\\\/generatia-cu-cheia-la-gat\\\/\"},\"wordCount\":657,\"commentCount\":0,\"image\":{\"@id\":\"https:\\\/\\\/urbeamea.ro\\\/albaiulia\\\/generatia-cu-cheia-la-gat\\\/#primaryimage\"},\"thumbnailUrl\":\"https:\\\/\\\/urbeamea.ro\\\/albaiulia\\\/wp-content\\\/uploads\\\/2016\\\/12\\\/generatiacucheialagat.jpg\",\"keywords\":[\"Generatia cu cheia la gat\",\"Stelian Bordea\"],\"articleSection\":[\"Dulce \u0219i amar\"],\"inLanguage\":\"ro-RO\",\"potentialAction\":[{\"@type\":\"CommentAction\",\"name\":\"Comment\",\"target\":[\"https:\\\/\\\/urbeamea.ro\\\/albaiulia\\\/generatia-cu-cheia-la-gat\\\/#respond\"]}]},{\"@type\":\"WebPage\",\"@id\":\"https:\\\/\\\/urbeamea.ro\\\/albaiulia\\\/generatia-cu-cheia-la-gat\\\/\",\"url\":\"https:\\\/\\\/urbeamea.ro\\\/albaiulia\\\/generatia-cu-cheia-la-gat\\\/\",\"name\":\"Genera\u021bia cu cheia la g\u00e2t... - Revista Urbea Mea - Revista de Alba\",\"isPartOf\":{\"@id\":\"https:\\\/\\\/urbeamea.ro\\\/albaiulia\\\/#website\"},\"primaryImageOfPage\":{\"@id\":\"https:\\\/\\\/urbeamea.ro\\\/albaiulia\\\/generatia-cu-cheia-la-gat\\\/#primaryimage\"},\"image\":{\"@id\":\"https:\\\/\\\/urbeamea.ro\\\/albaiulia\\\/generatia-cu-cheia-la-gat\\\/#primaryimage\"},\"thumbnailUrl\":\"https:\\\/\\\/urbeamea.ro\\\/albaiulia\\\/wp-content\\\/uploads\\\/2016\\\/12\\\/generatiacucheialagat.jpg\",\"datePublished\":\"2016-12-13T12:00:34+00:00\",\"dateModified\":\"2016-12-13T19:53:33+00:00\",\"author\":{\"@id\":\"https:\\\/\\\/urbeamea.ro\\\/albaiulia\\\/#\\\/schema\\\/person\\\/9fce49ed9c42df4411b0bec1d5b4dd07\"},\"description\":\"Am crescut \u0219i eu cu cheia la g\u00e2t \u0219i bine\u00een\u021beles c\u0103 am fost \u0219oim al patriei, pionier \u0219i utc-ist. Am tr\u0103it toate bucuriile simple \u0219i nesofisticate ale\",\"breadcrumb\":{\"@id\":\"https:\\\/\\\/urbeamea.ro\\\/albaiulia\\\/generatia-cu-cheia-la-gat\\\/#breadcrumb\"},\"inLanguage\":\"ro-RO\",\"potentialAction\":[{\"@type\":\"ReadAction\",\"target\":[\"https:\\\/\\\/urbeamea.ro\\\/albaiulia\\\/generatia-cu-cheia-la-gat\\\/\"]}]},{\"@type\":\"ImageObject\",\"inLanguage\":\"ro-RO\",\"@id\":\"https:\\\/\\\/urbeamea.ro\\\/albaiulia\\\/generatia-cu-cheia-la-gat\\\/#primaryimage\",\"url\":\"https:\\\/\\\/urbeamea.ro\\\/albaiulia\\\/wp-content\\\/uploads\\\/2016\\\/12\\\/generatiacucheialagat.jpg\",\"contentUrl\":\"https:\\\/\\\/urbeamea.ro\\\/albaiulia\\\/wp-content\\\/uploads\\\/2016\\\/12\\\/generatiacucheialagat.jpg\",\"width\":960,\"height\":640},{\"@type\":\"BreadcrumbList\",\"@id\":\"https:\\\/\\\/urbeamea.ro\\\/albaiulia\\\/generatia-cu-cheia-la-gat\\\/#breadcrumb\",\"itemListElement\":[{\"@type\":\"ListItem\",\"position\":1,\"name\":\"Prima pagin\u0103\",\"item\":\"https:\\\/\\\/urbeamea.ro\\\/albaiulia\\\/\"},{\"@type\":\"ListItem\",\"position\":2,\"name\":\"Genera\u021bia cu cheia la g\u00e2t&#8230;\"}]},{\"@type\":\"WebSite\",\"@id\":\"https:\\\/\\\/urbeamea.ro\\\/albaiulia\\\/#website\",\"url\":\"https:\\\/\\\/urbeamea.ro\\\/albaiulia\\\/\",\"name\":\"Revista Urbea Mea, Stiri urbane\",\"description\":\"Evenimente \u0219i \u0219tiri din Alba Iulia, Sebe\u0219, Aiud, Blaj\",\"potentialAction\":[{\"@type\":\"SearchAction\",\"target\":{\"@type\":\"EntryPoint\",\"urlTemplate\":\"https:\\\/\\\/urbeamea.ro\\\/albaiulia\\\/?s={search_term_string}\"},\"query-input\":{\"@type\":\"PropertyValueSpecification\",\"valueRequired\":true,\"valueName\":\"search_term_string\"}}],\"inLanguage\":\"ro-RO\"},{\"@type\":\"Person\",\"@id\":\"https:\\\/\\\/urbeamea.ro\\\/albaiulia\\\/#\\\/schema\\\/person\\\/9fce49ed9c42df4411b0bec1d5b4dd07\",\"name\":\"Ste Lyann\",\"image\":{\"@type\":\"ImageObject\",\"inLanguage\":\"ro-RO\",\"@id\":\"https:\\\/\\\/secure.gravatar.com\\\/avatar\\\/b0608559e9148bce36c85b3997e11dadd84336304ba5fa85892921e5f12d7e19?s=96&d=mm&r=g\",\"url\":\"https:\\\/\\\/secure.gravatar.com\\\/avatar\\\/b0608559e9148bce36c85b3997e11dadd84336304ba5fa85892921e5f12d7e19?s=96&d=mm&r=g\",\"contentUrl\":\"https:\\\/\\\/secure.gravatar.com\\\/avatar\\\/b0608559e9148bce36c85b3997e11dadd84336304ba5fa85892921e5f12d7e19?s=96&d=mm&r=g\",\"caption\":\"Ste Lyann\"},\"description\":\"Blogger &amp; much more\",\"sameAs\":[\"https:\\\/\\\/www.facebook.com\\\/stelyann\\\/\"],\"url\":\"https:\\\/\\\/urbeamea.ro\\\/albaiulia\\\/author\\\/stelian-bordea\\\/\"}]}<\/script>\n<!-- \/ Yoast SEO plugin. -->","yoast_head_json":{"title":"Genera\u021bia cu cheia la g\u00e2t... - Revista Urbea Mea - Revista de Alba","description":"Am crescut \u0219i eu cu cheia la g\u00e2t \u0219i bine\u00een\u021beles c\u0103 am fost \u0219oim al patriei, pionier \u0219i utc-ist. Am tr\u0103it toate bucuriile simple \u0219i nesofisticate ale","robots":{"index":"index","follow":"follow","max-snippet":"max-snippet:-1","max-image-preview":"max-image-preview:large","max-video-preview":"max-video-preview:-1"},"canonical":"https:\/\/urbeamea.ro\/albaiulia\/generatia-cu-cheia-la-gat\/","twitter_card":"summary_large_image","twitter_title":"Genera\u021bia cu cheia la g\u00e2t... - Revista Urbea Mea - Revista de Alba","twitter_description":"Am crescut \u0219i eu cu cheia la g\u00e2t \u0219i bine\u00een\u021beles c\u0103 am fost \u0219oim al patriei, pionier \u0219i utc-ist. Am tr\u0103it toate bucuriile simple \u0219i nesofisticate ale","twitter_image":"https:\/\/urbeamea.ro\/albaiulia\/wp-content\/uploads\/2016\/12\/generatiacucheialagat.jpg","twitter_creator":"@urbeameaweb","twitter_site":"@urbeameaweb","schema":{"@context":"https:\/\/schema.org","@graph":[{"@type":"Article","@id":"https:\/\/urbeamea.ro\/albaiulia\/generatia-cu-cheia-la-gat\/#article","isPartOf":{"@id":"https:\/\/urbeamea.ro\/albaiulia\/generatia-cu-cheia-la-gat\/"},"author":{"name":"Ste Lyann","@id":"https:\/\/urbeamea.ro\/albaiulia\/#\/schema\/person\/9fce49ed9c42df4411b0bec1d5b4dd07"},"headline":"Genera\u021bia cu cheia la g\u00e2t&#8230;","datePublished":"2016-12-13T12:00:34+00:00","dateModified":"2016-12-13T19:53:33+00:00","mainEntityOfPage":{"@id":"https:\/\/urbeamea.ro\/albaiulia\/generatia-cu-cheia-la-gat\/"},"wordCount":657,"commentCount":0,"image":{"@id":"https:\/\/urbeamea.ro\/albaiulia\/generatia-cu-cheia-la-gat\/#primaryimage"},"thumbnailUrl":"https:\/\/urbeamea.ro\/albaiulia\/wp-content\/uploads\/2016\/12\/generatiacucheialagat.jpg","keywords":["Generatia cu cheia la gat","Stelian Bordea"],"articleSection":["Dulce \u0219i amar"],"inLanguage":"ro-RO","potentialAction":[{"@type":"CommentAction","name":"Comment","target":["https:\/\/urbeamea.ro\/albaiulia\/generatia-cu-cheia-la-gat\/#respond"]}]},{"@type":"WebPage","@id":"https:\/\/urbeamea.ro\/albaiulia\/generatia-cu-cheia-la-gat\/","url":"https:\/\/urbeamea.ro\/albaiulia\/generatia-cu-cheia-la-gat\/","name":"Genera\u021bia cu cheia la g\u00e2t... - Revista Urbea Mea - Revista de Alba","isPartOf":{"@id":"https:\/\/urbeamea.ro\/albaiulia\/#website"},"primaryImageOfPage":{"@id":"https:\/\/urbeamea.ro\/albaiulia\/generatia-cu-cheia-la-gat\/#primaryimage"},"image":{"@id":"https:\/\/urbeamea.ro\/albaiulia\/generatia-cu-cheia-la-gat\/#primaryimage"},"thumbnailUrl":"https:\/\/urbeamea.ro\/albaiulia\/wp-content\/uploads\/2016\/12\/generatiacucheialagat.jpg","datePublished":"2016-12-13T12:00:34+00:00","dateModified":"2016-12-13T19:53:33+00:00","author":{"@id":"https:\/\/urbeamea.ro\/albaiulia\/#\/schema\/person\/9fce49ed9c42df4411b0bec1d5b4dd07"},"description":"Am crescut \u0219i eu cu cheia la g\u00e2t \u0219i bine\u00een\u021beles c\u0103 am fost \u0219oim al patriei, pionier \u0219i utc-ist. Am tr\u0103it toate bucuriile simple \u0219i nesofisticate ale","breadcrumb":{"@id":"https:\/\/urbeamea.ro\/albaiulia\/generatia-cu-cheia-la-gat\/#breadcrumb"},"inLanguage":"ro-RO","potentialAction":[{"@type":"ReadAction","target":["https:\/\/urbeamea.ro\/albaiulia\/generatia-cu-cheia-la-gat\/"]}]},{"@type":"ImageObject","inLanguage":"ro-RO","@id":"https:\/\/urbeamea.ro\/albaiulia\/generatia-cu-cheia-la-gat\/#primaryimage","url":"https:\/\/urbeamea.ro\/albaiulia\/wp-content\/uploads\/2016\/12\/generatiacucheialagat.jpg","contentUrl":"https:\/\/urbeamea.ro\/albaiulia\/wp-content\/uploads\/2016\/12\/generatiacucheialagat.jpg","width":960,"height":640},{"@type":"BreadcrumbList","@id":"https:\/\/urbeamea.ro\/albaiulia\/generatia-cu-cheia-la-gat\/#breadcrumb","itemListElement":[{"@type":"ListItem","position":1,"name":"Prima pagin\u0103","item":"https:\/\/urbeamea.ro\/albaiulia\/"},{"@type":"ListItem","position":2,"name":"Genera\u021bia cu cheia la g\u00e2t&#8230;"}]},{"@type":"WebSite","@id":"https:\/\/urbeamea.ro\/albaiulia\/#website","url":"https:\/\/urbeamea.ro\/albaiulia\/","name":"Revista Urbea Mea, Stiri urbane","description":"Evenimente \u0219i \u0219tiri din Alba Iulia, Sebe\u0219, Aiud, Blaj","potentialAction":[{"@type":"SearchAction","target":{"@type":"EntryPoint","urlTemplate":"https:\/\/urbeamea.ro\/albaiulia\/?s={search_term_string}"},"query-input":{"@type":"PropertyValueSpecification","valueRequired":true,"valueName":"search_term_string"}}],"inLanguage":"ro-RO"},{"@type":"Person","@id":"https:\/\/urbeamea.ro\/albaiulia\/#\/schema\/person\/9fce49ed9c42df4411b0bec1d5b4dd07","name":"Ste Lyann","image":{"@type":"ImageObject","inLanguage":"ro-RO","@id":"https:\/\/secure.gravatar.com\/avatar\/b0608559e9148bce36c85b3997e11dadd84336304ba5fa85892921e5f12d7e19?s=96&d=mm&r=g","url":"https:\/\/secure.gravatar.com\/avatar\/b0608559e9148bce36c85b3997e11dadd84336304ba5fa85892921e5f12d7e19?s=96&d=mm&r=g","contentUrl":"https:\/\/secure.gravatar.com\/avatar\/b0608559e9148bce36c85b3997e11dadd84336304ba5fa85892921e5f12d7e19?s=96&d=mm&r=g","caption":"Ste Lyann"},"description":"Blogger &amp; much more","sameAs":["https:\/\/www.facebook.com\/stelyann\/"],"url":"https:\/\/urbeamea.ro\/albaiulia\/author\/stelian-bordea\/"}]}},"_links":{"self":[{"href":"https:\/\/urbeamea.ro\/albaiulia\/wp-json\/wp\/v2\/posts\/37362","targetHints":{"allow":["GET"]}}],"collection":[{"href":"https:\/\/urbeamea.ro\/albaiulia\/wp-json\/wp\/v2\/posts"}],"about":[{"href":"https:\/\/urbeamea.ro\/albaiulia\/wp-json\/wp\/v2\/types\/post"}],"author":[{"embeddable":true,"href":"https:\/\/urbeamea.ro\/albaiulia\/wp-json\/wp\/v2\/users\/22"}],"replies":[{"embeddable":true,"href":"https:\/\/urbeamea.ro\/albaiulia\/wp-json\/wp\/v2\/comments?post=37362"}],"version-history":[{"count":0,"href":"https:\/\/urbeamea.ro\/albaiulia\/wp-json\/wp\/v2\/posts\/37362\/revisions"}],"wp:featuredmedia":[{"embeddable":true,"href":"https:\/\/urbeamea.ro\/albaiulia\/wp-json\/wp\/v2\/media\/37363"}],"wp:attachment":[{"href":"https:\/\/urbeamea.ro\/albaiulia\/wp-json\/wp\/v2\/media?parent=37362"}],"wp:term":[{"taxonomy":"category","embeddable":true,"href":"https:\/\/urbeamea.ro\/albaiulia\/wp-json\/wp\/v2\/categories?post=37362"},{"taxonomy":"post_tag","embeddable":true,"href":"https:\/\/urbeamea.ro\/albaiulia\/wp-json\/wp\/v2\/tags?post=37362"}],"curies":[{"name":"wp","href":"https:\/\/api.w.org\/{rel}","templated":true}]}}