{"id":37454,"date":"2016-12-15T13:10:07","date_gmt":"2016-12-15T11:10:07","guid":{"rendered":"http:\/\/urbeamea.ro\/albaiulia\/?p=37454"},"modified":"2016-12-15T13:10:07","modified_gmt":"2016-12-15T11:10:07","slug":"vineri-15-ani-de-emisie-radio-reintregirea-spectacol-aniversar-la-casa-de-cultura-a-sindicatelor-din-alba-iulia","status":"publish","type":"post","link":"https:\/\/urbeamea.ro\/albaiulia\/vineri-15-ani-de-emisie-radio-reintregirea-spectacol-aniversar-la-casa-de-cultura-a-sindicatelor-din-alba-iulia\/","title":{"rendered":"Vineri: 15 ani de emisie Radio Re\u00eentregirea. Spectacol aniversar la Casa de Cultur\u0103 a Sindicatelor din Alba Iulia"},"content":{"rendered":"<p><strong><img loading=\"lazy\" decoding=\"async\" class=\"size-medium wp-image-37458 alignleft\" src=\"http:\/\/urbeamea.ro\/albaiulia\/wp-content\/uploads\/2016\/12\/Afis-Spectacol-15-ani-Radio-Reintregirea-212x300.jpg\" alt=\"\" width=\"212\" height=\"300\" \/>Radio Re\u00eentregirea, postul de radio al Arhiepiscopiei Ortodoxe Rom\u00e2ne de Alba Iulia, \u00eempline\u015fte 15 ani de la prima emisie. Pentru a marca acest eveniment, albaiulienii \u015fi nu numai sunt a\u015ftepta\u0163i vineri, 16 decembrie, \u00eencep\u00e2nd cu ora 18.00, la spectacolul aniversar irganiyat la Casa de Cultur\u0103 a Sindicatelor din Alba Iulia. <\/strong><\/p>\n<p>Cei 15 ani de emisie vor fi s\u0103rb\u0103tori\u0163i printr-un spectacol extraordinar de colinde sus\u0163inut de Corul de copii &#8222;Theotocos&#8221;, Corul &#8222;Apulum&#8221; al Seminarului Teologic Ortodox &#8222;Sf\u00e2ntul Simion \u015etefan&#8221; din Alba Iulia, Grupul de teatru &#8222;Skepsis&#8221;, Ansamblul \u015ecolii de balet &#8222;Mircea Bari\u0163chi&#8221;, Oana Bozga Pintea \u015fi Ansamblul &#8222;Augustin Bena&#8221; al jude\u0163ului Alba.<\/p>\n<p>Intrarea se face pe baza invita\u0163iilor gratuite ce se pot procura de la Casa de Cultur\u0103 a Sindicatelor din Alba Iulia.<\/p>\n<p>&nbsp;<\/p>\n","protected":false},"excerpt":{"rendered":"<p>Radio Re\u00eentregirea, postul de radio al Arhiepiscopiei Ortodoxe Rom\u00e2ne de Alba Iulia, \u00eempline\u015fte 15 ani de la prima emisie. Pentru a marca acest eveniment, albaiulienii \u015fi nu numai sunt a\u015ftepta\u0163i vineri, 16 decembrie, \u00eencep\u00e2nd cu ora 18.00, la spectacolul aniversar irganiyat la Casa de Cultur\u0103 a Sindicatelor din Alba Iulia. Cei 15 ani de emisie &hellip;<\/p>\n","protected":false},"author":17,"featured_media":37458,"comment_status":"open","ping_status":"open","sticky":false,"template":"","format":"standard","meta":{"inline_featured_image":false,"footnotes":""},"categories":[4],"tags":[9071,31,9074,468,1250,9073,9072,9070,308,76],"class_list":["post-37454","post","type-post","status-publish","format-standard","has-post-thumbnail","hentry","category-eveniment","tag-15-ani-de-emisie","tag-alba-iulia","tag-arhiepiscopia-ortodoxa-romana","tag-casa-de-cultura-a-sindicatelor","tag-colinde","tag-post-de-radio","tag-radio-reintregirea","tag-spectacol-aniversar","tag-stiri","tag-urbea-mea"],"yoast_head":"<!-- This site is optimized with the Yoast SEO plugin v27.4 - https:\/\/yoast.com\/product\/yoast-seo-wordpress\/ -->\n<title>Vineri: 15 ani de emisie Radio Re\u00eentregirea. Spectacol aniversar la Casa de Cultur\u0103 a Sindicatelor din Alba Iulia - Revista Urbea Mea - Revista de Alba<\/title>\n<meta name=\"description\" content=\"Radio Re\u00eentregirea, postul de radio al Arhiepiscopiei Ortodoxe Rom\u00e2ne de Alba Iulia, \u00eempline\u015fte 15 ani de la prima emisie. Pentru a marca acest eveniment,\" \/>\n<meta name=\"robots\" content=\"index, follow, max-snippet:-1, max-image-preview:large, max-video-preview:-1\" \/>\n<link rel=\"canonical\" href=\"https:\/\/urbeamea.ro\/albaiulia\/vineri-15-ani-de-emisie-radio-reintregirea-spectacol-aniversar-la-casa-de-cultura-a-sindicatelor-din-alba-iulia\/\" \/>\n<meta name=\"twitter:card\" content=\"summary_large_image\" \/>\n<meta name=\"twitter:title\" content=\"Vineri: 15 ani de emisie Radio Re\u00eentregirea. Spectacol aniversar la Casa de Cultur\u0103 a Sindicatelor din Alba Iulia - Revista Urbea Mea - Revista de Alba\" \/>\n<meta name=\"twitter:description\" content=\"Radio Re\u00eentregirea, postul de radio al Arhiepiscopiei Ortodoxe Rom\u00e2ne de Alba Iulia, \u00eempline\u015fte 15 ani de la prima emisie. Pentru a marca acest eveniment,\" \/>\n<meta name=\"twitter:image\" content=\"https:\/\/urbeamea.ro\/albaiulia\/wp-content\/uploads\/2016\/12\/Afis-Spectacol-15-ani-Radio-Reintregirea.jpg\" \/>\n<meta name=\"twitter:creator\" content=\"@urbeameaweb\" \/>\n<meta name=\"twitter:site\" content=\"@urbeameaweb\" \/>\n<script type=\"application\/ld+json\" class=\"yoast-schema-graph\">{\"@context\":\"https:\\\/\\\/schema.org\",\"@graph\":[{\"@type\":\"Article\",\"@id\":\"https:\\\/\\\/urbeamea.ro\\\/albaiulia\\\/vineri-15-ani-de-emisie-radio-reintregirea-spectacol-aniversar-la-casa-de-cultura-a-sindicatelor-din-alba-iulia\\\/#article\",\"isPartOf\":{\"@id\":\"https:\\\/\\\/urbeamea.ro\\\/albaiulia\\\/vineri-15-ani-de-emisie-radio-reintregirea-spectacol-aniversar-la-casa-de-cultura-a-sindicatelor-din-alba-iulia\\\/\"},\"author\":{\"name\":\"Cristina Ganga\",\"@id\":\"https:\\\/\\\/urbeamea.ro\\\/albaiulia\\\/#\\\/schema\\\/person\\\/9700d21fae21c4f038b0b56f4506264a\"},\"headline\":\"Vineri: 15 ani de emisie Radio Re\u00eentregirea. Spectacol aniversar la Casa de Cultur\u0103 a Sindicatelor din Alba Iulia\",\"datePublished\":\"2016-12-15T11:10:07+00:00\",\"mainEntityOfPage\":{\"@id\":\"https:\\\/\\\/urbeamea.ro\\\/albaiulia\\\/vineri-15-ani-de-emisie-radio-reintregirea-spectacol-aniversar-la-casa-de-cultura-a-sindicatelor-din-alba-iulia\\\/\"},\"wordCount\":151,\"commentCount\":0,\"image\":{\"@id\":\"https:\\\/\\\/urbeamea.ro\\\/albaiulia\\\/vineri-15-ani-de-emisie-radio-reintregirea-spectacol-aniversar-la-casa-de-cultura-a-sindicatelor-din-alba-iulia\\\/#primaryimage\"},\"thumbnailUrl\":\"https:\\\/\\\/urbeamea.ro\\\/albaiulia\\\/wp-content\\\/uploads\\\/2016\\\/12\\\/Afis-Spectacol-15-ani-Radio-Reintregirea.jpg\",\"keywords\":[\"15 ani de emisie\",\"Alba Iulia\",\"arhiepiscopia ortodoxa romana\",\"casa de cultura a sindicatelor\",\"colinde\",\"post de radio\",\"radio reintregirea\",\"spectacol aniversar\",\"stiri\",\"Urbea Mea\"],\"articleSection\":[\"Evenimente\"],\"inLanguage\":\"ro-RO\",\"potentialAction\":[{\"@type\":\"CommentAction\",\"name\":\"Comment\",\"target\":[\"https:\\\/\\\/urbeamea.ro\\\/albaiulia\\\/vineri-15-ani-de-emisie-radio-reintregirea-spectacol-aniversar-la-casa-de-cultura-a-sindicatelor-din-alba-iulia\\\/#respond\"]}]},{\"@type\":\"WebPage\",\"@id\":\"https:\\\/\\\/urbeamea.ro\\\/albaiulia\\\/vineri-15-ani-de-emisie-radio-reintregirea-spectacol-aniversar-la-casa-de-cultura-a-sindicatelor-din-alba-iulia\\\/\",\"url\":\"https:\\\/\\\/urbeamea.ro\\\/albaiulia\\\/vineri-15-ani-de-emisie-radio-reintregirea-spectacol-aniversar-la-casa-de-cultura-a-sindicatelor-din-alba-iulia\\\/\",\"name\":\"Vineri: 15 ani de emisie Radio Re\u00eentregirea. Spectacol aniversar la Casa de Cultur\u0103 a Sindicatelor din Alba Iulia - Revista Urbea Mea - Revista de Alba\",\"isPartOf\":{\"@id\":\"https:\\\/\\\/urbeamea.ro\\\/albaiulia\\\/#website\"},\"primaryImageOfPage\":{\"@id\":\"https:\\\/\\\/urbeamea.ro\\\/albaiulia\\\/vineri-15-ani-de-emisie-radio-reintregirea-spectacol-aniversar-la-casa-de-cultura-a-sindicatelor-din-alba-iulia\\\/#primaryimage\"},\"image\":{\"@id\":\"https:\\\/\\\/urbeamea.ro\\\/albaiulia\\\/vineri-15-ani-de-emisie-radio-reintregirea-spectacol-aniversar-la-casa-de-cultura-a-sindicatelor-din-alba-iulia\\\/#primaryimage\"},\"thumbnailUrl\":\"https:\\\/\\\/urbeamea.ro\\\/albaiulia\\\/wp-content\\\/uploads\\\/2016\\\/12\\\/Afis-Spectacol-15-ani-Radio-Reintregirea.jpg\",\"datePublished\":\"2016-12-15T11:10:07+00:00\",\"author\":{\"@id\":\"https:\\\/\\\/urbeamea.ro\\\/albaiulia\\\/#\\\/schema\\\/person\\\/9700d21fae21c4f038b0b56f4506264a\"},\"description\":\"Radio Re\u00eentregirea, postul de radio al Arhiepiscopiei Ortodoxe Rom\u00e2ne de Alba Iulia, \u00eempline\u015fte 15 ani de la prima emisie. Pentru a marca acest eveniment,\",\"breadcrumb\":{\"@id\":\"https:\\\/\\\/urbeamea.ro\\\/albaiulia\\\/vineri-15-ani-de-emisie-radio-reintregirea-spectacol-aniversar-la-casa-de-cultura-a-sindicatelor-din-alba-iulia\\\/#breadcrumb\"},\"inLanguage\":\"ro-RO\",\"potentialAction\":[{\"@type\":\"ReadAction\",\"target\":[\"https:\\\/\\\/urbeamea.ro\\\/albaiulia\\\/vineri-15-ani-de-emisie-radio-reintregirea-spectacol-aniversar-la-casa-de-cultura-a-sindicatelor-din-alba-iulia\\\/\"]}]},{\"@type\":\"ImageObject\",\"inLanguage\":\"ro-RO\",\"@id\":\"https:\\\/\\\/urbeamea.ro\\\/albaiulia\\\/vineri-15-ani-de-emisie-radio-reintregirea-spectacol-aniversar-la-casa-de-cultura-a-sindicatelor-din-alba-iulia\\\/#primaryimage\",\"url\":\"https:\\\/\\\/urbeamea.ro\\\/albaiulia\\\/wp-content\\\/uploads\\\/2016\\\/12\\\/Afis-Spectacol-15-ani-Radio-Reintregirea.jpg\",\"contentUrl\":\"https:\\\/\\\/urbeamea.ro\\\/albaiulia\\\/wp-content\\\/uploads\\\/2016\\\/12\\\/Afis-Spectacol-15-ani-Radio-Reintregirea.jpg\",\"width\":904,\"height\":1280},{\"@type\":\"BreadcrumbList\",\"@id\":\"https:\\\/\\\/urbeamea.ro\\\/albaiulia\\\/vineri-15-ani-de-emisie-radio-reintregirea-spectacol-aniversar-la-casa-de-cultura-a-sindicatelor-din-alba-iulia\\\/#breadcrumb\",\"itemListElement\":[{\"@type\":\"ListItem\",\"position\":1,\"name\":\"Prima pagin\u0103\",\"item\":\"https:\\\/\\\/urbeamea.ro\\\/albaiulia\\\/\"},{\"@type\":\"ListItem\",\"position\":2,\"name\":\"Vineri: 15 ani de emisie Radio Re\u00eentregirea. Spectacol aniversar la Casa de Cultur\u0103 a Sindicatelor din Alba Iulia\"}]},{\"@type\":\"WebSite\",\"@id\":\"https:\\\/\\\/urbeamea.ro\\\/albaiulia\\\/#website\",\"url\":\"https:\\\/\\\/urbeamea.ro\\\/albaiulia\\\/\",\"name\":\"Revista Urbea Mea, Stiri urbane\",\"description\":\"Evenimente \u0219i \u0219tiri din Alba Iulia, Sebe\u0219, Aiud, Blaj\",\"potentialAction\":[{\"@type\":\"SearchAction\",\"target\":{\"@type\":\"EntryPoint\",\"urlTemplate\":\"https:\\\/\\\/urbeamea.ro\\\/albaiulia\\\/?s={search_term_string}\"},\"query-input\":{\"@type\":\"PropertyValueSpecification\",\"valueRequired\":true,\"valueName\":\"search_term_string\"}}],\"inLanguage\":\"ro-RO\"},{\"@type\":\"Person\",\"@id\":\"https:\\\/\\\/urbeamea.ro\\\/albaiulia\\\/#\\\/schema\\\/person\\\/9700d21fae21c4f038b0b56f4506264a\",\"name\":\"Cristina Ganga\",\"image\":{\"@type\":\"ImageObject\",\"inLanguage\":\"ro-RO\",\"@id\":\"https:\\\/\\\/secure.gravatar.com\\\/avatar\\\/5a67661041f057b4a8ccaf26f5a8e86e2689372006d01faf3dd9eeb10b654bb4?s=96&d=mm&r=g\",\"url\":\"https:\\\/\\\/secure.gravatar.com\\\/avatar\\\/5a67661041f057b4a8ccaf26f5a8e86e2689372006d01faf3dd9eeb10b654bb4?s=96&d=mm&r=g\",\"contentUrl\":\"https:\\\/\\\/secure.gravatar.com\\\/avatar\\\/5a67661041f057b4a8ccaf26f5a8e86e2689372006d01faf3dd9eeb10b654bb4?s=96&d=mm&r=g\",\"caption\":\"Cristina Ganga\"},\"description\":\"Jurnalist\",\"sameAs\":[\"https:\\\/\\\/www.facebook.com\\\/cristina.nicola.587\"],\"url\":\"https:\\\/\\\/urbeamea.ro\\\/albaiulia\\\/author\\\/cristina-nicola\\\/\"}]}<\/script>\n<!-- \/ Yoast SEO plugin. -->","yoast_head_json":{"title":"Vineri: 15 ani de emisie Radio Re\u00eentregirea. Spectacol aniversar la Casa de Cultur\u0103 a Sindicatelor din Alba Iulia - Revista Urbea Mea - Revista de Alba","description":"Radio Re\u00eentregirea, postul de radio al Arhiepiscopiei Ortodoxe Rom\u00e2ne de Alba Iulia, \u00eempline\u015fte 15 ani de la prima emisie. Pentru a marca acest eveniment,","robots":{"index":"index","follow":"follow","max-snippet":"max-snippet:-1","max-image-preview":"max-image-preview:large","max-video-preview":"max-video-preview:-1"},"canonical":"https:\/\/urbeamea.ro\/albaiulia\/vineri-15-ani-de-emisie-radio-reintregirea-spectacol-aniversar-la-casa-de-cultura-a-sindicatelor-din-alba-iulia\/","twitter_card":"summary_large_image","twitter_title":"Vineri: 15 ani de emisie Radio Re\u00eentregirea. Spectacol aniversar la Casa de Cultur\u0103 a Sindicatelor din Alba Iulia - Revista Urbea Mea - Revista de Alba","twitter_description":"Radio Re\u00eentregirea, postul de radio al Arhiepiscopiei Ortodoxe Rom\u00e2ne de Alba Iulia, \u00eempline\u015fte 15 ani de la prima emisie. Pentru a marca acest eveniment,","twitter_image":"https:\/\/urbeamea.ro\/albaiulia\/wp-content\/uploads\/2016\/12\/Afis-Spectacol-15-ani-Radio-Reintregirea.jpg","twitter_creator":"@urbeameaweb","twitter_site":"@urbeameaweb","schema":{"@context":"https:\/\/schema.org","@graph":[{"@type":"Article","@id":"https:\/\/urbeamea.ro\/albaiulia\/vineri-15-ani-de-emisie-radio-reintregirea-spectacol-aniversar-la-casa-de-cultura-a-sindicatelor-din-alba-iulia\/#article","isPartOf":{"@id":"https:\/\/urbeamea.ro\/albaiulia\/vineri-15-ani-de-emisie-radio-reintregirea-spectacol-aniversar-la-casa-de-cultura-a-sindicatelor-din-alba-iulia\/"},"author":{"name":"Cristina Ganga","@id":"https:\/\/urbeamea.ro\/albaiulia\/#\/schema\/person\/9700d21fae21c4f038b0b56f4506264a"},"headline":"Vineri: 15 ani de emisie Radio Re\u00eentregirea. Spectacol aniversar la Casa de Cultur\u0103 a Sindicatelor din Alba Iulia","datePublished":"2016-12-15T11:10:07+00:00","mainEntityOfPage":{"@id":"https:\/\/urbeamea.ro\/albaiulia\/vineri-15-ani-de-emisie-radio-reintregirea-spectacol-aniversar-la-casa-de-cultura-a-sindicatelor-din-alba-iulia\/"},"wordCount":151,"commentCount":0,"image":{"@id":"https:\/\/urbeamea.ro\/albaiulia\/vineri-15-ani-de-emisie-radio-reintregirea-spectacol-aniversar-la-casa-de-cultura-a-sindicatelor-din-alba-iulia\/#primaryimage"},"thumbnailUrl":"https:\/\/urbeamea.ro\/albaiulia\/wp-content\/uploads\/2016\/12\/Afis-Spectacol-15-ani-Radio-Reintregirea.jpg","keywords":["15 ani de emisie","Alba Iulia","arhiepiscopia ortodoxa romana","casa de cultura a sindicatelor","colinde","post de radio","radio reintregirea","spectacol aniversar","stiri","Urbea Mea"],"articleSection":["Evenimente"],"inLanguage":"ro-RO","potentialAction":[{"@type":"CommentAction","name":"Comment","target":["https:\/\/urbeamea.ro\/albaiulia\/vineri-15-ani-de-emisie-radio-reintregirea-spectacol-aniversar-la-casa-de-cultura-a-sindicatelor-din-alba-iulia\/#respond"]}]},{"@type":"WebPage","@id":"https:\/\/urbeamea.ro\/albaiulia\/vineri-15-ani-de-emisie-radio-reintregirea-spectacol-aniversar-la-casa-de-cultura-a-sindicatelor-din-alba-iulia\/","url":"https:\/\/urbeamea.ro\/albaiulia\/vineri-15-ani-de-emisie-radio-reintregirea-spectacol-aniversar-la-casa-de-cultura-a-sindicatelor-din-alba-iulia\/","name":"Vineri: 15 ani de emisie Radio Re\u00eentregirea. Spectacol aniversar la Casa de Cultur\u0103 a Sindicatelor din Alba Iulia - Revista Urbea Mea - Revista de Alba","isPartOf":{"@id":"https:\/\/urbeamea.ro\/albaiulia\/#website"},"primaryImageOfPage":{"@id":"https:\/\/urbeamea.ro\/albaiulia\/vineri-15-ani-de-emisie-radio-reintregirea-spectacol-aniversar-la-casa-de-cultura-a-sindicatelor-din-alba-iulia\/#primaryimage"},"image":{"@id":"https:\/\/urbeamea.ro\/albaiulia\/vineri-15-ani-de-emisie-radio-reintregirea-spectacol-aniversar-la-casa-de-cultura-a-sindicatelor-din-alba-iulia\/#primaryimage"},"thumbnailUrl":"https:\/\/urbeamea.ro\/albaiulia\/wp-content\/uploads\/2016\/12\/Afis-Spectacol-15-ani-Radio-Reintregirea.jpg","datePublished":"2016-12-15T11:10:07+00:00","author":{"@id":"https:\/\/urbeamea.ro\/albaiulia\/#\/schema\/person\/9700d21fae21c4f038b0b56f4506264a"},"description":"Radio Re\u00eentregirea, postul de radio al Arhiepiscopiei Ortodoxe Rom\u00e2ne de Alba Iulia, \u00eempline\u015fte 15 ani de la prima emisie. Pentru a marca acest eveniment,","breadcrumb":{"@id":"https:\/\/urbeamea.ro\/albaiulia\/vineri-15-ani-de-emisie-radio-reintregirea-spectacol-aniversar-la-casa-de-cultura-a-sindicatelor-din-alba-iulia\/#breadcrumb"},"inLanguage":"ro-RO","potentialAction":[{"@type":"ReadAction","target":["https:\/\/urbeamea.ro\/albaiulia\/vineri-15-ani-de-emisie-radio-reintregirea-spectacol-aniversar-la-casa-de-cultura-a-sindicatelor-din-alba-iulia\/"]}]},{"@type":"ImageObject","inLanguage":"ro-RO","@id":"https:\/\/urbeamea.ro\/albaiulia\/vineri-15-ani-de-emisie-radio-reintregirea-spectacol-aniversar-la-casa-de-cultura-a-sindicatelor-din-alba-iulia\/#primaryimage","url":"https:\/\/urbeamea.ro\/albaiulia\/wp-content\/uploads\/2016\/12\/Afis-Spectacol-15-ani-Radio-Reintregirea.jpg","contentUrl":"https:\/\/urbeamea.ro\/albaiulia\/wp-content\/uploads\/2016\/12\/Afis-Spectacol-15-ani-Radio-Reintregirea.jpg","width":904,"height":1280},{"@type":"BreadcrumbList","@id":"https:\/\/urbeamea.ro\/albaiulia\/vineri-15-ani-de-emisie-radio-reintregirea-spectacol-aniversar-la-casa-de-cultura-a-sindicatelor-din-alba-iulia\/#breadcrumb","itemListElement":[{"@type":"ListItem","position":1,"name":"Prima pagin\u0103","item":"https:\/\/urbeamea.ro\/albaiulia\/"},{"@type":"ListItem","position":2,"name":"Vineri: 15 ani de emisie Radio Re\u00eentregirea. Spectacol aniversar la Casa de Cultur\u0103 a Sindicatelor din Alba Iulia"}]},{"@type":"WebSite","@id":"https:\/\/urbeamea.ro\/albaiulia\/#website","url":"https:\/\/urbeamea.ro\/albaiulia\/","name":"Revista Urbea Mea, Stiri urbane","description":"Evenimente \u0219i \u0219tiri din Alba Iulia, Sebe\u0219, Aiud, Blaj","potentialAction":[{"@type":"SearchAction","target":{"@type":"EntryPoint","urlTemplate":"https:\/\/urbeamea.ro\/albaiulia\/?s={search_term_string}"},"query-input":{"@type":"PropertyValueSpecification","valueRequired":true,"valueName":"search_term_string"}}],"inLanguage":"ro-RO"},{"@type":"Person","@id":"https:\/\/urbeamea.ro\/albaiulia\/#\/schema\/person\/9700d21fae21c4f038b0b56f4506264a","name":"Cristina Ganga","image":{"@type":"ImageObject","inLanguage":"ro-RO","@id":"https:\/\/secure.gravatar.com\/avatar\/5a67661041f057b4a8ccaf26f5a8e86e2689372006d01faf3dd9eeb10b654bb4?s=96&d=mm&r=g","url":"https:\/\/secure.gravatar.com\/avatar\/5a67661041f057b4a8ccaf26f5a8e86e2689372006d01faf3dd9eeb10b654bb4?s=96&d=mm&r=g","contentUrl":"https:\/\/secure.gravatar.com\/avatar\/5a67661041f057b4a8ccaf26f5a8e86e2689372006d01faf3dd9eeb10b654bb4?s=96&d=mm&r=g","caption":"Cristina Ganga"},"description":"Jurnalist","sameAs":["https:\/\/www.facebook.com\/cristina.nicola.587"],"url":"https:\/\/urbeamea.ro\/albaiulia\/author\/cristina-nicola\/"}]}},"_links":{"self":[{"href":"https:\/\/urbeamea.ro\/albaiulia\/wp-json\/wp\/v2\/posts\/37454","targetHints":{"allow":["GET"]}}],"collection":[{"href":"https:\/\/urbeamea.ro\/albaiulia\/wp-json\/wp\/v2\/posts"}],"about":[{"href":"https:\/\/urbeamea.ro\/albaiulia\/wp-json\/wp\/v2\/types\/post"}],"author":[{"embeddable":true,"href":"https:\/\/urbeamea.ro\/albaiulia\/wp-json\/wp\/v2\/users\/17"}],"replies":[{"embeddable":true,"href":"https:\/\/urbeamea.ro\/albaiulia\/wp-json\/wp\/v2\/comments?post=37454"}],"version-history":[{"count":0,"href":"https:\/\/urbeamea.ro\/albaiulia\/wp-json\/wp\/v2\/posts\/37454\/revisions"}],"wp:featuredmedia":[{"embeddable":true,"href":"https:\/\/urbeamea.ro\/albaiulia\/wp-json\/wp\/v2\/media\/37458"}],"wp:attachment":[{"href":"https:\/\/urbeamea.ro\/albaiulia\/wp-json\/wp\/v2\/media?parent=37454"}],"wp:term":[{"taxonomy":"category","embeddable":true,"href":"https:\/\/urbeamea.ro\/albaiulia\/wp-json\/wp\/v2\/categories?post=37454"},{"taxonomy":"post_tag","embeddable":true,"href":"https:\/\/urbeamea.ro\/albaiulia\/wp-json\/wp\/v2\/tags?post=37454"}],"curies":[{"name":"wp","href":"https:\/\/api.w.org\/{rel}","templated":true}]}}