{"id":37657,"date":"2016-12-19T11:27:03","date_gmt":"2016-12-19T09:27:03","guid":{"rendered":"http:\/\/urbeamea.ro\/albaiulia\/?p=37657"},"modified":"2016-12-19T11:27:03","modified_gmt":"2016-12-19T09:27:03","slug":"vineri-sedinta-ordinara-la-consiliul-judetean-alba-9-proiecte-pe-ordinea-de-zi","status":"publish","type":"post","link":"https:\/\/urbeamea.ro\/albaiulia\/vineri-sedinta-ordinara-la-consiliul-judetean-alba-9-proiecte-pe-ordinea-de-zi\/","title":{"rendered":"VINERI: \u0218edin\u021b\u0103 ordinar\u0103 la Consiliul Jude\u021bean Alba. 9 proiecte pe ordinea de zi"},"content":{"rendered":"<p><strong><img loading=\"lazy\" decoding=\"async\" class=\"size-medium wp-image-30108 alignleft\" src=\"http:\/\/urbeamea.ro\/albaiulia\/wp-content\/uploads\/2016\/08\/Consiliul-Judetean-300x170.jpg\" alt=\"\" width=\"300\" height=\"170\" \/>Vineri, 23 decembrie, \u00eencep\u00e2nd cu ora 10.00, consilierii jude\u0163eni se reunesc \u00een ultima \u015fedin\u0163\u0103 din acest an. De aceast\u0103 dat\u0103 vor supune la vot 9 proiecte aflate pe ordinea de zi.<br \/>\n<\/strong><\/p>\n<p><strong>Proiectul ordinii de zi:<\/strong><\/p>\n<p>1. Proiect de hot\u0103r\u00e2re privind trecerea unor imobile din domeniul privat al Jude\u0163ului Alba \u00een domeniul public al Jude\u0163ului Alba \u015fi aprobarea documenta\u0163iei cadastrale de alipire a imobilelor proprietate public\u0103 a Jude\u0163ului Alba situate administrativ \u00een municipiul Alba Iulia, str. Nicolae Titulescu nr. 9<\/p>\n<p>2. Proiect de hot\u0103r\u00e2re privind neexercitarea dreptului de preem\u0163iune asupra imobilului \u2013 monument istoric situat \u00een comuna Ro\u015fia Montan\u0103, sat Ro\u015fia Montan\u0103, nr. 324, jude\u0163ul Alba<\/p>\n<p>3. Proiect de hot\u0103r\u00e2re privind includerea unor bunuri \u00een Inventarul propriet\u0103\u0163ii private a Jude\u0163ului Alba \u015fi aprobarea concesion\u0103rii acestora c\u0103tre Societatea APA\u2013CTTA S.A. Alba<\/p>\n<p>4. Proiect de hot\u0103r\u00e2re privind aprobarea unor m\u0103suri pentru asigurarea continuit\u0103\u021bii serviciului de transport public jude\u021bean de persoane prin curse regulate \u00een Jude\u0163ul Alba<\/p>\n<p>5. Proiect de hot\u0103r\u00e2re privind aprobarea Actului Adi\u021bional nr. 1 la Acordul de finan\u0163are din data de 11 martie 2015 \u00eencheiat \u00eentre Jude\u0163ul Alba \u2013 prin Consiliul Jude\u0163ean Alba \u015fi Raionul Ialoveni \u2013 prin Consiliul Raional Ialoveni din Republica Moldova, \u00een vederea finan\u0163\u0103rii proiectului \u201eResistematizarea \u015fi amenajarea Centrului expozi\u0163ional \u2013 muzeu Ialoveni\u201d<\/p>\n<p>6. Proiect de hot\u0103r\u00e2re privind aprobarea asocierii Jude\u0163ului Alba prin Consiliul Jude\u0163ean Alba cu Municipiul Blaj prin Consiliul local al municipiului Blaj, \u00een vederea finaliz\u0103rii obiectivului de investi\u021bii \u201eReabilitare Palat Cultural Blaj, Jude\u0163ul Alba\u201d<\/p>\n<p>7. Proiect de hot\u0103r\u00e2re privind aprobarea conturilor de execu\u0163ie ale bugetului local al Jude\u0163ului Alba, bugetului creditelor interne, bugetului fondurilor externe nerambursabile \u0219i a bugetelor institu\u0163iilor publice \u0219i activit\u0103\u0163ilor finan\u0163ate integral sau par\u0163ial din venituri proprii pentru trimestrul IV al anului 2016<\/p>\n<p>8. Proiect de hot\u0103r\u00e2re privind stabilirea de taxe locale \u015fi tarife datorate bugetului general al Jude\u0163ului Alba, \u00een anul 2017<\/p>\n<p>9. Proiect de hot\u0103r\u00e2re privind rectificarea bugetului general al Jude\u0163ului Alba, bugetului propriu al Jude\u0163ului Alba si a bugetelor institu\u0163iilor publice \u015fi activit\u0103\u0163ilor finan\u0163ate integral sau par\u0163ial din venituri proprii precum si efectuarea unor virari de credite pentru bugetul fondurilor externe nerambursabile pe anul 2016<\/p>\n<p>10. Aprobarea Procesului verbal \u00eencheiat cu ocazia \u0219edin\u021bei ordinare din data de 29 noiembrie 2016.<\/p>\n<p>11. Aprobarea Procesului verbal \u00eencheiat cu ocazia \u0219edin\u021bei extraordinare din data de 6 decembrie 2016<\/p>\n","protected":false},"excerpt":{"rendered":"<p>Vineri, 23 decembrie, \u00eencep\u00e2nd cu ora 10.00, consilierii jude\u0163eni se reunesc \u00een ultima \u015fedin\u0163\u0103 din acest an. De aceast\u0103 dat\u0103 vor supune la vot 9 proiecte aflate pe ordinea de zi. Proiectul ordinii de zi: 1. Proiect de hot\u0103r\u00e2re privind trecerea unor imobile din domeniul privat al Jude\u0163ului Alba \u00een domeniul public al Jude\u0163ului Alba &hellip;<\/p>\n","protected":false},"author":17,"featured_media":30108,"comment_status":"open","ping_status":"open","sticky":false,"template":"","format":"standard","meta":{"inline_featured_image":false,"footnotes":""},"categories":[2035],"tags":[307,950,625,3243,308,76,1412],"class_list":["post-37657","post","type-post","status-publish","format-standard","has-post-thumbnail","hentry","category-administratie","tag-alba","tag-consiliul-judetean","tag-proiecte","tag-sedinta-ordinara","tag-stiri","tag-urbea-mea","tag-vot"],"yoast_head":"<!-- This site is optimized with the Yoast SEO plugin v28.3 - https:\/\/yoast.com\/product\/yoast-seo-wordpress\/ -->\n<title>VINERI: \u0218edin\u021b\u0103 ordinar\u0103 la Consiliul Jude\u021bean Alba. 9 proiecte pe ordinea de zi - Revista Urbea Mea - Revista de Alba<\/title>\n<meta name=\"description\" content=\"Vineri, 23 decembrie, \u00eencep\u00e2nd cu ora 10.00, consilierii jude\u0163eni se reunesc \u00een ultima \u015fedin\u0163\u0103 din acest an. De aceast\u0103 dat\u0103 vor supune la vot 9 proiecte\" \/>\n<meta name=\"robots\" content=\"index, follow, max-snippet:-1, max-image-preview:large, max-video-preview:-1\" \/>\n<link rel=\"canonical\" href=\"https:\/\/urbeamea.ro\/albaiulia\/vineri-sedinta-ordinara-la-consiliul-judetean-alba-9-proiecte-pe-ordinea-de-zi\/\" \/>\n<meta name=\"twitter:card\" content=\"summary_large_image\" \/>\n<meta name=\"twitter:title\" content=\"VINERI: \u0218edin\u021b\u0103 ordinar\u0103 la Consiliul Jude\u021bean Alba. 9 proiecte pe ordinea de zi - Revista Urbea Mea - Revista de Alba\" \/>\n<meta name=\"twitter:description\" content=\"Vineri, 23 decembrie, \u00eencep\u00e2nd cu ora 10.00, consilierii jude\u0163eni se reunesc \u00een ultima \u015fedin\u0163\u0103 din acest an. De aceast\u0103 dat\u0103 vor supune la vot 9 proiecte\" \/>\n<meta name=\"twitter:image\" content=\"https:\/\/urbeamea.ro\/albaiulia\/wp-content\/uploads\/2016\/08\/Consiliul-Judetean.jpg\" \/>\n<meta name=\"twitter:creator\" content=\"@urbeameaweb\" \/>\n<meta name=\"twitter:site\" content=\"@urbeameaweb\" \/>\n<script type=\"application\/ld+json\" class=\"yoast-schema-graph\">{\"@context\":\"https:\\\/\\\/schema.org\",\"@graph\":[{\"@type\":\"Article\",\"@id\":\"https:\\\/\\\/urbeamea.ro\\\/albaiulia\\\/vineri-sedinta-ordinara-la-consiliul-judetean-alba-9-proiecte-pe-ordinea-de-zi\\\/#article\",\"isPartOf\":{\"@id\":\"https:\\\/\\\/urbeamea.ro\\\/albaiulia\\\/vineri-sedinta-ordinara-la-consiliul-judetean-alba-9-proiecte-pe-ordinea-de-zi\\\/\"},\"author\":{\"name\":\"Cristina Ganga\",\"@id\":\"https:\\\/\\\/urbeamea.ro\\\/albaiulia\\\/#\\\/schema\\\/person\\\/9700d21fae21c4f038b0b56f4506264a\"},\"headline\":\"VINERI: \u0218edin\u021b\u0103 ordinar\u0103 la Consiliul Jude\u021bean Alba. 9 proiecte pe ordinea de zi\",\"datePublished\":\"2016-12-19T09:27:03+00:00\",\"mainEntityOfPage\":{\"@id\":\"https:\\\/\\\/urbeamea.ro\\\/albaiulia\\\/vineri-sedinta-ordinara-la-consiliul-judetean-alba-9-proiecte-pe-ordinea-de-zi\\\/\"},\"wordCount\":423,\"commentCount\":0,\"image\":{\"@id\":\"https:\\\/\\\/urbeamea.ro\\\/albaiulia\\\/vineri-sedinta-ordinara-la-consiliul-judetean-alba-9-proiecte-pe-ordinea-de-zi\\\/#primaryimage\"},\"thumbnailUrl\":\"https:\\\/\\\/urbeamea.ro\\\/albaiulia\\\/wp-content\\\/uploads\\\/2016\\\/08\\\/Consiliul-Judetean.jpg\",\"keywords\":[\"alba\",\"consiliul judetean\",\"proiecte\",\"sedinta ordinara\",\"stiri\",\"Urbea Mea\",\"vot\"],\"articleSection\":[\"Administra\u021bie\"],\"inLanguage\":\"ro-RO\",\"potentialAction\":[{\"@type\":\"CommentAction\",\"name\":\"Comment\",\"target\":[\"https:\\\/\\\/urbeamea.ro\\\/albaiulia\\\/vineri-sedinta-ordinara-la-consiliul-judetean-alba-9-proiecte-pe-ordinea-de-zi\\\/#respond\"]}]},{\"@type\":\"WebPage\",\"@id\":\"https:\\\/\\\/urbeamea.ro\\\/albaiulia\\\/vineri-sedinta-ordinara-la-consiliul-judetean-alba-9-proiecte-pe-ordinea-de-zi\\\/\",\"url\":\"https:\\\/\\\/urbeamea.ro\\\/albaiulia\\\/vineri-sedinta-ordinara-la-consiliul-judetean-alba-9-proiecte-pe-ordinea-de-zi\\\/\",\"name\":\"VINERI: \u0218edin\u021b\u0103 ordinar\u0103 la Consiliul Jude\u021bean Alba. 9 proiecte pe ordinea de zi - Revista Urbea Mea - Revista de Alba\",\"isPartOf\":{\"@id\":\"https:\\\/\\\/urbeamea.ro\\\/albaiulia\\\/#website\"},\"primaryImageOfPage\":{\"@id\":\"https:\\\/\\\/urbeamea.ro\\\/albaiulia\\\/vineri-sedinta-ordinara-la-consiliul-judetean-alba-9-proiecte-pe-ordinea-de-zi\\\/#primaryimage\"},\"image\":{\"@id\":\"https:\\\/\\\/urbeamea.ro\\\/albaiulia\\\/vineri-sedinta-ordinara-la-consiliul-judetean-alba-9-proiecte-pe-ordinea-de-zi\\\/#primaryimage\"},\"thumbnailUrl\":\"https:\\\/\\\/urbeamea.ro\\\/albaiulia\\\/wp-content\\\/uploads\\\/2016\\\/08\\\/Consiliul-Judetean.jpg\",\"datePublished\":\"2016-12-19T09:27:03+00:00\",\"author\":{\"@id\":\"https:\\\/\\\/urbeamea.ro\\\/albaiulia\\\/#\\\/schema\\\/person\\\/9700d21fae21c4f038b0b56f4506264a\"},\"description\":\"Vineri, 23 decembrie, \u00eencep\u00e2nd cu ora 10.00, consilierii jude\u0163eni se reunesc \u00een ultima \u015fedin\u0163\u0103 din acest an. De aceast\u0103 dat\u0103 vor supune la vot 9 proiecte\",\"breadcrumb\":{\"@id\":\"https:\\\/\\\/urbeamea.ro\\\/albaiulia\\\/vineri-sedinta-ordinara-la-consiliul-judetean-alba-9-proiecte-pe-ordinea-de-zi\\\/#breadcrumb\"},\"inLanguage\":\"ro-RO\",\"potentialAction\":[{\"@type\":\"ReadAction\",\"target\":[\"https:\\\/\\\/urbeamea.ro\\\/albaiulia\\\/vineri-sedinta-ordinara-la-consiliul-judetean-alba-9-proiecte-pe-ordinea-de-zi\\\/\"]}]},{\"@type\":\"ImageObject\",\"inLanguage\":\"ro-RO\",\"@id\":\"https:\\\/\\\/urbeamea.ro\\\/albaiulia\\\/vineri-sedinta-ordinara-la-consiliul-judetean-alba-9-proiecte-pe-ordinea-de-zi\\\/#primaryimage\",\"url\":\"https:\\\/\\\/urbeamea.ro\\\/albaiulia\\\/wp-content\\\/uploads\\\/2016\\\/08\\\/Consiliul-Judetean.jpg\",\"contentUrl\":\"https:\\\/\\\/urbeamea.ro\\\/albaiulia\\\/wp-content\\\/uploads\\\/2016\\\/08\\\/Consiliul-Judetean.jpg\",\"width\":1242,\"height\":704},{\"@type\":\"BreadcrumbList\",\"@id\":\"https:\\\/\\\/urbeamea.ro\\\/albaiulia\\\/vineri-sedinta-ordinara-la-consiliul-judetean-alba-9-proiecte-pe-ordinea-de-zi\\\/#breadcrumb\",\"itemListElement\":[{\"@type\":\"ListItem\",\"position\":1,\"name\":\"Prima pagin\u0103\",\"item\":\"https:\\\/\\\/urbeamea.ro\\\/albaiulia\\\/\"},{\"@type\":\"ListItem\",\"position\":2,\"name\":\"VINERI: \u0218edin\u021b\u0103 ordinar\u0103 la Consiliul Jude\u021bean Alba. 9 proiecte pe ordinea de zi\"}]},{\"@type\":\"WebSite\",\"@id\":\"https:\\\/\\\/urbeamea.ro\\\/albaiulia\\\/#website\",\"url\":\"https:\\\/\\\/urbeamea.ro\\\/albaiulia\\\/\",\"name\":\"Revista Urbea Mea, Stiri urbane\",\"description\":\"Evenimente \u0219i \u0219tiri din Alba Iulia, Sebe\u0219, Aiud, Blaj\",\"potentialAction\":[{\"@type\":\"SearchAction\",\"target\":{\"@type\":\"EntryPoint\",\"urlTemplate\":\"https:\\\/\\\/urbeamea.ro\\\/albaiulia\\\/?s={search_term_string}\"},\"query-input\":{\"@type\":\"PropertyValueSpecification\",\"valueRequired\":true,\"valueName\":\"search_term_string\"}}],\"inLanguage\":\"ro-RO\"},{\"@type\":\"Person\",\"@id\":\"https:\\\/\\\/urbeamea.ro\\\/albaiulia\\\/#\\\/schema\\\/person\\\/9700d21fae21c4f038b0b56f4506264a\",\"name\":\"Cristina Ganga\",\"image\":{\"@type\":\"ImageObject\",\"inLanguage\":\"ro-RO\",\"@id\":\"https:\\\/\\\/secure.gravatar.com\\\/avatar\\\/5a67661041f057b4a8ccaf26f5a8e86e2689372006d01faf3dd9eeb10b654bb4?s=96&d=mm&r=g\",\"url\":\"https:\\\/\\\/secure.gravatar.com\\\/avatar\\\/5a67661041f057b4a8ccaf26f5a8e86e2689372006d01faf3dd9eeb10b654bb4?s=96&d=mm&r=g\",\"contentUrl\":\"https:\\\/\\\/secure.gravatar.com\\\/avatar\\\/5a67661041f057b4a8ccaf26f5a8e86e2689372006d01faf3dd9eeb10b654bb4?s=96&d=mm&r=g\",\"caption\":\"Cristina Ganga\"},\"description\":\"Jurnalist\",\"sameAs\":[\"https:\\\/\\\/www.facebook.com\\\/cristina.nicola.587\"],\"url\":\"https:\\\/\\\/urbeamea.ro\\\/albaiulia\\\/author\\\/cristina-nicola\\\/\"}]}<\/script>\n<!-- \/ Yoast SEO plugin. -->","yoast_head_json":{"title":"VINERI: \u0218edin\u021b\u0103 ordinar\u0103 la Consiliul Jude\u021bean Alba. 9 proiecte pe ordinea de zi - Revista Urbea Mea - Revista de Alba","description":"Vineri, 23 decembrie, \u00eencep\u00e2nd cu ora 10.00, consilierii jude\u0163eni se reunesc \u00een ultima \u015fedin\u0163\u0103 din acest an. De aceast\u0103 dat\u0103 vor supune la vot 9 proiecte","robots":{"index":"index","follow":"follow","max-snippet":"max-snippet:-1","max-image-preview":"max-image-preview:large","max-video-preview":"max-video-preview:-1"},"canonical":"https:\/\/urbeamea.ro\/albaiulia\/vineri-sedinta-ordinara-la-consiliul-judetean-alba-9-proiecte-pe-ordinea-de-zi\/","twitter_card":"summary_large_image","twitter_title":"VINERI: \u0218edin\u021b\u0103 ordinar\u0103 la Consiliul Jude\u021bean Alba. 9 proiecte pe ordinea de zi - Revista Urbea Mea - Revista de Alba","twitter_description":"Vineri, 23 decembrie, \u00eencep\u00e2nd cu ora 10.00, consilierii jude\u0163eni se reunesc \u00een ultima \u015fedin\u0163\u0103 din acest an. De aceast\u0103 dat\u0103 vor supune la vot 9 proiecte","twitter_image":"https:\/\/urbeamea.ro\/albaiulia\/wp-content\/uploads\/2016\/08\/Consiliul-Judetean.jpg","twitter_creator":"@urbeameaweb","twitter_site":"@urbeameaweb","schema":{"@context":"https:\/\/schema.org","@graph":[{"@type":"Article","@id":"https:\/\/urbeamea.ro\/albaiulia\/vineri-sedinta-ordinara-la-consiliul-judetean-alba-9-proiecte-pe-ordinea-de-zi\/#article","isPartOf":{"@id":"https:\/\/urbeamea.ro\/albaiulia\/vineri-sedinta-ordinara-la-consiliul-judetean-alba-9-proiecte-pe-ordinea-de-zi\/"},"author":{"name":"Cristina Ganga","@id":"https:\/\/urbeamea.ro\/albaiulia\/#\/schema\/person\/9700d21fae21c4f038b0b56f4506264a"},"headline":"VINERI: \u0218edin\u021b\u0103 ordinar\u0103 la Consiliul Jude\u021bean Alba. 9 proiecte pe ordinea de zi","datePublished":"2016-12-19T09:27:03+00:00","mainEntityOfPage":{"@id":"https:\/\/urbeamea.ro\/albaiulia\/vineri-sedinta-ordinara-la-consiliul-judetean-alba-9-proiecte-pe-ordinea-de-zi\/"},"wordCount":423,"commentCount":0,"image":{"@id":"https:\/\/urbeamea.ro\/albaiulia\/vineri-sedinta-ordinara-la-consiliul-judetean-alba-9-proiecte-pe-ordinea-de-zi\/#primaryimage"},"thumbnailUrl":"https:\/\/urbeamea.ro\/albaiulia\/wp-content\/uploads\/2016\/08\/Consiliul-Judetean.jpg","keywords":["alba","consiliul judetean","proiecte","sedinta ordinara","stiri","Urbea Mea","vot"],"articleSection":["Administra\u021bie"],"inLanguage":"ro-RO","potentialAction":[{"@type":"CommentAction","name":"Comment","target":["https:\/\/urbeamea.ro\/albaiulia\/vineri-sedinta-ordinara-la-consiliul-judetean-alba-9-proiecte-pe-ordinea-de-zi\/#respond"]}]},{"@type":"WebPage","@id":"https:\/\/urbeamea.ro\/albaiulia\/vineri-sedinta-ordinara-la-consiliul-judetean-alba-9-proiecte-pe-ordinea-de-zi\/","url":"https:\/\/urbeamea.ro\/albaiulia\/vineri-sedinta-ordinara-la-consiliul-judetean-alba-9-proiecte-pe-ordinea-de-zi\/","name":"VINERI: \u0218edin\u021b\u0103 ordinar\u0103 la Consiliul Jude\u021bean Alba. 9 proiecte pe ordinea de zi - Revista Urbea Mea - Revista de Alba","isPartOf":{"@id":"https:\/\/urbeamea.ro\/albaiulia\/#website"},"primaryImageOfPage":{"@id":"https:\/\/urbeamea.ro\/albaiulia\/vineri-sedinta-ordinara-la-consiliul-judetean-alba-9-proiecte-pe-ordinea-de-zi\/#primaryimage"},"image":{"@id":"https:\/\/urbeamea.ro\/albaiulia\/vineri-sedinta-ordinara-la-consiliul-judetean-alba-9-proiecte-pe-ordinea-de-zi\/#primaryimage"},"thumbnailUrl":"https:\/\/urbeamea.ro\/albaiulia\/wp-content\/uploads\/2016\/08\/Consiliul-Judetean.jpg","datePublished":"2016-12-19T09:27:03+00:00","author":{"@id":"https:\/\/urbeamea.ro\/albaiulia\/#\/schema\/person\/9700d21fae21c4f038b0b56f4506264a"},"description":"Vineri, 23 decembrie, \u00eencep\u00e2nd cu ora 10.00, consilierii jude\u0163eni se reunesc \u00een ultima \u015fedin\u0163\u0103 din acest an. De aceast\u0103 dat\u0103 vor supune la vot 9 proiecte","breadcrumb":{"@id":"https:\/\/urbeamea.ro\/albaiulia\/vineri-sedinta-ordinara-la-consiliul-judetean-alba-9-proiecte-pe-ordinea-de-zi\/#breadcrumb"},"inLanguage":"ro-RO","potentialAction":[{"@type":"ReadAction","target":["https:\/\/urbeamea.ro\/albaiulia\/vineri-sedinta-ordinara-la-consiliul-judetean-alba-9-proiecte-pe-ordinea-de-zi\/"]}]},{"@type":"ImageObject","inLanguage":"ro-RO","@id":"https:\/\/urbeamea.ro\/albaiulia\/vineri-sedinta-ordinara-la-consiliul-judetean-alba-9-proiecte-pe-ordinea-de-zi\/#primaryimage","url":"https:\/\/urbeamea.ro\/albaiulia\/wp-content\/uploads\/2016\/08\/Consiliul-Judetean.jpg","contentUrl":"https:\/\/urbeamea.ro\/albaiulia\/wp-content\/uploads\/2016\/08\/Consiliul-Judetean.jpg","width":1242,"height":704},{"@type":"BreadcrumbList","@id":"https:\/\/urbeamea.ro\/albaiulia\/vineri-sedinta-ordinara-la-consiliul-judetean-alba-9-proiecte-pe-ordinea-de-zi\/#breadcrumb","itemListElement":[{"@type":"ListItem","position":1,"name":"Prima pagin\u0103","item":"https:\/\/urbeamea.ro\/albaiulia\/"},{"@type":"ListItem","position":2,"name":"VINERI: \u0218edin\u021b\u0103 ordinar\u0103 la Consiliul Jude\u021bean Alba. 9 proiecte pe ordinea de zi"}]},{"@type":"WebSite","@id":"https:\/\/urbeamea.ro\/albaiulia\/#website","url":"https:\/\/urbeamea.ro\/albaiulia\/","name":"Revista Urbea Mea, Stiri urbane","description":"Evenimente \u0219i \u0219tiri din Alba Iulia, Sebe\u0219, Aiud, Blaj","potentialAction":[{"@type":"SearchAction","target":{"@type":"EntryPoint","urlTemplate":"https:\/\/urbeamea.ro\/albaiulia\/?s={search_term_string}"},"query-input":{"@type":"PropertyValueSpecification","valueRequired":true,"valueName":"search_term_string"}}],"inLanguage":"ro-RO"},{"@type":"Person","@id":"https:\/\/urbeamea.ro\/albaiulia\/#\/schema\/person\/9700d21fae21c4f038b0b56f4506264a","name":"Cristina Ganga","image":{"@type":"ImageObject","inLanguage":"ro-RO","@id":"https:\/\/secure.gravatar.com\/avatar\/5a67661041f057b4a8ccaf26f5a8e86e2689372006d01faf3dd9eeb10b654bb4?s=96&d=mm&r=g","url":"https:\/\/secure.gravatar.com\/avatar\/5a67661041f057b4a8ccaf26f5a8e86e2689372006d01faf3dd9eeb10b654bb4?s=96&d=mm&r=g","contentUrl":"https:\/\/secure.gravatar.com\/avatar\/5a67661041f057b4a8ccaf26f5a8e86e2689372006d01faf3dd9eeb10b654bb4?s=96&d=mm&r=g","caption":"Cristina Ganga"},"description":"Jurnalist","sameAs":["https:\/\/www.facebook.com\/cristina.nicola.587"],"url":"https:\/\/urbeamea.ro\/albaiulia\/author\/cristina-nicola\/"}]}},"_links":{"self":[{"href":"https:\/\/urbeamea.ro\/albaiulia\/wp-json\/wp\/v2\/posts\/37657","targetHints":{"allow":["GET"]}}],"collection":[{"href":"https:\/\/urbeamea.ro\/albaiulia\/wp-json\/wp\/v2\/posts"}],"about":[{"href":"https:\/\/urbeamea.ro\/albaiulia\/wp-json\/wp\/v2\/types\/post"}],"author":[{"embeddable":true,"href":"https:\/\/urbeamea.ro\/albaiulia\/wp-json\/wp\/v2\/users\/17"}],"replies":[{"embeddable":true,"href":"https:\/\/urbeamea.ro\/albaiulia\/wp-json\/wp\/v2\/comments?post=37657"}],"version-history":[{"count":0,"href":"https:\/\/urbeamea.ro\/albaiulia\/wp-json\/wp\/v2\/posts\/37657\/revisions"}],"wp:featuredmedia":[{"embeddable":true,"href":"https:\/\/urbeamea.ro\/albaiulia\/wp-json\/wp\/v2\/media\/30108"}],"wp:attachment":[{"href":"https:\/\/urbeamea.ro\/albaiulia\/wp-json\/wp\/v2\/media?parent=37657"}],"wp:term":[{"taxonomy":"category","embeddable":true,"href":"https:\/\/urbeamea.ro\/albaiulia\/wp-json\/wp\/v2\/categories?post=37657"},{"taxonomy":"post_tag","embeddable":true,"href":"https:\/\/urbeamea.ro\/albaiulia\/wp-json\/wp\/v2\/tags?post=37657"}],"curies":[{"name":"wp","href":"https:\/\/api.w.org\/{rel}","templated":true}]}}