{"id":37661,"date":"2016-12-19T11:51:22","date_gmt":"2016-12-19T09:51:22","guid":{"rendered":"http:\/\/urbeamea.ro\/albaiulia\/?p=37661"},"modified":"2016-12-19T11:51:22","modified_gmt":"2016-12-19T09:51:22","slug":"incendiu-in-localitatea-feisa-o-anexa-gospodareasca-a-luat-foc","status":"publish","type":"post","link":"https:\/\/urbeamea.ro\/albaiulia\/incendiu-in-localitatea-feisa-o-anexa-gospodareasca-a-luat-foc\/","title":{"rendered":"Incendiu \u00een localitatea Feisa: O anex\u0103 gospod\u0103reasc\u0103 a luat foc"},"content":{"rendered":"<p><strong><img loading=\"lazy\" decoding=\"async\" class=\"size-medium wp-image-22689 alignleft\" src=\"http:\/\/urbeamea.ro\/albaiulia\/wp-content\/uploads\/2016\/04\/manastrire-incendiu-300x183.jpg\" alt=\"\" width=\"300\" height=\"183\" srcset=\"https:\/\/urbeamea.ro\/albaiulia\/wp-content\/uploads\/2016\/04\/manastrire-incendiu-300x183.jpg 300w, https:\/\/urbeamea.ro\/albaiulia\/wp-content\/uploads\/2016\/04\/manastrire-incendiu-150x92.jpg 150w, https:\/\/urbeamea.ro\/albaiulia\/wp-content\/uploads\/2016\/04\/manastrire-incendiu.jpg 550w\" sizes=\"auto, (max-width: 300px) 100vw, 300px\" \/>Pompierii din Blaj au intervenit s\u00e2mb\u0103t\u0103 dup\u0103-amiaz\u0103 pentru stingerea unui incendiu izbucnit la o anex\u0103 gospod\u0103reasc\u0103 din localitatea Feisa, comuna Jidvei. Se pare c\u0103 fl\u0103c\u0103rile au cuprins o afum\u0103toare.<\/strong><\/p>\n<p>Potrivit ISU Alba, Garda de interven\u021bie Blaj a intervenit s\u00e2mb\u0103t\u0103, la ora 17:51, \u00een loc. Feisa, com. Jidvei, pe str. G\u0103rii, pentru stingerea unui incendiu izbucnit la o anex\u0103 gospod\u0103reasc\u0103 (afum\u0103toare), proprietatea lui C.C. Pompierii militari au intervenit cu o autospecial\u0103 de interven\u021bie.<\/p>\n<p>Ca urmare a acestui incendiu, au ars aproximativ 40 kg sl\u0103nin\u0103 \u0219i 1,5 mc material lemnos. Cauza acestui incendiu o reprezint\u0103 un foc deschis \u00een spa\u021bii inchise.<\/p>\n<p><em>Inspectoratul pentru Situa\u0163ii de Urgen\u0163\u0103 \u201cUnirea\u201d al jude\u0163ului Alba reaminte\u015fte cet\u0103\u0163enilor unele m\u0103suri pentru aceast\u0103 perioad\u0103, \u015fi anume:<\/em><\/p>\n<ul>\n<li>se interzice folosirea afum\u00e3toarelor improvizate ori amplasarea acestora \u00een magazii, \u0219uri, remize, sub \u0219oproane sau l\u00e2ng\u00e3 materiale combustibile;<\/li>\n<li>afum\u00e3torile se confec\u021bioneaz\u00e3 din zid\u00e3rii de c\u00e3r\u00e3mid\u00e3 \u0219i se vor amplasa independent de celelalte construc\u021bii din gospod\u00e3rie.<\/li>\n<\/ul>\n","protected":false},"excerpt":{"rendered":"<p>Pompierii din Blaj au intervenit s\u00e2mb\u0103t\u0103 dup\u0103-amiaz\u0103 pentru stingerea unui incendiu izbucnit la o anex\u0103 gospod\u0103reasc\u0103 din localitatea Feisa, comuna Jidvei. Se pare c\u0103 fl\u0103c\u0103rile au cuprins o afum\u0103toare. Potrivit ISU Alba, Garda de interven\u021bie Blaj a intervenit s\u00e2mb\u0103t\u0103, la ora 17:51, \u00een loc. Feisa, com. Jidvei, pe str. G\u0103rii, pentru stingerea unui incendiu izbucnit &hellip;<\/p>\n","protected":false},"author":17,"featured_media":22689,"comment_status":"open","ping_status":"open","sticky":false,"template":"","format":"standard","meta":{"inline_featured_image":false,"footnotes":""},"categories":[2034],"tags":[5821,2732,2560,2557,312,308,76],"class_list":["post-37661","post","type-post","status-publish","format-standard","has-post-thumbnail","hentry","category-social","tag-feisa","tag-incendiu","tag-isu-alba","tag-jidvei","tag-pompieri","tag-stiri","tag-urbea-mea"],"yoast_head":"<!-- This site is optimized with the Yoast SEO plugin v28.3 - https:\/\/yoast.com\/product\/yoast-seo-wordpress\/ -->\n<title>Incendiu \u00een localitatea Feisa: O anex\u0103 gospod\u0103reasc\u0103 a luat foc - Revista Urbea Mea - Revista de Alba<\/title>\n<meta name=\"description\" content=\"Pompierii din Blaj au intervenit s\u00e2mb\u0103t\u0103 dup\u0103-amiaz\u0103 pentru stingerea unui incendiu izbucnit la o anex\u0103 gospod\u0103reasc\u0103 din localitatea Feisa, comuna\" \/>\n<meta name=\"robots\" content=\"index, follow, max-snippet:-1, max-image-preview:large, max-video-preview:-1\" \/>\n<link rel=\"canonical\" href=\"https:\/\/urbeamea.ro\/albaiulia\/incendiu-in-localitatea-feisa-o-anexa-gospodareasca-a-luat-foc\/\" \/>\n<meta name=\"twitter:card\" content=\"summary_large_image\" \/>\n<meta name=\"twitter:title\" content=\"Incendiu \u00een localitatea Feisa: O anex\u0103 gospod\u0103reasc\u0103 a luat foc - Revista Urbea Mea - Revista de Alba\" \/>\n<meta name=\"twitter:description\" content=\"Pompierii din Blaj au intervenit s\u00e2mb\u0103t\u0103 dup\u0103-amiaz\u0103 pentru stingerea unui incendiu izbucnit la o anex\u0103 gospod\u0103reasc\u0103 din localitatea Feisa, comuna\" \/>\n<meta name=\"twitter:image\" content=\"https:\/\/urbeamea.ro\/albaiulia\/wp-content\/uploads\/2016\/04\/manastrire-incendiu.jpg\" \/>\n<meta name=\"twitter:creator\" content=\"@urbeameaweb\" \/>\n<meta name=\"twitter:site\" content=\"@urbeameaweb\" \/>\n<script type=\"application\/ld+json\" class=\"yoast-schema-graph\">{\"@context\":\"https:\\\/\\\/schema.org\",\"@graph\":[{\"@type\":\"Article\",\"@id\":\"https:\\\/\\\/urbeamea.ro\\\/albaiulia\\\/incendiu-in-localitatea-feisa-o-anexa-gospodareasca-a-luat-foc\\\/#article\",\"isPartOf\":{\"@id\":\"https:\\\/\\\/urbeamea.ro\\\/albaiulia\\\/incendiu-in-localitatea-feisa-o-anexa-gospodareasca-a-luat-foc\\\/\"},\"author\":{\"name\":\"Cristina Ganga\",\"@id\":\"https:\\\/\\\/urbeamea.ro\\\/albaiulia\\\/#\\\/schema\\\/person\\\/9700d21fae21c4f038b0b56f4506264a\"},\"headline\":\"Incendiu \u00een localitatea Feisa: O anex\u0103 gospod\u0103reasc\u0103 a luat foc\",\"datePublished\":\"2016-12-19T09:51:22+00:00\",\"mainEntityOfPage\":{\"@id\":\"https:\\\/\\\/urbeamea.ro\\\/albaiulia\\\/incendiu-in-localitatea-feisa-o-anexa-gospodareasca-a-luat-foc\\\/\"},\"wordCount\":191,\"commentCount\":0,\"image\":{\"@id\":\"https:\\\/\\\/urbeamea.ro\\\/albaiulia\\\/incendiu-in-localitatea-feisa-o-anexa-gospodareasca-a-luat-foc\\\/#primaryimage\"},\"thumbnailUrl\":\"https:\\\/\\\/urbeamea.ro\\\/albaiulia\\\/wp-content\\\/uploads\\\/2016\\\/04\\\/manastrire-incendiu.jpg\",\"keywords\":[\"Feisa\",\"incendiu\",\"ISU Alba\",\"jidvei\",\"pompieri\",\"stiri\",\"Urbea Mea\"],\"articleSection\":[\"Social\"],\"inLanguage\":\"ro-RO\",\"potentialAction\":[{\"@type\":\"CommentAction\",\"name\":\"Comment\",\"target\":[\"https:\\\/\\\/urbeamea.ro\\\/albaiulia\\\/incendiu-in-localitatea-feisa-o-anexa-gospodareasca-a-luat-foc\\\/#respond\"]}]},{\"@type\":\"WebPage\",\"@id\":\"https:\\\/\\\/urbeamea.ro\\\/albaiulia\\\/incendiu-in-localitatea-feisa-o-anexa-gospodareasca-a-luat-foc\\\/\",\"url\":\"https:\\\/\\\/urbeamea.ro\\\/albaiulia\\\/incendiu-in-localitatea-feisa-o-anexa-gospodareasca-a-luat-foc\\\/\",\"name\":\"Incendiu \u00een localitatea Feisa: O anex\u0103 gospod\u0103reasc\u0103 a luat foc - Revista Urbea Mea - Revista de Alba\",\"isPartOf\":{\"@id\":\"https:\\\/\\\/urbeamea.ro\\\/albaiulia\\\/#website\"},\"primaryImageOfPage\":{\"@id\":\"https:\\\/\\\/urbeamea.ro\\\/albaiulia\\\/incendiu-in-localitatea-feisa-o-anexa-gospodareasca-a-luat-foc\\\/#primaryimage\"},\"image\":{\"@id\":\"https:\\\/\\\/urbeamea.ro\\\/albaiulia\\\/incendiu-in-localitatea-feisa-o-anexa-gospodareasca-a-luat-foc\\\/#primaryimage\"},\"thumbnailUrl\":\"https:\\\/\\\/urbeamea.ro\\\/albaiulia\\\/wp-content\\\/uploads\\\/2016\\\/04\\\/manastrire-incendiu.jpg\",\"datePublished\":\"2016-12-19T09:51:22+00:00\",\"author\":{\"@id\":\"https:\\\/\\\/urbeamea.ro\\\/albaiulia\\\/#\\\/schema\\\/person\\\/9700d21fae21c4f038b0b56f4506264a\"},\"description\":\"Pompierii din Blaj au intervenit s\u00e2mb\u0103t\u0103 dup\u0103-amiaz\u0103 pentru stingerea unui incendiu izbucnit la o anex\u0103 gospod\u0103reasc\u0103 din localitatea Feisa, comuna\",\"breadcrumb\":{\"@id\":\"https:\\\/\\\/urbeamea.ro\\\/albaiulia\\\/incendiu-in-localitatea-feisa-o-anexa-gospodareasca-a-luat-foc\\\/#breadcrumb\"},\"inLanguage\":\"ro-RO\",\"potentialAction\":[{\"@type\":\"ReadAction\",\"target\":[\"https:\\\/\\\/urbeamea.ro\\\/albaiulia\\\/incendiu-in-localitatea-feisa-o-anexa-gospodareasca-a-luat-foc\\\/\"]}]},{\"@type\":\"ImageObject\",\"inLanguage\":\"ro-RO\",\"@id\":\"https:\\\/\\\/urbeamea.ro\\\/albaiulia\\\/incendiu-in-localitatea-feisa-o-anexa-gospodareasca-a-luat-foc\\\/#primaryimage\",\"url\":\"https:\\\/\\\/urbeamea.ro\\\/albaiulia\\\/wp-content\\\/uploads\\\/2016\\\/04\\\/manastrire-incendiu.jpg\",\"contentUrl\":\"https:\\\/\\\/urbeamea.ro\\\/albaiulia\\\/wp-content\\\/uploads\\\/2016\\\/04\\\/manastrire-incendiu.jpg\",\"width\":550,\"height\":336},{\"@type\":\"BreadcrumbList\",\"@id\":\"https:\\\/\\\/urbeamea.ro\\\/albaiulia\\\/incendiu-in-localitatea-feisa-o-anexa-gospodareasca-a-luat-foc\\\/#breadcrumb\",\"itemListElement\":[{\"@type\":\"ListItem\",\"position\":1,\"name\":\"Prima pagin\u0103\",\"item\":\"https:\\\/\\\/urbeamea.ro\\\/albaiulia\\\/\"},{\"@type\":\"ListItem\",\"position\":2,\"name\":\"Incendiu \u00een localitatea Feisa: O anex\u0103 gospod\u0103reasc\u0103 a luat foc\"}]},{\"@type\":\"WebSite\",\"@id\":\"https:\\\/\\\/urbeamea.ro\\\/albaiulia\\\/#website\",\"url\":\"https:\\\/\\\/urbeamea.ro\\\/albaiulia\\\/\",\"name\":\"Revista Urbea Mea, Stiri urbane\",\"description\":\"Evenimente \u0219i \u0219tiri din Alba Iulia, Sebe\u0219, Aiud, Blaj\",\"potentialAction\":[{\"@type\":\"SearchAction\",\"target\":{\"@type\":\"EntryPoint\",\"urlTemplate\":\"https:\\\/\\\/urbeamea.ro\\\/albaiulia\\\/?s={search_term_string}\"},\"query-input\":{\"@type\":\"PropertyValueSpecification\",\"valueRequired\":true,\"valueName\":\"search_term_string\"}}],\"inLanguage\":\"ro-RO\"},{\"@type\":\"Person\",\"@id\":\"https:\\\/\\\/urbeamea.ro\\\/albaiulia\\\/#\\\/schema\\\/person\\\/9700d21fae21c4f038b0b56f4506264a\",\"name\":\"Cristina Ganga\",\"image\":{\"@type\":\"ImageObject\",\"inLanguage\":\"ro-RO\",\"@id\":\"https:\\\/\\\/secure.gravatar.com\\\/avatar\\\/5a67661041f057b4a8ccaf26f5a8e86e2689372006d01faf3dd9eeb10b654bb4?s=96&d=mm&r=g\",\"url\":\"https:\\\/\\\/secure.gravatar.com\\\/avatar\\\/5a67661041f057b4a8ccaf26f5a8e86e2689372006d01faf3dd9eeb10b654bb4?s=96&d=mm&r=g\",\"contentUrl\":\"https:\\\/\\\/secure.gravatar.com\\\/avatar\\\/5a67661041f057b4a8ccaf26f5a8e86e2689372006d01faf3dd9eeb10b654bb4?s=96&d=mm&r=g\",\"caption\":\"Cristina Ganga\"},\"description\":\"Jurnalist\",\"sameAs\":[\"https:\\\/\\\/www.facebook.com\\\/cristina.nicola.587\"],\"url\":\"https:\\\/\\\/urbeamea.ro\\\/albaiulia\\\/author\\\/cristina-nicola\\\/\"}]}<\/script>\n<!-- \/ Yoast SEO plugin. -->","yoast_head_json":{"title":"Incendiu \u00een localitatea Feisa: O anex\u0103 gospod\u0103reasc\u0103 a luat foc - Revista Urbea Mea - Revista de Alba","description":"Pompierii din Blaj au intervenit s\u00e2mb\u0103t\u0103 dup\u0103-amiaz\u0103 pentru stingerea unui incendiu izbucnit la o anex\u0103 gospod\u0103reasc\u0103 din localitatea Feisa, comuna","robots":{"index":"index","follow":"follow","max-snippet":"max-snippet:-1","max-image-preview":"max-image-preview:large","max-video-preview":"max-video-preview:-1"},"canonical":"https:\/\/urbeamea.ro\/albaiulia\/incendiu-in-localitatea-feisa-o-anexa-gospodareasca-a-luat-foc\/","twitter_card":"summary_large_image","twitter_title":"Incendiu \u00een localitatea Feisa: O anex\u0103 gospod\u0103reasc\u0103 a luat foc - Revista Urbea Mea - Revista de Alba","twitter_description":"Pompierii din Blaj au intervenit s\u00e2mb\u0103t\u0103 dup\u0103-amiaz\u0103 pentru stingerea unui incendiu izbucnit la o anex\u0103 gospod\u0103reasc\u0103 din localitatea Feisa, comuna","twitter_image":"https:\/\/urbeamea.ro\/albaiulia\/wp-content\/uploads\/2016\/04\/manastrire-incendiu.jpg","twitter_creator":"@urbeameaweb","twitter_site":"@urbeameaweb","schema":{"@context":"https:\/\/schema.org","@graph":[{"@type":"Article","@id":"https:\/\/urbeamea.ro\/albaiulia\/incendiu-in-localitatea-feisa-o-anexa-gospodareasca-a-luat-foc\/#article","isPartOf":{"@id":"https:\/\/urbeamea.ro\/albaiulia\/incendiu-in-localitatea-feisa-o-anexa-gospodareasca-a-luat-foc\/"},"author":{"name":"Cristina Ganga","@id":"https:\/\/urbeamea.ro\/albaiulia\/#\/schema\/person\/9700d21fae21c4f038b0b56f4506264a"},"headline":"Incendiu \u00een localitatea Feisa: O anex\u0103 gospod\u0103reasc\u0103 a luat foc","datePublished":"2016-12-19T09:51:22+00:00","mainEntityOfPage":{"@id":"https:\/\/urbeamea.ro\/albaiulia\/incendiu-in-localitatea-feisa-o-anexa-gospodareasca-a-luat-foc\/"},"wordCount":191,"commentCount":0,"image":{"@id":"https:\/\/urbeamea.ro\/albaiulia\/incendiu-in-localitatea-feisa-o-anexa-gospodareasca-a-luat-foc\/#primaryimage"},"thumbnailUrl":"https:\/\/urbeamea.ro\/albaiulia\/wp-content\/uploads\/2016\/04\/manastrire-incendiu.jpg","keywords":["Feisa","incendiu","ISU Alba","jidvei","pompieri","stiri","Urbea Mea"],"articleSection":["Social"],"inLanguage":"ro-RO","potentialAction":[{"@type":"CommentAction","name":"Comment","target":["https:\/\/urbeamea.ro\/albaiulia\/incendiu-in-localitatea-feisa-o-anexa-gospodareasca-a-luat-foc\/#respond"]}]},{"@type":"WebPage","@id":"https:\/\/urbeamea.ro\/albaiulia\/incendiu-in-localitatea-feisa-o-anexa-gospodareasca-a-luat-foc\/","url":"https:\/\/urbeamea.ro\/albaiulia\/incendiu-in-localitatea-feisa-o-anexa-gospodareasca-a-luat-foc\/","name":"Incendiu \u00een localitatea Feisa: O anex\u0103 gospod\u0103reasc\u0103 a luat foc - Revista Urbea Mea - Revista de Alba","isPartOf":{"@id":"https:\/\/urbeamea.ro\/albaiulia\/#website"},"primaryImageOfPage":{"@id":"https:\/\/urbeamea.ro\/albaiulia\/incendiu-in-localitatea-feisa-o-anexa-gospodareasca-a-luat-foc\/#primaryimage"},"image":{"@id":"https:\/\/urbeamea.ro\/albaiulia\/incendiu-in-localitatea-feisa-o-anexa-gospodareasca-a-luat-foc\/#primaryimage"},"thumbnailUrl":"https:\/\/urbeamea.ro\/albaiulia\/wp-content\/uploads\/2016\/04\/manastrire-incendiu.jpg","datePublished":"2016-12-19T09:51:22+00:00","author":{"@id":"https:\/\/urbeamea.ro\/albaiulia\/#\/schema\/person\/9700d21fae21c4f038b0b56f4506264a"},"description":"Pompierii din Blaj au intervenit s\u00e2mb\u0103t\u0103 dup\u0103-amiaz\u0103 pentru stingerea unui incendiu izbucnit la o anex\u0103 gospod\u0103reasc\u0103 din localitatea Feisa, comuna","breadcrumb":{"@id":"https:\/\/urbeamea.ro\/albaiulia\/incendiu-in-localitatea-feisa-o-anexa-gospodareasca-a-luat-foc\/#breadcrumb"},"inLanguage":"ro-RO","potentialAction":[{"@type":"ReadAction","target":["https:\/\/urbeamea.ro\/albaiulia\/incendiu-in-localitatea-feisa-o-anexa-gospodareasca-a-luat-foc\/"]}]},{"@type":"ImageObject","inLanguage":"ro-RO","@id":"https:\/\/urbeamea.ro\/albaiulia\/incendiu-in-localitatea-feisa-o-anexa-gospodareasca-a-luat-foc\/#primaryimage","url":"https:\/\/urbeamea.ro\/albaiulia\/wp-content\/uploads\/2016\/04\/manastrire-incendiu.jpg","contentUrl":"https:\/\/urbeamea.ro\/albaiulia\/wp-content\/uploads\/2016\/04\/manastrire-incendiu.jpg","width":550,"height":336},{"@type":"BreadcrumbList","@id":"https:\/\/urbeamea.ro\/albaiulia\/incendiu-in-localitatea-feisa-o-anexa-gospodareasca-a-luat-foc\/#breadcrumb","itemListElement":[{"@type":"ListItem","position":1,"name":"Prima pagin\u0103","item":"https:\/\/urbeamea.ro\/albaiulia\/"},{"@type":"ListItem","position":2,"name":"Incendiu \u00een localitatea Feisa: O anex\u0103 gospod\u0103reasc\u0103 a luat foc"}]},{"@type":"WebSite","@id":"https:\/\/urbeamea.ro\/albaiulia\/#website","url":"https:\/\/urbeamea.ro\/albaiulia\/","name":"Revista Urbea Mea, Stiri urbane","description":"Evenimente \u0219i \u0219tiri din Alba Iulia, Sebe\u0219, Aiud, Blaj","potentialAction":[{"@type":"SearchAction","target":{"@type":"EntryPoint","urlTemplate":"https:\/\/urbeamea.ro\/albaiulia\/?s={search_term_string}"},"query-input":{"@type":"PropertyValueSpecification","valueRequired":true,"valueName":"search_term_string"}}],"inLanguage":"ro-RO"},{"@type":"Person","@id":"https:\/\/urbeamea.ro\/albaiulia\/#\/schema\/person\/9700d21fae21c4f038b0b56f4506264a","name":"Cristina Ganga","image":{"@type":"ImageObject","inLanguage":"ro-RO","@id":"https:\/\/secure.gravatar.com\/avatar\/5a67661041f057b4a8ccaf26f5a8e86e2689372006d01faf3dd9eeb10b654bb4?s=96&d=mm&r=g","url":"https:\/\/secure.gravatar.com\/avatar\/5a67661041f057b4a8ccaf26f5a8e86e2689372006d01faf3dd9eeb10b654bb4?s=96&d=mm&r=g","contentUrl":"https:\/\/secure.gravatar.com\/avatar\/5a67661041f057b4a8ccaf26f5a8e86e2689372006d01faf3dd9eeb10b654bb4?s=96&d=mm&r=g","caption":"Cristina Ganga"},"description":"Jurnalist","sameAs":["https:\/\/www.facebook.com\/cristina.nicola.587"],"url":"https:\/\/urbeamea.ro\/albaiulia\/author\/cristina-nicola\/"}]}},"_links":{"self":[{"href":"https:\/\/urbeamea.ro\/albaiulia\/wp-json\/wp\/v2\/posts\/37661","targetHints":{"allow":["GET"]}}],"collection":[{"href":"https:\/\/urbeamea.ro\/albaiulia\/wp-json\/wp\/v2\/posts"}],"about":[{"href":"https:\/\/urbeamea.ro\/albaiulia\/wp-json\/wp\/v2\/types\/post"}],"author":[{"embeddable":true,"href":"https:\/\/urbeamea.ro\/albaiulia\/wp-json\/wp\/v2\/users\/17"}],"replies":[{"embeddable":true,"href":"https:\/\/urbeamea.ro\/albaiulia\/wp-json\/wp\/v2\/comments?post=37661"}],"version-history":[{"count":0,"href":"https:\/\/urbeamea.ro\/albaiulia\/wp-json\/wp\/v2\/posts\/37661\/revisions"}],"wp:featuredmedia":[{"embeddable":true,"href":"https:\/\/urbeamea.ro\/albaiulia\/wp-json\/wp\/v2\/media\/22689"}],"wp:attachment":[{"href":"https:\/\/urbeamea.ro\/albaiulia\/wp-json\/wp\/v2\/media?parent=37661"}],"wp:term":[{"taxonomy":"category","embeddable":true,"href":"https:\/\/urbeamea.ro\/albaiulia\/wp-json\/wp\/v2\/categories?post=37661"},{"taxonomy":"post_tag","embeddable":true,"href":"https:\/\/urbeamea.ro\/albaiulia\/wp-json\/wp\/v2\/tags?post=37661"}],"curies":[{"name":"wp","href":"https:\/\/api.w.org\/{rel}","templated":true}]}}