{"id":37773,"date":"2016-12-21T12:30:10","date_gmt":"2016-12-21T10:30:10","guid":{"rendered":"http:\/\/urbeamea.ro\/albaiulia\/?p=37773"},"modified":"2016-12-21T12:30:10","modified_gmt":"2016-12-21T10:30:10","slug":"foto-elevii-colegiului-national-militar-mihai-viteazul-alba-iulia-i-au-colindat-pe-varstnicii-de-la-centrul-de-plasament-din-teius","status":"publish","type":"post","link":"https:\/\/urbeamea.ro\/albaiulia\/foto-elevii-colegiului-national-militar-mihai-viteazul-alba-iulia-i-au-colindat-pe-varstnicii-de-la-centrul-de-plasament-din-teius\/","title":{"rendered":"FOTO: Elevii Colegiului Na\u0163ional Militar ,,Mihai Viteazul\u201d Alba Iulia i-au colindat pe v\u00e2rstnicii de la Centrul de Plasament din Teiu\u0219"},"content":{"rendered":"<p><strong><img loading=\"lazy\" decoding=\"async\" class=\"size-medium wp-image-37778 alignleft\" src=\"http:\/\/urbeamea.ro\/albaiulia\/wp-content\/uploads\/2016\/12\/DSCN1686-300x225.jpg\" alt=\"\" width=\"300\" height=\"225\" \/>\u00cen a\u015fteptarea s\u0103rb\u0103torii Na\u015fterii Domnului, elevii Colegiului\u00a0Colegiului Na\u0163ional Militar ,,Mihai Viteazul\u201d le-au f\u0103cut o bucurie v\u00e2rstnicilor de la Centrul de plasament din Teiu\u0219, cu un mic moment de colinde.<\/strong><\/p>\n<p>\u00cen glas de colinde, cu emo\u0163ii \u00een suflet \u015fi \u00een voci, cu z\u00e2mbete \u015fi chipuri vesele, elevii \u00een uniforma Colegiului Na\u0163ional Militar ,,Mihai Viteazul\u201d i-au vizitat pe v\u00e2rstnicii Centrului de plasament din Teiu\u015f. Primi\u0163i cu mult\u0103 c\u0103ldur\u0103 de c\u0103tre maica Elisabeta, elevii s-au sim\u0163it \u00een casa bunicilor, \u00eentr-o atmosfer\u0103 de s\u0103rb\u0103toare, cu colinde frumoase.<\/p>\n<p>Apoi, au \u00eenceput s\u0103 curg\u0103 pove\u015ftile, \u00eentreb\u0103rile \u015fi sfaturile pov\u0103\u0163uitoare pentru tinerii \u00een uniform\u0103. Bucuria a fost starea de spirit a serii zilei de 20 decembrie, iar timpul parc\u0103 s-a oprit s\u0103 asculte \u015fi el f\u0103r\u00e2me din via\u0163a lor, a bunicilor. \u00cencerca\u0163i de vremuri, au reu\u015fit s\u0103 treac\u0103 peste toate \u00eenarma\u0163i cu r\u0103bdare, n\u0103dejde \u015fi credin\u0163\u0103. Cu ei s-a scris istoria familiilor, a locurilor \u015fi a neamului.<\/p>\n<p>Elevii, la r\u00e2ndul lor, le-au povestit despre via\u0163a de colegiu militar, despre visele \u015fi dorin\u0163ele lor. Au plecat din casa bunicilor cu mul\u0163umire \u015fi cu pove\u015fti noi, spre a fi \u00eemp\u0103rt\u0103\u015fite \u015fi altora.<\/p>\n<div id='gallery-1' class='gallery galleryid-37773 gallery-columns-3 gallery-size-thumbnail'><figure class='gallery-item'>\n\t\t\t<div class='gallery-icon landscape'>\n\t\t\t\t<a href='https:\/\/urbeamea.ro\/albaiulia\/wp-content\/uploads\/2016\/12\/DSCN1648.jpg'><img decoding=\"async\" width=\"150\" height=\"113\" src=\"data:image\/png;base64,iVBORw0KGgoAAAANSUhEUgAAAYYAAADcAQMAAABOLJSDAAAAA1BMVEUAAACnej3aAAAAAXRSTlMAQObYZgAAACJJREFUaIHtwTEBAAAAwqD1T20ND6AAAAAAAAAAAAAA4N8AKvgAAUFIrrEAAAAASUVORK5CYII=\" class=\"attachment-thumbnail size-thumbnail lazy-img\" alt=\"\" srcset=\"https:\/\/urbeamea.ro\/albaiulia\/wp-content\/uploads\/2016\/12\/DSCN1648-150x113.jpg 150w, https:\/\/urbeamea.ro\/albaiulia\/wp-content\/uploads\/2016\/12\/DSCN1648-300x225.jpg 300w, https:\/\/urbeamea.ro\/albaiulia\/wp-content\/uploads\/2016\/12\/DSCN1648-768x576.jpg 768w, https:\/\/urbeamea.ro\/albaiulia\/wp-content\/uploads\/2016\/12\/DSCN1648.jpg 1024w\" sizes=\"auto, (max-width: 150px) 100vw, 150px\" data-src=\"https:\/\/urbeamea.ro\/albaiulia\/wp-content\/uploads\/2016\/12\/DSCN1648-150x113.jpg\" loading=\"lazy\" \/><\/a>\n\t\t\t<\/div><\/figure><figure class='gallery-item'>\n\t\t\t<div class='gallery-icon landscape'>\n\t\t\t\t<a href='https:\/\/urbeamea.ro\/albaiulia\/wp-content\/uploads\/2016\/12\/DSCN1665.jpg'><img decoding=\"async\" width=\"150\" height=\"113\" src=\"data:image\/png;base64,iVBORw0KGgoAAAANSUhEUgAAAYYAAADcAQMAAABOLJSDAAAAA1BMVEUAAACnej3aAAAAAXRSTlMAQObYZgAAACJJREFUaIHtwTEBAAAAwqD1T20ND6AAAAAAAAAAAAAA4N8AKvgAAUFIrrEAAAAASUVORK5CYII=\" class=\"attachment-thumbnail size-thumbnail lazy-img\" alt=\"\" srcset=\"https:\/\/urbeamea.ro\/albaiulia\/wp-content\/uploads\/2016\/12\/DSCN1665-150x113.jpg 150w, https:\/\/urbeamea.ro\/albaiulia\/wp-content\/uploads\/2016\/12\/DSCN1665-300x225.jpg 300w, https:\/\/urbeamea.ro\/albaiulia\/wp-content\/uploads\/2016\/12\/DSCN1665-768x576.jpg 768w, https:\/\/urbeamea.ro\/albaiulia\/wp-content\/uploads\/2016\/12\/DSCN1665.jpg 1024w\" sizes=\"auto, (max-width: 150px) 100vw, 150px\" data-src=\"https:\/\/urbeamea.ro\/albaiulia\/wp-content\/uploads\/2016\/12\/DSCN1665-150x113.jpg\" loading=\"lazy\" \/><\/a>\n\t\t\t<\/div><\/figure><figure class='gallery-item'>\n\t\t\t<div class='gallery-icon landscape'>\n\t\t\t\t<a href='https:\/\/urbeamea.ro\/albaiulia\/wp-content\/uploads\/2016\/12\/DSCN1678.jpg'><img decoding=\"async\" width=\"150\" height=\"113\" src=\"data:image\/png;base64,iVBORw0KGgoAAAANSUhEUgAAAYYAAADcAQMAAABOLJSDAAAAA1BMVEUAAACnej3aAAAAAXRSTlMAQObYZgAAACJJREFUaIHtwTEBAAAAwqD1T20ND6AAAAAAAAAAAAAA4N8AKvgAAUFIrrEAAAAASUVORK5CYII=\" class=\"attachment-thumbnail size-thumbnail lazy-img\" alt=\"\" srcset=\"https:\/\/urbeamea.ro\/albaiulia\/wp-content\/uploads\/2016\/12\/DSCN1678-150x113.jpg 150w, https:\/\/urbeamea.ro\/albaiulia\/wp-content\/uploads\/2016\/12\/DSCN1678-300x225.jpg 300w, https:\/\/urbeamea.ro\/albaiulia\/wp-content\/uploads\/2016\/12\/DSCN1678-768x576.jpg 768w, https:\/\/urbeamea.ro\/albaiulia\/wp-content\/uploads\/2016\/12\/DSCN1678.jpg 1024w\" sizes=\"auto, (max-width: 150px) 100vw, 150px\" data-src=\"https:\/\/urbeamea.ro\/albaiulia\/wp-content\/uploads\/2016\/12\/DSCN1678-150x113.jpg\" loading=\"lazy\" \/><\/a>\n\t\t\t<\/div><\/figure><figure class='gallery-item'>\n\t\t\t<div class='gallery-icon landscape'>\n\t\t\t\t<a href='https:\/\/urbeamea.ro\/albaiulia\/wp-content\/uploads\/2016\/12\/DSCN1682.jpg'><img decoding=\"async\" width=\"150\" height=\"113\" src=\"data:image\/png;base64,iVBORw0KGgoAAAANSUhEUgAAAYYAAADcAQMAAABOLJSDAAAAA1BMVEUAAACnej3aAAAAAXRSTlMAQObYZgAAACJJREFUaIHtwTEBAAAAwqD1T20ND6AAAAAAAAAAAAAA4N8AKvgAAUFIrrEAAAAASUVORK5CYII=\" class=\"attachment-thumbnail size-thumbnail lazy-img\" alt=\"\" srcset=\"https:\/\/urbeamea.ro\/albaiulia\/wp-content\/uploads\/2016\/12\/DSCN1682-150x113.jpg 150w, https:\/\/urbeamea.ro\/albaiulia\/wp-content\/uploads\/2016\/12\/DSCN1682-300x225.jpg 300w, https:\/\/urbeamea.ro\/albaiulia\/wp-content\/uploads\/2016\/12\/DSCN1682-768x576.jpg 768w, https:\/\/urbeamea.ro\/albaiulia\/wp-content\/uploads\/2016\/12\/DSCN1682.jpg 1024w\" sizes=\"auto, (max-width: 150px) 100vw, 150px\" data-src=\"https:\/\/urbeamea.ro\/albaiulia\/wp-content\/uploads\/2016\/12\/DSCN1682-150x113.jpg\" loading=\"lazy\" \/><\/a>\n\t\t\t<\/div><\/figure><figure class='gallery-item'>\n\t\t\t<div class='gallery-icon landscape'>\n\t\t\t\t<a href='https:\/\/urbeamea.ro\/albaiulia\/wp-content\/uploads\/2016\/12\/DSCN1686.jpg'><img decoding=\"async\" width=\"150\" height=\"113\" src=\"data:image\/png;base64,iVBORw0KGgoAAAANSUhEUgAAAYYAAADcAQMAAABOLJSDAAAAA1BMVEUAAACnej3aAAAAAXRSTlMAQObYZgAAACJJREFUaIHtwTEBAAAAwqD1T20ND6AAAAAAAAAAAAAA4N8AKvgAAUFIrrEAAAAASUVORK5CYII=\" class=\"attachment-thumbnail size-thumbnail lazy-img\" alt=\"\" srcset=\"https:\/\/urbeamea.ro\/albaiulia\/wp-content\/uploads\/2016\/12\/DSCN1686-150x113.jpg 150w, https:\/\/urbeamea.ro\/albaiulia\/wp-content\/uploads\/2016\/12\/DSCN1686-640x480.jpg 640w, https:\/\/urbeamea.ro\/albaiulia\/wp-content\/uploads\/2016\/12\/DSCN1686-768x576.jpg 768w, https:\/\/urbeamea.ro\/albaiulia\/wp-content\/uploads\/2016\/12\/DSCN1686.jpg 1024w\" sizes=\"auto, (max-width: 150px) 100vw, 150px\" data-src=\"https:\/\/urbeamea.ro\/albaiulia\/wp-content\/uploads\/2016\/12\/DSCN1686-150x113.jpg\" loading=\"lazy\" \/><\/a>\n\t\t\t<\/div><\/figure><figure class='gallery-item'>\n\t\t\t<div class='gallery-icon landscape'>\n\t\t\t\t<a href='https:\/\/urbeamea.ro\/albaiulia\/wp-content\/uploads\/2016\/12\/DSCN1688.jpg'><img decoding=\"async\" width=\"150\" height=\"113\" src=\"data:image\/png;base64,iVBORw0KGgoAAAANSUhEUgAAAYYAAADcAQMAAABOLJSDAAAAA1BMVEUAAACnej3aAAAAAXRSTlMAQObYZgAAACJJREFUaIHtwTEBAAAAwqD1T20ND6AAAAAAAAAAAAAA4N8AKvgAAUFIrrEAAAAASUVORK5CYII=\" class=\"attachment-thumbnail size-thumbnail lazy-img\" alt=\"\" srcset=\"https:\/\/urbeamea.ro\/albaiulia\/wp-content\/uploads\/2016\/12\/DSCN1688-150x113.jpg 150w, https:\/\/urbeamea.ro\/albaiulia\/wp-content\/uploads\/2016\/12\/DSCN1688-300x225.jpg 300w, https:\/\/urbeamea.ro\/albaiulia\/wp-content\/uploads\/2016\/12\/DSCN1688-768x576.jpg 768w, https:\/\/urbeamea.ro\/albaiulia\/wp-content\/uploads\/2016\/12\/DSCN1688.jpg 1024w\" sizes=\"auto, (max-width: 150px) 100vw, 150px\" data-src=\"https:\/\/urbeamea.ro\/albaiulia\/wp-content\/uploads\/2016\/12\/DSCN1688-150x113.jpg\" loading=\"lazy\" \/><\/a>\n\t\t\t<\/div><\/figure><figure class='gallery-item'>\n\t\t\t<div class='gallery-icon portrait'>\n\t\t\t\t<a href='https:\/\/urbeamea.ro\/albaiulia\/wp-content\/uploads\/2016\/12\/DSCN1700.jpg'><img decoding=\"async\" width=\"113\" height=\"150\" src=\"data:image\/png;base64,iVBORw0KGgoAAAANSUhEUgAAAYYAAADcAQMAAABOLJSDAAAAA1BMVEUAAACnej3aAAAAAXRSTlMAQObYZgAAACJJREFUaIHtwTEBAAAAwqD1T20ND6AAAAAAAAAAAAAA4N8AKvgAAUFIrrEAAAAASUVORK5CYII=\" class=\"attachment-thumbnail size-thumbnail lazy-img\" alt=\"\" srcset=\"https:\/\/urbeamea.ro\/albaiulia\/wp-content\/uploads\/2016\/12\/DSCN1700-113x150.jpg 113w, https:\/\/urbeamea.ro\/albaiulia\/wp-content\/uploads\/2016\/12\/DSCN1700-225x300.jpg 225w, https:\/\/urbeamea.ro\/albaiulia\/wp-content\/uploads\/2016\/12\/DSCN1700.jpg 768w\" sizes=\"auto, (max-width: 113px) 100vw, 113px\" data-src=\"https:\/\/urbeamea.ro\/albaiulia\/wp-content\/uploads\/2016\/12\/DSCN1700-113x150.jpg\" loading=\"lazy\" \/><\/a>\n\t\t\t<\/div><\/figure>\n\t\t<\/div>\n\n","protected":false},"excerpt":{"rendered":"<p>\u00cen a\u015fteptarea s\u0103rb\u0103torii Na\u015fterii Domnului, elevii Colegiului\u00a0Colegiului Na\u0163ional Militar ,,Mihai Viteazul\u201d le-au f\u0103cut o bucurie v\u00e2rstnicilor de la Centrul de plasament din Teiu\u0219, cu un mic moment de colinde. \u00cen glas de colinde, cu emo\u0163ii \u00een suflet \u015fi \u00een voci, cu z\u00e2mbete \u015fi chipuri vesele, elevii \u00een uniforma Colegiului Na\u0163ional Militar ,,Mihai Viteazul\u201d i-au vizitat &hellip;<\/p>\n","protected":false},"author":17,"featured_media":37778,"comment_status":"open","ping_status":"open","sticky":false,"template":"","format":"standard","meta":{"inline_featured_image":false,"footnotes":""},"categories":[2034],"tags":[307,9179,937,315,308,2419,76,7711],"class_list":["post-37773","post","type-post","status-publish","format-standard","has-post-thumbnail","hentry","category-social","tag-alba","tag-centrul-de-plasament","tag-colegiul-national-militar-mihai-viteazul","tag-elevi","tag-stiri","tag-teius","tag-urbea-mea","tag-varstnici"],"yoast_head":"<!-- This site is optimized with the Yoast SEO plugin v27.4 - https:\/\/yoast.com\/product\/yoast-seo-wordpress\/ -->\n<title>FOTO: Elevii Colegiului Na\u0163ional Militar ,,Mihai Viteazul\u201d Alba Iulia i-au colindat pe v\u00e2rstnicii de la Centrul de Plasament din Teiu\u0219 - Revista Urbea Mea - Revista de Alba<\/title>\n<meta name=\"description\" content=\"\u00cen a\u015fteptarea s\u0103rb\u0103torii Na\u015fterii Domnului, elevii Colegiului\u00a0Colegiului Na\u0163ional Militar ,,Mihai Viteazul\u201d le-au f\u0103cut o bucurie v\u00e2rstnicilor de la\" \/>\n<meta name=\"robots\" content=\"index, follow, max-snippet:-1, max-image-preview:large, max-video-preview:-1\" \/>\n<link rel=\"canonical\" href=\"https:\/\/urbeamea.ro\/albaiulia\/foto-elevii-colegiului-national-militar-mihai-viteazul-alba-iulia-i-au-colindat-pe-varstnicii-de-la-centrul-de-plasament-din-teius\/\" \/>\n<meta name=\"twitter:card\" content=\"summary_large_image\" \/>\n<meta name=\"twitter:title\" content=\"FOTO: Elevii Colegiului Na\u0163ional Militar ,,Mihai Viteazul\u201d Alba Iulia i-au colindat pe v\u00e2rstnicii de la Centrul de Plasament din Teiu\u0219 - Revista Urbea Mea - Revista de Alba\" \/>\n<meta name=\"twitter:description\" content=\"\u00cen a\u015fteptarea s\u0103rb\u0103torii Na\u015fterii Domnului, elevii Colegiului\u00a0Colegiului Na\u0163ional Militar ,,Mihai Viteazul\u201d le-au f\u0103cut o bucurie v\u00e2rstnicilor de la\" \/>\n<meta name=\"twitter:image\" content=\"https:\/\/urbeamea.ro\/albaiulia\/wp-content\/uploads\/2016\/12\/DSCN1686.jpg\" \/>\n<meta name=\"twitter:creator\" content=\"@urbeameaweb\" \/>\n<meta name=\"twitter:site\" content=\"@urbeameaweb\" \/>\n<script type=\"application\/ld+json\" class=\"yoast-schema-graph\">{\"@context\":\"https:\\\/\\\/schema.org\",\"@graph\":[{\"@type\":\"Article\",\"@id\":\"https:\\\/\\\/urbeamea.ro\\\/albaiulia\\\/foto-elevii-colegiului-national-militar-mihai-viteazul-alba-iulia-i-au-colindat-pe-varstnicii-de-la-centrul-de-plasament-din-teius\\\/#article\",\"isPartOf\":{\"@id\":\"https:\\\/\\\/urbeamea.ro\\\/albaiulia\\\/foto-elevii-colegiului-national-militar-mihai-viteazul-alba-iulia-i-au-colindat-pe-varstnicii-de-la-centrul-de-plasament-din-teius\\\/\"},\"author\":{\"name\":\"Cristina Ganga\",\"@id\":\"https:\\\/\\\/urbeamea.ro\\\/albaiulia\\\/#\\\/schema\\\/person\\\/9700d21fae21c4f038b0b56f4506264a\"},\"headline\":\"FOTO: Elevii Colegiului Na\u0163ional Militar ,,Mihai Viteazul\u201d Alba Iulia i-au colindat pe v\u00e2rstnicii de la Centrul de Plasament din Teiu\u0219\",\"datePublished\":\"2016-12-21T10:30:10+00:00\",\"mainEntityOfPage\":{\"@id\":\"https:\\\/\\\/urbeamea.ro\\\/albaiulia\\\/foto-elevii-colegiului-national-militar-mihai-viteazul-alba-iulia-i-au-colindat-pe-varstnicii-de-la-centrul-de-plasament-din-teius\\\/\"},\"wordCount\":244,\"commentCount\":0,\"image\":{\"@id\":\"https:\\\/\\\/urbeamea.ro\\\/albaiulia\\\/foto-elevii-colegiului-national-militar-mihai-viteazul-alba-iulia-i-au-colindat-pe-varstnicii-de-la-centrul-de-plasament-din-teius\\\/#primaryimage\"},\"thumbnailUrl\":\"https:\\\/\\\/urbeamea.ro\\\/albaiulia\\\/wp-content\\\/uploads\\\/2016\\\/12\\\/DSCN1686.jpg\",\"keywords\":[\"alba\",\"centrul de plasament\",\"colegiul national militar mihai viteazul\",\"elevi\",\"stiri\",\"teius\",\"Urbea Mea\",\"varstnici\"],\"articleSection\":[\"Social\"],\"inLanguage\":\"ro-RO\",\"potentialAction\":[{\"@type\":\"CommentAction\",\"name\":\"Comment\",\"target\":[\"https:\\\/\\\/urbeamea.ro\\\/albaiulia\\\/foto-elevii-colegiului-national-militar-mihai-viteazul-alba-iulia-i-au-colindat-pe-varstnicii-de-la-centrul-de-plasament-din-teius\\\/#respond\"]}]},{\"@type\":\"WebPage\",\"@id\":\"https:\\\/\\\/urbeamea.ro\\\/albaiulia\\\/foto-elevii-colegiului-national-militar-mihai-viteazul-alba-iulia-i-au-colindat-pe-varstnicii-de-la-centrul-de-plasament-din-teius\\\/\",\"url\":\"https:\\\/\\\/urbeamea.ro\\\/albaiulia\\\/foto-elevii-colegiului-national-militar-mihai-viteazul-alba-iulia-i-au-colindat-pe-varstnicii-de-la-centrul-de-plasament-din-teius\\\/\",\"name\":\"FOTO: Elevii Colegiului Na\u0163ional Militar ,,Mihai Viteazul\u201d Alba Iulia i-au colindat pe v\u00e2rstnicii de la Centrul de Plasament din Teiu\u0219 - Revista Urbea Mea - Revista de Alba\",\"isPartOf\":{\"@id\":\"https:\\\/\\\/urbeamea.ro\\\/albaiulia\\\/#website\"},\"primaryImageOfPage\":{\"@id\":\"https:\\\/\\\/urbeamea.ro\\\/albaiulia\\\/foto-elevii-colegiului-national-militar-mihai-viteazul-alba-iulia-i-au-colindat-pe-varstnicii-de-la-centrul-de-plasament-din-teius\\\/#primaryimage\"},\"image\":{\"@id\":\"https:\\\/\\\/urbeamea.ro\\\/albaiulia\\\/foto-elevii-colegiului-national-militar-mihai-viteazul-alba-iulia-i-au-colindat-pe-varstnicii-de-la-centrul-de-plasament-din-teius\\\/#primaryimage\"},\"thumbnailUrl\":\"https:\\\/\\\/urbeamea.ro\\\/albaiulia\\\/wp-content\\\/uploads\\\/2016\\\/12\\\/DSCN1686.jpg\",\"datePublished\":\"2016-12-21T10:30:10+00:00\",\"author\":{\"@id\":\"https:\\\/\\\/urbeamea.ro\\\/albaiulia\\\/#\\\/schema\\\/person\\\/9700d21fae21c4f038b0b56f4506264a\"},\"description\":\"\u00cen a\u015fteptarea s\u0103rb\u0103torii Na\u015fterii Domnului, elevii Colegiului\u00a0Colegiului Na\u0163ional Militar ,,Mihai Viteazul\u201d le-au f\u0103cut o bucurie v\u00e2rstnicilor de la\",\"breadcrumb\":{\"@id\":\"https:\\\/\\\/urbeamea.ro\\\/albaiulia\\\/foto-elevii-colegiului-national-militar-mihai-viteazul-alba-iulia-i-au-colindat-pe-varstnicii-de-la-centrul-de-plasament-din-teius\\\/#breadcrumb\"},\"inLanguage\":\"ro-RO\",\"potentialAction\":[{\"@type\":\"ReadAction\",\"target\":[\"https:\\\/\\\/urbeamea.ro\\\/albaiulia\\\/foto-elevii-colegiului-national-militar-mihai-viteazul-alba-iulia-i-au-colindat-pe-varstnicii-de-la-centrul-de-plasament-din-teius\\\/\"]}]},{\"@type\":\"ImageObject\",\"inLanguage\":\"ro-RO\",\"@id\":\"https:\\\/\\\/urbeamea.ro\\\/albaiulia\\\/foto-elevii-colegiului-national-militar-mihai-viteazul-alba-iulia-i-au-colindat-pe-varstnicii-de-la-centrul-de-plasament-din-teius\\\/#primaryimage\",\"url\":\"https:\\\/\\\/urbeamea.ro\\\/albaiulia\\\/wp-content\\\/uploads\\\/2016\\\/12\\\/DSCN1686.jpg\",\"contentUrl\":\"https:\\\/\\\/urbeamea.ro\\\/albaiulia\\\/wp-content\\\/uploads\\\/2016\\\/12\\\/DSCN1686.jpg\",\"width\":1024,\"height\":768},{\"@type\":\"BreadcrumbList\",\"@id\":\"https:\\\/\\\/urbeamea.ro\\\/albaiulia\\\/foto-elevii-colegiului-national-militar-mihai-viteazul-alba-iulia-i-au-colindat-pe-varstnicii-de-la-centrul-de-plasament-din-teius\\\/#breadcrumb\",\"itemListElement\":[{\"@type\":\"ListItem\",\"position\":1,\"name\":\"Prima pagin\u0103\",\"item\":\"https:\\\/\\\/urbeamea.ro\\\/albaiulia\\\/\"},{\"@type\":\"ListItem\",\"position\":2,\"name\":\"FOTO: Elevii Colegiului Na\u0163ional Militar ,,Mihai Viteazul\u201d Alba Iulia i-au colindat pe v\u00e2rstnicii de la Centrul de Plasament din Teiu\u0219\"}]},{\"@type\":\"WebSite\",\"@id\":\"https:\\\/\\\/urbeamea.ro\\\/albaiulia\\\/#website\",\"url\":\"https:\\\/\\\/urbeamea.ro\\\/albaiulia\\\/\",\"name\":\"Revista Urbea Mea, Stiri urbane\",\"description\":\"Evenimente \u0219i \u0219tiri din Alba Iulia, Sebe\u0219, Aiud, Blaj\",\"potentialAction\":[{\"@type\":\"SearchAction\",\"target\":{\"@type\":\"EntryPoint\",\"urlTemplate\":\"https:\\\/\\\/urbeamea.ro\\\/albaiulia\\\/?s={search_term_string}\"},\"query-input\":{\"@type\":\"PropertyValueSpecification\",\"valueRequired\":true,\"valueName\":\"search_term_string\"}}],\"inLanguage\":\"ro-RO\"},{\"@type\":\"Person\",\"@id\":\"https:\\\/\\\/urbeamea.ro\\\/albaiulia\\\/#\\\/schema\\\/person\\\/9700d21fae21c4f038b0b56f4506264a\",\"name\":\"Cristina Ganga\",\"image\":{\"@type\":\"ImageObject\",\"inLanguage\":\"ro-RO\",\"@id\":\"https:\\\/\\\/secure.gravatar.com\\\/avatar\\\/5a67661041f057b4a8ccaf26f5a8e86e2689372006d01faf3dd9eeb10b654bb4?s=96&d=mm&r=g\",\"url\":\"https:\\\/\\\/secure.gravatar.com\\\/avatar\\\/5a67661041f057b4a8ccaf26f5a8e86e2689372006d01faf3dd9eeb10b654bb4?s=96&d=mm&r=g\",\"contentUrl\":\"https:\\\/\\\/secure.gravatar.com\\\/avatar\\\/5a67661041f057b4a8ccaf26f5a8e86e2689372006d01faf3dd9eeb10b654bb4?s=96&d=mm&r=g\",\"caption\":\"Cristina Ganga\"},\"description\":\"Jurnalist\",\"sameAs\":[\"https:\\\/\\\/www.facebook.com\\\/cristina.nicola.587\"],\"url\":\"https:\\\/\\\/urbeamea.ro\\\/albaiulia\\\/author\\\/cristina-nicola\\\/\"}]}<\/script>\n<!-- \/ Yoast SEO plugin. -->","yoast_head_json":{"title":"FOTO: Elevii Colegiului Na\u0163ional Militar ,,Mihai Viteazul\u201d Alba Iulia i-au colindat pe v\u00e2rstnicii de la Centrul de Plasament din Teiu\u0219 - Revista Urbea Mea - Revista de Alba","description":"\u00cen a\u015fteptarea s\u0103rb\u0103torii Na\u015fterii Domnului, elevii Colegiului\u00a0Colegiului Na\u0163ional Militar ,,Mihai Viteazul\u201d le-au f\u0103cut o bucurie v\u00e2rstnicilor de la","robots":{"index":"index","follow":"follow","max-snippet":"max-snippet:-1","max-image-preview":"max-image-preview:large","max-video-preview":"max-video-preview:-1"},"canonical":"https:\/\/urbeamea.ro\/albaiulia\/foto-elevii-colegiului-national-militar-mihai-viteazul-alba-iulia-i-au-colindat-pe-varstnicii-de-la-centrul-de-plasament-din-teius\/","twitter_card":"summary_large_image","twitter_title":"FOTO: Elevii Colegiului Na\u0163ional Militar ,,Mihai Viteazul\u201d Alba Iulia i-au colindat pe v\u00e2rstnicii de la Centrul de Plasament din Teiu\u0219 - Revista Urbea Mea - Revista de Alba","twitter_description":"\u00cen a\u015fteptarea s\u0103rb\u0103torii Na\u015fterii Domnului, elevii Colegiului\u00a0Colegiului Na\u0163ional Militar ,,Mihai Viteazul\u201d le-au f\u0103cut o bucurie v\u00e2rstnicilor de la","twitter_image":"https:\/\/urbeamea.ro\/albaiulia\/wp-content\/uploads\/2016\/12\/DSCN1686.jpg","twitter_creator":"@urbeameaweb","twitter_site":"@urbeameaweb","schema":{"@context":"https:\/\/schema.org","@graph":[{"@type":"Article","@id":"https:\/\/urbeamea.ro\/albaiulia\/foto-elevii-colegiului-national-militar-mihai-viteazul-alba-iulia-i-au-colindat-pe-varstnicii-de-la-centrul-de-plasament-din-teius\/#article","isPartOf":{"@id":"https:\/\/urbeamea.ro\/albaiulia\/foto-elevii-colegiului-national-militar-mihai-viteazul-alba-iulia-i-au-colindat-pe-varstnicii-de-la-centrul-de-plasament-din-teius\/"},"author":{"name":"Cristina Ganga","@id":"https:\/\/urbeamea.ro\/albaiulia\/#\/schema\/person\/9700d21fae21c4f038b0b56f4506264a"},"headline":"FOTO: Elevii Colegiului Na\u0163ional Militar ,,Mihai Viteazul\u201d Alba Iulia i-au colindat pe v\u00e2rstnicii de la Centrul de Plasament din Teiu\u0219","datePublished":"2016-12-21T10:30:10+00:00","mainEntityOfPage":{"@id":"https:\/\/urbeamea.ro\/albaiulia\/foto-elevii-colegiului-national-militar-mihai-viteazul-alba-iulia-i-au-colindat-pe-varstnicii-de-la-centrul-de-plasament-din-teius\/"},"wordCount":244,"commentCount":0,"image":{"@id":"https:\/\/urbeamea.ro\/albaiulia\/foto-elevii-colegiului-national-militar-mihai-viteazul-alba-iulia-i-au-colindat-pe-varstnicii-de-la-centrul-de-plasament-din-teius\/#primaryimage"},"thumbnailUrl":"https:\/\/urbeamea.ro\/albaiulia\/wp-content\/uploads\/2016\/12\/DSCN1686.jpg","keywords":["alba","centrul de plasament","colegiul national militar mihai viteazul","elevi","stiri","teius","Urbea Mea","varstnici"],"articleSection":["Social"],"inLanguage":"ro-RO","potentialAction":[{"@type":"CommentAction","name":"Comment","target":["https:\/\/urbeamea.ro\/albaiulia\/foto-elevii-colegiului-national-militar-mihai-viteazul-alba-iulia-i-au-colindat-pe-varstnicii-de-la-centrul-de-plasament-din-teius\/#respond"]}]},{"@type":"WebPage","@id":"https:\/\/urbeamea.ro\/albaiulia\/foto-elevii-colegiului-national-militar-mihai-viteazul-alba-iulia-i-au-colindat-pe-varstnicii-de-la-centrul-de-plasament-din-teius\/","url":"https:\/\/urbeamea.ro\/albaiulia\/foto-elevii-colegiului-national-militar-mihai-viteazul-alba-iulia-i-au-colindat-pe-varstnicii-de-la-centrul-de-plasament-din-teius\/","name":"FOTO: Elevii Colegiului Na\u0163ional Militar ,,Mihai Viteazul\u201d Alba Iulia i-au colindat pe v\u00e2rstnicii de la Centrul de Plasament din Teiu\u0219 - Revista Urbea Mea - Revista de Alba","isPartOf":{"@id":"https:\/\/urbeamea.ro\/albaiulia\/#website"},"primaryImageOfPage":{"@id":"https:\/\/urbeamea.ro\/albaiulia\/foto-elevii-colegiului-national-militar-mihai-viteazul-alba-iulia-i-au-colindat-pe-varstnicii-de-la-centrul-de-plasament-din-teius\/#primaryimage"},"image":{"@id":"https:\/\/urbeamea.ro\/albaiulia\/foto-elevii-colegiului-national-militar-mihai-viteazul-alba-iulia-i-au-colindat-pe-varstnicii-de-la-centrul-de-plasament-din-teius\/#primaryimage"},"thumbnailUrl":"https:\/\/urbeamea.ro\/albaiulia\/wp-content\/uploads\/2016\/12\/DSCN1686.jpg","datePublished":"2016-12-21T10:30:10+00:00","author":{"@id":"https:\/\/urbeamea.ro\/albaiulia\/#\/schema\/person\/9700d21fae21c4f038b0b56f4506264a"},"description":"\u00cen a\u015fteptarea s\u0103rb\u0103torii Na\u015fterii Domnului, elevii Colegiului\u00a0Colegiului Na\u0163ional Militar ,,Mihai Viteazul\u201d le-au f\u0103cut o bucurie v\u00e2rstnicilor de la","breadcrumb":{"@id":"https:\/\/urbeamea.ro\/albaiulia\/foto-elevii-colegiului-national-militar-mihai-viteazul-alba-iulia-i-au-colindat-pe-varstnicii-de-la-centrul-de-plasament-din-teius\/#breadcrumb"},"inLanguage":"ro-RO","potentialAction":[{"@type":"ReadAction","target":["https:\/\/urbeamea.ro\/albaiulia\/foto-elevii-colegiului-national-militar-mihai-viteazul-alba-iulia-i-au-colindat-pe-varstnicii-de-la-centrul-de-plasament-din-teius\/"]}]},{"@type":"ImageObject","inLanguage":"ro-RO","@id":"https:\/\/urbeamea.ro\/albaiulia\/foto-elevii-colegiului-national-militar-mihai-viteazul-alba-iulia-i-au-colindat-pe-varstnicii-de-la-centrul-de-plasament-din-teius\/#primaryimage","url":"https:\/\/urbeamea.ro\/albaiulia\/wp-content\/uploads\/2016\/12\/DSCN1686.jpg","contentUrl":"https:\/\/urbeamea.ro\/albaiulia\/wp-content\/uploads\/2016\/12\/DSCN1686.jpg","width":1024,"height":768},{"@type":"BreadcrumbList","@id":"https:\/\/urbeamea.ro\/albaiulia\/foto-elevii-colegiului-national-militar-mihai-viteazul-alba-iulia-i-au-colindat-pe-varstnicii-de-la-centrul-de-plasament-din-teius\/#breadcrumb","itemListElement":[{"@type":"ListItem","position":1,"name":"Prima pagin\u0103","item":"https:\/\/urbeamea.ro\/albaiulia\/"},{"@type":"ListItem","position":2,"name":"FOTO: Elevii Colegiului Na\u0163ional Militar ,,Mihai Viteazul\u201d Alba Iulia i-au colindat pe v\u00e2rstnicii de la Centrul de Plasament din Teiu\u0219"}]},{"@type":"WebSite","@id":"https:\/\/urbeamea.ro\/albaiulia\/#website","url":"https:\/\/urbeamea.ro\/albaiulia\/","name":"Revista Urbea Mea, Stiri urbane","description":"Evenimente \u0219i \u0219tiri din Alba Iulia, Sebe\u0219, Aiud, Blaj","potentialAction":[{"@type":"SearchAction","target":{"@type":"EntryPoint","urlTemplate":"https:\/\/urbeamea.ro\/albaiulia\/?s={search_term_string}"},"query-input":{"@type":"PropertyValueSpecification","valueRequired":true,"valueName":"search_term_string"}}],"inLanguage":"ro-RO"},{"@type":"Person","@id":"https:\/\/urbeamea.ro\/albaiulia\/#\/schema\/person\/9700d21fae21c4f038b0b56f4506264a","name":"Cristina Ganga","image":{"@type":"ImageObject","inLanguage":"ro-RO","@id":"https:\/\/secure.gravatar.com\/avatar\/5a67661041f057b4a8ccaf26f5a8e86e2689372006d01faf3dd9eeb10b654bb4?s=96&d=mm&r=g","url":"https:\/\/secure.gravatar.com\/avatar\/5a67661041f057b4a8ccaf26f5a8e86e2689372006d01faf3dd9eeb10b654bb4?s=96&d=mm&r=g","contentUrl":"https:\/\/secure.gravatar.com\/avatar\/5a67661041f057b4a8ccaf26f5a8e86e2689372006d01faf3dd9eeb10b654bb4?s=96&d=mm&r=g","caption":"Cristina Ganga"},"description":"Jurnalist","sameAs":["https:\/\/www.facebook.com\/cristina.nicola.587"],"url":"https:\/\/urbeamea.ro\/albaiulia\/author\/cristina-nicola\/"}]}},"_links":{"self":[{"href":"https:\/\/urbeamea.ro\/albaiulia\/wp-json\/wp\/v2\/posts\/37773","targetHints":{"allow":["GET"]}}],"collection":[{"href":"https:\/\/urbeamea.ro\/albaiulia\/wp-json\/wp\/v2\/posts"}],"about":[{"href":"https:\/\/urbeamea.ro\/albaiulia\/wp-json\/wp\/v2\/types\/post"}],"author":[{"embeddable":true,"href":"https:\/\/urbeamea.ro\/albaiulia\/wp-json\/wp\/v2\/users\/17"}],"replies":[{"embeddable":true,"href":"https:\/\/urbeamea.ro\/albaiulia\/wp-json\/wp\/v2\/comments?post=37773"}],"version-history":[{"count":0,"href":"https:\/\/urbeamea.ro\/albaiulia\/wp-json\/wp\/v2\/posts\/37773\/revisions"}],"wp:featuredmedia":[{"embeddable":true,"href":"https:\/\/urbeamea.ro\/albaiulia\/wp-json\/wp\/v2\/media\/37778"}],"wp:attachment":[{"href":"https:\/\/urbeamea.ro\/albaiulia\/wp-json\/wp\/v2\/media?parent=37773"}],"wp:term":[{"taxonomy":"category","embeddable":true,"href":"https:\/\/urbeamea.ro\/albaiulia\/wp-json\/wp\/v2\/categories?post=37773"},{"taxonomy":"post_tag","embeddable":true,"href":"https:\/\/urbeamea.ro\/albaiulia\/wp-json\/wp\/v2\/tags?post=37773"}],"curies":[{"name":"wp","href":"https:\/\/api.w.org\/{rel}","templated":true}]}}