{"id":37803,"date":"2016-12-21T15:05:33","date_gmt":"2016-12-21T13:05:33","guid":{"rendered":"http:\/\/urbeamea.ro\/albaiulia\/?p=37803"},"modified":"2016-12-21T15:05:33","modified_gmt":"2016-12-21T13:05:33","slug":"monica-aurelia-dan-manager-interimar-la-spitalul-municipal-aiud-dupa-sase-luni-postul-va-fi-scos-la-concurs","status":"publish","type":"post","link":"https:\/\/urbeamea.ro\/albaiulia\/monica-aurelia-dan-manager-interimar-la-spitalul-municipal-aiud-dupa-sase-luni-postul-va-fi-scos-la-concurs\/","title":{"rendered":"Monica Aurelia Dan, manager interimar la Spitalul Municipal Aiud. Dup\u0103 \u015fase luni postul va fi scos la concurs"},"content":{"rendered":"<p><strong><img loading=\"lazy\" decoding=\"async\" class=\"size-medium wp-image-37804 alignleft\" src=\"http:\/\/urbeamea.ro\/albaiulia\/wp-content\/uploads\/2016\/12\/DAN-MONICA-AURELIA-235x300.jpg\" alt=\"\" width=\"235\" height=\"300\" \/>Prim\u0103ria Aiud anun\u0163\u0103 c\u0103 noul manager al spitalului municipal este Monica Aurelia Dan. Aceasta a preluat func\u0163ia pe o perioad\u0103 de 6 luni, p\u00e2n\u0103 la ocuparea postului prin concurs.<\/strong><\/p>\n<p><em>\u201eAv\u00e2nd \u00een vedere prevederile legale, precum \u0219i acordul p\u0103r\u021bilor privind \u00eencetarea contractului de management \u00eencheiat \u00eentre Primarul Municipiului Aiud \u0219i fostul manager al Spitalului Municipal Aiud, \u00eencep\u00e2nd cu data de 20 decembrie 2016 se nume\u0219te doamna Dan Monica \u2013 Aurelia \u00een func\u021bia de manager interimar al unit\u0103\u021bii spitalice\u0219ti aiudene.<\/em><\/p>\n<p><em>Interimatul va fi asigurat pe o perioad\u0103 de maximum 6 luni, p\u00e2n\u0103 la ocuparea prin concurs a postului de manager.<\/em><\/p>\n<p><em>Pe perioada exercit\u0103rii func\u021biei de manager interimar al Spitalului Municipal Aiud, noul manager va exercita atribu\u021biile prev\u0103zute de Ordinul nr. 1374\/2016 pentru stabilirea atribu\u021biilor managerului interimar al spitalului public\u201d,<\/em> transmite Prim\u0103ria Aiud, \u00eentr-un comunicat.<\/p>\n","protected":false},"excerpt":{"rendered":"<p>Prim\u0103ria Aiud anun\u0163\u0103 c\u0103 noul manager al spitalului municipal este Monica Aurelia Dan. Aceasta a preluat func\u0163ia pe o perioad\u0103 de 6 luni, p\u00e2n\u0103 la ocuparea postului prin concurs. \u201eAv\u00e2nd \u00een vedere prevederile legale, precum \u0219i acordul p\u0103r\u021bilor privind \u00eencetarea contractului de management \u00eencheiat \u00eentre Primarul Municipiului Aiud \u0219i fostul manager al Spitalului Municipal Aiud, &hellip;<\/p>\n","protected":false},"author":17,"featured_media":37804,"comment_status":"open","ping_status":"open","sticky":false,"template":"","format":"standard","meta":{"inline_featured_image":false,"footnotes":""},"categories":[255],"tags":[385,307,2355,2515,9181,9180,308,76],"class_list":["post-37803","post","type-post","status-publish","format-standard","has-post-thumbnail","hentry","category-sanatate","tag-aiud","tag-alba","tag-functie","tag-manager","tag-monica-aurelia-dan","tag-spital-municipal-aiud","tag-stiri","tag-urbea-mea"],"yoast_head":"<!-- This site is optimized with the Yoast SEO plugin v28.3 - https:\/\/yoast.com\/product\/yoast-seo-wordpress\/ -->\n<title>Monica Aurelia Dan, manager interimar la Spitalul Municipal Aiud. Dup\u0103 \u015fase luni postul va fi scos la concurs - Revista Urbea Mea - Revista de Alba<\/title>\n<meta name=\"description\" content=\"Prim\u0103ria Aiud anun\u0163\u0103 c\u0103 noul manager al spitalului municipal este Monica Aurelia Dan. Aceasta a preluat func\u0163ia pe o perioad\u0103 de 6 luni, p\u00e2n\u0103 la ocuparea\" \/>\n<meta name=\"robots\" content=\"index, follow, max-snippet:-1, max-image-preview:large, max-video-preview:-1\" \/>\n<link rel=\"canonical\" href=\"https:\/\/urbeamea.ro\/albaiulia\/monica-aurelia-dan-manager-interimar-la-spitalul-municipal-aiud-dupa-sase-luni-postul-va-fi-scos-la-concurs\/\" \/>\n<meta name=\"twitter:card\" content=\"summary_large_image\" \/>\n<meta name=\"twitter:title\" content=\"Monica Aurelia Dan, manager interimar la Spitalul Municipal Aiud. Dup\u0103 \u015fase luni postul va fi scos la concurs - Revista Urbea Mea - Revista de Alba\" \/>\n<meta name=\"twitter:description\" content=\"Prim\u0103ria Aiud anun\u0163\u0103 c\u0103 noul manager al spitalului municipal este Monica Aurelia Dan. Aceasta a preluat func\u0163ia pe o perioad\u0103 de 6 luni, p\u00e2n\u0103 la ocuparea\" \/>\n<meta name=\"twitter:image\" content=\"https:\/\/urbeamea.ro\/albaiulia\/wp-content\/uploads\/2016\/12\/DAN-MONICA-AURELIA.jpg\" \/>\n<meta name=\"twitter:creator\" content=\"@urbeameaweb\" \/>\n<meta name=\"twitter:site\" content=\"@urbeameaweb\" \/>\n<script type=\"application\/ld+json\" class=\"yoast-schema-graph\">{\"@context\":\"https:\\\/\\\/schema.org\",\"@graph\":[{\"@type\":\"Article\",\"@id\":\"https:\\\/\\\/urbeamea.ro\\\/albaiulia\\\/monica-aurelia-dan-manager-interimar-la-spitalul-municipal-aiud-dupa-sase-luni-postul-va-fi-scos-la-concurs\\\/#article\",\"isPartOf\":{\"@id\":\"https:\\\/\\\/urbeamea.ro\\\/albaiulia\\\/monica-aurelia-dan-manager-interimar-la-spitalul-municipal-aiud-dupa-sase-luni-postul-va-fi-scos-la-concurs\\\/\"},\"author\":{\"name\":\"Cristina Ganga\",\"@id\":\"https:\\\/\\\/urbeamea.ro\\\/albaiulia\\\/#\\\/schema\\\/person\\\/9700d21fae21c4f038b0b56f4506264a\"},\"headline\":\"Monica Aurelia Dan, manager interimar la Spitalul Municipal Aiud. Dup\u0103 \u015fase luni postul va fi scos la concurs\",\"datePublished\":\"2016-12-21T13:05:33+00:00\",\"mainEntityOfPage\":{\"@id\":\"https:\\\/\\\/urbeamea.ro\\\/albaiulia\\\/monica-aurelia-dan-manager-interimar-la-spitalul-municipal-aiud-dupa-sase-luni-postul-va-fi-scos-la-concurs\\\/\"},\"wordCount\":162,\"commentCount\":0,\"image\":{\"@id\":\"https:\\\/\\\/urbeamea.ro\\\/albaiulia\\\/monica-aurelia-dan-manager-interimar-la-spitalul-municipal-aiud-dupa-sase-luni-postul-va-fi-scos-la-concurs\\\/#primaryimage\"},\"thumbnailUrl\":\"https:\\\/\\\/urbeamea.ro\\\/albaiulia\\\/wp-content\\\/uploads\\\/2016\\\/12\\\/DAN-MONICA-AURELIA.jpg\",\"keywords\":[\"aiud\",\"alba\",\"functie\",\"manager\",\"monica aurelia dan\",\"spital municipal aiud\",\"stiri\",\"Urbea Mea\"],\"articleSection\":[\"S\u0103n\u0103tate\"],\"inLanguage\":\"ro-RO\",\"potentialAction\":[{\"@type\":\"CommentAction\",\"name\":\"Comment\",\"target\":[\"https:\\\/\\\/urbeamea.ro\\\/albaiulia\\\/monica-aurelia-dan-manager-interimar-la-spitalul-municipal-aiud-dupa-sase-luni-postul-va-fi-scos-la-concurs\\\/#respond\"]}]},{\"@type\":\"WebPage\",\"@id\":\"https:\\\/\\\/urbeamea.ro\\\/albaiulia\\\/monica-aurelia-dan-manager-interimar-la-spitalul-municipal-aiud-dupa-sase-luni-postul-va-fi-scos-la-concurs\\\/\",\"url\":\"https:\\\/\\\/urbeamea.ro\\\/albaiulia\\\/monica-aurelia-dan-manager-interimar-la-spitalul-municipal-aiud-dupa-sase-luni-postul-va-fi-scos-la-concurs\\\/\",\"name\":\"Monica Aurelia Dan, manager interimar la Spitalul Municipal Aiud. Dup\u0103 \u015fase luni postul va fi scos la concurs - Revista Urbea Mea - Revista de Alba\",\"isPartOf\":{\"@id\":\"https:\\\/\\\/urbeamea.ro\\\/albaiulia\\\/#website\"},\"primaryImageOfPage\":{\"@id\":\"https:\\\/\\\/urbeamea.ro\\\/albaiulia\\\/monica-aurelia-dan-manager-interimar-la-spitalul-municipal-aiud-dupa-sase-luni-postul-va-fi-scos-la-concurs\\\/#primaryimage\"},\"image\":{\"@id\":\"https:\\\/\\\/urbeamea.ro\\\/albaiulia\\\/monica-aurelia-dan-manager-interimar-la-spitalul-municipal-aiud-dupa-sase-luni-postul-va-fi-scos-la-concurs\\\/#primaryimage\"},\"thumbnailUrl\":\"https:\\\/\\\/urbeamea.ro\\\/albaiulia\\\/wp-content\\\/uploads\\\/2016\\\/12\\\/DAN-MONICA-AURELIA.jpg\",\"datePublished\":\"2016-12-21T13:05:33+00:00\",\"author\":{\"@id\":\"https:\\\/\\\/urbeamea.ro\\\/albaiulia\\\/#\\\/schema\\\/person\\\/9700d21fae21c4f038b0b56f4506264a\"},\"description\":\"Prim\u0103ria Aiud anun\u0163\u0103 c\u0103 noul manager al spitalului municipal este Monica Aurelia Dan. Aceasta a preluat func\u0163ia pe o perioad\u0103 de 6 luni, p\u00e2n\u0103 la ocuparea\",\"breadcrumb\":{\"@id\":\"https:\\\/\\\/urbeamea.ro\\\/albaiulia\\\/monica-aurelia-dan-manager-interimar-la-spitalul-municipal-aiud-dupa-sase-luni-postul-va-fi-scos-la-concurs\\\/#breadcrumb\"},\"inLanguage\":\"ro-RO\",\"potentialAction\":[{\"@type\":\"ReadAction\",\"target\":[\"https:\\\/\\\/urbeamea.ro\\\/albaiulia\\\/monica-aurelia-dan-manager-interimar-la-spitalul-municipal-aiud-dupa-sase-luni-postul-va-fi-scos-la-concurs\\\/\"]}]},{\"@type\":\"ImageObject\",\"inLanguage\":\"ro-RO\",\"@id\":\"https:\\\/\\\/urbeamea.ro\\\/albaiulia\\\/monica-aurelia-dan-manager-interimar-la-spitalul-municipal-aiud-dupa-sase-luni-postul-va-fi-scos-la-concurs\\\/#primaryimage\",\"url\":\"https:\\\/\\\/urbeamea.ro\\\/albaiulia\\\/wp-content\\\/uploads\\\/2016\\\/12\\\/DAN-MONICA-AURELIA.jpg\",\"contentUrl\":\"https:\\\/\\\/urbeamea.ro\\\/albaiulia\\\/wp-content\\\/uploads\\\/2016\\\/12\\\/DAN-MONICA-AURELIA.jpg\",\"width\":992,\"height\":1268},{\"@type\":\"BreadcrumbList\",\"@id\":\"https:\\\/\\\/urbeamea.ro\\\/albaiulia\\\/monica-aurelia-dan-manager-interimar-la-spitalul-municipal-aiud-dupa-sase-luni-postul-va-fi-scos-la-concurs\\\/#breadcrumb\",\"itemListElement\":[{\"@type\":\"ListItem\",\"position\":1,\"name\":\"Prima pagin\u0103\",\"item\":\"https:\\\/\\\/urbeamea.ro\\\/albaiulia\\\/\"},{\"@type\":\"ListItem\",\"position\":2,\"name\":\"Monica Aurelia Dan, manager interimar la Spitalul Municipal Aiud. Dup\u0103 \u015fase luni postul va fi scos la concurs\"}]},{\"@type\":\"WebSite\",\"@id\":\"https:\\\/\\\/urbeamea.ro\\\/albaiulia\\\/#website\",\"url\":\"https:\\\/\\\/urbeamea.ro\\\/albaiulia\\\/\",\"name\":\"Revista Urbea Mea, Stiri urbane\",\"description\":\"Evenimente \u0219i \u0219tiri din Alba Iulia, Sebe\u0219, Aiud, Blaj\",\"potentialAction\":[{\"@type\":\"SearchAction\",\"target\":{\"@type\":\"EntryPoint\",\"urlTemplate\":\"https:\\\/\\\/urbeamea.ro\\\/albaiulia\\\/?s={search_term_string}\"},\"query-input\":{\"@type\":\"PropertyValueSpecification\",\"valueRequired\":true,\"valueName\":\"search_term_string\"}}],\"inLanguage\":\"ro-RO\"},{\"@type\":\"Person\",\"@id\":\"https:\\\/\\\/urbeamea.ro\\\/albaiulia\\\/#\\\/schema\\\/person\\\/9700d21fae21c4f038b0b56f4506264a\",\"name\":\"Cristina Ganga\",\"image\":{\"@type\":\"ImageObject\",\"inLanguage\":\"ro-RO\",\"@id\":\"https:\\\/\\\/secure.gravatar.com\\\/avatar\\\/5a67661041f057b4a8ccaf26f5a8e86e2689372006d01faf3dd9eeb10b654bb4?s=96&d=mm&r=g\",\"url\":\"https:\\\/\\\/secure.gravatar.com\\\/avatar\\\/5a67661041f057b4a8ccaf26f5a8e86e2689372006d01faf3dd9eeb10b654bb4?s=96&d=mm&r=g\",\"contentUrl\":\"https:\\\/\\\/secure.gravatar.com\\\/avatar\\\/5a67661041f057b4a8ccaf26f5a8e86e2689372006d01faf3dd9eeb10b654bb4?s=96&d=mm&r=g\",\"caption\":\"Cristina Ganga\"},\"description\":\"Jurnalist\",\"sameAs\":[\"https:\\\/\\\/www.facebook.com\\\/cristina.nicola.587\"],\"url\":\"https:\\\/\\\/urbeamea.ro\\\/albaiulia\\\/author\\\/cristina-nicola\\\/\"}]}<\/script>\n<!-- \/ Yoast SEO plugin. -->","yoast_head_json":{"title":"Monica Aurelia Dan, manager interimar la Spitalul Municipal Aiud. Dup\u0103 \u015fase luni postul va fi scos la concurs - Revista Urbea Mea - Revista de Alba","description":"Prim\u0103ria Aiud anun\u0163\u0103 c\u0103 noul manager al spitalului municipal este Monica Aurelia Dan. Aceasta a preluat func\u0163ia pe o perioad\u0103 de 6 luni, p\u00e2n\u0103 la ocuparea","robots":{"index":"index","follow":"follow","max-snippet":"max-snippet:-1","max-image-preview":"max-image-preview:large","max-video-preview":"max-video-preview:-1"},"canonical":"https:\/\/urbeamea.ro\/albaiulia\/monica-aurelia-dan-manager-interimar-la-spitalul-municipal-aiud-dupa-sase-luni-postul-va-fi-scos-la-concurs\/","twitter_card":"summary_large_image","twitter_title":"Monica Aurelia Dan, manager interimar la Spitalul Municipal Aiud. Dup\u0103 \u015fase luni postul va fi scos la concurs - Revista Urbea Mea - Revista de Alba","twitter_description":"Prim\u0103ria Aiud anun\u0163\u0103 c\u0103 noul manager al spitalului municipal este Monica Aurelia Dan. Aceasta a preluat func\u0163ia pe o perioad\u0103 de 6 luni, p\u00e2n\u0103 la ocuparea","twitter_image":"https:\/\/urbeamea.ro\/albaiulia\/wp-content\/uploads\/2016\/12\/DAN-MONICA-AURELIA.jpg","twitter_creator":"@urbeameaweb","twitter_site":"@urbeameaweb","schema":{"@context":"https:\/\/schema.org","@graph":[{"@type":"Article","@id":"https:\/\/urbeamea.ro\/albaiulia\/monica-aurelia-dan-manager-interimar-la-spitalul-municipal-aiud-dupa-sase-luni-postul-va-fi-scos-la-concurs\/#article","isPartOf":{"@id":"https:\/\/urbeamea.ro\/albaiulia\/monica-aurelia-dan-manager-interimar-la-spitalul-municipal-aiud-dupa-sase-luni-postul-va-fi-scos-la-concurs\/"},"author":{"name":"Cristina Ganga","@id":"https:\/\/urbeamea.ro\/albaiulia\/#\/schema\/person\/9700d21fae21c4f038b0b56f4506264a"},"headline":"Monica Aurelia Dan, manager interimar la Spitalul Municipal Aiud. Dup\u0103 \u015fase luni postul va fi scos la concurs","datePublished":"2016-12-21T13:05:33+00:00","mainEntityOfPage":{"@id":"https:\/\/urbeamea.ro\/albaiulia\/monica-aurelia-dan-manager-interimar-la-spitalul-municipal-aiud-dupa-sase-luni-postul-va-fi-scos-la-concurs\/"},"wordCount":162,"commentCount":0,"image":{"@id":"https:\/\/urbeamea.ro\/albaiulia\/monica-aurelia-dan-manager-interimar-la-spitalul-municipal-aiud-dupa-sase-luni-postul-va-fi-scos-la-concurs\/#primaryimage"},"thumbnailUrl":"https:\/\/urbeamea.ro\/albaiulia\/wp-content\/uploads\/2016\/12\/DAN-MONICA-AURELIA.jpg","keywords":["aiud","alba","functie","manager","monica aurelia dan","spital municipal aiud","stiri","Urbea Mea"],"articleSection":["S\u0103n\u0103tate"],"inLanguage":"ro-RO","potentialAction":[{"@type":"CommentAction","name":"Comment","target":["https:\/\/urbeamea.ro\/albaiulia\/monica-aurelia-dan-manager-interimar-la-spitalul-municipal-aiud-dupa-sase-luni-postul-va-fi-scos-la-concurs\/#respond"]}]},{"@type":"WebPage","@id":"https:\/\/urbeamea.ro\/albaiulia\/monica-aurelia-dan-manager-interimar-la-spitalul-municipal-aiud-dupa-sase-luni-postul-va-fi-scos-la-concurs\/","url":"https:\/\/urbeamea.ro\/albaiulia\/monica-aurelia-dan-manager-interimar-la-spitalul-municipal-aiud-dupa-sase-luni-postul-va-fi-scos-la-concurs\/","name":"Monica Aurelia Dan, manager interimar la Spitalul Municipal Aiud. Dup\u0103 \u015fase luni postul va fi scos la concurs - Revista Urbea Mea - Revista de Alba","isPartOf":{"@id":"https:\/\/urbeamea.ro\/albaiulia\/#website"},"primaryImageOfPage":{"@id":"https:\/\/urbeamea.ro\/albaiulia\/monica-aurelia-dan-manager-interimar-la-spitalul-municipal-aiud-dupa-sase-luni-postul-va-fi-scos-la-concurs\/#primaryimage"},"image":{"@id":"https:\/\/urbeamea.ro\/albaiulia\/monica-aurelia-dan-manager-interimar-la-spitalul-municipal-aiud-dupa-sase-luni-postul-va-fi-scos-la-concurs\/#primaryimage"},"thumbnailUrl":"https:\/\/urbeamea.ro\/albaiulia\/wp-content\/uploads\/2016\/12\/DAN-MONICA-AURELIA.jpg","datePublished":"2016-12-21T13:05:33+00:00","author":{"@id":"https:\/\/urbeamea.ro\/albaiulia\/#\/schema\/person\/9700d21fae21c4f038b0b56f4506264a"},"description":"Prim\u0103ria Aiud anun\u0163\u0103 c\u0103 noul manager al spitalului municipal este Monica Aurelia Dan. Aceasta a preluat func\u0163ia pe o perioad\u0103 de 6 luni, p\u00e2n\u0103 la ocuparea","breadcrumb":{"@id":"https:\/\/urbeamea.ro\/albaiulia\/monica-aurelia-dan-manager-interimar-la-spitalul-municipal-aiud-dupa-sase-luni-postul-va-fi-scos-la-concurs\/#breadcrumb"},"inLanguage":"ro-RO","potentialAction":[{"@type":"ReadAction","target":["https:\/\/urbeamea.ro\/albaiulia\/monica-aurelia-dan-manager-interimar-la-spitalul-municipal-aiud-dupa-sase-luni-postul-va-fi-scos-la-concurs\/"]}]},{"@type":"ImageObject","inLanguage":"ro-RO","@id":"https:\/\/urbeamea.ro\/albaiulia\/monica-aurelia-dan-manager-interimar-la-spitalul-municipal-aiud-dupa-sase-luni-postul-va-fi-scos-la-concurs\/#primaryimage","url":"https:\/\/urbeamea.ro\/albaiulia\/wp-content\/uploads\/2016\/12\/DAN-MONICA-AURELIA.jpg","contentUrl":"https:\/\/urbeamea.ro\/albaiulia\/wp-content\/uploads\/2016\/12\/DAN-MONICA-AURELIA.jpg","width":992,"height":1268},{"@type":"BreadcrumbList","@id":"https:\/\/urbeamea.ro\/albaiulia\/monica-aurelia-dan-manager-interimar-la-spitalul-municipal-aiud-dupa-sase-luni-postul-va-fi-scos-la-concurs\/#breadcrumb","itemListElement":[{"@type":"ListItem","position":1,"name":"Prima pagin\u0103","item":"https:\/\/urbeamea.ro\/albaiulia\/"},{"@type":"ListItem","position":2,"name":"Monica Aurelia Dan, manager interimar la Spitalul Municipal Aiud. Dup\u0103 \u015fase luni postul va fi scos la concurs"}]},{"@type":"WebSite","@id":"https:\/\/urbeamea.ro\/albaiulia\/#website","url":"https:\/\/urbeamea.ro\/albaiulia\/","name":"Revista Urbea Mea, Stiri urbane","description":"Evenimente \u0219i \u0219tiri din Alba Iulia, Sebe\u0219, Aiud, Blaj","potentialAction":[{"@type":"SearchAction","target":{"@type":"EntryPoint","urlTemplate":"https:\/\/urbeamea.ro\/albaiulia\/?s={search_term_string}"},"query-input":{"@type":"PropertyValueSpecification","valueRequired":true,"valueName":"search_term_string"}}],"inLanguage":"ro-RO"},{"@type":"Person","@id":"https:\/\/urbeamea.ro\/albaiulia\/#\/schema\/person\/9700d21fae21c4f038b0b56f4506264a","name":"Cristina Ganga","image":{"@type":"ImageObject","inLanguage":"ro-RO","@id":"https:\/\/secure.gravatar.com\/avatar\/5a67661041f057b4a8ccaf26f5a8e86e2689372006d01faf3dd9eeb10b654bb4?s=96&d=mm&r=g","url":"https:\/\/secure.gravatar.com\/avatar\/5a67661041f057b4a8ccaf26f5a8e86e2689372006d01faf3dd9eeb10b654bb4?s=96&d=mm&r=g","contentUrl":"https:\/\/secure.gravatar.com\/avatar\/5a67661041f057b4a8ccaf26f5a8e86e2689372006d01faf3dd9eeb10b654bb4?s=96&d=mm&r=g","caption":"Cristina Ganga"},"description":"Jurnalist","sameAs":["https:\/\/www.facebook.com\/cristina.nicola.587"],"url":"https:\/\/urbeamea.ro\/albaiulia\/author\/cristina-nicola\/"}]}},"_links":{"self":[{"href":"https:\/\/urbeamea.ro\/albaiulia\/wp-json\/wp\/v2\/posts\/37803","targetHints":{"allow":["GET"]}}],"collection":[{"href":"https:\/\/urbeamea.ro\/albaiulia\/wp-json\/wp\/v2\/posts"}],"about":[{"href":"https:\/\/urbeamea.ro\/albaiulia\/wp-json\/wp\/v2\/types\/post"}],"author":[{"embeddable":true,"href":"https:\/\/urbeamea.ro\/albaiulia\/wp-json\/wp\/v2\/users\/17"}],"replies":[{"embeddable":true,"href":"https:\/\/urbeamea.ro\/albaiulia\/wp-json\/wp\/v2\/comments?post=37803"}],"version-history":[{"count":0,"href":"https:\/\/urbeamea.ro\/albaiulia\/wp-json\/wp\/v2\/posts\/37803\/revisions"}],"wp:featuredmedia":[{"embeddable":true,"href":"https:\/\/urbeamea.ro\/albaiulia\/wp-json\/wp\/v2\/media\/37804"}],"wp:attachment":[{"href":"https:\/\/urbeamea.ro\/albaiulia\/wp-json\/wp\/v2\/media?parent=37803"}],"wp:term":[{"taxonomy":"category","embeddable":true,"href":"https:\/\/urbeamea.ro\/albaiulia\/wp-json\/wp\/v2\/categories?post=37803"},{"taxonomy":"post_tag","embeddable":true,"href":"https:\/\/urbeamea.ro\/albaiulia\/wp-json\/wp\/v2\/tags?post=37803"}],"curies":[{"name":"wp","href":"https:\/\/api.w.org\/{rel}","templated":true}]}}