{"id":38046,"date":"2016-12-27T11:48:26","date_gmt":"2016-12-27T09:48:26","guid":{"rendered":"http:\/\/urbeamea.ro\/albaiulia\/?p=38046"},"modified":"2016-12-27T11:48:26","modified_gmt":"2016-12-27T09:48:26","slug":"apa-ctta-va-avea-un-nou-director-general-patru-candidati-se-lupta-pentru-aceasta-functie","status":"publish","type":"post","link":"https:\/\/urbeamea.ro\/albaiulia\/apa-ctta-va-avea-un-nou-director-general-patru-candidati-se-lupta-pentru-aceasta-functie\/","title":{"rendered":"Apa CTTA va avea un nou director general: Patru candida\u0163i &#8222;se lupt\u0103&#8221; pentru aceast\u0103 func\u0163ie"},"content":{"rendered":"<p><strong><img loading=\"lazy\" decoding=\"async\" class=\"size-medium wp-image-22344 alignleft\" src=\"http:\/\/urbeamea.ro\/albaiulia\/wp-content\/uploads\/2016\/04\/apa-nepotabila-izvoarele-300x225.jpg\" alt=\"\" width=\"300\" height=\"225\" srcset=\"https:\/\/urbeamea.ro\/albaiulia\/wp-content\/uploads\/2016\/04\/apa-nepotabila-izvoarele-300x225.jpg 300w, https:\/\/urbeamea.ro\/albaiulia\/wp-content\/uploads\/2016\/04\/apa-nepotabila-izvoarele-150x113.jpg 150w, https:\/\/urbeamea.ro\/albaiulia\/wp-content\/uploads\/2016\/04\/apa-nepotabila-izvoarele.jpg 600w\" sizes=\"auto, (max-width: 300px) 100vw, 300px\" \/>\u00cencep\u00e2nd cu anul viitor, Apa CTTA va avea o nou\u0103 conducere, asta pentru c\u0103 directorul general, Viorel Laz\u0103r va ie\u015fi. Pentru aceast\u0103 func\u0163ie, patru candida\u021bi au trecut \u00een a doua etap\u0103 a procesului de selec\u021bie.<br \/>\n<\/strong><\/p>\n<p>Cornel \u0218tefan\u00a0Bardan, Radu Calin Ro\u0219ian, Gheorghe\u00a0Hategan, Ioan\u00a0Dreghiciu sunt cei patru candida\u0163i care se lupt\u0103 pentru a ocupa func\u021bia de director general al APA CTTA.<\/p>\n<p>Pentru acest concurs, APA CTTA a contractat firma DAD Expertise SRL, societate specializat\u0103 \u00een managementul \u0219i administrarea for\u021bei de munc\u0103.<\/p>\n<p>Dup\u0103 \u00eencheierea primei etape a procesului de selectie pentru postul de director general au fost selecta\u021bi patru candida\u021bi care \u00eendeplinesc condi\u021biile prev\u0103zute \u00een anun\u021bul de selec\u021bie \u0219i au fost declara\u021bi admi\u0219i pentru etapa a doua a procesului de selec\u021bie \u2013 depunerea declara\u021biei de inten\u021bie \u0219i interviu.<\/p>\n<p>Trei dintre ace\u0219tia fac parte din conducerea APA CTTA:\u00a0Cornel \u0218tefan Bardan \u2013 director comercial, Gheorghe Ha\u021began \u2013 director tehnic \u0219i Ioan Dreghiciu- director general adjunct. Radu C\u0103lin Ro\u0219ian este consilier local al ora\u0219ului Cugir \u0219i director general al Parcului Industrial Cugir.<\/p>\n<p>Perioada pentru depunerea declara\u0163iei de inten\u0163ie este 14-28 decembrie 2016, orele 12.00. Interviurile finale vor avea loc \u00een data de 29 decembrie 2016, \u00eencep\u00e2nd cu ora 10.00, la sediul Apa CTTA SA Alba \u0219i se vor finaliza cu selec\u021bia candidatului propus sa ocupe func\u021bia de director general.<\/p>\n","protected":false},"excerpt":{"rendered":"<p>\u00cencep\u00e2nd cu anul viitor, Apa CTTA va avea o nou\u0103 conducere, asta pentru c\u0103 directorul general, Viorel Laz\u0103r va ie\u015fi. Pentru aceast\u0103 func\u0163ie, patru candida\u021bi au trecut \u00een a doua etap\u0103 a procesului de selec\u021bie. Cornel \u0218tefan\u00a0Bardan, Radu Calin Ro\u0219ian, Gheorghe\u00a0Hategan, Ioan\u00a0Dreghiciu sunt cei patru candida\u0163i care se lupt\u0103 pentru a ocupa func\u021bia de director &hellip;<\/p>\n","protected":false},"author":17,"featured_media":22344,"comment_status":"open","ping_status":"open","sticky":false,"template":"","format":"standard","meta":{"inline_featured_image":false,"footnotes":""},"categories":[2034],"tags":[307,2658,2354,492,2356,9243,9244,9245,8111,9246,308,76,9242],"class_list":["post-38046","post","type-post","status-publish","format-standard","has-post-thumbnail","hentry","category-social","tag-alba","tag-apa-ctta","tag-candidati","tag-concurs","tag-conducere","tag-cornel-stefan-bardan","tag-gheorghe-hategan","tag-ioan-draghiciu","tag-pensie","tag-radu-calin-rosian","tag-stiri","tag-urbea-mea","tag-viorel-lazar"],"yoast_head":"<!-- This site is optimized with the Yoast SEO plugin v28.3 - https:\/\/yoast.com\/product\/yoast-seo-wordpress\/ -->\n<title>Apa CTTA va avea un nou director general: Patru candida\u0163i &quot;se lupt\u0103&quot; pentru aceast\u0103 func\u0163ie - Revista Urbea Mea - Revista de Alba<\/title>\n<meta name=\"description\" content=\"\u00cencep\u00e2nd cu anul viitor, Apa CTTA va avea o nou\u0103 conducere, asta pentru c\u0103 directorul general, Viorel Laz\u0103r va ie\u015fi. Pentru aceast\u0103 func\u0163ie, patru\" \/>\n<meta name=\"robots\" content=\"index, follow, max-snippet:-1, max-image-preview:large, max-video-preview:-1\" \/>\n<link rel=\"canonical\" href=\"https:\/\/urbeamea.ro\/albaiulia\/apa-ctta-va-avea-un-nou-director-general-patru-candidati-se-lupta-pentru-aceasta-functie\/\" \/>\n<meta name=\"twitter:card\" content=\"summary_large_image\" \/>\n<meta name=\"twitter:title\" content=\"Apa CTTA va avea un nou director general: Patru candida\u0163i &quot;se lupt\u0103&quot; pentru aceast\u0103 func\u0163ie - Revista Urbea Mea - Revista de Alba\" \/>\n<meta name=\"twitter:description\" content=\"\u00cencep\u00e2nd cu anul viitor, Apa CTTA va avea o nou\u0103 conducere, asta pentru c\u0103 directorul general, Viorel Laz\u0103r va ie\u015fi. Pentru aceast\u0103 func\u0163ie, patru\" \/>\n<meta name=\"twitter:image\" content=\"https:\/\/urbeamea.ro\/albaiulia\/wp-content\/uploads\/2016\/04\/apa-nepotabila-izvoarele.jpg\" \/>\n<meta name=\"twitter:creator\" content=\"@urbeameaweb\" \/>\n<meta name=\"twitter:site\" content=\"@urbeameaweb\" \/>\n<script type=\"application\/ld+json\" class=\"yoast-schema-graph\">{\"@context\":\"https:\\\/\\\/schema.org\",\"@graph\":[{\"@type\":\"Article\",\"@id\":\"https:\\\/\\\/urbeamea.ro\\\/albaiulia\\\/apa-ctta-va-avea-un-nou-director-general-patru-candidati-se-lupta-pentru-aceasta-functie\\\/#article\",\"isPartOf\":{\"@id\":\"https:\\\/\\\/urbeamea.ro\\\/albaiulia\\\/apa-ctta-va-avea-un-nou-director-general-patru-candidati-se-lupta-pentru-aceasta-functie\\\/\"},\"author\":{\"name\":\"Cristina Ganga\",\"@id\":\"https:\\\/\\\/urbeamea.ro\\\/albaiulia\\\/#\\\/schema\\\/person\\\/9700d21fae21c4f038b0b56f4506264a\"},\"headline\":\"Apa CTTA va avea un nou director general: Patru candida\u0163i &#8222;se lupt\u0103&#8221; pentru aceast\u0103 func\u0163ie\",\"datePublished\":\"2016-12-27T09:48:26+00:00\",\"mainEntityOfPage\":{\"@id\":\"https:\\\/\\\/urbeamea.ro\\\/albaiulia\\\/apa-ctta-va-avea-un-nou-director-general-patru-candidati-se-lupta-pentru-aceasta-functie\\\/\"},\"wordCount\":257,\"commentCount\":0,\"image\":{\"@id\":\"https:\\\/\\\/urbeamea.ro\\\/albaiulia\\\/apa-ctta-va-avea-un-nou-director-general-patru-candidati-se-lupta-pentru-aceasta-functie\\\/#primaryimage\"},\"thumbnailUrl\":\"https:\\\/\\\/urbeamea.ro\\\/albaiulia\\\/wp-content\\\/uploads\\\/2016\\\/04\\\/apa-nepotabila-izvoarele.jpg\",\"keywords\":[\"alba\",\"apa CTTA\",\"candidati\",\"concurs\",\"conducere\",\"cornel stefan bardan\",\"gheorghe hategan\",\"ioan draghiciu\",\"pensie\",\"radu calin rosian\",\"stiri\",\"Urbea Mea\",\"viorel lazar\"],\"articleSection\":[\"Social\"],\"inLanguage\":\"ro-RO\",\"potentialAction\":[{\"@type\":\"CommentAction\",\"name\":\"Comment\",\"target\":[\"https:\\\/\\\/urbeamea.ro\\\/albaiulia\\\/apa-ctta-va-avea-un-nou-director-general-patru-candidati-se-lupta-pentru-aceasta-functie\\\/#respond\"]}]},{\"@type\":\"WebPage\",\"@id\":\"https:\\\/\\\/urbeamea.ro\\\/albaiulia\\\/apa-ctta-va-avea-un-nou-director-general-patru-candidati-se-lupta-pentru-aceasta-functie\\\/\",\"url\":\"https:\\\/\\\/urbeamea.ro\\\/albaiulia\\\/apa-ctta-va-avea-un-nou-director-general-patru-candidati-se-lupta-pentru-aceasta-functie\\\/\",\"name\":\"Apa CTTA va avea un nou director general: Patru candida\u0163i \\\"se lupt\u0103\\\" pentru aceast\u0103 func\u0163ie - Revista Urbea Mea - Revista de Alba\",\"isPartOf\":{\"@id\":\"https:\\\/\\\/urbeamea.ro\\\/albaiulia\\\/#website\"},\"primaryImageOfPage\":{\"@id\":\"https:\\\/\\\/urbeamea.ro\\\/albaiulia\\\/apa-ctta-va-avea-un-nou-director-general-patru-candidati-se-lupta-pentru-aceasta-functie\\\/#primaryimage\"},\"image\":{\"@id\":\"https:\\\/\\\/urbeamea.ro\\\/albaiulia\\\/apa-ctta-va-avea-un-nou-director-general-patru-candidati-se-lupta-pentru-aceasta-functie\\\/#primaryimage\"},\"thumbnailUrl\":\"https:\\\/\\\/urbeamea.ro\\\/albaiulia\\\/wp-content\\\/uploads\\\/2016\\\/04\\\/apa-nepotabila-izvoarele.jpg\",\"datePublished\":\"2016-12-27T09:48:26+00:00\",\"author\":{\"@id\":\"https:\\\/\\\/urbeamea.ro\\\/albaiulia\\\/#\\\/schema\\\/person\\\/9700d21fae21c4f038b0b56f4506264a\"},\"description\":\"\u00cencep\u00e2nd cu anul viitor, Apa CTTA va avea o nou\u0103 conducere, asta pentru c\u0103 directorul general, Viorel Laz\u0103r va ie\u015fi. Pentru aceast\u0103 func\u0163ie, patru\",\"breadcrumb\":{\"@id\":\"https:\\\/\\\/urbeamea.ro\\\/albaiulia\\\/apa-ctta-va-avea-un-nou-director-general-patru-candidati-se-lupta-pentru-aceasta-functie\\\/#breadcrumb\"},\"inLanguage\":\"ro-RO\",\"potentialAction\":[{\"@type\":\"ReadAction\",\"target\":[\"https:\\\/\\\/urbeamea.ro\\\/albaiulia\\\/apa-ctta-va-avea-un-nou-director-general-patru-candidati-se-lupta-pentru-aceasta-functie\\\/\"]}]},{\"@type\":\"ImageObject\",\"inLanguage\":\"ro-RO\",\"@id\":\"https:\\\/\\\/urbeamea.ro\\\/albaiulia\\\/apa-ctta-va-avea-un-nou-director-general-patru-candidati-se-lupta-pentru-aceasta-functie\\\/#primaryimage\",\"url\":\"https:\\\/\\\/urbeamea.ro\\\/albaiulia\\\/wp-content\\\/uploads\\\/2016\\\/04\\\/apa-nepotabila-izvoarele.jpg\",\"contentUrl\":\"https:\\\/\\\/urbeamea.ro\\\/albaiulia\\\/wp-content\\\/uploads\\\/2016\\\/04\\\/apa-nepotabila-izvoarele.jpg\",\"width\":600,\"height\":450},{\"@type\":\"BreadcrumbList\",\"@id\":\"https:\\\/\\\/urbeamea.ro\\\/albaiulia\\\/apa-ctta-va-avea-un-nou-director-general-patru-candidati-se-lupta-pentru-aceasta-functie\\\/#breadcrumb\",\"itemListElement\":[{\"@type\":\"ListItem\",\"position\":1,\"name\":\"Prima pagin\u0103\",\"item\":\"https:\\\/\\\/urbeamea.ro\\\/albaiulia\\\/\"},{\"@type\":\"ListItem\",\"position\":2,\"name\":\"Apa CTTA va avea un nou director general: Patru candida\u0163i &#8222;se lupt\u0103&#8221; pentru aceast\u0103 func\u0163ie\"}]},{\"@type\":\"WebSite\",\"@id\":\"https:\\\/\\\/urbeamea.ro\\\/albaiulia\\\/#website\",\"url\":\"https:\\\/\\\/urbeamea.ro\\\/albaiulia\\\/\",\"name\":\"Revista Urbea Mea, Stiri urbane\",\"description\":\"Evenimente \u0219i \u0219tiri din Alba Iulia, Sebe\u0219, Aiud, Blaj\",\"potentialAction\":[{\"@type\":\"SearchAction\",\"target\":{\"@type\":\"EntryPoint\",\"urlTemplate\":\"https:\\\/\\\/urbeamea.ro\\\/albaiulia\\\/?s={search_term_string}\"},\"query-input\":{\"@type\":\"PropertyValueSpecification\",\"valueRequired\":true,\"valueName\":\"search_term_string\"}}],\"inLanguage\":\"ro-RO\"},{\"@type\":\"Person\",\"@id\":\"https:\\\/\\\/urbeamea.ro\\\/albaiulia\\\/#\\\/schema\\\/person\\\/9700d21fae21c4f038b0b56f4506264a\",\"name\":\"Cristina Ganga\",\"image\":{\"@type\":\"ImageObject\",\"inLanguage\":\"ro-RO\",\"@id\":\"https:\\\/\\\/secure.gravatar.com\\\/avatar\\\/5a67661041f057b4a8ccaf26f5a8e86e2689372006d01faf3dd9eeb10b654bb4?s=96&d=mm&r=g\",\"url\":\"https:\\\/\\\/secure.gravatar.com\\\/avatar\\\/5a67661041f057b4a8ccaf26f5a8e86e2689372006d01faf3dd9eeb10b654bb4?s=96&d=mm&r=g\",\"contentUrl\":\"https:\\\/\\\/secure.gravatar.com\\\/avatar\\\/5a67661041f057b4a8ccaf26f5a8e86e2689372006d01faf3dd9eeb10b654bb4?s=96&d=mm&r=g\",\"caption\":\"Cristina Ganga\"},\"description\":\"Jurnalist\",\"sameAs\":[\"https:\\\/\\\/www.facebook.com\\\/cristina.nicola.587\"],\"url\":\"https:\\\/\\\/urbeamea.ro\\\/albaiulia\\\/author\\\/cristina-nicola\\\/\"}]}<\/script>\n<!-- \/ Yoast SEO plugin. -->","yoast_head_json":{"title":"Apa CTTA va avea un nou director general: Patru candida\u0163i \"se lupt\u0103\" pentru aceast\u0103 func\u0163ie - Revista Urbea Mea - Revista de Alba","description":"\u00cencep\u00e2nd cu anul viitor, Apa CTTA va avea o nou\u0103 conducere, asta pentru c\u0103 directorul general, Viorel Laz\u0103r va ie\u015fi. Pentru aceast\u0103 func\u0163ie, patru","robots":{"index":"index","follow":"follow","max-snippet":"max-snippet:-1","max-image-preview":"max-image-preview:large","max-video-preview":"max-video-preview:-1"},"canonical":"https:\/\/urbeamea.ro\/albaiulia\/apa-ctta-va-avea-un-nou-director-general-patru-candidati-se-lupta-pentru-aceasta-functie\/","twitter_card":"summary_large_image","twitter_title":"Apa CTTA va avea un nou director general: Patru candida\u0163i \"se lupt\u0103\" pentru aceast\u0103 func\u0163ie - Revista Urbea Mea - Revista de Alba","twitter_description":"\u00cencep\u00e2nd cu anul viitor, Apa CTTA va avea o nou\u0103 conducere, asta pentru c\u0103 directorul general, Viorel Laz\u0103r va ie\u015fi. Pentru aceast\u0103 func\u0163ie, patru","twitter_image":"https:\/\/urbeamea.ro\/albaiulia\/wp-content\/uploads\/2016\/04\/apa-nepotabila-izvoarele.jpg","twitter_creator":"@urbeameaweb","twitter_site":"@urbeameaweb","schema":{"@context":"https:\/\/schema.org","@graph":[{"@type":"Article","@id":"https:\/\/urbeamea.ro\/albaiulia\/apa-ctta-va-avea-un-nou-director-general-patru-candidati-se-lupta-pentru-aceasta-functie\/#article","isPartOf":{"@id":"https:\/\/urbeamea.ro\/albaiulia\/apa-ctta-va-avea-un-nou-director-general-patru-candidati-se-lupta-pentru-aceasta-functie\/"},"author":{"name":"Cristina Ganga","@id":"https:\/\/urbeamea.ro\/albaiulia\/#\/schema\/person\/9700d21fae21c4f038b0b56f4506264a"},"headline":"Apa CTTA va avea un nou director general: Patru candida\u0163i &#8222;se lupt\u0103&#8221; pentru aceast\u0103 func\u0163ie","datePublished":"2016-12-27T09:48:26+00:00","mainEntityOfPage":{"@id":"https:\/\/urbeamea.ro\/albaiulia\/apa-ctta-va-avea-un-nou-director-general-patru-candidati-se-lupta-pentru-aceasta-functie\/"},"wordCount":257,"commentCount":0,"image":{"@id":"https:\/\/urbeamea.ro\/albaiulia\/apa-ctta-va-avea-un-nou-director-general-patru-candidati-se-lupta-pentru-aceasta-functie\/#primaryimage"},"thumbnailUrl":"https:\/\/urbeamea.ro\/albaiulia\/wp-content\/uploads\/2016\/04\/apa-nepotabila-izvoarele.jpg","keywords":["alba","apa CTTA","candidati","concurs","conducere","cornel stefan bardan","gheorghe hategan","ioan draghiciu","pensie","radu calin rosian","stiri","Urbea Mea","viorel lazar"],"articleSection":["Social"],"inLanguage":"ro-RO","potentialAction":[{"@type":"CommentAction","name":"Comment","target":["https:\/\/urbeamea.ro\/albaiulia\/apa-ctta-va-avea-un-nou-director-general-patru-candidati-se-lupta-pentru-aceasta-functie\/#respond"]}]},{"@type":"WebPage","@id":"https:\/\/urbeamea.ro\/albaiulia\/apa-ctta-va-avea-un-nou-director-general-patru-candidati-se-lupta-pentru-aceasta-functie\/","url":"https:\/\/urbeamea.ro\/albaiulia\/apa-ctta-va-avea-un-nou-director-general-patru-candidati-se-lupta-pentru-aceasta-functie\/","name":"Apa CTTA va avea un nou director general: Patru candida\u0163i \"se lupt\u0103\" pentru aceast\u0103 func\u0163ie - Revista Urbea Mea - Revista de Alba","isPartOf":{"@id":"https:\/\/urbeamea.ro\/albaiulia\/#website"},"primaryImageOfPage":{"@id":"https:\/\/urbeamea.ro\/albaiulia\/apa-ctta-va-avea-un-nou-director-general-patru-candidati-se-lupta-pentru-aceasta-functie\/#primaryimage"},"image":{"@id":"https:\/\/urbeamea.ro\/albaiulia\/apa-ctta-va-avea-un-nou-director-general-patru-candidati-se-lupta-pentru-aceasta-functie\/#primaryimage"},"thumbnailUrl":"https:\/\/urbeamea.ro\/albaiulia\/wp-content\/uploads\/2016\/04\/apa-nepotabila-izvoarele.jpg","datePublished":"2016-12-27T09:48:26+00:00","author":{"@id":"https:\/\/urbeamea.ro\/albaiulia\/#\/schema\/person\/9700d21fae21c4f038b0b56f4506264a"},"description":"\u00cencep\u00e2nd cu anul viitor, Apa CTTA va avea o nou\u0103 conducere, asta pentru c\u0103 directorul general, Viorel Laz\u0103r va ie\u015fi. Pentru aceast\u0103 func\u0163ie, patru","breadcrumb":{"@id":"https:\/\/urbeamea.ro\/albaiulia\/apa-ctta-va-avea-un-nou-director-general-patru-candidati-se-lupta-pentru-aceasta-functie\/#breadcrumb"},"inLanguage":"ro-RO","potentialAction":[{"@type":"ReadAction","target":["https:\/\/urbeamea.ro\/albaiulia\/apa-ctta-va-avea-un-nou-director-general-patru-candidati-se-lupta-pentru-aceasta-functie\/"]}]},{"@type":"ImageObject","inLanguage":"ro-RO","@id":"https:\/\/urbeamea.ro\/albaiulia\/apa-ctta-va-avea-un-nou-director-general-patru-candidati-se-lupta-pentru-aceasta-functie\/#primaryimage","url":"https:\/\/urbeamea.ro\/albaiulia\/wp-content\/uploads\/2016\/04\/apa-nepotabila-izvoarele.jpg","contentUrl":"https:\/\/urbeamea.ro\/albaiulia\/wp-content\/uploads\/2016\/04\/apa-nepotabila-izvoarele.jpg","width":600,"height":450},{"@type":"BreadcrumbList","@id":"https:\/\/urbeamea.ro\/albaiulia\/apa-ctta-va-avea-un-nou-director-general-patru-candidati-se-lupta-pentru-aceasta-functie\/#breadcrumb","itemListElement":[{"@type":"ListItem","position":1,"name":"Prima pagin\u0103","item":"https:\/\/urbeamea.ro\/albaiulia\/"},{"@type":"ListItem","position":2,"name":"Apa CTTA va avea un nou director general: Patru candida\u0163i &#8222;se lupt\u0103&#8221; pentru aceast\u0103 func\u0163ie"}]},{"@type":"WebSite","@id":"https:\/\/urbeamea.ro\/albaiulia\/#website","url":"https:\/\/urbeamea.ro\/albaiulia\/","name":"Revista Urbea Mea, Stiri urbane","description":"Evenimente \u0219i \u0219tiri din Alba Iulia, Sebe\u0219, Aiud, Blaj","potentialAction":[{"@type":"SearchAction","target":{"@type":"EntryPoint","urlTemplate":"https:\/\/urbeamea.ro\/albaiulia\/?s={search_term_string}"},"query-input":{"@type":"PropertyValueSpecification","valueRequired":true,"valueName":"search_term_string"}}],"inLanguage":"ro-RO"},{"@type":"Person","@id":"https:\/\/urbeamea.ro\/albaiulia\/#\/schema\/person\/9700d21fae21c4f038b0b56f4506264a","name":"Cristina Ganga","image":{"@type":"ImageObject","inLanguage":"ro-RO","@id":"https:\/\/secure.gravatar.com\/avatar\/5a67661041f057b4a8ccaf26f5a8e86e2689372006d01faf3dd9eeb10b654bb4?s=96&d=mm&r=g","url":"https:\/\/secure.gravatar.com\/avatar\/5a67661041f057b4a8ccaf26f5a8e86e2689372006d01faf3dd9eeb10b654bb4?s=96&d=mm&r=g","contentUrl":"https:\/\/secure.gravatar.com\/avatar\/5a67661041f057b4a8ccaf26f5a8e86e2689372006d01faf3dd9eeb10b654bb4?s=96&d=mm&r=g","caption":"Cristina Ganga"},"description":"Jurnalist","sameAs":["https:\/\/www.facebook.com\/cristina.nicola.587"],"url":"https:\/\/urbeamea.ro\/albaiulia\/author\/cristina-nicola\/"}]}},"_links":{"self":[{"href":"https:\/\/urbeamea.ro\/albaiulia\/wp-json\/wp\/v2\/posts\/38046","targetHints":{"allow":["GET"]}}],"collection":[{"href":"https:\/\/urbeamea.ro\/albaiulia\/wp-json\/wp\/v2\/posts"}],"about":[{"href":"https:\/\/urbeamea.ro\/albaiulia\/wp-json\/wp\/v2\/types\/post"}],"author":[{"embeddable":true,"href":"https:\/\/urbeamea.ro\/albaiulia\/wp-json\/wp\/v2\/users\/17"}],"replies":[{"embeddable":true,"href":"https:\/\/urbeamea.ro\/albaiulia\/wp-json\/wp\/v2\/comments?post=38046"}],"version-history":[{"count":0,"href":"https:\/\/urbeamea.ro\/albaiulia\/wp-json\/wp\/v2\/posts\/38046\/revisions"}],"wp:featuredmedia":[{"embeddable":true,"href":"https:\/\/urbeamea.ro\/albaiulia\/wp-json\/wp\/v2\/media\/22344"}],"wp:attachment":[{"href":"https:\/\/urbeamea.ro\/albaiulia\/wp-json\/wp\/v2\/media?parent=38046"}],"wp:term":[{"taxonomy":"category","embeddable":true,"href":"https:\/\/urbeamea.ro\/albaiulia\/wp-json\/wp\/v2\/categories?post=38046"},{"taxonomy":"post_tag","embeddable":true,"href":"https:\/\/urbeamea.ro\/albaiulia\/wp-json\/wp\/v2\/tags?post=38046"}],"curies":[{"name":"wp","href":"https:\/\/api.w.org\/{rel}","templated":true}]}}